{"id":54208,"date":"2026-08-30T16:28:31","date_gmt":"2026-08-30T13:28:31","guid":{"rendered":"https:\/\/www.tuky.fi\/etusivu\/?p=54208"},"modified":"2026-08-30T16:28:32","modified_gmt":"2026-08-30T13:28:32","slug":"mita-jos-2","status":"publish","type":"post","link":"https:\/\/www.tuky.fi\/etusivu\/tukyblogi\/mita-jos-2\/","title":{"rendered":"Mit\u00e4 jos"},"content":{"rendered":"\n<p>J\u00e4lleen on tullut aika aloittaa uusi lukukausi ja joillakin jopa t\u00e4ysin uusi el\u00e4m\u00e4nvaihe. Syksy tuntuu j\u00e4lleen ihanan j\u00e4nnitt\u00e4v\u00e4lle ja erilaiset kouluun liittyv\u00e4t kysymykset vaivaavat taas mielt\u00e4. Mit\u00e4 jos en saakaan kavereita, mit\u00e4 jos eksyn, ent\u00e4 jos en osaakaan tkmy1-kurssin teht\u00e4vi\u00e4, pidet\u00e4\u00e4nk\u00f6 minua silloin tyhm\u00e4n\u00e4? Mielt\u00e4 saattaa vaivata jos jonkinlaiset kysymykset, ja se saattaa tuntua erityisen kuormittavalle ja jopa uuvuttavalle.<\/p>\n\n\n\n<p>Negatiivisiin asioihin keskittyminen vie kuitenkin my\u00f6s energiaa ja tilaa niilt\u00e4 positiivisilta ajatuksilta, joihin kannattaisi ehk\u00e4 kuitenkin k\u00e4ytt\u00e4\u00e4 enemm\u00e4n ajatuskapasiteettia. Olet saattanutkin kuulla tai jopa omakohtaisesti huomata, ett\u00e4 kun el\u00e4m\u00e4ss\u00e4 keskittyy negatiivisiin asioihin, tuntuu niit\u00e4 l\u00f6ytyv\u00e4n joka puolelta. Kasvoista l\u00f6ytyy yhden finnin puristamisen j\u00e4lkeen ainakin kolme muutakin n\u00e4ppyl\u00e4\u00e4 tai&nbsp;yhden palauttamattoman teht\u00e4v\u00e4n muistaessa mieleen ilmestyv\u00e4t samalla kaikki muutkin asiat, jotka olisi pit\u00e4nyt hoitaa jo viime viikolla.<\/p>\n\n\n\n<p>Sama toimii kuitenkin my\u00f6s toisin p\u00e4in. Kaverin kehuessasi paitaasi, huomaat muidenkin vaatteiden olevan oikeastaan aika hienoja ja hyv\u00e4n lenkin j\u00e4lkeen koet pystyv\u00e4si oikeastaan mihin vain. Eik\u00f6 meid\u00e4n olisi siis syyt\u00e4 pyrki\u00e4 suuntaamaan keskittymist\u00e4mme juuri n\u00e4ihin positiivisiin asioihin?&nbsp;&nbsp;Ei siksi, etteik\u00f6 el\u00e4m\u00e4ss\u00e4 saisi olla huolia, ep\u00e4varmuuksia tai huonoja p\u00e4ivi\u00e4, vaan siksi, etteiv\u00e4t ne veisi vahingossa kaikkea huomiota siit\u00e4, mik\u00e4 on jo hyvin. Monet hyvin olevat asiat kuitenkin tuntuu muistavan vasta sitten, kun niit\u00e4 ei en\u00e4\u00e4 syyst\u00e4 tai toisesta olekaan. Ehk\u00e4 uuden lukukauden alkaessa voisikin kysy\u00e4 itselt\u00e4 ja kavereilta mit\u00e4 jos kaikki menee hyvin, mit\u00e4 jos l\u00f6yd\u00e4nkin ihanan kaveriporukan tai mit\u00e4 jos opinkin t\u00e4n\u00e4 syksyn\u00e4 jotakin mit\u00e4 en ennen tiennyt.&nbsp;<\/p>\n\n\n\n<p>Kannustavin terveisin,<\/p>\n\n\n\n<p>Maria Kekkonen, sosiaalipoliittinen vastaava<\/p>\n\n\n\n<figure class=\"wp-block-image is-resized\"><img loading=\"lazy\" decoding=\"async\" width=\"2350\" height=\"2350\" src=\"https:\/\/www.tuky.fi\/wp-content\/uploads\/2026\/05\/Maria-Kekkonen-1.jpg\" alt=\"\" class=\"wp-image-54000\" style=\"width:158px;height:auto\" srcset=\"https:\/\/www.tuky.fi\/wp-content\/uploads\/2026\/05\/Maria-Kekkonen-1.jpg 2350w, https:\/\/www.tuky.fi\/wp-content\/uploads\/2026\/05\/Maria-Kekkonen-1-1280x1280.jpg 1280w, https:\/\/www.tuky.fi\/wp-content\/uploads\/2026\/05\/Maria-Kekkonen-1-980x980.jpg 980w, https:\/\/www.tuky.fi\/wp-content\/uploads\/2026\/05\/Maria-Kekkonen-1-480x480.jpg 480w\" sizes=\"(min-width: 0px) and (max-width: 480px) 480px, (min-width: 481px) and (max-width: 980px) 980px, (min-width: 981px) and (max-width: 1280px) 1280px, (min-width: 1281px) 2350px, 100vw\" \/><\/figure>\n","protected":false},"excerpt":{"rendered":"<p>J\u00e4lleen on tullut aika aloittaa uusi lukukausi ja joillakin jopa t\u00e4ysin uusi el\u00e4m\u00e4nvaihe. Syksy tuntuu j\u00e4lleen ihanan j\u00e4nnitt\u00e4v\u00e4lle ja erilaiset kouluun liittyv\u00e4t kysymykset vaivaavat taas mielt\u00e4. Mit\u00e4 jos en saakaan [&hellip;]<\/p>\n","protected":false},"author":7,"featured_media":0,"comment_status":"closed","ping_status":"closed","sticky":false,"template":"","format":"standard","meta":{"_et_pb_use_builder":"off","_et_pb_old_content":"","_et_gb_content_width":"","footnotes":""},"categories":[6],"tags":[],"class_list":["post-54208","post","type-post","status-publish","format-standard","hentry","category-tukyblogi"],"yoast_head":"<!-- This site is optimized with the Yoast SEO plugin v27.2 - https:\/\/yoast.com\/product\/yoast-seo-wordpress\/ -->\n<title>Mit\u00e4 jos - Turun KY<\/title>\n<meta name=\"robots\" content=\"index, follow, max-snippet:-1, max-image-preview:large, max-video-preview:-1\" \/>\n<link rel=\"canonical\" href=\"https:\/\/www.tuky.fi\/etusivu\/tukyblogi\/mita-jos-2\/\" \/>\n<meta property=\"og:locale\" content=\"fi_FI\" \/>\n<meta property=\"og:type\" content=\"article\" \/>\n<meta property=\"og:title\" content=\"Mit\u00e4 jos - Turun KY\" \/>\n<meta property=\"og:description\" content=\"J\u00e4lleen on tullut aika aloittaa uusi lukukausi ja joillakin jopa t\u00e4ysin uusi el\u00e4m\u00e4nvaihe. Syksy tuntuu j\u00e4lleen ihanan j\u00e4nnitt\u00e4v\u00e4lle ja erilaiset kouluun liittyv\u00e4t kysymykset vaivaavat taas mielt\u00e4. Mit\u00e4 jos en saakaan [&hellip;]\" \/>\n<meta property=\"og:url\" content=\"https:\/\/www.tuky.fi\/etusivu\/tukyblogi\/mita-jos-2\/\" \/>\n<meta property=\"og:site_name\" content=\"Turun KY\" \/>\n<meta property=\"article:published_time\" content=\"2026-08-30T13:28:31+00:00\" \/>\n<meta property=\"article:modified_time\" content=\"2026-08-30T13:28:32+00:00\" \/>\n<meta property=\"og:image\" content=\"https:\/\/www.tuky.fi\/wp-content\/uploads\/2026\/05\/Maria-Kekkonen-1.jpg\" \/>\n\t<meta property=\"og:image:width\" content=\"2350\" \/>\n\t<meta property=\"og:image:height\" content=\"2350\" \/>\n\t<meta property=\"og:image:type\" content=\"image\/jpeg\" \/>\n<meta name=\"author\" content=\"Sosiaalipoliittinen vastaava\" \/>\n<meta name=\"twitter:card\" content=\"summary_large_image\" \/>\n<meta name=\"twitter:label1\" content=\"Kirjoittanut\" \/>\n\t<meta name=\"twitter:data1\" content=\"Sosiaalipoliittinen vastaava\" \/>\n\t<meta name=\"twitter:label2\" content=\"Arvioitu lukuaika\" \/>\n\t<meta name=\"twitter:data2\" content=\"2 minuuttia\" \/>\n<script type=\"application\/ld+json\" class=\"yoast-schema-graph\">{\"@context\":\"https:\/\/schema.org\",\"@graph\":[{\"@type\":\"Article\",\"@id\":\"https:\/\/www.tuky.fi\/etusivu\/tukyblogi\/mita-jos-2\/#article\",\"isPartOf\":{\"@id\":\"https:\/\/www.tuky.fi\/etusivu\/tukyblogi\/mita-jos-2\/\"},\"author\":{\"name\":\"Sosiaalipoliittinen vastaava\",\"@id\":\"https:\/\/www.tuky.fi\/etusivu\/#\/schema\/person\/6bafe1ca915065fb67bf89adbcce9f6e\"},\"headline\":\"Mit\u00e4 jos\",\"datePublished\":\"2026-08-30T13:28:31+00:00\",\"dateModified\":\"2026-08-30T13:28:32+00:00\",\"mainEntityOfPage\":{\"@id\":\"https:\/\/www.tuky.fi\/etusivu\/tukyblogi\/mita-jos-2\/\"},\"wordCount\":287,\"publisher\":{\"@id\":\"https:\/\/www.tuky.fi\/etusivu\/#organization\"},\"image\":{\"@id\":\"https:\/\/www.tuky.fi\/etusivu\/tukyblogi\/mita-jos-2\/#primaryimage\"},\"thumbnailUrl\":\"https:\/\/www.tuky.fi\/wp-content\/uploads\/2026\/05\/Maria-Kekkonen-1.jpg\",\"articleSection\":[\"TuKY-blogi\"],\"inLanguage\":\"fi\"},{\"@type\":\"WebPage\",\"@id\":\"https:\/\/www.tuky.fi\/etusivu\/tukyblogi\/mita-jos-2\/\",\"url\":\"https:\/\/www.tuky.fi\/etusivu\/tukyblogi\/mita-jos-2\/\",\"name\":\"Mit\u00e4 jos - Turun KY\",\"isPartOf\":{\"@id\":\"https:\/\/www.tuky.fi\/etusivu\/#website\"},\"primaryImageOfPage\":{\"@id\":\"https:\/\/www.tuky.fi\/etusivu\/tukyblogi\/mita-jos-2\/#primaryimage\"},\"image\":{\"@id\":\"https:\/\/www.tuky.fi\/etusivu\/tukyblogi\/mita-jos-2\/#primaryimage\"},\"thumbnailUrl\":\"https:\/\/www.tuky.fi\/wp-content\/uploads\/2026\/05\/Maria-Kekkonen-1.jpg\",\"datePublished\":\"2026-08-30T13:28:31+00:00\",\"dateModified\":\"2026-08-30T13:28:32+00:00\",\"breadcrumb\":{\"@id\":\"https:\/\/www.tuky.fi\/etusivu\/tukyblogi\/mita-jos-2\/#breadcrumb\"},\"inLanguage\":\"fi\",\"potentialAction\":[{\"@type\":\"ReadAction\",\"target\":[\"https:\/\/www.tuky.fi\/etusivu\/tukyblogi\/mita-jos-2\/\"]}]},{\"@type\":\"ImageObject\",\"inLanguage\":\"fi\",\"@id\":\"https:\/\/www.tuky.fi\/etusivu\/tukyblogi\/mita-jos-2\/#primaryimage\",\"url\":\"https:\/\/www.tuky.fi\/wp-content\/uploads\/2026\/05\/Maria-Kekkonen-1.jpg\",\"contentUrl\":\"https:\/\/www.tuky.fi\/wp-content\/uploads\/2026\/05\/Maria-Kekkonen-1.jpg\"},{\"@type\":\"BreadcrumbList\",\"@id\":\"https:\/\/www.tuky.fi\/etusivu\/tukyblogi\/mita-jos-2\/#breadcrumb\",\"itemListElement\":[{\"@type\":\"ListItem\",\"position\":1,\"name\":\"Etusivu\",\"item\":\"https:\/\/www.tuky.fi\/etusivu\/\"},{\"@type\":\"ListItem\",\"position\":2,\"name\":\"Mit\u00e4 jos\"}]},{\"@type\":\"WebSite\",\"@id\":\"https:\/\/www.tuky.fi\/etusivu\/#website\",\"url\":\"https:\/\/www.tuky.fi\/etusivu\/\",\"name\":\"Turun KY\",\"description\":\"TuKY\",\"publisher\":{\"@id\":\"https:\/\/www.tuky.fi\/etusivu\/#organization\"},\"alternateName\":\"TuKY\",\"potentialAction\":[{\"@type\":\"SearchAction\",\"target\":{\"@type\":\"EntryPoint\",\"urlTemplate\":\"https:\/\/www.tuky.fi\/etusivu\/?s={search_term_string}\"},\"query-input\":{\"@type\":\"PropertyValueSpecification\",\"valueRequired\":true,\"valueName\":\"search_term_string\"}}],\"inLanguage\":\"fi\"},{\"@type\":\"Organization\",\"@id\":\"https:\/\/www.tuky.fi\/etusivu\/#organization\",\"name\":\"Turun KY\",\"alternateName\":\"TuKY\",\"url\":\"https:\/\/www.tuky.fi\/etusivu\/\",\"logo\":{\"@type\":\"ImageObject\",\"inLanguage\":\"fi\",\"@id\":\"https:\/\/www.tuky.fi\/etusivu\/#\/schema\/logo\/image\/\",\"url\":\"https:\/\/www.tuky.fi\/wp-content\/uploads\/2024\/09\/TuKY-logo-kulta-1.png\",\"contentUrl\":\"https:\/\/www.tuky.fi\/wp-content\/uploads\/2024\/09\/TuKY-logo-kulta-1.png\",\"width\":1080,\"height\":1080,\"caption\":\"Turun KY\"},\"image\":{\"@id\":\"https:\/\/www.tuky.fi\/etusivu\/#\/schema\/logo\/image\/\"},\"sameAs\":[\"https:\/\/instagram.com\/turunky\",\"https:\/\/linkedin.com\/turunky\"]},{\"@type\":\"Person\",\"@id\":\"https:\/\/www.tuky.fi\/etusivu\/#\/schema\/person\/6bafe1ca915065fb67bf89adbcce9f6e\",\"name\":\"Sosiaalipoliittinen vastaava\",\"image\":{\"@type\":\"ImageObject\",\"inLanguage\":\"fi\",\"@id\":\"https:\/\/secure.gravatar.com\/avatar\/76e8a0f31a466694f5211ef517ce8d1c12893f6c766c3cfc8d682e1e96077dd4?s=96&d=mm&r=g\",\"url\":\"https:\/\/secure.gravatar.com\/avatar\/76e8a0f31a466694f5211ef517ce8d1c12893f6c766c3cfc8d682e1e96077dd4?s=96&d=mm&r=g\",\"contentUrl\":\"https:\/\/secure.gravatar.com\/avatar\/76e8a0f31a466694f5211ef517ce8d1c12893f6c766c3cfc8d682e1e96077dd4?s=96&d=mm&r=g\",\"caption\":\"Sosiaalipoliittinen vastaava\"},\"url\":\"https:\/\/www.tuky.fi\/etusivu\/author\/ky-hyvinvointi\/\"}]}<\/script>\n<!-- \/ Yoast SEO plugin. -->","yoast_head_json":{"title":"Mit\u00e4 jos - Turun KY","robots":{"index":"index","follow":"follow","max-snippet":"max-snippet:-1","max-image-preview":"max-image-preview:large","max-video-preview":"max-video-preview:-1"},"canonical":"https:\/\/www.tuky.fi\/etusivu\/tukyblogi\/mita-jos-2\/","og_locale":"fi_FI","og_type":"article","og_title":"Mit\u00e4 jos - Turun KY","og_description":"J\u00e4lleen on tullut aika aloittaa uusi lukukausi ja joillakin jopa t\u00e4ysin uusi el\u00e4m\u00e4nvaihe. Syksy tuntuu j\u00e4lleen ihanan j\u00e4nnitt\u00e4v\u00e4lle ja erilaiset kouluun liittyv\u00e4t kysymykset vaivaavat taas mielt\u00e4. Mit\u00e4 jos en saakaan [&hellip;]","og_url":"https:\/\/www.tuky.fi\/etusivu\/tukyblogi\/mita-jos-2\/","og_site_name":"Turun KY","article_published_time":"2026-08-30T13:28:31+00:00","article_modified_time":"2026-08-30T13:28:32+00:00","og_image":[{"width":2350,"height":2350,"url":"https:\/\/www.tuky.fi\/wp-content\/uploads\/2026\/05\/Maria-Kekkonen-1.jpg","type":"image\/jpeg"}],"author":"Sosiaalipoliittinen vastaava","twitter_card":"summary_large_image","twitter_misc":{"Kirjoittanut":"Sosiaalipoliittinen vastaava","Arvioitu lukuaika":"2 minuuttia"},"schema":{"@context":"https:\/\/schema.org","@graph":[{"@type":"Article","@id":"https:\/\/www.tuky.fi\/etusivu\/tukyblogi\/mita-jos-2\/#article","isPartOf":{"@id":"https:\/\/www.tuky.fi\/etusivu\/tukyblogi\/mita-jos-2\/"},"author":{"name":"Sosiaalipoliittinen vastaava","@id":"https:\/\/www.tuky.fi\/etusivu\/#\/schema\/person\/6bafe1ca915065fb67bf89adbcce9f6e"},"headline":"Mit\u00e4 jos","datePublished":"2026-08-30T13:28:31+00:00","dateModified":"2026-08-30T13:28:32+00:00","mainEntityOfPage":{"@id":"https:\/\/www.tuky.fi\/etusivu\/tukyblogi\/mita-jos-2\/"},"wordCount":287,"publisher":{"@id":"https:\/\/www.tuky.fi\/etusivu\/#organization"},"image":{"@id":"https:\/\/www.tuky.fi\/etusivu\/tukyblogi\/mita-jos-2\/#primaryimage"},"thumbnailUrl":"https:\/\/www.tuky.fi\/wp-content\/uploads\/2026\/05\/Maria-Kekkonen-1.jpg","articleSection":["TuKY-blogi"],"inLanguage":"fi"},{"@type":"WebPage","@id":"https:\/\/www.tuky.fi\/etusivu\/tukyblogi\/mita-jos-2\/","url":"https:\/\/www.tuky.fi\/etusivu\/tukyblogi\/mita-jos-2\/","name":"Mit\u00e4 jos - Turun KY","isPartOf":{"@id":"https:\/\/www.tuky.fi\/etusivu\/#website"},"primaryImageOfPage":{"@id":"https:\/\/www.tuky.fi\/etusivu\/tukyblogi\/mita-jos-2\/#primaryimage"},"image":{"@id":"https:\/\/www.tuky.fi\/etusivu\/tukyblogi\/mita-jos-2\/#primaryimage"},"thumbnailUrl":"https:\/\/www.tuky.fi\/wp-content\/uploads\/2026\/05\/Maria-Kekkonen-1.jpg","datePublished":"2026-08-30T13:28:31+00:00","dateModified":"2026-08-30T13:28:32+00:00","breadcrumb":{"@id":"https:\/\/www.tuky.fi\/etusivu\/tukyblogi\/mita-jos-2\/#breadcrumb"},"inLanguage":"fi","potentialAction":[{"@type":"ReadAction","target":["https:\/\/www.tuky.fi\/etusivu\/tukyblogi\/mita-jos-2\/"]}]},{"@type":"ImageObject","inLanguage":"fi","@id":"https:\/\/www.tuky.fi\/etusivu\/tukyblogi\/mita-jos-2\/#primaryimage","url":"https:\/\/www.tuky.fi\/wp-content\/uploads\/2026\/05\/Maria-Kekkonen-1.jpg","contentUrl":"https:\/\/www.tuky.fi\/wp-content\/uploads\/2026\/05\/Maria-Kekkonen-1.jpg"},{"@type":"BreadcrumbList","@id":"https:\/\/www.tuky.fi\/etusivu\/tukyblogi\/mita-jos-2\/#breadcrumb","itemListElement":[{"@type":"ListItem","position":1,"name":"Etusivu","item":"https:\/\/www.tuky.fi\/etusivu\/"},{"@type":"ListItem","position":2,"name":"Mit\u00e4 jos"}]},{"@type":"WebSite","@id":"https:\/\/www.tuky.fi\/etusivu\/#website","url":"https:\/\/www.tuky.fi\/etusivu\/","name":"Turun KY","description":"TuKY","publisher":{"@id":"https:\/\/www.tuky.fi\/etusivu\/#organization"},"alternateName":"TuKY","potentialAction":[{"@type":"SearchAction","target":{"@type":"EntryPoint","urlTemplate":"https:\/\/www.tuky.fi\/etusivu\/?s={search_term_string}"},"query-input":{"@type":"PropertyValueSpecification","valueRequired":true,"valueName":"search_term_string"}}],"inLanguage":"fi"},{"@type":"Organization","@id":"https:\/\/www.tuky.fi\/etusivu\/#organization","name":"Turun KY","alternateName":"TuKY","url":"https:\/\/www.tuky.fi\/etusivu\/","logo":{"@type":"ImageObject","inLanguage":"fi","@id":"https:\/\/www.tuky.fi\/etusivu\/#\/schema\/logo\/image\/","url":"https:\/\/www.tuky.fi\/wp-content\/uploads\/2024\/09\/TuKY-logo-kulta-1.png","contentUrl":"https:\/\/www.tuky.fi\/wp-content\/uploads\/2024\/09\/TuKY-logo-kulta-1.png","width":1080,"height":1080,"caption":"Turun KY"},"image":{"@id":"https:\/\/www.tuky.fi\/etusivu\/#\/schema\/logo\/image\/"},"sameAs":["https:\/\/instagram.com\/turunky","https:\/\/linkedin.com\/turunky"]},{"@type":"Person","@id":"https:\/\/www.tuky.fi\/etusivu\/#\/schema\/person\/6bafe1ca915065fb67bf89adbcce9f6e","name":"Sosiaalipoliittinen vastaava","image":{"@type":"ImageObject","inLanguage":"fi","@id":"https:\/\/secure.gravatar.com\/avatar\/76e8a0f31a466694f5211ef517ce8d1c12893f6c766c3cfc8d682e1e96077dd4?s=96&d=mm&r=g","url":"https:\/\/secure.gravatar.com\/avatar\/76e8a0f31a466694f5211ef517ce8d1c12893f6c766c3cfc8d682e1e96077dd4?s=96&d=mm&r=g","contentUrl":"https:\/\/secure.gravatar.com\/avatar\/76e8a0f31a466694f5211ef517ce8d1c12893f6c766c3cfc8d682e1e96077dd4?s=96&d=mm&r=g","caption":"Sosiaalipoliittinen vastaava"},"url":"https:\/\/www.tuky.fi\/etusivu\/author\/ky-hyvinvointi\/"}]}},"lang":"fi","translations":{"fi":54208},"pll_sync_post":[],"_links":{"self":[{"href":"https:\/\/www.tuky.fi\/etusivu\/wp-json\/wp\/v2\/posts\/54208","targetHints":{"allow":["GET"]}}],"collection":[{"href":"https:\/\/www.tuky.fi\/etusivu\/wp-json\/wp\/v2\/posts"}],"about":[{"href":"https:\/\/www.tuky.fi\/etusivu\/wp-json\/wp\/v2\/types\/post"}],"author":[{"embeddable":true,"href":"https:\/\/www.tuky.fi\/etusivu\/wp-json\/wp\/v2\/users\/7"}],"replies":[{"embeddable":true,"href":"https:\/\/www.tuky.fi\/etusivu\/wp-json\/wp\/v2\/comments?post=54208"}],"version-history":[{"count":1,"href":"https:\/\/www.tuky.fi\/etusivu\/wp-json\/wp\/v2\/posts\/54208\/revisions"}],"predecessor-version":[{"id":54209,"href":"https:\/\/www.tuky.fi\/etusivu\/wp-json\/wp\/v2\/posts\/54208\/revisions\/54209"}],"wp:attachment":[{"href":"https:\/\/www.tuky.fi\/etusivu\/wp-json\/wp\/v2\/media?parent=54208"}],"wp:term":[{"taxonomy":"category","embeddable":true,"href":"https:\/\/www.tuky.fi\/etusivu\/wp-json\/wp\/v2\/categories?post=54208"},{"taxonomy":"post_tag","embeddable":true,"href":"https:\/\/www.tuky.fi\/etusivu\/wp-json\/wp\/v2\/tags?post=54208"}],"curies":[{"name":"wp","href":"https:\/\/api.w.org\/{rel}","templated":true}]}}