{"id":53934,"date":"2026-04-26T14:24:03","date_gmt":"2026-04-26T11:24:03","guid":{"rendered":"https:\/\/www.tuky.fi\/etusivu\/?p=53934"},"modified":"2026-04-26T14:24:05","modified_gmt":"2026-04-26T11:24:05","slug":"on-jalleen-vappu","status":"publish","type":"post","link":"https:\/\/www.tuky.fi\/etusivu\/tukyblogi\/on-jalleen-vappu\/","title":{"rendered":"On j\u00e4lleen Vappu!"},"content":{"rendered":"\n<p>Vappuviikko! Suuri viikko, ehk\u00e4 jopa yksi opiskeluvuoden odotetuimmista. Pian p\u00e4\u00e4semme ulkoiluttamaan valkolakkeja ja viel\u00e4 rakkaita sinisi\u00e4 haalareitamme. Vappu on ilon, opiskleijoiden ja ty\u00f6v\u00e4en juhla. Useimmille se merkkaa karnevaalijuhlaa kev\u00e4\u00e4n tulon kunniaksi. Opiskelijoille lukuvuoden p\u00e4\u00e4t\u00f6st\u00e4 ja hauskanpitoa. Munkkeja, tippaleip\u00e4\u00e4, simaa ja serpentiini\u00e4! Virallisimmillaan vappu on kuitenkin suomalaisen ty\u00f6n p\u00e4iv\u00e4. Johan t\u00e4ss\u00e4 on taas lukuvuosi t\u00f6it\u00e4 paiskittu, mutta miksi ihmeess\u00e4 me Vappua juhlimme\u2026?\u00a0<\/p>\n\n\n\n<p>Vappua on vietetty jo keskiajalla 700-luvulla Saksassa nunna Walborgin muistop\u00e4iv\u00f6n\u00e4. Suomessa vappu on kuulunut ennen kaikkea maatalouden vanhoihin merkkip\u00e4iviin. Karja laskettiin laitumille valpurina ja Pohjanmaalla lapset juoksivat pellolla lehm\u00e4nkellot kaulassa ja \u201dkellottivat\u201d, karjaonnen takaamiseksi. Rannikkoseuduilla sen sijaan poltettiin juhlatulia, pidettiin hauskaa, juotiin olutta tai simaa ja tanssittiin. Pahojen voimien pois ajamiseksi ja hyvien voimien kutsuksi soitettiin kelloja. Savu ja meteli tosin suojeli my\u00f6s karjaa petoel\u00e4imilt\u00e4.&nbsp;<\/p>\n\n\n\n<p>Keski-Euroopassa sen sijaan Vappy\u00f6n\u00e4 ajateltiin kev\u00e4\u00e4n voimien voittavan talven ja pimeyden voimat. Ty\u00f6v\u00e4enjuhla taas juontaa juurensa ty\u00f6sopimusten uusimisen ja ty\u00f6paikkojen vaihdon p\u00e4iv\u00e4\u00e4n. Samalla se vakiintui ty\u00f6v\u00e4en mielenosoitusp\u00e4iv\u00e4ksi. Opiskelijat sen sijaan ovat viett\u00e4neet jo 1800-luvulla kev\u00e4\u00e4n juhlaa, Flooran p\u00e4iv\u00e4\u00e4. V\u00e4hitellen kaikki n\u00e4m\u00e4 juhlat ovat yhdistyneet yhdeksi, nyky\u00e4\u00e4n Vappuna tunnetuksi juhlaksi!<\/p>\n\n\n\n<p>Helsingiss\u00e4 lakitetaan Manta, Lappeenrannassa Kurki-patsas, Tampereella teekkarit Tammerkoskessa. Meill\u00e4 puput lakitettiin jo syksyll\u00e4 vujukauden avajaisissa, mutta tunnusomaisella kokardillamme koristetun lakin voi j\u00e4lleen painaa p\u00e4\u00e4h\u00e4ns\u00e4 29.4. klo 18 taidemuseonm\u00e4ell\u00e4, TYYn kulkueen p\u00e4\u00e4tteeksi.\u00a0<\/p>\n\n\n\n<p>Vaikka tammikuussa tuntui, ett\u00e4 aika matelee etanan lailla, on kev\u00e4t vier\u00e4ht\u00e4nyt j\u00e4lleen hurjaa tahtia. On ilo p\u00e4\u00e4st\u00e4 viett\u00e4m\u00e4\u00e4n j\u00e4lleen Vappua Turussa, Vapun todellisessa kehdossa. Olihan Turku kuitenkin 1800-luvulla maamme ainoa yliopistokaupunki. Yksi varhaisimmista maininnoista vapusta l\u00f6ytyy vuodelta 1831 nimenoamaan \u00c5bo Underr\u00e4ttelserist\u00e4. Vietet\u00e4\u00e4n siis vappua ilolla, perinteit\u00e4 kunnioittaen ja ennen kaikkea hauskaa pit\u00e4en, niinkuin on selke\u00e4sti tehty my\u00f6s historiassamme!&nbsp;<\/p>\n\n\n\n<p><\/p>\n\n\n\n<p>Lysti\u00e4 vappua toivottaen,<\/p>\n\n\n\n<p>Turun KY:n p\u00f6yt\u00e4kunta ja Heidi Puro, viestint\u00e4vastaava<\/p>\n\n\n\n<figure class=\"wp-block-image size-large is-resized\"><img loading=\"lazy\" decoding=\"async\" width=\"1024\" height=\"1024\" src=\"https:\/\/www.tuky.fi\/wp-content\/uploads\/2026\/04\/Heidi-Puro-1024x1024.jpg\" alt=\"\" class=\"wp-image-53935\" style=\"width:202px;height:auto\" srcset=\"https:\/\/www.tuky.fi\/wp-content\/uploads\/2026\/04\/Heidi-Puro-980x980.jpg 980w, https:\/\/www.tuky.fi\/wp-content\/uploads\/2026\/04\/Heidi-Puro-480x480.jpg 480w\" sizes=\"(min-width: 0px) and (max-width: 480px) 480px, (min-width: 481px) and (max-width: 980px) 980px, (min-width: 981px) 1024px, 100vw\" \/><\/figure>\n","protected":false},"excerpt":{"rendered":"<p>Vappuviikko! Suuri viikko, ehk\u00e4 jopa yksi opiskeluvuoden odotetuimmista. Pian p\u00e4\u00e4semme ulkoiluttamaan valkolakkeja ja viel\u00e4 rakkaita sinisi\u00e4 haalareitamme. Vappu on ilon, opiskleijoiden ja ty\u00f6v\u00e4en juhla. Useimmille se merkkaa karnevaalijuhlaa kev\u00e4\u00e4n tulon [&hellip;]<\/p>\n","protected":false},"author":47,"featured_media":0,"comment_status":"closed","ping_status":"closed","sticky":false,"template":"","format":"standard","meta":{"_et_pb_use_builder":"off","_et_pb_old_content":"","_et_gb_content_width":"","footnotes":""},"categories":[6],"tags":[],"class_list":["post-53934","post","type-post","status-publish","format-standard","hentry","category-tukyblogi"],"yoast_head":"<!-- This site is optimized with the Yoast SEO plugin v27.2 - https:\/\/yoast.com\/product\/yoast-seo-wordpress\/ -->\n<title>On j\u00e4lleen Vappu! - Turun KY<\/title>\n<meta name=\"robots\" content=\"index, follow, max-snippet:-1, max-image-preview:large, max-video-preview:-1\" \/>\n<link rel=\"canonical\" href=\"https:\/\/www.tuky.fi\/etusivu\/tukyblogi\/on-jalleen-vappu\/\" \/>\n<meta property=\"og:locale\" content=\"fi_FI\" \/>\n<meta property=\"og:type\" content=\"article\" \/>\n<meta property=\"og:title\" content=\"On j\u00e4lleen Vappu! - Turun KY\" \/>\n<meta property=\"og:description\" content=\"Vappuviikko! Suuri viikko, ehk\u00e4 jopa yksi opiskeluvuoden odotetuimmista. Pian p\u00e4\u00e4semme ulkoiluttamaan valkolakkeja ja viel\u00e4 rakkaita sinisi\u00e4 haalareitamme. Vappu on ilon, opiskleijoiden ja ty\u00f6v\u00e4en juhla. Useimmille se merkkaa karnevaalijuhlaa kev\u00e4\u00e4n tulon [&hellip;]\" \/>\n<meta property=\"og:url\" content=\"https:\/\/www.tuky.fi\/etusivu\/tukyblogi\/on-jalleen-vappu\/\" \/>\n<meta property=\"og:site_name\" content=\"Turun KY\" \/>\n<meta property=\"article:published_time\" content=\"2026-04-26T11:24:03+00:00\" \/>\n<meta property=\"article:modified_time\" content=\"2026-04-26T11:24:05+00:00\" \/>\n<meta property=\"og:image\" content=\"https:\/\/www.tuky.fi\/wp-content\/uploads\/2026\/04\/Heidi-Puro-scaled.jpg\" \/>\n\t<meta property=\"og:image:width\" content=\"2560\" \/>\n\t<meta property=\"og:image:height\" content=\"2560\" \/>\n\t<meta property=\"og:image:type\" content=\"image\/jpeg\" \/>\n<meta name=\"author\" content=\"Viestint\u00e4vastaava\" \/>\n<meta name=\"twitter:card\" content=\"summary_large_image\" \/>\n<meta name=\"twitter:label1\" content=\"Kirjoittanut\" \/>\n\t<meta name=\"twitter:data1\" content=\"Viestint\u00e4vastaava\" \/>\n\t<meta name=\"twitter:label2\" content=\"Arvioitu lukuaika\" \/>\n\t<meta name=\"twitter:data2\" content=\"2 minuuttia\" \/>\n<script type=\"application\/ld+json\" class=\"yoast-schema-graph\">{\"@context\":\"https:\/\/schema.org\",\"@graph\":[{\"@type\":\"Article\",\"@id\":\"https:\/\/www.tuky.fi\/etusivu\/tukyblogi\/on-jalleen-vappu\/#article\",\"isPartOf\":{\"@id\":\"https:\/\/www.tuky.fi\/etusivu\/tukyblogi\/on-jalleen-vappu\/\"},\"author\":{\"name\":\"Viestint\u00e4vastaava\",\"@id\":\"https:\/\/www.tuky.fi\/etusivu\/#\/schema\/person\/0f6d6a7d45817e889fbc7308c813ff3b\"},\"headline\":\"On j\u00e4lleen Vappu!\",\"datePublished\":\"2026-04-26T11:24:03+00:00\",\"dateModified\":\"2026-04-26T11:24:05+00:00\",\"mainEntityOfPage\":{\"@id\":\"https:\/\/www.tuky.fi\/etusivu\/tukyblogi\/on-jalleen-vappu\/\"},\"wordCount\":334,\"publisher\":{\"@id\":\"https:\/\/www.tuky.fi\/etusivu\/#organization\"},\"image\":{\"@id\":\"https:\/\/www.tuky.fi\/etusivu\/tukyblogi\/on-jalleen-vappu\/#primaryimage\"},\"thumbnailUrl\":\"https:\/\/www.tuky.fi\/wp-content\/uploads\/2026\/04\/Heidi-Puro-1024x1024.jpg\",\"articleSection\":[\"TuKY-blogi\"],\"inLanguage\":\"fi\"},{\"@type\":\"WebPage\",\"@id\":\"https:\/\/www.tuky.fi\/etusivu\/tukyblogi\/on-jalleen-vappu\/\",\"url\":\"https:\/\/www.tuky.fi\/etusivu\/tukyblogi\/on-jalleen-vappu\/\",\"name\":\"On j\u00e4lleen Vappu! - Turun KY\",\"isPartOf\":{\"@id\":\"https:\/\/www.tuky.fi\/etusivu\/#website\"},\"primaryImageOfPage\":{\"@id\":\"https:\/\/www.tuky.fi\/etusivu\/tukyblogi\/on-jalleen-vappu\/#primaryimage\"},\"image\":{\"@id\":\"https:\/\/www.tuky.fi\/etusivu\/tukyblogi\/on-jalleen-vappu\/#primaryimage\"},\"thumbnailUrl\":\"https:\/\/www.tuky.fi\/wp-content\/uploads\/2026\/04\/Heidi-Puro-1024x1024.jpg\",\"datePublished\":\"2026-04-26T11:24:03+00:00\",\"dateModified\":\"2026-04-26T11:24:05+00:00\",\"breadcrumb\":{\"@id\":\"https:\/\/www.tuky.fi\/etusivu\/tukyblogi\/on-jalleen-vappu\/#breadcrumb\"},\"inLanguage\":\"fi\",\"potentialAction\":[{\"@type\":\"ReadAction\",\"target\":[\"https:\/\/www.tuky.fi\/etusivu\/tukyblogi\/on-jalleen-vappu\/\"]}]},{\"@type\":\"ImageObject\",\"inLanguage\":\"fi\",\"@id\":\"https:\/\/www.tuky.fi\/etusivu\/tukyblogi\/on-jalleen-vappu\/#primaryimage\",\"url\":\"https:\/\/www.tuky.fi\/wp-content\/uploads\/2026\/04\/Heidi-Puro-1024x1024.jpg\",\"contentUrl\":\"https:\/\/www.tuky.fi\/wp-content\/uploads\/2026\/04\/Heidi-Puro-1024x1024.jpg\"},{\"@type\":\"BreadcrumbList\",\"@id\":\"https:\/\/www.tuky.fi\/etusivu\/tukyblogi\/on-jalleen-vappu\/#breadcrumb\",\"itemListElement\":[{\"@type\":\"ListItem\",\"position\":1,\"name\":\"Etusivu\",\"item\":\"https:\/\/www.tuky.fi\/etusivu\/\"},{\"@type\":\"ListItem\",\"position\":2,\"name\":\"On j\u00e4lleen Vappu!\"}]},{\"@type\":\"WebSite\",\"@id\":\"https:\/\/www.tuky.fi\/etusivu\/#website\",\"url\":\"https:\/\/www.tuky.fi\/etusivu\/\",\"name\":\"Turun KY\",\"description\":\"TuKY\",\"publisher\":{\"@id\":\"https:\/\/www.tuky.fi\/etusivu\/#organization\"},\"alternateName\":\"TuKY\",\"potentialAction\":[{\"@type\":\"SearchAction\",\"target\":{\"@type\":\"EntryPoint\",\"urlTemplate\":\"https:\/\/www.tuky.fi\/etusivu\/?s={search_term_string}\"},\"query-input\":{\"@type\":\"PropertyValueSpecification\",\"valueRequired\":true,\"valueName\":\"search_term_string\"}}],\"inLanguage\":\"fi\"},{\"@type\":\"Organization\",\"@id\":\"https:\/\/www.tuky.fi\/etusivu\/#organization\",\"name\":\"Turun KY\",\"alternateName\":\"TuKY\",\"url\":\"https:\/\/www.tuky.fi\/etusivu\/\",\"logo\":{\"@type\":\"ImageObject\",\"inLanguage\":\"fi\",\"@id\":\"https:\/\/www.tuky.fi\/etusivu\/#\/schema\/logo\/image\/\",\"url\":\"https:\/\/www.tuky.fi\/wp-content\/uploads\/2024\/09\/TuKY-logo-kulta-1.png\",\"contentUrl\":\"https:\/\/www.tuky.fi\/wp-content\/uploads\/2024\/09\/TuKY-logo-kulta-1.png\",\"width\":1080,\"height\":1080,\"caption\":\"Turun KY\"},\"image\":{\"@id\":\"https:\/\/www.tuky.fi\/etusivu\/#\/schema\/logo\/image\/\"},\"sameAs\":[\"https:\/\/instagram.com\/turunky\",\"https:\/\/linkedin.com\/turunky\"]},{\"@type\":\"Person\",\"@id\":\"https:\/\/www.tuky.fi\/etusivu\/#\/schema\/person\/0f6d6a7d45817e889fbc7308c813ff3b\",\"name\":\"Viestint\u00e4vastaava\",\"image\":{\"@type\":\"ImageObject\",\"inLanguage\":\"fi\",\"@id\":\"https:\/\/secure.gravatar.com\/avatar\/05aced6bb855d1445ca41811f8a4dd1448d96f8e52807b605aa70d71ce23c744?s=96&d=mm&r=g\",\"url\":\"https:\/\/secure.gravatar.com\/avatar\/05aced6bb855d1445ca41811f8a4dd1448d96f8e52807b605aa70d71ce23c744?s=96&d=mm&r=g\",\"contentUrl\":\"https:\/\/secure.gravatar.com\/avatar\/05aced6bb855d1445ca41811f8a4dd1448d96f8e52807b605aa70d71ce23c744?s=96&d=mm&r=g\",\"caption\":\"Viestint\u00e4vastaava\"},\"url\":\"https:\/\/www.tuky.fi\/etusivu\/author\/viestintavastaava\/\"}]}<\/script>\n<!-- \/ Yoast SEO plugin. -->","yoast_head_json":{"title":"On j\u00e4lleen Vappu! - Turun KY","robots":{"index":"index","follow":"follow","max-snippet":"max-snippet:-1","max-image-preview":"max-image-preview:large","max-video-preview":"max-video-preview:-1"},"canonical":"https:\/\/www.tuky.fi\/etusivu\/tukyblogi\/on-jalleen-vappu\/","og_locale":"fi_FI","og_type":"article","og_title":"On j\u00e4lleen Vappu! - Turun KY","og_description":"Vappuviikko! Suuri viikko, ehk\u00e4 jopa yksi opiskeluvuoden odotetuimmista. Pian p\u00e4\u00e4semme ulkoiluttamaan valkolakkeja ja viel\u00e4 rakkaita sinisi\u00e4 haalareitamme. Vappu on ilon, opiskleijoiden ja ty\u00f6v\u00e4en juhla. Useimmille se merkkaa karnevaalijuhlaa kev\u00e4\u00e4n tulon [&hellip;]","og_url":"https:\/\/www.tuky.fi\/etusivu\/tukyblogi\/on-jalleen-vappu\/","og_site_name":"Turun KY","article_published_time":"2026-04-26T11:24:03+00:00","article_modified_time":"2026-04-26T11:24:05+00:00","og_image":[{"width":2560,"height":2560,"url":"https:\/\/www.tuky.fi\/wp-content\/uploads\/2026\/04\/Heidi-Puro-scaled.jpg","type":"image\/jpeg"}],"author":"Viestint\u00e4vastaava","twitter_card":"summary_large_image","twitter_misc":{"Kirjoittanut":"Viestint\u00e4vastaava","Arvioitu lukuaika":"2 minuuttia"},"schema":{"@context":"https:\/\/schema.org","@graph":[{"@type":"Article","@id":"https:\/\/www.tuky.fi\/etusivu\/tukyblogi\/on-jalleen-vappu\/#article","isPartOf":{"@id":"https:\/\/www.tuky.fi\/etusivu\/tukyblogi\/on-jalleen-vappu\/"},"author":{"name":"Viestint\u00e4vastaava","@id":"https:\/\/www.tuky.fi\/etusivu\/#\/schema\/person\/0f6d6a7d45817e889fbc7308c813ff3b"},"headline":"On j\u00e4lleen Vappu!","datePublished":"2026-04-26T11:24:03+00:00","dateModified":"2026-04-26T11:24:05+00:00","mainEntityOfPage":{"@id":"https:\/\/www.tuky.fi\/etusivu\/tukyblogi\/on-jalleen-vappu\/"},"wordCount":334,"publisher":{"@id":"https:\/\/www.tuky.fi\/etusivu\/#organization"},"image":{"@id":"https:\/\/www.tuky.fi\/etusivu\/tukyblogi\/on-jalleen-vappu\/#primaryimage"},"thumbnailUrl":"https:\/\/www.tuky.fi\/wp-content\/uploads\/2026\/04\/Heidi-Puro-1024x1024.jpg","articleSection":["TuKY-blogi"],"inLanguage":"fi"},{"@type":"WebPage","@id":"https:\/\/www.tuky.fi\/etusivu\/tukyblogi\/on-jalleen-vappu\/","url":"https:\/\/www.tuky.fi\/etusivu\/tukyblogi\/on-jalleen-vappu\/","name":"On j\u00e4lleen Vappu! - Turun KY","isPartOf":{"@id":"https:\/\/www.tuky.fi\/etusivu\/#website"},"primaryImageOfPage":{"@id":"https:\/\/www.tuky.fi\/etusivu\/tukyblogi\/on-jalleen-vappu\/#primaryimage"},"image":{"@id":"https:\/\/www.tuky.fi\/etusivu\/tukyblogi\/on-jalleen-vappu\/#primaryimage"},"thumbnailUrl":"https:\/\/www.tuky.fi\/wp-content\/uploads\/2026\/04\/Heidi-Puro-1024x1024.jpg","datePublished":"2026-04-26T11:24:03+00:00","dateModified":"2026-04-26T11:24:05+00:00","breadcrumb":{"@id":"https:\/\/www.tuky.fi\/etusivu\/tukyblogi\/on-jalleen-vappu\/#breadcrumb"},"inLanguage":"fi","potentialAction":[{"@type":"ReadAction","target":["https:\/\/www.tuky.fi\/etusivu\/tukyblogi\/on-jalleen-vappu\/"]}]},{"@type":"ImageObject","inLanguage":"fi","@id":"https:\/\/www.tuky.fi\/etusivu\/tukyblogi\/on-jalleen-vappu\/#primaryimage","url":"https:\/\/www.tuky.fi\/wp-content\/uploads\/2026\/04\/Heidi-Puro-1024x1024.jpg","contentUrl":"https:\/\/www.tuky.fi\/wp-content\/uploads\/2026\/04\/Heidi-Puro-1024x1024.jpg"},{"@type":"BreadcrumbList","@id":"https:\/\/www.tuky.fi\/etusivu\/tukyblogi\/on-jalleen-vappu\/#breadcrumb","itemListElement":[{"@type":"ListItem","position":1,"name":"Etusivu","item":"https:\/\/www.tuky.fi\/etusivu\/"},{"@type":"ListItem","position":2,"name":"On j\u00e4lleen Vappu!"}]},{"@type":"WebSite","@id":"https:\/\/www.tuky.fi\/etusivu\/#website","url":"https:\/\/www.tuky.fi\/etusivu\/","name":"Turun KY","description":"TuKY","publisher":{"@id":"https:\/\/www.tuky.fi\/etusivu\/#organization"},"alternateName":"TuKY","potentialAction":[{"@type":"SearchAction","target":{"@type":"EntryPoint","urlTemplate":"https:\/\/www.tuky.fi\/etusivu\/?s={search_term_string}"},"query-input":{"@type":"PropertyValueSpecification","valueRequired":true,"valueName":"search_term_string"}}],"inLanguage":"fi"},{"@type":"Organization","@id":"https:\/\/www.tuky.fi\/etusivu\/#organization","name":"Turun KY","alternateName":"TuKY","url":"https:\/\/www.tuky.fi\/etusivu\/","logo":{"@type":"ImageObject","inLanguage":"fi","@id":"https:\/\/www.tuky.fi\/etusivu\/#\/schema\/logo\/image\/","url":"https:\/\/www.tuky.fi\/wp-content\/uploads\/2024\/09\/TuKY-logo-kulta-1.png","contentUrl":"https:\/\/www.tuky.fi\/wp-content\/uploads\/2024\/09\/TuKY-logo-kulta-1.png","width":1080,"height":1080,"caption":"Turun KY"},"image":{"@id":"https:\/\/www.tuky.fi\/etusivu\/#\/schema\/logo\/image\/"},"sameAs":["https:\/\/instagram.com\/turunky","https:\/\/linkedin.com\/turunky"]},{"@type":"Person","@id":"https:\/\/www.tuky.fi\/etusivu\/#\/schema\/person\/0f6d6a7d45817e889fbc7308c813ff3b","name":"Viestint\u00e4vastaava","image":{"@type":"ImageObject","inLanguage":"fi","@id":"https:\/\/secure.gravatar.com\/avatar\/05aced6bb855d1445ca41811f8a4dd1448d96f8e52807b605aa70d71ce23c744?s=96&d=mm&r=g","url":"https:\/\/secure.gravatar.com\/avatar\/05aced6bb855d1445ca41811f8a4dd1448d96f8e52807b605aa70d71ce23c744?s=96&d=mm&r=g","contentUrl":"https:\/\/secure.gravatar.com\/avatar\/05aced6bb855d1445ca41811f8a4dd1448d96f8e52807b605aa70d71ce23c744?s=96&d=mm&r=g","caption":"Viestint\u00e4vastaava"},"url":"https:\/\/www.tuky.fi\/etusivu\/author\/viestintavastaava\/"}]}},"lang":"fi","translations":{"fi":53934},"pll_sync_post":[],"_links":{"self":[{"href":"https:\/\/www.tuky.fi\/etusivu\/wp-json\/wp\/v2\/posts\/53934","targetHints":{"allow":["GET"]}}],"collection":[{"href":"https:\/\/www.tuky.fi\/etusivu\/wp-json\/wp\/v2\/posts"}],"about":[{"href":"https:\/\/www.tuky.fi\/etusivu\/wp-json\/wp\/v2\/types\/post"}],"author":[{"embeddable":true,"href":"https:\/\/www.tuky.fi\/etusivu\/wp-json\/wp\/v2\/users\/47"}],"replies":[{"embeddable":true,"href":"https:\/\/www.tuky.fi\/etusivu\/wp-json\/wp\/v2\/comments?post=53934"}],"version-history":[{"count":1,"href":"https:\/\/www.tuky.fi\/etusivu\/wp-json\/wp\/v2\/posts\/53934\/revisions"}],"predecessor-version":[{"id":53936,"href":"https:\/\/www.tuky.fi\/etusivu\/wp-json\/wp\/v2\/posts\/53934\/revisions\/53936"}],"wp:attachment":[{"href":"https:\/\/www.tuky.fi\/etusivu\/wp-json\/wp\/v2\/media?parent=53934"}],"wp:term":[{"taxonomy":"category","embeddable":true,"href":"https:\/\/www.tuky.fi\/etusivu\/wp-json\/wp\/v2\/categories?post=53934"},{"taxonomy":"post_tag","embeddable":true,"href":"https:\/\/www.tuky.fi\/etusivu\/wp-json\/wp\/v2\/tags?post=53934"}],"curies":[{"name":"wp","href":"https:\/\/api.w.org\/{rel}","templated":true}]}}