{"id":53452,"date":"2026-03-15T21:33:54","date_gmt":"2026-03-15T18:33:54","guid":{"rendered":"https:\/\/www.tuky.fi\/etusivu\/?p=53452"},"modified":"2026-03-15T21:33:56","modified_gmt":"2026-03-15T18:33:56","slug":"kuulumiset-a-la-pj","status":"publish","type":"post","link":"https:\/\/www.tuky.fi\/etusivu\/tukyblogi\/kuulumiset-a-la-pj\/","title":{"rendered":"Kuulumiset \u00e0 la PJ"},"content":{"rendered":"\n<p>Maaliskuu on jo hyv\u00e4ss\u00e4 vauhdissa, mik\u00e4 tarkoittaa sit\u00e4, ett\u00e4 yksi nelj\u00e4sosa vuodesta on jo taklattu. Ajattelinkin, ett\u00e4 nyt olisi hyv\u00e4 hetki kertoa hieman omia kuulumisiani ja avata, mit\u00e4 kaikkea alkuvuoteeni on kuulunut!<\/p>\n\n\n\n<p>Vuosi k\u00e4ynnistyi heti tammikuun alussa s\u00e4\u00e4nt\u00f6m\u00e4\u00e4r\u00e4isell\u00e4 j\u00e4rjest\u00e4ytymiskokouksella, jossa muun muassa vahvistettiin toimintasuunnitelman sektorit ja sivusektorit alkaneelle vuodelle. Sen lis\u00e4ksi aloitin starttikeskustelut p\u00f6yt\u00e4kunnan kanssa. Ideana oli p\u00e4\u00e4st\u00e4 heti vuoden alussa vaihtamaan ajatuksia kahdenkeskisesti ja keskustelemaan tulevasta vuodesta sek\u00e4 esimerkiksi molemminpuolisia odotuksista siihen liittyen.<\/p>\n\n\n\n<p>Ensimm\u00e4isell\u00e4 viikolla osallistuin my\u00f6s Suomen Ekonomien j\u00e4rjest\u00e4m\u00e4\u00e4n puheenjohtajaverkostojen tapaamiseen. Siell\u00e4 p\u00e4\u00e4simme muiden kylterihallitusten puheenjohtajien kanssa tapaamaan toisiamme sek\u00e4 keskustelemaan tulevan vuoden teemoista. Samalla tapasimme paikallisyhdistysten puheenjohtajia sek\u00e4 Suomen Ekonomien hallitusta ja toimiston v\u00e4ke\u00e4. Erityisesti muiden kylteripuheenjohtajien kanssa olemme jo alkuvuoden aikana l\u00e4hentyneet paljon, mik\u00e4 on ollut todella antoisaa ja mukavaa.<\/p>\n\n\n\n<p>Tammikuuhun mahtui my\u00f6s paljon muuta. Vietimme hallitushengailuja t\u00e4rkeiden turkulaisten sidosryhmien, kuten Merkantila Klubbenin, Lexin ja TLKS:n kanssa, osallistuimme Kylterip\u00e4iville, koulutimme uudet toimijat Turun KY:n toimintaan sek\u00e4 siivosimme toimiston viime vuosien j\u00e4ljilt\u00e4. Onkin ollut ihanaa ty\u00f6skennell\u00e4 toimistolla sen j\u00e4lkeen, kun vanhat p\u00f6lyt ja romut saatiin pois! Tammikuussa p\u00e4\u00e4sin my\u00f6s puheenjohtajana pit\u00e4m\u00e4\u00e4n Turun KY:n tervehdyksen maistereiden valmistujaisissa.&nbsp;<\/p>\n\n\n\n<p>My\u00f6s helmikuu oli tapahtumant\u00e4yteinen. Olin edustamassa TuKY\u00e4 sek\u00e4 Preemion ett\u00e4 KY:n vuosijuhlilla, ja kuukautta t\u00e4hditti tietenkin Pikkulaskiainen sek\u00e4 sen j\u00e4lkeinen Parkin Sillis. T\u00e4ss\u00e4 kohtaa t\u00e4ytyy my\u00f6s todeta, ett\u00e4 kahden jaostovuoden j\u00e4lkeen tapahtumissa k\u00e4yminen alumnina tai muuten vain osallistujan roolissa on ollut todella mukava kokemus. Iso kiitos siis ihan jokaiselle, joka osallistuu tapahtumien j\u00e4rjest\u00e4miseen, oli rooli sitten nakkina, aktiivina, tiimil\u00e4isen\u00e4, jaostolaisena tai osallistujana!<\/p>\n\n\n\n<p>Edustus- ja hupitapahtumien lis\u00e4ksi kalenteriani on t\u00e4ytt\u00e4nyt laaja kirjo erilaisia kokouksia. Alkuvuoden aikana olen kokoustanut muun muassa viikoittain p\u00e4\u00e4sektorin ja hallituksen kanssa, osallistunut kylteripuheenjohtajaverkoston, Turun Seudun Ekonomien, TuKY Tapahtumat Oy:n, Taloustoimikunnan ja TSE-listan kokouksiin sek\u00e4 tavannut dekaanistoa ja muuta koulun henkil\u00f6kuntaa. Lis\u00e4ksi olen osallistunut erilaisiin tilaisuuksiin, kuten Turun yliopiston International Counciliin yhdess\u00e4 kansainv\u00e4listen asioiden vastaavan kanssa. N\u00e4iden lis\u00e4ksi olen tavannut paljon p\u00f6yt\u00e4kunnan j\u00e4seni\u00e4 pienemmiss\u00e4 porukoissa, kun olemme suunnitelleet uusia kuvioita tai pohtineet ajankohtaisia haasteita.<\/p>\n\n\n\n<p>Koko alkuvuotta on vaikea tiivist\u00e4\u00e4 yhteen blogiin, mutta sanotaan n\u00e4in: upea alkuvuosi on ollut! Jokainen p\u00e4iv\u00e4 saa odottamaan seuraavaa v\u00e4hint\u00e4\u00e4n yht\u00e4 paljon. Vaikka alkuvuosi onkin ollut aika hektinen, on v\u00e4liin mahtunut my\u00f6s muuta, kuten perheen ja koulun ulkopuolisten yst\u00e4vien tapaamista sek\u00e4 tietysti ty\u00f6nhakua \ud83d\ude00 Lis\u00e4ksi yksi alkuvuoden top-jutuista on ollut tennistunnit, jotka aloitin!<\/p>\n\n\n\n<p>Siin\u00e4 tiivistettyn\u00e4 alkuvuoteni. Toivottavasti t\u00e4m\u00e4n blogin my\u00f6t\u00e4 saitte hieman aikaisempaa selke\u00e4mm\u00e4n kuvan my\u00f6s siit\u00e4, mit\u00e4 kaikkea puheenjohtajan arkeen kuuluu. Tulkaa jatkossakin rohkeasti juttelemaan miss\u00e4 vain ja mist\u00e4 vain,\u00a0oli aiheena sitten TuKY-jutut tai ihan muut asiat!<\/p>\n\n\n\n<p>Mukavaa kev\u00e4\u00e4n jatkoa \u2764\ufe0f<\/p>\n\n\n\n<p>Terveisin,<\/p>\n\n\n\n<p>Emma Torniainen<br><em>Hallituksen puheenjohtaja<\/em><\/p>\n\n\n\n<figure class=\"wp-block-image size-large is-resized\"><img loading=\"lazy\" decoding=\"async\" width=\"1024\" height=\"1024\" src=\"https:\/\/www.tuky.fi\/wp-content\/uploads\/2026\/02\/Emma-Torniainen-1024x1024.jpg\" alt=\"\" class=\"wp-image-52946\" style=\"width:163px;height:auto\" srcset=\"https:\/\/www.tuky.fi\/wp-content\/uploads\/2026\/02\/Emma-Torniainen-980x980.jpg 980w, https:\/\/www.tuky.fi\/wp-content\/uploads\/2026\/02\/Emma-Torniainen-480x480.jpg 480w\" sizes=\"(min-width: 0px) and (max-width: 480px) 480px, (min-width: 481px) and (max-width: 980px) 980px, (min-width: 981px) 1024px, 100vw\" \/><\/figure>\n","protected":false},"excerpt":{"rendered":"<p>Maaliskuu on jo hyv\u00e4ss\u00e4 vauhdissa, mik\u00e4 tarkoittaa sit\u00e4, ett\u00e4 yksi nelj\u00e4sosa vuodesta on jo taklattu. Ajattelinkin, ett\u00e4 nyt olisi hyv\u00e4 hetki kertoa hieman omia kuulumisiani ja avata, mit\u00e4 kaikkea alkuvuoteeni [&hellip;]<\/p>\n","protected":false},"author":80,"featured_media":0,"comment_status":"closed","ping_status":"closed","sticky":false,"template":"","format":"standard","meta":{"_et_pb_use_builder":"off","_et_pb_old_content":"","_et_gb_content_width":"","footnotes":""},"categories":[6],"tags":[],"class_list":["post-53452","post","type-post","status-publish","format-standard","hentry","category-tukyblogi"],"yoast_head":"<!-- This site is optimized with the Yoast SEO plugin v27.2 - https:\/\/yoast.com\/product\/yoast-seo-wordpress\/ -->\n<title>Kuulumiset \u00e0 la PJ - Turun KY<\/title>\n<meta name=\"robots\" content=\"index, follow, max-snippet:-1, max-image-preview:large, max-video-preview:-1\" \/>\n<link rel=\"canonical\" href=\"https:\/\/www.tuky.fi\/etusivu\/tukyblogi\/kuulumiset-a-la-pj\/\" \/>\n<meta property=\"og:locale\" content=\"fi_FI\" \/>\n<meta property=\"og:type\" content=\"article\" \/>\n<meta property=\"og:title\" content=\"Kuulumiset \u00e0 la PJ - Turun KY\" \/>\n<meta property=\"og:description\" content=\"Maaliskuu on jo hyv\u00e4ss\u00e4 vauhdissa, mik\u00e4 tarkoittaa sit\u00e4, ett\u00e4 yksi nelj\u00e4sosa vuodesta on jo taklattu. Ajattelinkin, ett\u00e4 nyt olisi hyv\u00e4 hetki kertoa hieman omia kuulumisiani ja avata, mit\u00e4 kaikkea alkuvuoteeni [&hellip;]\" \/>\n<meta property=\"og:url\" content=\"https:\/\/www.tuky.fi\/etusivu\/tukyblogi\/kuulumiset-a-la-pj\/\" \/>\n<meta property=\"og:site_name\" content=\"Turun KY\" \/>\n<meta property=\"article:published_time\" content=\"2026-03-15T18:33:54+00:00\" \/>\n<meta property=\"article:modified_time\" content=\"2026-03-15T18:33:56+00:00\" \/>\n<meta property=\"og:image\" content=\"https:\/\/www.tuky.fi\/wp-content\/uploads\/2026\/02\/Emma-Torniainen-scaled.jpg\" \/>\n\t<meta property=\"og:image:width\" content=\"2560\" \/>\n\t<meta property=\"og:image:height\" content=\"2560\" \/>\n\t<meta property=\"og:image:type\" content=\"image\/jpeg\" \/>\n<meta name=\"author\" content=\"Puheenjohtaja\" \/>\n<meta name=\"twitter:card\" content=\"summary_large_image\" \/>\n<meta name=\"twitter:label1\" content=\"Kirjoittanut\" \/>\n\t<meta name=\"twitter:data1\" content=\"Puheenjohtaja\" \/>\n\t<meta name=\"twitter:label2\" content=\"Arvioitu lukuaika\" \/>\n\t<meta name=\"twitter:data2\" content=\"3 minuuttia\" \/>\n<script type=\"application\/ld+json\" class=\"yoast-schema-graph\">{\"@context\":\"https:\/\/schema.org\",\"@graph\":[{\"@type\":\"Article\",\"@id\":\"https:\/\/www.tuky.fi\/etusivu\/tukyblogi\/kuulumiset-a-la-pj\/#article\",\"isPartOf\":{\"@id\":\"https:\/\/www.tuky.fi\/etusivu\/tukyblogi\/kuulumiset-a-la-pj\/\"},\"author\":{\"name\":\"Puheenjohtaja\",\"@id\":\"https:\/\/www.tuky.fi\/etusivu\/#\/schema\/person\/57887fc97d6a02b6c4babf966b76ebe2\"},\"headline\":\"Kuulumiset \u00e0 la PJ\",\"datePublished\":\"2026-03-15T18:33:54+00:00\",\"dateModified\":\"2026-03-15T18:33:56+00:00\",\"mainEntityOfPage\":{\"@id\":\"https:\/\/www.tuky.fi\/etusivu\/tukyblogi\/kuulumiset-a-la-pj\/\"},\"wordCount\":493,\"publisher\":{\"@id\":\"https:\/\/www.tuky.fi\/etusivu\/#organization\"},\"image\":{\"@id\":\"https:\/\/www.tuky.fi\/etusivu\/tukyblogi\/kuulumiset-a-la-pj\/#primaryimage\"},\"thumbnailUrl\":\"https:\/\/www.tuky.fi\/wp-content\/uploads\/2026\/02\/Emma-Torniainen-1024x1024.jpg\",\"articleSection\":[\"TuKY-blogi\"],\"inLanguage\":\"fi\"},{\"@type\":\"WebPage\",\"@id\":\"https:\/\/www.tuky.fi\/etusivu\/tukyblogi\/kuulumiset-a-la-pj\/\",\"url\":\"https:\/\/www.tuky.fi\/etusivu\/tukyblogi\/kuulumiset-a-la-pj\/\",\"name\":\"Kuulumiset \u00e0 la PJ - Turun KY\",\"isPartOf\":{\"@id\":\"https:\/\/www.tuky.fi\/etusivu\/#website\"},\"primaryImageOfPage\":{\"@id\":\"https:\/\/www.tuky.fi\/etusivu\/tukyblogi\/kuulumiset-a-la-pj\/#primaryimage\"},\"image\":{\"@id\":\"https:\/\/www.tuky.fi\/etusivu\/tukyblogi\/kuulumiset-a-la-pj\/#primaryimage\"},\"thumbnailUrl\":\"https:\/\/www.tuky.fi\/wp-content\/uploads\/2026\/02\/Emma-Torniainen-1024x1024.jpg\",\"datePublished\":\"2026-03-15T18:33:54+00:00\",\"dateModified\":\"2026-03-15T18:33:56+00:00\",\"breadcrumb\":{\"@id\":\"https:\/\/www.tuky.fi\/etusivu\/tukyblogi\/kuulumiset-a-la-pj\/#breadcrumb\"},\"inLanguage\":\"fi\",\"potentialAction\":[{\"@type\":\"ReadAction\",\"target\":[\"https:\/\/www.tuky.fi\/etusivu\/tukyblogi\/kuulumiset-a-la-pj\/\"]}]},{\"@type\":\"ImageObject\",\"inLanguage\":\"fi\",\"@id\":\"https:\/\/www.tuky.fi\/etusivu\/tukyblogi\/kuulumiset-a-la-pj\/#primaryimage\",\"url\":\"https:\/\/www.tuky.fi\/wp-content\/uploads\/2026\/02\/Emma-Torniainen-1024x1024.jpg\",\"contentUrl\":\"https:\/\/www.tuky.fi\/wp-content\/uploads\/2026\/02\/Emma-Torniainen-1024x1024.jpg\"},{\"@type\":\"BreadcrumbList\",\"@id\":\"https:\/\/www.tuky.fi\/etusivu\/tukyblogi\/kuulumiset-a-la-pj\/#breadcrumb\",\"itemListElement\":[{\"@type\":\"ListItem\",\"position\":1,\"name\":\"Etusivu\",\"item\":\"https:\/\/www.tuky.fi\/etusivu\/\"},{\"@type\":\"ListItem\",\"position\":2,\"name\":\"Kuulumiset \u00e0 la PJ\"}]},{\"@type\":\"WebSite\",\"@id\":\"https:\/\/www.tuky.fi\/etusivu\/#website\",\"url\":\"https:\/\/www.tuky.fi\/etusivu\/\",\"name\":\"Turun KY\",\"description\":\"TuKY\",\"publisher\":{\"@id\":\"https:\/\/www.tuky.fi\/etusivu\/#organization\"},\"alternateName\":\"TuKY\",\"potentialAction\":[{\"@type\":\"SearchAction\",\"target\":{\"@type\":\"EntryPoint\",\"urlTemplate\":\"https:\/\/www.tuky.fi\/etusivu\/?s={search_term_string}\"},\"query-input\":{\"@type\":\"PropertyValueSpecification\",\"valueRequired\":true,\"valueName\":\"search_term_string\"}}],\"inLanguage\":\"fi\"},{\"@type\":\"Organization\",\"@id\":\"https:\/\/www.tuky.fi\/etusivu\/#organization\",\"name\":\"Turun KY\",\"alternateName\":\"TuKY\",\"url\":\"https:\/\/www.tuky.fi\/etusivu\/\",\"logo\":{\"@type\":\"ImageObject\",\"inLanguage\":\"fi\",\"@id\":\"https:\/\/www.tuky.fi\/etusivu\/#\/schema\/logo\/image\/\",\"url\":\"https:\/\/www.tuky.fi\/wp-content\/uploads\/2024\/09\/TuKY-logo-kulta-1.png\",\"contentUrl\":\"https:\/\/www.tuky.fi\/wp-content\/uploads\/2024\/09\/TuKY-logo-kulta-1.png\",\"width\":1080,\"height\":1080,\"caption\":\"Turun KY\"},\"image\":{\"@id\":\"https:\/\/www.tuky.fi\/etusivu\/#\/schema\/logo\/image\/\"},\"sameAs\":[\"https:\/\/instagram.com\/turunky\",\"https:\/\/linkedin.com\/turunky\"]},{\"@type\":\"Person\",\"@id\":\"https:\/\/www.tuky.fi\/etusivu\/#\/schema\/person\/57887fc97d6a02b6c4babf966b76ebe2\",\"name\":\"Puheenjohtaja\",\"image\":{\"@type\":\"ImageObject\",\"inLanguage\":\"fi\",\"@id\":\"https:\/\/secure.gravatar.com\/avatar\/7d9f1ea849e84fa789065e855ecb2acc18dc0c2bc364eb8f650db8831fec54e3?s=96&d=mm&r=g\",\"url\":\"https:\/\/secure.gravatar.com\/avatar\/7d9f1ea849e84fa789065e855ecb2acc18dc0c2bc364eb8f650db8831fec54e3?s=96&d=mm&r=g\",\"contentUrl\":\"https:\/\/secure.gravatar.com\/avatar\/7d9f1ea849e84fa789065e855ecb2acc18dc0c2bc364eb8f650db8831fec54e3?s=96&d=mm&r=g\",\"caption\":\"Puheenjohtaja\"},\"url\":\"https:\/\/www.tuky.fi\/etusivu\/author\/puheenjohtaja\/\"}]}<\/script>\n<!-- \/ Yoast SEO plugin. -->","yoast_head_json":{"title":"Kuulumiset \u00e0 la PJ - Turun KY","robots":{"index":"index","follow":"follow","max-snippet":"max-snippet:-1","max-image-preview":"max-image-preview:large","max-video-preview":"max-video-preview:-1"},"canonical":"https:\/\/www.tuky.fi\/etusivu\/tukyblogi\/kuulumiset-a-la-pj\/","og_locale":"fi_FI","og_type":"article","og_title":"Kuulumiset \u00e0 la PJ - Turun KY","og_description":"Maaliskuu on jo hyv\u00e4ss\u00e4 vauhdissa, mik\u00e4 tarkoittaa sit\u00e4, ett\u00e4 yksi nelj\u00e4sosa vuodesta on jo taklattu. Ajattelinkin, ett\u00e4 nyt olisi hyv\u00e4 hetki kertoa hieman omia kuulumisiani ja avata, mit\u00e4 kaikkea alkuvuoteeni [&hellip;]","og_url":"https:\/\/www.tuky.fi\/etusivu\/tukyblogi\/kuulumiset-a-la-pj\/","og_site_name":"Turun KY","article_published_time":"2026-03-15T18:33:54+00:00","article_modified_time":"2026-03-15T18:33:56+00:00","og_image":[{"width":2560,"height":2560,"url":"https:\/\/www.tuky.fi\/wp-content\/uploads\/2026\/02\/Emma-Torniainen-scaled.jpg","type":"image\/jpeg"}],"author":"Puheenjohtaja","twitter_card":"summary_large_image","twitter_misc":{"Kirjoittanut":"Puheenjohtaja","Arvioitu lukuaika":"3 minuuttia"},"schema":{"@context":"https:\/\/schema.org","@graph":[{"@type":"Article","@id":"https:\/\/www.tuky.fi\/etusivu\/tukyblogi\/kuulumiset-a-la-pj\/#article","isPartOf":{"@id":"https:\/\/www.tuky.fi\/etusivu\/tukyblogi\/kuulumiset-a-la-pj\/"},"author":{"name":"Puheenjohtaja","@id":"https:\/\/www.tuky.fi\/etusivu\/#\/schema\/person\/57887fc97d6a02b6c4babf966b76ebe2"},"headline":"Kuulumiset \u00e0 la PJ","datePublished":"2026-03-15T18:33:54+00:00","dateModified":"2026-03-15T18:33:56+00:00","mainEntityOfPage":{"@id":"https:\/\/www.tuky.fi\/etusivu\/tukyblogi\/kuulumiset-a-la-pj\/"},"wordCount":493,"publisher":{"@id":"https:\/\/www.tuky.fi\/etusivu\/#organization"},"image":{"@id":"https:\/\/www.tuky.fi\/etusivu\/tukyblogi\/kuulumiset-a-la-pj\/#primaryimage"},"thumbnailUrl":"https:\/\/www.tuky.fi\/wp-content\/uploads\/2026\/02\/Emma-Torniainen-1024x1024.jpg","articleSection":["TuKY-blogi"],"inLanguage":"fi"},{"@type":"WebPage","@id":"https:\/\/www.tuky.fi\/etusivu\/tukyblogi\/kuulumiset-a-la-pj\/","url":"https:\/\/www.tuky.fi\/etusivu\/tukyblogi\/kuulumiset-a-la-pj\/","name":"Kuulumiset \u00e0 la PJ - Turun KY","isPartOf":{"@id":"https:\/\/www.tuky.fi\/etusivu\/#website"},"primaryImageOfPage":{"@id":"https:\/\/www.tuky.fi\/etusivu\/tukyblogi\/kuulumiset-a-la-pj\/#primaryimage"},"image":{"@id":"https:\/\/www.tuky.fi\/etusivu\/tukyblogi\/kuulumiset-a-la-pj\/#primaryimage"},"thumbnailUrl":"https:\/\/www.tuky.fi\/wp-content\/uploads\/2026\/02\/Emma-Torniainen-1024x1024.jpg","datePublished":"2026-03-15T18:33:54+00:00","dateModified":"2026-03-15T18:33:56+00:00","breadcrumb":{"@id":"https:\/\/www.tuky.fi\/etusivu\/tukyblogi\/kuulumiset-a-la-pj\/#breadcrumb"},"inLanguage":"fi","potentialAction":[{"@type":"ReadAction","target":["https:\/\/www.tuky.fi\/etusivu\/tukyblogi\/kuulumiset-a-la-pj\/"]}]},{"@type":"ImageObject","inLanguage":"fi","@id":"https:\/\/www.tuky.fi\/etusivu\/tukyblogi\/kuulumiset-a-la-pj\/#primaryimage","url":"https:\/\/www.tuky.fi\/wp-content\/uploads\/2026\/02\/Emma-Torniainen-1024x1024.jpg","contentUrl":"https:\/\/www.tuky.fi\/wp-content\/uploads\/2026\/02\/Emma-Torniainen-1024x1024.jpg"},{"@type":"BreadcrumbList","@id":"https:\/\/www.tuky.fi\/etusivu\/tukyblogi\/kuulumiset-a-la-pj\/#breadcrumb","itemListElement":[{"@type":"ListItem","position":1,"name":"Etusivu","item":"https:\/\/www.tuky.fi\/etusivu\/"},{"@type":"ListItem","position":2,"name":"Kuulumiset \u00e0 la PJ"}]},{"@type":"WebSite","@id":"https:\/\/www.tuky.fi\/etusivu\/#website","url":"https:\/\/www.tuky.fi\/etusivu\/","name":"Turun KY","description":"TuKY","publisher":{"@id":"https:\/\/www.tuky.fi\/etusivu\/#organization"},"alternateName":"TuKY","potentialAction":[{"@type":"SearchAction","target":{"@type":"EntryPoint","urlTemplate":"https:\/\/www.tuky.fi\/etusivu\/?s={search_term_string}"},"query-input":{"@type":"PropertyValueSpecification","valueRequired":true,"valueName":"search_term_string"}}],"inLanguage":"fi"},{"@type":"Organization","@id":"https:\/\/www.tuky.fi\/etusivu\/#organization","name":"Turun KY","alternateName":"TuKY","url":"https:\/\/www.tuky.fi\/etusivu\/","logo":{"@type":"ImageObject","inLanguage":"fi","@id":"https:\/\/www.tuky.fi\/etusivu\/#\/schema\/logo\/image\/","url":"https:\/\/www.tuky.fi\/wp-content\/uploads\/2024\/09\/TuKY-logo-kulta-1.png","contentUrl":"https:\/\/www.tuky.fi\/wp-content\/uploads\/2024\/09\/TuKY-logo-kulta-1.png","width":1080,"height":1080,"caption":"Turun KY"},"image":{"@id":"https:\/\/www.tuky.fi\/etusivu\/#\/schema\/logo\/image\/"},"sameAs":["https:\/\/instagram.com\/turunky","https:\/\/linkedin.com\/turunky"]},{"@type":"Person","@id":"https:\/\/www.tuky.fi\/etusivu\/#\/schema\/person\/57887fc97d6a02b6c4babf966b76ebe2","name":"Puheenjohtaja","image":{"@type":"ImageObject","inLanguage":"fi","@id":"https:\/\/secure.gravatar.com\/avatar\/7d9f1ea849e84fa789065e855ecb2acc18dc0c2bc364eb8f650db8831fec54e3?s=96&d=mm&r=g","url":"https:\/\/secure.gravatar.com\/avatar\/7d9f1ea849e84fa789065e855ecb2acc18dc0c2bc364eb8f650db8831fec54e3?s=96&d=mm&r=g","contentUrl":"https:\/\/secure.gravatar.com\/avatar\/7d9f1ea849e84fa789065e855ecb2acc18dc0c2bc364eb8f650db8831fec54e3?s=96&d=mm&r=g","caption":"Puheenjohtaja"},"url":"https:\/\/www.tuky.fi\/etusivu\/author\/puheenjohtaja\/"}]}},"lang":"fi","translations":{"fi":53452},"pll_sync_post":[],"_links":{"self":[{"href":"https:\/\/www.tuky.fi\/etusivu\/wp-json\/wp\/v2\/posts\/53452","targetHints":{"allow":["GET"]}}],"collection":[{"href":"https:\/\/www.tuky.fi\/etusivu\/wp-json\/wp\/v2\/posts"}],"about":[{"href":"https:\/\/www.tuky.fi\/etusivu\/wp-json\/wp\/v2\/types\/post"}],"author":[{"embeddable":true,"href":"https:\/\/www.tuky.fi\/etusivu\/wp-json\/wp\/v2\/users\/80"}],"replies":[{"embeddable":true,"href":"https:\/\/www.tuky.fi\/etusivu\/wp-json\/wp\/v2\/comments?post=53452"}],"version-history":[{"count":1,"href":"https:\/\/www.tuky.fi\/etusivu\/wp-json\/wp\/v2\/posts\/53452\/revisions"}],"predecessor-version":[{"id":53453,"href":"https:\/\/www.tuky.fi\/etusivu\/wp-json\/wp\/v2\/posts\/53452\/revisions\/53453"}],"wp:attachment":[{"href":"https:\/\/www.tuky.fi\/etusivu\/wp-json\/wp\/v2\/media?parent=53452"}],"wp:term":[{"taxonomy":"category","embeddable":true,"href":"https:\/\/www.tuky.fi\/etusivu\/wp-json\/wp\/v2\/categories?post=53452"},{"taxonomy":"post_tag","embeddable":true,"href":"https:\/\/www.tuky.fi\/etusivu\/wp-json\/wp\/v2\/tags?post=53452"}],"curies":[{"name":"wp","href":"https:\/\/api.w.org\/{rel}","templated":true}]}}