{"id":53405,"date":"2026-03-09T18:07:47","date_gmt":"2026-03-09T15:07:47","guid":{"rendered":"https:\/\/www.tuky.fi\/etusivu\/?p=53405"},"modified":"2026-03-09T18:13:34","modified_gmt":"2026-03-09T15:13:34","slug":"turun-kyn-76-vuosijuhlat-hakevat-viela-yhta-yrityssuhdevastaavaa","status":"publish","type":"post","link":"https:\/\/www.tuky.fi\/etusivu\/ajankohtaista\/turun-kyn-76-vuosijuhlat-hakevat-viela-yhta-yrityssuhdevastaavaa\/","title":{"rendered":"Turun KY:n 76. vuosijuhlat hakevat viel\u00e4 yht\u00e4 yrityssuhdevastaavaa!\u00a0"},"content":{"rendered":"\n<figure class=\"wp-block-image size-full\"><img loading=\"lazy\" decoding=\"async\" width=\"477\" height=\"73\" src=\"https:\/\/www.tuky.fi\/wp-content\/uploads\/2026\/03\/image.jpeg\" alt=\"\" class=\"wp-image-53406\" srcset=\"https:\/\/www.tuky.fi\/wp-content\/uploads\/2026\/03\/image.jpeg 477w, https:\/\/www.tuky.fi\/wp-content\/uploads\/2026\/03\/image-300x46.jpeg 300w\" sizes=\"(max-width: 477px) 100vw, 477px\" \/><\/figure>\n\n\n\n<p>Vuosijuhlakausi ja sen kruunaavat Turun KY:n vuosijuhlat ovat vuoden kohokohta, jolloin kuntalaiset kaivavat parhaimpansa kaapistaan ja kokoontuvat yhdess\u00e4 juhlimaan arvokasta yhdistyst\u00e4mme. Juhlissa korostuvat pitk\u00e4 historiamme sek\u00e4 perinteet, mutta my\u00f6s uskallus uudistua ja kehitty\u00e4. T\u00e4m\u00e4n mahdollistaa ennen kaikkea innostunut ja sitoutunut vuosijuhlatiimi. Oletpa sitten pupu tai jo melkein kaiken kokenut rusakko \u2013 etsimme ennen kaikkea motivoitunutta tekij\u00e4\u00e4!<\/p>\n\n\n\n<p>Yrityssuhdevastaavana olet eritt\u00e4in keskeisess\u00e4 roolissa mahdollistamassa vuosijuhlien toteutumisen. Vastaat kumppanuuksien kehitt\u00e4misest\u00e4 sek\u00e4 rahoituksen hankkimisesta yhdess\u00e4 muun tiimin kanssa. Teht\u00e4v\u00e4ss\u00e4 p\u00e4\u00e4set hy\u00f6dynt\u00e4m\u00e4\u00e4n sek\u00e4 kehitt\u00e4m\u00e4\u00e4n myynti- ja neuvottelutaitojasi ja rakentamaan arvokkaita kontakteja. Vastuualueesi voi liitty\u00e4 joko p\u00e4\u00e4juhlaan tai silliaamiaiseen, ja roolissa p\u00e4\u00e4set vaikuttamaan suoraan siihen, millaista tapahtumaa t\u00e4n\u00e4 vuonna rakennetaan.<\/p>\n\n\n\n<p><strong>Edellyt\u00e4mme hakijalta:&nbsp;<\/strong><\/p>\n\n\n\n<ul class=\"wp-block-list\">\n<li>Hyvi\u00e4 yhteisty\u00f6taitoja<\/li>\n\n\n\n<li>Oma-aloitteisuutta<\/li>\n\n\n\n<li>Motivaatiota ja sitoutumista t\u00e4ysill\u00e4 projektiin (viikottaiset kokoukset)<\/li>\n\n\n\n<li>Organisointi- ja paineensietokyky\u00e4<\/li>\n<\/ul>\n\n\n\n<p><strong>Eduksi katsomme:<\/strong><\/p>\n\n\n\n<ul class=\"wp-block-list\">\n<li>Aiempi kokemus tapahtumien j\u00e4rjest\u00e4misest\u00e4<\/li>\n\n\n\n<li>Innovatiivisuus ja ymm\u00e4rrys vuosijuhlakokonaisuudesta ja sen kehitt\u00e4misest\u00e4<\/li>\n\n\n\n<li>Kokemus myynnist\u00e4 tai yrityssuhteista<\/li>\n<\/ul>\n\n\n\n<p>L\u00e4het\u00e4 meille vapaamuotoinen hakemus, jossa vastaat ainakin seuraaviin kysymyksiin:<\/p>\n\n\n\n<ul class=\"wp-block-list\">\n<li>Mink\u00e4laista osaamista sinulla on, jonka koet olevan hy\u00f6dyksi juuri kyseisess\u00e4 tiimiss\u00e4?<\/li>\n\n\n\n<li>Mit\u00e4 uutta haluaisit n\u00e4hd\u00e4 t\u00e4m\u00e4n vuoden vuosijuhlilla?<\/li>\n\n\n\n<li>Oletko ollut TuKYn toiminnassa mukana? Miss\u00e4?<\/li>\n<\/ul>\n\n\n\n<p>Hakemukset tulee toimittaa vuosijuhlatuottaja Aada Rehnbergille ja Joni Talviselle viimeist\u00e4\u00e4n <strong>sunnuntaina 15.03.2026 klo 23:59<\/strong> osoitteeseen <a href=\"mailto:vuosijuhlat@tuky.fi\" target=\"_blank\" rel=\"noreferrer noopener\">vuosijuhlat@tuky.fi<\/a>. Jos sinulla her\u00e4si kysytt\u00e4v\u00e4\u00e4 hakuun liittyen, voit kontaktoida meit\u00e4 saman s\u00e4hk\u00f6postiosoitteen kautta!<\/p>\n\n\n\n<p>Toivomme hakemuksia niin uusilta kuin kokeneemmiltakin kuntalaisilta. Hakijat kutsutaan tarvittaessa haastatteluun hakemuksen perusteella. Hakijoita voidaan haastatella jo hakuaikana tai sen loppumisen j\u00e4lkeen. Lopulliset valinnat tehd\u00e4\u00e4n mahdollisten haastatteluiden ja hakemusten perusteella Turun KY:n <a href=\"https:\/\/www.tuky.fi\/wp-content\/uploads\/2024\/10\/Henkilovalintojen-ohjesaanto.pdf\" target=\"_blank\" rel=\"noreferrer noopener\">henkil\u00f6valintojen ohjes\u00e4\u00e4nn\u00f6n<\/a> mukaan.&nbsp;<\/p>\n\n\n\n<p>______<\/p>\n\n\n\n<p>Turun KY\u2019s 76th Annual Ball is still looking for<strong> one more Corporate Relations Manager!<\/strong><\/p>\n\n\n\n<p>The Annual Ball season, culminating in Turun KY\u2019s Annual Ball, is the highlight of the year when KY members dress in their finest and gather to celebrate our valued association together. The celebration highlights our long history and traditions, while also embracing the courage to renew and develop. Above all, this is made possible by an enthusiastic and dedicated Annual Ball team. Whether you\u2019re a first-year student or an almost-everything-seen veteran, we are above all looking for a motivated team member!<\/p>\n\n\n\n<p>As a Corporate Relations Manager, you play a key role in making the Annual Ball possible. You will be responsible for developing partnerships and securing funding together with the rest of the team. In this role, you will have the opportunity to use and develop your sales and negotiation skills while building valuable professional connections. Your responsibilities may relate either to the main celebration or the traditional silliaamiainen, and you will have a direct impact on shaping the event we are creating this year.<\/p>\n\n\n\n<p><strong>We expect the applicant to have:<\/strong><\/p>\n\n\n\n<ul class=\"wp-block-list\">\n<li>Good collaboration skills<\/li>\n\n\n\n<li>Proactiveness<\/li>\n\n\n\n<li>Motivation and commitment to fully engage in the project (weekly meetings)<\/li>\n\n\n\n<li>Organisational skills and the ability to work under pressure<\/li>\n<\/ul>\n\n\n\n<p><strong>Considered an advantage:<\/strong><\/p>\n\n\n\n<ul class=\"wp-block-list\">\n<li>Previous experience in organising events<\/li>\n\n\n\n<li>Innovativeness and understanding of the Annual Ball as a whole and its development<\/li>\n\n\n\n<li>Experience in sales or corporate relations<\/li>\n<\/ul>\n\n\n\n<p>Please send us a free-form application answering at least the following questions:<\/p>\n\n\n\n<ul class=\"wp-block-list\">\n<li>What kind of skills do you have that you feel would be useful in that team?<\/li>\n\n\n\n<li>What new elements would you like to see at this year\u2019s Annual Ball?<\/li>\n\n\n\n<li>Have you been involved in TuKY\u2019s activities before? In which?<\/li>\n<\/ul>\n\n\n\n<p>Applications must be submitted to the Annual Ball producers Aada Rehnberg and Joni Talvinen no later than <strong>Sunday, March 15nd, 2026 at 11:59 PM<\/strong> to <strong>vuosijuhlat@tuky.fi<\/strong>. If you have any questions regarding the application process, you can contact us via the same email address!<\/p>\n\n\n\n<p>We welcome applications from both new and more experienced members. Applicants may be invited to an interview based on their application. Interviews may be conducted already during the application period or after it. Final selections will be made based on applications and possible interviews in accordance with <a href=\"https:\/\/www.tuky.fi\/wp-content\/uploads\/2024\/10\/Guidelines-for-Personnel-Selection.pdf\" target=\"_blank\" rel=\"noreferrer noopener\">Turun KY\u2019s guidelines for personnel selection.<\/a><\/p>\n\n\n\n<p>Vujuterkuin \/ With festive regards,<\/p>\n\n\n\n<p><strong>Joni Talvinen &amp; Aada Rehnberg<\/strong><\/p>\n\n\n\n<p>Vuosijuhlatuottajat<\/p>\n","protected":false},"excerpt":{"rendered":"<p>Vuosijuhlakausi ja sen kruunaavat Turun KY:n vuosijuhlat ovat vuoden kohokohta, jolloin kuntalaiset kaivavat parhaimpansa kaapistaan ja kokoontuvat yhdess\u00e4 juhlimaan arvokasta yhdistyst\u00e4mme. Juhlissa korostuvat pitk\u00e4 historiamme sek\u00e4 perinteet, mutta my\u00f6s uskallus [&hellip;]<\/p>\n","protected":false},"author":21,"featured_media":0,"comment_status":"closed","ping_status":"closed","sticky":false,"template":"","format":"standard","meta":{"_et_pb_use_builder":"off","_et_pb_old_content":"","_et_gb_content_width":"","footnotes":""},"categories":[723,715],"tags":[],"class_list":["post-53405","post","type-post","status-publish","format-standard","hentry","category-ajankohtaista","category-tuky-hakee"],"yoast_head":"<!-- This site is optimized with the Yoast SEO plugin v27.2 - https:\/\/yoast.com\/product\/yoast-seo-wordpress\/ -->\n<title>Turun KY:n 76. vuosijuhlat hakevat viel\u00e4 yht\u00e4 yrityssuhdevastaavaa!\u00a0 - Turun KY<\/title>\n<meta name=\"robots\" content=\"index, follow, max-snippet:-1, max-image-preview:large, max-video-preview:-1\" \/>\n<link rel=\"canonical\" href=\"https:\/\/www.tuky.fi\/etusivu\/ajankohtaista\/turun-kyn-76-vuosijuhlat-hakevat-viela-yhta-yrityssuhdevastaavaa\/\" \/>\n<meta property=\"og:locale\" content=\"fi_FI\" \/>\n<meta property=\"og:type\" content=\"article\" \/>\n<meta property=\"og:title\" content=\"Turun KY:n 76. vuosijuhlat hakevat viel\u00e4 yht\u00e4 yrityssuhdevastaavaa!\u00a0 - Turun KY\" \/>\n<meta property=\"og:description\" content=\"Vuosijuhlakausi ja sen kruunaavat Turun KY:n vuosijuhlat ovat vuoden kohokohta, jolloin kuntalaiset kaivavat parhaimpansa kaapistaan ja kokoontuvat yhdess\u00e4 juhlimaan arvokasta yhdistyst\u00e4mme. Juhlissa korostuvat pitk\u00e4 historiamme sek\u00e4 perinteet, mutta my\u00f6s uskallus [&hellip;]\" \/>\n<meta property=\"og:url\" content=\"https:\/\/www.tuky.fi\/etusivu\/ajankohtaista\/turun-kyn-76-vuosijuhlat-hakevat-viela-yhta-yrityssuhdevastaavaa\/\" \/>\n<meta property=\"og:site_name\" content=\"Turun KY\" \/>\n<meta property=\"article:published_time\" content=\"2026-03-09T15:07:47+00:00\" \/>\n<meta property=\"article:modified_time\" content=\"2026-03-09T15:13:34+00:00\" \/>\n<meta property=\"og:image\" content=\"https:\/\/www.tuky.fi\/wp-content\/uploads\/2026\/03\/image.jpeg\" \/>\n\t<meta property=\"og:image:width\" content=\"477\" \/>\n\t<meta property=\"og:image:height\" content=\"73\" \/>\n\t<meta property=\"og:image:type\" content=\"image\/jpeg\" \/>\n<meta name=\"author\" content=\"Vuosijuhlat\" \/>\n<meta name=\"twitter:card\" content=\"summary_large_image\" \/>\n<meta name=\"twitter:label1\" content=\"Kirjoittanut\" \/>\n\t<meta name=\"twitter:data1\" content=\"Vuosijuhlat\" \/>\n\t<meta name=\"twitter:label2\" content=\"Arvioitu lukuaika\" \/>\n\t<meta name=\"twitter:data2\" content=\"5 minuuttia\" \/>\n<script type=\"application\/ld+json\" class=\"yoast-schema-graph\">{\"@context\":\"https:\/\/schema.org\",\"@graph\":[{\"@type\":\"Article\",\"@id\":\"https:\/\/www.tuky.fi\/etusivu\/ajankohtaista\/turun-kyn-76-vuosijuhlat-hakevat-viela-yhta-yrityssuhdevastaavaa\/#article\",\"isPartOf\":{\"@id\":\"https:\/\/www.tuky.fi\/etusivu\/ajankohtaista\/turun-kyn-76-vuosijuhlat-hakevat-viela-yhta-yrityssuhdevastaavaa\/\"},\"author\":{\"name\":\"Vuosijuhlat\",\"@id\":\"https:\/\/www.tuky.fi\/etusivu\/#\/schema\/person\/0715edede6f9d54c694dcabff0dc204f\"},\"headline\":\"Turun KY:n 76. vuosijuhlat hakevat viel\u00e4 yht\u00e4 yrityssuhdevastaavaa!\u00a0\",\"datePublished\":\"2026-03-09T15:07:47+00:00\",\"dateModified\":\"2026-03-09T15:13:34+00:00\",\"mainEntityOfPage\":{\"@id\":\"https:\/\/www.tuky.fi\/etusivu\/ajankohtaista\/turun-kyn-76-vuosijuhlat-hakevat-viela-yhta-yrityssuhdevastaavaa\/\"},\"wordCount\":683,\"publisher\":{\"@id\":\"https:\/\/www.tuky.fi\/etusivu\/#organization\"},\"image\":{\"@id\":\"https:\/\/www.tuky.fi\/etusivu\/ajankohtaista\/turun-kyn-76-vuosijuhlat-hakevat-viela-yhta-yrityssuhdevastaavaa\/#primaryimage\"},\"thumbnailUrl\":\"https:\/\/www.tuky.fi\/wp-content\/uploads\/2026\/03\/image.jpeg\",\"articleSection\":[\"Ajankohtaista\",\"TuKY hakee\"],\"inLanguage\":\"fi\"},{\"@type\":\"WebPage\",\"@id\":\"https:\/\/www.tuky.fi\/etusivu\/ajankohtaista\/turun-kyn-76-vuosijuhlat-hakevat-viela-yhta-yrityssuhdevastaavaa\/\",\"url\":\"https:\/\/www.tuky.fi\/etusivu\/ajankohtaista\/turun-kyn-76-vuosijuhlat-hakevat-viela-yhta-yrityssuhdevastaavaa\/\",\"name\":\"Turun KY:n 76. vuosijuhlat hakevat viel\u00e4 yht\u00e4 yrityssuhdevastaavaa!\u00a0 - Turun KY\",\"isPartOf\":{\"@id\":\"https:\/\/www.tuky.fi\/etusivu\/#website\"},\"primaryImageOfPage\":{\"@id\":\"https:\/\/www.tuky.fi\/etusivu\/ajankohtaista\/turun-kyn-76-vuosijuhlat-hakevat-viela-yhta-yrityssuhdevastaavaa\/#primaryimage\"},\"image\":{\"@id\":\"https:\/\/www.tuky.fi\/etusivu\/ajankohtaista\/turun-kyn-76-vuosijuhlat-hakevat-viela-yhta-yrityssuhdevastaavaa\/#primaryimage\"},\"thumbnailUrl\":\"https:\/\/www.tuky.fi\/wp-content\/uploads\/2026\/03\/image.jpeg\",\"datePublished\":\"2026-03-09T15:07:47+00:00\",\"dateModified\":\"2026-03-09T15:13:34+00:00\",\"breadcrumb\":{\"@id\":\"https:\/\/www.tuky.fi\/etusivu\/ajankohtaista\/turun-kyn-76-vuosijuhlat-hakevat-viela-yhta-yrityssuhdevastaavaa\/#breadcrumb\"},\"inLanguage\":\"fi\",\"potentialAction\":[{\"@type\":\"ReadAction\",\"target\":[\"https:\/\/www.tuky.fi\/etusivu\/ajankohtaista\/turun-kyn-76-vuosijuhlat-hakevat-viela-yhta-yrityssuhdevastaavaa\/\"]}]},{\"@type\":\"ImageObject\",\"inLanguage\":\"fi\",\"@id\":\"https:\/\/www.tuky.fi\/etusivu\/ajankohtaista\/turun-kyn-76-vuosijuhlat-hakevat-viela-yhta-yrityssuhdevastaavaa\/#primaryimage\",\"url\":\"https:\/\/www.tuky.fi\/wp-content\/uploads\/2026\/03\/image.jpeg\",\"contentUrl\":\"https:\/\/www.tuky.fi\/wp-content\/uploads\/2026\/03\/image.jpeg\"},{\"@type\":\"BreadcrumbList\",\"@id\":\"https:\/\/www.tuky.fi\/etusivu\/ajankohtaista\/turun-kyn-76-vuosijuhlat-hakevat-viela-yhta-yrityssuhdevastaavaa\/#breadcrumb\",\"itemListElement\":[{\"@type\":\"ListItem\",\"position\":1,\"name\":\"Etusivu\",\"item\":\"https:\/\/www.tuky.fi\/etusivu\/\"},{\"@type\":\"ListItem\",\"position\":2,\"name\":\"Turun KY:n 76. vuosijuhlat hakevat viel\u00e4 yht\u00e4 yrityssuhdevastaavaa!\u00a0\"}]},{\"@type\":\"WebSite\",\"@id\":\"https:\/\/www.tuky.fi\/etusivu\/#website\",\"url\":\"https:\/\/www.tuky.fi\/etusivu\/\",\"name\":\"Turun KY\",\"description\":\"TuKY\",\"publisher\":{\"@id\":\"https:\/\/www.tuky.fi\/etusivu\/#organization\"},\"alternateName\":\"TuKY\",\"potentialAction\":[{\"@type\":\"SearchAction\",\"target\":{\"@type\":\"EntryPoint\",\"urlTemplate\":\"https:\/\/www.tuky.fi\/etusivu\/?s={search_term_string}\"},\"query-input\":{\"@type\":\"PropertyValueSpecification\",\"valueRequired\":true,\"valueName\":\"search_term_string\"}}],\"inLanguage\":\"fi\"},{\"@type\":\"Organization\",\"@id\":\"https:\/\/www.tuky.fi\/etusivu\/#organization\",\"name\":\"Turun KY\",\"alternateName\":\"TuKY\",\"url\":\"https:\/\/www.tuky.fi\/etusivu\/\",\"logo\":{\"@type\":\"ImageObject\",\"inLanguage\":\"fi\",\"@id\":\"https:\/\/www.tuky.fi\/etusivu\/#\/schema\/logo\/image\/\",\"url\":\"https:\/\/www.tuky.fi\/wp-content\/uploads\/2024\/09\/TuKY-logo-kulta-1.png\",\"contentUrl\":\"https:\/\/www.tuky.fi\/wp-content\/uploads\/2024\/09\/TuKY-logo-kulta-1.png\",\"width\":1080,\"height\":1080,\"caption\":\"Turun KY\"},\"image\":{\"@id\":\"https:\/\/www.tuky.fi\/etusivu\/#\/schema\/logo\/image\/\"},\"sameAs\":[\"https:\/\/instagram.com\/turunky\",\"https:\/\/linkedin.com\/turunky\"]},{\"@type\":\"Person\",\"@id\":\"https:\/\/www.tuky.fi\/etusivu\/#\/schema\/person\/0715edede6f9d54c694dcabff0dc204f\",\"name\":\"Vuosijuhlat\",\"image\":{\"@type\":\"ImageObject\",\"inLanguage\":\"fi\",\"@id\":\"https:\/\/secure.gravatar.com\/avatar\/c84dfd5a67676072cda55c2b646b8dea401a458dd2b334dc7915a06871c48d8f?s=96&d=mm&r=g\",\"url\":\"https:\/\/secure.gravatar.com\/avatar\/c84dfd5a67676072cda55c2b646b8dea401a458dd2b334dc7915a06871c48d8f?s=96&d=mm&r=g\",\"contentUrl\":\"https:\/\/secure.gravatar.com\/avatar\/c84dfd5a67676072cda55c2b646b8dea401a458dd2b334dc7915a06871c48d8f?s=96&d=mm&r=g\",\"caption\":\"Vuosijuhlat\"},\"url\":\"https:\/\/www.tuky.fi\/etusivu\/author\/vuosijuhlat\/\"}]}<\/script>\n<!-- \/ Yoast SEO plugin. -->","yoast_head_json":{"title":"Turun KY:n 76. vuosijuhlat hakevat viel\u00e4 yht\u00e4 yrityssuhdevastaavaa!\u00a0 - Turun KY","robots":{"index":"index","follow":"follow","max-snippet":"max-snippet:-1","max-image-preview":"max-image-preview:large","max-video-preview":"max-video-preview:-1"},"canonical":"https:\/\/www.tuky.fi\/etusivu\/ajankohtaista\/turun-kyn-76-vuosijuhlat-hakevat-viela-yhta-yrityssuhdevastaavaa\/","og_locale":"fi_FI","og_type":"article","og_title":"Turun KY:n 76. vuosijuhlat hakevat viel\u00e4 yht\u00e4 yrityssuhdevastaavaa!\u00a0 - Turun KY","og_description":"Vuosijuhlakausi ja sen kruunaavat Turun KY:n vuosijuhlat ovat vuoden kohokohta, jolloin kuntalaiset kaivavat parhaimpansa kaapistaan ja kokoontuvat yhdess\u00e4 juhlimaan arvokasta yhdistyst\u00e4mme. Juhlissa korostuvat pitk\u00e4 historiamme sek\u00e4 perinteet, mutta my\u00f6s uskallus [&hellip;]","og_url":"https:\/\/www.tuky.fi\/etusivu\/ajankohtaista\/turun-kyn-76-vuosijuhlat-hakevat-viela-yhta-yrityssuhdevastaavaa\/","og_site_name":"Turun KY","article_published_time":"2026-03-09T15:07:47+00:00","article_modified_time":"2026-03-09T15:13:34+00:00","og_image":[{"width":477,"height":73,"url":"https:\/\/www.tuky.fi\/wp-content\/uploads\/2026\/03\/image.jpeg","type":"image\/jpeg"}],"author":"Vuosijuhlat","twitter_card":"summary_large_image","twitter_misc":{"Kirjoittanut":"Vuosijuhlat","Arvioitu lukuaika":"5 minuuttia"},"schema":{"@context":"https:\/\/schema.org","@graph":[{"@type":"Article","@id":"https:\/\/www.tuky.fi\/etusivu\/ajankohtaista\/turun-kyn-76-vuosijuhlat-hakevat-viela-yhta-yrityssuhdevastaavaa\/#article","isPartOf":{"@id":"https:\/\/www.tuky.fi\/etusivu\/ajankohtaista\/turun-kyn-76-vuosijuhlat-hakevat-viela-yhta-yrityssuhdevastaavaa\/"},"author":{"name":"Vuosijuhlat","@id":"https:\/\/www.tuky.fi\/etusivu\/#\/schema\/person\/0715edede6f9d54c694dcabff0dc204f"},"headline":"Turun KY:n 76. vuosijuhlat hakevat viel\u00e4 yht\u00e4 yrityssuhdevastaavaa!\u00a0","datePublished":"2026-03-09T15:07:47+00:00","dateModified":"2026-03-09T15:13:34+00:00","mainEntityOfPage":{"@id":"https:\/\/www.tuky.fi\/etusivu\/ajankohtaista\/turun-kyn-76-vuosijuhlat-hakevat-viela-yhta-yrityssuhdevastaavaa\/"},"wordCount":683,"publisher":{"@id":"https:\/\/www.tuky.fi\/etusivu\/#organization"},"image":{"@id":"https:\/\/www.tuky.fi\/etusivu\/ajankohtaista\/turun-kyn-76-vuosijuhlat-hakevat-viela-yhta-yrityssuhdevastaavaa\/#primaryimage"},"thumbnailUrl":"https:\/\/www.tuky.fi\/wp-content\/uploads\/2026\/03\/image.jpeg","articleSection":["Ajankohtaista","TuKY hakee"],"inLanguage":"fi"},{"@type":"WebPage","@id":"https:\/\/www.tuky.fi\/etusivu\/ajankohtaista\/turun-kyn-76-vuosijuhlat-hakevat-viela-yhta-yrityssuhdevastaavaa\/","url":"https:\/\/www.tuky.fi\/etusivu\/ajankohtaista\/turun-kyn-76-vuosijuhlat-hakevat-viela-yhta-yrityssuhdevastaavaa\/","name":"Turun KY:n 76. vuosijuhlat hakevat viel\u00e4 yht\u00e4 yrityssuhdevastaavaa!\u00a0 - Turun KY","isPartOf":{"@id":"https:\/\/www.tuky.fi\/etusivu\/#website"},"primaryImageOfPage":{"@id":"https:\/\/www.tuky.fi\/etusivu\/ajankohtaista\/turun-kyn-76-vuosijuhlat-hakevat-viela-yhta-yrityssuhdevastaavaa\/#primaryimage"},"image":{"@id":"https:\/\/www.tuky.fi\/etusivu\/ajankohtaista\/turun-kyn-76-vuosijuhlat-hakevat-viela-yhta-yrityssuhdevastaavaa\/#primaryimage"},"thumbnailUrl":"https:\/\/www.tuky.fi\/wp-content\/uploads\/2026\/03\/image.jpeg","datePublished":"2026-03-09T15:07:47+00:00","dateModified":"2026-03-09T15:13:34+00:00","breadcrumb":{"@id":"https:\/\/www.tuky.fi\/etusivu\/ajankohtaista\/turun-kyn-76-vuosijuhlat-hakevat-viela-yhta-yrityssuhdevastaavaa\/#breadcrumb"},"inLanguage":"fi","potentialAction":[{"@type":"ReadAction","target":["https:\/\/www.tuky.fi\/etusivu\/ajankohtaista\/turun-kyn-76-vuosijuhlat-hakevat-viela-yhta-yrityssuhdevastaavaa\/"]}]},{"@type":"ImageObject","inLanguage":"fi","@id":"https:\/\/www.tuky.fi\/etusivu\/ajankohtaista\/turun-kyn-76-vuosijuhlat-hakevat-viela-yhta-yrityssuhdevastaavaa\/#primaryimage","url":"https:\/\/www.tuky.fi\/wp-content\/uploads\/2026\/03\/image.jpeg","contentUrl":"https:\/\/www.tuky.fi\/wp-content\/uploads\/2026\/03\/image.jpeg"},{"@type":"BreadcrumbList","@id":"https:\/\/www.tuky.fi\/etusivu\/ajankohtaista\/turun-kyn-76-vuosijuhlat-hakevat-viela-yhta-yrityssuhdevastaavaa\/#breadcrumb","itemListElement":[{"@type":"ListItem","position":1,"name":"Etusivu","item":"https:\/\/www.tuky.fi\/etusivu\/"},{"@type":"ListItem","position":2,"name":"Turun KY:n 76. vuosijuhlat hakevat viel\u00e4 yht\u00e4 yrityssuhdevastaavaa!\u00a0"}]},{"@type":"WebSite","@id":"https:\/\/www.tuky.fi\/etusivu\/#website","url":"https:\/\/www.tuky.fi\/etusivu\/","name":"Turun KY","description":"TuKY","publisher":{"@id":"https:\/\/www.tuky.fi\/etusivu\/#organization"},"alternateName":"TuKY","potentialAction":[{"@type":"SearchAction","target":{"@type":"EntryPoint","urlTemplate":"https:\/\/www.tuky.fi\/etusivu\/?s={search_term_string}"},"query-input":{"@type":"PropertyValueSpecification","valueRequired":true,"valueName":"search_term_string"}}],"inLanguage":"fi"},{"@type":"Organization","@id":"https:\/\/www.tuky.fi\/etusivu\/#organization","name":"Turun KY","alternateName":"TuKY","url":"https:\/\/www.tuky.fi\/etusivu\/","logo":{"@type":"ImageObject","inLanguage":"fi","@id":"https:\/\/www.tuky.fi\/etusivu\/#\/schema\/logo\/image\/","url":"https:\/\/www.tuky.fi\/wp-content\/uploads\/2024\/09\/TuKY-logo-kulta-1.png","contentUrl":"https:\/\/www.tuky.fi\/wp-content\/uploads\/2024\/09\/TuKY-logo-kulta-1.png","width":1080,"height":1080,"caption":"Turun KY"},"image":{"@id":"https:\/\/www.tuky.fi\/etusivu\/#\/schema\/logo\/image\/"},"sameAs":["https:\/\/instagram.com\/turunky","https:\/\/linkedin.com\/turunky"]},{"@type":"Person","@id":"https:\/\/www.tuky.fi\/etusivu\/#\/schema\/person\/0715edede6f9d54c694dcabff0dc204f","name":"Vuosijuhlat","image":{"@type":"ImageObject","inLanguage":"fi","@id":"https:\/\/secure.gravatar.com\/avatar\/c84dfd5a67676072cda55c2b646b8dea401a458dd2b334dc7915a06871c48d8f?s=96&d=mm&r=g","url":"https:\/\/secure.gravatar.com\/avatar\/c84dfd5a67676072cda55c2b646b8dea401a458dd2b334dc7915a06871c48d8f?s=96&d=mm&r=g","contentUrl":"https:\/\/secure.gravatar.com\/avatar\/c84dfd5a67676072cda55c2b646b8dea401a458dd2b334dc7915a06871c48d8f?s=96&d=mm&r=g","caption":"Vuosijuhlat"},"url":"https:\/\/www.tuky.fi\/etusivu\/author\/vuosijuhlat\/"}]}},"lang":"fi","translations":{"fi":53405},"pll_sync_post":[],"_links":{"self":[{"href":"https:\/\/www.tuky.fi\/etusivu\/wp-json\/wp\/v2\/posts\/53405","targetHints":{"allow":["GET"]}}],"collection":[{"href":"https:\/\/www.tuky.fi\/etusivu\/wp-json\/wp\/v2\/posts"}],"about":[{"href":"https:\/\/www.tuky.fi\/etusivu\/wp-json\/wp\/v2\/types\/post"}],"author":[{"embeddable":true,"href":"https:\/\/www.tuky.fi\/etusivu\/wp-json\/wp\/v2\/users\/21"}],"replies":[{"embeddable":true,"href":"https:\/\/www.tuky.fi\/etusivu\/wp-json\/wp\/v2\/comments?post=53405"}],"version-history":[{"count":1,"href":"https:\/\/www.tuky.fi\/etusivu\/wp-json\/wp\/v2\/posts\/53405\/revisions"}],"predecessor-version":[{"id":53407,"href":"https:\/\/www.tuky.fi\/etusivu\/wp-json\/wp\/v2\/posts\/53405\/revisions\/53407"}],"wp:attachment":[{"href":"https:\/\/www.tuky.fi\/etusivu\/wp-json\/wp\/v2\/media?parent=53405"}],"wp:term":[{"taxonomy":"category","embeddable":true,"href":"https:\/\/www.tuky.fi\/etusivu\/wp-json\/wp\/v2\/categories?post=53405"},{"taxonomy":"post_tag","embeddable":true,"href":"https:\/\/www.tuky.fi\/etusivu\/wp-json\/wp\/v2\/tags?post=53405"}],"curies":[{"name":"wp","href":"https:\/\/api.w.org\/{rel}","templated":true}]}}