{"id":53369,"date":"2026-03-05T17:54:41","date_gmt":"2026-03-05T14:54:41","guid":{"rendered":"https:\/\/www.tuky.fi\/etusivu\/?p=53369"},"modified":"2026-03-05T17:54:42","modified_gmt":"2026-03-05T14:54:42","slug":"tekeeko-varapuheenjohtaja-mitaan","status":"publish","type":"post","link":"https:\/\/www.tuky.fi\/etusivu\/tukyblogi\/tekeeko-varapuheenjohtaja-mitaan\/","title":{"rendered":"\u201dTekeek\u00f6 varapuheenjohtaja mit\u00e4\u00e4n?\u201d"},"content":{"rendered":"\n<p>\u201dTekeek\u00f6 varapuheenjohtaja mit\u00e4\u00e4n?\u201d on kysymys, joka usein esitet\u00e4\u00e4n vitsill\u00e4, mutta toisinaan kuitenkin ihan tosissaan. Ainakin pestin nimen perusteella varapuheenjohtaja, tekisi asioita vaan silloin kun puheenjohtaja ei niit\u00e4 pysty tekem\u00e4\u00e4n. No onhan t\u00e4ss\u00e4 todellisuudessa kaikenlaista, jolla saa viikot t\u00e4yttym\u00e4\u00e4n tekemisell\u00e4.<br><br>Ihan ensimm\u00e4isen\u00e4 kaikkien rakastamat kokoukset. Hallituksen kokousten lis\u00e4ksi on milloin mit\u00e4 muitakin kokouksia joihin varapuheenjohtaja osallistuu \u2013 v\u00e4lill\u00e4 muiden hallituksen j\u00e4senien kanssa ja v\u00e4lill\u00e4 yksin muiden sidosryhmien kanssa. N\u00e4m\u00e4 eiv\u00e4t kuitenkaan (onneksi) ty\u00f6llist\u00e4 itse kokouksiin osallistumisen lis\u00e4ksi aivan liikaa.&nbsp;<\/p>\n\n\n\n<p>Sitten on my\u00f6s t\u00e4m\u00e4 varapuheenjohtajan ep\u00e4virallisempi nimi, eli nakkikone. Kaikkialta ilmestyy aina satunnaisia teht\u00e4vi\u00e4, jotka eiv\u00e4t suoranaisesti kuulu kenellekk\u00e4\u00e4n. \u201dNo varapuheenjohtaja voi hoitaa.\u201d. T\u00e4ss\u00e4 esimerkiksi yksi kelkkakin rakennettu Pikkulaskiaiseen (ei muuten hajonnut m\u00e4ess\u00e4). Toisaalta n\u00e4it\u00e4 satunnaisia hommia on my\u00f6s ihan mukava hoitaa, sill\u00e4 ne tuovat paljon vaihtelua normaaleihin opiskeluviikkoihin.\u00a0<\/p>\n\n\n\n<p>Lopuksi p\u00e4\u00e4st\u00e4\u00e4n opiskelijoiden juhlaan eli vappuun, jota varapuheenjohtajan alaisuudessa hoitaa vapputuottaja tiimins\u00e4 kanssa. Vappuhan alkaa jo h\u00e4\u00e4m\u00f6tt\u00e4m\u00e4\u00e4n edess\u00e4p\u00e4in. Haluaisinkin jo t\u00e4ss\u00e4 vaiheessa muistuttaa sek\u00e4 her\u00e4tell\u00e4 jokaista Turun KY:n vapun aloittavasta Kuntalaisbailuista, joihin jokainen teist\u00e4 kuntalaisista on tervetullut!<\/p>\n\n\n\n<p>Hyv\u00e4\u00e4 alkanutta kev\u00e4tt\u00e4!<\/p>\n\n\n\n<figure class=\"wp-block-image size-full is-resized\"><img loading=\"lazy\" decoding=\"async\" width=\"800\" height=\"800\" src=\"https:\/\/www.tuky.fi\/wp-content\/uploads\/2026\/03\/Potretti.jpeg\" alt=\"\" class=\"wp-image-53370\" style=\"width:99px;height:auto\" srcset=\"https:\/\/www.tuky.fi\/wp-content\/uploads\/2026\/03\/Potretti.jpeg 800w, https:\/\/www.tuky.fi\/wp-content\/uploads\/2026\/03\/Potretti-480x480.jpeg 480w\" sizes=\"(min-width: 0px) and (max-width: 480px) 480px, (min-width: 481px) 800px, 100vw\" \/><\/figure>\n\n\n\n<p>Ilkka Pulkkinen<\/p>\n\n\n\n<p><em>Hallituksen varapuheenjohtaja<\/em><\/p>\n","protected":false},"excerpt":{"rendered":"<p>\u201dTekeek\u00f6 varapuheenjohtaja mit\u00e4\u00e4n?\u201d on kysymys, joka usein esitet\u00e4\u00e4n vitsill\u00e4, mutta toisinaan kuitenkin ihan tosissaan. Ainakin pestin nimen perusteella varapuheenjohtaja, tekisi asioita vaan silloin kun puheenjohtaja ei niit\u00e4 pysty tekem\u00e4\u00e4n. No [&hellip;]<\/p>\n","protected":false},"author":19,"featured_media":0,"comment_status":"closed","ping_status":"closed","sticky":false,"template":"","format":"standard","meta":{"_et_pb_use_builder":"off","_et_pb_old_content":"","_et_gb_content_width":"","footnotes":""},"categories":[6],"tags":[],"class_list":["post-53369","post","type-post","status-publish","format-standard","hentry","category-tukyblogi"],"yoast_head":"<!-- This site is optimized with the Yoast SEO plugin v27.2 - https:\/\/yoast.com\/product\/yoast-seo-wordpress\/ -->\n<title>\u201dTekeek\u00f6 varapuheenjohtaja mit\u00e4\u00e4n?\u201d - Turun KY<\/title>\n<meta name=\"robots\" content=\"index, follow, max-snippet:-1, max-image-preview:large, max-video-preview:-1\" \/>\n<link rel=\"canonical\" href=\"https:\/\/www.tuky.fi\/etusivu\/tukyblogi\/tekeeko-varapuheenjohtaja-mitaan\/\" \/>\n<meta property=\"og:locale\" content=\"fi_FI\" \/>\n<meta property=\"og:type\" content=\"article\" \/>\n<meta property=\"og:title\" content=\"\u201dTekeek\u00f6 varapuheenjohtaja mit\u00e4\u00e4n?\u201d - Turun KY\" \/>\n<meta property=\"og:description\" content=\"\u201dTekeek\u00f6 varapuheenjohtaja mit\u00e4\u00e4n?\u201d on kysymys, joka usein esitet\u00e4\u00e4n vitsill\u00e4, mutta toisinaan kuitenkin ihan tosissaan. Ainakin pestin nimen perusteella varapuheenjohtaja, tekisi asioita vaan silloin kun puheenjohtaja ei niit\u00e4 pysty tekem\u00e4\u00e4n. No [&hellip;]\" \/>\n<meta property=\"og:url\" content=\"https:\/\/www.tuky.fi\/etusivu\/tukyblogi\/tekeeko-varapuheenjohtaja-mitaan\/\" \/>\n<meta property=\"og:site_name\" content=\"Turun KY\" \/>\n<meta property=\"article:published_time\" content=\"2026-03-05T14:54:41+00:00\" \/>\n<meta property=\"article:modified_time\" content=\"2026-03-05T14:54:42+00:00\" \/>\n<meta property=\"og:image\" content=\"https:\/\/www.tuky.fi\/wp-content\/uploads\/2026\/03\/Potretti.jpeg\" \/>\n\t<meta property=\"og:image:width\" content=\"800\" \/>\n\t<meta property=\"og:image:height\" content=\"800\" \/>\n\t<meta property=\"og:image:type\" content=\"image\/jpeg\" \/>\n<meta name=\"author\" content=\"Hallituksen varapuheenjohtaja\" \/>\n<meta name=\"twitter:card\" content=\"summary_large_image\" \/>\n<meta name=\"twitter:label1\" content=\"Kirjoittanut\" \/>\n\t<meta name=\"twitter:data1\" content=\"Hallituksen varapuheenjohtaja\" \/>\n\t<meta name=\"twitter:label2\" content=\"Arvioitu lukuaika\" \/>\n\t<meta name=\"twitter:data2\" content=\"2 minuuttia\" \/>\n<script type=\"application\/ld+json\" class=\"yoast-schema-graph\">{\"@context\":\"https:\/\/schema.org\",\"@graph\":[{\"@type\":\"Article\",\"@id\":\"https:\/\/www.tuky.fi\/etusivu\/tukyblogi\/tekeeko-varapuheenjohtaja-mitaan\/#article\",\"isPartOf\":{\"@id\":\"https:\/\/www.tuky.fi\/etusivu\/tukyblogi\/tekeeko-varapuheenjohtaja-mitaan\/\"},\"author\":{\"name\":\"Hallituksen varapuheenjohtaja\",\"@id\":\"https:\/\/www.tuky.fi\/etusivu\/#\/schema\/person\/3be6d98d6792157b46f32757bc9712ce\"},\"headline\":\"\u201dTekeek\u00f6 varapuheenjohtaja mit\u00e4\u00e4n?\u201d\",\"datePublished\":\"2026-03-05T14:54:41+00:00\",\"dateModified\":\"2026-03-05T14:54:42+00:00\",\"mainEntityOfPage\":{\"@id\":\"https:\/\/www.tuky.fi\/etusivu\/tukyblogi\/tekeeko-varapuheenjohtaja-mitaan\/\"},\"wordCount\":212,\"publisher\":{\"@id\":\"https:\/\/www.tuky.fi\/etusivu\/#organization\"},\"image\":{\"@id\":\"https:\/\/www.tuky.fi\/etusivu\/tukyblogi\/tekeeko-varapuheenjohtaja-mitaan\/#primaryimage\"},\"thumbnailUrl\":\"https:\/\/www.tuky.fi\/wp-content\/uploads\/2026\/03\/Potretti.jpeg\",\"articleSection\":[\"TuKY-blogi\"],\"inLanguage\":\"fi\"},{\"@type\":\"WebPage\",\"@id\":\"https:\/\/www.tuky.fi\/etusivu\/tukyblogi\/tekeeko-varapuheenjohtaja-mitaan\/\",\"url\":\"https:\/\/www.tuky.fi\/etusivu\/tukyblogi\/tekeeko-varapuheenjohtaja-mitaan\/\",\"name\":\"\u201dTekeek\u00f6 varapuheenjohtaja mit\u00e4\u00e4n?\u201d - Turun KY\",\"isPartOf\":{\"@id\":\"https:\/\/www.tuky.fi\/etusivu\/#website\"},\"primaryImageOfPage\":{\"@id\":\"https:\/\/www.tuky.fi\/etusivu\/tukyblogi\/tekeeko-varapuheenjohtaja-mitaan\/#primaryimage\"},\"image\":{\"@id\":\"https:\/\/www.tuky.fi\/etusivu\/tukyblogi\/tekeeko-varapuheenjohtaja-mitaan\/#primaryimage\"},\"thumbnailUrl\":\"https:\/\/www.tuky.fi\/wp-content\/uploads\/2026\/03\/Potretti.jpeg\",\"datePublished\":\"2026-03-05T14:54:41+00:00\",\"dateModified\":\"2026-03-05T14:54:42+00:00\",\"breadcrumb\":{\"@id\":\"https:\/\/www.tuky.fi\/etusivu\/tukyblogi\/tekeeko-varapuheenjohtaja-mitaan\/#breadcrumb\"},\"inLanguage\":\"fi\",\"potentialAction\":[{\"@type\":\"ReadAction\",\"target\":[\"https:\/\/www.tuky.fi\/etusivu\/tukyblogi\/tekeeko-varapuheenjohtaja-mitaan\/\"]}]},{\"@type\":\"ImageObject\",\"inLanguage\":\"fi\",\"@id\":\"https:\/\/www.tuky.fi\/etusivu\/tukyblogi\/tekeeko-varapuheenjohtaja-mitaan\/#primaryimage\",\"url\":\"https:\/\/www.tuky.fi\/wp-content\/uploads\/2026\/03\/Potretti.jpeg\",\"contentUrl\":\"https:\/\/www.tuky.fi\/wp-content\/uploads\/2026\/03\/Potretti.jpeg\"},{\"@type\":\"BreadcrumbList\",\"@id\":\"https:\/\/www.tuky.fi\/etusivu\/tukyblogi\/tekeeko-varapuheenjohtaja-mitaan\/#breadcrumb\",\"itemListElement\":[{\"@type\":\"ListItem\",\"position\":1,\"name\":\"Etusivu\",\"item\":\"https:\/\/www.tuky.fi\/etusivu\/\"},{\"@type\":\"ListItem\",\"position\":2,\"name\":\"\u201dTekeek\u00f6 varapuheenjohtaja mit\u00e4\u00e4n?\u201d\"}]},{\"@type\":\"WebSite\",\"@id\":\"https:\/\/www.tuky.fi\/etusivu\/#website\",\"url\":\"https:\/\/www.tuky.fi\/etusivu\/\",\"name\":\"Turun KY\",\"description\":\"TuKY\",\"publisher\":{\"@id\":\"https:\/\/www.tuky.fi\/etusivu\/#organization\"},\"alternateName\":\"TuKY\",\"potentialAction\":[{\"@type\":\"SearchAction\",\"target\":{\"@type\":\"EntryPoint\",\"urlTemplate\":\"https:\/\/www.tuky.fi\/etusivu\/?s={search_term_string}\"},\"query-input\":{\"@type\":\"PropertyValueSpecification\",\"valueRequired\":true,\"valueName\":\"search_term_string\"}}],\"inLanguage\":\"fi\"},{\"@type\":\"Organization\",\"@id\":\"https:\/\/www.tuky.fi\/etusivu\/#organization\",\"name\":\"Turun KY\",\"alternateName\":\"TuKY\",\"url\":\"https:\/\/www.tuky.fi\/etusivu\/\",\"logo\":{\"@type\":\"ImageObject\",\"inLanguage\":\"fi\",\"@id\":\"https:\/\/www.tuky.fi\/etusivu\/#\/schema\/logo\/image\/\",\"url\":\"https:\/\/www.tuky.fi\/wp-content\/uploads\/2024\/09\/TuKY-logo-kulta-1.png\",\"contentUrl\":\"https:\/\/www.tuky.fi\/wp-content\/uploads\/2024\/09\/TuKY-logo-kulta-1.png\",\"width\":1080,\"height\":1080,\"caption\":\"Turun KY\"},\"image\":{\"@id\":\"https:\/\/www.tuky.fi\/etusivu\/#\/schema\/logo\/image\/\"},\"sameAs\":[\"https:\/\/instagram.com\/turunky\",\"https:\/\/linkedin.com\/turunky\"]},{\"@type\":\"Person\",\"@id\":\"https:\/\/www.tuky.fi\/etusivu\/#\/schema\/person\/3be6d98d6792157b46f32757bc9712ce\",\"name\":\"Hallituksen varapuheenjohtaja\",\"image\":{\"@type\":\"ImageObject\",\"inLanguage\":\"fi\",\"@id\":\"https:\/\/secure.gravatar.com\/avatar\/498c43e46c608fbabac5e893f3405adf1d9d4423a5135f21b1a9ade7f0580409?s=96&d=mm&r=g\",\"url\":\"https:\/\/secure.gravatar.com\/avatar\/498c43e46c608fbabac5e893f3405adf1d9d4423a5135f21b1a9ade7f0580409?s=96&d=mm&r=g\",\"contentUrl\":\"https:\/\/secure.gravatar.com\/avatar\/498c43e46c608fbabac5e893f3405adf1d9d4423a5135f21b1a9ade7f0580409?s=96&d=mm&r=g\",\"caption\":\"Hallituksen varapuheenjohtaja\"},\"url\":\"https:\/\/www.tuky.fi\/etusivu\/author\/ky-hallitus-vpj\/\"}]}<\/script>\n<!-- \/ Yoast SEO plugin. -->","yoast_head_json":{"title":"\u201dTekeek\u00f6 varapuheenjohtaja mit\u00e4\u00e4n?\u201d - Turun KY","robots":{"index":"index","follow":"follow","max-snippet":"max-snippet:-1","max-image-preview":"max-image-preview:large","max-video-preview":"max-video-preview:-1"},"canonical":"https:\/\/www.tuky.fi\/etusivu\/tukyblogi\/tekeeko-varapuheenjohtaja-mitaan\/","og_locale":"fi_FI","og_type":"article","og_title":"\u201dTekeek\u00f6 varapuheenjohtaja mit\u00e4\u00e4n?\u201d - Turun KY","og_description":"\u201dTekeek\u00f6 varapuheenjohtaja mit\u00e4\u00e4n?\u201d on kysymys, joka usein esitet\u00e4\u00e4n vitsill\u00e4, mutta toisinaan kuitenkin ihan tosissaan. Ainakin pestin nimen perusteella varapuheenjohtaja, tekisi asioita vaan silloin kun puheenjohtaja ei niit\u00e4 pysty tekem\u00e4\u00e4n. No [&hellip;]","og_url":"https:\/\/www.tuky.fi\/etusivu\/tukyblogi\/tekeeko-varapuheenjohtaja-mitaan\/","og_site_name":"Turun KY","article_published_time":"2026-03-05T14:54:41+00:00","article_modified_time":"2026-03-05T14:54:42+00:00","og_image":[{"width":800,"height":800,"url":"https:\/\/www.tuky.fi\/wp-content\/uploads\/2026\/03\/Potretti.jpeg","type":"image\/jpeg"}],"author":"Hallituksen varapuheenjohtaja","twitter_card":"summary_large_image","twitter_misc":{"Kirjoittanut":"Hallituksen varapuheenjohtaja","Arvioitu lukuaika":"2 minuuttia"},"schema":{"@context":"https:\/\/schema.org","@graph":[{"@type":"Article","@id":"https:\/\/www.tuky.fi\/etusivu\/tukyblogi\/tekeeko-varapuheenjohtaja-mitaan\/#article","isPartOf":{"@id":"https:\/\/www.tuky.fi\/etusivu\/tukyblogi\/tekeeko-varapuheenjohtaja-mitaan\/"},"author":{"name":"Hallituksen varapuheenjohtaja","@id":"https:\/\/www.tuky.fi\/etusivu\/#\/schema\/person\/3be6d98d6792157b46f32757bc9712ce"},"headline":"\u201dTekeek\u00f6 varapuheenjohtaja mit\u00e4\u00e4n?\u201d","datePublished":"2026-03-05T14:54:41+00:00","dateModified":"2026-03-05T14:54:42+00:00","mainEntityOfPage":{"@id":"https:\/\/www.tuky.fi\/etusivu\/tukyblogi\/tekeeko-varapuheenjohtaja-mitaan\/"},"wordCount":212,"publisher":{"@id":"https:\/\/www.tuky.fi\/etusivu\/#organization"},"image":{"@id":"https:\/\/www.tuky.fi\/etusivu\/tukyblogi\/tekeeko-varapuheenjohtaja-mitaan\/#primaryimage"},"thumbnailUrl":"https:\/\/www.tuky.fi\/wp-content\/uploads\/2026\/03\/Potretti.jpeg","articleSection":["TuKY-blogi"],"inLanguage":"fi"},{"@type":"WebPage","@id":"https:\/\/www.tuky.fi\/etusivu\/tukyblogi\/tekeeko-varapuheenjohtaja-mitaan\/","url":"https:\/\/www.tuky.fi\/etusivu\/tukyblogi\/tekeeko-varapuheenjohtaja-mitaan\/","name":"\u201dTekeek\u00f6 varapuheenjohtaja mit\u00e4\u00e4n?\u201d - Turun KY","isPartOf":{"@id":"https:\/\/www.tuky.fi\/etusivu\/#website"},"primaryImageOfPage":{"@id":"https:\/\/www.tuky.fi\/etusivu\/tukyblogi\/tekeeko-varapuheenjohtaja-mitaan\/#primaryimage"},"image":{"@id":"https:\/\/www.tuky.fi\/etusivu\/tukyblogi\/tekeeko-varapuheenjohtaja-mitaan\/#primaryimage"},"thumbnailUrl":"https:\/\/www.tuky.fi\/wp-content\/uploads\/2026\/03\/Potretti.jpeg","datePublished":"2026-03-05T14:54:41+00:00","dateModified":"2026-03-05T14:54:42+00:00","breadcrumb":{"@id":"https:\/\/www.tuky.fi\/etusivu\/tukyblogi\/tekeeko-varapuheenjohtaja-mitaan\/#breadcrumb"},"inLanguage":"fi","potentialAction":[{"@type":"ReadAction","target":["https:\/\/www.tuky.fi\/etusivu\/tukyblogi\/tekeeko-varapuheenjohtaja-mitaan\/"]}]},{"@type":"ImageObject","inLanguage":"fi","@id":"https:\/\/www.tuky.fi\/etusivu\/tukyblogi\/tekeeko-varapuheenjohtaja-mitaan\/#primaryimage","url":"https:\/\/www.tuky.fi\/wp-content\/uploads\/2026\/03\/Potretti.jpeg","contentUrl":"https:\/\/www.tuky.fi\/wp-content\/uploads\/2026\/03\/Potretti.jpeg"},{"@type":"BreadcrumbList","@id":"https:\/\/www.tuky.fi\/etusivu\/tukyblogi\/tekeeko-varapuheenjohtaja-mitaan\/#breadcrumb","itemListElement":[{"@type":"ListItem","position":1,"name":"Etusivu","item":"https:\/\/www.tuky.fi\/etusivu\/"},{"@type":"ListItem","position":2,"name":"\u201dTekeek\u00f6 varapuheenjohtaja mit\u00e4\u00e4n?\u201d"}]},{"@type":"WebSite","@id":"https:\/\/www.tuky.fi\/etusivu\/#website","url":"https:\/\/www.tuky.fi\/etusivu\/","name":"Turun KY","description":"TuKY","publisher":{"@id":"https:\/\/www.tuky.fi\/etusivu\/#organization"},"alternateName":"TuKY","potentialAction":[{"@type":"SearchAction","target":{"@type":"EntryPoint","urlTemplate":"https:\/\/www.tuky.fi\/etusivu\/?s={search_term_string}"},"query-input":{"@type":"PropertyValueSpecification","valueRequired":true,"valueName":"search_term_string"}}],"inLanguage":"fi"},{"@type":"Organization","@id":"https:\/\/www.tuky.fi\/etusivu\/#organization","name":"Turun KY","alternateName":"TuKY","url":"https:\/\/www.tuky.fi\/etusivu\/","logo":{"@type":"ImageObject","inLanguage":"fi","@id":"https:\/\/www.tuky.fi\/etusivu\/#\/schema\/logo\/image\/","url":"https:\/\/www.tuky.fi\/wp-content\/uploads\/2024\/09\/TuKY-logo-kulta-1.png","contentUrl":"https:\/\/www.tuky.fi\/wp-content\/uploads\/2024\/09\/TuKY-logo-kulta-1.png","width":1080,"height":1080,"caption":"Turun KY"},"image":{"@id":"https:\/\/www.tuky.fi\/etusivu\/#\/schema\/logo\/image\/"},"sameAs":["https:\/\/instagram.com\/turunky","https:\/\/linkedin.com\/turunky"]},{"@type":"Person","@id":"https:\/\/www.tuky.fi\/etusivu\/#\/schema\/person\/3be6d98d6792157b46f32757bc9712ce","name":"Hallituksen varapuheenjohtaja","image":{"@type":"ImageObject","inLanguage":"fi","@id":"https:\/\/secure.gravatar.com\/avatar\/498c43e46c608fbabac5e893f3405adf1d9d4423a5135f21b1a9ade7f0580409?s=96&d=mm&r=g","url":"https:\/\/secure.gravatar.com\/avatar\/498c43e46c608fbabac5e893f3405adf1d9d4423a5135f21b1a9ade7f0580409?s=96&d=mm&r=g","contentUrl":"https:\/\/secure.gravatar.com\/avatar\/498c43e46c608fbabac5e893f3405adf1d9d4423a5135f21b1a9ade7f0580409?s=96&d=mm&r=g","caption":"Hallituksen varapuheenjohtaja"},"url":"https:\/\/www.tuky.fi\/etusivu\/author\/ky-hallitus-vpj\/"}]}},"lang":"fi","translations":{"fi":53369},"pll_sync_post":[],"_links":{"self":[{"href":"https:\/\/www.tuky.fi\/etusivu\/wp-json\/wp\/v2\/posts\/53369","targetHints":{"allow":["GET"]}}],"collection":[{"href":"https:\/\/www.tuky.fi\/etusivu\/wp-json\/wp\/v2\/posts"}],"about":[{"href":"https:\/\/www.tuky.fi\/etusivu\/wp-json\/wp\/v2\/types\/post"}],"author":[{"embeddable":true,"href":"https:\/\/www.tuky.fi\/etusivu\/wp-json\/wp\/v2\/users\/19"}],"replies":[{"embeddable":true,"href":"https:\/\/www.tuky.fi\/etusivu\/wp-json\/wp\/v2\/comments?post=53369"}],"version-history":[{"count":1,"href":"https:\/\/www.tuky.fi\/etusivu\/wp-json\/wp\/v2\/posts\/53369\/revisions"}],"predecessor-version":[{"id":53371,"href":"https:\/\/www.tuky.fi\/etusivu\/wp-json\/wp\/v2\/posts\/53369\/revisions\/53371"}],"wp:attachment":[{"href":"https:\/\/www.tuky.fi\/etusivu\/wp-json\/wp\/v2\/media?parent=53369"}],"wp:term":[{"taxonomy":"category","embeddable":true,"href":"https:\/\/www.tuky.fi\/etusivu\/wp-json\/wp\/v2\/categories?post=53369"},{"taxonomy":"post_tag","embeddable":true,"href":"https:\/\/www.tuky.fi\/etusivu\/wp-json\/wp\/v2\/tags?post=53369"}],"curies":[{"name":"wp","href":"https:\/\/api.w.org\/{rel}","templated":true}]}}