{"id":50807,"date":"2025-05-04T15:07:51","date_gmt":"2025-05-04T12:07:51","guid":{"rendered":"https:\/\/www.tuky.fi\/etusivu\/?p=50807"},"modified":"2025-05-04T15:07:52","modified_gmt":"2025-05-04T12:07:52","slug":"tuky-speksin-rankahaku-on-nyt-auki","status":"publish","type":"post","link":"https:\/\/www.tuky.fi\/etusivu\/ajankohtaista\/tuky-speksin-rankahaku-on-nyt-auki\/","title":{"rendered":"TuKY-Speksin rankahaku on nyt auki!"},"content":{"rendered":"\n<p>(In English below)<\/p>\n\n\n\n<p>TuKY-Speksill\u00e4 on j\u00e4lleen onnistunut vuosi takana! Haluamme kiitt\u00e4\u00e4 vuoden 2025 produktiota kaikesta siit\u00e4 ty\u00f6st\u00e4 mit\u00e4 spektaakkelin onnistuminen vaati. Nyt on vuoden 2026 produktion vuoro \u2013 kaksi uutta tuottajaa palavat halusta p\u00e4\u00e4st\u00e4 ty\u00f6h\u00f6n. Aloitamme jo nyt kev\u00e4\u00e4ll\u00e4 haut kaikkiin TuKY-Speksin erikoispesteihin ja tiimien vastuupesteihin sek\u00e4 koko k\u00e4sikirjoitustiimiin! Toivomme, ett\u00e4 juuri\u00a0<strong>SIN\u00c4\u00a0<\/strong>haet rohkeasti mukaan toteuttamaan vuoden 2026\u00a0<strong>TuKY-Speksi\u00e4<\/strong>!<\/p>\n\n\n\n<p>Moni kysyy edelleen, mit\u00e4 on tuo Speksi? Onko se joku teatterikerho? Speksi on t\u00e4ydellinen v\u00e4yl\u00e4 itseilmaisua rakastavalle. Speksi on mahdollisuus eskapismiin opintojen keskell\u00e4 yhdess\u00e4 samanhenkisten kanssaopiskelijoiden kanssa. Speksi on el\u00e4mys, jossa yhdistyv\u00e4t musikaali- sek\u00e4 improvisaatioteatteri. Speksi on harvinainen tilaisuus rakentaa jotain unohtumatonta ja luoda uniikkeja muistoja.<\/p>\n\n\n\n<p>Etsi itsellesi seuraavista (lista alla) sinua eniten kiinnostava pesti, tai vaikka parikin \u2013 kaikki osaaminen ja ideat ovat enemm\u00e4n kuin tervetulleita. Kirjoita vapaamuotoinen hakemus, jossa kerrot mit\u00e4 annettavaa sinulla olisi haettuun pestiin ja tulevalle produktiolle. Osaan pesteist\u00e4 voi my\u00f6s hakea parin kanssa! Pestien nimien per\u00e4\u00e4n olemme merkinneet henkil\u00f6m\u00e4\u00e4r\u00e4n, jonka olemme valmiita valitsemaan kyseiseen pestiin. Hae rohkeasti yksin tai kaverin kanssa. Parina hakevat arvioidaan haastatteluvaiheessa yhdess\u00e4.\u00a0<\/p>\n\n\n\n<p>L\u00e4het\u00e4th\u00e4n hakemuksesi<strong>\u00a0viimeist\u00e4\u00e4n 6.5. klo 23.59 menness\u00e4 osoitteeseen speksituottajat@tuky.fi. Hakijoita haastatellaan tarvittaessa, ja haastatteluita pidet\u00e4\u00e4n jo ennen hakuajan sulkeutumista sek\u00e4 hakuajan j\u00e4lkeen viikon 19 loppuun asti.\u00a0<\/strong>Valinnat tehd\u00e4\u00e4n Turun KY:n\u00a0<a href=\"https:\/\/www.tuky.fi\/wp-content\/uploads\/2024\/10\/Henkilovalintojen-ohjesaanto.pdf\" target=\"_blank\" rel=\"noreferrer noopener\">henkil\u00f6valintojen ohjes\u00e4\u00e4nn\u00f6n<\/a>\u00a0mukaan mukaan.<\/p>\n\n\n\n<p>Haussa arviointikriteerimme jakautuvat kahteen kategoriaan: kriteerit, joita\u00a0<strong>edellyt\u00e4mme<\/strong>, sek\u00e4 kriteerit, jotka\u00a0<strong>katsomme eduksi<\/strong>.<\/p>\n\n\n\n<p>Mit\u00e4 edellyt\u00e4mme:<\/p>\n\n\n\n<ul class=\"wp-block-list\">\n<li>Sitoutumista vuoden kest\u00e4v\u00e4\u00e4n produktioon ja speksirangan kokouksiin<\/li>\n\n\n\n<li>Paineensietokyky\u00e4<\/li>\n<\/ul>\n\n\n\n<p>Mit\u00e4 katsomme eduksi:<\/p>\n\n\n\n<ul class=\"wp-block-list\">\n<li>Kokemus pestikohtaisesta erityisosaamisesta<\/li>\n\n\n\n<li>Kokemus speksiproduktiosta<\/li>\n<\/ul>\n\n\n\n<p><strong>Erikoispestit:<\/strong><\/p>\n\n\n\n<p><strong>Art Director (AD) (1 hl\u00f6)<\/strong><\/p>\n\n\n\n<ul class=\"wp-block-list\">\n<li>Osa markkinointitiimi\u00e4<\/li>\n\n\n\n<li>Vastaa visuaalisesta ilmeest\u00e4 sosiaalisessa mediassa<\/li>\n\n\n\n<li>K\u00e4siohjelman suunnittelu ja toteutus<\/li>\n<\/ul>\n\n\n\n<p><strong>Valokuvaaja (1-2 hl\u00f6)<\/strong><\/p>\n\n\n\n<ul class=\"wp-block-list\">\n<li>Osa speksirankaa, osallistuu tarvittaessa rangan kokouksiin<\/li>\n\n\n\n<li>Toimii osaksi itsen\u00e4isesti, mutta tekee tiivist\u00e4 yhteisty\u00f6t\u00e4 markkinointitiimin ja AD:n kanssa<\/li>\n\n\n\n<li>Valokuvamateriaalin ottaminen k\u00e4siohjelmaa ja promomateriaalia varten<\/li>\n\n\n\n<li>Kuvaa n\u00e4yt\u00f6skaudella esityksi\u00e4<\/li>\n\n\n\n<li>Valokuvaa tarvittaessa tapahtumissa, joissa Speksi edustaa<\/li>\n\n\n\n<li>Hakijalla oltava oma kamera<\/li>\n\n\n\n<li>Eduksi katsotaan kuvan-\/videonmuokkausohjelmien k\u00e4ytt\u00f6<\/li>\n<\/ul>\n\n\n\n<p><strong>Controller (1 hl\u00f6)<\/strong><\/p>\n\n\n\n<ul class=\"wp-block-list\">\n<li>Hoitaa juoksevan rahaliikenteen sek\u00e4 kirjanpidon (esim. laskujen maksu ja l\u00e4hetys)<\/li>\n\n\n\n<li>Laatii budjetin yhdess\u00e4 tuottajien ja vanhan controllerin kanssa, sek\u00e4 p\u00e4ivitt\u00e4\u00e4 ja seuraa sit\u00e4<\/li>\n\n\n\n<li>Vuoden lopuksi tekee tilinp\u00e4\u00e4t\u00f6ksen<\/li>\n<\/ul>\n\n\n\n<p><strong>Apulaisohjaaja (1 hl\u00f6)<\/strong><\/p>\n\n\n\n<ul class=\"wp-block-list\">\n<li>Ohjaajan oikea k\u00e4si, vet\u00e4\u00e4 n\u00e4yttelij\u00e4tiimi\u00e4 yhdess\u00e4 ohjaajan kanssa<\/li>\n\n\n\n<li>Kykenee vet\u00e4m\u00e4\u00e4n treenej\u00e4 n\u00e4yttelij\u00f6ille tilanteessa, jossa ohjaaja ei p\u00e4\u00e4se paikalle<\/li>\n<\/ul>\n\n\n\n<p><strong>Stage Manager (1 hl\u00f6)<\/strong><\/p>\n\n\n\n<ul class=\"wp-block-list\">\n<li>Vastaa n\u00e4yt\u00f6skaudella esitysp\u00e4ivien aikataulutuksesta (soundcheck, tekniikka, tiimien saapumisajat jne.)<\/li>\n\n\n\n<li>Vastaa lavan valmiudesta esitysten aikana<\/li>\n\n\n\n<li>Yhteistreenien organisointi (sovittavissa tuottajien kanssa)<\/li>\n<\/ul>\n\n\n\n<p><strong>Interspeksivastaava (1 hl\u00f6)<\/strong><\/p>\n\n\n\n<ul class=\"wp-block-list\">\n<li>Yhteisty\u00f6 muiden Speksien kanssa (interspeksi-tapahtumien suunnittelu ja toteutus)<\/li>\n<\/ul>\n\n\n\n<p><strong>Tiimivastaavat:<\/strong> Tiimivastaavat ovat vastuussa oman tiimins\u00e4 kokonaisuudesta ja huolehtivat yhdess\u00e4 tiimins\u00e4 kanssa oman osa-alueensa suunnittelusta ja toteutuksesta osana speksi\u00e4. Pesteist\u00e4 saa arvokasta ty\u00f6kokemusta. Tiimit ovat pieni\u00e4 ja hallittavia kokonaisuuksia. Tiimivastaavana johdat tiimisi sis\u00e4isi\u00e4 kokouksia sek\u00e4 olet osa tiimi\u00e4 eli p\u00e4\u00e4set my\u00f6s kiinni tekemisen meininkiin. Tiimivastaava tekee yhteisty\u00f6t\u00e4 ohjaajan kanssa ottaen h\u00e4nen n\u00e4kemyksens\u00e4 huomioon.<\/p>\n\n\n\n<p><strong>K\u00e4sikirjoitustiimi (Vastaava 1 hl\u00f6 &#8211; koko k\u00e4ss\u00e4ritiimi haetaan NYT! Ks. alempana)<\/strong><\/p>\n\n\n\n<ul class=\"wp-block-list\">\n<li>Vastaa siit\u00e4, ett\u00e4 tulevan produktion k\u00e4sikirjoitus on valmiina ensi syksyn alkuun menness\u00e4<\/li>\n\n\n\n<li>Valitsee tiimin kanssa produktiossa esitett\u00e4v\u00e4t biisit ja vastaa niiden uudelleensanoituksesta<\/li>\n\n\n\n<li><strong>Ilmoitathan\u00a0<\/strong>hakemuksessasi, haluatko k\u00e4sikirjoitustiimin j\u00e4seneksi vai vastaavaksi<\/li>\n\n\n\n<li><strong>Voit my\u00f6s hakea vain kappaleiden uudelleensanoittamisen teht\u00e4v\u00e4\u00e4<\/strong>, jos sinulla on erityisosaamista kyseisell\u00e4 alueella! Kerrothan meille, jos t\u00e4m\u00e4 olisi jotain, mist\u00e4 olisit kiinnostunut<\/li>\n<\/ul>\n\n\n\n<p><strong>Markkinointivastaava (1-2 hl\u00f6)<\/strong><\/p>\n\n\n\n<ul class=\"wp-block-list\">\n<li>Hoitaa lipunmyynnin sek\u00e4 some-sis\u00e4ll\u00f6n ja konkreettisen markkinoinnin suunnittelun ja aikataulutuksen<\/li>\n\n\n\n<li>Markkinointitiimin vet\u00e4minen<\/li>\n\n\n\n<li>Useamman kiinnostuneen l\u00f6ytyess\u00e4 teht\u00e4v\u00e4t eritelt\u00e4isiin br\u00e4ndivastaavan ja\u00a0muusta markkinoinnista vastaavan alakategorioihin<\/li>\n<\/ul>\n\n\n\n<p><strong>Lavastustiimivastaava (1-2 hl\u00f6)<\/strong><\/p>\n\n\n\n<ul class=\"wp-block-list\">\n<li>Suunnittelee ja toteuttaa lavastuksen ilmeen annetun budjetin puitteissa<\/li>\n\n\n\n<li>Lavasteiden hankinta (askartelu my\u00f6s eritt\u00e4in todenn\u00e4k\u00f6ist\u00e4)<\/li>\n<\/ul>\n\n\n\n<p><strong>Puvustustiimivastaava (1-2 hl\u00f6)<\/strong><\/p>\n\n\n\n<ul class=\"wp-block-list\">\n<li>Suunnittelee ja toteuttaa puvustuksen ilmeen esiintyj\u00e4tiimeille annetun budjetin puitteissa<\/li>\n\n\n\n<li>Kirppistely<\/li>\n\n\n\n<li>Ompeluty\u00f6t (ei pakollista, tilannesidonnaista)<\/li>\n<\/ul>\n\n\n\n<p><strong>Maskeeraustiimivastaava (1-2 hl\u00f6)<\/strong><\/p>\n\n\n\n<ul class=\"wp-block-list\">\n<li>Suunnittelee ja toteuttaa maskeerauksen<\/li>\n\n\n\n<li>Hankkii maskeeraukseen tarvittavat v\u00e4lineet annetun budjetin puitteissa<\/li>\n<\/ul>\n\n\n\n<p><strong>Yrityssuhdetiimivastaava (1 hl\u00f6)<\/strong><\/p>\n\n\n\n<ul class=\"wp-block-list\">\n<li>Sponsoreiden ja yritysyhteist\u00f6iden hankinta ja sopiminen<\/li>\n<\/ul>\n\n\n\n<p><strong>Tekniikkatiimivastaava (1-2 hl\u00f6<\/strong>)<\/p>\n\n\n\n<ul class=\"wp-block-list\">\n<li>Valo-, \u00e4\u00e4ni- sek\u00e4 muusta tekniikasta vastaaminen<\/li>\n<\/ul>\n\n\n\n<p><strong>Tanssitiimivastaava (1-2 hl\u00f6)<\/strong><\/p>\n\n\n\n<ul class=\"wp-block-list\">\n<li>Tanssien koreografioiden suunnittelu (yhdess\u00e4 tanssitiimin kanssa)<\/li>\n\n\n\n<li>Tanssitreenien aikataulutus<\/li>\n<\/ul>\n\n\n\n<p><strong>B\u00e4ndivastaava (1-2 hl\u00f6)<\/strong><\/p>\n\n\n\n<ul class=\"wp-block-list\">\n<li>B\u00e4ndin kasaaminen (yhdess\u00e4 lauluvastaavan kanssa)<\/li>\n\n\n\n<li>B\u00e4ndin treenien aikataulutus<\/li>\n\n\n\n<li>Etuna n\u00e4hd\u00e4\u00e4n taito sovittamisesta<\/li>\n<\/ul>\n\n\n\n<p><strong>Lauluvastaava (1 hl\u00f6)<\/strong><\/p>\n\n\n\n<ul class=\"wp-block-list\">\n<li>B\u00e4ndin kasaaminen (yhdess\u00e4 b\u00e4ndivastaavan kanssa)<\/li>\n\n\n\n<li>Keskittyy etenkin b\u00e4ndin laulajien kanssa treenaamiseen<\/li>\n\n\n\n<li>Hoitaa n\u00e4yttelij\u00f6iden \u00e4\u00e4nenavauksen yhteistreeneiss\u00e4 ja esityskaudella<\/li>\n<\/ul>\n\n\n\n<p><strong>Virkistys- ja tukitiimivastaava (1 hl\u00f6)<\/strong><\/p>\n\n\n\n<ul class=\"wp-block-list\">\n<li>Juhlien ja virkistystoiminnan j\u00e4rjest\u00e4minen (esim. Speksin pikkujoulut\/kastajaiset)<\/li>\n\n\n\n<li>Tiimirajat ylitt\u00e4v\u00e4n\u00e4 tukena toimiminen (esim. fyysinen markkinointi, kioskin py\u00f6ritt\u00e4minen esityskaudella)<\/li>\n<\/ul>\n\n\n\n<p>Tiimien j\u00e4senten haku avataan syksyn alussa, kunhan vastaavat on valittu.\u00a0<strong>T\u00e4st\u00e4 poikkeuksena on k\u00e4sikirjoitustiimi, jonka j\u00e4senet valitaan t\u00e4m\u00e4n haun yhteydess\u00e4.<\/strong>Erikoispestien haltijat sek\u00e4 tiimien vastuuvet\u00e4j\u00e4t muodostavat yhdess\u00e4 tuottajien kanssa speksirangan, joka muodostaa pohjan j\u00e4rjest\u00e4ytyneelle opiskelijateatterille. T\u00e4m\u00e4 tulee k\u00e4yt\u00e4nn\u00f6ss\u00e4 tarkoittamaan muun muassa sit\u00e4, ett\u00e4 toimintaan sis\u00e4ltyy\u00a0<strong>viikoittaiset rankakokoukset<\/strong>, joissa l\u00e4sn\u00e4olo on pestist\u00e4 riippumatta t\u00e4rke\u00e4\u00e4.<\/p>\n\n\n\n<p>Laita rohkeasti hakemusta tulemaan\u00a0<strong>speksituottajat@tuky.fi<\/strong>! Mik\u00e4li her\u00e4\u00e4 mit\u00e4\u00e4n kysymyksi\u00e4, ne voi l\u00e4hett\u00e4\u00e4 samaiseen osoitteeseen tai vet\u00e4ist\u00e4 meit\u00e4 hihasta koululla tai miss\u00e4 ikin\u00e4 meihin sattuukin t\u00f6rm\u00e4\u00e4m\u00e4\u00e4n. Lis\u00e4infoa l\u00f6yd\u00e4t my\u00f6s sosiaalisista medioistamme:\u00a0<a href=\"https:\/\/www.instagram.com\/tuky_speksi\/\" target=\"_blank\" rel=\"noreferrer noopener\">Instagram<\/a>,\u00a0<a href=\"https:\/\/facebook.com\/tukyspeksi\" target=\"_blank\" rel=\"noreferrer noopener\">Facebook<\/a>.<\/p>\n\n\n\n<p>Liity tekem\u00e4\u00e4n ikimuistoista produktiota kanssamme!<\/p>\n\n\n\n<p>\u2014&#8212;&#8212;&#8212;&#8212;&#8212;&#8212;&#8212;&#8212;&#8212;&#8212;&#8212;&#8212;&#8212;&#8212;&#8212;&#8212;&#8212;&#8212;&#8212;&#8212;&#8212;&#8212;&#8212;&#8212;&#8212;&#8212;&#8212;&#8212;&#8212;&#8212;&#8212;&#8211;<\/p>\n\n\n\n<p>We have once again wrapped up another successful year of TuKY-Speksi! We want to thank the production of 2025 for all their hard work that it took to make it happen. Now it\u2019s time for the production of 2026 &#8211; two new producers are eager to get to work. We are excited to announce that we are opening the search for all the special positions, team leader positions and the whole script team! We hope that\u00a0<strong>YOU\u00a0<\/strong>will be applying to join us in making\u00a0<strong>TuKY-Speksi 2026\u00a0<\/strong>happen!<\/p>\n\n\n\n<p>Many of you might still wonder, what even is Speksi? Is it a theatre club? Speksi is a perfect place for people who love self-expression. Speksi is a possibility for escapism in the midst of studies along with like-minded students. Speksi is an experience that combines musical and improv theatre. Speksi is a rare opportunity to build something unforgettable and create unique, life-long memories.<\/p>\n\n\n\n<p>Go through the list below and pick a position (or two) that you feel the most drawn to &#8211; all kinds of skills and ideas are more than welcome. Write a free-form application, where you tell what you have to give for the position and the production to come. It\u2019s also possible to apply with a friend to some positions! After the name of each position we have marked the number of individuals that we are ready to choose for the position. Apply courageously, either by yourself or with a friend. If you apply as a pair, you will also be interviewed as a pair.<\/p>\n\n\n\n<p>Send in your applications\u00a0<strong>by 6.5. at 23.59 to speksituottajat@tuky.fi. Applicants will be interviewed when required during the application period and after it until the end of week 19.\u00a0<\/strong>Turun KY\u2019s personnel selections are done according to\u00a0<a href=\"https:\/\/www.tuky.fi\/wp-content\/uploads\/2024\/11\/Guidelines-for-Personnel-Selection.pdf\" target=\"_blank\" rel=\"noreferrer noopener\">the guidelines for personnel selection<\/a>.<\/p>\n\n\n\n<p>In the applications our criteria is split in two categories: competence, that is\u00a0<strong>expected<\/strong>, and skills that are considered as\u00a0<strong>an advantage<\/strong>.<\/p>\n\n\n\n<p>The following is expected from the applicants:<\/p>\n\n\n\n<ul class=\"wp-block-list\">\n<li>Capability to commit to a year-long production and team leader meetings with producers, the director and special position holders<\/li>\n\n\n\n<li>Ability to withstand pressure<\/li>\n\n\n\n<li>Some positions require Finnish language skills<\/li>\n<\/ul>\n\n\n\n<p>The following will be considered as an advantage:<\/p>\n\n\n\n<ul class=\"wp-block-list\">\n<li>Position specific experience<\/li>\n\n\n\n<li>Experience of speksi-production(s)<\/li>\n<\/ul>\n\n\n\n<p><strong>Special positions:<\/strong><\/p>\n\n\n\n<p><strong>Art Director (AD) (1 person)<\/strong><\/p>\n\n\n\n<ul class=\"wp-block-list\">\n<li>Part of the marketing team<\/li>\n\n\n\n<li>Responsible for the visual presence on social media<\/li>\n\n\n\n<li>Responsible for the design of the programme<\/li>\n<\/ul>\n\n\n\n<p><strong>Photographer (1-2 people)<\/strong><\/p>\n\n\n\n<ul class=\"wp-block-list\">\n<li>Attendance in meetings if necessary<\/li>\n\n\n\n<li>Working partially independently, simultaneously working closely with the marketing team and AD<\/li>\n\n\n\n<li>Taking the needed photos for the programme and promotion pictures<\/li>\n\n\n\n<li>Photographing the shows<\/li>\n\n\n\n<li>When needed, photographing the events Speksi participates in<\/li>\n\n\n\n<li>Applicant must possess their own camera<\/li>\n\n\n\n<li>Know-how on photo and\/or video editing tools is considered as an advantage<\/li>\n<\/ul>\n\n\n\n<p><strong>Controller (1 person)<\/strong><\/p>\n\n\n\n<ul class=\"wp-block-list\">\n<li>Dealing with the current financial transactions and accounting (for example paying and sending invoices)<\/li>\n\n\n\n<li>Compiling the budget together with producers and the previous controller, as well as updating and following it<\/li>\n\n\n\n<li>At the end of the year producing the financial statement<\/li>\n<\/ul>\n\n\n\n<p><strong>Assistant director (1 person)<\/strong><\/p>\n\n\n\n<ul class=\"wp-block-list\">\n<li>Leading the acting team together with the director<\/li>\n\n\n\n<li>Directing acting practices in case the director is unable to attend<\/li>\n<\/ul>\n\n\n\n<p><strong>Stage Manager (1 person)<\/strong><\/p>\n\n\n\n<ul class=\"wp-block-list\">\n<li>Responsible for the scheduling of dress rehearsal and shows (soundcheck, arrival times of different teams etc.)<\/li>\n\n\n\n<li>Making sure the stage is ready for showtime<\/li>\n\n\n\n<li>Organising practices for the whole production with the producers<\/li>\n<\/ul>\n\n\n\n<p><strong>Interspeksi manager (1 person)<\/strong><\/p>\n\n\n\n<ul class=\"wp-block-list\">\n<li>Working together with other Speksis (planning and executing interspeksi events)<\/li>\n<\/ul>\n\n\n\n<p><strong>Team Leaders:<\/strong>Team leaders hold the reins and, together with their teams, are responsible for planning and executing their respective areas of the production. These positions offer valuable work experience. Teams are small and manageable entities, and as a team leader, you lead internal meetings of your team. Additionally, you are part of the team itself so you get to be involved in the action. Team leaders collaborate with the director and take their vision into account.<strong>Script Team (Leader: 1 person &#8211; the entire script team is recruited NOW! Read more below)<\/strong><\/p>\n\n\n\n<ul class=\"wp-block-list\">\n<li>Sees to it that the upcoming production\u2019s script will be ready by the beginning of next fall<\/li>\n\n\n\n<li>Together with their team, chooses the songs that will be performed in the production and is responsible for their re-writing<\/li>\n\n\n\n<li>Please\u00a0<strong>indicate in your application<\/strong>\u00a0whether you would like to be a member or the leader of the script team<\/li>\n\n\n\n<li><strong>It is also possible to apply only for the position of re-wording the songs<\/strong>, if you have special skills for that certain area &#8211; please do also let us know if this is something you would be interested in<\/li>\n<\/ul>\n\n\n\n<p><strong>Marketing Team Leader (1-2 people)<\/strong><\/p>\n\n\n\n<ul class=\"wp-block-list\">\n<li>Handling ticket sales as well as the planning and scheduling of social media content and concrete marketing<\/li>\n\n\n\n<li>Leading the marketing team<\/li>\n\n\n\n<li>In the case that multiple candidates are chosen, the positions will be divided into subcategories of managing the production\u2019s brand and managing the other marketing of the production<\/li>\n<\/ul>\n\n\n\n<p><strong>Set Design Team Leader (1 person)<\/strong><\/p>\n\n\n\n<ul class=\"wp-block-list\">\n<li>Designing and executing the set within the given budget<\/li>\n\n\n\n<li>Procurement of set pieces (DIY also highly likely)<\/li>\n<\/ul>\n\n\n\n<p><strong>Costume Team Leader (1-2 people)<\/strong><\/p>\n\n\n\n<ul class=\"wp-block-list\">\n<li>Designing and executing costumes within the given budget for performance teams<\/li>\n\n\n\n<li>Thrifting<\/li>\n\n\n\n<li>Sewing (not mandatory, depends on the situation)<\/li>\n<\/ul>\n\n\n\n<p><strong>Makeup Team Leader (1-2 people)<\/strong><\/p>\n\n\n\n<ul class=\"wp-block-list\">\n<li>Designing and executing makeup and hair looks<\/li>\n\n\n\n<li>Procuring necessary makeup supplies within the given budget<\/li>\n<\/ul>\n\n\n\n<p><strong>Corporate Relations Team Leader (1 person)<\/strong><\/p>\n\n\n\n<ul class=\"wp-block-list\">\n<li>Acquisition and negotiation of sponsors and corporate partnerships<\/li>\n<\/ul>\n\n\n\n<p><strong>Technical Team Leader (1-2 people)<\/strong><\/p>\n\n\n\n<ul class=\"wp-block-list\">\n<li>Responsible for lighting, sound, and other technical aspects\u00a0<\/li>\n<\/ul>\n\n\n\n<p><strong>Dance Team Leader (1-2 people)<\/strong><\/p>\n\n\n\n<ul class=\"wp-block-list\">\n<li>Choreographing (together with the dance team)<\/li>\n\n\n\n<li>Scheduling dance rehearsals<\/li>\n<\/ul>\n\n\n\n<p><strong>Band Leader (1-2 people)<\/strong><\/p>\n\n\n\n<ul class=\"wp-block-list\">\n<li>Assembling the band (together with the vocal leader)<\/li>\n\n\n\n<li>Scheduling band rehearsals<\/li>\n\n\n\n<li>Ability to arrange is considered as an advantage<\/li>\n<\/ul>\n\n\n\n<p><strong>Vocal Leader (1 person)<\/strong><\/p>\n\n\n\n<ul class=\"wp-block-list\">\n<li>Assembling the band (together with the band leader)<\/li>\n\n\n\n<li>Focusing especially on rehearsing with the band\u2019s vocalists<\/li>\n\n\n\n<li>Handling vocal warm-ups at joint rehearsals and during the performance season<\/li>\n<\/ul>\n\n\n\n<p><strong>Party and Support Team Manager (1 person)<\/strong><\/p>\n\n\n\n<ul class=\"wp-block-list\">\n<li>Organizing parties and recreational activities (e.g. Speksi christening, Christmas parties)<\/li>\n\n\n\n<li>Acting as cross-team support (e.g. physical marketing, running a kiosk during the performance period)<\/li>\n<\/ul>\n\n\n\n<p>Recruitment for team members will open later in the fall once the team leaders have been selected.\u00a0<strong>As an exception, the script team members will be chosen during this application period.<\/strong>The holders of the special positions and team leaders, together with the producers, form the \u201cskeleton\u201d (ranka) of the production, providing the foundation for organised student theater. In practice, this means that among other things, there will be\u00a0<strong>weekly\u00a0ranka-meetings<\/strong>, where attendance is important regardless of the position.<\/p>\n\n\n\n<p>Courageously send in your applications to\u00a0<a href=\"mailto:speksituottajat@tuky.fi\" target=\"_blank\" rel=\"noreferrer noopener\">speksituottajat@tuky.fi<\/a>! If you have any questions, you can send them to the same email address or come have a chat with us at the school or wherever you might run into us. More info can also be found on our social media accounts:\u00a0<a href=\"https:\/\/www.instagram.com\/tuky_speksi\/\" target=\"_blank\" rel=\"noreferrer noopener\">Instagram<\/a>,\u00a0<a href=\"https:\/\/facebook.com\/tukyspeksi\" target=\"_blank\" rel=\"noreferrer noopener\">Facebook<\/a>.<\/p>\n\n\n\n<p>Apply now and join us in creating an unforgettable production!<\/p>\n\n\n\n<p>Rakkain terveisin \/ Best regards,<\/p>\n\n\n\n<p>Roy Nyqvist ja Pihla Tamminen<br><em>TuKY-Speksin tuottajat 2026<\/em><\/p>\n","protected":false},"excerpt":{"rendered":"<p>(In English below) TuKY-Speksill\u00e4 on j\u00e4lleen onnistunut vuosi takana! Haluamme kiitt\u00e4\u00e4 vuoden 2025 produktiota kaikesta siit\u00e4 ty\u00f6st\u00e4 mit\u00e4 spektaakkelin onnistuminen vaati. Nyt on vuoden 2026 produktion vuoro \u2013 kaksi uutta [&hellip;]<\/p>\n","protected":false},"author":60,"featured_media":0,"comment_status":"closed","ping_status":"closed","sticky":false,"template":"","format":"standard","meta":{"_et_pb_use_builder":"off","_et_pb_old_content":"","_et_gb_content_width":"","footnotes":""},"categories":[723,619],"tags":[],"class_list":["post-50807","post","type-post","status-publish","format-standard","hentry","category-ajankohtaista","category-speksiblogi"],"yoast_head":"<!-- This site is optimized with the Yoast SEO plugin v27.2 - https:\/\/yoast.com\/product\/yoast-seo-wordpress\/ -->\n<title>TuKY-Speksin rankahaku on nyt auki! - Turun KY<\/title>\n<meta name=\"robots\" content=\"index, follow, max-snippet:-1, max-image-preview:large, max-video-preview:-1\" \/>\n<link rel=\"canonical\" href=\"https:\/\/www.tuky.fi\/etusivu\/ajankohtaista\/tuky-speksin-rankahaku-on-nyt-auki\/\" \/>\n<meta property=\"og:locale\" content=\"fi_FI\" \/>\n<meta property=\"og:type\" content=\"article\" \/>\n<meta property=\"og:title\" content=\"TuKY-Speksin rankahaku on nyt auki! - Turun KY\" \/>\n<meta property=\"og:description\" content=\"(In English below) TuKY-Speksill\u00e4 on j\u00e4lleen onnistunut vuosi takana! Haluamme kiitt\u00e4\u00e4 vuoden 2025 produktiota kaikesta siit\u00e4 ty\u00f6st\u00e4 mit\u00e4 spektaakkelin onnistuminen vaati. Nyt on vuoden 2026 produktion vuoro \u2013 kaksi uutta [&hellip;]\" \/>\n<meta property=\"og:url\" content=\"https:\/\/www.tuky.fi\/etusivu\/ajankohtaista\/tuky-speksin-rankahaku-on-nyt-auki\/\" \/>\n<meta property=\"og:site_name\" content=\"Turun KY\" \/>\n<meta property=\"article:published_time\" content=\"2025-05-04T12:07:51+00:00\" \/>\n<meta property=\"article:modified_time\" content=\"2025-05-04T12:07:52+00:00\" \/>\n<meta name=\"author\" content=\"TuKY-speksi\" \/>\n<meta name=\"twitter:card\" content=\"summary_large_image\" \/>\n<meta name=\"twitter:label1\" content=\"Kirjoittanut\" \/>\n\t<meta name=\"twitter:data1\" content=\"TuKY-speksi\" \/>\n\t<meta name=\"twitter:label2\" content=\"Arvioitu lukuaika\" \/>\n\t<meta name=\"twitter:data2\" content=\"12 minuuttia\" \/>\n<script type=\"application\/ld+json\" class=\"yoast-schema-graph\">{\"@context\":\"https:\/\/schema.org\",\"@graph\":[{\"@type\":\"Article\",\"@id\":\"https:\/\/www.tuky.fi\/etusivu\/ajankohtaista\/tuky-speksin-rankahaku-on-nyt-auki\/#article\",\"isPartOf\":{\"@id\":\"https:\/\/www.tuky.fi\/etusivu\/ajankohtaista\/tuky-speksin-rankahaku-on-nyt-auki\/\"},\"author\":{\"name\":\"TuKY-speksi\",\"@id\":\"https:\/\/www.tuky.fi\/etusivu\/#\/schema\/person\/69bfddcbe8e43bf69e2462310c4e5be0\"},\"headline\":\"TuKY-Speksin rankahaku on nyt auki!\",\"datePublished\":\"2025-05-04T12:07:51+00:00\",\"dateModified\":\"2025-05-04T12:07:52+00:00\",\"mainEntityOfPage\":{\"@id\":\"https:\/\/www.tuky.fi\/etusivu\/ajankohtaista\/tuky-speksin-rankahaku-on-nyt-auki\/\"},\"wordCount\":2036,\"publisher\":{\"@id\":\"https:\/\/www.tuky.fi\/etusivu\/#organization\"},\"articleSection\":[\"Ajankohtaista\",\"Speksi\"],\"inLanguage\":\"fi\"},{\"@type\":\"WebPage\",\"@id\":\"https:\/\/www.tuky.fi\/etusivu\/ajankohtaista\/tuky-speksin-rankahaku-on-nyt-auki\/\",\"url\":\"https:\/\/www.tuky.fi\/etusivu\/ajankohtaista\/tuky-speksin-rankahaku-on-nyt-auki\/\",\"name\":\"TuKY-Speksin rankahaku on nyt auki! - Turun KY\",\"isPartOf\":{\"@id\":\"https:\/\/www.tuky.fi\/etusivu\/#website\"},\"datePublished\":\"2025-05-04T12:07:51+00:00\",\"dateModified\":\"2025-05-04T12:07:52+00:00\",\"breadcrumb\":{\"@id\":\"https:\/\/www.tuky.fi\/etusivu\/ajankohtaista\/tuky-speksin-rankahaku-on-nyt-auki\/#breadcrumb\"},\"inLanguage\":\"fi\",\"potentialAction\":[{\"@type\":\"ReadAction\",\"target\":[\"https:\/\/www.tuky.fi\/etusivu\/ajankohtaista\/tuky-speksin-rankahaku-on-nyt-auki\/\"]}]},{\"@type\":\"BreadcrumbList\",\"@id\":\"https:\/\/www.tuky.fi\/etusivu\/ajankohtaista\/tuky-speksin-rankahaku-on-nyt-auki\/#breadcrumb\",\"itemListElement\":[{\"@type\":\"ListItem\",\"position\":1,\"name\":\"Etusivu\",\"item\":\"https:\/\/www.tuky.fi\/etusivu\/\"},{\"@type\":\"ListItem\",\"position\":2,\"name\":\"TuKY-Speksin rankahaku on nyt auki!\"}]},{\"@type\":\"WebSite\",\"@id\":\"https:\/\/www.tuky.fi\/etusivu\/#website\",\"url\":\"https:\/\/www.tuky.fi\/etusivu\/\",\"name\":\"Turun KY\",\"description\":\"TuKY\",\"publisher\":{\"@id\":\"https:\/\/www.tuky.fi\/etusivu\/#organization\"},\"alternateName\":\"TuKY\",\"potentialAction\":[{\"@type\":\"SearchAction\",\"target\":{\"@type\":\"EntryPoint\",\"urlTemplate\":\"https:\/\/www.tuky.fi\/etusivu\/?s={search_term_string}\"},\"query-input\":{\"@type\":\"PropertyValueSpecification\",\"valueRequired\":true,\"valueName\":\"search_term_string\"}}],\"inLanguage\":\"fi\"},{\"@type\":\"Organization\",\"@id\":\"https:\/\/www.tuky.fi\/etusivu\/#organization\",\"name\":\"Turun KY\",\"alternateName\":\"TuKY\",\"url\":\"https:\/\/www.tuky.fi\/etusivu\/\",\"logo\":{\"@type\":\"ImageObject\",\"inLanguage\":\"fi\",\"@id\":\"https:\/\/www.tuky.fi\/etusivu\/#\/schema\/logo\/image\/\",\"url\":\"https:\/\/www.tuky.fi\/wp-content\/uploads\/2024\/09\/TuKY-logo-kulta-1.png\",\"contentUrl\":\"https:\/\/www.tuky.fi\/wp-content\/uploads\/2024\/09\/TuKY-logo-kulta-1.png\",\"width\":1080,\"height\":1080,\"caption\":\"Turun KY\"},\"image\":{\"@id\":\"https:\/\/www.tuky.fi\/etusivu\/#\/schema\/logo\/image\/\"},\"sameAs\":[\"https:\/\/instagram.com\/turunky\",\"https:\/\/linkedin.com\/turunky\"]},{\"@type\":\"Person\",\"@id\":\"https:\/\/www.tuky.fi\/etusivu\/#\/schema\/person\/69bfddcbe8e43bf69e2462310c4e5be0\",\"name\":\"TuKY-speksi\",\"image\":{\"@type\":\"ImageObject\",\"inLanguage\":\"fi\",\"@id\":\"https:\/\/secure.gravatar.com\/avatar\/5bd3d3d4048a9dcc3e830da95a2a6ad450e67763cd8a43e1c409d2c917d320ab?s=96&d=mm&r=g\",\"url\":\"https:\/\/secure.gravatar.com\/avatar\/5bd3d3d4048a9dcc3e830da95a2a6ad450e67763cd8a43e1c409d2c917d320ab?s=96&d=mm&r=g\",\"contentUrl\":\"https:\/\/secure.gravatar.com\/avatar\/5bd3d3d4048a9dcc3e830da95a2a6ad450e67763cd8a43e1c409d2c917d320ab?s=96&d=mm&r=g\",\"caption\":\"TuKY-speksi\"},\"url\":\"https:\/\/www.tuky.fi\/etusivu\/author\/ky-speksi\/\"}]}<\/script>\n<!-- \/ Yoast SEO plugin. -->","yoast_head_json":{"title":"TuKY-Speksin rankahaku on nyt auki! - Turun KY","robots":{"index":"index","follow":"follow","max-snippet":"max-snippet:-1","max-image-preview":"max-image-preview:large","max-video-preview":"max-video-preview:-1"},"canonical":"https:\/\/www.tuky.fi\/etusivu\/ajankohtaista\/tuky-speksin-rankahaku-on-nyt-auki\/","og_locale":"fi_FI","og_type":"article","og_title":"TuKY-Speksin rankahaku on nyt auki! - Turun KY","og_description":"(In English below) TuKY-Speksill\u00e4 on j\u00e4lleen onnistunut vuosi takana! Haluamme kiitt\u00e4\u00e4 vuoden 2025 produktiota kaikesta siit\u00e4 ty\u00f6st\u00e4 mit\u00e4 spektaakkelin onnistuminen vaati. Nyt on vuoden 2026 produktion vuoro \u2013 kaksi uutta [&hellip;]","og_url":"https:\/\/www.tuky.fi\/etusivu\/ajankohtaista\/tuky-speksin-rankahaku-on-nyt-auki\/","og_site_name":"Turun KY","article_published_time":"2025-05-04T12:07:51+00:00","article_modified_time":"2025-05-04T12:07:52+00:00","author":"TuKY-speksi","twitter_card":"summary_large_image","twitter_misc":{"Kirjoittanut":"TuKY-speksi","Arvioitu lukuaika":"12 minuuttia"},"schema":{"@context":"https:\/\/schema.org","@graph":[{"@type":"Article","@id":"https:\/\/www.tuky.fi\/etusivu\/ajankohtaista\/tuky-speksin-rankahaku-on-nyt-auki\/#article","isPartOf":{"@id":"https:\/\/www.tuky.fi\/etusivu\/ajankohtaista\/tuky-speksin-rankahaku-on-nyt-auki\/"},"author":{"name":"TuKY-speksi","@id":"https:\/\/www.tuky.fi\/etusivu\/#\/schema\/person\/69bfddcbe8e43bf69e2462310c4e5be0"},"headline":"TuKY-Speksin rankahaku on nyt auki!","datePublished":"2025-05-04T12:07:51+00:00","dateModified":"2025-05-04T12:07:52+00:00","mainEntityOfPage":{"@id":"https:\/\/www.tuky.fi\/etusivu\/ajankohtaista\/tuky-speksin-rankahaku-on-nyt-auki\/"},"wordCount":2036,"publisher":{"@id":"https:\/\/www.tuky.fi\/etusivu\/#organization"},"articleSection":["Ajankohtaista","Speksi"],"inLanguage":"fi"},{"@type":"WebPage","@id":"https:\/\/www.tuky.fi\/etusivu\/ajankohtaista\/tuky-speksin-rankahaku-on-nyt-auki\/","url":"https:\/\/www.tuky.fi\/etusivu\/ajankohtaista\/tuky-speksin-rankahaku-on-nyt-auki\/","name":"TuKY-Speksin rankahaku on nyt auki! - Turun KY","isPartOf":{"@id":"https:\/\/www.tuky.fi\/etusivu\/#website"},"datePublished":"2025-05-04T12:07:51+00:00","dateModified":"2025-05-04T12:07:52+00:00","breadcrumb":{"@id":"https:\/\/www.tuky.fi\/etusivu\/ajankohtaista\/tuky-speksin-rankahaku-on-nyt-auki\/#breadcrumb"},"inLanguage":"fi","potentialAction":[{"@type":"ReadAction","target":["https:\/\/www.tuky.fi\/etusivu\/ajankohtaista\/tuky-speksin-rankahaku-on-nyt-auki\/"]}]},{"@type":"BreadcrumbList","@id":"https:\/\/www.tuky.fi\/etusivu\/ajankohtaista\/tuky-speksin-rankahaku-on-nyt-auki\/#breadcrumb","itemListElement":[{"@type":"ListItem","position":1,"name":"Etusivu","item":"https:\/\/www.tuky.fi\/etusivu\/"},{"@type":"ListItem","position":2,"name":"TuKY-Speksin rankahaku on nyt auki!"}]},{"@type":"WebSite","@id":"https:\/\/www.tuky.fi\/etusivu\/#website","url":"https:\/\/www.tuky.fi\/etusivu\/","name":"Turun KY","description":"TuKY","publisher":{"@id":"https:\/\/www.tuky.fi\/etusivu\/#organization"},"alternateName":"TuKY","potentialAction":[{"@type":"SearchAction","target":{"@type":"EntryPoint","urlTemplate":"https:\/\/www.tuky.fi\/etusivu\/?s={search_term_string}"},"query-input":{"@type":"PropertyValueSpecification","valueRequired":true,"valueName":"search_term_string"}}],"inLanguage":"fi"},{"@type":"Organization","@id":"https:\/\/www.tuky.fi\/etusivu\/#organization","name":"Turun KY","alternateName":"TuKY","url":"https:\/\/www.tuky.fi\/etusivu\/","logo":{"@type":"ImageObject","inLanguage":"fi","@id":"https:\/\/www.tuky.fi\/etusivu\/#\/schema\/logo\/image\/","url":"https:\/\/www.tuky.fi\/wp-content\/uploads\/2024\/09\/TuKY-logo-kulta-1.png","contentUrl":"https:\/\/www.tuky.fi\/wp-content\/uploads\/2024\/09\/TuKY-logo-kulta-1.png","width":1080,"height":1080,"caption":"Turun KY"},"image":{"@id":"https:\/\/www.tuky.fi\/etusivu\/#\/schema\/logo\/image\/"},"sameAs":["https:\/\/instagram.com\/turunky","https:\/\/linkedin.com\/turunky"]},{"@type":"Person","@id":"https:\/\/www.tuky.fi\/etusivu\/#\/schema\/person\/69bfddcbe8e43bf69e2462310c4e5be0","name":"TuKY-speksi","image":{"@type":"ImageObject","inLanguage":"fi","@id":"https:\/\/secure.gravatar.com\/avatar\/5bd3d3d4048a9dcc3e830da95a2a6ad450e67763cd8a43e1c409d2c917d320ab?s=96&d=mm&r=g","url":"https:\/\/secure.gravatar.com\/avatar\/5bd3d3d4048a9dcc3e830da95a2a6ad450e67763cd8a43e1c409d2c917d320ab?s=96&d=mm&r=g","contentUrl":"https:\/\/secure.gravatar.com\/avatar\/5bd3d3d4048a9dcc3e830da95a2a6ad450e67763cd8a43e1c409d2c917d320ab?s=96&d=mm&r=g","caption":"TuKY-speksi"},"url":"https:\/\/www.tuky.fi\/etusivu\/author\/ky-speksi\/"}]}},"lang":"fi","translations":{"fi":50807},"pll_sync_post":[],"_links":{"self":[{"href":"https:\/\/www.tuky.fi\/etusivu\/wp-json\/wp\/v2\/posts\/50807","targetHints":{"allow":["GET"]}}],"collection":[{"href":"https:\/\/www.tuky.fi\/etusivu\/wp-json\/wp\/v2\/posts"}],"about":[{"href":"https:\/\/www.tuky.fi\/etusivu\/wp-json\/wp\/v2\/types\/post"}],"author":[{"embeddable":true,"href":"https:\/\/www.tuky.fi\/etusivu\/wp-json\/wp\/v2\/users\/60"}],"replies":[{"embeddable":true,"href":"https:\/\/www.tuky.fi\/etusivu\/wp-json\/wp\/v2\/comments?post=50807"}],"version-history":[{"count":0,"href":"https:\/\/www.tuky.fi\/etusivu\/wp-json\/wp\/v2\/posts\/50807\/revisions"}],"wp:attachment":[{"href":"https:\/\/www.tuky.fi\/etusivu\/wp-json\/wp\/v2\/media?parent=50807"}],"wp:term":[{"taxonomy":"category","embeddable":true,"href":"https:\/\/www.tuky.fi\/etusivu\/wp-json\/wp\/v2\/categories?post=50807"},{"taxonomy":"post_tag","embeddable":true,"href":"https:\/\/www.tuky.fi\/etusivu\/wp-json\/wp\/v2\/tags?post=50807"}],"curies":[{"name":"wp","href":"https:\/\/api.w.org\/{rel}","templated":true}]}}