{"id":50545,"date":"2025-04-03T13:18:30","date_gmt":"2025-04-03T10:18:30","guid":{"rendered":"https:\/\/www.tuky.fi\/etusivu\/?p=50545"},"modified":"2025-04-03T13:19:49","modified_gmt":"2025-04-03T10:19:49","slug":"kiitollisuutta-ja-kevatta-rinnassa","status":"publish","type":"post","link":"https:\/\/www.tuky.fi\/etusivu\/tukyblogi\/kiitollisuutta-ja-kevatta-rinnassa\/","title":{"rendered":"Kiitollisuutta ja kev\u00e4tt\u00e4 rinnassa"},"content":{"rendered":"[et_pb_section admin_label=&#8221;section&#8221;]\n\t\t\t[et_pb_row admin_label=&#8221;row&#8221;]\n\t\t\t\t[et_pb_column type=&#8221;4_4&#8243;][et_pb_text admin_label=&#8221;Text&#8221;]\n<p>Valoisat illat, l\u00e4mpenev\u00e4t kelit, iki-ihanat siitep\u00f6lyallergiat ja viimeist\u00e4\u00e4nkin siirretyt kellot ovat kaikessa hiljaisuudessaan tehneet kev\u00e4\u00e4n ja kauan odotetun kes\u00e4n tulon ainakin allekirjoittaneelle selv\u00e4ksi. Niin sit\u00e4 taas l\u00f6yt\u00e4\u00e4 itsens\u00e4 huomaamasta, kuinka nopeasti t\u00e4m\u00e4kin kev\u00e4tlukukausi l\u00e4henee loppuaan ilman, ett\u00e4 on kertaakaan pys\u00e4htynyt miettim\u00e4\u00e4n, kuinka upeita juttuja on j\u00e4lleen p\u00e4\u00e4ssyt kokemaan ja my\u00f6s itse toteuttamaan!<\/p>\n\n\n\n<p>Ei v\u00e4ltt\u00e4m\u00e4tt\u00e4 olisi kaukaa haettua, jos toteaisin el\u00e4v\u00e4ni t\u00e4ll\u00e4 hetkell\u00e4 yht\u00e4 el\u00e4m\u00e4ni parhaista ajoista. Kaiken kiireen, stressin ja hulinan keskell\u00e4 haluankin n\u00e4in vapun orastaessa ottaa hetken aikaa mietti\u00e4 rauhassa, mit\u00e4 kaikkea viime kuukaudet ovat pit\u00e4neet sis\u00e4ll\u00e4\u00e4n.<\/p>\n\n\n\n<p>Vuosi alkoi itselleni melko j\u00e4nnitt\u00e4v\u00e4ll\u00e4 tavalla, kun sain uuden sek\u00e4 vanhan NESU-hallituksen kanssa mahdollisuuden p\u00e4\u00e4st\u00e4 j\u00e4rjest\u00e4m\u00e4\u00e4n jokavuotista koko viikonlopun kestoista NESU-Dagen -tapahtumaa. Vaikka viikonloppuun mahtui lukemattomia yl\u00e4- ja alam\u00e4ki\u00e4 puhumattakaan yll\u00e4tt\u00e4vist\u00e4 k\u00e4\u00e4nteist\u00e4, ei edes juomia l\u00e4pi vuotavan lavan alla piileksiv\u00e4 nuorisotila tai v\u00e4hint\u00e4\u00e4nkin kyseenalaiset nukkumisj\u00e4rjestelyt saaneet tunnelmaa latistumaan. Etenkin t\u00e4llaisten tapahtumien j\u00e4lkeen saan kokea olevani \u00e4\u00e4rimm\u00e4isen kiitollinen siit\u00e4, ett\u00e4 olen p\u00e4\u00e4ssyt osaksi niin ainutlaatuista yhteis\u00f6\u00e4, joka on mahdollistanut minulle unohtumattomien kokemusten lis\u00e4ksi my\u00f6s uusia yst\u00e4vi\u00e4 ja v\u00e4lill\u00e4 my\u00f6s kantap\u00e4\u00e4n kautta hankittuja opetuksia.<\/p>\n\n\n\n<p>T\u00e4m\u00e4n lis\u00e4ksi olen toki p\u00e4\u00e4ssyt j\u00e4rjest\u00e4m\u00e4\u00e4n my\u00f6s kahta muuta tapahtumaa yhdess\u00e4 mahtavan NESU \u201925-hallituksen kanssa, jonka lis\u00e4ksi alkuvuosi on ollut t\u00e4ynn\u00e4 my\u00f6s muita upeita juttuja ja ihania ihmisi\u00e4, joiden kanssa tutustuminen ja vietetty aika ovatkin olleet ehdottomasti yksi\u00e4 kev\u00e4tlukukauden antoisimmista asioista! Ja ainiin, kerkesinh\u00e4n my\u00f6s viett\u00e4\u00e4 pari viikkoa kev\u00e4\u00e4st\u00e4 maailman toisella puolella \u2013 teki muuten hyv\u00e4\u00e4.<\/p>\n\n\n\n<p>Voin todeta, ett\u00e4 kaikki n\u00e4m\u00e4 unohtumattomat kokemukset ovat enemm\u00e4n tai v\u00e4hemm\u00e4n meid\u00e4n ainutlaatuisen opiskelijayhdistyksemme mahdollistamia, josta olenkin Turun KY:lle nyt, ja my\u00f6s viel\u00e4 pitk\u00e4\u00e4n tulevaisuudessa kiitollinen. Olen kiitollinen siit\u00e4, ett\u00e4 saan tehd\u00e4 t\u00e4t\u00e4 kaikkea niin upeiden ja ihanien ihmisten kanssa, sek\u00e4 siit\u00e4, ett\u00e4 voin heid\u00e4n kanssaan jakaa hyvien hetkien lis\u00e4ksi my\u00f6s ne hieman v\u00e4hemm\u00e4n hyv\u00e4t hetket.<\/p>\n\n\n\n<p>Kiitos siis kev\u00e4t 2025, vaikka et viel\u00e4 olekaan l\u00e4hesk\u00e4\u00e4n loppu. T\u00e4t\u00e4 kev\u00e4tt\u00e4 rinnassa kelpaa kyll\u00e4 elell\u00e4!<\/p>\n\n\n\n<p>Ja kaikista t\u00e4rkeimp\u00e4n\u00e4: IHAN PARASTA Vappua kaikille teille, muistakaa pys\u00e4hty\u00e4 nauttimaan ihanista hetkist\u00e4, ennen kuin ne lipuvat ohi. &lt;3<\/p>\n\n\n\n<figure class=\"wp-block-image size-large is-resized\"><img loading=\"lazy\" decoding=\"async\" width=\"1024\" height=\"1024\" src=\"https:\/\/www.tuky.fi\/wp-content\/uploads\/2025\/03\/Saara-Lohikari-1024x1024.jpg\" alt=\"\" class=\"wp-image-50241\" style=\"width:197px;height:auto\" srcset=\"https:\/\/www.tuky.fi\/wp-content\/uploads\/2025\/03\/Saara-Lohikari-980x980.jpg 980w, https:\/\/www.tuky.fi\/wp-content\/uploads\/2025\/03\/Saara-Lohikari-480x480.jpg 480w\" sizes=\"(min-width: 0px) and (max-width: 480px) 480px, (min-width: 481px) and (max-width: 980px) 980px, (min-width: 981px) 1024px, 100vw\" \/><\/figure>\n\n\n\n<p>Saara Lohikari<br><em>NESU-Vastaava <\/em><\/p>\n[\/et_pb_text][\/et_pb_column]\n\t\t\t[\/et_pb_row]\n\t\t[\/et_pb_section]","protected":false},"excerpt":{"rendered":"<p>Valoisat illat, l\u00e4mpenev\u00e4t kelit, iki-ihanat siitep\u00f6lyallergiat ja viimeist\u00e4\u00e4nkin siirretyt kellot ovat kaikessa hiljaisuudessaan tehneet kev\u00e4\u00e4n ja kauan odotetun kes\u00e4n tulon ainakin allekirjoittaneelle selv\u00e4ksi. Niin sit\u00e4 taas l\u00f6yt\u00e4\u00e4 itsens\u00e4 huomaamasta, kuinka [&hellip;]<\/p>\n","protected":false},"author":27,"featured_media":0,"comment_status":"closed","ping_status":"closed","sticky":false,"template":"","format":"standard","meta":{"_et_pb_use_builder":"on","_et_pb_old_content":"<!-- wp:paragraph -->\n<p>Valoisat illat, l\u00e4mpenev\u00e4t kelit, iki-ihanat siitep\u00f6lyallergiat ja viimeist\u00e4\u00e4nkin siirretyt kellot ovat kaikessa hiljaisuudessaan tehneet kev\u00e4\u00e4n ja kauan odotetun kes\u00e4n tulon ainakin allekirjoittaneelle selv\u00e4ksi. Niin sit\u00e4 taas l\u00f6yt\u00e4\u00e4 itsens\u00e4 huomaamasta, kuinka nopeasti t\u00e4m\u00e4kin kev\u00e4tlukukausi l\u00e4henee loppuaan ilman, ett\u00e4 on kertaakaan pys\u00e4htynyt miettim\u00e4\u00e4n, kuinka upeita juttuja on j\u00e4lleen p\u00e4\u00e4ssyt kokemaan ja my\u00f6s itse toteuttamaan!<\/p>\n<!-- \/wp:paragraph -->\n\n<!-- wp:paragraph -->\n<p>Ei v\u00e4ltt\u00e4m\u00e4tt\u00e4 olisi kaukaa haettua, jos toteaisin el\u00e4v\u00e4ni t\u00e4ll\u00e4 hetkell\u00e4 yht\u00e4 el\u00e4m\u00e4ni parhaista ajoista. Kaiken kiireen, stressin ja hulinan keskell\u00e4 haluankin n\u00e4in vapun orastaessa ottaa hetken aikaa mietti\u00e4 rauhassa, mit\u00e4 kaikkea viime kuukaudet ovat pit\u00e4neet sis\u00e4ll\u00e4\u00e4n.<\/p>\n<!-- \/wp:paragraph -->\n\n<!-- wp:paragraph -->\n<p>Vuosi alkoi itselleni melko j\u00e4nnitt\u00e4v\u00e4ll\u00e4 tavalla, kun sain uuden sek\u00e4 vanhan NESU-hallituksen kanssa mahdollisuuden p\u00e4\u00e4st\u00e4 j\u00e4rjest\u00e4m\u00e4\u00e4n jokavuotista koko viikonlopun kestoista NESU-Dagen -tapahtumaa. Vaikka viikonloppuun mahtui lukemattomia yl\u00e4- ja alam\u00e4ki\u00e4 puhumattakaan yll\u00e4tt\u00e4vist\u00e4 k\u00e4\u00e4nteist\u00e4, ei edes juomia l\u00e4pi vuotavan lavan alla piileksiv\u00e4 nuorisotila tai v\u00e4hint\u00e4\u00e4nkin kyseenalaiset nukkumisj\u00e4rjestelyt saaneet tunnelmaa latistumaan. Etenkin t\u00e4llaisten tapahtumien j\u00e4lkeen saan kokea olevani \u00e4\u00e4rimm\u00e4isen kiitollinen siit\u00e4, ett\u00e4 olen p\u00e4\u00e4ssyt osaksi niin ainutlaatuista yhteis\u00f6\u00e4, joka on mahdollistanut minulle unohtumattomien kokemusten lis\u00e4ksi my\u00f6s uusia yst\u00e4vi\u00e4 ja v\u00e4lill\u00e4 my\u00f6s kantap\u00e4\u00e4n kautta hankittuja opetuksia.<\/p>\n<!-- \/wp:paragraph -->\n\n<!-- wp:paragraph -->\n<p>T\u00e4m\u00e4n lis\u00e4ksi olen toki p\u00e4\u00e4ssyt j\u00e4rjest\u00e4m\u00e4\u00e4n my\u00f6s kahta muuta tapahtumaa yhdess\u00e4 mahtavan NESU \u201925-hallituksen kanssa, jonka lis\u00e4ksi alkuvuosi on ollut t\u00e4ynn\u00e4 my\u00f6s muita upeita juttuja ja ihania ihmisi\u00e4, joiden kanssa tutustuminen ja vietetty aika ovatkin olleet ehdottomasti yksi\u00e4 kev\u00e4tlukukauden antoisimmista asioista! Ja ainiin, kerkesinh\u00e4n my\u00f6s viett\u00e4\u00e4 pari viikkoa kev\u00e4\u00e4st\u00e4 maailman toisella puolella \u2013 teki muuten hyv\u00e4\u00e4.<\/p>\n<!-- \/wp:paragraph -->\n\n<!-- wp:paragraph -->\n<p>Voin todeta, ett\u00e4 kaikki n\u00e4m\u00e4 unohtumattomat kokemukset ovat enemm\u00e4n tai v\u00e4hemm\u00e4n meid\u00e4n ainutlaatuisen opiskelijayhdistyksemme mahdollistamia, josta olenkin Turun KY:lle nyt, ja my\u00f6s viel\u00e4 pitk\u00e4\u00e4n tulevaisuudessa kiitollinen. Olen kiitollinen siit\u00e4, ett\u00e4 saan tehd\u00e4 t\u00e4t\u00e4 kaikkea niin upeiden ja ihanien ihmisten kanssa, sek\u00e4 siit\u00e4, ett\u00e4 voin heid\u00e4n kanssaan jakaa hyvien hetkien lis\u00e4ksi my\u00f6s ne hieman v\u00e4hemm\u00e4n hyv\u00e4t hetket.<\/p>\n<!-- \/wp:paragraph -->\n\n<!-- wp:paragraph -->\n<p>Kiitos siis kev\u00e4t 2025, vaikka et viel\u00e4 olekaan l\u00e4hesk\u00e4\u00e4n loppu. T\u00e4t\u00e4 kev\u00e4tt\u00e4 rinnassa kelpaa kyll\u00e4 elell\u00e4!<\/p>\n<!-- \/wp:paragraph -->\n\n<!-- wp:paragraph -->\n<p>Ja kaikista t\u00e4rkeimp\u00e4n\u00e4: IHAN PARASTA Vappua kaikille teille, muistakaa pys\u00e4hty\u00e4 nauttimaan ihanista hetkist\u00e4, ennen kuin ne lipuvat ohi. &lt;3<\/p>\n<!-- \/wp:paragraph -->\n\n<!-- wp:image {\"id\":50241,\"width\":\"197px\",\"height\":\"auto\",\"sizeSlug\":\"large\",\"linkDestination\":\"none\"} -->\n<figure class=\"wp-block-image size-large is-resized\"><img src=\"https:\/\/www.tuky.fi\/wp-content\/uploads\/2025\/03\/Saara-Lohikari-1024x1024.jpg\" alt=\"\" class=\"wp-image-50241\" style=\"width:197px;height:auto\"\/><\/figure>\n<!-- \/wp:image -->\n\n<!-- wp:paragraph -->\n<p>Saara Lohikari<br><em>NESU-Vastaava <\/em><\/p>\n<!-- \/wp:paragraph -->","_et_gb_content_width":"","footnotes":""},"categories":[6],"tags":[],"class_list":["post-50545","post","type-post","status-publish","format-standard","hentry","category-tukyblogi"],"yoast_head":"<!-- This site is optimized with the Yoast SEO plugin v27.2 - https:\/\/yoast.com\/product\/yoast-seo-wordpress\/ -->\n<title>Kiitollisuutta ja kev\u00e4tt\u00e4 rinnassa - Turun KY<\/title>\n<meta name=\"robots\" content=\"index, follow, max-snippet:-1, max-image-preview:large, max-video-preview:-1\" \/>\n<link rel=\"canonical\" href=\"https:\/\/www.tuky.fi\/etusivu\/tukyblogi\/kiitollisuutta-ja-kevatta-rinnassa\/\" \/>\n<meta property=\"og:locale\" content=\"fi_FI\" \/>\n<meta property=\"og:type\" content=\"article\" \/>\n<meta property=\"og:title\" content=\"Kiitollisuutta ja kev\u00e4tt\u00e4 rinnassa - Turun KY\" \/>\n<meta property=\"og:description\" content=\"Valoisat illat, l\u00e4mpenev\u00e4t kelit, iki-ihanat siitep\u00f6lyallergiat ja viimeist\u00e4\u00e4nkin siirretyt kellot ovat kaikessa hiljaisuudessaan tehneet kev\u00e4\u00e4n ja kauan odotetun kes\u00e4n tulon ainakin allekirjoittaneelle selv\u00e4ksi. Niin sit\u00e4 taas l\u00f6yt\u00e4\u00e4 itsens\u00e4 huomaamasta, kuinka [&hellip;]\" \/>\n<meta property=\"og:url\" content=\"https:\/\/www.tuky.fi\/etusivu\/tukyblogi\/kiitollisuutta-ja-kevatta-rinnassa\/\" \/>\n<meta property=\"og:site_name\" content=\"Turun KY\" \/>\n<meta property=\"article:published_time\" content=\"2025-04-03T10:18:30+00:00\" \/>\n<meta property=\"article:modified_time\" content=\"2025-04-03T10:19:49+00:00\" \/>\n<meta property=\"og:image\" content=\"https:\/\/www.tuky.fi\/wp-content\/uploads\/2025\/03\/Saara-Lohikari-scaled.jpg\" \/>\n\t<meta property=\"og:image:width\" content=\"2560\" \/>\n\t<meta property=\"og:image:height\" content=\"2560\" \/>\n\t<meta property=\"og:image:type\" content=\"image\/jpeg\" \/>\n<meta name=\"author\" content=\"NESU\" \/>\n<meta name=\"twitter:card\" content=\"summary_large_image\" \/>\n<meta name=\"twitter:label1\" content=\"Kirjoittanut\" \/>\n\t<meta name=\"twitter:data1\" content=\"NESU\" \/>\n\t<meta name=\"twitter:label2\" content=\"Arvioitu lukuaika\" \/>\n\t<meta name=\"twitter:data2\" content=\"3 minuuttia\" \/>\n<script type=\"application\/ld+json\" class=\"yoast-schema-graph\">{\"@context\":\"https:\/\/schema.org\",\"@graph\":[{\"@type\":\"Article\",\"@id\":\"https:\/\/www.tuky.fi\/etusivu\/tukyblogi\/kiitollisuutta-ja-kevatta-rinnassa\/#article\",\"isPartOf\":{\"@id\":\"https:\/\/www.tuky.fi\/etusivu\/tukyblogi\/kiitollisuutta-ja-kevatta-rinnassa\/\"},\"author\":{\"name\":\"NESU\",\"@id\":\"https:\/\/www.tuky.fi\/etusivu\/#\/schema\/person\/ced0cdd7bb0f43a5e0eb379b4e034561\"},\"headline\":\"Kiitollisuutta ja kev\u00e4tt\u00e4 rinnassa\",\"datePublished\":\"2025-04-03T10:18:30+00:00\",\"dateModified\":\"2025-04-03T10:19:49+00:00\",\"mainEntityOfPage\":{\"@id\":\"https:\/\/www.tuky.fi\/etusivu\/tukyblogi\/kiitollisuutta-ja-kevatta-rinnassa\/\"},\"wordCount\":450,\"publisher\":{\"@id\":\"https:\/\/www.tuky.fi\/etusivu\/#organization\"},\"image\":{\"@id\":\"https:\/\/www.tuky.fi\/etusivu\/tukyblogi\/kiitollisuutta-ja-kevatta-rinnassa\/#primaryimage\"},\"thumbnailUrl\":\"https:\/\/www.tuky.fi\/wp-content\/uploads\/2025\/03\/Saara-Lohikari-1024x1024.jpg\",\"articleSection\":[\"TuKY-blogi\"],\"inLanguage\":\"fi\"},{\"@type\":\"WebPage\",\"@id\":\"https:\/\/www.tuky.fi\/etusivu\/tukyblogi\/kiitollisuutta-ja-kevatta-rinnassa\/\",\"url\":\"https:\/\/www.tuky.fi\/etusivu\/tukyblogi\/kiitollisuutta-ja-kevatta-rinnassa\/\",\"name\":\"Kiitollisuutta ja kev\u00e4tt\u00e4 rinnassa - Turun KY\",\"isPartOf\":{\"@id\":\"https:\/\/www.tuky.fi\/etusivu\/#website\"},\"primaryImageOfPage\":{\"@id\":\"https:\/\/www.tuky.fi\/etusivu\/tukyblogi\/kiitollisuutta-ja-kevatta-rinnassa\/#primaryimage\"},\"image\":{\"@id\":\"https:\/\/www.tuky.fi\/etusivu\/tukyblogi\/kiitollisuutta-ja-kevatta-rinnassa\/#primaryimage\"},\"thumbnailUrl\":\"https:\/\/www.tuky.fi\/wp-content\/uploads\/2025\/03\/Saara-Lohikari-1024x1024.jpg\",\"datePublished\":\"2025-04-03T10:18:30+00:00\",\"dateModified\":\"2025-04-03T10:19:49+00:00\",\"breadcrumb\":{\"@id\":\"https:\/\/www.tuky.fi\/etusivu\/tukyblogi\/kiitollisuutta-ja-kevatta-rinnassa\/#breadcrumb\"},\"inLanguage\":\"fi\",\"potentialAction\":[{\"@type\":\"ReadAction\",\"target\":[\"https:\/\/www.tuky.fi\/etusivu\/tukyblogi\/kiitollisuutta-ja-kevatta-rinnassa\/\"]}]},{\"@type\":\"ImageObject\",\"inLanguage\":\"fi\",\"@id\":\"https:\/\/www.tuky.fi\/etusivu\/tukyblogi\/kiitollisuutta-ja-kevatta-rinnassa\/#primaryimage\",\"url\":\"https:\/\/www.tuky.fi\/wp-content\/uploads\/2025\/03\/Saara-Lohikari-1024x1024.jpg\",\"contentUrl\":\"https:\/\/www.tuky.fi\/wp-content\/uploads\/2025\/03\/Saara-Lohikari-1024x1024.jpg\"},{\"@type\":\"BreadcrumbList\",\"@id\":\"https:\/\/www.tuky.fi\/etusivu\/tukyblogi\/kiitollisuutta-ja-kevatta-rinnassa\/#breadcrumb\",\"itemListElement\":[{\"@type\":\"ListItem\",\"position\":1,\"name\":\"Etusivu\",\"item\":\"https:\/\/www.tuky.fi\/etusivu\/\"},{\"@type\":\"ListItem\",\"position\":2,\"name\":\"Kiitollisuutta ja kev\u00e4tt\u00e4 rinnassa\"}]},{\"@type\":\"WebSite\",\"@id\":\"https:\/\/www.tuky.fi\/etusivu\/#website\",\"url\":\"https:\/\/www.tuky.fi\/etusivu\/\",\"name\":\"Turun KY\",\"description\":\"TuKY\",\"publisher\":{\"@id\":\"https:\/\/www.tuky.fi\/etusivu\/#organization\"},\"alternateName\":\"TuKY\",\"potentialAction\":[{\"@type\":\"SearchAction\",\"target\":{\"@type\":\"EntryPoint\",\"urlTemplate\":\"https:\/\/www.tuky.fi\/etusivu\/?s={search_term_string}\"},\"query-input\":{\"@type\":\"PropertyValueSpecification\",\"valueRequired\":true,\"valueName\":\"search_term_string\"}}],\"inLanguage\":\"fi\"},{\"@type\":\"Organization\",\"@id\":\"https:\/\/www.tuky.fi\/etusivu\/#organization\",\"name\":\"Turun KY\",\"alternateName\":\"TuKY\",\"url\":\"https:\/\/www.tuky.fi\/etusivu\/\",\"logo\":{\"@type\":\"ImageObject\",\"inLanguage\":\"fi\",\"@id\":\"https:\/\/www.tuky.fi\/etusivu\/#\/schema\/logo\/image\/\",\"url\":\"https:\/\/www.tuky.fi\/wp-content\/uploads\/2024\/09\/TuKY-logo-kulta-1.png\",\"contentUrl\":\"https:\/\/www.tuky.fi\/wp-content\/uploads\/2024\/09\/TuKY-logo-kulta-1.png\",\"width\":1080,\"height\":1080,\"caption\":\"Turun KY\"},\"image\":{\"@id\":\"https:\/\/www.tuky.fi\/etusivu\/#\/schema\/logo\/image\/\"},\"sameAs\":[\"https:\/\/instagram.com\/turunky\",\"https:\/\/linkedin.com\/turunky\"]},{\"@type\":\"Person\",\"@id\":\"https:\/\/www.tuky.fi\/etusivu\/#\/schema\/person\/ced0cdd7bb0f43a5e0eb379b4e034561\",\"name\":\"NESU\",\"image\":{\"@type\":\"ImageObject\",\"inLanguage\":\"fi\",\"@id\":\"https:\/\/secure.gravatar.com\/avatar\/9b83125ab95a25aaf6eb1b123ac3d6c40ba3b31cf1e24aa58d3e5d43deb69940?s=96&d=mm&r=g\",\"url\":\"https:\/\/secure.gravatar.com\/avatar\/9b83125ab95a25aaf6eb1b123ac3d6c40ba3b31cf1e24aa58d3e5d43deb69940?s=96&d=mm&r=g\",\"contentUrl\":\"https:\/\/secure.gravatar.com\/avatar\/9b83125ab95a25aaf6eb1b123ac3d6c40ba3b31cf1e24aa58d3e5d43deb69940?s=96&d=mm&r=g\",\"caption\":\"NESU\"},\"url\":\"https:\/\/www.tuky.fi\/etusivu\/author\/tr-nesu\/\"}]}<\/script>\n<!-- \/ Yoast SEO plugin. -->","yoast_head_json":{"title":"Kiitollisuutta ja kev\u00e4tt\u00e4 rinnassa - Turun KY","robots":{"index":"index","follow":"follow","max-snippet":"max-snippet:-1","max-image-preview":"max-image-preview:large","max-video-preview":"max-video-preview:-1"},"canonical":"https:\/\/www.tuky.fi\/etusivu\/tukyblogi\/kiitollisuutta-ja-kevatta-rinnassa\/","og_locale":"fi_FI","og_type":"article","og_title":"Kiitollisuutta ja kev\u00e4tt\u00e4 rinnassa - Turun KY","og_description":"Valoisat illat, l\u00e4mpenev\u00e4t kelit, iki-ihanat siitep\u00f6lyallergiat ja viimeist\u00e4\u00e4nkin siirretyt kellot ovat kaikessa hiljaisuudessaan tehneet kev\u00e4\u00e4n ja kauan odotetun kes\u00e4n tulon ainakin allekirjoittaneelle selv\u00e4ksi. Niin sit\u00e4 taas l\u00f6yt\u00e4\u00e4 itsens\u00e4 huomaamasta, kuinka [&hellip;]","og_url":"https:\/\/www.tuky.fi\/etusivu\/tukyblogi\/kiitollisuutta-ja-kevatta-rinnassa\/","og_site_name":"Turun KY","article_published_time":"2025-04-03T10:18:30+00:00","article_modified_time":"2025-04-03T10:19:49+00:00","og_image":[{"width":2560,"height":2560,"url":"https:\/\/www.tuky.fi\/wp-content\/uploads\/2025\/03\/Saara-Lohikari-scaled.jpg","type":"image\/jpeg"}],"author":"NESU","twitter_card":"summary_large_image","twitter_misc":{"Kirjoittanut":"NESU","Arvioitu lukuaika":"3 minuuttia"},"schema":{"@context":"https:\/\/schema.org","@graph":[{"@type":"Article","@id":"https:\/\/www.tuky.fi\/etusivu\/tukyblogi\/kiitollisuutta-ja-kevatta-rinnassa\/#article","isPartOf":{"@id":"https:\/\/www.tuky.fi\/etusivu\/tukyblogi\/kiitollisuutta-ja-kevatta-rinnassa\/"},"author":{"name":"NESU","@id":"https:\/\/www.tuky.fi\/etusivu\/#\/schema\/person\/ced0cdd7bb0f43a5e0eb379b4e034561"},"headline":"Kiitollisuutta ja kev\u00e4tt\u00e4 rinnassa","datePublished":"2025-04-03T10:18:30+00:00","dateModified":"2025-04-03T10:19:49+00:00","mainEntityOfPage":{"@id":"https:\/\/www.tuky.fi\/etusivu\/tukyblogi\/kiitollisuutta-ja-kevatta-rinnassa\/"},"wordCount":450,"publisher":{"@id":"https:\/\/www.tuky.fi\/etusivu\/#organization"},"image":{"@id":"https:\/\/www.tuky.fi\/etusivu\/tukyblogi\/kiitollisuutta-ja-kevatta-rinnassa\/#primaryimage"},"thumbnailUrl":"https:\/\/www.tuky.fi\/wp-content\/uploads\/2025\/03\/Saara-Lohikari-1024x1024.jpg","articleSection":["TuKY-blogi"],"inLanguage":"fi"},{"@type":"WebPage","@id":"https:\/\/www.tuky.fi\/etusivu\/tukyblogi\/kiitollisuutta-ja-kevatta-rinnassa\/","url":"https:\/\/www.tuky.fi\/etusivu\/tukyblogi\/kiitollisuutta-ja-kevatta-rinnassa\/","name":"Kiitollisuutta ja kev\u00e4tt\u00e4 rinnassa - Turun KY","isPartOf":{"@id":"https:\/\/www.tuky.fi\/etusivu\/#website"},"primaryImageOfPage":{"@id":"https:\/\/www.tuky.fi\/etusivu\/tukyblogi\/kiitollisuutta-ja-kevatta-rinnassa\/#primaryimage"},"image":{"@id":"https:\/\/www.tuky.fi\/etusivu\/tukyblogi\/kiitollisuutta-ja-kevatta-rinnassa\/#primaryimage"},"thumbnailUrl":"https:\/\/www.tuky.fi\/wp-content\/uploads\/2025\/03\/Saara-Lohikari-1024x1024.jpg","datePublished":"2025-04-03T10:18:30+00:00","dateModified":"2025-04-03T10:19:49+00:00","breadcrumb":{"@id":"https:\/\/www.tuky.fi\/etusivu\/tukyblogi\/kiitollisuutta-ja-kevatta-rinnassa\/#breadcrumb"},"inLanguage":"fi","potentialAction":[{"@type":"ReadAction","target":["https:\/\/www.tuky.fi\/etusivu\/tukyblogi\/kiitollisuutta-ja-kevatta-rinnassa\/"]}]},{"@type":"ImageObject","inLanguage":"fi","@id":"https:\/\/www.tuky.fi\/etusivu\/tukyblogi\/kiitollisuutta-ja-kevatta-rinnassa\/#primaryimage","url":"https:\/\/www.tuky.fi\/wp-content\/uploads\/2025\/03\/Saara-Lohikari-1024x1024.jpg","contentUrl":"https:\/\/www.tuky.fi\/wp-content\/uploads\/2025\/03\/Saara-Lohikari-1024x1024.jpg"},{"@type":"BreadcrumbList","@id":"https:\/\/www.tuky.fi\/etusivu\/tukyblogi\/kiitollisuutta-ja-kevatta-rinnassa\/#breadcrumb","itemListElement":[{"@type":"ListItem","position":1,"name":"Etusivu","item":"https:\/\/www.tuky.fi\/etusivu\/"},{"@type":"ListItem","position":2,"name":"Kiitollisuutta ja kev\u00e4tt\u00e4 rinnassa"}]},{"@type":"WebSite","@id":"https:\/\/www.tuky.fi\/etusivu\/#website","url":"https:\/\/www.tuky.fi\/etusivu\/","name":"Turun KY","description":"TuKY","publisher":{"@id":"https:\/\/www.tuky.fi\/etusivu\/#organization"},"alternateName":"TuKY","potentialAction":[{"@type":"SearchAction","target":{"@type":"EntryPoint","urlTemplate":"https:\/\/www.tuky.fi\/etusivu\/?s={search_term_string}"},"query-input":{"@type":"PropertyValueSpecification","valueRequired":true,"valueName":"search_term_string"}}],"inLanguage":"fi"},{"@type":"Organization","@id":"https:\/\/www.tuky.fi\/etusivu\/#organization","name":"Turun KY","alternateName":"TuKY","url":"https:\/\/www.tuky.fi\/etusivu\/","logo":{"@type":"ImageObject","inLanguage":"fi","@id":"https:\/\/www.tuky.fi\/etusivu\/#\/schema\/logo\/image\/","url":"https:\/\/www.tuky.fi\/wp-content\/uploads\/2024\/09\/TuKY-logo-kulta-1.png","contentUrl":"https:\/\/www.tuky.fi\/wp-content\/uploads\/2024\/09\/TuKY-logo-kulta-1.png","width":1080,"height":1080,"caption":"Turun KY"},"image":{"@id":"https:\/\/www.tuky.fi\/etusivu\/#\/schema\/logo\/image\/"},"sameAs":["https:\/\/instagram.com\/turunky","https:\/\/linkedin.com\/turunky"]},{"@type":"Person","@id":"https:\/\/www.tuky.fi\/etusivu\/#\/schema\/person\/ced0cdd7bb0f43a5e0eb379b4e034561","name":"NESU","image":{"@type":"ImageObject","inLanguage":"fi","@id":"https:\/\/secure.gravatar.com\/avatar\/9b83125ab95a25aaf6eb1b123ac3d6c40ba3b31cf1e24aa58d3e5d43deb69940?s=96&d=mm&r=g","url":"https:\/\/secure.gravatar.com\/avatar\/9b83125ab95a25aaf6eb1b123ac3d6c40ba3b31cf1e24aa58d3e5d43deb69940?s=96&d=mm&r=g","contentUrl":"https:\/\/secure.gravatar.com\/avatar\/9b83125ab95a25aaf6eb1b123ac3d6c40ba3b31cf1e24aa58d3e5d43deb69940?s=96&d=mm&r=g","caption":"NESU"},"url":"https:\/\/www.tuky.fi\/etusivu\/author\/tr-nesu\/"}]}},"lang":"fi","translations":{"fi":50545},"pll_sync_post":[],"_links":{"self":[{"href":"https:\/\/www.tuky.fi\/etusivu\/wp-json\/wp\/v2\/posts\/50545","targetHints":{"allow":["GET"]}}],"collection":[{"href":"https:\/\/www.tuky.fi\/etusivu\/wp-json\/wp\/v2\/posts"}],"about":[{"href":"https:\/\/www.tuky.fi\/etusivu\/wp-json\/wp\/v2\/types\/post"}],"author":[{"embeddable":true,"href":"https:\/\/www.tuky.fi\/etusivu\/wp-json\/wp\/v2\/users\/27"}],"replies":[{"embeddable":true,"href":"https:\/\/www.tuky.fi\/etusivu\/wp-json\/wp\/v2\/comments?post=50545"}],"version-history":[{"count":0,"href":"https:\/\/www.tuky.fi\/etusivu\/wp-json\/wp\/v2\/posts\/50545\/revisions"}],"wp:attachment":[{"href":"https:\/\/www.tuky.fi\/etusivu\/wp-json\/wp\/v2\/media?parent=50545"}],"wp:term":[{"taxonomy":"category","embeddable":true,"href":"https:\/\/www.tuky.fi\/etusivu\/wp-json\/wp\/v2\/categories?post=50545"},{"taxonomy":"post_tag","embeddable":true,"href":"https:\/\/www.tuky.fi\/etusivu\/wp-json\/wp\/v2\/tags?post=50545"}],"curies":[{"name":"wp","href":"https:\/\/api.w.org\/{rel}","templated":true}]}}