{"id":50292,"date":"2025-03-07T15:23:24","date_gmt":"2025-03-07T12:23:24","guid":{"rendered":"https:\/\/www.tuky.fi\/etusivu\/?p=50292"},"modified":"2025-03-07T15:23:26","modified_gmt":"2025-03-07T12:23:26","slug":"paatosluettelo-8-2025-list-of-resolutions-8-2025","status":"publish","type":"post","link":"https:\/\/www.tuky.fi\/etusivu\/ajankohtaista\/paatosluettelo-8-2025-list-of-resolutions-8-2025\/","title":{"rendered":"P\u00e4\u00e4t\u00f6sluettelo 8\/2025 \/ List of resolutions 8\/2025"},"content":{"rendered":"\n<p><strong>Turun Kauppatieteiden Ylioppilaat ry:n hallitus on kokouksessaan 24.2.2025 p\u00e4\u00e4tt\u00e4nyt:<\/strong><\/p>\n\n\n\n<ul class=\"wp-block-list\">\n<li>Antaa puhe- ja l\u00e4sn\u00e4olo-oikeudet vuosijuhlatuottajille.<\/li>\n\n\n\n<li>Hyv\u00e4ksy\u00e4 Parkin erikoisvaraukset<\/li>\n\n\n\n<li>Valita vuosijuhlatiimin kokkarivastaavaksi Nelli-Maija Pekolan, juhlavuosivastaavaksi Fanny Robertsin, AD:ksi Minttu Gr\u00f6nholmin, Fiinitiimiin Siru Noronsen ja sillisvastaaviksi Jesse Viirun ja Janne Hellstedin.<\/li>\n\n\n\n<li>Valita tutortiimiin Kasperi Rounaksen.<\/li>\n\n\n\n<li>Valita Turun KY:n baarimestariksi Olivia Virtamon.<\/li>\n\n\n\n<li>Valtuuttaa Sepp\u00e4l\u00e4n jatkamaan tutortiimin hakua.<\/li>\n\n\n\n<li>Valita toiminnanjohtajan p\u00e4ivystysajoiksi maanantai 10:00-12:00 ja tiistai 10:00-12:00.<\/li>\n\n\n\n<li>J\u00e4rjest\u00e4\u00e4 kev\u00e4tkokouksen 15.4. klo 9.00.<\/li>\n<\/ul>\n\n\n\n<p>Ilmoitusasiat:<\/p>\n\n\n\n<ul class=\"wp-block-list\">\n<li>Dekaanistolounas (Ryyn\u00e4nen, Paassilta, Miilunpalo, Agarth)<\/li>\n\n\n\n<li>Koulutuksen kehitt\u00e4mistoimikunta (Miilunpalo)<\/li>\n<\/ul>\n\n\n\n<p>Lis\u00e4ksi keskusteltiin vuosijuhlakauden avajaisista, hopeisten ansiomerkkien jakamisesta, TuKYn tapahtumien ruokavaihtoehdoista, Mtea2-koulutuksesta ja h\u00e4irint\u00e4yhdyshenkil\u00f6ist\u00e4.<\/p>\n\n\n\n<p><strong>The Board of The Association of the Economic Students in Turku<\/strong>\u00a0<strong>has decided in its meeting on 24.2.2025:<\/strong><\/p>\n\n\n\n<ul class=\"wp-block-list\">\n<li>To grant the producers of the Annual Ball the right to attend and speak at the Board meeting on 24.2.2025.<\/li>\n\n\n\n<li>To approve special reservations for Parkki.<\/li>\n\n\n\n<li>To select Nelli-Maija Pekola as the cocktail reception coordinator, Fanny Roberts as the Anniversary year coordinator, Minttu Gr\u00f6nholm as the art director, Siru Noronen as the member of the Fiiniteam and Jesse Viiru and Janne Hellsted as the sillisteam.<\/li>\n\n\n\n<li>To select Kasperi Rounas to tutorteam.<\/li>\n\n\n\n<li>To select Olivia Virtamo as the new Bar Manager of Turun KY.<\/li>\n\n\n\n<li>To grant Sepp\u00e4l\u00e4 to continue the application for the Tutor team.<\/li>\n\n\n\n<li>To authorize the executive director to hold office hours on Mondays from 10:00 AM to 12:00 PM and Tuesdays from 10:00 AM to 12:00 PM.<\/li>\n\n\n\n<li>To hold the spring meeting on April 15 at 9:00 AM.<\/li>\n<\/ul>\n\n\n\n<p>Announcements:<\/p>\n\n\n\n<ul class=\"wp-block-list\">\n<li>Lunch with Dean (Ryyn\u00e4nen, Paassilta, Miilunpalo, Agarth).<\/li>\n\n\n\n<li>Education Development Committee (Miilunpalo).<\/li>\n<\/ul>\n\n\n\n<p>In addition, the opening of the Anniversary Season, the distribution of silver merit badges, food options at TuKY events, the Mtea2 training, and harassment contact persons were discussed.<\/p>\n\n\n\n<p>Turussa\/in Turku 24.2.2025<br>Sihteeri\/Secretary<br>Minttu Agarth<\/p>\n","protected":false},"excerpt":{"rendered":"<p>Turun Kauppatieteiden Ylioppilaat ry:n hallitus on kokouksessaan 24.2.2025 p\u00e4\u00e4tt\u00e4nyt: Ilmoitusasiat: Lis\u00e4ksi keskusteltiin vuosijuhlakauden avajaisista, hopeisten ansiomerkkien jakamisesta, TuKYn tapahtumien ruokavaihtoehdoista, Mtea2-koulutuksesta ja h\u00e4irint\u00e4yhdyshenkil\u00f6ist\u00e4. The Board of The Association of the [&hellip;]<\/p>\n","protected":false},"author":5,"featured_media":0,"comment_status":"closed","ping_status":"closed","sticky":false,"template":"","format":"standard","meta":{"_et_pb_use_builder":"off","_et_pb_old_content":"","_et_gb_content_width":"","footnotes":""},"categories":[723,282],"tags":[],"class_list":["post-50292","post","type-post","status-publish","format-standard","hentry","category-ajankohtaista","category-paatosluettelot"],"yoast_head":"<!-- This site is optimized with the Yoast SEO plugin v27.2 - https:\/\/yoast.com\/product\/yoast-seo-wordpress\/ -->\n<title>P\u00e4\u00e4t\u00f6sluettelo 8\/2025 \/ List of resolutions 8\/2025 - Turun KY<\/title>\n<meta name=\"robots\" content=\"index, follow, max-snippet:-1, max-image-preview:large, max-video-preview:-1\" \/>\n<link rel=\"canonical\" href=\"https:\/\/www.tuky.fi\/etusivu\/ajankohtaista\/paatosluettelo-8-2025-list-of-resolutions-8-2025\/\" \/>\n<meta property=\"og:locale\" content=\"fi_FI\" \/>\n<meta property=\"og:type\" content=\"article\" \/>\n<meta property=\"og:title\" content=\"P\u00e4\u00e4t\u00f6sluettelo 8\/2025 \/ List of resolutions 8\/2025 - Turun KY\" \/>\n<meta property=\"og:description\" content=\"Turun Kauppatieteiden Ylioppilaat ry:n hallitus on kokouksessaan 24.2.2025 p\u00e4\u00e4tt\u00e4nyt: Ilmoitusasiat: Lis\u00e4ksi keskusteltiin vuosijuhlakauden avajaisista, hopeisten ansiomerkkien jakamisesta, TuKYn tapahtumien ruokavaihtoehdoista, Mtea2-koulutuksesta ja h\u00e4irint\u00e4yhdyshenkil\u00f6ist\u00e4. The Board of The Association of the [&hellip;]\" \/>\n<meta property=\"og:url\" content=\"https:\/\/www.tuky.fi\/etusivu\/ajankohtaista\/paatosluettelo-8-2025-list-of-resolutions-8-2025\/\" \/>\n<meta property=\"og:site_name\" content=\"Turun KY\" \/>\n<meta property=\"article:published_time\" content=\"2025-03-07T12:23:24+00:00\" \/>\n<meta property=\"article:modified_time\" content=\"2025-03-07T12:23:26+00:00\" \/>\n<meta name=\"author\" content=\"Toiminnanjohtaja\" \/>\n<meta name=\"twitter:card\" content=\"summary_large_image\" \/>\n<meta name=\"twitter:label1\" content=\"Kirjoittanut\" \/>\n\t<meta name=\"twitter:data1\" content=\"Toiminnanjohtaja\" \/>\n\t<meta name=\"twitter:label2\" content=\"Arvioitu lukuaika\" \/>\n\t<meta name=\"twitter:data2\" content=\"2 minuuttia\" \/>\n<script type=\"application\/ld+json\" class=\"yoast-schema-graph\">{\"@context\":\"https:\/\/schema.org\",\"@graph\":[{\"@type\":\"Article\",\"@id\":\"https:\/\/www.tuky.fi\/etusivu\/ajankohtaista\/paatosluettelo-8-2025-list-of-resolutions-8-2025\/#article\",\"isPartOf\":{\"@id\":\"https:\/\/www.tuky.fi\/etusivu\/ajankohtaista\/paatosluettelo-8-2025-list-of-resolutions-8-2025\/\"},\"author\":{\"name\":\"Toiminnanjohtaja\",\"@id\":\"https:\/\/www.tuky.fi\/etusivu\/#\/schema\/person\/857b2c80ba750df9646bcddb726bb422\"},\"headline\":\"P\u00e4\u00e4t\u00f6sluettelo 8\/2025 \/ List of resolutions 8\/2025\",\"datePublished\":\"2025-03-07T12:23:24+00:00\",\"dateModified\":\"2025-03-07T12:23:26+00:00\",\"mainEntityOfPage\":{\"@id\":\"https:\/\/www.tuky.fi\/etusivu\/ajankohtaista\/paatosluettelo-8-2025-list-of-resolutions-8-2025\/\"},\"wordCount\":301,\"publisher\":{\"@id\":\"https:\/\/www.tuky.fi\/etusivu\/#organization\"},\"articleSection\":[\"Ajankohtaista\",\"P\u00e4\u00e4t\u00f6sluettelot\"],\"inLanguage\":\"fi\"},{\"@type\":\"WebPage\",\"@id\":\"https:\/\/www.tuky.fi\/etusivu\/ajankohtaista\/paatosluettelo-8-2025-list-of-resolutions-8-2025\/\",\"url\":\"https:\/\/www.tuky.fi\/etusivu\/ajankohtaista\/paatosluettelo-8-2025-list-of-resolutions-8-2025\/\",\"name\":\"P\u00e4\u00e4t\u00f6sluettelo 8\/2025 \/ List of resolutions 8\/2025 - Turun KY\",\"isPartOf\":{\"@id\":\"https:\/\/www.tuky.fi\/etusivu\/#website\"},\"datePublished\":\"2025-03-07T12:23:24+00:00\",\"dateModified\":\"2025-03-07T12:23:26+00:00\",\"breadcrumb\":{\"@id\":\"https:\/\/www.tuky.fi\/etusivu\/ajankohtaista\/paatosluettelo-8-2025-list-of-resolutions-8-2025\/#breadcrumb\"},\"inLanguage\":\"fi\",\"potentialAction\":[{\"@type\":\"ReadAction\",\"target\":[\"https:\/\/www.tuky.fi\/etusivu\/ajankohtaista\/paatosluettelo-8-2025-list-of-resolutions-8-2025\/\"]}]},{\"@type\":\"BreadcrumbList\",\"@id\":\"https:\/\/www.tuky.fi\/etusivu\/ajankohtaista\/paatosluettelo-8-2025-list-of-resolutions-8-2025\/#breadcrumb\",\"itemListElement\":[{\"@type\":\"ListItem\",\"position\":1,\"name\":\"Etusivu\",\"item\":\"https:\/\/www.tuky.fi\/etusivu\/\"},{\"@type\":\"ListItem\",\"position\":2,\"name\":\"P\u00e4\u00e4t\u00f6sluettelo 8\/2025 \/ List of resolutions 8\/2025\"}]},{\"@type\":\"WebSite\",\"@id\":\"https:\/\/www.tuky.fi\/etusivu\/#website\",\"url\":\"https:\/\/www.tuky.fi\/etusivu\/\",\"name\":\"Turun KY\",\"description\":\"TuKY\",\"publisher\":{\"@id\":\"https:\/\/www.tuky.fi\/etusivu\/#organization\"},\"alternateName\":\"TuKY\",\"potentialAction\":[{\"@type\":\"SearchAction\",\"target\":{\"@type\":\"EntryPoint\",\"urlTemplate\":\"https:\/\/www.tuky.fi\/etusivu\/?s={search_term_string}\"},\"query-input\":{\"@type\":\"PropertyValueSpecification\",\"valueRequired\":true,\"valueName\":\"search_term_string\"}}],\"inLanguage\":\"fi\"},{\"@type\":\"Organization\",\"@id\":\"https:\/\/www.tuky.fi\/etusivu\/#organization\",\"name\":\"Turun KY\",\"alternateName\":\"TuKY\",\"url\":\"https:\/\/www.tuky.fi\/etusivu\/\",\"logo\":{\"@type\":\"ImageObject\",\"inLanguage\":\"fi\",\"@id\":\"https:\/\/www.tuky.fi\/etusivu\/#\/schema\/logo\/image\/\",\"url\":\"https:\/\/www.tuky.fi\/wp-content\/uploads\/2024\/09\/TuKY-logo-kulta-1.png\",\"contentUrl\":\"https:\/\/www.tuky.fi\/wp-content\/uploads\/2024\/09\/TuKY-logo-kulta-1.png\",\"width\":1080,\"height\":1080,\"caption\":\"Turun KY\"},\"image\":{\"@id\":\"https:\/\/www.tuky.fi\/etusivu\/#\/schema\/logo\/image\/\"},\"sameAs\":[\"https:\/\/instagram.com\/turunky\",\"https:\/\/linkedin.com\/turunky\"]},{\"@type\":\"Person\",\"@id\":\"https:\/\/www.tuky.fi\/etusivu\/#\/schema\/person\/857b2c80ba750df9646bcddb726bb422\",\"name\":\"Toiminnanjohtaja\",\"image\":{\"@type\":\"ImageObject\",\"inLanguage\":\"fi\",\"@id\":\"https:\/\/secure.gravatar.com\/avatar\/731cec3365faa756ce59a8037b7e863376e9ac12940fb890ed5b05758585cb35?s=96&d=mm&r=g\",\"url\":\"https:\/\/secure.gravatar.com\/avatar\/731cec3365faa756ce59a8037b7e863376e9ac12940fb890ed5b05758585cb35?s=96&d=mm&r=g\",\"contentUrl\":\"https:\/\/secure.gravatar.com\/avatar\/731cec3365faa756ce59a8037b7e863376e9ac12940fb890ed5b05758585cb35?s=96&d=mm&r=g\",\"caption\":\"Toiminnanjohtaja\"},\"url\":\"https:\/\/www.tuky.fi\/etusivu\/author\/toiminnanjohtaja\/\"}]}<\/script>\n<!-- \/ Yoast SEO plugin. -->","yoast_head_json":{"title":"P\u00e4\u00e4t\u00f6sluettelo 8\/2025 \/ List of resolutions 8\/2025 - Turun KY","robots":{"index":"index","follow":"follow","max-snippet":"max-snippet:-1","max-image-preview":"max-image-preview:large","max-video-preview":"max-video-preview:-1"},"canonical":"https:\/\/www.tuky.fi\/etusivu\/ajankohtaista\/paatosluettelo-8-2025-list-of-resolutions-8-2025\/","og_locale":"fi_FI","og_type":"article","og_title":"P\u00e4\u00e4t\u00f6sluettelo 8\/2025 \/ List of resolutions 8\/2025 - Turun KY","og_description":"Turun Kauppatieteiden Ylioppilaat ry:n hallitus on kokouksessaan 24.2.2025 p\u00e4\u00e4tt\u00e4nyt: Ilmoitusasiat: Lis\u00e4ksi keskusteltiin vuosijuhlakauden avajaisista, hopeisten ansiomerkkien jakamisesta, TuKYn tapahtumien ruokavaihtoehdoista, Mtea2-koulutuksesta ja h\u00e4irint\u00e4yhdyshenkil\u00f6ist\u00e4. The Board of The Association of the [&hellip;]","og_url":"https:\/\/www.tuky.fi\/etusivu\/ajankohtaista\/paatosluettelo-8-2025-list-of-resolutions-8-2025\/","og_site_name":"Turun KY","article_published_time":"2025-03-07T12:23:24+00:00","article_modified_time":"2025-03-07T12:23:26+00:00","author":"Toiminnanjohtaja","twitter_card":"summary_large_image","twitter_misc":{"Kirjoittanut":"Toiminnanjohtaja","Arvioitu lukuaika":"2 minuuttia"},"schema":{"@context":"https:\/\/schema.org","@graph":[{"@type":"Article","@id":"https:\/\/www.tuky.fi\/etusivu\/ajankohtaista\/paatosluettelo-8-2025-list-of-resolutions-8-2025\/#article","isPartOf":{"@id":"https:\/\/www.tuky.fi\/etusivu\/ajankohtaista\/paatosluettelo-8-2025-list-of-resolutions-8-2025\/"},"author":{"name":"Toiminnanjohtaja","@id":"https:\/\/www.tuky.fi\/etusivu\/#\/schema\/person\/857b2c80ba750df9646bcddb726bb422"},"headline":"P\u00e4\u00e4t\u00f6sluettelo 8\/2025 \/ List of resolutions 8\/2025","datePublished":"2025-03-07T12:23:24+00:00","dateModified":"2025-03-07T12:23:26+00:00","mainEntityOfPage":{"@id":"https:\/\/www.tuky.fi\/etusivu\/ajankohtaista\/paatosluettelo-8-2025-list-of-resolutions-8-2025\/"},"wordCount":301,"publisher":{"@id":"https:\/\/www.tuky.fi\/etusivu\/#organization"},"articleSection":["Ajankohtaista","P\u00e4\u00e4t\u00f6sluettelot"],"inLanguage":"fi"},{"@type":"WebPage","@id":"https:\/\/www.tuky.fi\/etusivu\/ajankohtaista\/paatosluettelo-8-2025-list-of-resolutions-8-2025\/","url":"https:\/\/www.tuky.fi\/etusivu\/ajankohtaista\/paatosluettelo-8-2025-list-of-resolutions-8-2025\/","name":"P\u00e4\u00e4t\u00f6sluettelo 8\/2025 \/ List of resolutions 8\/2025 - Turun KY","isPartOf":{"@id":"https:\/\/www.tuky.fi\/etusivu\/#website"},"datePublished":"2025-03-07T12:23:24+00:00","dateModified":"2025-03-07T12:23:26+00:00","breadcrumb":{"@id":"https:\/\/www.tuky.fi\/etusivu\/ajankohtaista\/paatosluettelo-8-2025-list-of-resolutions-8-2025\/#breadcrumb"},"inLanguage":"fi","potentialAction":[{"@type":"ReadAction","target":["https:\/\/www.tuky.fi\/etusivu\/ajankohtaista\/paatosluettelo-8-2025-list-of-resolutions-8-2025\/"]}]},{"@type":"BreadcrumbList","@id":"https:\/\/www.tuky.fi\/etusivu\/ajankohtaista\/paatosluettelo-8-2025-list-of-resolutions-8-2025\/#breadcrumb","itemListElement":[{"@type":"ListItem","position":1,"name":"Etusivu","item":"https:\/\/www.tuky.fi\/etusivu\/"},{"@type":"ListItem","position":2,"name":"P\u00e4\u00e4t\u00f6sluettelo 8\/2025 \/ List of resolutions 8\/2025"}]},{"@type":"WebSite","@id":"https:\/\/www.tuky.fi\/etusivu\/#website","url":"https:\/\/www.tuky.fi\/etusivu\/","name":"Turun KY","description":"TuKY","publisher":{"@id":"https:\/\/www.tuky.fi\/etusivu\/#organization"},"alternateName":"TuKY","potentialAction":[{"@type":"SearchAction","target":{"@type":"EntryPoint","urlTemplate":"https:\/\/www.tuky.fi\/etusivu\/?s={search_term_string}"},"query-input":{"@type":"PropertyValueSpecification","valueRequired":true,"valueName":"search_term_string"}}],"inLanguage":"fi"},{"@type":"Organization","@id":"https:\/\/www.tuky.fi\/etusivu\/#organization","name":"Turun KY","alternateName":"TuKY","url":"https:\/\/www.tuky.fi\/etusivu\/","logo":{"@type":"ImageObject","inLanguage":"fi","@id":"https:\/\/www.tuky.fi\/etusivu\/#\/schema\/logo\/image\/","url":"https:\/\/www.tuky.fi\/wp-content\/uploads\/2024\/09\/TuKY-logo-kulta-1.png","contentUrl":"https:\/\/www.tuky.fi\/wp-content\/uploads\/2024\/09\/TuKY-logo-kulta-1.png","width":1080,"height":1080,"caption":"Turun KY"},"image":{"@id":"https:\/\/www.tuky.fi\/etusivu\/#\/schema\/logo\/image\/"},"sameAs":["https:\/\/instagram.com\/turunky","https:\/\/linkedin.com\/turunky"]},{"@type":"Person","@id":"https:\/\/www.tuky.fi\/etusivu\/#\/schema\/person\/857b2c80ba750df9646bcddb726bb422","name":"Toiminnanjohtaja","image":{"@type":"ImageObject","inLanguage":"fi","@id":"https:\/\/secure.gravatar.com\/avatar\/731cec3365faa756ce59a8037b7e863376e9ac12940fb890ed5b05758585cb35?s=96&d=mm&r=g","url":"https:\/\/secure.gravatar.com\/avatar\/731cec3365faa756ce59a8037b7e863376e9ac12940fb890ed5b05758585cb35?s=96&d=mm&r=g","contentUrl":"https:\/\/secure.gravatar.com\/avatar\/731cec3365faa756ce59a8037b7e863376e9ac12940fb890ed5b05758585cb35?s=96&d=mm&r=g","caption":"Toiminnanjohtaja"},"url":"https:\/\/www.tuky.fi\/etusivu\/author\/toiminnanjohtaja\/"}]}},"lang":"fi","translations":{"fi":50292},"pll_sync_post":[],"_links":{"self":[{"href":"https:\/\/www.tuky.fi\/etusivu\/wp-json\/wp\/v2\/posts\/50292","targetHints":{"allow":["GET"]}}],"collection":[{"href":"https:\/\/www.tuky.fi\/etusivu\/wp-json\/wp\/v2\/posts"}],"about":[{"href":"https:\/\/www.tuky.fi\/etusivu\/wp-json\/wp\/v2\/types\/post"}],"author":[{"embeddable":true,"href":"https:\/\/www.tuky.fi\/etusivu\/wp-json\/wp\/v2\/users\/5"}],"replies":[{"embeddable":true,"href":"https:\/\/www.tuky.fi\/etusivu\/wp-json\/wp\/v2\/comments?post=50292"}],"version-history":[{"count":0,"href":"https:\/\/www.tuky.fi\/etusivu\/wp-json\/wp\/v2\/posts\/50292\/revisions"}],"wp:attachment":[{"href":"https:\/\/www.tuky.fi\/etusivu\/wp-json\/wp\/v2\/media?parent=50292"}],"wp:term":[{"taxonomy":"category","embeddable":true,"href":"https:\/\/www.tuky.fi\/etusivu\/wp-json\/wp\/v2\/categories?post=50292"},{"taxonomy":"post_tag","embeddable":true,"href":"https:\/\/www.tuky.fi\/etusivu\/wp-json\/wp\/v2\/tags?post=50292"}],"curies":[{"name":"wp","href":"https:\/\/api.w.org\/{rel}","templated":true}]}}