{"id":49874,"date":"2025-01-16T17:11:07","date_gmt":"2025-01-16T14:11:07","guid":{"rendered":"https:\/\/www.tuky.fi\/etusivu\/?p=49874"},"modified":"2025-01-16T17:11:09","modified_gmt":"2025-01-16T14:11:09","slug":"uusi-vuosi-uudet-toimijat","status":"publish","type":"post","link":"https:\/\/www.tuky.fi\/etusivu\/tukyblogi\/uusi-vuosi-uudet-toimijat\/","title":{"rendered":"Uusi vuosi uudet toimijat"},"content":{"rendered":"\n<p>Taas on maapallo kiert\u00e4nyt auringon ymp\u00e4ri, ja sen my\u00f6t\u00e4 on my\u00f6s monilla meill\u00e4 alkaneet uudet teht\u00e4v\u00e4t sek\u00e4 roolit. Itsell\u00e4ni uusivuosi VPJ:n\u00e4 on alkanut p\u00e4ivitelless\u00e4 toimijarekisterej\u00e4, suunnitellessa vuoden aikataulua ja kouluttaessa uusia toimijoita.&nbsp; Kev\u00e4\u00e4n TuKY-koulutuksessa olikin mukava n\u00e4hd\u00e4 kaikkia uusia toimijoita t\u00e4ydess\u00e4 Osuuskauppa-Salissa valmiina uuden vuoden uusiin koitoksiin. Hauska on n\u00e4hd\u00e4 mit\u00e4 kaikkea vuosi tuo tullessaan. Vaihtaako Visio taas logoaan? Syntyyk\u00f6 uusia toimijaryhmi\u00e4? Mik\u00e4 jaosto valtaa mink\u00e4kin toimijaryhm\u00e4n? &nbsp;Varma kuitenkin voi olla siit\u00e4, ett\u00e4 niin uudet puput kuin vanhat rusakotkin tulevat tarjoamaan meille kaikille viihdett\u00e4, edunvalvontaa ja tapahtumia, mist\u00e4 me kaikki hy\u00f6dymme. Haluankin jo t\u00e4ss\u00e4 kohtaa vuotta kiitt\u00e4\u00e4 jokaista, joka on laittanut itsens\u00e4 likoon ja hyp\u00e4nnyt mukaan toimintaan.<\/p>\n\n\n\n<p>Vuosi voi olla monelle rankka. Tapahtumien j\u00e4rjest\u00e4minen on oikeaa ty\u00f6t\u00e4 ja voi v\u00e4lill\u00e4 tuntua, ett\u00e4 omille harteille tippuu aivan liikaa asiaa. Hyv\u00e4 onkin muistaa, ett\u00e4 kaikki toimintamme on vapaaehtoisty\u00f6t\u00e4 ja t\u00e4t\u00e4 tehd\u00e4\u00e4n sen takia, ett\u00e4 siit\u00e4 nautitaan ja saadaan el\u00e4m\u00e4nkokemuksia. Ei siis kannata menett\u00e4\u00e4 y\u00f6uniaan sitsiruokien tai parkkisiivousten suhteen. On kuitenkin hyv\u00e4 muistaa silti tehd\u00e4 hommat kunnolla, niin voi olla itsest\u00e4\u00e4n ylpe\u00e4 ja katsoa vuoden j\u00e4lkeen taaksep\u00e4in hyv\u00e4ll\u00e4 mielell\u00e4. Vuosi tulee menem\u00e4\u00e4n nopeasti, joten koittakaa vaalia jokaista hetke\u00e4. Kivoja hetki\u00e4 ilolla ja vaikeita hetki\u00e4 opin kannalta. Hakekaa vertaistukea toisistanne ja kyselk\u00e4\u00e4 kavereiltanne, miten heill\u00e4 menee. Hienointa Turun KY:ss\u00e4 on yhteis\u00f6mme, johon me kaikki kuulumme. Ei vain toimijat ja aktiivit, vaan jokainen kuntalainen. Pidet\u00e4\u00e4n siis toisistamme huolta my\u00f6s vuonna 2025. Toivotankin kaikille TSEmpit uuteen vuoteen ja uusiin haasteisiin.<\/p>\n\n\n\n<figure class=\"wp-block-image size-large is-resized\"><img loading=\"lazy\" decoding=\"async\" width=\"732\" height=\"1024\" src=\"https:\/\/www.tuky.fi\/wp-content\/uploads\/2025\/01\/PL-Kasperi-Paassilta-732x1024.jpg\" alt=\"\" class=\"wp-image-49875\" style=\"width:114px;height:auto\"\/><\/figure>\n\n\n\n<p>Kasperi Paassilta<br><em>Hallituksen varapuheenjohtaja<\/em><\/p>\n\n\n\n<p><\/p>\n\n\n\n<p><\/p>\n","protected":false},"excerpt":{"rendered":"<p>Taas on maapallo kiert\u00e4nyt auringon ymp\u00e4ri, ja sen my\u00f6t\u00e4 on my\u00f6s monilla meill\u00e4 alkaneet uudet teht\u00e4v\u00e4t sek\u00e4 roolit. Itsell\u00e4ni uusivuosi VPJ:n\u00e4 on alkanut p\u00e4ivitelless\u00e4 toimijarekisterej\u00e4, suunnitellessa vuoden aikataulua ja kouluttaessa [&hellip;]<\/p>\n","protected":false},"author":19,"featured_media":0,"comment_status":"closed","ping_status":"closed","sticky":false,"template":"","format":"standard","meta":{"_et_pb_use_builder":"off","_et_pb_old_content":"","_et_gb_content_width":"","footnotes":""},"categories":[6],"tags":[],"class_list":["post-49874","post","type-post","status-publish","format-standard","hentry","category-tukyblogi"],"yoast_head":"<!-- This site is optimized with the Yoast SEO plugin v27.2 - https:\/\/yoast.com\/product\/yoast-seo-wordpress\/ -->\n<title>Uusi vuosi uudet toimijat - Turun KY<\/title>\n<meta name=\"robots\" content=\"index, follow, max-snippet:-1, max-image-preview:large, max-video-preview:-1\" \/>\n<link rel=\"canonical\" href=\"https:\/\/www.tuky.fi\/etusivu\/tukyblogi\/uusi-vuosi-uudet-toimijat\/\" \/>\n<meta property=\"og:locale\" content=\"fi_FI\" \/>\n<meta property=\"og:type\" content=\"article\" \/>\n<meta property=\"og:title\" content=\"Uusi vuosi uudet toimijat - Turun KY\" \/>\n<meta property=\"og:description\" content=\"Taas on maapallo kiert\u00e4nyt auringon ymp\u00e4ri, ja sen my\u00f6t\u00e4 on my\u00f6s monilla meill\u00e4 alkaneet uudet teht\u00e4v\u00e4t sek\u00e4 roolit. Itsell\u00e4ni uusivuosi VPJ:n\u00e4 on alkanut p\u00e4ivitelless\u00e4 toimijarekisterej\u00e4, suunnitellessa vuoden aikataulua ja kouluttaessa [&hellip;]\" \/>\n<meta property=\"og:url\" content=\"https:\/\/www.tuky.fi\/etusivu\/tukyblogi\/uusi-vuosi-uudet-toimijat\/\" \/>\n<meta property=\"og:site_name\" content=\"Turun KY\" \/>\n<meta property=\"article:published_time\" content=\"2025-01-16T14:11:07+00:00\" \/>\n<meta property=\"article:modified_time\" content=\"2025-01-16T14:11:09+00:00\" \/>\n<meta property=\"og:image\" content=\"https:\/\/www.tuky.fi\/wp-content\/uploads\/2025\/01\/PL-Kasperi-Paassilta-scaled.jpg\" \/>\n\t<meta property=\"og:image:width\" content=\"1829\" \/>\n\t<meta property=\"og:image:height\" content=\"2560\" \/>\n\t<meta property=\"og:image:type\" content=\"image\/jpeg\" \/>\n<meta name=\"author\" content=\"Hallituksen varapuheenjohtaja\" \/>\n<meta name=\"twitter:card\" content=\"summary_large_image\" \/>\n<meta name=\"twitter:label1\" content=\"Kirjoittanut\" \/>\n\t<meta name=\"twitter:data1\" content=\"Hallituksen varapuheenjohtaja\" \/>\n\t<meta name=\"twitter:label2\" content=\"Arvioitu lukuaika\" \/>\n\t<meta name=\"twitter:data2\" content=\"2 minuuttia\" \/>\n<script type=\"application\/ld+json\" class=\"yoast-schema-graph\">{\"@context\":\"https:\/\/schema.org\",\"@graph\":[{\"@type\":\"Article\",\"@id\":\"https:\/\/www.tuky.fi\/etusivu\/tukyblogi\/uusi-vuosi-uudet-toimijat\/#article\",\"isPartOf\":{\"@id\":\"https:\/\/www.tuky.fi\/etusivu\/tukyblogi\/uusi-vuosi-uudet-toimijat\/\"},\"author\":{\"name\":\"Hallituksen varapuheenjohtaja\",\"@id\":\"https:\/\/www.tuky.fi\/etusivu\/#\/schema\/person\/3be6d98d6792157b46f32757bc9712ce\"},\"headline\":\"Uusi vuosi uudet toimijat\",\"datePublished\":\"2025-01-16T14:11:07+00:00\",\"dateModified\":\"2025-01-16T14:11:09+00:00\",\"mainEntityOfPage\":{\"@id\":\"https:\/\/www.tuky.fi\/etusivu\/tukyblogi\/uusi-vuosi-uudet-toimijat\/\"},\"wordCount\":280,\"publisher\":{\"@id\":\"https:\/\/www.tuky.fi\/etusivu\/#organization\"},\"image\":{\"@id\":\"https:\/\/www.tuky.fi\/etusivu\/tukyblogi\/uusi-vuosi-uudet-toimijat\/#primaryimage\"},\"thumbnailUrl\":\"https:\/\/www.tuky.fi\/wp-content\/uploads\/2025\/01\/PL-Kasperi-Paassilta-732x1024.jpg\",\"articleSection\":[\"TuKY-blogi\"],\"inLanguage\":\"fi\"},{\"@type\":\"WebPage\",\"@id\":\"https:\/\/www.tuky.fi\/etusivu\/tukyblogi\/uusi-vuosi-uudet-toimijat\/\",\"url\":\"https:\/\/www.tuky.fi\/etusivu\/tukyblogi\/uusi-vuosi-uudet-toimijat\/\",\"name\":\"Uusi vuosi uudet toimijat - Turun KY\",\"isPartOf\":{\"@id\":\"https:\/\/www.tuky.fi\/etusivu\/#website\"},\"primaryImageOfPage\":{\"@id\":\"https:\/\/www.tuky.fi\/etusivu\/tukyblogi\/uusi-vuosi-uudet-toimijat\/#primaryimage\"},\"image\":{\"@id\":\"https:\/\/www.tuky.fi\/etusivu\/tukyblogi\/uusi-vuosi-uudet-toimijat\/#primaryimage\"},\"thumbnailUrl\":\"https:\/\/www.tuky.fi\/wp-content\/uploads\/2025\/01\/PL-Kasperi-Paassilta-732x1024.jpg\",\"datePublished\":\"2025-01-16T14:11:07+00:00\",\"dateModified\":\"2025-01-16T14:11:09+00:00\",\"breadcrumb\":{\"@id\":\"https:\/\/www.tuky.fi\/etusivu\/tukyblogi\/uusi-vuosi-uudet-toimijat\/#breadcrumb\"},\"inLanguage\":\"fi\",\"potentialAction\":[{\"@type\":\"ReadAction\",\"target\":[\"https:\/\/www.tuky.fi\/etusivu\/tukyblogi\/uusi-vuosi-uudet-toimijat\/\"]}]},{\"@type\":\"ImageObject\",\"inLanguage\":\"fi\",\"@id\":\"https:\/\/www.tuky.fi\/etusivu\/tukyblogi\/uusi-vuosi-uudet-toimijat\/#primaryimage\",\"url\":\"https:\/\/www.tuky.fi\/wp-content\/uploads\/2025\/01\/PL-Kasperi-Paassilta-732x1024.jpg\",\"contentUrl\":\"https:\/\/www.tuky.fi\/wp-content\/uploads\/2025\/01\/PL-Kasperi-Paassilta-732x1024.jpg\"},{\"@type\":\"BreadcrumbList\",\"@id\":\"https:\/\/www.tuky.fi\/etusivu\/tukyblogi\/uusi-vuosi-uudet-toimijat\/#breadcrumb\",\"itemListElement\":[{\"@type\":\"ListItem\",\"position\":1,\"name\":\"Etusivu\",\"item\":\"https:\/\/www.tuky.fi\/etusivu\/\"},{\"@type\":\"ListItem\",\"position\":2,\"name\":\"Uusi vuosi uudet toimijat\"}]},{\"@type\":\"WebSite\",\"@id\":\"https:\/\/www.tuky.fi\/etusivu\/#website\",\"url\":\"https:\/\/www.tuky.fi\/etusivu\/\",\"name\":\"Turun KY\",\"description\":\"TuKY\",\"publisher\":{\"@id\":\"https:\/\/www.tuky.fi\/etusivu\/#organization\"},\"alternateName\":\"TuKY\",\"potentialAction\":[{\"@type\":\"SearchAction\",\"target\":{\"@type\":\"EntryPoint\",\"urlTemplate\":\"https:\/\/www.tuky.fi\/etusivu\/?s={search_term_string}\"},\"query-input\":{\"@type\":\"PropertyValueSpecification\",\"valueRequired\":true,\"valueName\":\"search_term_string\"}}],\"inLanguage\":\"fi\"},{\"@type\":\"Organization\",\"@id\":\"https:\/\/www.tuky.fi\/etusivu\/#organization\",\"name\":\"Turun KY\",\"alternateName\":\"TuKY\",\"url\":\"https:\/\/www.tuky.fi\/etusivu\/\",\"logo\":{\"@type\":\"ImageObject\",\"inLanguage\":\"fi\",\"@id\":\"https:\/\/www.tuky.fi\/etusivu\/#\/schema\/logo\/image\/\",\"url\":\"https:\/\/www.tuky.fi\/wp-content\/uploads\/2024\/09\/TuKY-logo-kulta-1.png\",\"contentUrl\":\"https:\/\/www.tuky.fi\/wp-content\/uploads\/2024\/09\/TuKY-logo-kulta-1.png\",\"width\":1080,\"height\":1080,\"caption\":\"Turun KY\"},\"image\":{\"@id\":\"https:\/\/www.tuky.fi\/etusivu\/#\/schema\/logo\/image\/\"},\"sameAs\":[\"https:\/\/instagram.com\/turunky\",\"https:\/\/linkedin.com\/turunky\"]},{\"@type\":\"Person\",\"@id\":\"https:\/\/www.tuky.fi\/etusivu\/#\/schema\/person\/3be6d98d6792157b46f32757bc9712ce\",\"name\":\"Hallituksen varapuheenjohtaja\",\"image\":{\"@type\":\"ImageObject\",\"inLanguage\":\"fi\",\"@id\":\"https:\/\/secure.gravatar.com\/avatar\/498c43e46c608fbabac5e893f3405adf1d9d4423a5135f21b1a9ade7f0580409?s=96&d=mm&r=g\",\"url\":\"https:\/\/secure.gravatar.com\/avatar\/498c43e46c608fbabac5e893f3405adf1d9d4423a5135f21b1a9ade7f0580409?s=96&d=mm&r=g\",\"contentUrl\":\"https:\/\/secure.gravatar.com\/avatar\/498c43e46c608fbabac5e893f3405adf1d9d4423a5135f21b1a9ade7f0580409?s=96&d=mm&r=g\",\"caption\":\"Hallituksen varapuheenjohtaja\"},\"url\":\"https:\/\/www.tuky.fi\/etusivu\/author\/ky-hallitus-vpj\/\"}]}<\/script>\n<!-- \/ Yoast SEO plugin. -->","yoast_head_json":{"title":"Uusi vuosi uudet toimijat - Turun KY","robots":{"index":"index","follow":"follow","max-snippet":"max-snippet:-1","max-image-preview":"max-image-preview:large","max-video-preview":"max-video-preview:-1"},"canonical":"https:\/\/www.tuky.fi\/etusivu\/tukyblogi\/uusi-vuosi-uudet-toimijat\/","og_locale":"fi_FI","og_type":"article","og_title":"Uusi vuosi uudet toimijat - Turun KY","og_description":"Taas on maapallo kiert\u00e4nyt auringon ymp\u00e4ri, ja sen my\u00f6t\u00e4 on my\u00f6s monilla meill\u00e4 alkaneet uudet teht\u00e4v\u00e4t sek\u00e4 roolit. Itsell\u00e4ni uusivuosi VPJ:n\u00e4 on alkanut p\u00e4ivitelless\u00e4 toimijarekisterej\u00e4, suunnitellessa vuoden aikataulua ja kouluttaessa [&hellip;]","og_url":"https:\/\/www.tuky.fi\/etusivu\/tukyblogi\/uusi-vuosi-uudet-toimijat\/","og_site_name":"Turun KY","article_published_time":"2025-01-16T14:11:07+00:00","article_modified_time":"2025-01-16T14:11:09+00:00","og_image":[{"width":1829,"height":2560,"url":"https:\/\/www.tuky.fi\/wp-content\/uploads\/2025\/01\/PL-Kasperi-Paassilta-scaled.jpg","type":"image\/jpeg"}],"author":"Hallituksen varapuheenjohtaja","twitter_card":"summary_large_image","twitter_misc":{"Kirjoittanut":"Hallituksen varapuheenjohtaja","Arvioitu lukuaika":"2 minuuttia"},"schema":{"@context":"https:\/\/schema.org","@graph":[{"@type":"Article","@id":"https:\/\/www.tuky.fi\/etusivu\/tukyblogi\/uusi-vuosi-uudet-toimijat\/#article","isPartOf":{"@id":"https:\/\/www.tuky.fi\/etusivu\/tukyblogi\/uusi-vuosi-uudet-toimijat\/"},"author":{"name":"Hallituksen varapuheenjohtaja","@id":"https:\/\/www.tuky.fi\/etusivu\/#\/schema\/person\/3be6d98d6792157b46f32757bc9712ce"},"headline":"Uusi vuosi uudet toimijat","datePublished":"2025-01-16T14:11:07+00:00","dateModified":"2025-01-16T14:11:09+00:00","mainEntityOfPage":{"@id":"https:\/\/www.tuky.fi\/etusivu\/tukyblogi\/uusi-vuosi-uudet-toimijat\/"},"wordCount":280,"publisher":{"@id":"https:\/\/www.tuky.fi\/etusivu\/#organization"},"image":{"@id":"https:\/\/www.tuky.fi\/etusivu\/tukyblogi\/uusi-vuosi-uudet-toimijat\/#primaryimage"},"thumbnailUrl":"https:\/\/www.tuky.fi\/wp-content\/uploads\/2025\/01\/PL-Kasperi-Paassilta-732x1024.jpg","articleSection":["TuKY-blogi"],"inLanguage":"fi"},{"@type":"WebPage","@id":"https:\/\/www.tuky.fi\/etusivu\/tukyblogi\/uusi-vuosi-uudet-toimijat\/","url":"https:\/\/www.tuky.fi\/etusivu\/tukyblogi\/uusi-vuosi-uudet-toimijat\/","name":"Uusi vuosi uudet toimijat - Turun KY","isPartOf":{"@id":"https:\/\/www.tuky.fi\/etusivu\/#website"},"primaryImageOfPage":{"@id":"https:\/\/www.tuky.fi\/etusivu\/tukyblogi\/uusi-vuosi-uudet-toimijat\/#primaryimage"},"image":{"@id":"https:\/\/www.tuky.fi\/etusivu\/tukyblogi\/uusi-vuosi-uudet-toimijat\/#primaryimage"},"thumbnailUrl":"https:\/\/www.tuky.fi\/wp-content\/uploads\/2025\/01\/PL-Kasperi-Paassilta-732x1024.jpg","datePublished":"2025-01-16T14:11:07+00:00","dateModified":"2025-01-16T14:11:09+00:00","breadcrumb":{"@id":"https:\/\/www.tuky.fi\/etusivu\/tukyblogi\/uusi-vuosi-uudet-toimijat\/#breadcrumb"},"inLanguage":"fi","potentialAction":[{"@type":"ReadAction","target":["https:\/\/www.tuky.fi\/etusivu\/tukyblogi\/uusi-vuosi-uudet-toimijat\/"]}]},{"@type":"ImageObject","inLanguage":"fi","@id":"https:\/\/www.tuky.fi\/etusivu\/tukyblogi\/uusi-vuosi-uudet-toimijat\/#primaryimage","url":"https:\/\/www.tuky.fi\/wp-content\/uploads\/2025\/01\/PL-Kasperi-Paassilta-732x1024.jpg","contentUrl":"https:\/\/www.tuky.fi\/wp-content\/uploads\/2025\/01\/PL-Kasperi-Paassilta-732x1024.jpg"},{"@type":"BreadcrumbList","@id":"https:\/\/www.tuky.fi\/etusivu\/tukyblogi\/uusi-vuosi-uudet-toimijat\/#breadcrumb","itemListElement":[{"@type":"ListItem","position":1,"name":"Etusivu","item":"https:\/\/www.tuky.fi\/etusivu\/"},{"@type":"ListItem","position":2,"name":"Uusi vuosi uudet toimijat"}]},{"@type":"WebSite","@id":"https:\/\/www.tuky.fi\/etusivu\/#website","url":"https:\/\/www.tuky.fi\/etusivu\/","name":"Turun KY","description":"TuKY","publisher":{"@id":"https:\/\/www.tuky.fi\/etusivu\/#organization"},"alternateName":"TuKY","potentialAction":[{"@type":"SearchAction","target":{"@type":"EntryPoint","urlTemplate":"https:\/\/www.tuky.fi\/etusivu\/?s={search_term_string}"},"query-input":{"@type":"PropertyValueSpecification","valueRequired":true,"valueName":"search_term_string"}}],"inLanguage":"fi"},{"@type":"Organization","@id":"https:\/\/www.tuky.fi\/etusivu\/#organization","name":"Turun KY","alternateName":"TuKY","url":"https:\/\/www.tuky.fi\/etusivu\/","logo":{"@type":"ImageObject","inLanguage":"fi","@id":"https:\/\/www.tuky.fi\/etusivu\/#\/schema\/logo\/image\/","url":"https:\/\/www.tuky.fi\/wp-content\/uploads\/2024\/09\/TuKY-logo-kulta-1.png","contentUrl":"https:\/\/www.tuky.fi\/wp-content\/uploads\/2024\/09\/TuKY-logo-kulta-1.png","width":1080,"height":1080,"caption":"Turun KY"},"image":{"@id":"https:\/\/www.tuky.fi\/etusivu\/#\/schema\/logo\/image\/"},"sameAs":["https:\/\/instagram.com\/turunky","https:\/\/linkedin.com\/turunky"]},{"@type":"Person","@id":"https:\/\/www.tuky.fi\/etusivu\/#\/schema\/person\/3be6d98d6792157b46f32757bc9712ce","name":"Hallituksen varapuheenjohtaja","image":{"@type":"ImageObject","inLanguage":"fi","@id":"https:\/\/secure.gravatar.com\/avatar\/498c43e46c608fbabac5e893f3405adf1d9d4423a5135f21b1a9ade7f0580409?s=96&d=mm&r=g","url":"https:\/\/secure.gravatar.com\/avatar\/498c43e46c608fbabac5e893f3405adf1d9d4423a5135f21b1a9ade7f0580409?s=96&d=mm&r=g","contentUrl":"https:\/\/secure.gravatar.com\/avatar\/498c43e46c608fbabac5e893f3405adf1d9d4423a5135f21b1a9ade7f0580409?s=96&d=mm&r=g","caption":"Hallituksen varapuheenjohtaja"},"url":"https:\/\/www.tuky.fi\/etusivu\/author\/ky-hallitus-vpj\/"}]}},"lang":"fi","translations":{"fi":49874},"pll_sync_post":[],"_links":{"self":[{"href":"https:\/\/www.tuky.fi\/etusivu\/wp-json\/wp\/v2\/posts\/49874","targetHints":{"allow":["GET"]}}],"collection":[{"href":"https:\/\/www.tuky.fi\/etusivu\/wp-json\/wp\/v2\/posts"}],"about":[{"href":"https:\/\/www.tuky.fi\/etusivu\/wp-json\/wp\/v2\/types\/post"}],"author":[{"embeddable":true,"href":"https:\/\/www.tuky.fi\/etusivu\/wp-json\/wp\/v2\/users\/19"}],"replies":[{"embeddable":true,"href":"https:\/\/www.tuky.fi\/etusivu\/wp-json\/wp\/v2\/comments?post=49874"}],"version-history":[{"count":0,"href":"https:\/\/www.tuky.fi\/etusivu\/wp-json\/wp\/v2\/posts\/49874\/revisions"}],"wp:attachment":[{"href":"https:\/\/www.tuky.fi\/etusivu\/wp-json\/wp\/v2\/media?parent=49874"}],"wp:term":[{"taxonomy":"category","embeddable":true,"href":"https:\/\/www.tuky.fi\/etusivu\/wp-json\/wp\/v2\/categories?post=49874"},{"taxonomy":"post_tag","embeddable":true,"href":"https:\/\/www.tuky.fi\/etusivu\/wp-json\/wp\/v2\/tags?post=49874"}],"curies":[{"name":"wp","href":"https:\/\/api.w.org\/{rel}","templated":true}]}}