{"id":49172,"date":"2024-11-08T13:21:32","date_gmt":"2024-11-08T10:21:32","guid":{"rendered":"https:\/\/www.tuky.fi\/etusivu\/?p=49172"},"modified":"2024-11-08T13:30:09","modified_gmt":"2024-11-08T10:30:09","slug":"tsemppia-halvakauteen","status":"publish","type":"post","link":"https:\/\/www.tuky.fi\/etusivu\/tukyblogi\/tsemppia-halvakauteen\/","title":{"rendered":"TSEmppi\u00e4 halvakauteen!"},"content":{"rendered":"\n<p>Viime viikko oli kaiken kaikkiaan erityisen tunteikas sis\u00e4lt\u00e4en iloa, surua ja j\u00e4nnityst\u00e4. T\u00e4ll\u00e4 viikolla alkavien jaostohalvojen kunniaksi voisinkin kirjoittaa teille pienen muistelman omasta matkastani, joka ei ole aina ollut niin helppo ja vaivaton. Oma tarinani alkoi pupusyksyn\u00e4 2022, kun astelin itsevarmasti ensimm\u00e4iseen jaostohalvaan intoa ja j\u00e4nnityst\u00e4 t\u00e4ynn\u00e4. Ilta p\u00e4\u00e4ttyikin moneen pestiin ehdolle asettumisen j\u00e4lkeen kyynelien ja ep\u00e4toivon t\u00e4yteiseen kotimatkaan. En antanut sen lannistaa, vaan suuntasin seuraavana p\u00e4iv\u00e4n\u00e4 seuraavaan jaostohalvaan ja uskoin sen olevan p\u00e4iv\u00e4n\u00e4ni. Arvata saatattekin, itsevarmuuteni j\u00e4i Parkin lattialle ja kyyneleet silmiss\u00e4 l\u00e4hdin taas kotimatkalle. Uskokaa tai \u00e4lk\u00e4\u00e4 jaksoin yritt\u00e4\u00e4 viel\u00e4 viimeisill\u00e4 voimillani NESUn HalVassa ja kaikkia odotuksia vastaan minut julistettiinkin lopulta NESU-TuKYn yrityssuhdevastaavaksi vuosimallia 2023.<\/p>\n\n\n\n<p>Siin\u00e4 se vuosi vier\u00e4htikin yrp\u00e4n hommissa rakkaan NESU23:sen kanssa. J\u00e4rjestimme monia upeita tapahtumia, sain hommattua paljon sponsseja ja ennen kaikkea koin onnistumisen ja yst\u00e4vyyden tunteita l\u00e4pi vuoden. Silloin olin l\u00f6yt\u00e4nyt oman paikkani osana Turun KY:t\u00e4 ja koin halua p\u00e4\u00e4st\u00e4 jatkamaan omaa matkaani. Turun KY:n Syyskokous vuosimallia 2023 koitti ja muutaman viikon j\u00e4nnitys alkoi kasautua harteillani, kun odottelin monta pitk\u00e4\u00e4 tuntia Osuuskauppasalin penkiss\u00e4 omaa vuoroani. Monet yst\u00e4vist\u00e4ni k\u00e4viv\u00e4t puhujap\u00f6nt\u00f6ss\u00e4 loistamassa ennen omaa vuoroani ja sain olla heist\u00e4 jo silloin todella ylpe\u00e4. Sitten koitti vihdoin vuoroni ja astelin jalat t\u00e4risten puhujap\u00f6nt\u00f6n \u00e4\u00e4reen. Kysymyksist\u00e4 en muista en\u00e4\u00e4 yht\u00e4k\u00e4\u00e4n, enk\u00e4 my\u00f6sk\u00e4\u00e4n ajatellut ikin\u00e4 katsoa nauhoitettua striimi\u00e4 silt\u00e4 p\u00e4iv\u00e4lt\u00e4. Hauskin juttuhan siin\u00e4 tosiaan oli se, ettei minulla yhden yht\u00e4 vastahakijaa edes asettunut silloin ehdolle&#8230; Toisin sanoen se oli ehk\u00e4 el\u00e4m\u00e4ni yksi j\u00e4nnitt\u00e4vimmist\u00e4 p\u00e4ivist\u00e4 kaikkien niiden tuomitsevien katseiden alla kuntalaistemme edess\u00e4, mutta saan olla siit\u00e4 eritt\u00e4in ylpe\u00e4 viel\u00e4 t\u00e4n\u00e4kin p\u00e4iv\u00e4n\u00e4!<\/p>\n\n\n\n<p>T\u00e4m\u00e4n takia viime viikko olikin kaikin puolin tunteita her\u00e4tt\u00e4v\u00e4. Tiistaina syyskokouksessa p\u00e4\u00e4sin taas istumaan moneksi tunniksi Osuuskauppasalin penkkiin ja j\u00e4nnitt\u00e4m\u00e4\u00e4n muiden puolesta. Kerran sen jo kokeneena, tiet\u00e4\u00e4 miten paha paikka on astella kuntalaisten eteen n\u00f6yrin ottein ja yritt\u00e4\u00e4 saada selkoa kysymyksist\u00e4 ja kaiken lis\u00e4ksi viel\u00e4 vastatakin niihin jotain. N\u00e4imme j\u00e4lleen niin monet ylitt\u00e4m\u00e4ss\u00e4 itsens\u00e4 ja koimme tunteita laidasta laitaan yhdess\u00e4 hakijoiden kanssa. Olen eritt\u00e4in ylpe\u00e4 jokaisesta, joka eteen asteli ja saattekin olla itsest\u00e4nne \u00e4\u00e4rimm\u00e4isen ylpeit\u00e4. Te veditte niin hienosti jokainen!<\/p>\n\n\n\n<p>Siin\u00e4 se sitten taas vier\u00e4hti, varmasti t\u00e4h\u00e4n astisen el\u00e4m\u00e4ni ikimuistoisin vuosi, yhdess\u00e4 rakkaan NESU-TuKY 24:sen ja TuKYh:n kanssa. Vuosi oli t\u00e4ynn\u00e4 ihania muistoja, yst\u00e4vi\u00e4, kokemuksia ja t\u00e4rkeit\u00e4 oppeja. Vaikea ajatella t\u00e4m\u00e4n kaksivuotisen opettavaisen matkan k\u00e4\u00e4ntyneen loppusuoralle. On vaikea pukea sanoiksi, miten paljon n\u00e4m\u00e4 vuodet ovat antaneetkaan. Siit\u00e4 ep\u00e4varmasta pupusta kasvoikin lopulta itsevarma, osaava ja kunnianhimoinen NESU-vastaava, joka saa ikuisesti olla ylpe\u00e4 siit\u00e4, ett\u00e4 jaksoi koluta jokaisen HalVan l\u00e4pi luovuttamatta. T\u00e4m\u00e4n takia halusinkin kirjoittaa oman tarinani t\u00e4m\u00e4n viikon blogiin toivoen, ett\u00e4 edes yksi teist\u00e4 p\u00e4\u00e4tt\u00e4isi astua ep\u00e4mukavuusalueelleen ja l\u00f6yt\u00e4\u00e4 paikkansa osana Turun KY:t\u00e4. Enk\u00e4 t\u00e4ll\u00e4 tarkoita, ett\u00e4 jokaisen teist\u00e4 pit\u00e4isi t\u00e4ll\u00e4 viikolla HalVaan astella ja asettua ehdolle, vaan jos pienestik\u00e4\u00e4n mik\u00e4\u00e4n toiminta t\u00e4\u00e4ll\u00e4 kiinnostelee, niin l\u00e4htek\u00e4\u00e4 mukaan. Lupaan, ettette tule katumaan, vaan l\u00f6yd\u00e4tte itselleni oikean paikan oikeiden ihmisten seurassa.<\/p>\n\n\n\n<p>Suurin kiitos kuuluu siis Turun KY:n hallitukselle vuosimallia 2024, NESU-TuKYlle 24, NESU-TuKYlle 23 ja monille monille muille, jotka ovat olleet osana t\u00e4t\u00e4 matkaa. TSEmppi\u00e4 niin paljon kaikille HalVa-viikkoon, te slayaatte! &lt;3<\/p>\n\n\n\n<p>Rakkain terveisin, NESU-vastaavanne&#8217;24<\/p>\n\n\n\n<figure class=\"wp-block-image size-large is-resized\"><img loading=\"lazy\" decoding=\"async\" width=\"1024\" height=\"1024\" src=\"https:\/\/www.tuky.fi\/wp-content\/uploads\/2024\/02\/Marttaaa-1-1024x1024.jpg\" alt=\"\" class=\"wp-image-45610\" style=\"width:134px;height:auto\" srcset=\"https:\/\/www.tuky.fi\/wp-content\/uploads\/2024\/02\/Marttaaa-1-980x980.jpg 980w, https:\/\/www.tuky.fi\/wp-content\/uploads\/2024\/02\/Marttaaa-1-480x480.jpg 480w\" sizes=\"(min-width: 0px) and (max-width: 480px) 480px, (min-width: 481px) and (max-width: 980px) 980px, (min-width: 981px) 1024px, 100vw\" \/><\/figure>\n\n\n\n<p>Martta Iso-Kuortti<br><em>NESU-vastaava<\/em><\/p>\n","protected":false},"excerpt":{"rendered":"<p>Viime viikko oli kaiken kaikkiaan erityisen tunteikas sis\u00e4lt\u00e4en iloa, surua ja j\u00e4nnityst\u00e4. T\u00e4ll\u00e4 viikolla alkavien jaostohalvojen kunniaksi voisinkin kirjoittaa teille pienen muistelman omasta matkastani, joka ei ole aina ollut niin [&hellip;]<\/p>\n","protected":false},"author":27,"featured_media":0,"comment_status":"closed","ping_status":"closed","sticky":false,"template":"","format":"standard","meta":{"_et_pb_use_builder":"off","_et_pb_old_content":"","_et_gb_content_width":"","footnotes":""},"categories":[6],"tags":[],"class_list":["post-49172","post","type-post","status-publish","format-standard","hentry","category-tukyblogi"],"yoast_head":"<!-- This site is optimized with the Yoast SEO plugin v27.2 - https:\/\/yoast.com\/product\/yoast-seo-wordpress\/ -->\n<title>TSEmppi\u00e4 halvakauteen! - Turun KY<\/title>\n<meta name=\"robots\" content=\"index, follow, max-snippet:-1, max-image-preview:large, max-video-preview:-1\" \/>\n<link rel=\"canonical\" href=\"https:\/\/www.tuky.fi\/etusivu\/tukyblogi\/tsemppia-halvakauteen\/\" \/>\n<meta property=\"og:locale\" content=\"fi_FI\" \/>\n<meta property=\"og:type\" content=\"article\" \/>\n<meta property=\"og:title\" content=\"TSEmppi\u00e4 halvakauteen! - Turun KY\" \/>\n<meta property=\"og:description\" content=\"Viime viikko oli kaiken kaikkiaan erityisen tunteikas sis\u00e4lt\u00e4en iloa, surua ja j\u00e4nnityst\u00e4. T\u00e4ll\u00e4 viikolla alkavien jaostohalvojen kunniaksi voisinkin kirjoittaa teille pienen muistelman omasta matkastani, joka ei ole aina ollut niin [&hellip;]\" \/>\n<meta property=\"og:url\" content=\"https:\/\/www.tuky.fi\/etusivu\/tukyblogi\/tsemppia-halvakauteen\/\" \/>\n<meta property=\"og:site_name\" content=\"Turun KY\" \/>\n<meta property=\"article:published_time\" content=\"2024-11-08T10:21:32+00:00\" \/>\n<meta property=\"article:modified_time\" content=\"2024-11-08T10:30:09+00:00\" \/>\n<meta property=\"og:image\" content=\"https:\/\/www.tuky.fi\/wp-content\/uploads\/2024\/02\/Marttaaa-1-scaled.jpg\" \/>\n\t<meta property=\"og:image:width\" content=\"2560\" \/>\n\t<meta property=\"og:image:height\" content=\"2560\" \/>\n\t<meta property=\"og:image:type\" content=\"image\/jpeg\" \/>\n<meta name=\"author\" content=\"NESU\" \/>\n<meta name=\"twitter:card\" content=\"summary_large_image\" \/>\n<meta name=\"twitter:label1\" content=\"Kirjoittanut\" \/>\n\t<meta name=\"twitter:data1\" content=\"NESU\" \/>\n\t<meta name=\"twitter:label2\" content=\"Arvioitu lukuaika\" \/>\n\t<meta name=\"twitter:data2\" content=\"4 minuuttia\" \/>\n<script type=\"application\/ld+json\" class=\"yoast-schema-graph\">{\"@context\":\"https:\/\/schema.org\",\"@graph\":[{\"@type\":\"Article\",\"@id\":\"https:\/\/www.tuky.fi\/etusivu\/tukyblogi\/tsemppia-halvakauteen\/#article\",\"isPartOf\":{\"@id\":\"https:\/\/www.tuky.fi\/etusivu\/tukyblogi\/tsemppia-halvakauteen\/\"},\"author\":{\"name\":\"NESU\",\"@id\":\"https:\/\/www.tuky.fi\/etusivu\/#\/schema\/person\/ced0cdd7bb0f43a5e0eb379b4e034561\"},\"headline\":\"TSEmppi\u00e4 halvakauteen!\",\"datePublished\":\"2024-11-08T10:21:32+00:00\",\"dateModified\":\"2024-11-08T10:30:09+00:00\",\"mainEntityOfPage\":{\"@id\":\"https:\/\/www.tuky.fi\/etusivu\/tukyblogi\/tsemppia-halvakauteen\/\"},\"wordCount\":599,\"publisher\":{\"@id\":\"https:\/\/www.tuky.fi\/etusivu\/#organization\"},\"image\":{\"@id\":\"https:\/\/www.tuky.fi\/etusivu\/tukyblogi\/tsemppia-halvakauteen\/#primaryimage\"},\"thumbnailUrl\":\"https:\/\/www.tuky.fi\/wp-content\/uploads\/2024\/02\/Marttaaa-1-1024x1024.jpg\",\"articleSection\":[\"TuKY-blogi\"],\"inLanguage\":\"fi\"},{\"@type\":\"WebPage\",\"@id\":\"https:\/\/www.tuky.fi\/etusivu\/tukyblogi\/tsemppia-halvakauteen\/\",\"url\":\"https:\/\/www.tuky.fi\/etusivu\/tukyblogi\/tsemppia-halvakauteen\/\",\"name\":\"TSEmppi\u00e4 halvakauteen! - Turun KY\",\"isPartOf\":{\"@id\":\"https:\/\/www.tuky.fi\/etusivu\/#website\"},\"primaryImageOfPage\":{\"@id\":\"https:\/\/www.tuky.fi\/etusivu\/tukyblogi\/tsemppia-halvakauteen\/#primaryimage\"},\"image\":{\"@id\":\"https:\/\/www.tuky.fi\/etusivu\/tukyblogi\/tsemppia-halvakauteen\/#primaryimage\"},\"thumbnailUrl\":\"https:\/\/www.tuky.fi\/wp-content\/uploads\/2024\/02\/Marttaaa-1-1024x1024.jpg\",\"datePublished\":\"2024-11-08T10:21:32+00:00\",\"dateModified\":\"2024-11-08T10:30:09+00:00\",\"breadcrumb\":{\"@id\":\"https:\/\/www.tuky.fi\/etusivu\/tukyblogi\/tsemppia-halvakauteen\/#breadcrumb\"},\"inLanguage\":\"fi\",\"potentialAction\":[{\"@type\":\"ReadAction\",\"target\":[\"https:\/\/www.tuky.fi\/etusivu\/tukyblogi\/tsemppia-halvakauteen\/\"]}]},{\"@type\":\"ImageObject\",\"inLanguage\":\"fi\",\"@id\":\"https:\/\/www.tuky.fi\/etusivu\/tukyblogi\/tsemppia-halvakauteen\/#primaryimage\",\"url\":\"https:\/\/www.tuky.fi\/wp-content\/uploads\/2024\/02\/Marttaaa-1-1024x1024.jpg\",\"contentUrl\":\"https:\/\/www.tuky.fi\/wp-content\/uploads\/2024\/02\/Marttaaa-1-1024x1024.jpg\"},{\"@type\":\"BreadcrumbList\",\"@id\":\"https:\/\/www.tuky.fi\/etusivu\/tukyblogi\/tsemppia-halvakauteen\/#breadcrumb\",\"itemListElement\":[{\"@type\":\"ListItem\",\"position\":1,\"name\":\"Etusivu\",\"item\":\"https:\/\/www.tuky.fi\/etusivu\/\"},{\"@type\":\"ListItem\",\"position\":2,\"name\":\"TSEmppi\u00e4 halvakauteen!\"}]},{\"@type\":\"WebSite\",\"@id\":\"https:\/\/www.tuky.fi\/etusivu\/#website\",\"url\":\"https:\/\/www.tuky.fi\/etusivu\/\",\"name\":\"Turun KY\",\"description\":\"TuKY\",\"publisher\":{\"@id\":\"https:\/\/www.tuky.fi\/etusivu\/#organization\"},\"alternateName\":\"TuKY\",\"potentialAction\":[{\"@type\":\"SearchAction\",\"target\":{\"@type\":\"EntryPoint\",\"urlTemplate\":\"https:\/\/www.tuky.fi\/etusivu\/?s={search_term_string}\"},\"query-input\":{\"@type\":\"PropertyValueSpecification\",\"valueRequired\":true,\"valueName\":\"search_term_string\"}}],\"inLanguage\":\"fi\"},{\"@type\":\"Organization\",\"@id\":\"https:\/\/www.tuky.fi\/etusivu\/#organization\",\"name\":\"Turun KY\",\"alternateName\":\"TuKY\",\"url\":\"https:\/\/www.tuky.fi\/etusivu\/\",\"logo\":{\"@type\":\"ImageObject\",\"inLanguage\":\"fi\",\"@id\":\"https:\/\/www.tuky.fi\/etusivu\/#\/schema\/logo\/image\/\",\"url\":\"https:\/\/www.tuky.fi\/wp-content\/uploads\/2024\/09\/TuKY-logo-kulta-1.png\",\"contentUrl\":\"https:\/\/www.tuky.fi\/wp-content\/uploads\/2024\/09\/TuKY-logo-kulta-1.png\",\"width\":1080,\"height\":1080,\"caption\":\"Turun KY\"},\"image\":{\"@id\":\"https:\/\/www.tuky.fi\/etusivu\/#\/schema\/logo\/image\/\"},\"sameAs\":[\"https:\/\/instagram.com\/turunky\",\"https:\/\/linkedin.com\/turunky\"]},{\"@type\":\"Person\",\"@id\":\"https:\/\/www.tuky.fi\/etusivu\/#\/schema\/person\/ced0cdd7bb0f43a5e0eb379b4e034561\",\"name\":\"NESU\",\"image\":{\"@type\":\"ImageObject\",\"inLanguage\":\"fi\",\"@id\":\"https:\/\/secure.gravatar.com\/avatar\/9b83125ab95a25aaf6eb1b123ac3d6c40ba3b31cf1e24aa58d3e5d43deb69940?s=96&d=mm&r=g\",\"url\":\"https:\/\/secure.gravatar.com\/avatar\/9b83125ab95a25aaf6eb1b123ac3d6c40ba3b31cf1e24aa58d3e5d43deb69940?s=96&d=mm&r=g\",\"contentUrl\":\"https:\/\/secure.gravatar.com\/avatar\/9b83125ab95a25aaf6eb1b123ac3d6c40ba3b31cf1e24aa58d3e5d43deb69940?s=96&d=mm&r=g\",\"caption\":\"NESU\"},\"url\":\"https:\/\/www.tuky.fi\/etusivu\/author\/tr-nesu\/\"}]}<\/script>\n<!-- \/ Yoast SEO plugin. -->","yoast_head_json":{"title":"TSEmppi\u00e4 halvakauteen! - Turun KY","robots":{"index":"index","follow":"follow","max-snippet":"max-snippet:-1","max-image-preview":"max-image-preview:large","max-video-preview":"max-video-preview:-1"},"canonical":"https:\/\/www.tuky.fi\/etusivu\/tukyblogi\/tsemppia-halvakauteen\/","og_locale":"fi_FI","og_type":"article","og_title":"TSEmppi\u00e4 halvakauteen! - Turun KY","og_description":"Viime viikko oli kaiken kaikkiaan erityisen tunteikas sis\u00e4lt\u00e4en iloa, surua ja j\u00e4nnityst\u00e4. T\u00e4ll\u00e4 viikolla alkavien jaostohalvojen kunniaksi voisinkin kirjoittaa teille pienen muistelman omasta matkastani, joka ei ole aina ollut niin [&hellip;]","og_url":"https:\/\/www.tuky.fi\/etusivu\/tukyblogi\/tsemppia-halvakauteen\/","og_site_name":"Turun KY","article_published_time":"2024-11-08T10:21:32+00:00","article_modified_time":"2024-11-08T10:30:09+00:00","og_image":[{"width":2560,"height":2560,"url":"https:\/\/www.tuky.fi\/wp-content\/uploads\/2024\/02\/Marttaaa-1-scaled.jpg","type":"image\/jpeg"}],"author":"NESU","twitter_card":"summary_large_image","twitter_misc":{"Kirjoittanut":"NESU","Arvioitu lukuaika":"4 minuuttia"},"schema":{"@context":"https:\/\/schema.org","@graph":[{"@type":"Article","@id":"https:\/\/www.tuky.fi\/etusivu\/tukyblogi\/tsemppia-halvakauteen\/#article","isPartOf":{"@id":"https:\/\/www.tuky.fi\/etusivu\/tukyblogi\/tsemppia-halvakauteen\/"},"author":{"name":"NESU","@id":"https:\/\/www.tuky.fi\/etusivu\/#\/schema\/person\/ced0cdd7bb0f43a5e0eb379b4e034561"},"headline":"TSEmppi\u00e4 halvakauteen!","datePublished":"2024-11-08T10:21:32+00:00","dateModified":"2024-11-08T10:30:09+00:00","mainEntityOfPage":{"@id":"https:\/\/www.tuky.fi\/etusivu\/tukyblogi\/tsemppia-halvakauteen\/"},"wordCount":599,"publisher":{"@id":"https:\/\/www.tuky.fi\/etusivu\/#organization"},"image":{"@id":"https:\/\/www.tuky.fi\/etusivu\/tukyblogi\/tsemppia-halvakauteen\/#primaryimage"},"thumbnailUrl":"https:\/\/www.tuky.fi\/wp-content\/uploads\/2024\/02\/Marttaaa-1-1024x1024.jpg","articleSection":["TuKY-blogi"],"inLanguage":"fi"},{"@type":"WebPage","@id":"https:\/\/www.tuky.fi\/etusivu\/tukyblogi\/tsemppia-halvakauteen\/","url":"https:\/\/www.tuky.fi\/etusivu\/tukyblogi\/tsemppia-halvakauteen\/","name":"TSEmppi\u00e4 halvakauteen! - Turun KY","isPartOf":{"@id":"https:\/\/www.tuky.fi\/etusivu\/#website"},"primaryImageOfPage":{"@id":"https:\/\/www.tuky.fi\/etusivu\/tukyblogi\/tsemppia-halvakauteen\/#primaryimage"},"image":{"@id":"https:\/\/www.tuky.fi\/etusivu\/tukyblogi\/tsemppia-halvakauteen\/#primaryimage"},"thumbnailUrl":"https:\/\/www.tuky.fi\/wp-content\/uploads\/2024\/02\/Marttaaa-1-1024x1024.jpg","datePublished":"2024-11-08T10:21:32+00:00","dateModified":"2024-11-08T10:30:09+00:00","breadcrumb":{"@id":"https:\/\/www.tuky.fi\/etusivu\/tukyblogi\/tsemppia-halvakauteen\/#breadcrumb"},"inLanguage":"fi","potentialAction":[{"@type":"ReadAction","target":["https:\/\/www.tuky.fi\/etusivu\/tukyblogi\/tsemppia-halvakauteen\/"]}]},{"@type":"ImageObject","inLanguage":"fi","@id":"https:\/\/www.tuky.fi\/etusivu\/tukyblogi\/tsemppia-halvakauteen\/#primaryimage","url":"https:\/\/www.tuky.fi\/wp-content\/uploads\/2024\/02\/Marttaaa-1-1024x1024.jpg","contentUrl":"https:\/\/www.tuky.fi\/wp-content\/uploads\/2024\/02\/Marttaaa-1-1024x1024.jpg"},{"@type":"BreadcrumbList","@id":"https:\/\/www.tuky.fi\/etusivu\/tukyblogi\/tsemppia-halvakauteen\/#breadcrumb","itemListElement":[{"@type":"ListItem","position":1,"name":"Etusivu","item":"https:\/\/www.tuky.fi\/etusivu\/"},{"@type":"ListItem","position":2,"name":"TSEmppi\u00e4 halvakauteen!"}]},{"@type":"WebSite","@id":"https:\/\/www.tuky.fi\/etusivu\/#website","url":"https:\/\/www.tuky.fi\/etusivu\/","name":"Turun KY","description":"TuKY","publisher":{"@id":"https:\/\/www.tuky.fi\/etusivu\/#organization"},"alternateName":"TuKY","potentialAction":[{"@type":"SearchAction","target":{"@type":"EntryPoint","urlTemplate":"https:\/\/www.tuky.fi\/etusivu\/?s={search_term_string}"},"query-input":{"@type":"PropertyValueSpecification","valueRequired":true,"valueName":"search_term_string"}}],"inLanguage":"fi"},{"@type":"Organization","@id":"https:\/\/www.tuky.fi\/etusivu\/#organization","name":"Turun KY","alternateName":"TuKY","url":"https:\/\/www.tuky.fi\/etusivu\/","logo":{"@type":"ImageObject","inLanguage":"fi","@id":"https:\/\/www.tuky.fi\/etusivu\/#\/schema\/logo\/image\/","url":"https:\/\/www.tuky.fi\/wp-content\/uploads\/2024\/09\/TuKY-logo-kulta-1.png","contentUrl":"https:\/\/www.tuky.fi\/wp-content\/uploads\/2024\/09\/TuKY-logo-kulta-1.png","width":1080,"height":1080,"caption":"Turun KY"},"image":{"@id":"https:\/\/www.tuky.fi\/etusivu\/#\/schema\/logo\/image\/"},"sameAs":["https:\/\/instagram.com\/turunky","https:\/\/linkedin.com\/turunky"]},{"@type":"Person","@id":"https:\/\/www.tuky.fi\/etusivu\/#\/schema\/person\/ced0cdd7bb0f43a5e0eb379b4e034561","name":"NESU","image":{"@type":"ImageObject","inLanguage":"fi","@id":"https:\/\/secure.gravatar.com\/avatar\/9b83125ab95a25aaf6eb1b123ac3d6c40ba3b31cf1e24aa58d3e5d43deb69940?s=96&d=mm&r=g","url":"https:\/\/secure.gravatar.com\/avatar\/9b83125ab95a25aaf6eb1b123ac3d6c40ba3b31cf1e24aa58d3e5d43deb69940?s=96&d=mm&r=g","contentUrl":"https:\/\/secure.gravatar.com\/avatar\/9b83125ab95a25aaf6eb1b123ac3d6c40ba3b31cf1e24aa58d3e5d43deb69940?s=96&d=mm&r=g","caption":"NESU"},"url":"https:\/\/www.tuky.fi\/etusivu\/author\/tr-nesu\/"}]}},"lang":"fi","translations":{"fi":49172},"pll_sync_post":[],"_links":{"self":[{"href":"https:\/\/www.tuky.fi\/etusivu\/wp-json\/wp\/v2\/posts\/49172","targetHints":{"allow":["GET"]}}],"collection":[{"href":"https:\/\/www.tuky.fi\/etusivu\/wp-json\/wp\/v2\/posts"}],"about":[{"href":"https:\/\/www.tuky.fi\/etusivu\/wp-json\/wp\/v2\/types\/post"}],"author":[{"embeddable":true,"href":"https:\/\/www.tuky.fi\/etusivu\/wp-json\/wp\/v2\/users\/27"}],"replies":[{"embeddable":true,"href":"https:\/\/www.tuky.fi\/etusivu\/wp-json\/wp\/v2\/comments?post=49172"}],"version-history":[{"count":0,"href":"https:\/\/www.tuky.fi\/etusivu\/wp-json\/wp\/v2\/posts\/49172\/revisions"}],"wp:attachment":[{"href":"https:\/\/www.tuky.fi\/etusivu\/wp-json\/wp\/v2\/media?parent=49172"}],"wp:term":[{"taxonomy":"category","embeddable":true,"href":"https:\/\/www.tuky.fi\/etusivu\/wp-json\/wp\/v2\/categories?post=49172"},{"taxonomy":"post_tag","embeddable":true,"href":"https:\/\/www.tuky.fi\/etusivu\/wp-json\/wp\/v2\/tags?post=49172"}],"curies":[{"name":"wp","href":"https:\/\/api.w.org\/{rel}","templated":true}]}}