{"id":49096,"date":"2024-10-31T21:37:28","date_gmt":"2024-10-31T18:37:28","guid":{"rendered":"https:\/\/www.tuky.fi\/etusivu\/?p=49096"},"modified":"2024-11-03T19:51:31","modified_gmt":"2024-11-03T16:51:31","slug":"maajussin-matkapaivakirja","status":"publish","type":"post","link":"https:\/\/www.tuky.fi\/etusivu\/tukyblogi\/maajussin-matkapaivakirja\/","title":{"rendered":"Maajussin matkap\u00e4iv\u00e4kirja"},"content":{"rendered":"\n<p>Viimeksi kun kirjoitin blogia, olin armeijan hommissa susirajalla (kertaamassa onneksi vain). Nyt olen L\u00e4nsi-Saksassa traktori- ja puimuritehtaalla. Vaikka on v\u00e4liss\u00e4 k\u00e4yty leikkim\u00e4ss\u00e4 sotaa ja oltu my\u00f6s reissussa, niin on niit\u00e4 t\u00f6it\u00e4kin tehty viimeisen hallitusvuoden aikana. Onneksi niit\u00e4 ei ole kuitenkaan joutunut tekem\u00e4\u00e4n yksin, vaan on tukenani ollut kaiken tiet\u00e4v\u00e4t alumnimme, yst\u00e4v\u00e4ni sek\u00e4 tietenkin rakas p\u00f6yt\u00e4kunta, jonka kanssa niit\u00e4 hommia on sitten painittu viikosta toiseen enemm\u00e4n tai v\u00e4hemm\u00e4n. Haluaisinkin nyt k\u00e4ytt\u00e4\u00e4 blogivuoroni kertoakseni omasta hallitusvuodestani hieman.<\/p>\n\n\n\n<p>Hommat l\u00e4hti k\u00e4yntiin jo heti loppuvuodesta, mutta silloin suurin osa ajasta ja aivosoluista meni perusasioiden opettelemiseen. Alkuvuodesta p\u00e4\u00e4stiin kuitenkin heti homman pariin ja kalenteri alkoikin pikkuhiljaa t\u00e4ytty\u00e4 palavereista, erilaisista projekteista kuten speksin organisoinnista sek\u00e4 tietenkin muistakin tapahtumista. Kev\u00e4\u00e4ll\u00e4 ei siis hirve\u00e4sti tullut kotona vietetty\u00e4 aikaa, mutta se oli t\u00e4ysin omaa syyt\u00e4, kun oli pit\u00e4nyt keksi\u00e4 menoa toisen per\u00e4\u00e4n pakollisten asioiden p\u00e4\u00e4lle. Opintoja tuli silti my\u00f6s ihmeen kaupalla samalla suoritettua, vaikka aamu 8 luennot eiv\u00e4t hirve\u00e4sti houkutelleet. Kev\u00e4\u00e4n loppuessa kehosta ja p\u00e4\u00e4st\u00e4 jostain kumman syyst\u00e4 huomasi, ett\u00e4 uupumusta oli l\u00e4sn\u00e4. Sain kuitenkin pidetty\u00e4 pienen loman ennen maatalous hommien ja kes\u00e4n muiden kiireiden jatkumista joka helpotti.<\/p>\n\n\n\n<p>Kes\u00e4n loppupuolella p\u00e4\u00e4si taas innolla odottamaan koulun alkua sek\u00e4 hallitushommien jatkumista. Suurta j\u00e4nnityst\u00e4 syksyyn loi uusien pupujen saapuminen ja orientaatio viikossa mukana oleminen. Orientaatioviikko oli taatusti monelle pupulle ikimuistoinen ja siit\u00e4 kiitos kuuluu kaikille henkil\u00f6ille jotka ovat olleet luomassa viikkoa joko osallistujana tai j\u00e4rjest\u00e4j\u00e4n\u00e4. Erityiskiitos kuitenkin viel\u00e4 hallituksemme omalle sopolle Idalle, joka organisoi koko homman\u2764\ufe0f<\/p>\n\n\n\n<p>Syksy on VPJ:lle, sek\u00e4 my\u00f6s muulle hallitukselle pitk\u00e4lti samankaltainen kuin kev\u00e4tkin, eli tapahtumat rullaa ja kokoustellaan. T\u00e4m\u00e4n lis\u00e4ksi siihen kuuluu my\u00f6s valmistautuminen syyskokoukseen ja omiin halvoihin. Omia ja muita julkisia dokumentteja p\u00e4ivitell\u00e4\u00e4n sek\u00e4 toimintasuunnitelman projekteja saatetaan loppuun samalla kun testamenttiin kirjataan muistiinpanoja kuluneelta vuodelta. Pestit jatkuu toki halvojen j\u00e4lkeenkin viel\u00e4 aina vuodenvaihteeseen asti, mutta lainaten itse\u00e4ni tekstin alkupuolelta, on se l\u00e4hinn\u00e4 kouluttamista ja pestiin perehdytt\u00e4mist\u00e4. Muutamat tapahtumat on kuitenkin viel\u00e4 j\u00e4rjestett\u00e4v\u00e4n\u00e4 ja kokoukset kokoustettavana ennenkuin p\u00e4\u00e4see el\u00e4k\u00f6itym\u00e4\u00e4n (pintahiivaan).<\/p>\n\n\n\n<p>Vuoteni Turun KY:n hallituksessa on ollut aika ajoin rankka, mutta unohtumaton enk\u00e4 haluaisi vaihtaa sit\u00e4 mihink\u00e4\u00e4n. Kiitos siit\u00e4 kuuluu rautaiselle hallituksellemme. En l\u00e4hde kirjaamaan kaikille t\u00e4h\u00e4n erillist\u00e4 muistokirjoitusta, koska blogista loppuisi silloin tila kesken. Mutta pieni kiitos kuitenkin. Eli kiitos kuluneesta vuodesta ja unohtumattomista hetkist\u00e4 kaikille ty\u00f6ntekij\u00f6illemme (mukaanlukien talto pj\ud83d\ude18), jaostojen pj:t, hallituksen muut j\u00e4senet sek\u00e4 erityisesti puheenjohtajallemme Jennylle (oot ollu j\u00e4tte Reipas)\u2764\ufe0f<\/p>\n\n\n\n<p>Suosittelenkin juuri sinua blogin lukija hakemaan tulevissa halvoissa mukaan toimintaamme, jos olet v\u00e4h\u00e4\u00e4k\u00e4\u00e4n miettinyt sit\u00e4! Oli kyse sitten pienemmist\u00e4 toimijoista, jaostoista, projekteista tai vaikka TuKYn hallituksesta. Olen oppinut ja p\u00e4\u00e4ssyt kokemaan niin paljon viimeisen vuoden aikana, vaikuttanut koulumme toiminnassa sek\u00e4 saanut ymp\u00e4rilleni ihmisi\u00e4 joita voin kutsua yst\u00e4vikseni, kiitos hallitustoiminnan.<\/p>\n\n\n\n<p><\/p>\n\n\n\n<p>Tsemppi\u00e4 kaikille loppuvuoteen opintoihin, halvoihin sek\u00e4 t\u00f6ihin!<\/p>\n\n\n\n<p><\/p>\n\n\n\n<figure class=\"wp-block-image size-large is-resized\"><img decoding=\"async\" src=\"https:\/\/www.tuky.fi\/wp-content\/uploads\/2024\/04\/Anton_Martti_CV-1024x1024.jpg\" alt=\"\" class=\"wp-image-46280\" style=\"width:176px;height:auto\"\/><\/figure>\n\n\n\n<p>Anton Martti<br><em>Varapuheenjohtaja<\/em><\/p>\n","protected":false},"excerpt":{"rendered":"<p>Viimeksi kun kirjoitin blogia, olin armeijan hommissa susirajalla (kertaamassa onneksi vain). Nyt olen L\u00e4nsi-Saksassa traktori- ja puimuritehtaalla. Vaikka on v\u00e4liss\u00e4 k\u00e4yty leikkim\u00e4ss\u00e4 sotaa ja oltu my\u00f6s reissussa, niin on niit\u00e4 [&hellip;]<\/p>\n","protected":false},"author":19,"featured_media":0,"comment_status":"closed","ping_status":"closed","sticky":false,"template":"","format":"standard","meta":{"_et_pb_use_builder":"off","_et_pb_old_content":"","_et_gb_content_width":"","footnotes":""},"categories":[6],"tags":[],"class_list":["post-49096","post","type-post","status-publish","format-standard","hentry","category-tukyblogi"],"yoast_head":"<!-- This site is optimized with the Yoast SEO plugin v27.2 - https:\/\/yoast.com\/product\/yoast-seo-wordpress\/ -->\n<title>Maajussin matkap\u00e4iv\u00e4kirja - Turun KY<\/title>\n<meta name=\"robots\" content=\"index, follow, max-snippet:-1, max-image-preview:large, max-video-preview:-1\" \/>\n<link rel=\"canonical\" href=\"https:\/\/www.tuky.fi\/etusivu\/tukyblogi\/maajussin-matkapaivakirja\/\" \/>\n<meta property=\"og:locale\" content=\"fi_FI\" \/>\n<meta property=\"og:type\" content=\"article\" \/>\n<meta property=\"og:title\" content=\"Maajussin matkap\u00e4iv\u00e4kirja - Turun KY\" \/>\n<meta property=\"og:description\" content=\"Viimeksi kun kirjoitin blogia, olin armeijan hommissa susirajalla (kertaamassa onneksi vain). Nyt olen L\u00e4nsi-Saksassa traktori- ja puimuritehtaalla. Vaikka on v\u00e4liss\u00e4 k\u00e4yty leikkim\u00e4ss\u00e4 sotaa ja oltu my\u00f6s reissussa, niin on niit\u00e4 [&hellip;]\" \/>\n<meta property=\"og:url\" content=\"https:\/\/www.tuky.fi\/etusivu\/tukyblogi\/maajussin-matkapaivakirja\/\" \/>\n<meta property=\"og:site_name\" content=\"Turun KY\" \/>\n<meta property=\"article:published_time\" content=\"2024-10-31T18:37:28+00:00\" \/>\n<meta property=\"article:modified_time\" content=\"2024-11-03T16:51:31+00:00\" \/>\n<meta name=\"author\" content=\"Hallituksen varapuheenjohtaja\" \/>\n<meta name=\"twitter:card\" content=\"summary_large_image\" \/>\n<meta name=\"twitter:label1\" content=\"Kirjoittanut\" \/>\n\t<meta name=\"twitter:data1\" content=\"Hallituksen varapuheenjohtaja\" \/>\n\t<meta name=\"twitter:label2\" content=\"Arvioitu lukuaika\" \/>\n\t<meta name=\"twitter:data2\" content=\"3 minuuttia\" \/>\n<script type=\"application\/ld+json\" class=\"yoast-schema-graph\">{\"@context\":\"https:\/\/schema.org\",\"@graph\":[{\"@type\":\"Article\",\"@id\":\"https:\/\/www.tuky.fi\/etusivu\/tukyblogi\/maajussin-matkapaivakirja\/#article\",\"isPartOf\":{\"@id\":\"https:\/\/www.tuky.fi\/etusivu\/tukyblogi\/maajussin-matkapaivakirja\/\"},\"author\":{\"name\":\"Hallituksen varapuheenjohtaja\",\"@id\":\"https:\/\/www.tuky.fi\/etusivu\/#\/schema\/person\/3be6d98d6792157b46f32757bc9712ce\"},\"headline\":\"Maajussin matkap\u00e4iv\u00e4kirja\",\"datePublished\":\"2024-10-31T18:37:28+00:00\",\"dateModified\":\"2024-11-03T16:51:31+00:00\",\"mainEntityOfPage\":{\"@id\":\"https:\/\/www.tuky.fi\/etusivu\/tukyblogi\/maajussin-matkapaivakirja\/\"},\"wordCount\":517,\"publisher\":{\"@id\":\"https:\/\/www.tuky.fi\/etusivu\/#organization\"},\"image\":{\"@id\":\"https:\/\/www.tuky.fi\/etusivu\/tukyblogi\/maajussin-matkapaivakirja\/#primaryimage\"},\"thumbnailUrl\":\"https:\/\/www.tuky.fi\/wp-content\/uploads\/2024\/04\/Anton_Martti_CV-1024x1024.jpg\",\"articleSection\":[\"TuKY-blogi\"],\"inLanguage\":\"fi\"},{\"@type\":\"WebPage\",\"@id\":\"https:\/\/www.tuky.fi\/etusivu\/tukyblogi\/maajussin-matkapaivakirja\/\",\"url\":\"https:\/\/www.tuky.fi\/etusivu\/tukyblogi\/maajussin-matkapaivakirja\/\",\"name\":\"Maajussin matkap\u00e4iv\u00e4kirja - Turun KY\",\"isPartOf\":{\"@id\":\"https:\/\/www.tuky.fi\/etusivu\/#website\"},\"primaryImageOfPage\":{\"@id\":\"https:\/\/www.tuky.fi\/etusivu\/tukyblogi\/maajussin-matkapaivakirja\/#primaryimage\"},\"image\":{\"@id\":\"https:\/\/www.tuky.fi\/etusivu\/tukyblogi\/maajussin-matkapaivakirja\/#primaryimage\"},\"thumbnailUrl\":\"https:\/\/www.tuky.fi\/wp-content\/uploads\/2024\/04\/Anton_Martti_CV-1024x1024.jpg\",\"datePublished\":\"2024-10-31T18:37:28+00:00\",\"dateModified\":\"2024-11-03T16:51:31+00:00\",\"breadcrumb\":{\"@id\":\"https:\/\/www.tuky.fi\/etusivu\/tukyblogi\/maajussin-matkapaivakirja\/#breadcrumb\"},\"inLanguage\":\"fi\",\"potentialAction\":[{\"@type\":\"ReadAction\",\"target\":[\"https:\/\/www.tuky.fi\/etusivu\/tukyblogi\/maajussin-matkapaivakirja\/\"]}]},{\"@type\":\"ImageObject\",\"inLanguage\":\"fi\",\"@id\":\"https:\/\/www.tuky.fi\/etusivu\/tukyblogi\/maajussin-matkapaivakirja\/#primaryimage\",\"url\":\"https:\/\/www.tuky.fi\/wp-content\/uploads\/2024\/04\/Anton_Martti_CV-1024x1024.jpg\",\"contentUrl\":\"https:\/\/www.tuky.fi\/wp-content\/uploads\/2024\/04\/Anton_Martti_CV-1024x1024.jpg\"},{\"@type\":\"BreadcrumbList\",\"@id\":\"https:\/\/www.tuky.fi\/etusivu\/tukyblogi\/maajussin-matkapaivakirja\/#breadcrumb\",\"itemListElement\":[{\"@type\":\"ListItem\",\"position\":1,\"name\":\"Etusivu\",\"item\":\"https:\/\/www.tuky.fi\/etusivu\/\"},{\"@type\":\"ListItem\",\"position\":2,\"name\":\"Maajussin matkap\u00e4iv\u00e4kirja\"}]},{\"@type\":\"WebSite\",\"@id\":\"https:\/\/www.tuky.fi\/etusivu\/#website\",\"url\":\"https:\/\/www.tuky.fi\/etusivu\/\",\"name\":\"Turun KY\",\"description\":\"TuKY\",\"publisher\":{\"@id\":\"https:\/\/www.tuky.fi\/etusivu\/#organization\"},\"alternateName\":\"TuKY\",\"potentialAction\":[{\"@type\":\"SearchAction\",\"target\":{\"@type\":\"EntryPoint\",\"urlTemplate\":\"https:\/\/www.tuky.fi\/etusivu\/?s={search_term_string}\"},\"query-input\":{\"@type\":\"PropertyValueSpecification\",\"valueRequired\":true,\"valueName\":\"search_term_string\"}}],\"inLanguage\":\"fi\"},{\"@type\":\"Organization\",\"@id\":\"https:\/\/www.tuky.fi\/etusivu\/#organization\",\"name\":\"Turun KY\",\"alternateName\":\"TuKY\",\"url\":\"https:\/\/www.tuky.fi\/etusivu\/\",\"logo\":{\"@type\":\"ImageObject\",\"inLanguage\":\"fi\",\"@id\":\"https:\/\/www.tuky.fi\/etusivu\/#\/schema\/logo\/image\/\",\"url\":\"https:\/\/www.tuky.fi\/wp-content\/uploads\/2024\/09\/TuKY-logo-kulta-1.png\",\"contentUrl\":\"https:\/\/www.tuky.fi\/wp-content\/uploads\/2024\/09\/TuKY-logo-kulta-1.png\",\"width\":1080,\"height\":1080,\"caption\":\"Turun KY\"},\"image\":{\"@id\":\"https:\/\/www.tuky.fi\/etusivu\/#\/schema\/logo\/image\/\"},\"sameAs\":[\"https:\/\/instagram.com\/turunky\",\"https:\/\/linkedin.com\/turunky\"]},{\"@type\":\"Person\",\"@id\":\"https:\/\/www.tuky.fi\/etusivu\/#\/schema\/person\/3be6d98d6792157b46f32757bc9712ce\",\"name\":\"Hallituksen varapuheenjohtaja\",\"image\":{\"@type\":\"ImageObject\",\"inLanguage\":\"fi\",\"@id\":\"https:\/\/secure.gravatar.com\/avatar\/498c43e46c608fbabac5e893f3405adf1d9d4423a5135f21b1a9ade7f0580409?s=96&d=mm&r=g\",\"url\":\"https:\/\/secure.gravatar.com\/avatar\/498c43e46c608fbabac5e893f3405adf1d9d4423a5135f21b1a9ade7f0580409?s=96&d=mm&r=g\",\"contentUrl\":\"https:\/\/secure.gravatar.com\/avatar\/498c43e46c608fbabac5e893f3405adf1d9d4423a5135f21b1a9ade7f0580409?s=96&d=mm&r=g\",\"caption\":\"Hallituksen varapuheenjohtaja\"},\"url\":\"https:\/\/www.tuky.fi\/etusivu\/author\/ky-hallitus-vpj\/\"}]}<\/script>\n<!-- \/ Yoast SEO plugin. -->","yoast_head_json":{"title":"Maajussin matkap\u00e4iv\u00e4kirja - Turun KY","robots":{"index":"index","follow":"follow","max-snippet":"max-snippet:-1","max-image-preview":"max-image-preview:large","max-video-preview":"max-video-preview:-1"},"canonical":"https:\/\/www.tuky.fi\/etusivu\/tukyblogi\/maajussin-matkapaivakirja\/","og_locale":"fi_FI","og_type":"article","og_title":"Maajussin matkap\u00e4iv\u00e4kirja - Turun KY","og_description":"Viimeksi kun kirjoitin blogia, olin armeijan hommissa susirajalla (kertaamassa onneksi vain). Nyt olen L\u00e4nsi-Saksassa traktori- ja puimuritehtaalla. Vaikka on v\u00e4liss\u00e4 k\u00e4yty leikkim\u00e4ss\u00e4 sotaa ja oltu my\u00f6s reissussa, niin on niit\u00e4 [&hellip;]","og_url":"https:\/\/www.tuky.fi\/etusivu\/tukyblogi\/maajussin-matkapaivakirja\/","og_site_name":"Turun KY","article_published_time":"2024-10-31T18:37:28+00:00","article_modified_time":"2024-11-03T16:51:31+00:00","author":"Hallituksen varapuheenjohtaja","twitter_card":"summary_large_image","twitter_misc":{"Kirjoittanut":"Hallituksen varapuheenjohtaja","Arvioitu lukuaika":"3 minuuttia"},"schema":{"@context":"https:\/\/schema.org","@graph":[{"@type":"Article","@id":"https:\/\/www.tuky.fi\/etusivu\/tukyblogi\/maajussin-matkapaivakirja\/#article","isPartOf":{"@id":"https:\/\/www.tuky.fi\/etusivu\/tukyblogi\/maajussin-matkapaivakirja\/"},"author":{"name":"Hallituksen varapuheenjohtaja","@id":"https:\/\/www.tuky.fi\/etusivu\/#\/schema\/person\/3be6d98d6792157b46f32757bc9712ce"},"headline":"Maajussin matkap\u00e4iv\u00e4kirja","datePublished":"2024-10-31T18:37:28+00:00","dateModified":"2024-11-03T16:51:31+00:00","mainEntityOfPage":{"@id":"https:\/\/www.tuky.fi\/etusivu\/tukyblogi\/maajussin-matkapaivakirja\/"},"wordCount":517,"publisher":{"@id":"https:\/\/www.tuky.fi\/etusivu\/#organization"},"image":{"@id":"https:\/\/www.tuky.fi\/etusivu\/tukyblogi\/maajussin-matkapaivakirja\/#primaryimage"},"thumbnailUrl":"https:\/\/www.tuky.fi\/wp-content\/uploads\/2024\/04\/Anton_Martti_CV-1024x1024.jpg","articleSection":["TuKY-blogi"],"inLanguage":"fi"},{"@type":"WebPage","@id":"https:\/\/www.tuky.fi\/etusivu\/tukyblogi\/maajussin-matkapaivakirja\/","url":"https:\/\/www.tuky.fi\/etusivu\/tukyblogi\/maajussin-matkapaivakirja\/","name":"Maajussin matkap\u00e4iv\u00e4kirja - Turun KY","isPartOf":{"@id":"https:\/\/www.tuky.fi\/etusivu\/#website"},"primaryImageOfPage":{"@id":"https:\/\/www.tuky.fi\/etusivu\/tukyblogi\/maajussin-matkapaivakirja\/#primaryimage"},"image":{"@id":"https:\/\/www.tuky.fi\/etusivu\/tukyblogi\/maajussin-matkapaivakirja\/#primaryimage"},"thumbnailUrl":"https:\/\/www.tuky.fi\/wp-content\/uploads\/2024\/04\/Anton_Martti_CV-1024x1024.jpg","datePublished":"2024-10-31T18:37:28+00:00","dateModified":"2024-11-03T16:51:31+00:00","breadcrumb":{"@id":"https:\/\/www.tuky.fi\/etusivu\/tukyblogi\/maajussin-matkapaivakirja\/#breadcrumb"},"inLanguage":"fi","potentialAction":[{"@type":"ReadAction","target":["https:\/\/www.tuky.fi\/etusivu\/tukyblogi\/maajussin-matkapaivakirja\/"]}]},{"@type":"ImageObject","inLanguage":"fi","@id":"https:\/\/www.tuky.fi\/etusivu\/tukyblogi\/maajussin-matkapaivakirja\/#primaryimage","url":"https:\/\/www.tuky.fi\/wp-content\/uploads\/2024\/04\/Anton_Martti_CV-1024x1024.jpg","contentUrl":"https:\/\/www.tuky.fi\/wp-content\/uploads\/2024\/04\/Anton_Martti_CV-1024x1024.jpg"},{"@type":"BreadcrumbList","@id":"https:\/\/www.tuky.fi\/etusivu\/tukyblogi\/maajussin-matkapaivakirja\/#breadcrumb","itemListElement":[{"@type":"ListItem","position":1,"name":"Etusivu","item":"https:\/\/www.tuky.fi\/etusivu\/"},{"@type":"ListItem","position":2,"name":"Maajussin matkap\u00e4iv\u00e4kirja"}]},{"@type":"WebSite","@id":"https:\/\/www.tuky.fi\/etusivu\/#website","url":"https:\/\/www.tuky.fi\/etusivu\/","name":"Turun KY","description":"TuKY","publisher":{"@id":"https:\/\/www.tuky.fi\/etusivu\/#organization"},"alternateName":"TuKY","potentialAction":[{"@type":"SearchAction","target":{"@type":"EntryPoint","urlTemplate":"https:\/\/www.tuky.fi\/etusivu\/?s={search_term_string}"},"query-input":{"@type":"PropertyValueSpecification","valueRequired":true,"valueName":"search_term_string"}}],"inLanguage":"fi"},{"@type":"Organization","@id":"https:\/\/www.tuky.fi\/etusivu\/#organization","name":"Turun KY","alternateName":"TuKY","url":"https:\/\/www.tuky.fi\/etusivu\/","logo":{"@type":"ImageObject","inLanguage":"fi","@id":"https:\/\/www.tuky.fi\/etusivu\/#\/schema\/logo\/image\/","url":"https:\/\/www.tuky.fi\/wp-content\/uploads\/2024\/09\/TuKY-logo-kulta-1.png","contentUrl":"https:\/\/www.tuky.fi\/wp-content\/uploads\/2024\/09\/TuKY-logo-kulta-1.png","width":1080,"height":1080,"caption":"Turun KY"},"image":{"@id":"https:\/\/www.tuky.fi\/etusivu\/#\/schema\/logo\/image\/"},"sameAs":["https:\/\/instagram.com\/turunky","https:\/\/linkedin.com\/turunky"]},{"@type":"Person","@id":"https:\/\/www.tuky.fi\/etusivu\/#\/schema\/person\/3be6d98d6792157b46f32757bc9712ce","name":"Hallituksen varapuheenjohtaja","image":{"@type":"ImageObject","inLanguage":"fi","@id":"https:\/\/secure.gravatar.com\/avatar\/498c43e46c608fbabac5e893f3405adf1d9d4423a5135f21b1a9ade7f0580409?s=96&d=mm&r=g","url":"https:\/\/secure.gravatar.com\/avatar\/498c43e46c608fbabac5e893f3405adf1d9d4423a5135f21b1a9ade7f0580409?s=96&d=mm&r=g","contentUrl":"https:\/\/secure.gravatar.com\/avatar\/498c43e46c608fbabac5e893f3405adf1d9d4423a5135f21b1a9ade7f0580409?s=96&d=mm&r=g","caption":"Hallituksen varapuheenjohtaja"},"url":"https:\/\/www.tuky.fi\/etusivu\/author\/ky-hallitus-vpj\/"}]}},"lang":"fi","translations":{"fi":49096},"pll_sync_post":[],"_links":{"self":[{"href":"https:\/\/www.tuky.fi\/etusivu\/wp-json\/wp\/v2\/posts\/49096","targetHints":{"allow":["GET"]}}],"collection":[{"href":"https:\/\/www.tuky.fi\/etusivu\/wp-json\/wp\/v2\/posts"}],"about":[{"href":"https:\/\/www.tuky.fi\/etusivu\/wp-json\/wp\/v2\/types\/post"}],"author":[{"embeddable":true,"href":"https:\/\/www.tuky.fi\/etusivu\/wp-json\/wp\/v2\/users\/19"}],"replies":[{"embeddable":true,"href":"https:\/\/www.tuky.fi\/etusivu\/wp-json\/wp\/v2\/comments?post=49096"}],"version-history":[{"count":0,"href":"https:\/\/www.tuky.fi\/etusivu\/wp-json\/wp\/v2\/posts\/49096\/revisions"}],"wp:attachment":[{"href":"https:\/\/www.tuky.fi\/etusivu\/wp-json\/wp\/v2\/media?parent=49096"}],"wp:term":[{"taxonomy":"category","embeddable":true,"href":"https:\/\/www.tuky.fi\/etusivu\/wp-json\/wp\/v2\/categories?post=49096"},{"taxonomy":"post_tag","embeddable":true,"href":"https:\/\/www.tuky.fi\/etusivu\/wp-json\/wp\/v2\/tags?post=49096"}],"curies":[{"name":"wp","href":"https:\/\/api.w.org\/{rel}","templated":true}]}}