{"id":46686,"date":"2024-09-01T14:39:49","date_gmt":"2024-09-01T11:39:49","guid":{"rendered":"https:\/\/www.tuky.fi\/etusivu\/?p=46686"},"modified":"2024-09-01T14:39:56","modified_gmt":"2024-09-01T11:39:56","slug":"kaikkea-uutta-ja-vahan-jannittavaa%f0%9f%90%b0","status":"publish","type":"post","link":"https:\/\/www.tuky.fi\/etusivu\/news\/kaikkea-uutta-ja-vahan-jannittavaa%f0%9f%90%b0\/","title":{"rendered":"Kaikkea uutta ja v\u00e4h\u00e4n j\u00e4nnitt\u00e4v\u00e4\u00e4\ud83d\udc30"},"content":{"rendered":"\n<p>Orientaatioviikosta on nyt selvitty ja on pakko sanoa, ett\u00e4 v\u00e4lill\u00e4 meinasin ihan pakahtua onnesta, kun n\u00e4in, miten hienosti tutorit hoitivat hommansa koko viikon ja uudet puput olivat niin innokkaina mukana kaikessa. Haluaisinkin t\u00e4h\u00e4n alkuun viel\u00e4 kiitt\u00e4\u00e4 koko TuKYn p\u00f6yt\u00e4kuntaa, ihanaa tutortiimi\u00e4 Millaa ja Kiiraa sek\u00e4 kaikkia tutoreita onnistuneen orientaatioviikon j\u00e4rjest\u00e4misest\u00e4 ja avusta. Olette kaikki ihan super &lt;3\u00a0Kaikki t\u00e4m\u00e4 apu on kevent\u00e4nyt sopon kuormaa valtavasti, vaikka hommia onkin kes\u00e4n aikana riitt\u00e4nyt. Tutortiimi on kokoustanut kes\u00e4n aikana useampaan otteeseen ja suunnitellut tutoreiden koulutuksia sek\u00e4 orientaatioviikkoa. Nyt saakin huokaista helpotuksesta ja todeta, ett\u00e4 taidettiin hoitaa hommat aika tosi hyvin. Viel\u00e4 riitt\u00e4\u00e4 teht\u00e4v\u00e4\u00e4 esimerkiksi Pupujaisten ja Vujukauden avajaisten osalta, mutta isoin ty\u00f6 on jo takana p\u00e4in. Innolla odotankin nyt n\u00e4it\u00e4 tulevia tapahtumia ja mit\u00e4 kaikkea me Edunvalvontajaoston kanssa viel\u00e4 syksyksi keksit\u00e4\u00e4n!<\/p>\n\n\n\n<p>Uusille opiskelijoille, viel\u00e4 kerran tervetuloa! Ihan mahtavaa saada teid\u00e4t osaksi meid\u00e4n sinikultaista yhteis\u00f6\u00e4mme\ud83d\udc99\ud83d\udc9b Seuraavat vuodet tuovat mukanaan varmasti unohtumattomia muistoja, uusia kavereita ja opiskelijael\u00e4m\u00e4n ohessa (toivottavasti) my\u00f6s opitte jotain uutta. Olette saaneet orientaatioviikolla valtavasti uutta tietoa Turun kauppiksesta, TuKYst\u00e4, opinnoista ja opiskelijael\u00e4m\u00e4st\u00e4 ylip\u00e4\u00e4ns\u00e4. Kaikki voi nyt alkuun tuntua todella sekavalta ja silt\u00e4, ettei kaikkea voi mitenk\u00e4\u00e4n sis\u00e4ist\u00e4\u00e4, mutta ei h\u00e4t\u00e4\u00e4! Kaikki kyll\u00e4 selkiytyy ajan kuluessa ja voitte aina kysy\u00e4 apua omilta tutoreilta, p\u00f6yt\u00e4kunnan j\u00e4senilt\u00e4, kurssien vet\u00e4jilt\u00e4 tai opintotoimistosta. Me ollaan kaikki t\u00e4\u00e4ll\u00e4 teid\u00e4n apuna!\u00a0<\/p>\n\n\n\n<p>Osa on varmasti l\u00f6yt\u00e4nyt jo uusia tuttavuuksia tai kavereita omasta tutorryhm\u00e4st\u00e4 tai sen ulkopuolelta. Ihan mahtavaa, jos jo t\u00e4ss\u00e4 vaiheessa alkaa se oma porukka l\u00f6yty\u00e4. Mutta jos n\u00e4in ei ole k\u00e4ynyt, niin siit\u00e4k\u00e4\u00e4n ei kannata huolestua. Jodelissa usein syksyn alussa huolestuneet uudet puput (tai vanhemmatkin rusakot) kyselev\u00e4t, ett\u00e4 onkohan ainoa, joka ei ole viel\u00e4 l\u00f6yt\u00e4nyt kavereita ja tuntuu, ett\u00e4 \u201dkaikilla on jo oma porukka\u201d. Se ei kuitenkaan v\u00e4ltt\u00e4m\u00e4tt\u00e4 pid\u00e4 paikkaansa ja on paljon muita, jotka ovat samassa tilanteessa. Olin itsekin pitk\u00e4\u00e4n t\u00e4ss\u00e4 tilanteessa ja tuntui, ettei niit\u00e4 kavereita l\u00f6ydy mill\u00e4\u00e4n. Hyvin on kuitenkin lopulta mennyt ja oman paikkani sek\u00e4 uusia kavereita olen l\u00f6yt\u00e4nyt TuKYn erilaisista toimijoista. Suosittelenkin l\u00e4mpim\u00e4sti l\u00e4htem\u00e4\u00e4n mukaan itse\u00e4\u00e4n kiinnostavaan toimintaan!\u00a0<\/p>\n\n\n\n<p>Syksyn mittaan j\u00e4rjestet\u00e4\u00e4n my\u00f6s paljon pupuille suunnattuja tapahtumia ja n\u00e4ihinkin kannattaa osallistua oman kiinnostuksen ja jaksamisen mukaan! Tapahtumia riitt\u00e4\u00e4 yllin kyllin ymp\u00e4ri vuoden, ja jos et johonkin p\u00e4\u00e4se tai jaksa osallistua, niin ei haittaa, ehdit mukaan my\u00f6hemminkin! Erilaisten biletapahtumien lis\u00e4ksi TuKYss\u00e4 j\u00e4rjestet\u00e4\u00e4n paljon muunlaisiakin tapahtumia, urheilusta erilaisiin puhujatapahtumiin ja afterworkkeihin ja l\u00f6yd\u00e4t varmasti juuri sinua kiinnostavia tapahtumia!\u00a0<\/p>\n\n\n\n<p>Haluaisin viel\u00e4 t\u00e4h\u00e4n loppuun muistuttaa siit\u00e4, ett\u00e4 jokainen saa tehd\u00e4 omasta opiskeluajastaan t\u00e4ysin oman n\u00e4k\u00f6ist\u00e4, eik\u00e4 kannata ottaa paineita, jos jonkun toisen meno on erilaista. Meit\u00e4 mahtuu t\u00e4h\u00e4n joukkoon kaikenlaisia ja jokainen saa olla meid\u00e4n yhteis\u00f6ss\u00e4mme t\u00e4ysin oma itsens\u00e4. Saat osallistua vaikka joka ikiseen tapahtumaan tai vain muutamiin, mutta kaikki ovat meill\u00e4 yht\u00e4 arvokkaita ja tervetulleita mukaan!\ud83d\udc99\ud83d\udc9b Omaa oloa kannattaa my\u00f6s kuunnella ja menn\u00e4 koko opiskelija-aika oman jaksamisen ja voimavarojen mukaan, jotta jaksat! Ja jos jaksamisen tai muun kanssa tulee haasteita, muistuttaisin erilaisista resursseista, joita l\u00f6ytyy esimerkiksi TuKYn nettisiviulta Terve Mieli -osiosta tai Terve Mieli -hankkeen Instagramista @tervemieli_tuky. Olet el\u00e4m\u00e4si t\u00e4rkein ihminen ja siksi juuri sun jaksamisesta on t\u00e4rke\u00e4 pit\u00e4\u00e4 huolta.\u00a0<\/p>\n\n\n\n<p>Ihanaa pupusyksy\u00e4 kaikille pupuille, mahtavaa kun olette t\u00e4\u00e4ll\u00e4\ud83d\udc30\ud83d\udc99 Toivottavasti n\u00e4hd\u00e4\u00e4n tapahtumissa ja k\u00e4yt\u00e4vill\u00e4kin saa aina tulla nyk\u00e4isem\u00e4\u00e4n hihasta! Tai tuu vaikka kahvittelemaan toimistolle tai Wanhaan Narikkaan!\u00a0<\/p>\n\n\n\n<p>Ihanaa alkavaa syksy\u00e4 kaikille &lt;3&nbsp;<\/p>\n\n\n\n<figure class=\"wp-block-image size-large is-resized\"><img decoding=\"async\" src=\"http:\/\/www.tuky.fi\/wp-content\/uploads\/2024\/01\/Ida_Hartikainen-1024x1024.jpeg\" alt=\"\" class=\"wp-image-45303\" style=\"width:224px;height:auto\"\/><\/figure>\n\n\n\n<p>Ida Hartikainen<br><em>Sosiaalipoliittinen vastaava<\/em><\/p>\n","protected":false},"excerpt":{"rendered":"<p>Orientaatioviikosta on nyt selvitty ja on pakko sanoa, ett\u00e4 v\u00e4lill\u00e4 meinasin ihan pakahtua onnesta, kun n\u00e4in, miten hienosti tutorit hoitivat hommansa koko viikon ja uudet puput olivat niin innokkaina mukana [&hellip;]<\/p>\n","protected":false},"author":7,"featured_media":0,"comment_status":"open","ping_status":"open","sticky":false,"template":"","format":"standard","meta":{"_et_pb_use_builder":"off","_et_pb_old_content":"","_et_gb_content_width":"","footnotes":""},"categories":[4,6],"tags":[],"class_list":["post-46686","post","type-post","status-publish","format-standard","hentry","category-news","category-tukyblogi"],"yoast_head":"<!-- This site is optimized with the Yoast SEO plugin v27.2 - https:\/\/yoast.com\/product\/yoast-seo-wordpress\/ -->\n<title>Kaikkea uutta ja v\u00e4h\u00e4n j\u00e4nnitt\u00e4v\u00e4\u00e4\ud83d\udc30 - Turun KY<\/title>\n<meta name=\"robots\" content=\"index, follow, max-snippet:-1, max-image-preview:large, max-video-preview:-1\" \/>\n<link rel=\"canonical\" href=\"https:\/\/www.tuky.fi\/etusivu\/news\/kaikkea-uutta-ja-vahan-jannittavaa\ud83d\udc30\/\" \/>\n<meta property=\"og:locale\" content=\"fi_FI\" \/>\n<meta property=\"og:type\" content=\"article\" \/>\n<meta property=\"og:title\" content=\"Kaikkea uutta ja v\u00e4h\u00e4n j\u00e4nnitt\u00e4v\u00e4\u00e4\ud83d\udc30 - Turun KY\" \/>\n<meta property=\"og:description\" content=\"Orientaatioviikosta on nyt selvitty ja on pakko sanoa, ett\u00e4 v\u00e4lill\u00e4 meinasin ihan pakahtua onnesta, kun n\u00e4in, miten hienosti tutorit hoitivat hommansa koko viikon ja uudet puput olivat niin innokkaina mukana [&hellip;]\" \/>\n<meta property=\"og:url\" content=\"https:\/\/www.tuky.fi\/etusivu\/news\/kaikkea-uutta-ja-vahan-jannittavaa\ud83d\udc30\/\" \/>\n<meta property=\"og:site_name\" content=\"Turun KY\" \/>\n<meta property=\"article:published_time\" content=\"2024-09-01T11:39:49+00:00\" \/>\n<meta property=\"article:modified_time\" content=\"2024-09-01T11:39:56+00:00\" \/>\n<meta property=\"og:image\" content=\"http:\/\/www.tuky.fi\/wp-content\/uploads\/2024\/01\/Ida_Hartikainen-1024x1024.jpeg\" \/>\n<meta name=\"author\" content=\"Sosiaalipoliittinen vastaava\" \/>\n<meta name=\"twitter:card\" content=\"summary_large_image\" \/>\n<meta name=\"twitter:label1\" content=\"Kirjoittanut\" \/>\n\t<meta name=\"twitter:data1\" content=\"Sosiaalipoliittinen vastaava\" \/>\n\t<meta name=\"twitter:label2\" content=\"Arvioitu lukuaika\" \/>\n\t<meta name=\"twitter:data2\" content=\"3 minuuttia\" \/>\n<script type=\"application\/ld+json\" class=\"yoast-schema-graph\">{\"@context\":\"https:\/\/schema.org\",\"@graph\":[{\"@type\":\"Article\",\"@id\":\"https:\/\/www.tuky.fi\/etusivu\/news\/kaikkea-uutta-ja-vahan-jannittavaa%f0%9f%90%b0\/#article\",\"isPartOf\":{\"@id\":\"https:\/\/www.tuky.fi\/etusivu\/news\/kaikkea-uutta-ja-vahan-jannittavaa%f0%9f%90%b0\/\"},\"author\":{\"name\":\"Sosiaalipoliittinen vastaava\",\"@id\":\"https:\/\/www.tuky.fi\/etusivu\/#\/schema\/person\/6bafe1ca915065fb67bf89adbcce9f6e\"},\"headline\":\"Kaikkea uutta ja v\u00e4h\u00e4n j\u00e4nnitt\u00e4v\u00e4\u00e4\ud83d\udc30\",\"datePublished\":\"2024-09-01T11:39:49+00:00\",\"dateModified\":\"2024-09-01T11:39:56+00:00\",\"mainEntityOfPage\":{\"@id\":\"https:\/\/www.tuky.fi\/etusivu\/news\/kaikkea-uutta-ja-vahan-jannittavaa%f0%9f%90%b0\/\"},\"wordCount\":637,\"commentCount\":0,\"publisher\":{\"@id\":\"https:\/\/www.tuky.fi\/etusivu\/#organization\"},\"image\":{\"@id\":\"https:\/\/www.tuky.fi\/etusivu\/news\/kaikkea-uutta-ja-vahan-jannittavaa%f0%9f%90%b0\/#primaryimage\"},\"thumbnailUrl\":\"http:\/\/www.tuky.fi\/wp-content\/uploads\/2024\/01\/Ida_Hartikainen-1024x1024.jpeg\",\"articleSection\":[\"news\",\"TuKY-blogi\"],\"inLanguage\":\"fi\",\"potentialAction\":[{\"@type\":\"CommentAction\",\"name\":\"Comment\",\"target\":[\"https:\/\/www.tuky.fi\/etusivu\/news\/kaikkea-uutta-ja-vahan-jannittavaa%f0%9f%90%b0\/#respond\"]}]},{\"@type\":\"WebPage\",\"@id\":\"https:\/\/www.tuky.fi\/etusivu\/news\/kaikkea-uutta-ja-vahan-jannittavaa%f0%9f%90%b0\/\",\"url\":\"https:\/\/www.tuky.fi\/etusivu\/news\/kaikkea-uutta-ja-vahan-jannittavaa%f0%9f%90%b0\/\",\"name\":\"Kaikkea uutta ja v\u00e4h\u00e4n j\u00e4nnitt\u00e4v\u00e4\u00e4\ud83d\udc30 - Turun KY\",\"isPartOf\":{\"@id\":\"https:\/\/www.tuky.fi\/etusivu\/#website\"},\"primaryImageOfPage\":{\"@id\":\"https:\/\/www.tuky.fi\/etusivu\/news\/kaikkea-uutta-ja-vahan-jannittavaa%f0%9f%90%b0\/#primaryimage\"},\"image\":{\"@id\":\"https:\/\/www.tuky.fi\/etusivu\/news\/kaikkea-uutta-ja-vahan-jannittavaa%f0%9f%90%b0\/#primaryimage\"},\"thumbnailUrl\":\"http:\/\/www.tuky.fi\/wp-content\/uploads\/2024\/01\/Ida_Hartikainen-1024x1024.jpeg\",\"datePublished\":\"2024-09-01T11:39:49+00:00\",\"dateModified\":\"2024-09-01T11:39:56+00:00\",\"breadcrumb\":{\"@id\":\"https:\/\/www.tuky.fi\/etusivu\/news\/kaikkea-uutta-ja-vahan-jannittavaa%f0%9f%90%b0\/#breadcrumb\"},\"inLanguage\":\"fi\",\"potentialAction\":[{\"@type\":\"ReadAction\",\"target\":[\"https:\/\/www.tuky.fi\/etusivu\/news\/kaikkea-uutta-ja-vahan-jannittavaa%f0%9f%90%b0\/\"]}]},{\"@type\":\"ImageObject\",\"inLanguage\":\"fi\",\"@id\":\"https:\/\/www.tuky.fi\/etusivu\/news\/kaikkea-uutta-ja-vahan-jannittavaa%f0%9f%90%b0\/#primaryimage\",\"url\":\"http:\/\/www.tuky.fi\/wp-content\/uploads\/2024\/01\/Ida_Hartikainen-1024x1024.jpeg\",\"contentUrl\":\"http:\/\/www.tuky.fi\/wp-content\/uploads\/2024\/01\/Ida_Hartikainen-1024x1024.jpeg\"},{\"@type\":\"BreadcrumbList\",\"@id\":\"https:\/\/www.tuky.fi\/etusivu\/news\/kaikkea-uutta-ja-vahan-jannittavaa%f0%9f%90%b0\/#breadcrumb\",\"itemListElement\":[{\"@type\":\"ListItem\",\"position\":1,\"name\":\"Etusivu\",\"item\":\"https:\/\/www.tuky.fi\/etusivu\/\"},{\"@type\":\"ListItem\",\"position\":2,\"name\":\"Kaikkea uutta ja v\u00e4h\u00e4n j\u00e4nnitt\u00e4v\u00e4\u00e4\ud83d\udc30\"}]},{\"@type\":\"WebSite\",\"@id\":\"https:\/\/www.tuky.fi\/etusivu\/#website\",\"url\":\"https:\/\/www.tuky.fi\/etusivu\/\",\"name\":\"Turun KY\",\"description\":\"TuKY\",\"publisher\":{\"@id\":\"https:\/\/www.tuky.fi\/etusivu\/#organization\"},\"alternateName\":\"TuKY\",\"potentialAction\":[{\"@type\":\"SearchAction\",\"target\":{\"@type\":\"EntryPoint\",\"urlTemplate\":\"https:\/\/www.tuky.fi\/etusivu\/?s={search_term_string}\"},\"query-input\":{\"@type\":\"PropertyValueSpecification\",\"valueRequired\":true,\"valueName\":\"search_term_string\"}}],\"inLanguage\":\"fi\"},{\"@type\":\"Organization\",\"@id\":\"https:\/\/www.tuky.fi\/etusivu\/#organization\",\"name\":\"Turun KY\",\"alternateName\":\"TuKY\",\"url\":\"https:\/\/www.tuky.fi\/etusivu\/\",\"logo\":{\"@type\":\"ImageObject\",\"inLanguage\":\"fi\",\"@id\":\"https:\/\/www.tuky.fi\/etusivu\/#\/schema\/logo\/image\/\",\"url\":\"https:\/\/www.tuky.fi\/wp-content\/uploads\/2024\/09\/TuKY-logo-kulta-1.png\",\"contentUrl\":\"https:\/\/www.tuky.fi\/wp-content\/uploads\/2024\/09\/TuKY-logo-kulta-1.png\",\"width\":1080,\"height\":1080,\"caption\":\"Turun KY\"},\"image\":{\"@id\":\"https:\/\/www.tuky.fi\/etusivu\/#\/schema\/logo\/image\/\"},\"sameAs\":[\"https:\/\/instagram.com\/turunky\",\"https:\/\/linkedin.com\/turunky\"]},{\"@type\":\"Person\",\"@id\":\"https:\/\/www.tuky.fi\/etusivu\/#\/schema\/person\/6bafe1ca915065fb67bf89adbcce9f6e\",\"name\":\"Sosiaalipoliittinen vastaava\",\"image\":{\"@type\":\"ImageObject\",\"inLanguage\":\"fi\",\"@id\":\"https:\/\/secure.gravatar.com\/avatar\/76e8a0f31a466694f5211ef517ce8d1c12893f6c766c3cfc8d682e1e96077dd4?s=96&d=mm&r=g\",\"url\":\"https:\/\/secure.gravatar.com\/avatar\/76e8a0f31a466694f5211ef517ce8d1c12893f6c766c3cfc8d682e1e96077dd4?s=96&d=mm&r=g\",\"contentUrl\":\"https:\/\/secure.gravatar.com\/avatar\/76e8a0f31a466694f5211ef517ce8d1c12893f6c766c3cfc8d682e1e96077dd4?s=96&d=mm&r=g\",\"caption\":\"Sosiaalipoliittinen vastaava\"},\"url\":\"https:\/\/www.tuky.fi\/etusivu\/author\/ky-hyvinvointi\/\"}]}<\/script>\n<!-- \/ Yoast SEO plugin. -->","yoast_head_json":{"title":"Kaikkea uutta ja v\u00e4h\u00e4n j\u00e4nnitt\u00e4v\u00e4\u00e4\ud83d\udc30 - Turun KY","robots":{"index":"index","follow":"follow","max-snippet":"max-snippet:-1","max-image-preview":"max-image-preview:large","max-video-preview":"max-video-preview:-1"},"canonical":"https:\/\/www.tuky.fi\/etusivu\/news\/kaikkea-uutta-ja-vahan-jannittavaa\ud83d\udc30\/","og_locale":"fi_FI","og_type":"article","og_title":"Kaikkea uutta ja v\u00e4h\u00e4n j\u00e4nnitt\u00e4v\u00e4\u00e4\ud83d\udc30 - Turun KY","og_description":"Orientaatioviikosta on nyt selvitty ja on pakko sanoa, ett\u00e4 v\u00e4lill\u00e4 meinasin ihan pakahtua onnesta, kun n\u00e4in, miten hienosti tutorit hoitivat hommansa koko viikon ja uudet puput olivat niin innokkaina mukana [&hellip;]","og_url":"https:\/\/www.tuky.fi\/etusivu\/news\/kaikkea-uutta-ja-vahan-jannittavaa\ud83d\udc30\/","og_site_name":"Turun KY","article_published_time":"2024-09-01T11:39:49+00:00","article_modified_time":"2024-09-01T11:39:56+00:00","og_image":[{"url":"http:\/\/www.tuky.fi\/wp-content\/uploads\/2024\/01\/Ida_Hartikainen-1024x1024.jpeg","type":"","width":"","height":""}],"author":"Sosiaalipoliittinen vastaava","twitter_card":"summary_large_image","twitter_misc":{"Kirjoittanut":"Sosiaalipoliittinen vastaava","Arvioitu lukuaika":"3 minuuttia"},"schema":{"@context":"https:\/\/schema.org","@graph":[{"@type":"Article","@id":"https:\/\/www.tuky.fi\/etusivu\/news\/kaikkea-uutta-ja-vahan-jannittavaa%f0%9f%90%b0\/#article","isPartOf":{"@id":"https:\/\/www.tuky.fi\/etusivu\/news\/kaikkea-uutta-ja-vahan-jannittavaa%f0%9f%90%b0\/"},"author":{"name":"Sosiaalipoliittinen vastaava","@id":"https:\/\/www.tuky.fi\/etusivu\/#\/schema\/person\/6bafe1ca915065fb67bf89adbcce9f6e"},"headline":"Kaikkea uutta ja v\u00e4h\u00e4n j\u00e4nnitt\u00e4v\u00e4\u00e4\ud83d\udc30","datePublished":"2024-09-01T11:39:49+00:00","dateModified":"2024-09-01T11:39:56+00:00","mainEntityOfPage":{"@id":"https:\/\/www.tuky.fi\/etusivu\/news\/kaikkea-uutta-ja-vahan-jannittavaa%f0%9f%90%b0\/"},"wordCount":637,"commentCount":0,"publisher":{"@id":"https:\/\/www.tuky.fi\/etusivu\/#organization"},"image":{"@id":"https:\/\/www.tuky.fi\/etusivu\/news\/kaikkea-uutta-ja-vahan-jannittavaa%f0%9f%90%b0\/#primaryimage"},"thumbnailUrl":"http:\/\/www.tuky.fi\/wp-content\/uploads\/2024\/01\/Ida_Hartikainen-1024x1024.jpeg","articleSection":["news","TuKY-blogi"],"inLanguage":"fi","potentialAction":[{"@type":"CommentAction","name":"Comment","target":["https:\/\/www.tuky.fi\/etusivu\/news\/kaikkea-uutta-ja-vahan-jannittavaa%f0%9f%90%b0\/#respond"]}]},{"@type":"WebPage","@id":"https:\/\/www.tuky.fi\/etusivu\/news\/kaikkea-uutta-ja-vahan-jannittavaa%f0%9f%90%b0\/","url":"https:\/\/www.tuky.fi\/etusivu\/news\/kaikkea-uutta-ja-vahan-jannittavaa%f0%9f%90%b0\/","name":"Kaikkea uutta ja v\u00e4h\u00e4n j\u00e4nnitt\u00e4v\u00e4\u00e4\ud83d\udc30 - Turun KY","isPartOf":{"@id":"https:\/\/www.tuky.fi\/etusivu\/#website"},"primaryImageOfPage":{"@id":"https:\/\/www.tuky.fi\/etusivu\/news\/kaikkea-uutta-ja-vahan-jannittavaa%f0%9f%90%b0\/#primaryimage"},"image":{"@id":"https:\/\/www.tuky.fi\/etusivu\/news\/kaikkea-uutta-ja-vahan-jannittavaa%f0%9f%90%b0\/#primaryimage"},"thumbnailUrl":"http:\/\/www.tuky.fi\/wp-content\/uploads\/2024\/01\/Ida_Hartikainen-1024x1024.jpeg","datePublished":"2024-09-01T11:39:49+00:00","dateModified":"2024-09-01T11:39:56+00:00","breadcrumb":{"@id":"https:\/\/www.tuky.fi\/etusivu\/news\/kaikkea-uutta-ja-vahan-jannittavaa%f0%9f%90%b0\/#breadcrumb"},"inLanguage":"fi","potentialAction":[{"@type":"ReadAction","target":["https:\/\/www.tuky.fi\/etusivu\/news\/kaikkea-uutta-ja-vahan-jannittavaa%f0%9f%90%b0\/"]}]},{"@type":"ImageObject","inLanguage":"fi","@id":"https:\/\/www.tuky.fi\/etusivu\/news\/kaikkea-uutta-ja-vahan-jannittavaa%f0%9f%90%b0\/#primaryimage","url":"http:\/\/www.tuky.fi\/wp-content\/uploads\/2024\/01\/Ida_Hartikainen-1024x1024.jpeg","contentUrl":"http:\/\/www.tuky.fi\/wp-content\/uploads\/2024\/01\/Ida_Hartikainen-1024x1024.jpeg"},{"@type":"BreadcrumbList","@id":"https:\/\/www.tuky.fi\/etusivu\/news\/kaikkea-uutta-ja-vahan-jannittavaa%f0%9f%90%b0\/#breadcrumb","itemListElement":[{"@type":"ListItem","position":1,"name":"Etusivu","item":"https:\/\/www.tuky.fi\/etusivu\/"},{"@type":"ListItem","position":2,"name":"Kaikkea uutta ja v\u00e4h\u00e4n j\u00e4nnitt\u00e4v\u00e4\u00e4\ud83d\udc30"}]},{"@type":"WebSite","@id":"https:\/\/www.tuky.fi\/etusivu\/#website","url":"https:\/\/www.tuky.fi\/etusivu\/","name":"Turun KY","description":"TuKY","publisher":{"@id":"https:\/\/www.tuky.fi\/etusivu\/#organization"},"alternateName":"TuKY","potentialAction":[{"@type":"SearchAction","target":{"@type":"EntryPoint","urlTemplate":"https:\/\/www.tuky.fi\/etusivu\/?s={search_term_string}"},"query-input":{"@type":"PropertyValueSpecification","valueRequired":true,"valueName":"search_term_string"}}],"inLanguage":"fi"},{"@type":"Organization","@id":"https:\/\/www.tuky.fi\/etusivu\/#organization","name":"Turun KY","alternateName":"TuKY","url":"https:\/\/www.tuky.fi\/etusivu\/","logo":{"@type":"ImageObject","inLanguage":"fi","@id":"https:\/\/www.tuky.fi\/etusivu\/#\/schema\/logo\/image\/","url":"https:\/\/www.tuky.fi\/wp-content\/uploads\/2024\/09\/TuKY-logo-kulta-1.png","contentUrl":"https:\/\/www.tuky.fi\/wp-content\/uploads\/2024\/09\/TuKY-logo-kulta-1.png","width":1080,"height":1080,"caption":"Turun KY"},"image":{"@id":"https:\/\/www.tuky.fi\/etusivu\/#\/schema\/logo\/image\/"},"sameAs":["https:\/\/instagram.com\/turunky","https:\/\/linkedin.com\/turunky"]},{"@type":"Person","@id":"https:\/\/www.tuky.fi\/etusivu\/#\/schema\/person\/6bafe1ca915065fb67bf89adbcce9f6e","name":"Sosiaalipoliittinen vastaava","image":{"@type":"ImageObject","inLanguage":"fi","@id":"https:\/\/secure.gravatar.com\/avatar\/76e8a0f31a466694f5211ef517ce8d1c12893f6c766c3cfc8d682e1e96077dd4?s=96&d=mm&r=g","url":"https:\/\/secure.gravatar.com\/avatar\/76e8a0f31a466694f5211ef517ce8d1c12893f6c766c3cfc8d682e1e96077dd4?s=96&d=mm&r=g","contentUrl":"https:\/\/secure.gravatar.com\/avatar\/76e8a0f31a466694f5211ef517ce8d1c12893f6c766c3cfc8d682e1e96077dd4?s=96&d=mm&r=g","caption":"Sosiaalipoliittinen vastaava"},"url":"https:\/\/www.tuky.fi\/etusivu\/author\/ky-hyvinvointi\/"}]}},"lang":"fi","translations":{"fi":46686},"pll_sync_post":[],"_links":{"self":[{"href":"https:\/\/www.tuky.fi\/etusivu\/wp-json\/wp\/v2\/posts\/46686","targetHints":{"allow":["GET"]}}],"collection":[{"href":"https:\/\/www.tuky.fi\/etusivu\/wp-json\/wp\/v2\/posts"}],"about":[{"href":"https:\/\/www.tuky.fi\/etusivu\/wp-json\/wp\/v2\/types\/post"}],"author":[{"embeddable":true,"href":"https:\/\/www.tuky.fi\/etusivu\/wp-json\/wp\/v2\/users\/7"}],"replies":[{"embeddable":true,"href":"https:\/\/www.tuky.fi\/etusivu\/wp-json\/wp\/v2\/comments?post=46686"}],"version-history":[{"count":0,"href":"https:\/\/www.tuky.fi\/etusivu\/wp-json\/wp\/v2\/posts\/46686\/revisions"}],"wp:attachment":[{"href":"https:\/\/www.tuky.fi\/etusivu\/wp-json\/wp\/v2\/media?parent=46686"}],"wp:term":[{"taxonomy":"category","embeddable":true,"href":"https:\/\/www.tuky.fi\/etusivu\/wp-json\/wp\/v2\/categories?post=46686"},{"taxonomy":"post_tag","embeddable":true,"href":"https:\/\/www.tuky.fi\/etusivu\/wp-json\/wp\/v2\/tags?post=46686"}],"curies":[{"name":"wp","href":"https:\/\/api.w.org\/{rel}","templated":true}]}}