{"id":46279,"date":"2024-04-27T13:44:54","date_gmt":"2024-04-27T10:44:54","guid":{"rendered":"https:\/\/www.tuky.fi\/etusivu\/?p=46279"},"modified":"2024-04-27T13:44:54","modified_gmt":"2024-04-27T10:44:54","slug":"no-mitas-nyt-sit","status":"publish","type":"post","link":"https:\/\/www.tuky.fi\/etusivu\/news\/no-mitas-nyt-sit\/","title":{"rendered":"No mit\u00e4s nyt sit?"},"content":{"rendered":"\n<p>Kev\u00e4tlukukausi ja koko lukuvuosi alkaa olemaan n\u00e4ill\u00e4 n\u00e4pp\u00e4imill\u00e4 valmis. Joillekin se oli vasta ensimm\u00e4inen monista ja toisille taas jo viimeinen. Kiitos kuitenkin kaikille teist\u00e4 taas yhdest\u00e4 unohtumattomasta vuodesta rakkaassa kauppakorkeakoulussamme. Erityiskiitos viel\u00e4 my\u00f6s koko t\u00e4m\u00e4n vuoden p\u00f6yt\u00e4kunnalle, jonka kanssa olen saanut puuhailla ja ajaa yhdistyksen asioita eteenp\u00e4in. On ollut huikea ensimm\u00e4inen puoli vuotta teid\u00e4n kanssa &lt;3<\/p>\n\n\n\n<p>Kuitenkin ennen kuin p\u00e4\u00e4st\u00e4\u00e4n lopettamaan t\u00e4m\u00e4 lukuvuosi, on edess\u00e4mme opiskelijoiden suurin ja halutuin juhla, eli rakas vappumme. Olen itse nauttinut ja pit\u00e4nyt vapusta aina pienest\u00e4 tenavasta asti, kun olemme menneet koko perheen voimin Puolalanm\u00e4elle laittamaan lakkeja p\u00e4\u00e4h\u00e4n ja kippistelem\u00e4\u00e4n simaa. Viimeisimpin\u00e4 vuosina juoma on vaihtunut kuohuvaan ja asut haalareihin, mutta idea ja traditio on silti s\u00e4ilynyt.<\/p>\n\n\n\n<p>T\u00e4n\u00e4 vuonna pel\u00e4styinkin hieman, kun huomasin er\u00e4\u00e4n\u00e4 aamuna, ett\u00e4 postiluukusta oli tipahtanut kirje valtiolta. Kertauskutsuhan se oli ja viel\u00e4 huhtikuun loppuun. Kertaus osui kuitenkin onneksi juuri ennen vappua olevalle vklp. Eli p\u00e4\u00e4sin tai jouduin, miten sen nyt ikin\u00e4 haluaa tulkita, viime vklp kertaamaan it\u00e4rajalle. Alkuun harmitti, ett\u00e4 joudun j\u00e4tt\u00e4m\u00e4\u00e4n wappusitsit sek\u00e4 MayDay Mayhemin v\u00e4liin ja l\u00e4htem\u00e4\u00e4n Turusta juuri vappu tunnelman ollessa korkeimmillaan. Nyt vklp j\u00e4lkeen voin kuitenkin sanoa, ett\u00e4 happihyppely mets\u00e4ss\u00e4 t\u00e4ysin eri maailmassa, mihin olin ehtinyt jo tottua viimeisen parin vuoden aikana, teki todella hyv\u00e4\u00e4 vapun rientojen ja opiskeluiden ohelle. Vaikka olin vklp valtion toimesta enk\u00e4 suoraan omasta tahdosta mets\u00e4ss\u00e4 py\u00f6rim\u00e4ss\u00e4 ja m\u00f6yrim\u00e4ss\u00e4, oli se hauskaa ja jopa virkist\u00e4v\u00e4\u00e4 normaaliin arkeen verrattuna.<\/p>\n\n\n\n<p>Arjesta puheen ollen, alkoi ihmisill\u00e4 nyt toukokuussa kes\u00e4ty\u00f6t, opinnot tai vanhempien terassiremontti ja muu arki, niin muistakaa my\u00f6s ohessa ladata niit\u00e4 omia akkujanne ja varsinkin nauttia Suomen kes\u00e4st\u00e4. K\u00e4yk\u00e4\u00e4 ihastelemassa luontoa, menk\u00e4\u00e4 m\u00f6keill\u00e4 uimaan sek\u00e4 saunomaan ja nauttikaa kunnolla siit\u00e4 ylihintaisesta cocktailista terassilla, sill\u00e4 kes\u00e4 on nopeammin ohi mit\u00e4 luulettekaan.<\/p>\n\n\n\n<p>Tiivistyksen\u00e4 viel\u00e4 loppuun, ottakaa ilo irti ja nauttikaa aina kaikesta mit\u00e4 ikin\u00e4 teettek\u00e4\u00e4n sek\u00e4 lev\u00e4tk\u00e4\u00e4 ja ladatkaa omia akkujanne. Olette joka ikinen ansainneet sen.<\/p>\n\n\n\n<p>Mutta nyt, Asento, Lepo ja Sikawappuun MARS MARS!<\/p>\n\n\n\n<figure class=\"wp-block-image size-large is-resized\"><img loading=\"lazy\" decoding=\"async\" width=\"1024\" height=\"1024\" src=\"https:\/\/www.tuky.fi\/wp-content\/uploads\/2024\/04\/Anton_Martti_CV-1-1024x1024.jpg\" alt=\"\" class=\"wp-image-46281\" style=\"width:186px;height:auto\" srcset=\"https:\/\/www.tuky.fi\/wp-content\/uploads\/2024\/04\/Anton_Martti_CV-1-980x980.jpg 980w, https:\/\/www.tuky.fi\/wp-content\/uploads\/2024\/04\/Anton_Martti_CV-1-480x480.jpg 480w\" sizes=\"(min-width: 0px) and (max-width: 480px) 480px, (min-width: 481px) and (max-width: 980px) 980px, (min-width: 981px) 1024px, 100vw\" \/><\/figure>\n\n\n\n<p>Anton Martti<br><em>Varapuheenjohtaja<\/em><\/p>\n","protected":false},"excerpt":{"rendered":"<p>Kev\u00e4tlukukausi ja koko lukuvuosi alkaa olemaan n\u00e4ill\u00e4 n\u00e4pp\u00e4imill\u00e4 valmis. Joillekin se oli vasta ensimm\u00e4inen monista ja toisille taas jo viimeinen. Kiitos kuitenkin kaikille teist\u00e4 taas yhdest\u00e4 unohtumattomasta vuodesta rakkaassa kauppakorkeakoulussamme. [&hellip;]<\/p>\n","protected":false},"author":19,"featured_media":0,"comment_status":"open","ping_status":"open","sticky":false,"template":"","format":"standard","meta":{"_et_pb_use_builder":"off","_et_pb_old_content":"","_et_gb_content_width":"","footnotes":""},"categories":[4,6],"tags":[],"class_list":["post-46279","post","type-post","status-publish","format-standard","hentry","category-news","category-tukyblogi"],"yoast_head":"<!-- This site is optimized with the Yoast SEO plugin v27.2 - https:\/\/yoast.com\/product\/yoast-seo-wordpress\/ -->\n<title>No mit\u00e4s nyt sit? - Turun KY<\/title>\n<meta name=\"robots\" content=\"index, follow, max-snippet:-1, max-image-preview:large, max-video-preview:-1\" \/>\n<link rel=\"canonical\" href=\"https:\/\/www.tuky.fi\/etusivu\/news\/no-mitas-nyt-sit\/\" \/>\n<meta property=\"og:locale\" content=\"fi_FI\" \/>\n<meta property=\"og:type\" content=\"article\" \/>\n<meta property=\"og:title\" content=\"No mit\u00e4s nyt sit? - Turun KY\" \/>\n<meta property=\"og:description\" content=\"Kev\u00e4tlukukausi ja koko lukuvuosi alkaa olemaan n\u00e4ill\u00e4 n\u00e4pp\u00e4imill\u00e4 valmis. Joillekin se oli vasta ensimm\u00e4inen monista ja toisille taas jo viimeinen. Kiitos kuitenkin kaikille teist\u00e4 taas yhdest\u00e4 unohtumattomasta vuodesta rakkaassa kauppakorkeakoulussamme. [&hellip;]\" \/>\n<meta property=\"og:url\" content=\"https:\/\/www.tuky.fi\/etusivu\/news\/no-mitas-nyt-sit\/\" \/>\n<meta property=\"og:site_name\" content=\"Turun KY\" \/>\n<meta property=\"article:published_time\" content=\"2024-04-27T10:44:54+00:00\" \/>\n<meta property=\"og:image\" content=\"https:\/\/www.tuky.fi\/wp-content\/uploads\/2024\/04\/Anton_Martti_CV-1-1024x1024.jpg\" \/>\n<meta name=\"author\" content=\"Hallituksen varapuheenjohtaja\" \/>\n<meta name=\"twitter:card\" content=\"summary_large_image\" \/>\n<meta name=\"twitter:label1\" content=\"Kirjoittanut\" \/>\n\t<meta name=\"twitter:data1\" content=\"Hallituksen varapuheenjohtaja\" \/>\n\t<meta name=\"twitter:label2\" content=\"Arvioitu lukuaika\" \/>\n\t<meta name=\"twitter:data2\" content=\"2 minuuttia\" \/>\n<script type=\"application\/ld+json\" class=\"yoast-schema-graph\">{\"@context\":\"https:\/\/schema.org\",\"@graph\":[{\"@type\":\"Article\",\"@id\":\"https:\/\/www.tuky.fi\/etusivu\/news\/no-mitas-nyt-sit\/#article\",\"isPartOf\":{\"@id\":\"https:\/\/www.tuky.fi\/etusivu\/news\/no-mitas-nyt-sit\/\"},\"author\":{\"name\":\"Hallituksen varapuheenjohtaja\",\"@id\":\"https:\/\/www.tuky.fi\/etusivu\/#\/schema\/person\/3be6d98d6792157b46f32757bc9712ce\"},\"headline\":\"No mit\u00e4s nyt sit?\",\"datePublished\":\"2024-04-27T10:44:54+00:00\",\"mainEntityOfPage\":{\"@id\":\"https:\/\/www.tuky.fi\/etusivu\/news\/no-mitas-nyt-sit\/\"},\"wordCount\":366,\"commentCount\":0,\"publisher\":{\"@id\":\"https:\/\/www.tuky.fi\/etusivu\/#organization\"},\"image\":{\"@id\":\"https:\/\/www.tuky.fi\/etusivu\/news\/no-mitas-nyt-sit\/#primaryimage\"},\"thumbnailUrl\":\"https:\/\/www.tuky.fi\/wp-content\/uploads\/2024\/04\/Anton_Martti_CV-1-1024x1024.jpg\",\"articleSection\":[\"news\",\"TuKY-blogi\"],\"inLanguage\":\"fi\",\"potentialAction\":[{\"@type\":\"CommentAction\",\"name\":\"Comment\",\"target\":[\"https:\/\/www.tuky.fi\/etusivu\/news\/no-mitas-nyt-sit\/#respond\"]}]},{\"@type\":\"WebPage\",\"@id\":\"https:\/\/www.tuky.fi\/etusivu\/news\/no-mitas-nyt-sit\/\",\"url\":\"https:\/\/www.tuky.fi\/etusivu\/news\/no-mitas-nyt-sit\/\",\"name\":\"No mit\u00e4s nyt sit? - Turun KY\",\"isPartOf\":{\"@id\":\"https:\/\/www.tuky.fi\/etusivu\/#website\"},\"primaryImageOfPage\":{\"@id\":\"https:\/\/www.tuky.fi\/etusivu\/news\/no-mitas-nyt-sit\/#primaryimage\"},\"image\":{\"@id\":\"https:\/\/www.tuky.fi\/etusivu\/news\/no-mitas-nyt-sit\/#primaryimage\"},\"thumbnailUrl\":\"https:\/\/www.tuky.fi\/wp-content\/uploads\/2024\/04\/Anton_Martti_CV-1-1024x1024.jpg\",\"datePublished\":\"2024-04-27T10:44:54+00:00\",\"breadcrumb\":{\"@id\":\"https:\/\/www.tuky.fi\/etusivu\/news\/no-mitas-nyt-sit\/#breadcrumb\"},\"inLanguage\":\"fi\",\"potentialAction\":[{\"@type\":\"ReadAction\",\"target\":[\"https:\/\/www.tuky.fi\/etusivu\/news\/no-mitas-nyt-sit\/\"]}]},{\"@type\":\"ImageObject\",\"inLanguage\":\"fi\",\"@id\":\"https:\/\/www.tuky.fi\/etusivu\/news\/no-mitas-nyt-sit\/#primaryimage\",\"url\":\"https:\/\/www.tuky.fi\/wp-content\/uploads\/2024\/04\/Anton_Martti_CV-1-1024x1024.jpg\",\"contentUrl\":\"https:\/\/www.tuky.fi\/wp-content\/uploads\/2024\/04\/Anton_Martti_CV-1-1024x1024.jpg\"},{\"@type\":\"BreadcrumbList\",\"@id\":\"https:\/\/www.tuky.fi\/etusivu\/news\/no-mitas-nyt-sit\/#breadcrumb\",\"itemListElement\":[{\"@type\":\"ListItem\",\"position\":1,\"name\":\"Etusivu\",\"item\":\"https:\/\/www.tuky.fi\/etusivu\/\"},{\"@type\":\"ListItem\",\"position\":2,\"name\":\"No mit\u00e4s nyt sit?\"}]},{\"@type\":\"WebSite\",\"@id\":\"https:\/\/www.tuky.fi\/etusivu\/#website\",\"url\":\"https:\/\/www.tuky.fi\/etusivu\/\",\"name\":\"Turun KY\",\"description\":\"TuKY\",\"publisher\":{\"@id\":\"https:\/\/www.tuky.fi\/etusivu\/#organization\"},\"alternateName\":\"TuKY\",\"potentialAction\":[{\"@type\":\"SearchAction\",\"target\":{\"@type\":\"EntryPoint\",\"urlTemplate\":\"https:\/\/www.tuky.fi\/etusivu\/?s={search_term_string}\"},\"query-input\":{\"@type\":\"PropertyValueSpecification\",\"valueRequired\":true,\"valueName\":\"search_term_string\"}}],\"inLanguage\":\"fi\"},{\"@type\":\"Organization\",\"@id\":\"https:\/\/www.tuky.fi\/etusivu\/#organization\",\"name\":\"Turun KY\",\"alternateName\":\"TuKY\",\"url\":\"https:\/\/www.tuky.fi\/etusivu\/\",\"logo\":{\"@type\":\"ImageObject\",\"inLanguage\":\"fi\",\"@id\":\"https:\/\/www.tuky.fi\/etusivu\/#\/schema\/logo\/image\/\",\"url\":\"https:\/\/www.tuky.fi\/wp-content\/uploads\/2024\/09\/TuKY-logo-kulta-1.png\",\"contentUrl\":\"https:\/\/www.tuky.fi\/wp-content\/uploads\/2024\/09\/TuKY-logo-kulta-1.png\",\"width\":1080,\"height\":1080,\"caption\":\"Turun KY\"},\"image\":{\"@id\":\"https:\/\/www.tuky.fi\/etusivu\/#\/schema\/logo\/image\/\"},\"sameAs\":[\"https:\/\/instagram.com\/turunky\",\"https:\/\/linkedin.com\/turunky\"]},{\"@type\":\"Person\",\"@id\":\"https:\/\/www.tuky.fi\/etusivu\/#\/schema\/person\/3be6d98d6792157b46f32757bc9712ce\",\"name\":\"Hallituksen varapuheenjohtaja\",\"image\":{\"@type\":\"ImageObject\",\"inLanguage\":\"fi\",\"@id\":\"https:\/\/secure.gravatar.com\/avatar\/498c43e46c608fbabac5e893f3405adf1d9d4423a5135f21b1a9ade7f0580409?s=96&d=mm&r=g\",\"url\":\"https:\/\/secure.gravatar.com\/avatar\/498c43e46c608fbabac5e893f3405adf1d9d4423a5135f21b1a9ade7f0580409?s=96&d=mm&r=g\",\"contentUrl\":\"https:\/\/secure.gravatar.com\/avatar\/498c43e46c608fbabac5e893f3405adf1d9d4423a5135f21b1a9ade7f0580409?s=96&d=mm&r=g\",\"caption\":\"Hallituksen varapuheenjohtaja\"},\"url\":\"https:\/\/www.tuky.fi\/etusivu\/author\/ky-hallitus-vpj\/\"}]}<\/script>\n<!-- \/ Yoast SEO plugin. -->","yoast_head_json":{"title":"No mit\u00e4s nyt sit? - Turun KY","robots":{"index":"index","follow":"follow","max-snippet":"max-snippet:-1","max-image-preview":"max-image-preview:large","max-video-preview":"max-video-preview:-1"},"canonical":"https:\/\/www.tuky.fi\/etusivu\/news\/no-mitas-nyt-sit\/","og_locale":"fi_FI","og_type":"article","og_title":"No mit\u00e4s nyt sit? - Turun KY","og_description":"Kev\u00e4tlukukausi ja koko lukuvuosi alkaa olemaan n\u00e4ill\u00e4 n\u00e4pp\u00e4imill\u00e4 valmis. Joillekin se oli vasta ensimm\u00e4inen monista ja toisille taas jo viimeinen. Kiitos kuitenkin kaikille teist\u00e4 taas yhdest\u00e4 unohtumattomasta vuodesta rakkaassa kauppakorkeakoulussamme. [&hellip;]","og_url":"https:\/\/www.tuky.fi\/etusivu\/news\/no-mitas-nyt-sit\/","og_site_name":"Turun KY","article_published_time":"2024-04-27T10:44:54+00:00","og_image":[{"url":"https:\/\/www.tuky.fi\/wp-content\/uploads\/2024\/04\/Anton_Martti_CV-1-1024x1024.jpg","type":"","width":"","height":""}],"author":"Hallituksen varapuheenjohtaja","twitter_card":"summary_large_image","twitter_misc":{"Kirjoittanut":"Hallituksen varapuheenjohtaja","Arvioitu lukuaika":"2 minuuttia"},"schema":{"@context":"https:\/\/schema.org","@graph":[{"@type":"Article","@id":"https:\/\/www.tuky.fi\/etusivu\/news\/no-mitas-nyt-sit\/#article","isPartOf":{"@id":"https:\/\/www.tuky.fi\/etusivu\/news\/no-mitas-nyt-sit\/"},"author":{"name":"Hallituksen varapuheenjohtaja","@id":"https:\/\/www.tuky.fi\/etusivu\/#\/schema\/person\/3be6d98d6792157b46f32757bc9712ce"},"headline":"No mit\u00e4s nyt sit?","datePublished":"2024-04-27T10:44:54+00:00","mainEntityOfPage":{"@id":"https:\/\/www.tuky.fi\/etusivu\/news\/no-mitas-nyt-sit\/"},"wordCount":366,"commentCount":0,"publisher":{"@id":"https:\/\/www.tuky.fi\/etusivu\/#organization"},"image":{"@id":"https:\/\/www.tuky.fi\/etusivu\/news\/no-mitas-nyt-sit\/#primaryimage"},"thumbnailUrl":"https:\/\/www.tuky.fi\/wp-content\/uploads\/2024\/04\/Anton_Martti_CV-1-1024x1024.jpg","articleSection":["news","TuKY-blogi"],"inLanguage":"fi","potentialAction":[{"@type":"CommentAction","name":"Comment","target":["https:\/\/www.tuky.fi\/etusivu\/news\/no-mitas-nyt-sit\/#respond"]}]},{"@type":"WebPage","@id":"https:\/\/www.tuky.fi\/etusivu\/news\/no-mitas-nyt-sit\/","url":"https:\/\/www.tuky.fi\/etusivu\/news\/no-mitas-nyt-sit\/","name":"No mit\u00e4s nyt sit? - Turun KY","isPartOf":{"@id":"https:\/\/www.tuky.fi\/etusivu\/#website"},"primaryImageOfPage":{"@id":"https:\/\/www.tuky.fi\/etusivu\/news\/no-mitas-nyt-sit\/#primaryimage"},"image":{"@id":"https:\/\/www.tuky.fi\/etusivu\/news\/no-mitas-nyt-sit\/#primaryimage"},"thumbnailUrl":"https:\/\/www.tuky.fi\/wp-content\/uploads\/2024\/04\/Anton_Martti_CV-1-1024x1024.jpg","datePublished":"2024-04-27T10:44:54+00:00","breadcrumb":{"@id":"https:\/\/www.tuky.fi\/etusivu\/news\/no-mitas-nyt-sit\/#breadcrumb"},"inLanguage":"fi","potentialAction":[{"@type":"ReadAction","target":["https:\/\/www.tuky.fi\/etusivu\/news\/no-mitas-nyt-sit\/"]}]},{"@type":"ImageObject","inLanguage":"fi","@id":"https:\/\/www.tuky.fi\/etusivu\/news\/no-mitas-nyt-sit\/#primaryimage","url":"https:\/\/www.tuky.fi\/wp-content\/uploads\/2024\/04\/Anton_Martti_CV-1-1024x1024.jpg","contentUrl":"https:\/\/www.tuky.fi\/wp-content\/uploads\/2024\/04\/Anton_Martti_CV-1-1024x1024.jpg"},{"@type":"BreadcrumbList","@id":"https:\/\/www.tuky.fi\/etusivu\/news\/no-mitas-nyt-sit\/#breadcrumb","itemListElement":[{"@type":"ListItem","position":1,"name":"Etusivu","item":"https:\/\/www.tuky.fi\/etusivu\/"},{"@type":"ListItem","position":2,"name":"No mit\u00e4s nyt sit?"}]},{"@type":"WebSite","@id":"https:\/\/www.tuky.fi\/etusivu\/#website","url":"https:\/\/www.tuky.fi\/etusivu\/","name":"Turun KY","description":"TuKY","publisher":{"@id":"https:\/\/www.tuky.fi\/etusivu\/#organization"},"alternateName":"TuKY","potentialAction":[{"@type":"SearchAction","target":{"@type":"EntryPoint","urlTemplate":"https:\/\/www.tuky.fi\/etusivu\/?s={search_term_string}"},"query-input":{"@type":"PropertyValueSpecification","valueRequired":true,"valueName":"search_term_string"}}],"inLanguage":"fi"},{"@type":"Organization","@id":"https:\/\/www.tuky.fi\/etusivu\/#organization","name":"Turun KY","alternateName":"TuKY","url":"https:\/\/www.tuky.fi\/etusivu\/","logo":{"@type":"ImageObject","inLanguage":"fi","@id":"https:\/\/www.tuky.fi\/etusivu\/#\/schema\/logo\/image\/","url":"https:\/\/www.tuky.fi\/wp-content\/uploads\/2024\/09\/TuKY-logo-kulta-1.png","contentUrl":"https:\/\/www.tuky.fi\/wp-content\/uploads\/2024\/09\/TuKY-logo-kulta-1.png","width":1080,"height":1080,"caption":"Turun KY"},"image":{"@id":"https:\/\/www.tuky.fi\/etusivu\/#\/schema\/logo\/image\/"},"sameAs":["https:\/\/instagram.com\/turunky","https:\/\/linkedin.com\/turunky"]},{"@type":"Person","@id":"https:\/\/www.tuky.fi\/etusivu\/#\/schema\/person\/3be6d98d6792157b46f32757bc9712ce","name":"Hallituksen varapuheenjohtaja","image":{"@type":"ImageObject","inLanguage":"fi","@id":"https:\/\/secure.gravatar.com\/avatar\/498c43e46c608fbabac5e893f3405adf1d9d4423a5135f21b1a9ade7f0580409?s=96&d=mm&r=g","url":"https:\/\/secure.gravatar.com\/avatar\/498c43e46c608fbabac5e893f3405adf1d9d4423a5135f21b1a9ade7f0580409?s=96&d=mm&r=g","contentUrl":"https:\/\/secure.gravatar.com\/avatar\/498c43e46c608fbabac5e893f3405adf1d9d4423a5135f21b1a9ade7f0580409?s=96&d=mm&r=g","caption":"Hallituksen varapuheenjohtaja"},"url":"https:\/\/www.tuky.fi\/etusivu\/author\/ky-hallitus-vpj\/"}]}},"lang":"fi","translations":{"fi":46279},"pll_sync_post":[],"_links":{"self":[{"href":"https:\/\/www.tuky.fi\/etusivu\/wp-json\/wp\/v2\/posts\/46279","targetHints":{"allow":["GET"]}}],"collection":[{"href":"https:\/\/www.tuky.fi\/etusivu\/wp-json\/wp\/v2\/posts"}],"about":[{"href":"https:\/\/www.tuky.fi\/etusivu\/wp-json\/wp\/v2\/types\/post"}],"author":[{"embeddable":true,"href":"https:\/\/www.tuky.fi\/etusivu\/wp-json\/wp\/v2\/users\/19"}],"replies":[{"embeddable":true,"href":"https:\/\/www.tuky.fi\/etusivu\/wp-json\/wp\/v2\/comments?post=46279"}],"version-history":[{"count":0,"href":"https:\/\/www.tuky.fi\/etusivu\/wp-json\/wp\/v2\/posts\/46279\/revisions"}],"wp:attachment":[{"href":"https:\/\/www.tuky.fi\/etusivu\/wp-json\/wp\/v2\/media?parent=46279"}],"wp:term":[{"taxonomy":"category","embeddable":true,"href":"https:\/\/www.tuky.fi\/etusivu\/wp-json\/wp\/v2\/categories?post=46279"},{"taxonomy":"post_tag","embeddable":true,"href":"https:\/\/www.tuky.fi\/etusivu\/wp-json\/wp\/v2\/tags?post=46279"}],"curies":[{"name":"wp","href":"https:\/\/api.w.org\/{rel}","templated":true}]}}