{"id":44865,"date":"2023-11-12T20:44:27","date_gmt":"2023-11-12T17:44:27","guid":{"rendered":"https:\/\/www.tuky.fi\/etusivu\/?p=44865"},"modified":"2023-11-13T10:55:33","modified_gmt":"2023-11-13T07:55:33","slug":"taas-yks-tuky-tarina","status":"publish","type":"post","link":"https:\/\/www.tuky.fi\/etusivu\/news\/taas-yks-tuky-tarina\/","title":{"rendered":"Taas yks TuKY-tarina"},"content":{"rendered":"\n<p>T\u00e4m\u00e4n vuoden HalVat on nyt polkaistu k\u00e4yntiin ja tuntuu, ett\u00e4 aihe her\u00e4tt\u00e4\u00e4 joka vuosi erilaisia mielipiteit\u00e4, tunteita ja jodel-ketjuja. Osa opiskelijoista ei koe aihetta ollenkaan omakseen ja koko h\u00f6ss\u00f6tys tuntuu typer\u00e4lt\u00e4. Toiset taas kokevat suuriakin tunteita liittyen aiheeseen. Ymm\u00e4rr\u00e4n molemmat puolet hyvin, mutta itselleni aihe muutama vuosi sitten piti sis\u00e4ll\u00e4\u00e4n j\u00e4nnityst\u00e4, stressi\u00e4 ja kaikkea silt\u00e4 v\u00e4lilt\u00e4. Syyskokous, jota seurasin hyvinkin l\u00e4helt\u00e4 t\u00e4n\u00e4 vuonna, sai minut palaamaan n\u00e4ihin aikoihin. Ilo hakijoiden onnistumisista ja valituksi tulemisesta oli suuri, mutta mieleen j\u00e4iv\u00e4t erityisesti my\u00f6s ne, ketk\u00e4 eiv\u00e4t t\u00e4ll\u00e4 kertaa tulleet valituksi. Ajoittain tuntui ristiriitaiselta juosta onnittelemaan valittua, kun toinen hakija k\u00e4vi mieless\u00e4\u00e4n aivan erilaisia tunteita. Kaikki hakijat ovat paikkansa ansainneet, mutta erityisen hienon suorituksen tekiv\u00e4t my\u00f6s ne, ketk\u00e4 uskalsivat heit\u00e4 haastaa.<\/p>\n\n\n\n<p>Kun itse aloitin pupuna, muutenkin menev\u00e4n\u00e4 tyyppin\u00e4 tiesin heti, ett\u00e4 haluan jaostoon ja mukaan TuKYn toimintaan. Olin valinnut hakea Ulkkikseen. Ulkkiksen HalVassa en onnistunut kovin hyvin, eiv\u00e4tk\u00e4 jaoston ovet silloin minulle auenneetkaan. Pettymys tuntui yll\u00e4tt\u00e4v\u00e4n suurelta, vaikka tiesinkin, ettei kyse ole sen suuremmasta kuin yhdistystoiminnasta, josta en tuolloin tiennyt juuri mit\u00e4\u00e4n. Voinkin samaistua hyvin niihin pupuihin, jotka eiv\u00e4t t\u00e4ll\u00e4 viikolla tulleet valituksia haluamaansa pestiin. Ulkkiksen HalVan j\u00e4lkeen halusin viel\u00e4 yritt\u00e4\u00e4 ja l\u00f6ysin itseni NESUn HalVasta. Onnistuin paremmin ja tulinkin valituksi vuoden 22 sitsivastaavaksi. En t\u00e4ll\u00f6in osannut kuvitellakaan, millaiseksi opiskeluaikani tuon illan my\u00f6t\u00e4 muuttuisikaan. NESU tarjosi minulle uuden yst\u00e4v\u00e4porukan sek\u00e4 lukuisia kokemuksia ja oppeja. Yht\u00e4kki\u00e4 olinkin siin\u00e4 pisteess\u00e4, ett\u00e4 minulle valittiin omaa jaostoa puheenjohdettavaksi. Puheenjohtajan pestiss\u00e4 oli paljon opeteltavaa, sill\u00e4 rooli tuntui aluksi hieman vieraalta. Yll\u00e4tyin itsekin siit\u00e4, kuinka paljon olin valmis toimintaan itsest\u00e4ni antamaan. N\u00e4in hallitusvuoden loppupuolella voin sanoa, ett\u00e4 p\u00e4\u00e4t\u00f6s oli t\u00e4ysin oikea. Olen saanut kokea toisen upean vuoden jaoston kanssa ja t\u00e4m\u00e4n lis\u00e4ksi sain my\u00f6s itselleni korvaamattoman porukan koko TuKYn p\u00f6yt\u00e4kunnasta. &lt;3&nbsp;<\/p>\n\n\n\n<p>Vaikka kyse ei olekaan kovin suurista pettymyksist\u00e4 tai p\u00e4\u00e4t\u00f6ksist\u00e4, voi j\u00e4rjest\u00f6toiminta muovautua monilla hyvin isoksikin osaksi opiskeluaikaa, eik\u00e4 ole ollenkaan typer\u00e4\u00e4 kokea kaikenlaisia tunteita siihen liittyen. T\u00e4ll\u00e4 TuKY jauhamisella haluaisinkin kannustaa viime viikolla rejectin saaneita sek\u00e4 my\u00f6s muita viel\u00e4 hakemaan uusiin pesteihin, jaostoihin, toimijaryhmiin tai ihan mihin vaan, mik\u00e4 v\u00e4h\u00e4nk\u00e4\u00e4n TuKYn toiminnassa voisi kiinnostaa. Vaikka et p\u00e4\u00e4sisi ykk\u00f6svalintaasi, voin kokemuksesta kertoa, ett\u00e4 on se toinenkin vaihtoehto ihan ok \ud83d\ude09\u00a0<\/p>\n\n\n\n<p>Totta kai k\u00e4yt\u00e4n my\u00f6s loistavasti ajoitetun blogivuoroni mainitsemalla t\u00e4m\u00e4n p\u00e4iv\u00e4isest\u00e4 NESU-TuKYn hallituksen vaihdosta, toivottavasti n\u00e4h\u00e4\u00e4n siell\u00e4! &lt;3&nbsp;<\/p>\n\n\n\n<p>Terkuin,<\/p>\n\n\n\n<figure class=\"wp-block-image size-full is-resized\"><img loading=\"lazy\" decoding=\"async\" width=\"600\" height=\"600\" src=\"http:\/\/www.tuky.fi\/wp-content\/uploads\/2023\/01\/Matilda.jpg\" alt=\"\" class=\"wp-image-43204\" style=\"width:230px;height:auto\" srcset=\"http:\/\/www.tuky.fi\/wp-content\/uploads\/2023\/01\/Matilda.jpg 600w, http:\/\/www.tuky.fi\/wp-content\/uploads\/2023\/01\/Matilda-480x480.jpg 480w\" sizes=\"(min-width: 0px) and (max-width: 480px) 480px, (min-width: 481px) 600px, 100vw\" \/><\/figure>\n\n\n\n<p>Matilda Mankonen<br><em>NESU-vastaava<\/em><\/p>\n","protected":false},"excerpt":{"rendered":"<p>T\u00e4m\u00e4n vuoden HalVat on nyt polkaistu k\u00e4yntiin ja tuntuu, ett\u00e4 aihe her\u00e4tt\u00e4\u00e4 joka vuosi erilaisia mielipiteit\u00e4, tunteita ja jodel-ketjuja. Osa opiskelijoista ei koe aihetta ollenkaan omakseen ja koko h\u00f6ss\u00f6tys tuntuu [&hellip;]<\/p>\n","protected":false},"author":1,"featured_media":0,"comment_status":"open","ping_status":"open","sticky":false,"template":"","format":"standard","meta":{"_et_pb_use_builder":"off","_et_pb_old_content":"","_et_gb_content_width":"","footnotes":""},"categories":[4,6],"tags":[],"class_list":["post-44865","post","type-post","status-publish","format-standard","hentry","category-news","category-tukyblogi"],"yoast_head":"<!-- This site is optimized with the Yoast SEO plugin v27.2 - https:\/\/yoast.com\/product\/yoast-seo-wordpress\/ -->\n<title>Taas yks TuKY-tarina - Turun KY<\/title>\n<meta name=\"robots\" content=\"index, follow, max-snippet:-1, max-image-preview:large, max-video-preview:-1\" \/>\n<link rel=\"canonical\" href=\"https:\/\/www.tuky.fi\/etusivu\/news\/taas-yks-tuky-tarina\/\" \/>\n<meta property=\"og:locale\" content=\"fi_FI\" \/>\n<meta property=\"og:type\" content=\"article\" \/>\n<meta property=\"og:title\" content=\"Taas yks TuKY-tarina - Turun KY\" \/>\n<meta property=\"og:description\" content=\"T\u00e4m\u00e4n vuoden HalVat on nyt polkaistu k\u00e4yntiin ja tuntuu, ett\u00e4 aihe her\u00e4tt\u00e4\u00e4 joka vuosi erilaisia mielipiteit\u00e4, tunteita ja jodel-ketjuja. Osa opiskelijoista ei koe aihetta ollenkaan omakseen ja koko h\u00f6ss\u00f6tys tuntuu [&hellip;]\" \/>\n<meta property=\"og:url\" content=\"https:\/\/www.tuky.fi\/etusivu\/news\/taas-yks-tuky-tarina\/\" \/>\n<meta property=\"og:site_name\" content=\"Turun KY\" \/>\n<meta property=\"article:published_time\" content=\"2023-11-12T17:44:27+00:00\" \/>\n<meta property=\"article:modified_time\" content=\"2023-11-13T07:55:33+00:00\" \/>\n<meta property=\"og:image\" content=\"http:\/\/www.tuky.fi\/wp-content\/uploads\/2023\/01\/Matilda.jpg\" \/>\n<meta name=\"author\" content=\"admin\" \/>\n<meta name=\"twitter:card\" content=\"summary_large_image\" \/>\n<meta name=\"twitter:label1\" content=\"Kirjoittanut\" \/>\n\t<meta name=\"twitter:data1\" content=\"admin\" \/>\n\t<meta name=\"twitter:label2\" content=\"Arvioitu lukuaika\" \/>\n\t<meta name=\"twitter:data2\" content=\"2 minuuttia\" \/>\n<script type=\"application\/ld+json\" class=\"yoast-schema-graph\">{\"@context\":\"https:\/\/schema.org\",\"@graph\":[{\"@type\":\"Article\",\"@id\":\"https:\/\/www.tuky.fi\/etusivu\/news\/taas-yks-tuky-tarina\/#article\",\"isPartOf\":{\"@id\":\"https:\/\/www.tuky.fi\/etusivu\/news\/taas-yks-tuky-tarina\/\"},\"author\":{\"name\":\"admin\",\"@id\":\"https:\/\/www.tuky.fi\/etusivu\/#\/schema\/person\/479eb0d4ef732e133e3a76f9b7659a39\"},\"headline\":\"Taas yks TuKY-tarina\",\"datePublished\":\"2023-11-12T17:44:27+00:00\",\"dateModified\":\"2023-11-13T07:55:33+00:00\",\"mainEntityOfPage\":{\"@id\":\"https:\/\/www.tuky.fi\/etusivu\/news\/taas-yks-tuky-tarina\/\"},\"wordCount\":448,\"commentCount\":0,\"publisher\":{\"@id\":\"https:\/\/www.tuky.fi\/etusivu\/#organization\"},\"image\":{\"@id\":\"https:\/\/www.tuky.fi\/etusivu\/news\/taas-yks-tuky-tarina\/#primaryimage\"},\"thumbnailUrl\":\"http:\/\/www.tuky.fi\/wp-content\/uploads\/2023\/01\/Matilda.jpg\",\"articleSection\":[\"news\",\"TuKY-blogi\"],\"inLanguage\":\"fi\",\"potentialAction\":[{\"@type\":\"CommentAction\",\"name\":\"Comment\",\"target\":[\"https:\/\/www.tuky.fi\/etusivu\/news\/taas-yks-tuky-tarina\/#respond\"]}]},{\"@type\":\"WebPage\",\"@id\":\"https:\/\/www.tuky.fi\/etusivu\/news\/taas-yks-tuky-tarina\/\",\"url\":\"https:\/\/www.tuky.fi\/etusivu\/news\/taas-yks-tuky-tarina\/\",\"name\":\"Taas yks TuKY-tarina - Turun KY\",\"isPartOf\":{\"@id\":\"https:\/\/www.tuky.fi\/etusivu\/#website\"},\"primaryImageOfPage\":{\"@id\":\"https:\/\/www.tuky.fi\/etusivu\/news\/taas-yks-tuky-tarina\/#primaryimage\"},\"image\":{\"@id\":\"https:\/\/www.tuky.fi\/etusivu\/news\/taas-yks-tuky-tarina\/#primaryimage\"},\"thumbnailUrl\":\"http:\/\/www.tuky.fi\/wp-content\/uploads\/2023\/01\/Matilda.jpg\",\"datePublished\":\"2023-11-12T17:44:27+00:00\",\"dateModified\":\"2023-11-13T07:55:33+00:00\",\"breadcrumb\":{\"@id\":\"https:\/\/www.tuky.fi\/etusivu\/news\/taas-yks-tuky-tarina\/#breadcrumb\"},\"inLanguage\":\"fi\",\"potentialAction\":[{\"@type\":\"ReadAction\",\"target\":[\"https:\/\/www.tuky.fi\/etusivu\/news\/taas-yks-tuky-tarina\/\"]}]},{\"@type\":\"ImageObject\",\"inLanguage\":\"fi\",\"@id\":\"https:\/\/www.tuky.fi\/etusivu\/news\/taas-yks-tuky-tarina\/#primaryimage\",\"url\":\"http:\/\/www.tuky.fi\/wp-content\/uploads\/2023\/01\/Matilda.jpg\",\"contentUrl\":\"http:\/\/www.tuky.fi\/wp-content\/uploads\/2023\/01\/Matilda.jpg\"},{\"@type\":\"BreadcrumbList\",\"@id\":\"https:\/\/www.tuky.fi\/etusivu\/news\/taas-yks-tuky-tarina\/#breadcrumb\",\"itemListElement\":[{\"@type\":\"ListItem\",\"position\":1,\"name\":\"Etusivu\",\"item\":\"https:\/\/www.tuky.fi\/etusivu\/\"},{\"@type\":\"ListItem\",\"position\":2,\"name\":\"Taas yks TuKY-tarina\"}]},{\"@type\":\"WebSite\",\"@id\":\"https:\/\/www.tuky.fi\/etusivu\/#website\",\"url\":\"https:\/\/www.tuky.fi\/etusivu\/\",\"name\":\"Turun KY\",\"description\":\"TuKY\",\"publisher\":{\"@id\":\"https:\/\/www.tuky.fi\/etusivu\/#organization\"},\"alternateName\":\"TuKY\",\"potentialAction\":[{\"@type\":\"SearchAction\",\"target\":{\"@type\":\"EntryPoint\",\"urlTemplate\":\"https:\/\/www.tuky.fi\/etusivu\/?s={search_term_string}\"},\"query-input\":{\"@type\":\"PropertyValueSpecification\",\"valueRequired\":true,\"valueName\":\"search_term_string\"}}],\"inLanguage\":\"fi\"},{\"@type\":\"Organization\",\"@id\":\"https:\/\/www.tuky.fi\/etusivu\/#organization\",\"name\":\"Turun KY\",\"alternateName\":\"TuKY\",\"url\":\"https:\/\/www.tuky.fi\/etusivu\/\",\"logo\":{\"@type\":\"ImageObject\",\"inLanguage\":\"fi\",\"@id\":\"https:\/\/www.tuky.fi\/etusivu\/#\/schema\/logo\/image\/\",\"url\":\"https:\/\/www.tuky.fi\/wp-content\/uploads\/2024\/09\/TuKY-logo-kulta-1.png\",\"contentUrl\":\"https:\/\/www.tuky.fi\/wp-content\/uploads\/2024\/09\/TuKY-logo-kulta-1.png\",\"width\":1080,\"height\":1080,\"caption\":\"Turun KY\"},\"image\":{\"@id\":\"https:\/\/www.tuky.fi\/etusivu\/#\/schema\/logo\/image\/\"},\"sameAs\":[\"https:\/\/instagram.com\/turunky\",\"https:\/\/linkedin.com\/turunky\"]},{\"@type\":\"Person\",\"@id\":\"https:\/\/www.tuky.fi\/etusivu\/#\/schema\/person\/479eb0d4ef732e133e3a76f9b7659a39\",\"name\":\"admin\",\"image\":{\"@type\":\"ImageObject\",\"inLanguage\":\"fi\",\"@id\":\"https:\/\/secure.gravatar.com\/avatar\/afbe741656101229147e16716fbedbcade65018caf8c467f89b9abae7aaffeea?s=96&d=mm&r=g\",\"url\":\"https:\/\/secure.gravatar.com\/avatar\/afbe741656101229147e16716fbedbcade65018caf8c467f89b9abae7aaffeea?s=96&d=mm&r=g\",\"contentUrl\":\"https:\/\/secure.gravatar.com\/avatar\/afbe741656101229147e16716fbedbcade65018caf8c467f89b9abae7aaffeea?s=96&d=mm&r=g\",\"caption\":\"admin\"},\"url\":\"https:\/\/www.tuky.fi\/etusivu\/author\/admin\/\"}]}<\/script>\n<!-- \/ Yoast SEO plugin. -->","yoast_head_json":{"title":"Taas yks TuKY-tarina - Turun KY","robots":{"index":"index","follow":"follow","max-snippet":"max-snippet:-1","max-image-preview":"max-image-preview:large","max-video-preview":"max-video-preview:-1"},"canonical":"https:\/\/www.tuky.fi\/etusivu\/news\/taas-yks-tuky-tarina\/","og_locale":"fi_FI","og_type":"article","og_title":"Taas yks TuKY-tarina - Turun KY","og_description":"T\u00e4m\u00e4n vuoden HalVat on nyt polkaistu k\u00e4yntiin ja tuntuu, ett\u00e4 aihe her\u00e4tt\u00e4\u00e4 joka vuosi erilaisia mielipiteit\u00e4, tunteita ja jodel-ketjuja. Osa opiskelijoista ei koe aihetta ollenkaan omakseen ja koko h\u00f6ss\u00f6tys tuntuu [&hellip;]","og_url":"https:\/\/www.tuky.fi\/etusivu\/news\/taas-yks-tuky-tarina\/","og_site_name":"Turun KY","article_published_time":"2023-11-12T17:44:27+00:00","article_modified_time":"2023-11-13T07:55:33+00:00","og_image":[{"url":"http:\/\/www.tuky.fi\/wp-content\/uploads\/2023\/01\/Matilda.jpg","type":"","width":"","height":""}],"author":"admin","twitter_card":"summary_large_image","twitter_misc":{"Kirjoittanut":"admin","Arvioitu lukuaika":"2 minuuttia"},"schema":{"@context":"https:\/\/schema.org","@graph":[{"@type":"Article","@id":"https:\/\/www.tuky.fi\/etusivu\/news\/taas-yks-tuky-tarina\/#article","isPartOf":{"@id":"https:\/\/www.tuky.fi\/etusivu\/news\/taas-yks-tuky-tarina\/"},"author":{"name":"admin","@id":"https:\/\/www.tuky.fi\/etusivu\/#\/schema\/person\/479eb0d4ef732e133e3a76f9b7659a39"},"headline":"Taas yks TuKY-tarina","datePublished":"2023-11-12T17:44:27+00:00","dateModified":"2023-11-13T07:55:33+00:00","mainEntityOfPage":{"@id":"https:\/\/www.tuky.fi\/etusivu\/news\/taas-yks-tuky-tarina\/"},"wordCount":448,"commentCount":0,"publisher":{"@id":"https:\/\/www.tuky.fi\/etusivu\/#organization"},"image":{"@id":"https:\/\/www.tuky.fi\/etusivu\/news\/taas-yks-tuky-tarina\/#primaryimage"},"thumbnailUrl":"http:\/\/www.tuky.fi\/wp-content\/uploads\/2023\/01\/Matilda.jpg","articleSection":["news","TuKY-blogi"],"inLanguage":"fi","potentialAction":[{"@type":"CommentAction","name":"Comment","target":["https:\/\/www.tuky.fi\/etusivu\/news\/taas-yks-tuky-tarina\/#respond"]}]},{"@type":"WebPage","@id":"https:\/\/www.tuky.fi\/etusivu\/news\/taas-yks-tuky-tarina\/","url":"https:\/\/www.tuky.fi\/etusivu\/news\/taas-yks-tuky-tarina\/","name":"Taas yks TuKY-tarina - Turun KY","isPartOf":{"@id":"https:\/\/www.tuky.fi\/etusivu\/#website"},"primaryImageOfPage":{"@id":"https:\/\/www.tuky.fi\/etusivu\/news\/taas-yks-tuky-tarina\/#primaryimage"},"image":{"@id":"https:\/\/www.tuky.fi\/etusivu\/news\/taas-yks-tuky-tarina\/#primaryimage"},"thumbnailUrl":"http:\/\/www.tuky.fi\/wp-content\/uploads\/2023\/01\/Matilda.jpg","datePublished":"2023-11-12T17:44:27+00:00","dateModified":"2023-11-13T07:55:33+00:00","breadcrumb":{"@id":"https:\/\/www.tuky.fi\/etusivu\/news\/taas-yks-tuky-tarina\/#breadcrumb"},"inLanguage":"fi","potentialAction":[{"@type":"ReadAction","target":["https:\/\/www.tuky.fi\/etusivu\/news\/taas-yks-tuky-tarina\/"]}]},{"@type":"ImageObject","inLanguage":"fi","@id":"https:\/\/www.tuky.fi\/etusivu\/news\/taas-yks-tuky-tarina\/#primaryimage","url":"http:\/\/www.tuky.fi\/wp-content\/uploads\/2023\/01\/Matilda.jpg","contentUrl":"http:\/\/www.tuky.fi\/wp-content\/uploads\/2023\/01\/Matilda.jpg"},{"@type":"BreadcrumbList","@id":"https:\/\/www.tuky.fi\/etusivu\/news\/taas-yks-tuky-tarina\/#breadcrumb","itemListElement":[{"@type":"ListItem","position":1,"name":"Etusivu","item":"https:\/\/www.tuky.fi\/etusivu\/"},{"@type":"ListItem","position":2,"name":"Taas yks TuKY-tarina"}]},{"@type":"WebSite","@id":"https:\/\/www.tuky.fi\/etusivu\/#website","url":"https:\/\/www.tuky.fi\/etusivu\/","name":"Turun KY","description":"TuKY","publisher":{"@id":"https:\/\/www.tuky.fi\/etusivu\/#organization"},"alternateName":"TuKY","potentialAction":[{"@type":"SearchAction","target":{"@type":"EntryPoint","urlTemplate":"https:\/\/www.tuky.fi\/etusivu\/?s={search_term_string}"},"query-input":{"@type":"PropertyValueSpecification","valueRequired":true,"valueName":"search_term_string"}}],"inLanguage":"fi"},{"@type":"Organization","@id":"https:\/\/www.tuky.fi\/etusivu\/#organization","name":"Turun KY","alternateName":"TuKY","url":"https:\/\/www.tuky.fi\/etusivu\/","logo":{"@type":"ImageObject","inLanguage":"fi","@id":"https:\/\/www.tuky.fi\/etusivu\/#\/schema\/logo\/image\/","url":"https:\/\/www.tuky.fi\/wp-content\/uploads\/2024\/09\/TuKY-logo-kulta-1.png","contentUrl":"https:\/\/www.tuky.fi\/wp-content\/uploads\/2024\/09\/TuKY-logo-kulta-1.png","width":1080,"height":1080,"caption":"Turun KY"},"image":{"@id":"https:\/\/www.tuky.fi\/etusivu\/#\/schema\/logo\/image\/"},"sameAs":["https:\/\/instagram.com\/turunky","https:\/\/linkedin.com\/turunky"]},{"@type":"Person","@id":"https:\/\/www.tuky.fi\/etusivu\/#\/schema\/person\/479eb0d4ef732e133e3a76f9b7659a39","name":"admin","image":{"@type":"ImageObject","inLanguage":"fi","@id":"https:\/\/secure.gravatar.com\/avatar\/afbe741656101229147e16716fbedbcade65018caf8c467f89b9abae7aaffeea?s=96&d=mm&r=g","url":"https:\/\/secure.gravatar.com\/avatar\/afbe741656101229147e16716fbedbcade65018caf8c467f89b9abae7aaffeea?s=96&d=mm&r=g","contentUrl":"https:\/\/secure.gravatar.com\/avatar\/afbe741656101229147e16716fbedbcade65018caf8c467f89b9abae7aaffeea?s=96&d=mm&r=g","caption":"admin"},"url":"https:\/\/www.tuky.fi\/etusivu\/author\/admin\/"}]}},"lang":"fi","translations":{"fi":44865},"pll_sync_post":[],"_links":{"self":[{"href":"https:\/\/www.tuky.fi\/etusivu\/wp-json\/wp\/v2\/posts\/44865","targetHints":{"allow":["GET"]}}],"collection":[{"href":"https:\/\/www.tuky.fi\/etusivu\/wp-json\/wp\/v2\/posts"}],"about":[{"href":"https:\/\/www.tuky.fi\/etusivu\/wp-json\/wp\/v2\/types\/post"}],"author":[{"embeddable":true,"href":"https:\/\/www.tuky.fi\/etusivu\/wp-json\/wp\/v2\/users\/1"}],"replies":[{"embeddable":true,"href":"https:\/\/www.tuky.fi\/etusivu\/wp-json\/wp\/v2\/comments?post=44865"}],"version-history":[{"count":0,"href":"https:\/\/www.tuky.fi\/etusivu\/wp-json\/wp\/v2\/posts\/44865\/revisions"}],"wp:attachment":[{"href":"https:\/\/www.tuky.fi\/etusivu\/wp-json\/wp\/v2\/media?parent=44865"}],"wp:term":[{"taxonomy":"category","embeddable":true,"href":"https:\/\/www.tuky.fi\/etusivu\/wp-json\/wp\/v2\/categories?post=44865"},{"taxonomy":"post_tag","embeddable":true,"href":"https:\/\/www.tuky.fi\/etusivu\/wp-json\/wp\/v2\/tags?post=44865"}],"curies":[{"name":"wp","href":"https:\/\/api.w.org\/{rel}","templated":true}]}}