{"id":43334,"date":"2023-01-22T22:29:21","date_gmt":"2023-01-22T19:29:21","guid":{"rendered":"https:\/\/www.tuky.fi\/etusivu\/?p=43334"},"modified":"2023-01-22T22:29:22","modified_gmt":"2023-01-22T19:29:22","slug":"haku-tutortiimiin-on-auki","status":"publish","type":"post","link":"https:\/\/www.tuky.fi\/etusivu\/news\/haku-tutortiimiin-on-auki\/","title":{"rendered":"Haku tutortiimiin on auki!"},"content":{"rendered":"\n<p>Onko tutorointi j\u00e4\u00e4nyt mieleesi unohtumattomana kokemuksena? Koetko palavaa halua kehitt\u00e4\u00e4 Turun KY:n tutorointia yh\u00e4 eteenp\u00e4in? Haluaisitko kenties mahdollisuuden kokea legendaarisen pupusyksyn viel\u00e4 kerran uudelleen? Jos vastasit kyll\u00e4, t\u00e4ss\u00e4 on sinulle loistava mahdollisuus \u2013 haku tutortiimiin on nyt auki!<\/p>\n\n\n\n<p>Tutortiimi on Turun KY:n uusi asiantuntijaelin, jonka teht\u00e4v\u00e4n\u00e4 on toimia sosiaalipoliittisen vastaavan (sopo) ja kansainv\u00e4listen asioiden vastaavan (kv-vastaava) tukena tutoroinnin j\u00e4rjest\u00e4misess\u00e4. Tutortiimin kautta saat mahdollisuuden n\u00e4hd\u00e4 tutoroinnin uudesta n\u00e4k\u00f6kulmasta, sill\u00e4 p\u00e4\u00e4set vaikuttamaan esimerkiksi koulutusten sis\u00e4lt\u00f6\u00f6n ja tapahtumatarjontaan. Tutortiimin kautta saat kokemusta tiimien ja tapahtumien organisoimisesta, tapahtumakonseptien kehitt\u00e4misest\u00e4 ja ideoinnista sek\u00e4 vastuuroolissa toimimisesta.Tutortiimil\u00e4iset p\u00e4\u00e4sev\u00e4t osallistumaan orientaatioviikon iltatapahtumiin sek\u00e4 Pupujaisiin ja tapahtumien jatkoille.<\/p>\n\n\n\n<p>Haussa edellytet\u00e4\u00e4n:<\/p>\n\n\n\n<ul class=\"wp-block-list\">\n<li>Toiminut KTK- tai KTM-tutorina<\/li>\n<\/ul>\n\n\n\n<p>Haussa eduksi katsotaan:<\/p>\n\n\n\n<ul class=\"wp-block-list\">\n<li>N\u00e4kemys tutoroinnin kehitt\u00e4misest\u00e4<\/li>\n\n\n\n<li>Kokemus laajojen kokonaisuuksien organisoimisesta<\/li>\n\n\n\n<li>Sitoutuminen toimintaan<\/li>\n<\/ul>\n\n\n\n<p><strong>Tutortiimiin haetaan seuraavia henkil\u00f6it\u00e4:<\/strong><\/p>\n\n\n\n<p><strong>Koulutusvastaava (1)<\/strong><\/p>\n\n\n\n<p>Koulutusvastaava on yhdess\u00e4 sopon kanssa vastuussa tutorkoulutusten j\u00e4rjest\u00e4misest\u00e4. TuKYn tutorkoulutuksiin kuuluu kev\u00e4\u00e4ll\u00e4 j\u00e4rjestett\u00e4v\u00e4 koulutus sek\u00e4 tutorm\u00f6ks\u00e4 elokuun alussa. Koulutusvastaavan pestiin kuuluu koulutusten juoksevien asioiden hoitaminen, kuten tilojen varaaminen, ilmoittautumisten ker\u00e4\u00e4minen, ruokien suunnittelu ynn\u00e4 muut. Koulutusvastaavalle kuuluu my\u00f6s tutoreiden palkitsemisen suunnittelu esimerkiksi perinteisten tutorsitsien j\u00e4rjest\u00e4misen muodossa.<\/p>\n\n\n\n<p><strong>Tapahtumavastaava (1)<\/strong><\/p>\n\n\n\n<p>Tapahtumavastaava avustaa sopoa ja tutoreista koostettavia vastuutiimej\u00e4 orientaatioviikon tapahtumien ja Pupujaisten j\u00e4rjest\u00e4misess\u00e4. Tapahtumavastaavan pestiin kuuluu esimerkiksi vastuutiimien valinta, tarvittavien perehdytysten j\u00e4rjest\u00e4minen sopon ja kv-vastaavan kanssa sek\u00e4 vastuutiimien yhteyshenkil\u00f6n\u00e4 toimiminen. Tapahtumavastaavana p\u00e4\u00e4set yhdess\u00e4 vastuutiimien kanssa ideoimaan tapahtumia ja kehitt\u00e4m\u00e4\u00e4n niit\u00e4.Molemmat tiimiin valittavat henkil\u00f6t p\u00e4\u00e4sev\u00e4t my\u00f6s omien kiinnostuksen kohteidensa puitteissa tekem\u00e4\u00e4n mahdollisesti muitakin teht\u00e4vi\u00e4 tutorointiin liittyen.<\/p>\n\n\n\n<p><strong>Tutortiimiin hakevien on hyv\u00e4 varata kalentereistaan seuraavat p\u00e4iv\u00e4t:<\/strong><\/p>\n\n\n\n<p>12.4. TuKYn kev\u00e4\u00e4n tutorkoulutus<\/p>\n\n\n\n<p>5.8. Tutorm\u00f6ks\u00e4<\/p>\n\n\n\n<p>21.-24.8. Orientaatioviikko<\/p>\n\n\n\n<p>7.9. Pupujaiset<\/p>\n\n\n\n<p>Tutortiimiin valitut sitoutuvat toimimaan teht\u00e4v\u00e4ss\u00e4 lokakuun loppuun asti.<\/p>\n\n\n\n<p>Teht\u00e4v\u00e4\u00e4n voi hakea yksin tai pareittain. Parina hakevat arvioidaan yhdess\u00e4. Vapaamuotoiset hakemukset on toimitettava\u00a0<strong>tiistaihin 31.1.2023 klo 23.59<\/strong>\u00a0menness\u00e4 sosiaalipoliittiselle vastaavalle osoitteeseen sopo@tuky.fi. Kerrothan hakemuksessasi, kumpaan pestiin haet ensisijaisesti vai oletko mahdollisesti kiinnostunut molemmista pesteist\u00e4. Valinnat tehd\u00e4\u00e4n hakemusten ja mahdollisten haastatteluiden perusteella. Tarvittaessa haastattelut pidet\u00e4\u00e4n viikolla 5 tai 6.<\/p>\n\n\n\n<p>Onnea hakuun!<\/p>\n\n\n\n<p>Terveisin,<\/p>\n\n\n\n<p>Sosiaalipoliittinen vastaava<\/p>\n\n\n\n<p>Oona Korpijaakko<\/p>\n\n\n\n<p><\/p>\n","protected":false},"excerpt":{"rendered":"<p>Onko tutorointi j\u00e4\u00e4nyt mieleesi unohtumattomana kokemuksena? Koetko palavaa halua kehitt\u00e4\u00e4 Turun KY:n tutorointia yh\u00e4 eteenp\u00e4in? Haluaisitko kenties mahdollisuuden kokea legendaarisen pupusyksyn viel\u00e4 kerran uudelleen? Jos vastasit kyll\u00e4, t\u00e4ss\u00e4 on sinulle [&hellip;]<\/p>\n","protected":false},"author":7,"featured_media":0,"comment_status":"open","ping_status":"open","sticky":false,"template":"","format":"standard","meta":{"_et_pb_use_builder":"off","_et_pb_old_content":"","_et_gb_content_width":"","footnotes":""},"categories":[4],"tags":[],"class_list":["post-43334","post","type-post","status-publish","format-standard","hentry","category-news"],"yoast_head":"<!-- This site is optimized with the Yoast SEO plugin v27.2 - https:\/\/yoast.com\/product\/yoast-seo-wordpress\/ -->\n<title>Haku tutortiimiin on auki! - Turun KY<\/title>\n<meta name=\"robots\" content=\"index, follow, max-snippet:-1, max-image-preview:large, max-video-preview:-1\" \/>\n<link rel=\"canonical\" href=\"https:\/\/www.tuky.fi\/etusivu\/news\/haku-tutortiimiin-on-auki\/\" \/>\n<meta property=\"og:locale\" content=\"fi_FI\" \/>\n<meta property=\"og:type\" content=\"article\" \/>\n<meta property=\"og:title\" content=\"Haku tutortiimiin on auki! - Turun KY\" \/>\n<meta property=\"og:description\" content=\"Onko tutorointi j\u00e4\u00e4nyt mieleesi unohtumattomana kokemuksena? Koetko palavaa halua kehitt\u00e4\u00e4 Turun KY:n tutorointia yh\u00e4 eteenp\u00e4in? Haluaisitko kenties mahdollisuuden kokea legendaarisen pupusyksyn viel\u00e4 kerran uudelleen? Jos vastasit kyll\u00e4, t\u00e4ss\u00e4 on sinulle [&hellip;]\" \/>\n<meta property=\"og:url\" content=\"https:\/\/www.tuky.fi\/etusivu\/news\/haku-tutortiimiin-on-auki\/\" \/>\n<meta property=\"og:site_name\" content=\"Turun KY\" \/>\n<meta property=\"article:published_time\" content=\"2023-01-22T19:29:21+00:00\" \/>\n<meta property=\"article:modified_time\" content=\"2023-01-22T19:29:22+00:00\" \/>\n<meta name=\"author\" content=\"Sosiaalipoliittinen vastaava\" \/>\n<meta name=\"twitter:card\" content=\"summary_large_image\" \/>\n<meta name=\"twitter:label1\" content=\"Kirjoittanut\" \/>\n\t<meta name=\"twitter:data1\" content=\"Sosiaalipoliittinen vastaava\" \/>\n\t<meta name=\"twitter:label2\" content=\"Arvioitu lukuaika\" \/>\n\t<meta name=\"twitter:data2\" content=\"2 minuuttia\" \/>\n<script type=\"application\/ld+json\" class=\"yoast-schema-graph\">{\"@context\":\"https:\/\/schema.org\",\"@graph\":[{\"@type\":\"Article\",\"@id\":\"https:\/\/www.tuky.fi\/etusivu\/news\/haku-tutortiimiin-on-auki\/#article\",\"isPartOf\":{\"@id\":\"https:\/\/www.tuky.fi\/etusivu\/news\/haku-tutortiimiin-on-auki\/\"},\"author\":{\"name\":\"Sosiaalipoliittinen vastaava\",\"@id\":\"https:\/\/www.tuky.fi\/etusivu\/#\/schema\/person\/6bafe1ca915065fb67bf89adbcce9f6e\"},\"headline\":\"Haku tutortiimiin on auki!\",\"datePublished\":\"2023-01-22T19:29:21+00:00\",\"dateModified\":\"2023-01-22T19:29:22+00:00\",\"mainEntityOfPage\":{\"@id\":\"https:\/\/www.tuky.fi\/etusivu\/news\/haku-tutortiimiin-on-auki\/\"},\"wordCount\":362,\"commentCount\":0,\"publisher\":{\"@id\":\"https:\/\/www.tuky.fi\/etusivu\/#organization\"},\"articleSection\":[\"news\"],\"inLanguage\":\"fi\",\"potentialAction\":[{\"@type\":\"CommentAction\",\"name\":\"Comment\",\"target\":[\"https:\/\/www.tuky.fi\/etusivu\/news\/haku-tutortiimiin-on-auki\/#respond\"]}]},{\"@type\":\"WebPage\",\"@id\":\"https:\/\/www.tuky.fi\/etusivu\/news\/haku-tutortiimiin-on-auki\/\",\"url\":\"https:\/\/www.tuky.fi\/etusivu\/news\/haku-tutortiimiin-on-auki\/\",\"name\":\"Haku tutortiimiin on auki! - Turun KY\",\"isPartOf\":{\"@id\":\"https:\/\/www.tuky.fi\/etusivu\/#website\"},\"datePublished\":\"2023-01-22T19:29:21+00:00\",\"dateModified\":\"2023-01-22T19:29:22+00:00\",\"breadcrumb\":{\"@id\":\"https:\/\/www.tuky.fi\/etusivu\/news\/haku-tutortiimiin-on-auki\/#breadcrumb\"},\"inLanguage\":\"fi\",\"potentialAction\":[{\"@type\":\"ReadAction\",\"target\":[\"https:\/\/www.tuky.fi\/etusivu\/news\/haku-tutortiimiin-on-auki\/\"]}]},{\"@type\":\"BreadcrumbList\",\"@id\":\"https:\/\/www.tuky.fi\/etusivu\/news\/haku-tutortiimiin-on-auki\/#breadcrumb\",\"itemListElement\":[{\"@type\":\"ListItem\",\"position\":1,\"name\":\"Etusivu\",\"item\":\"https:\/\/www.tuky.fi\/etusivu\/\"},{\"@type\":\"ListItem\",\"position\":2,\"name\":\"Haku tutortiimiin on auki!\"}]},{\"@type\":\"WebSite\",\"@id\":\"https:\/\/www.tuky.fi\/etusivu\/#website\",\"url\":\"https:\/\/www.tuky.fi\/etusivu\/\",\"name\":\"Turun KY\",\"description\":\"TuKY\",\"publisher\":{\"@id\":\"https:\/\/www.tuky.fi\/etusivu\/#organization\"},\"alternateName\":\"TuKY\",\"potentialAction\":[{\"@type\":\"SearchAction\",\"target\":{\"@type\":\"EntryPoint\",\"urlTemplate\":\"https:\/\/www.tuky.fi\/etusivu\/?s={search_term_string}\"},\"query-input\":{\"@type\":\"PropertyValueSpecification\",\"valueRequired\":true,\"valueName\":\"search_term_string\"}}],\"inLanguage\":\"fi\"},{\"@type\":\"Organization\",\"@id\":\"https:\/\/www.tuky.fi\/etusivu\/#organization\",\"name\":\"Turun KY\",\"alternateName\":\"TuKY\",\"url\":\"https:\/\/www.tuky.fi\/etusivu\/\",\"logo\":{\"@type\":\"ImageObject\",\"inLanguage\":\"fi\",\"@id\":\"https:\/\/www.tuky.fi\/etusivu\/#\/schema\/logo\/image\/\",\"url\":\"https:\/\/www.tuky.fi\/wp-content\/uploads\/2024\/09\/TuKY-logo-kulta-1.png\",\"contentUrl\":\"https:\/\/www.tuky.fi\/wp-content\/uploads\/2024\/09\/TuKY-logo-kulta-1.png\",\"width\":1080,\"height\":1080,\"caption\":\"Turun KY\"},\"image\":{\"@id\":\"https:\/\/www.tuky.fi\/etusivu\/#\/schema\/logo\/image\/\"},\"sameAs\":[\"https:\/\/instagram.com\/turunky\",\"https:\/\/linkedin.com\/turunky\"]},{\"@type\":\"Person\",\"@id\":\"https:\/\/www.tuky.fi\/etusivu\/#\/schema\/person\/6bafe1ca915065fb67bf89adbcce9f6e\",\"name\":\"Sosiaalipoliittinen vastaava\",\"image\":{\"@type\":\"ImageObject\",\"inLanguage\":\"fi\",\"@id\":\"https:\/\/secure.gravatar.com\/avatar\/76e8a0f31a466694f5211ef517ce8d1c12893f6c766c3cfc8d682e1e96077dd4?s=96&d=mm&r=g\",\"url\":\"https:\/\/secure.gravatar.com\/avatar\/76e8a0f31a466694f5211ef517ce8d1c12893f6c766c3cfc8d682e1e96077dd4?s=96&d=mm&r=g\",\"contentUrl\":\"https:\/\/secure.gravatar.com\/avatar\/76e8a0f31a466694f5211ef517ce8d1c12893f6c766c3cfc8d682e1e96077dd4?s=96&d=mm&r=g\",\"caption\":\"Sosiaalipoliittinen vastaava\"},\"url\":\"https:\/\/www.tuky.fi\/etusivu\/author\/ky-hyvinvointi\/\"}]}<\/script>\n<!-- \/ Yoast SEO plugin. -->","yoast_head_json":{"title":"Haku tutortiimiin on auki! - Turun KY","robots":{"index":"index","follow":"follow","max-snippet":"max-snippet:-1","max-image-preview":"max-image-preview:large","max-video-preview":"max-video-preview:-1"},"canonical":"https:\/\/www.tuky.fi\/etusivu\/news\/haku-tutortiimiin-on-auki\/","og_locale":"fi_FI","og_type":"article","og_title":"Haku tutortiimiin on auki! - Turun KY","og_description":"Onko tutorointi j\u00e4\u00e4nyt mieleesi unohtumattomana kokemuksena? Koetko palavaa halua kehitt\u00e4\u00e4 Turun KY:n tutorointia yh\u00e4 eteenp\u00e4in? Haluaisitko kenties mahdollisuuden kokea legendaarisen pupusyksyn viel\u00e4 kerran uudelleen? Jos vastasit kyll\u00e4, t\u00e4ss\u00e4 on sinulle [&hellip;]","og_url":"https:\/\/www.tuky.fi\/etusivu\/news\/haku-tutortiimiin-on-auki\/","og_site_name":"Turun KY","article_published_time":"2023-01-22T19:29:21+00:00","article_modified_time":"2023-01-22T19:29:22+00:00","author":"Sosiaalipoliittinen vastaava","twitter_card":"summary_large_image","twitter_misc":{"Kirjoittanut":"Sosiaalipoliittinen vastaava","Arvioitu lukuaika":"2 minuuttia"},"schema":{"@context":"https:\/\/schema.org","@graph":[{"@type":"Article","@id":"https:\/\/www.tuky.fi\/etusivu\/news\/haku-tutortiimiin-on-auki\/#article","isPartOf":{"@id":"https:\/\/www.tuky.fi\/etusivu\/news\/haku-tutortiimiin-on-auki\/"},"author":{"name":"Sosiaalipoliittinen vastaava","@id":"https:\/\/www.tuky.fi\/etusivu\/#\/schema\/person\/6bafe1ca915065fb67bf89adbcce9f6e"},"headline":"Haku tutortiimiin on auki!","datePublished":"2023-01-22T19:29:21+00:00","dateModified":"2023-01-22T19:29:22+00:00","mainEntityOfPage":{"@id":"https:\/\/www.tuky.fi\/etusivu\/news\/haku-tutortiimiin-on-auki\/"},"wordCount":362,"commentCount":0,"publisher":{"@id":"https:\/\/www.tuky.fi\/etusivu\/#organization"},"articleSection":["news"],"inLanguage":"fi","potentialAction":[{"@type":"CommentAction","name":"Comment","target":["https:\/\/www.tuky.fi\/etusivu\/news\/haku-tutortiimiin-on-auki\/#respond"]}]},{"@type":"WebPage","@id":"https:\/\/www.tuky.fi\/etusivu\/news\/haku-tutortiimiin-on-auki\/","url":"https:\/\/www.tuky.fi\/etusivu\/news\/haku-tutortiimiin-on-auki\/","name":"Haku tutortiimiin on auki! - Turun KY","isPartOf":{"@id":"https:\/\/www.tuky.fi\/etusivu\/#website"},"datePublished":"2023-01-22T19:29:21+00:00","dateModified":"2023-01-22T19:29:22+00:00","breadcrumb":{"@id":"https:\/\/www.tuky.fi\/etusivu\/news\/haku-tutortiimiin-on-auki\/#breadcrumb"},"inLanguage":"fi","potentialAction":[{"@type":"ReadAction","target":["https:\/\/www.tuky.fi\/etusivu\/news\/haku-tutortiimiin-on-auki\/"]}]},{"@type":"BreadcrumbList","@id":"https:\/\/www.tuky.fi\/etusivu\/news\/haku-tutortiimiin-on-auki\/#breadcrumb","itemListElement":[{"@type":"ListItem","position":1,"name":"Etusivu","item":"https:\/\/www.tuky.fi\/etusivu\/"},{"@type":"ListItem","position":2,"name":"Haku tutortiimiin on auki!"}]},{"@type":"WebSite","@id":"https:\/\/www.tuky.fi\/etusivu\/#website","url":"https:\/\/www.tuky.fi\/etusivu\/","name":"Turun KY","description":"TuKY","publisher":{"@id":"https:\/\/www.tuky.fi\/etusivu\/#organization"},"alternateName":"TuKY","potentialAction":[{"@type":"SearchAction","target":{"@type":"EntryPoint","urlTemplate":"https:\/\/www.tuky.fi\/etusivu\/?s={search_term_string}"},"query-input":{"@type":"PropertyValueSpecification","valueRequired":true,"valueName":"search_term_string"}}],"inLanguage":"fi"},{"@type":"Organization","@id":"https:\/\/www.tuky.fi\/etusivu\/#organization","name":"Turun KY","alternateName":"TuKY","url":"https:\/\/www.tuky.fi\/etusivu\/","logo":{"@type":"ImageObject","inLanguage":"fi","@id":"https:\/\/www.tuky.fi\/etusivu\/#\/schema\/logo\/image\/","url":"https:\/\/www.tuky.fi\/wp-content\/uploads\/2024\/09\/TuKY-logo-kulta-1.png","contentUrl":"https:\/\/www.tuky.fi\/wp-content\/uploads\/2024\/09\/TuKY-logo-kulta-1.png","width":1080,"height":1080,"caption":"Turun KY"},"image":{"@id":"https:\/\/www.tuky.fi\/etusivu\/#\/schema\/logo\/image\/"},"sameAs":["https:\/\/instagram.com\/turunky","https:\/\/linkedin.com\/turunky"]},{"@type":"Person","@id":"https:\/\/www.tuky.fi\/etusivu\/#\/schema\/person\/6bafe1ca915065fb67bf89adbcce9f6e","name":"Sosiaalipoliittinen vastaava","image":{"@type":"ImageObject","inLanguage":"fi","@id":"https:\/\/secure.gravatar.com\/avatar\/76e8a0f31a466694f5211ef517ce8d1c12893f6c766c3cfc8d682e1e96077dd4?s=96&d=mm&r=g","url":"https:\/\/secure.gravatar.com\/avatar\/76e8a0f31a466694f5211ef517ce8d1c12893f6c766c3cfc8d682e1e96077dd4?s=96&d=mm&r=g","contentUrl":"https:\/\/secure.gravatar.com\/avatar\/76e8a0f31a466694f5211ef517ce8d1c12893f6c766c3cfc8d682e1e96077dd4?s=96&d=mm&r=g","caption":"Sosiaalipoliittinen vastaava"},"url":"https:\/\/www.tuky.fi\/etusivu\/author\/ky-hyvinvointi\/"}]}},"lang":"fi","translations":{"fi":43334},"pll_sync_post":[],"_links":{"self":[{"href":"https:\/\/www.tuky.fi\/etusivu\/wp-json\/wp\/v2\/posts\/43334","targetHints":{"allow":["GET"]}}],"collection":[{"href":"https:\/\/www.tuky.fi\/etusivu\/wp-json\/wp\/v2\/posts"}],"about":[{"href":"https:\/\/www.tuky.fi\/etusivu\/wp-json\/wp\/v2\/types\/post"}],"author":[{"embeddable":true,"href":"https:\/\/www.tuky.fi\/etusivu\/wp-json\/wp\/v2\/users\/7"}],"replies":[{"embeddable":true,"href":"https:\/\/www.tuky.fi\/etusivu\/wp-json\/wp\/v2\/comments?post=43334"}],"version-history":[{"count":0,"href":"https:\/\/www.tuky.fi\/etusivu\/wp-json\/wp\/v2\/posts\/43334\/revisions"}],"wp:attachment":[{"href":"https:\/\/www.tuky.fi\/etusivu\/wp-json\/wp\/v2\/media?parent=43334"}],"wp:term":[{"taxonomy":"category","embeddable":true,"href":"https:\/\/www.tuky.fi\/etusivu\/wp-json\/wp\/v2\/categories?post=43334"},{"taxonomy":"post_tag","embeddable":true,"href":"https:\/\/www.tuky.fi\/etusivu\/wp-json\/wp\/v2\/tags?post=43334"}],"curies":[{"name":"wp","href":"https:\/\/api.w.org\/{rel}","templated":true}]}}