{"id":43326,"date":"2023-01-22T19:53:53","date_gmt":"2023-01-22T16:53:53","guid":{"rendered":"https:\/\/www.tuky.fi\/etusivu\/?p=43326"},"modified":"2023-01-22T19:53:54","modified_gmt":"2023-01-22T16:53:54","slug":"op-ryhman-valtakunnallinen-kesatyohaku","status":"publish","type":"post","link":"https:\/\/www.tuky.fi\/etusivu\/news\/op-ryhman-valtakunnallinen-kesatyohaku\/","title":{"rendered":"OP Ryhm\u00e4n valtakunnallinen kes\u00e4ty\u00f6haku"},"content":{"rendered":"\n<p>OP Ryhm\u00e4n kes\u00e4ty\u00f6haku on nyt k\u00e4ynniss\u00e4 \u2013 hae mukaan jo t\u00e4n\u00e4\u00e4n!\u00a0<\/p>\n\n\n\n<p>Tarjoamme j\u00e4lleen tulevana kes\u00e4n\u00e4 sadoille tulevaisuuden ammattilaiselle mahdollisuuden kehitt\u00e4\u00e4 osaamistaan ammattilaistemme tukemana sek\u00e4 kartuttaa arvokasta ty\u00f6kokemusta Suomen johtavassa finanssialan yrityksess\u00e4. Tule ilahduttamaan niin asiakkaidemme kuin henkil\u00f6st\u00f6mme kes\u00e4\u00e4, tarjolla on mielenkiintoisia ja monipuolisia kes\u00e4ty\u00f6teht\u00e4vi\u00e4 eri alojen ja opintojen vaiheissa oleville opiskelijoille maanlaajuisesti. Haemme maanlaajuisesti satoja kes\u00e4ty\u00f6ntekij\u00f6it\u00e4 monipuolisiin eri teht\u00e4viin OP:n keskusyhteis\u00f6\u00f6n sek\u00e4 paikallisiin osuuspankkeihin.Lis\u00e4tietoa tarjoamistamme kes\u00e4ty\u00f6mahdollisuuksista ja teht\u00e4v\u00e4kohtaiset kes\u00e4ty\u00f6ilmoitukset l\u00f6yd\u00e4t kes\u00e4ty\u00f6sivustoltamme osoitteesta\u00a0<a rel=\"noreferrer noopener\" href=\"https:\/\/eur01.safelinks.protection.outlook.com\/?url=https%3A%2F%2Fop-careers.fi%2Fcontent%2Fkesa%2F%3Flocale%3Dfi_FI&amp;data=05%7C01%7Cliina.antila%40op.fi%7C54fb206e275e4eed2fd108daf566b429%7Ce1a2f9022172474fa88a189ec4f083fd%7C0%7C0%7C638092118730852180%7CUnknown%7CTWFpbGZsb3d8eyJWIjoiMC4wLjAwMDAiLCJQIjoiV2luMzIiLCJBTiI6Ik1haWwiLCJXVCI6Mn0%3D%7C3000%7C%7C%7C&amp;sdata=%2FoW%2FZufqw2re6XGfd0Xdiv3LG71rQilMOIcYsQOwvOo%3D&amp;reserved=0\" target=\"_blank\">https:\/\/op-careers.fi\/content\/kesa\/?locale=fi_FI<\/a>. Tarkennathan hakemuskirjeess\u00e4si, millaisista teht\u00e4vist\u00e4 olet erityisesti kiinnostunut ja miten osaamisesi, opintosi sek\u00e4 mahdollisesti aikaisempi ty\u00f6kokemuksesi tukevat sinua teht\u00e4v\u00e4ss\u00e4 menestymisess\u00e4.\u00a0<\/p>\n\n\n\n<p>Kes\u00e4ty\u00f6ntekij\u00f6idemme ty\u00f6skentelyajankohdat ajoittuvat tyypillisesti touko-syyskuun v\u00e4liselle ajalle.<\/p>\n\n\n\n<p><strong>Etsim\u00e4mme kes\u00e4ty\u00f6ntekij\u00e4n tuntomerkit<\/strong><\/p>\n\n\n\n<p>Sovit joukkoomme, mik\u00e4li olet rohkea, innostunut ja oma-aloitteinen henkil\u00f6, ja sinulla on hyv\u00e4t vuorovaikutus- ja yhteisty\u00f6taidot. Olet aidosti kiinnostunut finanssialasta sek\u00e4 haluat oppia ja kehitt\u00e4\u00e4 itse\u00e4si jatkuvasti lis\u00e4\u00e4, jonka me mahdollistamme sinulle perehdytyksen sek\u00e4 tuen avulla.<\/p>\n\n\n\n<p>Tulet ty\u00f6skentelem\u00e4\u00e4n meille t\u00e4rkeimm\u00e4n ja arvokkaimman asian, asiakkaidemme ja henkil\u00f6st\u00f6mme, parissa p\u00e4ivitt\u00e4in. T\u00e4m\u00e4n vuoksi edellyt\u00e4mme sinulta positiivista ja tavoitteellista asennetta sek\u00e4 halua tarjota loistavaa asiakaspalvelua niin sis\u00e4isesti kuin ulkoisestikin.Tarkemmat teht\u00e4v\u00e4kohtaiset osaamisvaatimukset ja kuvaukset l\u00f6yd\u00e4t kes\u00e4ty\u00f6sivustomme ty\u00f6paikkailmoituksista.<\/p>\n\n\n\n<p><strong>Monta hyv\u00e4\u00e4 syyt\u00e4 hakea!<\/strong><\/p>\n\n\n\n<p>Ty\u00f6skentelet t\u00e4rke\u00e4n\u00e4 osana ty\u00f6yhteis\u00f6\u00e4mme ja tarjoamme sinulle vastuuta sek\u00e4 kehitysmahdollisuuksia omien kykyjesi mukaan. Saat tilaisuuden kartuttaa arvokasta ty\u00f6kokemusta, osaamista ja ty\u00f6el\u00e4m\u00e4taitoja ammattitaitoisen henkil\u00f6st\u00f6mme tukemana, jotka sparraavat ja antavat sinulle palautetta arjessa. P\u00e4\u00e4set verkostoitumaan ja luomaan kontakteja tulevaa uraasi ajatellen, parhaimmassa tapauksessa me saamme sinusta pidempiaikaisen ty\u00f6kaverin!<\/p>\n\n\n\n<p>Hakuaika teht\u00e4viin p\u00e4\u00e4asiallisesti 10.1.-29.1.2023, mutta tarkistathan tarkan hakuajan aina teht\u00e4v\u00e4kohtaisesti.<\/p>\n","protected":false},"excerpt":{"rendered":"<p>OP Ryhm\u00e4n kes\u00e4ty\u00f6haku on nyt k\u00e4ynniss\u00e4 \u2013 hae mukaan jo t\u00e4n\u00e4\u00e4n!\u00a0 Tarjoamme j\u00e4lleen tulevana kes\u00e4n\u00e4 sadoille tulevaisuuden ammattilaiselle mahdollisuuden kehitt\u00e4\u00e4 osaamistaan ammattilaistemme tukemana sek\u00e4 kartuttaa arvokasta ty\u00f6kokemusta Suomen johtavassa finanssialan [&hellip;]<\/p>\n","protected":false},"author":42,"featured_media":0,"comment_status":"open","ping_status":"open","sticky":false,"template":"","format":"standard","meta":{"_et_pb_use_builder":"off","_et_pb_old_content":"","_et_gb_content_width":"","footnotes":""},"categories":[4],"tags":[],"class_list":["post-43326","post","type-post","status-publish","format-standard","hentry","category-news"],"yoast_head":"<!-- This site is optimized with the Yoast SEO plugin v27.2 - https:\/\/yoast.com\/product\/yoast-seo-wordpress\/ -->\n<title>OP Ryhm\u00e4n valtakunnallinen kes\u00e4ty\u00f6haku - Turun KY<\/title>\n<meta name=\"robots\" content=\"index, follow, max-snippet:-1, max-image-preview:large, max-video-preview:-1\" \/>\n<link rel=\"canonical\" href=\"https:\/\/www.tuky.fi\/etusivu\/news\/op-ryhman-valtakunnallinen-kesatyohaku\/\" \/>\n<meta property=\"og:locale\" content=\"fi_FI\" \/>\n<meta property=\"og:type\" content=\"article\" \/>\n<meta property=\"og:title\" content=\"OP Ryhm\u00e4n valtakunnallinen kes\u00e4ty\u00f6haku - Turun KY\" \/>\n<meta property=\"og:description\" content=\"OP Ryhm\u00e4n kes\u00e4ty\u00f6haku on nyt k\u00e4ynniss\u00e4 \u2013 hae mukaan jo t\u00e4n\u00e4\u00e4n!\u00a0 Tarjoamme j\u00e4lleen tulevana kes\u00e4n\u00e4 sadoille tulevaisuuden ammattilaiselle mahdollisuuden kehitt\u00e4\u00e4 osaamistaan ammattilaistemme tukemana sek\u00e4 kartuttaa arvokasta ty\u00f6kokemusta Suomen johtavassa finanssialan [&hellip;]\" \/>\n<meta property=\"og:url\" content=\"https:\/\/www.tuky.fi\/etusivu\/news\/op-ryhman-valtakunnallinen-kesatyohaku\/\" \/>\n<meta property=\"og:site_name\" content=\"Turun KY\" \/>\n<meta property=\"article:published_time\" content=\"2023-01-22T16:53:53+00:00\" \/>\n<meta property=\"article:modified_time\" content=\"2023-01-22T16:53:54+00:00\" \/>\n<meta name=\"author\" content=\"Myyntip\u00e4\u00e4llikk\u00f6\" \/>\n<meta name=\"twitter:card\" content=\"summary_large_image\" \/>\n<meta name=\"twitter:label1\" content=\"Kirjoittanut\" \/>\n\t<meta name=\"twitter:data1\" content=\"Myyntip\u00e4\u00e4llikk\u00f6\" \/>\n\t<meta name=\"twitter:label2\" content=\"Arvioitu lukuaika\" \/>\n\t<meta name=\"twitter:data2\" content=\"2 minuuttia\" \/>\n<script type=\"application\/ld+json\" class=\"yoast-schema-graph\">{\"@context\":\"https:\/\/schema.org\",\"@graph\":[{\"@type\":\"Article\",\"@id\":\"https:\/\/www.tuky.fi\/etusivu\/news\/op-ryhman-valtakunnallinen-kesatyohaku\/#article\",\"isPartOf\":{\"@id\":\"https:\/\/www.tuky.fi\/etusivu\/news\/op-ryhman-valtakunnallinen-kesatyohaku\/\"},\"author\":{\"name\":\"Myyntip\u00e4\u00e4llikk\u00f6\",\"@id\":\"https:\/\/www.tuky.fi\/etusivu\/#\/schema\/person\/66e53fffc743e17ca9d5603336ee4d59\"},\"headline\":\"OP Ryhm\u00e4n valtakunnallinen kes\u00e4ty\u00f6haku\",\"datePublished\":\"2023-01-22T16:53:53+00:00\",\"dateModified\":\"2023-01-22T16:53:54+00:00\",\"mainEntityOfPage\":{\"@id\":\"https:\/\/www.tuky.fi\/etusivu\/news\/op-ryhman-valtakunnallinen-kesatyohaku\/\"},\"wordCount\":334,\"commentCount\":0,\"publisher\":{\"@id\":\"https:\/\/www.tuky.fi\/etusivu\/#organization\"},\"articleSection\":[\"news\"],\"inLanguage\":\"fi\",\"potentialAction\":[{\"@type\":\"CommentAction\",\"name\":\"Comment\",\"target\":[\"https:\/\/www.tuky.fi\/etusivu\/news\/op-ryhman-valtakunnallinen-kesatyohaku\/#respond\"]}]},{\"@type\":\"WebPage\",\"@id\":\"https:\/\/www.tuky.fi\/etusivu\/news\/op-ryhman-valtakunnallinen-kesatyohaku\/\",\"url\":\"https:\/\/www.tuky.fi\/etusivu\/news\/op-ryhman-valtakunnallinen-kesatyohaku\/\",\"name\":\"OP Ryhm\u00e4n valtakunnallinen kes\u00e4ty\u00f6haku - Turun KY\",\"isPartOf\":{\"@id\":\"https:\/\/www.tuky.fi\/etusivu\/#website\"},\"datePublished\":\"2023-01-22T16:53:53+00:00\",\"dateModified\":\"2023-01-22T16:53:54+00:00\",\"breadcrumb\":{\"@id\":\"https:\/\/www.tuky.fi\/etusivu\/news\/op-ryhman-valtakunnallinen-kesatyohaku\/#breadcrumb\"},\"inLanguage\":\"fi\",\"potentialAction\":[{\"@type\":\"ReadAction\",\"target\":[\"https:\/\/www.tuky.fi\/etusivu\/news\/op-ryhman-valtakunnallinen-kesatyohaku\/\"]}]},{\"@type\":\"BreadcrumbList\",\"@id\":\"https:\/\/www.tuky.fi\/etusivu\/news\/op-ryhman-valtakunnallinen-kesatyohaku\/#breadcrumb\",\"itemListElement\":[{\"@type\":\"ListItem\",\"position\":1,\"name\":\"Etusivu\",\"item\":\"https:\/\/www.tuky.fi\/etusivu\/\"},{\"@type\":\"ListItem\",\"position\":2,\"name\":\"OP Ryhm\u00e4n valtakunnallinen kes\u00e4ty\u00f6haku\"}]},{\"@type\":\"WebSite\",\"@id\":\"https:\/\/www.tuky.fi\/etusivu\/#website\",\"url\":\"https:\/\/www.tuky.fi\/etusivu\/\",\"name\":\"Turun KY\",\"description\":\"TuKY\",\"publisher\":{\"@id\":\"https:\/\/www.tuky.fi\/etusivu\/#organization\"},\"alternateName\":\"TuKY\",\"potentialAction\":[{\"@type\":\"SearchAction\",\"target\":{\"@type\":\"EntryPoint\",\"urlTemplate\":\"https:\/\/www.tuky.fi\/etusivu\/?s={search_term_string}\"},\"query-input\":{\"@type\":\"PropertyValueSpecification\",\"valueRequired\":true,\"valueName\":\"search_term_string\"}}],\"inLanguage\":\"fi\"},{\"@type\":\"Organization\",\"@id\":\"https:\/\/www.tuky.fi\/etusivu\/#organization\",\"name\":\"Turun KY\",\"alternateName\":\"TuKY\",\"url\":\"https:\/\/www.tuky.fi\/etusivu\/\",\"logo\":{\"@type\":\"ImageObject\",\"inLanguage\":\"fi\",\"@id\":\"https:\/\/www.tuky.fi\/etusivu\/#\/schema\/logo\/image\/\",\"url\":\"https:\/\/www.tuky.fi\/wp-content\/uploads\/2024\/09\/TuKY-logo-kulta-1.png\",\"contentUrl\":\"https:\/\/www.tuky.fi\/wp-content\/uploads\/2024\/09\/TuKY-logo-kulta-1.png\",\"width\":1080,\"height\":1080,\"caption\":\"Turun KY\"},\"image\":{\"@id\":\"https:\/\/www.tuky.fi\/etusivu\/#\/schema\/logo\/image\/\"},\"sameAs\":[\"https:\/\/instagram.com\/turunky\",\"https:\/\/linkedin.com\/turunky\"]},{\"@type\":\"Person\",\"@id\":\"https:\/\/www.tuky.fi\/etusivu\/#\/schema\/person\/66e53fffc743e17ca9d5603336ee4d59\",\"name\":\"Myyntip\u00e4\u00e4llikk\u00f6\",\"image\":{\"@type\":\"ImageObject\",\"inLanguage\":\"fi\",\"@id\":\"https:\/\/secure.gravatar.com\/avatar\/8b962a9242c53dff7d2be24f16a604a8094c1e5fbb76a692d2c8aa5be966ed37?s=96&d=mm&r=g\",\"url\":\"https:\/\/secure.gravatar.com\/avatar\/8b962a9242c53dff7d2be24f16a604a8094c1e5fbb76a692d2c8aa5be966ed37?s=96&d=mm&r=g\",\"contentUrl\":\"https:\/\/secure.gravatar.com\/avatar\/8b962a9242c53dff7d2be24f16a604a8094c1e5fbb76a692d2c8aa5be966ed37?s=96&d=mm&r=g\",\"caption\":\"Myyntip\u00e4\u00e4llikk\u00f6\"},\"url\":\"https:\/\/www.tuky.fi\/etusivu\/author\/ky-myyntipaallikko\/\"}]}<\/script>\n<!-- \/ Yoast SEO plugin. -->","yoast_head_json":{"title":"OP Ryhm\u00e4n valtakunnallinen kes\u00e4ty\u00f6haku - Turun KY","robots":{"index":"index","follow":"follow","max-snippet":"max-snippet:-1","max-image-preview":"max-image-preview:large","max-video-preview":"max-video-preview:-1"},"canonical":"https:\/\/www.tuky.fi\/etusivu\/news\/op-ryhman-valtakunnallinen-kesatyohaku\/","og_locale":"fi_FI","og_type":"article","og_title":"OP Ryhm\u00e4n valtakunnallinen kes\u00e4ty\u00f6haku - Turun KY","og_description":"OP Ryhm\u00e4n kes\u00e4ty\u00f6haku on nyt k\u00e4ynniss\u00e4 \u2013 hae mukaan jo t\u00e4n\u00e4\u00e4n!\u00a0 Tarjoamme j\u00e4lleen tulevana kes\u00e4n\u00e4 sadoille tulevaisuuden ammattilaiselle mahdollisuuden kehitt\u00e4\u00e4 osaamistaan ammattilaistemme tukemana sek\u00e4 kartuttaa arvokasta ty\u00f6kokemusta Suomen johtavassa finanssialan [&hellip;]","og_url":"https:\/\/www.tuky.fi\/etusivu\/news\/op-ryhman-valtakunnallinen-kesatyohaku\/","og_site_name":"Turun KY","article_published_time":"2023-01-22T16:53:53+00:00","article_modified_time":"2023-01-22T16:53:54+00:00","author":"Myyntip\u00e4\u00e4llikk\u00f6","twitter_card":"summary_large_image","twitter_misc":{"Kirjoittanut":"Myyntip\u00e4\u00e4llikk\u00f6","Arvioitu lukuaika":"2 minuuttia"},"schema":{"@context":"https:\/\/schema.org","@graph":[{"@type":"Article","@id":"https:\/\/www.tuky.fi\/etusivu\/news\/op-ryhman-valtakunnallinen-kesatyohaku\/#article","isPartOf":{"@id":"https:\/\/www.tuky.fi\/etusivu\/news\/op-ryhman-valtakunnallinen-kesatyohaku\/"},"author":{"name":"Myyntip\u00e4\u00e4llikk\u00f6","@id":"https:\/\/www.tuky.fi\/etusivu\/#\/schema\/person\/66e53fffc743e17ca9d5603336ee4d59"},"headline":"OP Ryhm\u00e4n valtakunnallinen kes\u00e4ty\u00f6haku","datePublished":"2023-01-22T16:53:53+00:00","dateModified":"2023-01-22T16:53:54+00:00","mainEntityOfPage":{"@id":"https:\/\/www.tuky.fi\/etusivu\/news\/op-ryhman-valtakunnallinen-kesatyohaku\/"},"wordCount":334,"commentCount":0,"publisher":{"@id":"https:\/\/www.tuky.fi\/etusivu\/#organization"},"articleSection":["news"],"inLanguage":"fi","potentialAction":[{"@type":"CommentAction","name":"Comment","target":["https:\/\/www.tuky.fi\/etusivu\/news\/op-ryhman-valtakunnallinen-kesatyohaku\/#respond"]}]},{"@type":"WebPage","@id":"https:\/\/www.tuky.fi\/etusivu\/news\/op-ryhman-valtakunnallinen-kesatyohaku\/","url":"https:\/\/www.tuky.fi\/etusivu\/news\/op-ryhman-valtakunnallinen-kesatyohaku\/","name":"OP Ryhm\u00e4n valtakunnallinen kes\u00e4ty\u00f6haku - Turun KY","isPartOf":{"@id":"https:\/\/www.tuky.fi\/etusivu\/#website"},"datePublished":"2023-01-22T16:53:53+00:00","dateModified":"2023-01-22T16:53:54+00:00","breadcrumb":{"@id":"https:\/\/www.tuky.fi\/etusivu\/news\/op-ryhman-valtakunnallinen-kesatyohaku\/#breadcrumb"},"inLanguage":"fi","potentialAction":[{"@type":"ReadAction","target":["https:\/\/www.tuky.fi\/etusivu\/news\/op-ryhman-valtakunnallinen-kesatyohaku\/"]}]},{"@type":"BreadcrumbList","@id":"https:\/\/www.tuky.fi\/etusivu\/news\/op-ryhman-valtakunnallinen-kesatyohaku\/#breadcrumb","itemListElement":[{"@type":"ListItem","position":1,"name":"Etusivu","item":"https:\/\/www.tuky.fi\/etusivu\/"},{"@type":"ListItem","position":2,"name":"OP Ryhm\u00e4n valtakunnallinen kes\u00e4ty\u00f6haku"}]},{"@type":"WebSite","@id":"https:\/\/www.tuky.fi\/etusivu\/#website","url":"https:\/\/www.tuky.fi\/etusivu\/","name":"Turun KY","description":"TuKY","publisher":{"@id":"https:\/\/www.tuky.fi\/etusivu\/#organization"},"alternateName":"TuKY","potentialAction":[{"@type":"SearchAction","target":{"@type":"EntryPoint","urlTemplate":"https:\/\/www.tuky.fi\/etusivu\/?s={search_term_string}"},"query-input":{"@type":"PropertyValueSpecification","valueRequired":true,"valueName":"search_term_string"}}],"inLanguage":"fi"},{"@type":"Organization","@id":"https:\/\/www.tuky.fi\/etusivu\/#organization","name":"Turun KY","alternateName":"TuKY","url":"https:\/\/www.tuky.fi\/etusivu\/","logo":{"@type":"ImageObject","inLanguage":"fi","@id":"https:\/\/www.tuky.fi\/etusivu\/#\/schema\/logo\/image\/","url":"https:\/\/www.tuky.fi\/wp-content\/uploads\/2024\/09\/TuKY-logo-kulta-1.png","contentUrl":"https:\/\/www.tuky.fi\/wp-content\/uploads\/2024\/09\/TuKY-logo-kulta-1.png","width":1080,"height":1080,"caption":"Turun KY"},"image":{"@id":"https:\/\/www.tuky.fi\/etusivu\/#\/schema\/logo\/image\/"},"sameAs":["https:\/\/instagram.com\/turunky","https:\/\/linkedin.com\/turunky"]},{"@type":"Person","@id":"https:\/\/www.tuky.fi\/etusivu\/#\/schema\/person\/66e53fffc743e17ca9d5603336ee4d59","name":"Myyntip\u00e4\u00e4llikk\u00f6","image":{"@type":"ImageObject","inLanguage":"fi","@id":"https:\/\/secure.gravatar.com\/avatar\/8b962a9242c53dff7d2be24f16a604a8094c1e5fbb76a692d2c8aa5be966ed37?s=96&d=mm&r=g","url":"https:\/\/secure.gravatar.com\/avatar\/8b962a9242c53dff7d2be24f16a604a8094c1e5fbb76a692d2c8aa5be966ed37?s=96&d=mm&r=g","contentUrl":"https:\/\/secure.gravatar.com\/avatar\/8b962a9242c53dff7d2be24f16a604a8094c1e5fbb76a692d2c8aa5be966ed37?s=96&d=mm&r=g","caption":"Myyntip\u00e4\u00e4llikk\u00f6"},"url":"https:\/\/www.tuky.fi\/etusivu\/author\/ky-myyntipaallikko\/"}]}},"lang":"fi","translations":{"fi":43326},"pll_sync_post":[],"_links":{"self":[{"href":"https:\/\/www.tuky.fi\/etusivu\/wp-json\/wp\/v2\/posts\/43326","targetHints":{"allow":["GET"]}}],"collection":[{"href":"https:\/\/www.tuky.fi\/etusivu\/wp-json\/wp\/v2\/posts"}],"about":[{"href":"https:\/\/www.tuky.fi\/etusivu\/wp-json\/wp\/v2\/types\/post"}],"author":[{"embeddable":true,"href":"https:\/\/www.tuky.fi\/etusivu\/wp-json\/wp\/v2\/users\/42"}],"replies":[{"embeddable":true,"href":"https:\/\/www.tuky.fi\/etusivu\/wp-json\/wp\/v2\/comments?post=43326"}],"version-history":[{"count":0,"href":"https:\/\/www.tuky.fi\/etusivu\/wp-json\/wp\/v2\/posts\/43326\/revisions"}],"wp:attachment":[{"href":"https:\/\/www.tuky.fi\/etusivu\/wp-json\/wp\/v2\/media?parent=43326"}],"wp:term":[{"taxonomy":"category","embeddable":true,"href":"https:\/\/www.tuky.fi\/etusivu\/wp-json\/wp\/v2\/categories?post=43326"},{"taxonomy":"post_tag","embeddable":true,"href":"https:\/\/www.tuky.fi\/etusivu\/wp-json\/wp\/v2\/tags?post=43326"}],"curies":[{"name":"wp","href":"https:\/\/api.w.org\/{rel}","templated":true}]}}