{"id":43317,"date":"2023-01-22T13:28:13","date_gmt":"2023-01-22T10:28:13","guid":{"rendered":"https:\/\/www.tuky.fi\/etusivu\/?p=43317"},"modified":"2023-01-22T13:28:14","modified_gmt":"2023-01-22T10:28:14","slug":"turun-ky-hakee-73-vuosijuhlan-tuottajia","status":"publish","type":"post","link":"https:\/\/www.tuky.fi\/etusivu\/news\/turun-ky-hakee-73-vuosijuhlan-tuottajia\/","title":{"rendered":"<strong>Turun KY hakee 73. vuosijuhlan tuottajia!<\/strong>"},"content":{"rendered":"\n<p><\/p>\n\n\n\n<p>Vuoden 2023&nbsp;lokakuussa j\u00e4rjestet\u00e4\u00e4n Turun KY:n 73. vuosijuhlat, joille haetaan tuottajaparia.&nbsp;Tuottajien t\u00e4rkeimp\u00e4n\u00e4 teht\u00e4v\u00e4n\u00e4 on vastata Turun KY:n juhlavimman ja&nbsp;perinteikk\u00e4imm\u00e4n tapahtuman j\u00e4rjest\u00e4misest\u00e4. Vuosijuhlien lis\u00e4ksi j\u00e4rjestelyvastuuseen&nbsp;kuuluvat&nbsp;muut vuosijuhlaviikon perinteiset tapahtumat. Tuottajaparia auttaa heid\u00e4n kokoamansa&nbsp;vuosijuhlatiimi, joka toimii apuna ideoinnissa ja k\u00e4yt\u00e4nn\u00f6n j\u00e4rjestelyiss\u00e4.<\/p>\n\n\n\n<p>Edellyt\u00e4mme sinulta:<\/p>\n\n\n\n<p>\u2022 kokemusta vuosijuhlista joko nakkina, tiimiss\u00e4 tai vieraana<\/p>\n\n\n\n<p>\u2022 kokemusta tapahtumien j\u00e4rjest\u00e4misest\u00e4 joko TuKYll\u00e4 tai muualla<\/p>\n\n\n\n<p>\u2022&nbsp;erinomaista&nbsp;organisointi- ja ongelmanratkaisukyky\u00e4<\/p>\n\n\n\n<p>Eduksesi katsotaan:<\/p>\n\n\n\n<p>\u2022 kokemus budjetoinnista ja taloudenhallinnasta<\/p>\n\n\n\n<p>\u2022 kokemus esihenkil\u00f6asemassa ty\u00f6skentelyst\u00e4<\/p>\n\n\n\n<p>\u2022 kokemus tai visio yrityssuhteista<\/p>\n\n\n\n<p>\u2022 luova visio vuosijuhlaviikon toteuttamisesta<\/p>\n\n\n\n<p>Mit\u00e4 teht\u00e4v\u00e4 tarjoaa:<\/p>\n\n\n\n<p>Vuosijuhlatuottajat saavat paljon vastuuta ja kokemusta sek\u00e4 mainetta ja kunniaa Turun KY:n&nbsp;loistokkaimman tapahtuman j\u00e4rjest\u00e4jin\u00e4. Vuosijuhlatuottajana p\u00e4\u00e4set tutustumaan moniin eri&nbsp;ihmisiin ja tahoihin sek\u00e4 luomaan kontakteja niin kunniavieraisiin&nbsp;kuin&nbsp;yhteisty\u00f6kumppaneihinkin.&nbsp;Lis\u00e4ksi p\u00e4\u00e4set kehitt\u00e4m\u00e4\u00e4n osaamistasi johtamis- ja neuvottelutaitojen, organisoinnin ja&nbsp;budjetoinnin osalta.<\/p>\n\n\n\n<p><strong>Hakea voi pareittain tai yksin.<\/strong>&nbsp;Mik\u00e4li teht\u00e4v\u00e4\u00e4n haetaan yksin, yhdistet\u00e4\u00e4n yksin hakevista&nbsp;lopuksi tuottajapari. Pareittain hakevat arvioidaan yhdess\u00e4. Vapaamuotoiset hakemukset on toimitettava&nbsp;<strong>tiistaihin&nbsp;24.1.2023&nbsp;klo&nbsp;23.59 menness\u00e4&nbsp;<\/strong>kulttuuri- ja perinnevastaavalle osoitteeseen kulttuuri@tuky.fi. Mukaan&nbsp;tulee liitt\u00e4\u00e4 my\u00f6s CV. Hakuajan p\u00e4\u00e4ttymisen j\u00e4lkeen hakijat kutsutaan haastatteluun&nbsp;<strong>viikolla 4<\/strong>&nbsp;ja valinta tehd\u00e4\u00e4n viikolla&nbsp;5. Lis\u00e4tietoja hakemiseen tai&nbsp;vuosijuhlatuottajan pestiin liittyen voi kysy\u00e4 kulttuuri- ja perinnevastaavalta osoitteesta&nbsp;kulttuuri@tuky.fi tai 72. vuosijuhlien tuottajilta&nbsp;Roosa Toivaselta&nbsp;ja&nbsp;Juho&nbsp;Kuokkaselta osoitteesta vuosijuhlat@tuky.fi.<\/p>\n\n\n\n<p>Yst\u00e4v\u00e4llisin terveisin,<br>Leea Hering<br>Kulttuuri- ja perinnevastaava<\/p>\n","protected":false},"excerpt":{"rendered":"<p>Vuoden 2023&nbsp;lokakuussa j\u00e4rjestet\u00e4\u00e4n Turun KY:n 73. vuosijuhlat, joille haetaan tuottajaparia.&nbsp;Tuottajien t\u00e4rkeimp\u00e4n\u00e4 teht\u00e4v\u00e4n\u00e4 on vastata Turun KY:n juhlavimman ja&nbsp;perinteikk\u00e4imm\u00e4n tapahtuman j\u00e4rjest\u00e4misest\u00e4. Vuosijuhlien lis\u00e4ksi j\u00e4rjestelyvastuuseen&nbsp;kuuluvat&nbsp;muut vuosijuhlaviikon perinteiset tapahtumat. Tuottajaparia auttaa heid\u00e4n kokoamansa&nbsp;vuosijuhlatiimi, [&hellip;]<\/p>\n","protected":false},"author":19,"featured_media":0,"comment_status":"open","ping_status":"open","sticky":false,"template":"","format":"standard","meta":{"_et_pb_use_builder":"off","_et_pb_old_content":"","_et_gb_content_width":"","footnotes":""},"categories":[4],"tags":[],"class_list":["post-43317","post","type-post","status-publish","format-standard","hentry","category-news"],"yoast_head":"<!-- This site is optimized with the Yoast SEO plugin v27.2 - https:\/\/yoast.com\/product\/yoast-seo-wordpress\/ -->\n<title>Turun KY hakee 73. vuosijuhlan tuottajia! - Turun KY<\/title>\n<meta name=\"robots\" content=\"index, follow, max-snippet:-1, max-image-preview:large, max-video-preview:-1\" \/>\n<link rel=\"canonical\" href=\"https:\/\/www.tuky.fi\/etusivu\/news\/turun-ky-hakee-73-vuosijuhlan-tuottajia\/\" \/>\n<meta property=\"og:locale\" content=\"fi_FI\" \/>\n<meta property=\"og:type\" content=\"article\" \/>\n<meta property=\"og:title\" content=\"Turun KY hakee 73. vuosijuhlan tuottajia! - Turun KY\" \/>\n<meta property=\"og:description\" content=\"Vuoden 2023&nbsp;lokakuussa j\u00e4rjestet\u00e4\u00e4n Turun KY:n 73. vuosijuhlat, joille haetaan tuottajaparia.&nbsp;Tuottajien t\u00e4rkeimp\u00e4n\u00e4 teht\u00e4v\u00e4n\u00e4 on vastata Turun KY:n juhlavimman ja&nbsp;perinteikk\u00e4imm\u00e4n tapahtuman j\u00e4rjest\u00e4misest\u00e4. Vuosijuhlien lis\u00e4ksi j\u00e4rjestelyvastuuseen&nbsp;kuuluvat&nbsp;muut vuosijuhlaviikon perinteiset tapahtumat. Tuottajaparia auttaa heid\u00e4n kokoamansa&nbsp;vuosijuhlatiimi, [&hellip;]\" \/>\n<meta property=\"og:url\" content=\"https:\/\/www.tuky.fi\/etusivu\/news\/turun-ky-hakee-73-vuosijuhlan-tuottajia\/\" \/>\n<meta property=\"og:site_name\" content=\"Turun KY\" \/>\n<meta property=\"article:published_time\" content=\"2023-01-22T10:28:13+00:00\" \/>\n<meta property=\"article:modified_time\" content=\"2023-01-22T10:28:14+00:00\" \/>\n<meta name=\"author\" content=\"Hallituksen varapuheenjohtaja\" \/>\n<meta name=\"twitter:card\" content=\"summary_large_image\" \/>\n<meta name=\"twitter:label1\" content=\"Kirjoittanut\" \/>\n\t<meta name=\"twitter:data1\" content=\"Hallituksen varapuheenjohtaja\" \/>\n\t<meta name=\"twitter:label2\" content=\"Arvioitu lukuaika\" \/>\n\t<meta name=\"twitter:data2\" content=\"1 minuutti\" \/>\n<script type=\"application\/ld+json\" class=\"yoast-schema-graph\">{\"@context\":\"https:\/\/schema.org\",\"@graph\":[{\"@type\":\"Article\",\"@id\":\"https:\/\/www.tuky.fi\/etusivu\/news\/turun-ky-hakee-73-vuosijuhlan-tuottajia\/#article\",\"isPartOf\":{\"@id\":\"https:\/\/www.tuky.fi\/etusivu\/news\/turun-ky-hakee-73-vuosijuhlan-tuottajia\/\"},\"author\":{\"name\":\"Hallituksen varapuheenjohtaja\",\"@id\":\"https:\/\/www.tuky.fi\/etusivu\/#\/schema\/person\/3be6d98d6792157b46f32757bc9712ce\"},\"headline\":\"Turun KY hakee 73. vuosijuhlan tuottajia!\",\"datePublished\":\"2023-01-22T10:28:13+00:00\",\"dateModified\":\"2023-01-22T10:28:14+00:00\",\"mainEntityOfPage\":{\"@id\":\"https:\/\/www.tuky.fi\/etusivu\/news\/turun-ky-hakee-73-vuosijuhlan-tuottajia\/\"},\"wordCount\":284,\"commentCount\":0,\"publisher\":{\"@id\":\"https:\/\/www.tuky.fi\/etusivu\/#organization\"},\"articleSection\":[\"news\"],\"inLanguage\":\"fi\",\"potentialAction\":[{\"@type\":\"CommentAction\",\"name\":\"Comment\",\"target\":[\"https:\/\/www.tuky.fi\/etusivu\/news\/turun-ky-hakee-73-vuosijuhlan-tuottajia\/#respond\"]}]},{\"@type\":\"WebPage\",\"@id\":\"https:\/\/www.tuky.fi\/etusivu\/news\/turun-ky-hakee-73-vuosijuhlan-tuottajia\/\",\"url\":\"https:\/\/www.tuky.fi\/etusivu\/news\/turun-ky-hakee-73-vuosijuhlan-tuottajia\/\",\"name\":\"Turun KY hakee 73. vuosijuhlan tuottajia! - Turun KY\",\"isPartOf\":{\"@id\":\"https:\/\/www.tuky.fi\/etusivu\/#website\"},\"datePublished\":\"2023-01-22T10:28:13+00:00\",\"dateModified\":\"2023-01-22T10:28:14+00:00\",\"breadcrumb\":{\"@id\":\"https:\/\/www.tuky.fi\/etusivu\/news\/turun-ky-hakee-73-vuosijuhlan-tuottajia\/#breadcrumb\"},\"inLanguage\":\"fi\",\"potentialAction\":[{\"@type\":\"ReadAction\",\"target\":[\"https:\/\/www.tuky.fi\/etusivu\/news\/turun-ky-hakee-73-vuosijuhlan-tuottajia\/\"]}]},{\"@type\":\"BreadcrumbList\",\"@id\":\"https:\/\/www.tuky.fi\/etusivu\/news\/turun-ky-hakee-73-vuosijuhlan-tuottajia\/#breadcrumb\",\"itemListElement\":[{\"@type\":\"ListItem\",\"position\":1,\"name\":\"Etusivu\",\"item\":\"https:\/\/www.tuky.fi\/etusivu\/\"},{\"@type\":\"ListItem\",\"position\":2,\"name\":\"Turun KY hakee 73. vuosijuhlan tuottajia!\"}]},{\"@type\":\"WebSite\",\"@id\":\"https:\/\/www.tuky.fi\/etusivu\/#website\",\"url\":\"https:\/\/www.tuky.fi\/etusivu\/\",\"name\":\"Turun KY\",\"description\":\"TuKY\",\"publisher\":{\"@id\":\"https:\/\/www.tuky.fi\/etusivu\/#organization\"},\"alternateName\":\"TuKY\",\"potentialAction\":[{\"@type\":\"SearchAction\",\"target\":{\"@type\":\"EntryPoint\",\"urlTemplate\":\"https:\/\/www.tuky.fi\/etusivu\/?s={search_term_string}\"},\"query-input\":{\"@type\":\"PropertyValueSpecification\",\"valueRequired\":true,\"valueName\":\"search_term_string\"}}],\"inLanguage\":\"fi\"},{\"@type\":\"Organization\",\"@id\":\"https:\/\/www.tuky.fi\/etusivu\/#organization\",\"name\":\"Turun KY\",\"alternateName\":\"TuKY\",\"url\":\"https:\/\/www.tuky.fi\/etusivu\/\",\"logo\":{\"@type\":\"ImageObject\",\"inLanguage\":\"fi\",\"@id\":\"https:\/\/www.tuky.fi\/etusivu\/#\/schema\/logo\/image\/\",\"url\":\"https:\/\/www.tuky.fi\/wp-content\/uploads\/2024\/09\/TuKY-logo-kulta-1.png\",\"contentUrl\":\"https:\/\/www.tuky.fi\/wp-content\/uploads\/2024\/09\/TuKY-logo-kulta-1.png\",\"width\":1080,\"height\":1080,\"caption\":\"Turun KY\"},\"image\":{\"@id\":\"https:\/\/www.tuky.fi\/etusivu\/#\/schema\/logo\/image\/\"},\"sameAs\":[\"https:\/\/instagram.com\/turunky\",\"https:\/\/linkedin.com\/turunky\"]},{\"@type\":\"Person\",\"@id\":\"https:\/\/www.tuky.fi\/etusivu\/#\/schema\/person\/3be6d98d6792157b46f32757bc9712ce\",\"name\":\"Hallituksen varapuheenjohtaja\",\"image\":{\"@type\":\"ImageObject\",\"inLanguage\":\"fi\",\"@id\":\"https:\/\/secure.gravatar.com\/avatar\/498c43e46c608fbabac5e893f3405adf1d9d4423a5135f21b1a9ade7f0580409?s=96&d=mm&r=g\",\"url\":\"https:\/\/secure.gravatar.com\/avatar\/498c43e46c608fbabac5e893f3405adf1d9d4423a5135f21b1a9ade7f0580409?s=96&d=mm&r=g\",\"contentUrl\":\"https:\/\/secure.gravatar.com\/avatar\/498c43e46c608fbabac5e893f3405adf1d9d4423a5135f21b1a9ade7f0580409?s=96&d=mm&r=g\",\"caption\":\"Hallituksen varapuheenjohtaja\"},\"url\":\"https:\/\/www.tuky.fi\/etusivu\/author\/ky-hallitus-vpj\/\"}]}<\/script>\n<!-- \/ Yoast SEO plugin. -->","yoast_head_json":{"title":"Turun KY hakee 73. vuosijuhlan tuottajia! - Turun KY","robots":{"index":"index","follow":"follow","max-snippet":"max-snippet:-1","max-image-preview":"max-image-preview:large","max-video-preview":"max-video-preview:-1"},"canonical":"https:\/\/www.tuky.fi\/etusivu\/news\/turun-ky-hakee-73-vuosijuhlan-tuottajia\/","og_locale":"fi_FI","og_type":"article","og_title":"Turun KY hakee 73. vuosijuhlan tuottajia! - Turun KY","og_description":"Vuoden 2023&nbsp;lokakuussa j\u00e4rjestet\u00e4\u00e4n Turun KY:n 73. vuosijuhlat, joille haetaan tuottajaparia.&nbsp;Tuottajien t\u00e4rkeimp\u00e4n\u00e4 teht\u00e4v\u00e4n\u00e4 on vastata Turun KY:n juhlavimman ja&nbsp;perinteikk\u00e4imm\u00e4n tapahtuman j\u00e4rjest\u00e4misest\u00e4. Vuosijuhlien lis\u00e4ksi j\u00e4rjestelyvastuuseen&nbsp;kuuluvat&nbsp;muut vuosijuhlaviikon perinteiset tapahtumat. Tuottajaparia auttaa heid\u00e4n kokoamansa&nbsp;vuosijuhlatiimi, [&hellip;]","og_url":"https:\/\/www.tuky.fi\/etusivu\/news\/turun-ky-hakee-73-vuosijuhlan-tuottajia\/","og_site_name":"Turun KY","article_published_time":"2023-01-22T10:28:13+00:00","article_modified_time":"2023-01-22T10:28:14+00:00","author":"Hallituksen varapuheenjohtaja","twitter_card":"summary_large_image","twitter_misc":{"Kirjoittanut":"Hallituksen varapuheenjohtaja","Arvioitu lukuaika":"1 minuutti"},"schema":{"@context":"https:\/\/schema.org","@graph":[{"@type":"Article","@id":"https:\/\/www.tuky.fi\/etusivu\/news\/turun-ky-hakee-73-vuosijuhlan-tuottajia\/#article","isPartOf":{"@id":"https:\/\/www.tuky.fi\/etusivu\/news\/turun-ky-hakee-73-vuosijuhlan-tuottajia\/"},"author":{"name":"Hallituksen varapuheenjohtaja","@id":"https:\/\/www.tuky.fi\/etusivu\/#\/schema\/person\/3be6d98d6792157b46f32757bc9712ce"},"headline":"Turun KY hakee 73. vuosijuhlan tuottajia!","datePublished":"2023-01-22T10:28:13+00:00","dateModified":"2023-01-22T10:28:14+00:00","mainEntityOfPage":{"@id":"https:\/\/www.tuky.fi\/etusivu\/news\/turun-ky-hakee-73-vuosijuhlan-tuottajia\/"},"wordCount":284,"commentCount":0,"publisher":{"@id":"https:\/\/www.tuky.fi\/etusivu\/#organization"},"articleSection":["news"],"inLanguage":"fi","potentialAction":[{"@type":"CommentAction","name":"Comment","target":["https:\/\/www.tuky.fi\/etusivu\/news\/turun-ky-hakee-73-vuosijuhlan-tuottajia\/#respond"]}]},{"@type":"WebPage","@id":"https:\/\/www.tuky.fi\/etusivu\/news\/turun-ky-hakee-73-vuosijuhlan-tuottajia\/","url":"https:\/\/www.tuky.fi\/etusivu\/news\/turun-ky-hakee-73-vuosijuhlan-tuottajia\/","name":"Turun KY hakee 73. vuosijuhlan tuottajia! - Turun KY","isPartOf":{"@id":"https:\/\/www.tuky.fi\/etusivu\/#website"},"datePublished":"2023-01-22T10:28:13+00:00","dateModified":"2023-01-22T10:28:14+00:00","breadcrumb":{"@id":"https:\/\/www.tuky.fi\/etusivu\/news\/turun-ky-hakee-73-vuosijuhlan-tuottajia\/#breadcrumb"},"inLanguage":"fi","potentialAction":[{"@type":"ReadAction","target":["https:\/\/www.tuky.fi\/etusivu\/news\/turun-ky-hakee-73-vuosijuhlan-tuottajia\/"]}]},{"@type":"BreadcrumbList","@id":"https:\/\/www.tuky.fi\/etusivu\/news\/turun-ky-hakee-73-vuosijuhlan-tuottajia\/#breadcrumb","itemListElement":[{"@type":"ListItem","position":1,"name":"Etusivu","item":"https:\/\/www.tuky.fi\/etusivu\/"},{"@type":"ListItem","position":2,"name":"Turun KY hakee 73. vuosijuhlan tuottajia!"}]},{"@type":"WebSite","@id":"https:\/\/www.tuky.fi\/etusivu\/#website","url":"https:\/\/www.tuky.fi\/etusivu\/","name":"Turun KY","description":"TuKY","publisher":{"@id":"https:\/\/www.tuky.fi\/etusivu\/#organization"},"alternateName":"TuKY","potentialAction":[{"@type":"SearchAction","target":{"@type":"EntryPoint","urlTemplate":"https:\/\/www.tuky.fi\/etusivu\/?s={search_term_string}"},"query-input":{"@type":"PropertyValueSpecification","valueRequired":true,"valueName":"search_term_string"}}],"inLanguage":"fi"},{"@type":"Organization","@id":"https:\/\/www.tuky.fi\/etusivu\/#organization","name":"Turun KY","alternateName":"TuKY","url":"https:\/\/www.tuky.fi\/etusivu\/","logo":{"@type":"ImageObject","inLanguage":"fi","@id":"https:\/\/www.tuky.fi\/etusivu\/#\/schema\/logo\/image\/","url":"https:\/\/www.tuky.fi\/wp-content\/uploads\/2024\/09\/TuKY-logo-kulta-1.png","contentUrl":"https:\/\/www.tuky.fi\/wp-content\/uploads\/2024\/09\/TuKY-logo-kulta-1.png","width":1080,"height":1080,"caption":"Turun KY"},"image":{"@id":"https:\/\/www.tuky.fi\/etusivu\/#\/schema\/logo\/image\/"},"sameAs":["https:\/\/instagram.com\/turunky","https:\/\/linkedin.com\/turunky"]},{"@type":"Person","@id":"https:\/\/www.tuky.fi\/etusivu\/#\/schema\/person\/3be6d98d6792157b46f32757bc9712ce","name":"Hallituksen varapuheenjohtaja","image":{"@type":"ImageObject","inLanguage":"fi","@id":"https:\/\/secure.gravatar.com\/avatar\/498c43e46c608fbabac5e893f3405adf1d9d4423a5135f21b1a9ade7f0580409?s=96&d=mm&r=g","url":"https:\/\/secure.gravatar.com\/avatar\/498c43e46c608fbabac5e893f3405adf1d9d4423a5135f21b1a9ade7f0580409?s=96&d=mm&r=g","contentUrl":"https:\/\/secure.gravatar.com\/avatar\/498c43e46c608fbabac5e893f3405adf1d9d4423a5135f21b1a9ade7f0580409?s=96&d=mm&r=g","caption":"Hallituksen varapuheenjohtaja"},"url":"https:\/\/www.tuky.fi\/etusivu\/author\/ky-hallitus-vpj\/"}]}},"lang":"fi","translations":{"fi":43317},"pll_sync_post":[],"_links":{"self":[{"href":"https:\/\/www.tuky.fi\/etusivu\/wp-json\/wp\/v2\/posts\/43317","targetHints":{"allow":["GET"]}}],"collection":[{"href":"https:\/\/www.tuky.fi\/etusivu\/wp-json\/wp\/v2\/posts"}],"about":[{"href":"https:\/\/www.tuky.fi\/etusivu\/wp-json\/wp\/v2\/types\/post"}],"author":[{"embeddable":true,"href":"https:\/\/www.tuky.fi\/etusivu\/wp-json\/wp\/v2\/users\/19"}],"replies":[{"embeddable":true,"href":"https:\/\/www.tuky.fi\/etusivu\/wp-json\/wp\/v2\/comments?post=43317"}],"version-history":[{"count":0,"href":"https:\/\/www.tuky.fi\/etusivu\/wp-json\/wp\/v2\/posts\/43317\/revisions"}],"wp:attachment":[{"href":"https:\/\/www.tuky.fi\/etusivu\/wp-json\/wp\/v2\/media?parent=43317"}],"wp:term":[{"taxonomy":"category","embeddable":true,"href":"https:\/\/www.tuky.fi\/etusivu\/wp-json\/wp\/v2\/categories?post=43317"},{"taxonomy":"post_tag","embeddable":true,"href":"https:\/\/www.tuky.fi\/etusivu\/wp-json\/wp\/v2\/tags?post=43317"}],"curies":[{"name":"wp","href":"https:\/\/api.w.org\/{rel}","templated":true}]}}