{"id":43303,"date":"2023-01-21T11:55:24","date_gmt":"2023-01-21T08:55:24","guid":{"rendered":"https:\/\/www.tuky.fi\/etusivu\/?p=43303"},"modified":"2023-01-21T11:55:25","modified_gmt":"2023-01-21T08:55:25","slug":"hae-mukaan-vuoden-2023-vapputiimiin","status":"publish","type":"post","link":"https:\/\/www.tuky.fi\/etusivu\/news\/hae-mukaan-vuoden-2023-vapputiimiin\/","title":{"rendered":"<strong>Hae mukaan vuoden 2023 vapputiimiin!<\/strong>"},"content":{"rendered":"\n<p><\/p>\n\n\n\n<p>Vapputiimi vastaa Turun KY:n vappukauden organisoinnista ja taltioinnista sek\u00e4 vapputapahtumien toteutuksesta yhdess\u00e4 vapputuottajien, varapuheenjohtajan sek\u00e4 jaostolaisten kanssa. Vapputiimiss\u00e4 p\u00e4\u00e4set ideoimaan ja toteuttamaan yht\u00e4 Suomen suurimmista vappukonsepteista, kartuttamaan arvokasta projektity\u00f6kokemusta sek\u00e4 ennen kaikkea nauttimaan vapusta t\u00e4ysin rinnoin!&nbsp;<\/p>\n\n\n\n<p>Etsimme innokkaalla asenteella, hyvill\u00e4 ideoilla ja reippaalla tekemisen meiningill\u00e4 varustettuja tiimil\u00e4isi\u00e4. Kaikkiin pesteihin perehdytet\u00e4\u00e4n. Vapputiimil\u00e4isen\u00e4 p\u00e4\u00e4set osallistumaan kev\u00e4tkauden kuumimpiin tapahtumiin! Hae siis rohkeasti mukaan yksin tai kaverin kanssa.<\/p>\n\n\n\n<p>Edellyt\u00e4mme hakijoilta sitoutumista tiimin toimintaan ja oman pestins\u00e4 hoitamiseen. Lis\u00e4ksi huomioithan, ett\u00e4 jokaiselta tiimin j\u00e4senelt\u00e4 edellytet\u00e4\u00e4n kyky\u00e4 sitoutua ty\u00f6skentelem\u00e4\u00e4n Mayday Mayhemissa sek\u00e4 vapputiimin toisessa vastuutapahtumassa.<\/p>\n\n\n\n<p>&nbsp;<\/p>\n\n\n\n<p><strong>Haemme tiimiin seuraavia henkil\u00f6it\u00e4:<\/strong><\/p>\n\n\n\n<p><\/p>\n\n\n\n<p><strong>Controller (1)<\/strong><\/p>\n\n\n\n<ul class=\"wp-block-list\">\n<li>Hoitaa juoksevan rahaliikenteen sek\u00e4 kirjanpidon (esimerkiksi laskujen maksaminen ja l\u00e4hett\u00e4minen)<\/li>\n\n\n\n<li>Laatii budjetin yhdess\u00e4 tuottajien kanssa sek\u00e4 p\u00e4ivitt\u00e4\u00e4 ja seuraa sit\u00e4 yhteisty\u00f6ss\u00e4 talousp\u00e4\u00e4llik\u00f6n kanssa<\/li>\n\n\n\n<li><strong>Eduksi katsotaan<\/strong> LRYA:n suorittaminen sek\u00e4 muu kiinnostus\/kokemus kirjanpidosta<\/li>\n<\/ul>\n\n\n\n<p><\/p>\n\n\n\n<p><strong>Markkinointivastaava (1\u20132)<\/strong><\/p>\n\n\n\n<ul class=\"wp-block-list\">\n<li>Vapun viestint\u00e4suunnitelman tekeminen<\/li>\n\n\n\n<li>Tapahtumien viestint\u00e4 yhdess\u00e4 jaostojen tiedottajien kanssa<\/li>\n\n\n\n<li>Visuaalisen ilmeen suunnittelu vapputuottajien kanssa<\/li>\n\n\n\n<li>Vastuu sosiaalisen median p\u00e4ivitt\u00e4misest\u00e4<\/li>\n\n\n\n<li><strong>Eduksi katsotaan<\/strong> kiinnostuneisuus sosiaalista mediaa, tekstin tuottamista ja kuvien editointia kohtaan<\/li>\n<\/ul>\n\n\n\n<p><\/p>\n\n\n\n<p><strong>Yrityssuhdevastaava (1\u20132)<\/strong><\/p>\n\n\n\n<ul class=\"wp-block-list\">\n<li>Yritysten kontaktointi ja sponsoreiden haku<\/li>\n\n\n\n<li>Yhteisty\u00f6 myyntip\u00e4\u00e4llik\u00f6n, jaostojen yrityssuhdevastaavien ja COREn projektikoordinaattorin kanssa<\/li>\n\n\n\n<li><strong>Eduksi katsotaan<\/strong> aiempi relevantti kokemus myyntity\u00f6st\u00e4 ja ideat mahdollisista yhteist\u00f6ist\u00e4<\/li>\n<\/ul>\n\n\n\n<p><\/p>\n\n\n\n<p><strong>Valokuvaaja (1\u20132)<\/strong><\/p>\n\n\n\n<ul class=\"wp-block-list\">\n<li>Tapahtumien valokuvaus ja kuvien editointi<\/li>\n\n\n\n<li><strong>Eduksi katsotaan <\/strong>harrastuneisuus ja tarvittavan kuvauskaluston omistaminen<\/li>\n<\/ul>\n\n\n\n<p><\/p>\n\n\n\n<p><strong>Videokuvaaja (1\u20132)<\/strong><\/p>\n\n\n\n<ul class=\"wp-block-list\">\n<li>Vapputapahtumien videointi<\/li>\n\n\n\n<li>MayDay Mayhem -aftermovien tekeminen<\/li>\n\n\n\n<li><strong>Edellytyksen\u00e4<\/strong> tarvittavan kuvauskaluston omistaminen<\/li>\n\n\n\n<li><strong>Eduksi katsotaan<\/strong> harrastuneisuus<\/li>\n<\/ul>\n\n\n\n<p>Haku on auki <strong>17.\u201331.1.2023<\/strong>. Vapaamuotoinen hakemus ja CV tulee l\u00e4hett\u00e4\u00e4 <strong>tiistaihin<\/strong> <strong>31.1. klo 23.59<\/strong> menness\u00e4 osoitteeseen <strong><a href=\"mailto:vappu@tuky.fi\" target=\"_blank\" rel=\"noreferrer noopener\" class=\"\">vappu@tuky.fi<\/a><\/strong>. Kerro hakemuksessasi, mihin teht\u00e4v\u00e4\u00e4n haluat ja ideoitasi vappuun. <strong>Teht\u00e4viin voit hakea yksin tai parin kanssa. <\/strong>Jos haet parin kanssa, teid\u00e4t arvioidaan yhdess\u00e4. Kaikki tiimil\u00e4iset valitaan hakemusten perusteella.<\/p>\n\n\n\n<p>Mik\u00e4li sinulla on kysymyksi\u00e4 vapputiimin toiminnasta tai pesteist\u00e4, niin olethan rohkeasti yhteydess\u00e4 meihin osoitteeseen <a href=\"mailto:vappu@tuky.fi\" target=\"_blank\" rel=\"noreferrer noopener\" class=\"\">vappu@tuky.fi<\/a>!<\/p>\n\n\n\n<p>Mukavaa uutta vuotta toivottaen,<\/p>\n\n\n\n<p>Vapputuottajat \u00b423<br>Tia-Maria Sonkkila &amp; Ronja Karus<\/p>\n","protected":false},"excerpt":{"rendered":"<p>Vapputiimi vastaa Turun KY:n vappukauden organisoinnista ja taltioinnista sek\u00e4 vapputapahtumien toteutuksesta yhdess\u00e4 vapputuottajien, varapuheenjohtajan sek\u00e4 jaostolaisten kanssa. Vapputiimiss\u00e4 p\u00e4\u00e4set ideoimaan ja toteuttamaan yht\u00e4 Suomen suurimmista vappukonsepteista, kartuttamaan arvokasta projektity\u00f6kokemusta sek\u00e4 [&hellip;]<\/p>\n","protected":false},"author":19,"featured_media":0,"comment_status":"open","ping_status":"open","sticky":false,"template":"","format":"standard","meta":{"_et_pb_use_builder":"off","_et_pb_old_content":"","_et_gb_content_width":"","footnotes":""},"categories":[4],"tags":[],"class_list":["post-43303","post","type-post","status-publish","format-standard","hentry","category-news"],"yoast_head":"<!-- This site is optimized with the Yoast SEO plugin v27.2 - https:\/\/yoast.com\/product\/yoast-seo-wordpress\/ -->\n<title>Hae mukaan vuoden 2023 vapputiimiin! - Turun KY<\/title>\n<meta name=\"robots\" content=\"index, follow, max-snippet:-1, max-image-preview:large, max-video-preview:-1\" \/>\n<link rel=\"canonical\" href=\"https:\/\/www.tuky.fi\/etusivu\/news\/hae-mukaan-vuoden-2023-vapputiimiin\/\" \/>\n<meta property=\"og:locale\" content=\"fi_FI\" \/>\n<meta property=\"og:type\" content=\"article\" \/>\n<meta property=\"og:title\" content=\"Hae mukaan vuoden 2023 vapputiimiin! - Turun KY\" \/>\n<meta property=\"og:description\" content=\"Vapputiimi vastaa Turun KY:n vappukauden organisoinnista ja taltioinnista sek\u00e4 vapputapahtumien toteutuksesta yhdess\u00e4 vapputuottajien, varapuheenjohtajan sek\u00e4 jaostolaisten kanssa. Vapputiimiss\u00e4 p\u00e4\u00e4set ideoimaan ja toteuttamaan yht\u00e4 Suomen suurimmista vappukonsepteista, kartuttamaan arvokasta projektity\u00f6kokemusta sek\u00e4 [&hellip;]\" \/>\n<meta property=\"og:url\" content=\"https:\/\/www.tuky.fi\/etusivu\/news\/hae-mukaan-vuoden-2023-vapputiimiin\/\" \/>\n<meta property=\"og:site_name\" content=\"Turun KY\" \/>\n<meta property=\"article:published_time\" content=\"2023-01-21T08:55:24+00:00\" \/>\n<meta property=\"article:modified_time\" content=\"2023-01-21T08:55:25+00:00\" \/>\n<meta name=\"author\" content=\"Hallituksen varapuheenjohtaja\" \/>\n<meta name=\"twitter:card\" content=\"summary_large_image\" \/>\n<meta name=\"twitter:label1\" content=\"Kirjoittanut\" \/>\n\t<meta name=\"twitter:data1\" content=\"Hallituksen varapuheenjohtaja\" \/>\n\t<meta name=\"twitter:label2\" content=\"Arvioitu lukuaika\" \/>\n\t<meta name=\"twitter:data2\" content=\"2 minuuttia\" \/>\n<script type=\"application\/ld+json\" class=\"yoast-schema-graph\">{\"@context\":\"https:\/\/schema.org\",\"@graph\":[{\"@type\":\"Article\",\"@id\":\"https:\/\/www.tuky.fi\/etusivu\/news\/hae-mukaan-vuoden-2023-vapputiimiin\/#article\",\"isPartOf\":{\"@id\":\"https:\/\/www.tuky.fi\/etusivu\/news\/hae-mukaan-vuoden-2023-vapputiimiin\/\"},\"author\":{\"name\":\"Hallituksen varapuheenjohtaja\",\"@id\":\"https:\/\/www.tuky.fi\/etusivu\/#\/schema\/person\/3be6d98d6792157b46f32757bc9712ce\"},\"headline\":\"Hae mukaan vuoden 2023 vapputiimiin!\",\"datePublished\":\"2023-01-21T08:55:24+00:00\",\"dateModified\":\"2023-01-21T08:55:25+00:00\",\"mainEntityOfPage\":{\"@id\":\"https:\/\/www.tuky.fi\/etusivu\/news\/hae-mukaan-vuoden-2023-vapputiimiin\/\"},\"wordCount\":320,\"commentCount\":0,\"publisher\":{\"@id\":\"https:\/\/www.tuky.fi\/etusivu\/#organization\"},\"articleSection\":[\"news\"],\"inLanguage\":\"fi\",\"potentialAction\":[{\"@type\":\"CommentAction\",\"name\":\"Comment\",\"target\":[\"https:\/\/www.tuky.fi\/etusivu\/news\/hae-mukaan-vuoden-2023-vapputiimiin\/#respond\"]}]},{\"@type\":\"WebPage\",\"@id\":\"https:\/\/www.tuky.fi\/etusivu\/news\/hae-mukaan-vuoden-2023-vapputiimiin\/\",\"url\":\"https:\/\/www.tuky.fi\/etusivu\/news\/hae-mukaan-vuoden-2023-vapputiimiin\/\",\"name\":\"Hae mukaan vuoden 2023 vapputiimiin! - Turun KY\",\"isPartOf\":{\"@id\":\"https:\/\/www.tuky.fi\/etusivu\/#website\"},\"datePublished\":\"2023-01-21T08:55:24+00:00\",\"dateModified\":\"2023-01-21T08:55:25+00:00\",\"breadcrumb\":{\"@id\":\"https:\/\/www.tuky.fi\/etusivu\/news\/hae-mukaan-vuoden-2023-vapputiimiin\/#breadcrumb\"},\"inLanguage\":\"fi\",\"potentialAction\":[{\"@type\":\"ReadAction\",\"target\":[\"https:\/\/www.tuky.fi\/etusivu\/news\/hae-mukaan-vuoden-2023-vapputiimiin\/\"]}]},{\"@type\":\"BreadcrumbList\",\"@id\":\"https:\/\/www.tuky.fi\/etusivu\/news\/hae-mukaan-vuoden-2023-vapputiimiin\/#breadcrumb\",\"itemListElement\":[{\"@type\":\"ListItem\",\"position\":1,\"name\":\"Etusivu\",\"item\":\"https:\/\/www.tuky.fi\/etusivu\/\"},{\"@type\":\"ListItem\",\"position\":2,\"name\":\"Hae mukaan vuoden 2023 vapputiimiin!\"}]},{\"@type\":\"WebSite\",\"@id\":\"https:\/\/www.tuky.fi\/etusivu\/#website\",\"url\":\"https:\/\/www.tuky.fi\/etusivu\/\",\"name\":\"Turun KY\",\"description\":\"TuKY\",\"publisher\":{\"@id\":\"https:\/\/www.tuky.fi\/etusivu\/#organization\"},\"alternateName\":\"TuKY\",\"potentialAction\":[{\"@type\":\"SearchAction\",\"target\":{\"@type\":\"EntryPoint\",\"urlTemplate\":\"https:\/\/www.tuky.fi\/etusivu\/?s={search_term_string}\"},\"query-input\":{\"@type\":\"PropertyValueSpecification\",\"valueRequired\":true,\"valueName\":\"search_term_string\"}}],\"inLanguage\":\"fi\"},{\"@type\":\"Organization\",\"@id\":\"https:\/\/www.tuky.fi\/etusivu\/#organization\",\"name\":\"Turun KY\",\"alternateName\":\"TuKY\",\"url\":\"https:\/\/www.tuky.fi\/etusivu\/\",\"logo\":{\"@type\":\"ImageObject\",\"inLanguage\":\"fi\",\"@id\":\"https:\/\/www.tuky.fi\/etusivu\/#\/schema\/logo\/image\/\",\"url\":\"https:\/\/www.tuky.fi\/wp-content\/uploads\/2024\/09\/TuKY-logo-kulta-1.png\",\"contentUrl\":\"https:\/\/www.tuky.fi\/wp-content\/uploads\/2024\/09\/TuKY-logo-kulta-1.png\",\"width\":1080,\"height\":1080,\"caption\":\"Turun KY\"},\"image\":{\"@id\":\"https:\/\/www.tuky.fi\/etusivu\/#\/schema\/logo\/image\/\"},\"sameAs\":[\"https:\/\/instagram.com\/turunky\",\"https:\/\/linkedin.com\/turunky\"]},{\"@type\":\"Person\",\"@id\":\"https:\/\/www.tuky.fi\/etusivu\/#\/schema\/person\/3be6d98d6792157b46f32757bc9712ce\",\"name\":\"Hallituksen varapuheenjohtaja\",\"image\":{\"@type\":\"ImageObject\",\"inLanguage\":\"fi\",\"@id\":\"https:\/\/secure.gravatar.com\/avatar\/498c43e46c608fbabac5e893f3405adf1d9d4423a5135f21b1a9ade7f0580409?s=96&d=mm&r=g\",\"url\":\"https:\/\/secure.gravatar.com\/avatar\/498c43e46c608fbabac5e893f3405adf1d9d4423a5135f21b1a9ade7f0580409?s=96&d=mm&r=g\",\"contentUrl\":\"https:\/\/secure.gravatar.com\/avatar\/498c43e46c608fbabac5e893f3405adf1d9d4423a5135f21b1a9ade7f0580409?s=96&d=mm&r=g\",\"caption\":\"Hallituksen varapuheenjohtaja\"},\"url\":\"https:\/\/www.tuky.fi\/etusivu\/author\/ky-hallitus-vpj\/\"}]}<\/script>\n<!-- \/ Yoast SEO plugin. -->","yoast_head_json":{"title":"Hae mukaan vuoden 2023 vapputiimiin! - Turun KY","robots":{"index":"index","follow":"follow","max-snippet":"max-snippet:-1","max-image-preview":"max-image-preview:large","max-video-preview":"max-video-preview:-1"},"canonical":"https:\/\/www.tuky.fi\/etusivu\/news\/hae-mukaan-vuoden-2023-vapputiimiin\/","og_locale":"fi_FI","og_type":"article","og_title":"Hae mukaan vuoden 2023 vapputiimiin! - Turun KY","og_description":"Vapputiimi vastaa Turun KY:n vappukauden organisoinnista ja taltioinnista sek\u00e4 vapputapahtumien toteutuksesta yhdess\u00e4 vapputuottajien, varapuheenjohtajan sek\u00e4 jaostolaisten kanssa. Vapputiimiss\u00e4 p\u00e4\u00e4set ideoimaan ja toteuttamaan yht\u00e4 Suomen suurimmista vappukonsepteista, kartuttamaan arvokasta projektity\u00f6kokemusta sek\u00e4 [&hellip;]","og_url":"https:\/\/www.tuky.fi\/etusivu\/news\/hae-mukaan-vuoden-2023-vapputiimiin\/","og_site_name":"Turun KY","article_published_time":"2023-01-21T08:55:24+00:00","article_modified_time":"2023-01-21T08:55:25+00:00","author":"Hallituksen varapuheenjohtaja","twitter_card":"summary_large_image","twitter_misc":{"Kirjoittanut":"Hallituksen varapuheenjohtaja","Arvioitu lukuaika":"2 minuuttia"},"schema":{"@context":"https:\/\/schema.org","@graph":[{"@type":"Article","@id":"https:\/\/www.tuky.fi\/etusivu\/news\/hae-mukaan-vuoden-2023-vapputiimiin\/#article","isPartOf":{"@id":"https:\/\/www.tuky.fi\/etusivu\/news\/hae-mukaan-vuoden-2023-vapputiimiin\/"},"author":{"name":"Hallituksen varapuheenjohtaja","@id":"https:\/\/www.tuky.fi\/etusivu\/#\/schema\/person\/3be6d98d6792157b46f32757bc9712ce"},"headline":"Hae mukaan vuoden 2023 vapputiimiin!","datePublished":"2023-01-21T08:55:24+00:00","dateModified":"2023-01-21T08:55:25+00:00","mainEntityOfPage":{"@id":"https:\/\/www.tuky.fi\/etusivu\/news\/hae-mukaan-vuoden-2023-vapputiimiin\/"},"wordCount":320,"commentCount":0,"publisher":{"@id":"https:\/\/www.tuky.fi\/etusivu\/#organization"},"articleSection":["news"],"inLanguage":"fi","potentialAction":[{"@type":"CommentAction","name":"Comment","target":["https:\/\/www.tuky.fi\/etusivu\/news\/hae-mukaan-vuoden-2023-vapputiimiin\/#respond"]}]},{"@type":"WebPage","@id":"https:\/\/www.tuky.fi\/etusivu\/news\/hae-mukaan-vuoden-2023-vapputiimiin\/","url":"https:\/\/www.tuky.fi\/etusivu\/news\/hae-mukaan-vuoden-2023-vapputiimiin\/","name":"Hae mukaan vuoden 2023 vapputiimiin! - Turun KY","isPartOf":{"@id":"https:\/\/www.tuky.fi\/etusivu\/#website"},"datePublished":"2023-01-21T08:55:24+00:00","dateModified":"2023-01-21T08:55:25+00:00","breadcrumb":{"@id":"https:\/\/www.tuky.fi\/etusivu\/news\/hae-mukaan-vuoden-2023-vapputiimiin\/#breadcrumb"},"inLanguage":"fi","potentialAction":[{"@type":"ReadAction","target":["https:\/\/www.tuky.fi\/etusivu\/news\/hae-mukaan-vuoden-2023-vapputiimiin\/"]}]},{"@type":"BreadcrumbList","@id":"https:\/\/www.tuky.fi\/etusivu\/news\/hae-mukaan-vuoden-2023-vapputiimiin\/#breadcrumb","itemListElement":[{"@type":"ListItem","position":1,"name":"Etusivu","item":"https:\/\/www.tuky.fi\/etusivu\/"},{"@type":"ListItem","position":2,"name":"Hae mukaan vuoden 2023 vapputiimiin!"}]},{"@type":"WebSite","@id":"https:\/\/www.tuky.fi\/etusivu\/#website","url":"https:\/\/www.tuky.fi\/etusivu\/","name":"Turun KY","description":"TuKY","publisher":{"@id":"https:\/\/www.tuky.fi\/etusivu\/#organization"},"alternateName":"TuKY","potentialAction":[{"@type":"SearchAction","target":{"@type":"EntryPoint","urlTemplate":"https:\/\/www.tuky.fi\/etusivu\/?s={search_term_string}"},"query-input":{"@type":"PropertyValueSpecification","valueRequired":true,"valueName":"search_term_string"}}],"inLanguage":"fi"},{"@type":"Organization","@id":"https:\/\/www.tuky.fi\/etusivu\/#organization","name":"Turun KY","alternateName":"TuKY","url":"https:\/\/www.tuky.fi\/etusivu\/","logo":{"@type":"ImageObject","inLanguage":"fi","@id":"https:\/\/www.tuky.fi\/etusivu\/#\/schema\/logo\/image\/","url":"https:\/\/www.tuky.fi\/wp-content\/uploads\/2024\/09\/TuKY-logo-kulta-1.png","contentUrl":"https:\/\/www.tuky.fi\/wp-content\/uploads\/2024\/09\/TuKY-logo-kulta-1.png","width":1080,"height":1080,"caption":"Turun KY"},"image":{"@id":"https:\/\/www.tuky.fi\/etusivu\/#\/schema\/logo\/image\/"},"sameAs":["https:\/\/instagram.com\/turunky","https:\/\/linkedin.com\/turunky"]},{"@type":"Person","@id":"https:\/\/www.tuky.fi\/etusivu\/#\/schema\/person\/3be6d98d6792157b46f32757bc9712ce","name":"Hallituksen varapuheenjohtaja","image":{"@type":"ImageObject","inLanguage":"fi","@id":"https:\/\/secure.gravatar.com\/avatar\/498c43e46c608fbabac5e893f3405adf1d9d4423a5135f21b1a9ade7f0580409?s=96&d=mm&r=g","url":"https:\/\/secure.gravatar.com\/avatar\/498c43e46c608fbabac5e893f3405adf1d9d4423a5135f21b1a9ade7f0580409?s=96&d=mm&r=g","contentUrl":"https:\/\/secure.gravatar.com\/avatar\/498c43e46c608fbabac5e893f3405adf1d9d4423a5135f21b1a9ade7f0580409?s=96&d=mm&r=g","caption":"Hallituksen varapuheenjohtaja"},"url":"https:\/\/www.tuky.fi\/etusivu\/author\/ky-hallitus-vpj\/"}]}},"lang":"fi","translations":{"fi":43303},"pll_sync_post":[],"_links":{"self":[{"href":"https:\/\/www.tuky.fi\/etusivu\/wp-json\/wp\/v2\/posts\/43303","targetHints":{"allow":["GET"]}}],"collection":[{"href":"https:\/\/www.tuky.fi\/etusivu\/wp-json\/wp\/v2\/posts"}],"about":[{"href":"https:\/\/www.tuky.fi\/etusivu\/wp-json\/wp\/v2\/types\/post"}],"author":[{"embeddable":true,"href":"https:\/\/www.tuky.fi\/etusivu\/wp-json\/wp\/v2\/users\/19"}],"replies":[{"embeddable":true,"href":"https:\/\/www.tuky.fi\/etusivu\/wp-json\/wp\/v2\/comments?post=43303"}],"version-history":[{"count":0,"href":"https:\/\/www.tuky.fi\/etusivu\/wp-json\/wp\/v2\/posts\/43303\/revisions"}],"wp:attachment":[{"href":"https:\/\/www.tuky.fi\/etusivu\/wp-json\/wp\/v2\/media?parent=43303"}],"wp:term":[{"taxonomy":"category","embeddable":true,"href":"https:\/\/www.tuky.fi\/etusivu\/wp-json\/wp\/v2\/categories?post=43303"},{"taxonomy":"post_tag","embeddable":true,"href":"https:\/\/www.tuky.fi\/etusivu\/wp-json\/wp\/v2\/tags?post=43303"}],"curies":[{"name":"wp","href":"https:\/\/api.w.org\/{rel}","templated":true}]}}