{"id":42981,"date":"2022-11-20T20:35:28","date_gmt":"2022-11-20T17:35:28","guid":{"rendered":"https:\/\/www.tuky.fi\/etusivu\/?p=42981"},"modified":"2022-11-20T20:35:30","modified_gmt":"2022-11-20T17:35:30","slug":"haku-tuky-corporate-relations-tiimiin-on-nyt-auki","status":"publish","type":"post","link":"https:\/\/www.tuky.fi\/etusivu\/news\/haku-tuky-corporate-relations-tiimiin-on-nyt-auki\/","title":{"rendered":"Haku TuKY Corporate Relations tiimiin on nyt auki!"},"content":{"rendered":"\n<p>TuKY Corporate Relations huolehtii Turun KY:n yrityssuhteista myyntip\u00e4\u00e4llik\u00f6n johdolla. Yrityssuhdetiimi tarjoaa mahdollisuuden kehitt\u00e4\u00e4 omia neuvottelutaitoja, verkostoitua sek\u00e4 oppia B2B-myynnist\u00e4. Yrityssuhdetiimin teht\u00e4v\u00e4n\u00e4 on toteuttaa yhdistyksen varainhankintaa, hankkia j\u00e4senetuuksia j\u00e4senist\u00f6llemme, vastata yritysten n\u00e4kyvyydest\u00e4 opiskelijoille sek\u00e4 auttaa jaostoja ja projekteja tapahtumayhteisty\u00f6ll\u00e4 yritysten kanssa. Ty\u00f6skentely yrityssuhdetiimiss\u00e4 sopii niin ensimm\u00e4isen vuosikurssin opiskelijalle kuin valmistumista l\u00e4hestyv\u00e4lle kylterillekin. Ty\u00f6tahti ja ty\u00f6ajat ovat enimm\u00e4kseen vapaasti valittavissa.<\/p>\n\n\n\n<p>Hakeminen pesteihin tapahtuu l\u00e4hett\u00e4m\u00e4ll\u00e4 vapaamuotoinen hakemus &#8221;miksi juuri min\u00e4&#8221;-hengess\u00e4 osoitteeseen&nbsp;<a href=\"mailto:myyntipaallikko@tuky.fi\" target=\"_blank\" rel=\"noreferrer noopener\">myyntipaallikko@tuky.fi<\/a>. Hakemuksesta tulee k\u00e4yd\u00e4 ilmi hakijan vuosikurssi ja syy, mink\u00e4 takia hakee yrityssuhdetiimiin. Hakemuksessa tulee my\u00f6s k\u00e4yd\u00e4 ilmi mihin pestiin\/pesteihin hakija hakee. Kuvaile hakemuksessasi itse\u00e4si muutamalla sanalla.<\/p>\n\n\n\n<p><strong>Hakijoilta edellytet\u00e4\u00e4n:<\/strong><\/p>\n\n\n\n<p>Motivaatio ja kiinnostus TuKYn yrityssuhteita kohtaan&nbsp;<\/p>\n\n\n\n<p>Sitoutuneisuus toimintaan<\/p>\n\n\n\n<p><em>Projektikoordinaattorin<\/em>&nbsp;pestiin hakijalta edellytet\u00e4\u00e4n aikaisempaa j\u00e4rjest\u00f6kokemusta Turun KY:n toiminnassa sek\u00e4 perehtyneisyytt\u00e4 Turun KY:n projekteihin, jotta hakija kykenee hahmottamaan jokaisen projektin erityispiirteet<\/p>\n\n\n\n<p><strong>Haussa eduksi katsotaan:<\/strong><\/p>\n\n\n\n<p>Aikaisempi j\u00e4rjest\u00f6kokemus<\/p>\n\n\n\n<p>Pestikohtaiset erityistaidot (esim. kuvank\u00e4sittely, valokuvaus, some)<\/p>\n\n\n\n<p>Innovatiivisuus<\/p>\n\n\n\n<p>Myyntitausta<\/p>\n\n\n\n<p><strong>Haku p\u00e4\u00e4ttyy tiistaina 29.11.2022 klo 23:59.<\/strong><\/p>\n\n\n\n<p>Vastuualueet vuonna 2023 (suluissa nykyinen pestinhaltija):<\/p>\n\n\n\n<ol class=\"wp-block-list\" start=\"1\">\n<li><strong>Tapahtumavastaava<\/strong>&nbsp;(Mette Karvonen)<\/li>\n<\/ol>\n\n\n\n<ul class=\"wp-block-list\">\n<li>COREn yhteisty\u00f6tapahtumien j\u00e4rjest\u00e4misvastuu<\/li>\n\n\n\n<li>COREn sis\u00e4isten tapahtumien j\u00e4rjest\u00e4misvastuu<\/li>\n<\/ul>\n\n\n\n<ol class=\"wp-block-list\" start=\"2\">\n<li><strong>KYliste- ja j\u00e4senetuvastaava<\/strong>&nbsp;(Iines Aakula)<\/li>\n<\/ol>\n\n\n\n<ul class=\"wp-block-list\">\n<li>KYlistemainosten organisointivastuu<\/li>\n\n\n\n<li>J\u00e4senetujen hankinta<\/li>\n\n\n\n<li>J\u00e4senetujen p\u00e4ivitt\u00e4minen ajan tasalle<\/li>\n<\/ul>\n\n\n\n<ol class=\"wp-block-list\" start=\"3\">\n<li><strong>Baariyhteisty\u00f6vastaava&nbsp;<\/strong>(Timo Saarlo)<\/li>\n<\/ol>\n\n\n\n<ul class=\"wp-block-list\">\n<li>Yhteydenpito yhteisty\u00f6baareihin<\/li>\n\n\n\n<li>Baarivaraukset yhteisty\u00f6ss\u00e4 muiden TuKYn toimijoiden kanssa<\/li>\n\n\n\n<li>Muu yhteisty\u00f6baareihin liittyv\u00e4 ty\u00f6<\/li>\n<\/ul>\n\n\n\n<ol class=\"wp-block-list\" start=\"4\">\n<li><strong>Art Director<\/strong>&nbsp;(Kerttu Kettunen)<\/li>\n<\/ol>\n\n\n\n<ul class=\"wp-block-list\">\n<li>Visuaalinen sis\u00e4ll\u00f6ntuotanto (bannerit, julkaisut, kuvat ym.)<\/li>\n\n\n\n<li>Valokuvaus<\/li>\n\n\n\n<li>Mahdollinen videokuvaus<\/li>\n\n\n\n<li>Haalarimerkkien suunnittelu<\/li>\n<\/ul>\n\n\n\n<ol class=\"wp-block-list\" start=\"5\">\n<li><strong>Viestint\u00e4vastaava<\/strong>&nbsp;(Linda Karesto)<\/li>\n<\/ol>\n\n\n\n<ul class=\"wp-block-list\">\n<li>Vastuu COREn viestint\u00e4kanavista sek\u00e4 niiden yll\u00e4pidosta (Facebook, Instagram, LinkedIn, KY-Aktiivi, nettisivut)<\/li>\n\n\n\n<li>Vastuu yhteisty\u00f6kumppanien viestien v\u00e4litt\u00e4misest\u00e4 kanaviin<\/li>\n<\/ul>\n\n\n\n<ol class=\"wp-block-list\" start=\"6\">\n<li><strong>Haalarivastaava<\/strong>&nbsp;(Juuso Paiho)<\/li>\n<\/ol>\n\n\n\n<ul class=\"wp-block-list\">\n<li>Haalarimainosten hankinta<\/li>\n\n\n\n<li>Haalarien kilpailuttaminen<\/li>\n\n\n\n<li>Haalarien tilaaminen<\/li>\n\n\n\n<li>Haalarien sovitustilaisuuden j\u00e4rjest\u00e4minen<\/li>\n\n\n\n<li>Haalarinoudon j\u00e4rjest\u00e4minen<\/li>\n<\/ul>\n\n\n\n<p><strong>Projektikoordinaattori<\/strong>&nbsp;(Suvi Ahonen)<\/p>\n\n\n\n<p>o&nbsp; &nbsp;TuKYn projektien yritysyhteisty\u00f6n kehitt\u00e4minen ja koordinoiminen<\/p>\n\n\n\n<p>N\u00e4iden lis\u00e4ksi tiimiin kuuluu kuusi (6) jaostojen yrityssuhdevastaavaa, jotka valitaan jokaisen jaoston hallitusvalintojen yhteydess\u00e4. Osaksi COREa voit hakea siis my\u00f6s jaostohalvassa.<\/p>\n\n\n\n<p>Haku on avoin kaikille Turun KY:n j\u00e4senille vuosikurssista riippumatta &#8211; oma innostus ja halu kehitt\u00e4\u00e4 Turun KY:n yrityssuhteita on t\u00e4rkeint\u00e4.<\/p>\n\n\n\n<p>Haastattelut voidaan pit\u00e4\u00e4 jo haun aikana, kuitenkin viimeist\u00e4\u00e4n 2.12.. Turun KY:n myyntip\u00e4\u00e4llikk\u00f6 Amanda Ruuhij\u00e4rven sek\u00e4 t\u00e4m\u00e4n hetkisen pestinhaltijan tai muun COREn j\u00e4senen toimesta.&nbsp;Haastatteluun kutsutaan erikseen hakemuksen perusteella.<\/p>\n\n\n\n<p><strong>Uusi tiimi valitaan maanantaina 5.12.<\/strong>&nbsp;Perehdytys alkaa heti valinnan j\u00e4lkeen, pit\u00e4en sis\u00e4ll\u00e4\u00e4n koulutustilaisuuden 9.12.<\/p>\n\n\n\n<p>Lis\u00e4tietoa COREn toiminnasta ja tiimihausta voi kysy\u00e4 osoitteesta myyntipaallikko@tuky.fi tai t\u00e4m\u00e4nhetkisilt\u00e4 pestinhaltijoilta sek\u00e4 pestiesittelyjen kautta COREn Instagram-tilill\u00e4 @coretuky.<\/p>\n","protected":false},"excerpt":{"rendered":"<p>TuKY Corporate Relations huolehtii Turun KY:n yrityssuhteista myyntip\u00e4\u00e4llik\u00f6n johdolla. Yrityssuhdetiimi tarjoaa mahdollisuuden kehitt\u00e4\u00e4 omia neuvottelutaitoja, verkostoitua sek\u00e4 oppia B2B-myynnist\u00e4. Yrityssuhdetiimin teht\u00e4v\u00e4n\u00e4 on toteuttaa yhdistyksen varainhankintaa, hankkia j\u00e4senetuuksia j\u00e4senist\u00f6llemme, vastata yritysten [&hellip;]<\/p>\n","protected":false},"author":42,"featured_media":0,"comment_status":"open","ping_status":"open","sticky":false,"template":"","format":"standard","meta":{"_et_pb_use_builder":"off","_et_pb_old_content":"","_et_gb_content_width":"","footnotes":""},"categories":[4],"tags":[],"class_list":["post-42981","post","type-post","status-publish","format-standard","hentry","category-news"],"yoast_head":"<!-- This site is optimized with the Yoast SEO plugin v27.2 - https:\/\/yoast.com\/product\/yoast-seo-wordpress\/ -->\n<title>Haku TuKY Corporate Relations tiimiin on nyt auki! - Turun KY<\/title>\n<meta name=\"robots\" content=\"index, follow, max-snippet:-1, max-image-preview:large, max-video-preview:-1\" \/>\n<link rel=\"canonical\" href=\"https:\/\/www.tuky.fi\/etusivu\/news\/haku-tuky-corporate-relations-tiimiin-on-nyt-auki\/\" \/>\n<meta property=\"og:locale\" content=\"fi_FI\" \/>\n<meta property=\"og:type\" content=\"article\" \/>\n<meta property=\"og:title\" content=\"Haku TuKY Corporate Relations tiimiin on nyt auki! - Turun KY\" \/>\n<meta property=\"og:description\" content=\"TuKY Corporate Relations huolehtii Turun KY:n yrityssuhteista myyntip\u00e4\u00e4llik\u00f6n johdolla. Yrityssuhdetiimi tarjoaa mahdollisuuden kehitt\u00e4\u00e4 omia neuvottelutaitoja, verkostoitua sek\u00e4 oppia B2B-myynnist\u00e4. Yrityssuhdetiimin teht\u00e4v\u00e4n\u00e4 on toteuttaa yhdistyksen varainhankintaa, hankkia j\u00e4senetuuksia j\u00e4senist\u00f6llemme, vastata yritysten [&hellip;]\" \/>\n<meta property=\"og:url\" content=\"https:\/\/www.tuky.fi\/etusivu\/news\/haku-tuky-corporate-relations-tiimiin-on-nyt-auki\/\" \/>\n<meta property=\"og:site_name\" content=\"Turun KY\" \/>\n<meta property=\"article:published_time\" content=\"2022-11-20T17:35:28+00:00\" \/>\n<meta property=\"article:modified_time\" content=\"2022-11-20T17:35:30+00:00\" \/>\n<meta name=\"author\" content=\"Myyntip\u00e4\u00e4llikk\u00f6\" \/>\n<meta name=\"twitter:card\" content=\"summary_large_image\" \/>\n<meta name=\"twitter:label1\" content=\"Kirjoittanut\" \/>\n\t<meta name=\"twitter:data1\" content=\"Myyntip\u00e4\u00e4llikk\u00f6\" \/>\n\t<meta name=\"twitter:label2\" content=\"Arvioitu lukuaika\" \/>\n\t<meta name=\"twitter:data2\" content=\"2 minuuttia\" \/>\n<script type=\"application\/ld+json\" class=\"yoast-schema-graph\">{\"@context\":\"https:\/\/schema.org\",\"@graph\":[{\"@type\":\"Article\",\"@id\":\"https:\/\/www.tuky.fi\/etusivu\/news\/haku-tuky-corporate-relations-tiimiin-on-nyt-auki\/#article\",\"isPartOf\":{\"@id\":\"https:\/\/www.tuky.fi\/etusivu\/news\/haku-tuky-corporate-relations-tiimiin-on-nyt-auki\/\"},\"author\":{\"name\":\"Myyntip\u00e4\u00e4llikk\u00f6\",\"@id\":\"https:\/\/www.tuky.fi\/etusivu\/#\/schema\/person\/66e53fffc743e17ca9d5603336ee4d59\"},\"headline\":\"Haku TuKY Corporate Relations tiimiin on nyt auki!\",\"datePublished\":\"2022-11-20T17:35:28+00:00\",\"dateModified\":\"2022-11-20T17:35:30+00:00\",\"mainEntityOfPage\":{\"@id\":\"https:\/\/www.tuky.fi\/etusivu\/news\/haku-tuky-corporate-relations-tiimiin-on-nyt-auki\/\"},\"wordCount\":454,\"commentCount\":0,\"publisher\":{\"@id\":\"https:\/\/www.tuky.fi\/etusivu\/#organization\"},\"articleSection\":[\"news\"],\"inLanguage\":\"fi\",\"potentialAction\":[{\"@type\":\"CommentAction\",\"name\":\"Comment\",\"target\":[\"https:\/\/www.tuky.fi\/etusivu\/news\/haku-tuky-corporate-relations-tiimiin-on-nyt-auki\/#respond\"]}]},{\"@type\":\"WebPage\",\"@id\":\"https:\/\/www.tuky.fi\/etusivu\/news\/haku-tuky-corporate-relations-tiimiin-on-nyt-auki\/\",\"url\":\"https:\/\/www.tuky.fi\/etusivu\/news\/haku-tuky-corporate-relations-tiimiin-on-nyt-auki\/\",\"name\":\"Haku TuKY Corporate Relations tiimiin on nyt auki! - Turun KY\",\"isPartOf\":{\"@id\":\"https:\/\/www.tuky.fi\/etusivu\/#website\"},\"datePublished\":\"2022-11-20T17:35:28+00:00\",\"dateModified\":\"2022-11-20T17:35:30+00:00\",\"breadcrumb\":{\"@id\":\"https:\/\/www.tuky.fi\/etusivu\/news\/haku-tuky-corporate-relations-tiimiin-on-nyt-auki\/#breadcrumb\"},\"inLanguage\":\"fi\",\"potentialAction\":[{\"@type\":\"ReadAction\",\"target\":[\"https:\/\/www.tuky.fi\/etusivu\/news\/haku-tuky-corporate-relations-tiimiin-on-nyt-auki\/\"]}]},{\"@type\":\"BreadcrumbList\",\"@id\":\"https:\/\/www.tuky.fi\/etusivu\/news\/haku-tuky-corporate-relations-tiimiin-on-nyt-auki\/#breadcrumb\",\"itemListElement\":[{\"@type\":\"ListItem\",\"position\":1,\"name\":\"Etusivu\",\"item\":\"https:\/\/www.tuky.fi\/etusivu\/\"},{\"@type\":\"ListItem\",\"position\":2,\"name\":\"Haku TuKY Corporate Relations tiimiin on nyt auki!\"}]},{\"@type\":\"WebSite\",\"@id\":\"https:\/\/www.tuky.fi\/etusivu\/#website\",\"url\":\"https:\/\/www.tuky.fi\/etusivu\/\",\"name\":\"Turun KY\",\"description\":\"TuKY\",\"publisher\":{\"@id\":\"https:\/\/www.tuky.fi\/etusivu\/#organization\"},\"alternateName\":\"TuKY\",\"potentialAction\":[{\"@type\":\"SearchAction\",\"target\":{\"@type\":\"EntryPoint\",\"urlTemplate\":\"https:\/\/www.tuky.fi\/etusivu\/?s={search_term_string}\"},\"query-input\":{\"@type\":\"PropertyValueSpecification\",\"valueRequired\":true,\"valueName\":\"search_term_string\"}}],\"inLanguage\":\"fi\"},{\"@type\":\"Organization\",\"@id\":\"https:\/\/www.tuky.fi\/etusivu\/#organization\",\"name\":\"Turun KY\",\"alternateName\":\"TuKY\",\"url\":\"https:\/\/www.tuky.fi\/etusivu\/\",\"logo\":{\"@type\":\"ImageObject\",\"inLanguage\":\"fi\",\"@id\":\"https:\/\/www.tuky.fi\/etusivu\/#\/schema\/logo\/image\/\",\"url\":\"https:\/\/www.tuky.fi\/wp-content\/uploads\/2024\/09\/TuKY-logo-kulta-1.png\",\"contentUrl\":\"https:\/\/www.tuky.fi\/wp-content\/uploads\/2024\/09\/TuKY-logo-kulta-1.png\",\"width\":1080,\"height\":1080,\"caption\":\"Turun KY\"},\"image\":{\"@id\":\"https:\/\/www.tuky.fi\/etusivu\/#\/schema\/logo\/image\/\"},\"sameAs\":[\"https:\/\/instagram.com\/turunky\",\"https:\/\/linkedin.com\/turunky\"]},{\"@type\":\"Person\",\"@id\":\"https:\/\/www.tuky.fi\/etusivu\/#\/schema\/person\/66e53fffc743e17ca9d5603336ee4d59\",\"name\":\"Myyntip\u00e4\u00e4llikk\u00f6\",\"image\":{\"@type\":\"ImageObject\",\"inLanguage\":\"fi\",\"@id\":\"https:\/\/secure.gravatar.com\/avatar\/8b962a9242c53dff7d2be24f16a604a8094c1e5fbb76a692d2c8aa5be966ed37?s=96&d=mm&r=g\",\"url\":\"https:\/\/secure.gravatar.com\/avatar\/8b962a9242c53dff7d2be24f16a604a8094c1e5fbb76a692d2c8aa5be966ed37?s=96&d=mm&r=g\",\"contentUrl\":\"https:\/\/secure.gravatar.com\/avatar\/8b962a9242c53dff7d2be24f16a604a8094c1e5fbb76a692d2c8aa5be966ed37?s=96&d=mm&r=g\",\"caption\":\"Myyntip\u00e4\u00e4llikk\u00f6\"},\"url\":\"https:\/\/www.tuky.fi\/etusivu\/author\/ky-myyntipaallikko\/\"}]}<\/script>\n<!-- \/ Yoast SEO plugin. -->","yoast_head_json":{"title":"Haku TuKY Corporate Relations tiimiin on nyt auki! - Turun KY","robots":{"index":"index","follow":"follow","max-snippet":"max-snippet:-1","max-image-preview":"max-image-preview:large","max-video-preview":"max-video-preview:-1"},"canonical":"https:\/\/www.tuky.fi\/etusivu\/news\/haku-tuky-corporate-relations-tiimiin-on-nyt-auki\/","og_locale":"fi_FI","og_type":"article","og_title":"Haku TuKY Corporate Relations tiimiin on nyt auki! - Turun KY","og_description":"TuKY Corporate Relations huolehtii Turun KY:n yrityssuhteista myyntip\u00e4\u00e4llik\u00f6n johdolla. Yrityssuhdetiimi tarjoaa mahdollisuuden kehitt\u00e4\u00e4 omia neuvottelutaitoja, verkostoitua sek\u00e4 oppia B2B-myynnist\u00e4. Yrityssuhdetiimin teht\u00e4v\u00e4n\u00e4 on toteuttaa yhdistyksen varainhankintaa, hankkia j\u00e4senetuuksia j\u00e4senist\u00f6llemme, vastata yritysten [&hellip;]","og_url":"https:\/\/www.tuky.fi\/etusivu\/news\/haku-tuky-corporate-relations-tiimiin-on-nyt-auki\/","og_site_name":"Turun KY","article_published_time":"2022-11-20T17:35:28+00:00","article_modified_time":"2022-11-20T17:35:30+00:00","author":"Myyntip\u00e4\u00e4llikk\u00f6","twitter_card":"summary_large_image","twitter_misc":{"Kirjoittanut":"Myyntip\u00e4\u00e4llikk\u00f6","Arvioitu lukuaika":"2 minuuttia"},"schema":{"@context":"https:\/\/schema.org","@graph":[{"@type":"Article","@id":"https:\/\/www.tuky.fi\/etusivu\/news\/haku-tuky-corporate-relations-tiimiin-on-nyt-auki\/#article","isPartOf":{"@id":"https:\/\/www.tuky.fi\/etusivu\/news\/haku-tuky-corporate-relations-tiimiin-on-nyt-auki\/"},"author":{"name":"Myyntip\u00e4\u00e4llikk\u00f6","@id":"https:\/\/www.tuky.fi\/etusivu\/#\/schema\/person\/66e53fffc743e17ca9d5603336ee4d59"},"headline":"Haku TuKY Corporate Relations tiimiin on nyt auki!","datePublished":"2022-11-20T17:35:28+00:00","dateModified":"2022-11-20T17:35:30+00:00","mainEntityOfPage":{"@id":"https:\/\/www.tuky.fi\/etusivu\/news\/haku-tuky-corporate-relations-tiimiin-on-nyt-auki\/"},"wordCount":454,"commentCount":0,"publisher":{"@id":"https:\/\/www.tuky.fi\/etusivu\/#organization"},"articleSection":["news"],"inLanguage":"fi","potentialAction":[{"@type":"CommentAction","name":"Comment","target":["https:\/\/www.tuky.fi\/etusivu\/news\/haku-tuky-corporate-relations-tiimiin-on-nyt-auki\/#respond"]}]},{"@type":"WebPage","@id":"https:\/\/www.tuky.fi\/etusivu\/news\/haku-tuky-corporate-relations-tiimiin-on-nyt-auki\/","url":"https:\/\/www.tuky.fi\/etusivu\/news\/haku-tuky-corporate-relations-tiimiin-on-nyt-auki\/","name":"Haku TuKY Corporate Relations tiimiin on nyt auki! - Turun KY","isPartOf":{"@id":"https:\/\/www.tuky.fi\/etusivu\/#website"},"datePublished":"2022-11-20T17:35:28+00:00","dateModified":"2022-11-20T17:35:30+00:00","breadcrumb":{"@id":"https:\/\/www.tuky.fi\/etusivu\/news\/haku-tuky-corporate-relations-tiimiin-on-nyt-auki\/#breadcrumb"},"inLanguage":"fi","potentialAction":[{"@type":"ReadAction","target":["https:\/\/www.tuky.fi\/etusivu\/news\/haku-tuky-corporate-relations-tiimiin-on-nyt-auki\/"]}]},{"@type":"BreadcrumbList","@id":"https:\/\/www.tuky.fi\/etusivu\/news\/haku-tuky-corporate-relations-tiimiin-on-nyt-auki\/#breadcrumb","itemListElement":[{"@type":"ListItem","position":1,"name":"Etusivu","item":"https:\/\/www.tuky.fi\/etusivu\/"},{"@type":"ListItem","position":2,"name":"Haku TuKY Corporate Relations tiimiin on nyt auki!"}]},{"@type":"WebSite","@id":"https:\/\/www.tuky.fi\/etusivu\/#website","url":"https:\/\/www.tuky.fi\/etusivu\/","name":"Turun KY","description":"TuKY","publisher":{"@id":"https:\/\/www.tuky.fi\/etusivu\/#organization"},"alternateName":"TuKY","potentialAction":[{"@type":"SearchAction","target":{"@type":"EntryPoint","urlTemplate":"https:\/\/www.tuky.fi\/etusivu\/?s={search_term_string}"},"query-input":{"@type":"PropertyValueSpecification","valueRequired":true,"valueName":"search_term_string"}}],"inLanguage":"fi"},{"@type":"Organization","@id":"https:\/\/www.tuky.fi\/etusivu\/#organization","name":"Turun KY","alternateName":"TuKY","url":"https:\/\/www.tuky.fi\/etusivu\/","logo":{"@type":"ImageObject","inLanguage":"fi","@id":"https:\/\/www.tuky.fi\/etusivu\/#\/schema\/logo\/image\/","url":"https:\/\/www.tuky.fi\/wp-content\/uploads\/2024\/09\/TuKY-logo-kulta-1.png","contentUrl":"https:\/\/www.tuky.fi\/wp-content\/uploads\/2024\/09\/TuKY-logo-kulta-1.png","width":1080,"height":1080,"caption":"Turun KY"},"image":{"@id":"https:\/\/www.tuky.fi\/etusivu\/#\/schema\/logo\/image\/"},"sameAs":["https:\/\/instagram.com\/turunky","https:\/\/linkedin.com\/turunky"]},{"@type":"Person","@id":"https:\/\/www.tuky.fi\/etusivu\/#\/schema\/person\/66e53fffc743e17ca9d5603336ee4d59","name":"Myyntip\u00e4\u00e4llikk\u00f6","image":{"@type":"ImageObject","inLanguage":"fi","@id":"https:\/\/secure.gravatar.com\/avatar\/8b962a9242c53dff7d2be24f16a604a8094c1e5fbb76a692d2c8aa5be966ed37?s=96&d=mm&r=g","url":"https:\/\/secure.gravatar.com\/avatar\/8b962a9242c53dff7d2be24f16a604a8094c1e5fbb76a692d2c8aa5be966ed37?s=96&d=mm&r=g","contentUrl":"https:\/\/secure.gravatar.com\/avatar\/8b962a9242c53dff7d2be24f16a604a8094c1e5fbb76a692d2c8aa5be966ed37?s=96&d=mm&r=g","caption":"Myyntip\u00e4\u00e4llikk\u00f6"},"url":"https:\/\/www.tuky.fi\/etusivu\/author\/ky-myyntipaallikko\/"}]}},"lang":"fi","translations":{"fi":42981},"pll_sync_post":[],"_links":{"self":[{"href":"https:\/\/www.tuky.fi\/etusivu\/wp-json\/wp\/v2\/posts\/42981","targetHints":{"allow":["GET"]}}],"collection":[{"href":"https:\/\/www.tuky.fi\/etusivu\/wp-json\/wp\/v2\/posts"}],"about":[{"href":"https:\/\/www.tuky.fi\/etusivu\/wp-json\/wp\/v2\/types\/post"}],"author":[{"embeddable":true,"href":"https:\/\/www.tuky.fi\/etusivu\/wp-json\/wp\/v2\/users\/42"}],"replies":[{"embeddable":true,"href":"https:\/\/www.tuky.fi\/etusivu\/wp-json\/wp\/v2\/comments?post=42981"}],"version-history":[{"count":0,"href":"https:\/\/www.tuky.fi\/etusivu\/wp-json\/wp\/v2\/posts\/42981\/revisions"}],"wp:attachment":[{"href":"https:\/\/www.tuky.fi\/etusivu\/wp-json\/wp\/v2\/media?parent=42981"}],"wp:term":[{"taxonomy":"category","embeddable":true,"href":"https:\/\/www.tuky.fi\/etusivu\/wp-json\/wp\/v2\/categories?post=42981"},{"taxonomy":"post_tag","embeddable":true,"href":"https:\/\/www.tuky.fi\/etusivu\/wp-json\/wp\/v2\/tags?post=42981"}],"curies":[{"name":"wp","href":"https:\/\/api.w.org\/{rel}","templated":true}]}}