{"id":42971,"date":"2022-11-20T21:03:09","date_gmt":"2022-11-20T18:03:09","guid":{"rendered":"https:\/\/www.tuky.fi\/etusivu\/?p=42971"},"modified":"2022-11-20T21:28:26","modified_gmt":"2022-11-20T18:28:26","slug":"pikkulaskiaisen-tiimilaiset-esittaytyvat","status":"publish","type":"post","link":"https:\/\/www.tuky.fi\/etusivu\/news\/pikkulaskiaisen-tiimilaiset-esittaytyvat\/","title":{"rendered":"Pikkulaskiaisen tiimil\u00e4iset esitt\u00e4ytyv\u00e4t"},"content":{"rendered":"<p>[et_pb_section fb_built=&#8221;1&#8243; theme_builder_area=&#8221;post_content&#8221; _builder_version=&#8221;4.19.1&#8243; _module_preset=&#8221;default&#8221;][et_pb_row _builder_version=&#8221;4.19.1&#8243; _module_preset=&#8221;default&#8221; column_structure=&#8221;1_2,1_2&#8243; theme_builder_area=&#8221;post_content&#8221; min_height=&#8221;332px&#8221; custom_margin=&#8221;|auto|-72px|auto||&#8221;][et_pb_column _builder_version=&#8221;4.19.1&#8243; _module_preset=&#8221;default&#8221; type=&#8221;1_2&#8243; theme_builder_area=&#8221;post_content&#8221;][et_pb_text _builder_version=&#8221;4.19.1&#8243; _module_preset=&#8221;default&#8221; theme_builder_area=&#8221;post_content&#8221; hover_enabled=&#8221;0&#8243; sticky_enabled=&#8221;0&#8243; min_height=&#8221;169px&#8221; custom_margin=&#8221;-5px||5px|||&#8221; custom_padding=&#8221;83px|||||&#8221;]<\/p>\n<p><strong>Saana Elovirta, 1. vsk., Lipputiimi<\/strong><\/p>\n<p><span data-sheets-value=\"{&quot;1&quot;:2,&quot;2&quot;:&quot;Mit\u00e4 odotat p\u00e4\u00e4sev\u00e4si tekem\u00e4\u00e4n osana Pikkulaskiaisen tiimi\u00e4? &quot;}\" data-sheets-userformat=\"{&quot;2&quot;:311296,&quot;17&quot;:0,&quot;18&quot;:0,&quot;21&quot;:0}\">Mit\u00e4 odotat p\u00e4\u00e4sev\u00e4si tekem\u00e4\u00e4n osana Pikkulaskiaisen tiimi\u00e4?<\/span><\/p>\n<p><span data-sheets-value=\"{&quot;1&quot;:2,&quot;2&quot;:&quot;Odotan p\u00e4\u00e4sev\u00e4ni toimimaan osana huikeaa tiimi\u00e4 ja rakentamaan unohtumatonta tapahtumaa. &quot;}\" data-sheets-userformat=\"{&quot;2&quot;:513,&quot;3&quot;:{&quot;1&quot;:0},&quot;12&quot;:0}\">Odotan p\u00e4\u00e4sev\u00e4ni toimimaan osana huikeaa tiimi\u00e4 ja rakentamaan unohtumatonta tapahtumaa. <\/span><\/p>\n<p>[\/et_pb_text][\/et_pb_column][et_pb_column _builder_version=&#8221;4.19.1&#8243; _module_preset=&#8221;default&#8221; type=&#8221;1_2&#8243; theme_builder_area=&#8221;post_content&#8221;][et_pb_team_member image_url=&#8221;http:\/\/www.tuky.fi\/wp-content\/uploads\/2022\/11\/image.jpeg&#8221; _builder_version=&#8221;4.19.1&#8243; _module_preset=&#8221;default&#8221; theme_builder_area=&#8221;post_content&#8221; title_text=&#8221;image&#8221; width=&#8221;86%&#8221; hover_enabled=&#8221;0&#8243; sticky_enabled=&#8221;0&#8243; custom_padding=&#8221;|75px||||&#8221;][\/et_pb_team_member][\/et_pb_column][\/et_pb_row][et_pb_row _builder_version=&#8221;4.19.1&#8243; _module_preset=&#8221;default&#8221; column_structure=&#8221;1_2,1_2&#8243; theme_builder_area=&#8221;post_content&#8221; min_height=&#8221;285px&#8221; custom_margin=&#8221;|auto|-66px|auto||&#8221; custom_padding=&#8221;86px||0px|||&#8221;][et_pb_column _builder_version=&#8221;4.19.1&#8243; _module_preset=&#8221;default&#8221; type=&#8221;1_2&#8243; theme_builder_area=&#8221;post_content&#8221;][et_pb_team_member image_url=&#8221;http:\/\/www.tuky.fi\/wp-content\/uploads\/2022\/11\/Roosa-Randell.jpeg&#8221; _builder_version=&#8221;4.19.1&#8243; _module_preset=&#8221;default&#8221; theme_builder_area=&#8221;post_content&#8221; title_text=&#8221;Roosa Randell&#8221; width=&#8221;89%&#8221; custom_margin=&#8221;||-120px|||&#8221; min_height=&#8221;523px&#8221; custom_padding=&#8221;|94px||29px||&#8221; hover_enabled=&#8221;0&#8243; sticky_enabled=&#8221;0&#8243;][\/et_pb_team_member][\/et_pb_column][et_pb_column _builder_version=&#8221;4.19.1&#8243; _module_preset=&#8221;default&#8221; type=&#8221;1_2&#8243; theme_builder_area=&#8221;post_content&#8221;][et_pb_text _builder_version=&#8221;4.19.1&#8243; _module_preset=&#8221;default&#8221; theme_builder_area=&#8221;post_content&#8221; hover_enabled=&#8221;0&#8243; sticky_enabled=&#8221;0&#8243; custom_padding=&#8221;91px|119px|3px|27px||&#8221; custom_margin=&#8221;||-97px|-61px||&#8221;]<\/p>\n<p><strong>Roosa Randell, 3. vsk. Somevastaava<\/strong><\/p>\n<p><span data-sheets-value=\"{&quot;1&quot;:2,&quot;2&quot;:&quot;Mit\u00e4 odotat p\u00e4\u00e4sev\u00e4si tekem\u00e4\u00e4n osana Pikkulaskiaisen tiimi\u00e4? &quot;}\" data-sheets-userformat=\"{&quot;2&quot;:311296,&quot;17&quot;:0,&quot;18&quot;:0,&quot;21&quot;:0}\">Mit\u00e4 odotat p\u00e4\u00e4sev\u00e4si tekem\u00e4\u00e4n osana Pikkulaskiaisen tiimi\u00e4? <\/span><\/p>\n<p><span data-sheets-value=\"{&quot;1&quot;:2,&quot;2&quot;:&quot;Odotan eniten, ett\u00e4 p\u00e4\u00e4sen n\u00e4kem\u00e4\u00e4n mist\u00e4 kaikesta tapahtuman j\u00e4rjest\u00e4minen varsinaisesti koostuu. Ja lis\u00e4ksi, ett\u00e4 p\u00e4\u00e4sen mukaan huikeaan porukkaan \ud83d\ude0e &quot;}\" data-sheets-userformat=\"{&quot;2&quot;:513,&quot;3&quot;:{&quot;1&quot;:0},&quot;12&quot;:0}\">Odotan eniten, ett\u00e4 p\u00e4\u00e4sen n\u00e4kem\u00e4\u00e4n mist\u00e4 kaikesta tapahtuman j\u00e4rjest\u00e4minen varsinaisesti koostuu. Ja lis\u00e4ksi, ett\u00e4 p\u00e4\u00e4sen mukaan huikeaan porukkaan \ud83d\ude0e <\/span><\/p>\n<p>[\/et_pb_text][\/et_pb_column][\/et_pb_row][et_pb_row _builder_version=&#8221;4.19.1&#8243; _module_preset=&#8221;default&#8221; column_structure=&#8221;1_2,1_2&#8243; theme_builder_area=&#8221;post_content&#8221; min_height=&#8221;410px&#8221; custom_padding=&#8221;86px|||||&#8221;][et_pb_column _builder_version=&#8221;4.19.1&#8243; _module_preset=&#8221;default&#8221; type=&#8221;1_2&#8243; theme_builder_area=&#8221;post_content&#8221;][et_pb_text _builder_version=&#8221;4.19.1&#8243; _module_preset=&#8221;default&#8221; theme_builder_area=&#8221;post_content&#8221; hover_enabled=&#8221;0&#8243; sticky_enabled=&#8221;0&#8243; custom_padding=&#8221;74px||2px|||&#8221;]<\/p>\n<p><strong>Elina Saarinen, 4. vsk., Approtiimi<\/strong><\/p>\n<p>Mit\u00e4 odotat p\u00e4\u00e4sev\u00e4si tekem\u00e4\u00e4n osana Pikkulaskiaisen tiimi\u00e4?<\/p>\n<p><span data-sheets-value=\"{&quot;1&quot;:2,&quot;2&quot;:&quot;Mahdollistamaan muille opiskelijoille edes murto-osan siit\u00e4 ilosta, jonka olen itse p\u00e4\u00e4ssyt kokemaan Pikkulaskiaisessa &lt;3&quot;}\" data-sheets-userformat=\"{&quot;2&quot;:513,&quot;3&quot;:{&quot;1&quot;:0},&quot;12&quot;:0}\">Mahdollistamaan muille opiskelijoille edes murto-osan siit\u00e4 ilosta, jonka olen itse p\u00e4\u00e4ssyt kokemaan Pikkulaskiaisessa &lt;3<\/span><\/p>\n<p>[\/et_pb_text][\/et_pb_column][et_pb_column _builder_version=&#8221;4.19.1&#8243; _module_preset=&#8221;default&#8221; type=&#8221;1_2&#8243; theme_builder_area=&#8221;post_content&#8221;][et_pb_team_member image_url=&#8221;http:\/\/www.tuky.fi\/wp-content\/uploads\/2022\/11\/Elina-Saarinen-scaled.jpg&#8221; _builder_version=&#8221;4.19.1&#8243; _module_preset=&#8221;default&#8221; theme_builder_area=&#8221;post_content&#8221; title_text=&#8221;Processed with VSCO with g3 preset&#8221; hover_enabled=&#8221;0&#8243; sticky_enabled=&#8221;0&#8243; custom_padding=&#8221;|114px||14px||&#8221; position_text_align=&#8221;center&#8221;][\/et_pb_team_member][\/et_pb_column][\/et_pb_row][et_pb_row _builder_version=&#8221;4.19.1&#8243; _module_preset=&#8221;default&#8221; column_structure=&#8221;1_2,1_2&#8243; theme_builder_area=&#8221;post_content&#8221; min_height=&#8221;375px&#8221; custom_padding=&#8221;83px||3px|||&#8221; custom_margin=&#8221;-60px|auto||auto||&#8221;][et_pb_column _builder_version=&#8221;4.19.1&#8243; _module_preset=&#8221;default&#8221; type=&#8221;1_2&#8243; theme_builder_area=&#8221;post_content&#8221;][et_pb_team_member image_url=&#8221;http:\/\/www.tuky.fi\/wp-content\/uploads\/2022\/11\/Jasmin-Paukkunen.jpeg&#8221; _builder_version=&#8221;4.19.1&#8243; _module_preset=&#8221;default&#8221; theme_builder_area=&#8221;post_content&#8221; hover_enabled=&#8221;0&#8243; sticky_enabled=&#8221;0&#8243; title_text=&#8221;Jasmin Paukkunen&#8221; custom_padding=&#8221;|19px|1px|1px||&#8221; custom_margin=&#8221;|||26px||&#8221; width=&#8221;74.9%&#8221;][\/et_pb_team_member][\/et_pb_column][et_pb_column _builder_version=&#8221;4.19.1&#8243; _module_preset=&#8221;default&#8221; type=&#8221;1_2&#8243; theme_builder_area=&#8221;post_content&#8221;][et_pb_text _builder_version=&#8221;4.19.1&#8243; _module_preset=&#8221;default&#8221; theme_builder_area=&#8221;post_content&#8221; hover_enabled=&#8221;0&#8243; sticky_enabled=&#8221;0&#8243; custom_margin=&#8221;|34px|80px|-27px||&#8221; width=&#8221;100%&#8221; min_height=&#8221;168px&#8221; custom_padding=&#8221;89px|||||&#8221;]<\/p>\n<p><strong>Jasmin Paukkunen, 2. vsk., Approtiimi<\/strong><\/p>\n<p><span data-sheets-value=\"{&quot;1&quot;:2,&quot;2&quot;:&quot;Mit\u00e4 odotat p\u00e4\u00e4sev\u00e4si tekem\u00e4\u00e4n osana Pikkulaskiaisen tiimi\u00e4? &quot;}\" data-sheets-userformat=\"{&quot;2&quot;:311296,&quot;17&quot;:0,&quot;18&quot;:0,&quot;21&quot;:0}\">Mit\u00e4 odotat p\u00e4\u00e4sev\u00e4si tekem\u00e4\u00e4n osana Pikkulaskiaisen tiimi\u00e4? <\/span><\/p>\n<p><span data-sheets-value=\"{&quot;1&quot;:2,&quot;2&quot;:&quot;Odotan p\u00e4\u00e4sev\u00e4ni haastamaan itse\u00e4ni appropaikkojen neuvotteluissa, oppimaan uutta sek\u00e4 tietty ty\u00f6skentelem\u00e4\u00e4n hyv\u00e4ss\u00e4 porukassa! :)&quot;}\" data-sheets-userformat=\"{&quot;2&quot;:513,&quot;3&quot;:{&quot;1&quot;:0},&quot;12&quot;:0}\">Odotan p\u00e4\u00e4sev\u00e4ni haastamaan itse\u00e4ni appropaikkojen neuvotteluissa, oppimaan uutta sek\u00e4 tietty ty\u00f6skentelem\u00e4\u00e4n hyv\u00e4ss\u00e4 porukassa! \ud83d\ude42<\/span><\/p>\n<p>[\/et_pb_text][\/et_pb_column][\/et_pb_row][et_pb_row _builder_version=&#8221;4.19.1&#8243; _module_preset=&#8221;default&#8221; column_structure=&#8221;1_2,1_2&#8243; theme_builder_area=&#8221;post_content&#8221; custom_padding=&#8221;0px||2px|||&#8221; custom_margin=&#8221;-67px|auto||auto||&#8221; min_height=&#8221;429px&#8221;][et_pb_column _builder_version=&#8221;4.19.1&#8243; _module_preset=&#8221;default&#8221; type=&#8221;1_2&#8243; theme_builder_area=&#8221;post_content&#8221;][et_pb_text _builder_version=&#8221;4.19.1&#8243; _module_preset=&#8221;default&#8221; theme_builder_area=&#8221;post_content&#8221; hover_enabled=&#8221;0&#8243; sticky_enabled=&#8221;0&#8243; custom_margin=&#8221;121px||140px|||&#8221;]<\/p>\n<p><strong>Elmer Vil\u00e9n, 4. vsk., M\u00e4kitiimi<\/strong><\/p>\n<p><span data-sheets-value=\"{&quot;1&quot;:2,&quot;2&quot;:&quot;Mit\u00e4 odotat p\u00e4\u00e4sev\u00e4si tekem\u00e4\u00e4n osana Pikkulaskiaisen tiimi\u00e4? &quot;}\" data-sheets-userformat=\"{&quot;2&quot;:311296,&quot;17&quot;:0,&quot;18&quot;:0,&quot;21&quot;:0}\">Mit\u00e4 odotat p\u00e4\u00e4sev\u00e4si tekem\u00e4\u00e4n osana Pikkulaskiaisen tiimi\u00e4? <\/span><\/p>\n<p><span data-sheets-value=\"{&quot;1&quot;:2,&quot;2&quot;:&quot;Odotan, ett\u00e4 p\u00e4\u00e4sen yhdess\u00e4 Pikun ja muun Pikkuperheen kanssa j\u00e4rjest\u00e4m\u00e4\u00e4n kanssaopiskelijoille unohtumattoman m\u00e4kitapahtuman!&quot;}\" data-sheets-userformat=\"{&quot;2&quot;:513,&quot;3&quot;:{&quot;1&quot;:0},&quot;12&quot;:0}\">Odotan, ett\u00e4 p\u00e4\u00e4sen yhdess\u00e4 Pikun ja muun Pikkuperheen kanssa j\u00e4rjest\u00e4m\u00e4\u00e4n kanssaopiskelijoille unohtumattoman m\u00e4kitapahtuman!<\/span><\/p>\n<p>[\/et_pb_text][\/et_pb_column][et_pb_column _builder_version=&#8221;4.19.1&#8243; _module_preset=&#8221;default&#8221; type=&#8221;1_2&#8243; theme_builder_area=&#8221;post_content&#8221;][et_pb_team_member image_url=&#8221;http:\/\/www.tuky.fi\/wp-content\/uploads\/2022\/11\/Elmer-Vilen.jpg&#8221; _builder_version=&#8221;4.19.1&#8243; _module_preset=&#8221;default&#8221; theme_builder_area=&#8221;post_content&#8221; title_text=&#8221;Elmer Vil\u00e9n&#8221; hover_enabled=&#8221;0&#8243; sticky_enabled=&#8221;0&#8243; custom_padding=&#8221;|115px||||&#8221; min_height=&#8221;271px&#8221;][\/et_pb_team_member][\/et_pb_column][\/et_pb_row][et_pb_row _builder_version=&#8221;4.19.1&#8243; _module_preset=&#8221;default&#8221; column_structure=&#8221;1_2,1_2&#8243; theme_builder_area=&#8221;post_content&#8221; custom_padding=&#8221;0px||0px|||&#8221; custom_margin=&#8221;-73px|auto|-86px|auto||&#8221; hover_enabled=&#8221;0&#8243; sticky_enabled=&#8221;0&#8243;][et_pb_column _builder_version=&#8221;4.19.1&#8243; _module_preset=&#8221;default&#8221; type=&#8221;1_2&#8243; theme_builder_area=&#8221;post_content&#8221;][et_pb_team_member image_url=&#8221;http:\/\/www.tuky.fi\/wp-content\/uploads\/2022\/11\/Akseli-Masseli-1.jpeg&#8221; _builder_version=&#8221;4.19.1&#8243; _module_preset=&#8221;default&#8221; theme_builder_area=&#8221;post_content&#8221; title_text=&#8221;Akseli M\u00e4sseli (1)&#8221; hover_enabled=&#8221;0&#8243; sticky_enabled=&#8221;0&#8243; custom_padding=&#8221;|108px||29px||&#8221;][\/et_pb_team_member][\/et_pb_column][et_pb_column _builder_version=&#8221;4.19.1&#8243; _module_preset=&#8221;default&#8221; type=&#8221;1_2&#8243; theme_builder_area=&#8221;post_content&#8221;][et_pb_text _builder_version=&#8221;4.19.1&#8243; _module_preset=&#8221;default&#8221; theme_builder_area=&#8221;post_content&#8221; hover_enabled=&#8221;0&#8243; sticky_enabled=&#8221;0&#8243; width=&#8221;96.8%&#8221; custom_margin=&#8221;121px|71px|144px|-54px||&#8221;]<\/p>\n<p><strong>Akseli M\u00e4sseli, 3. vsk., M\u00e4kitiimi<\/strong><\/p>\n<p><span data-sheets-value=\"{&quot;1&quot;:2,&quot;2&quot;:&quot;Mit\u00e4 odotat p\u00e4\u00e4sev\u00e4si tekem\u00e4\u00e4n osana Pikkulaskiaisen tiimi\u00e4? &quot;}\" data-sheets-userformat=\"{&quot;2&quot;:311296,&quot;17&quot;:0,&quot;18&quot;:0,&quot;21&quot;:0}\">Mit\u00e4 odotat p\u00e4\u00e4sev\u00e4si tekem\u00e4\u00e4n osana Pikkulaskiaisen tiimi\u00e4? <\/span><\/p>\n<p><span data-sheets-value=\"{&quot;1&quot;:2,&quot;2&quot;:&quot;J\u00e4rjest\u00e4m\u00e4\u00e4n Suomen lumisinta ja kauneinta opiskelijatapahtumaa&quot;}\" data-sheets-userformat=\"{&quot;2&quot;:513,&quot;3&quot;:{&quot;1&quot;:0},&quot;12&quot;:0}\">J\u00e4rjest\u00e4m\u00e4\u00e4n Suomen lumisinta ja kauneinta opiskelijatapahtumaa<\/span><\/p>\n<p>[\/et_pb_text][\/et_pb_column][\/et_pb_row][et_pb_row _builder_version=&#8221;4.19.1&#8243; _module_preset=&#8221;default&#8221; column_structure=&#8221;1_2,1_2&#8243; theme_builder_area=&#8221;post_content&#8221; custom_padding=&#8221;0px||0px|||&#8221;][et_pb_column _builder_version=&#8221;4.19.1&#8243; _module_preset=&#8221;default&#8221; type=&#8221;1_2&#8243; theme_builder_area=&#8221;post_content&#8221;][et_pb_text _builder_version=&#8221;4.19.1&#8243; _module_preset=&#8221;default&#8221; theme_builder_area=&#8221;post_content&#8221; hover_enabled=&#8221;0&#8243; sticky_enabled=&#8221;0&#8243; custom_margin=&#8221;120px||119px|||&#8221;]<\/p>\n<p><strong>Elli Murto, 3. vsk., AD-tiimi<\/strong><\/p>\n<p><span data-sheets-value=\"{&quot;1&quot;:2,&quot;2&quot;:&quot;Mit\u00e4 odotat p\u00e4\u00e4sev\u00e4si tekem\u00e4\u00e4n osana Pikkulaskiaisen tiimi\u00e4? &quot;}\" data-sheets-userformat=\"{&quot;2&quot;:311296,&quot;17&quot;:0,&quot;18&quot;:0,&quot;21&quot;:0}\">Mit\u00e4 odotat p\u00e4\u00e4sev\u00e4si tekem\u00e4\u00e4n osana Pikkulaskiaisen tiimi\u00e4? <\/span><\/p>\n<p><span data-sheets-value=\"{&quot;1&quot;:2,&quot;2&quot;:&quot;Odotan innolla, ett\u00e4 p\u00e4\u00e4sen suunnittelemaan ja toteuttamaan yhdess\u00e4 markkinointitiimin kanssa Pikkulaskiaisen 2023 visuaalista ilmett\u00e4.&quot;}\" data-sheets-userformat=\"{&quot;2&quot;:513,&quot;3&quot;:{&quot;1&quot;:0},&quot;12&quot;:0}\">Odotan innolla, ett\u00e4 p\u00e4\u00e4sen suunnittelemaan ja toteuttamaan yhdess\u00e4 markkinointitiimin kanssa Pikkulaskiaisen 2023 visuaalista ilmett\u00e4.<\/span><\/p>\n<p>[\/et_pb_text][\/et_pb_column][et_pb_column _builder_version=&#8221;4.19.1&#8243; _module_preset=&#8221;default&#8221; type=&#8221;1_2&#8243; theme_builder_area=&#8221;post_content&#8221;][et_pb_team_member image_url=&#8221;http:\/\/www.tuky.fi\/wp-content\/uploads\/2022\/11\/Elli-Murto.jpg&#8221; _builder_version=&#8221;4.19.1&#8243; _module_preset=&#8221;default&#8221; theme_builder_area=&#8221;post_content&#8221; title_text=&#8221;Elli Murto&#8221; hover_enabled=&#8221;0&#8243; sticky_enabled=&#8221;0&#8243; custom_padding=&#8221;|121px||||&#8221;][\/et_pb_team_member][\/et_pb_column][\/et_pb_row][et_pb_row _builder_version=&#8221;4.19.1&#8243; _module_preset=&#8221;default&#8221; column_structure=&#8221;1_2,1_2&#8243; theme_builder_area=&#8221;post_content&#8221; custom_margin=&#8221;-69px|auto||auto||&#8221;][et_pb_column _builder_version=&#8221;4.19.1&#8243; _module_preset=&#8221;default&#8221; type=&#8221;1_2&#8243; theme_builder_area=&#8221;post_content&#8221;][et_pb_team_member image_url=&#8221;http:\/\/www.tuky.fi\/wp-content\/uploads\/2022\/11\/Inga-scaled.jpeg&#8221; _builder_version=&#8221;4.19.1&#8243; _module_preset=&#8221;default&#8221; theme_builder_area=&#8221;post_content&#8221; title_text=&#8221;Inga&#8221; hover_enabled=&#8221;0&#8243; sticky_enabled=&#8221;0&#8243; custom_padding=&#8221;|69px||32px||&#8221;][\/et_pb_team_member][\/et_pb_column][et_pb_column _builder_version=&#8221;4.19.1&#8243; _module_preset=&#8221;default&#8221; type=&#8221;1_2&#8243; theme_builder_area=&#8221;post_content&#8221;][et_pb_text _builder_version=&#8221;4.19.1&#8243; _module_preset=&#8221;default&#8221; theme_builder_area=&#8221;post_content&#8221; hover_enabled=&#8221;0&#8243; sticky_enabled=&#8221;0&#8243; custom_margin=&#8221;98px||115px|-33px||&#8221; custom_padding=&#8221;|54px||||&#8221;]<\/p>\n<p><strong>Inga Brandys, 1. vsk., AD-tiimi<\/strong><\/p>\n<p><span data-sheets-value=\"{&quot;1&quot;:2,&quot;2&quot;:&quot;Mit\u00e4 odotat p\u00e4\u00e4sev\u00e4si tekem\u00e4\u00e4n osana Pikkulaskiaisen tiimi\u00e4? &quot;}\" data-sheets-userformat=\"{&quot;2&quot;:311296,&quot;17&quot;:0,&quot;18&quot;:0,&quot;21&quot;:0}\">Mit\u00e4 odotat p\u00e4\u00e4sev\u00e4si tekem\u00e4\u00e4n osana Pikkulaskiaisen tiimi\u00e4? <\/span><\/p>\n<p><span data-sheets-value=\"{&quot;1&quot;:2,&quot;2&quot;:&quot;Luoda unohtumaton tapahtuma ja edist\u00e4\u00e4 Pikkulaskiaisen visuaalista toteutusta\ud83d\ude0e&quot;}\" data-sheets-userformat=\"{&quot;2&quot;:513,&quot;3&quot;:{&quot;1&quot;:0},&quot;12&quot;:0}\">Luoda unohtumaton tapahtuma ja edist\u00e4\u00e4 Pikkulaskiaisen visuaalista toteutusta\ud83d\ude0e<\/span><\/p>\n<p>[\/et_pb_text][\/et_pb_column][\/et_pb_row][et_pb_row _builder_version=&#8221;4.19.1&#8243; _module_preset=&#8221;default&#8221; column_structure=&#8221;1_2,1_2&#8243; theme_builder_area=&#8221;post_content&#8221; custom_margin=&#8221;-18px|auto||auto||&#8221; custom_padding=&#8221;2px|||||&#8221;][et_pb_column _builder_version=&#8221;4.19.1&#8243; _module_preset=&#8221;default&#8221; type=&#8221;1_2&#8243; theme_builder_area=&#8221;post_content&#8221;][et_pb_text _builder_version=&#8221;4.19.1&#8243; _module_preset=&#8221;default&#8221; theme_builder_area=&#8221;post_content&#8221; hover_enabled=&#8221;0&#8243; sticky_enabled=&#8221;0&#8243; min_height=&#8221;77px&#8221; custom_padding=&#8221;||96px|||&#8221; custom_margin=&#8221;86px|||||&#8221;]<\/p>\n<p><strong>Akseli Tiitta, 4. vsk., Tuotantoassistentti<\/strong><\/p>\n<p><span data-sheets-value=\"{&quot;1&quot;:2,&quot;2&quot;:&quot;Mit\u00e4 odotat p\u00e4\u00e4sev\u00e4si tekem\u00e4\u00e4n osana Pikkulaskiaisen tiimi\u00e4? &quot;}\" data-sheets-userformat=\"{&quot;2&quot;:311296,&quot;17&quot;:0,&quot;18&quot;:0,&quot;21&quot;:0}\">Mit\u00e4 odotat p\u00e4\u00e4sev\u00e4si tekem\u00e4\u00e4n osana Pikkulaskiaisen tiimi\u00e4? <\/span><\/p>\n<p><span data-sheets-value=\"{&quot;1&quot;:2,&quot;2&quot;:&quot;Parhaat jatkoartistit ja paikat jokaisen makuun! &quot;}\" data-sheets-userformat=\"{&quot;2&quot;:513,&quot;3&quot;:{&quot;1&quot;:0},&quot;12&quot;:0}\">Parhaat jatkoartistit ja paikat jokaisen makuun! <\/span><\/p>\n<p>[\/et_pb_text][\/et_pb_column][et_pb_column _builder_version=&#8221;4.19.1&#8243; _module_preset=&#8221;default&#8221; type=&#8221;1_2&#8243; theme_builder_area=&#8221;post_content&#8221;][et_pb_team_member image_url=&#8221;http:\/\/www.tuky.fi\/wp-content\/uploads\/2022\/11\/Akseli-Tiitta-scaled.jpeg&#8221; _builder_version=&#8221;4.19.1&#8243; _module_preset=&#8221;default&#8221; theme_builder_area=&#8221;post_content&#8221; title_text=&#8221;Akseli Tiitta&#8221; hover_enabled=&#8221;0&#8243; sticky_enabled=&#8221;0&#8243; custom_margin=&#8221;|143px||||&#8221; width=&#8221;65.7%&#8221;][\/et_pb_team_member][\/et_pb_column][\/et_pb_row][\/et_pb_section]<\/p>\n","protected":false},"excerpt":{"rendered":"<p>Saana Elovirta, 1. vsk., Lipputiimi Mit\u00e4 odotat p\u00e4\u00e4sev\u00e4si tekem\u00e4\u00e4n osana Pikkulaskiaisen tiimi\u00e4? Odotan p\u00e4\u00e4sev\u00e4ni toimimaan osana huikeaa tiimi\u00e4 ja rakentamaan unohtumatonta tapahtumaa. Roosa Randell, 3. vsk. Somevastaava Mit\u00e4 odotat p\u00e4\u00e4sev\u00e4si [&hellip;]<\/p>\n","protected":false},"author":5,"featured_media":0,"comment_status":"open","ping_status":"open","sticky":false,"template":"","format":"standard","meta":{"_et_pb_use_builder":"on","_et_pb_old_content":"<!-- wp:paragraph -->\n<p><strong>Saana Elovirta, Lipputiimi<\/strong>, <strong>1. vsk.<\/strong><\/p>\n<!-- \/wp:paragraph -->\n\n<!-- wp:image {\"id\":42973,\"width\":177,\"height\":236,\"sizeSlug\":\"large\",\"linkDestination\":\"none\"} -->\n<figure class=\"wp-block-image size-large is-resized\"><img src=\"https:\/\/www.tuky.fi\/wp-content\/uploads\/2022\/11\/Saana-Elovirta-768x1024.jpeg\" alt=\"\" class=\"wp-image-42973\" width=\"177\" height=\"236\"\/><\/figure>\n<!-- \/wp:image -->\n\n<!-- wp:paragraph {\"align\":\"left\"} -->\n<p class=\"has-text-align-left\">Mit\u00e4 odotat p\u00e4\u00e4sev\u00e4si tekem\u00e4\u00e4n osana Pikkulaskiaisen tiimi\u00e4?<\/p>\n<!-- \/wp:paragraph -->\n\n<!-- wp:paragraph {\"align\":\"left\"} -->\n<p class=\"has-text-align-left\">Odotan p\u00e4\u00e4sev\u00e4ni toimimaan osana huikeaa tiimi\u00e4 ja rakentamaan unohtumatonta tapahtumaa.<\/p>\n<!-- \/wp:paragraph -->","_et_gb_content_width":"","footnotes":""},"categories":[4],"tags":[],"class_list":["post-42971","post","type-post","status-publish","format-standard","hentry","category-news"],"yoast_head":"<!-- This site is optimized with the Yoast SEO plugin v27.2 - https:\/\/yoast.com\/product\/yoast-seo-wordpress\/ -->\n<title>Pikkulaskiaisen tiimil\u00e4iset esitt\u00e4ytyv\u00e4t - Turun KY<\/title>\n<meta name=\"robots\" content=\"index, follow, max-snippet:-1, max-image-preview:large, max-video-preview:-1\" \/>\n<link rel=\"canonical\" href=\"https:\/\/www.tuky.fi\/etusivu\/news\/pikkulaskiaisen-tiimilaiset-esittaytyvat\/\" \/>\n<meta property=\"og:locale\" content=\"fi_FI\" \/>\n<meta property=\"og:type\" content=\"article\" \/>\n<meta property=\"og:title\" content=\"Pikkulaskiaisen tiimil\u00e4iset esitt\u00e4ytyv\u00e4t - Turun KY\" \/>\n<meta property=\"og:description\" content=\"Saana Elovirta, 1. vsk., Lipputiimi Mit\u00e4 odotat p\u00e4\u00e4sev\u00e4si tekem\u00e4\u00e4n osana Pikkulaskiaisen tiimi\u00e4? Odotan p\u00e4\u00e4sev\u00e4ni toimimaan osana huikeaa tiimi\u00e4 ja rakentamaan unohtumatonta tapahtumaa. Roosa Randell, 3. vsk. Somevastaava Mit\u00e4 odotat p\u00e4\u00e4sev\u00e4si [&hellip;]\" \/>\n<meta property=\"og:url\" content=\"https:\/\/www.tuky.fi\/etusivu\/news\/pikkulaskiaisen-tiimilaiset-esittaytyvat\/\" \/>\n<meta property=\"og:site_name\" content=\"Turun KY\" \/>\n<meta property=\"article:published_time\" content=\"2022-11-20T18:03:09+00:00\" \/>\n<meta property=\"article:modified_time\" content=\"2022-11-20T18:28:26+00:00\" \/>\n<meta name=\"author\" content=\"Toiminnanjohtaja\" \/>\n<meta name=\"twitter:card\" content=\"summary_large_image\" \/>\n<meta name=\"twitter:label1\" content=\"Kirjoittanut\" \/>\n\t<meta name=\"twitter:data1\" content=\"Toiminnanjohtaja\" \/>\n\t<meta name=\"twitter:label2\" content=\"Arvioitu lukuaika\" \/>\n\t<meta name=\"twitter:data2\" content=\"7 minuuttia\" \/>\n<script type=\"application\/ld+json\" class=\"yoast-schema-graph\">{\"@context\":\"https:\/\/schema.org\",\"@graph\":[{\"@type\":\"Article\",\"@id\":\"https:\/\/www.tuky.fi\/etusivu\/news\/pikkulaskiaisen-tiimilaiset-esittaytyvat\/#article\",\"isPartOf\":{\"@id\":\"https:\/\/www.tuky.fi\/etusivu\/news\/pikkulaskiaisen-tiimilaiset-esittaytyvat\/\"},\"author\":{\"name\":\"Toiminnanjohtaja\",\"@id\":\"https:\/\/www.tuky.fi\/etusivu\/#\/schema\/person\/857b2c80ba750df9646bcddb726bb422\"},\"headline\":\"Pikkulaskiaisen tiimil\u00e4iset esitt\u00e4ytyv\u00e4t\",\"datePublished\":\"2022-11-20T18:03:09+00:00\",\"dateModified\":\"2022-11-20T18:28:26+00:00\",\"mainEntityOfPage\":{\"@id\":\"https:\/\/www.tuky.fi\/etusivu\/news\/pikkulaskiaisen-tiimilaiset-esittaytyvat\/\"},\"wordCount\":1473,\"commentCount\":0,\"publisher\":{\"@id\":\"https:\/\/www.tuky.fi\/etusivu\/#organization\"},\"articleSection\":[\"news\"],\"inLanguage\":\"fi\",\"potentialAction\":[{\"@type\":\"CommentAction\",\"name\":\"Comment\",\"target\":[\"https:\/\/www.tuky.fi\/etusivu\/news\/pikkulaskiaisen-tiimilaiset-esittaytyvat\/#respond\"]}]},{\"@type\":\"WebPage\",\"@id\":\"https:\/\/www.tuky.fi\/etusivu\/news\/pikkulaskiaisen-tiimilaiset-esittaytyvat\/\",\"url\":\"https:\/\/www.tuky.fi\/etusivu\/news\/pikkulaskiaisen-tiimilaiset-esittaytyvat\/\",\"name\":\"Pikkulaskiaisen tiimil\u00e4iset esitt\u00e4ytyv\u00e4t - Turun KY\",\"isPartOf\":{\"@id\":\"https:\/\/www.tuky.fi\/etusivu\/#website\"},\"datePublished\":\"2022-11-20T18:03:09+00:00\",\"dateModified\":\"2022-11-20T18:28:26+00:00\",\"breadcrumb\":{\"@id\":\"https:\/\/www.tuky.fi\/etusivu\/news\/pikkulaskiaisen-tiimilaiset-esittaytyvat\/#breadcrumb\"},\"inLanguage\":\"fi\",\"potentialAction\":[{\"@type\":\"ReadAction\",\"target\":[\"https:\/\/www.tuky.fi\/etusivu\/news\/pikkulaskiaisen-tiimilaiset-esittaytyvat\/\"]}]},{\"@type\":\"BreadcrumbList\",\"@id\":\"https:\/\/www.tuky.fi\/etusivu\/news\/pikkulaskiaisen-tiimilaiset-esittaytyvat\/#breadcrumb\",\"itemListElement\":[{\"@type\":\"ListItem\",\"position\":1,\"name\":\"Etusivu\",\"item\":\"https:\/\/www.tuky.fi\/etusivu\/\"},{\"@type\":\"ListItem\",\"position\":2,\"name\":\"Pikkulaskiaisen tiimil\u00e4iset esitt\u00e4ytyv\u00e4t\"}]},{\"@type\":\"WebSite\",\"@id\":\"https:\/\/www.tuky.fi\/etusivu\/#website\",\"url\":\"https:\/\/www.tuky.fi\/etusivu\/\",\"name\":\"Turun KY\",\"description\":\"TuKY\",\"publisher\":{\"@id\":\"https:\/\/www.tuky.fi\/etusivu\/#organization\"},\"alternateName\":\"TuKY\",\"potentialAction\":[{\"@type\":\"SearchAction\",\"target\":{\"@type\":\"EntryPoint\",\"urlTemplate\":\"https:\/\/www.tuky.fi\/etusivu\/?s={search_term_string}\"},\"query-input\":{\"@type\":\"PropertyValueSpecification\",\"valueRequired\":true,\"valueName\":\"search_term_string\"}}],\"inLanguage\":\"fi\"},{\"@type\":\"Organization\",\"@id\":\"https:\/\/www.tuky.fi\/etusivu\/#organization\",\"name\":\"Turun KY\",\"alternateName\":\"TuKY\",\"url\":\"https:\/\/www.tuky.fi\/etusivu\/\",\"logo\":{\"@type\":\"ImageObject\",\"inLanguage\":\"fi\",\"@id\":\"https:\/\/www.tuky.fi\/etusivu\/#\/schema\/logo\/image\/\",\"url\":\"https:\/\/www.tuky.fi\/wp-content\/uploads\/2024\/09\/TuKY-logo-kulta-1.png\",\"contentUrl\":\"https:\/\/www.tuky.fi\/wp-content\/uploads\/2024\/09\/TuKY-logo-kulta-1.png\",\"width\":1080,\"height\":1080,\"caption\":\"Turun KY\"},\"image\":{\"@id\":\"https:\/\/www.tuky.fi\/etusivu\/#\/schema\/logo\/image\/\"},\"sameAs\":[\"https:\/\/instagram.com\/turunky\",\"https:\/\/linkedin.com\/turunky\"]},{\"@type\":\"Person\",\"@id\":\"https:\/\/www.tuky.fi\/etusivu\/#\/schema\/person\/857b2c80ba750df9646bcddb726bb422\",\"name\":\"Toiminnanjohtaja\",\"image\":{\"@type\":\"ImageObject\",\"inLanguage\":\"fi\",\"@id\":\"https:\/\/secure.gravatar.com\/avatar\/731cec3365faa756ce59a8037b7e863376e9ac12940fb890ed5b05758585cb35?s=96&d=mm&r=g\",\"url\":\"https:\/\/secure.gravatar.com\/avatar\/731cec3365faa756ce59a8037b7e863376e9ac12940fb890ed5b05758585cb35?s=96&d=mm&r=g\",\"contentUrl\":\"https:\/\/secure.gravatar.com\/avatar\/731cec3365faa756ce59a8037b7e863376e9ac12940fb890ed5b05758585cb35?s=96&d=mm&r=g\",\"caption\":\"Toiminnanjohtaja\"},\"url\":\"https:\/\/www.tuky.fi\/etusivu\/author\/toiminnanjohtaja\/\"}]}<\/script>\n<!-- \/ Yoast SEO plugin. -->","yoast_head_json":{"title":"Pikkulaskiaisen tiimil\u00e4iset esitt\u00e4ytyv\u00e4t - Turun KY","robots":{"index":"index","follow":"follow","max-snippet":"max-snippet:-1","max-image-preview":"max-image-preview:large","max-video-preview":"max-video-preview:-1"},"canonical":"https:\/\/www.tuky.fi\/etusivu\/news\/pikkulaskiaisen-tiimilaiset-esittaytyvat\/","og_locale":"fi_FI","og_type":"article","og_title":"Pikkulaskiaisen tiimil\u00e4iset esitt\u00e4ytyv\u00e4t - Turun KY","og_description":"Saana Elovirta, 1. vsk., Lipputiimi Mit\u00e4 odotat p\u00e4\u00e4sev\u00e4si tekem\u00e4\u00e4n osana Pikkulaskiaisen tiimi\u00e4? Odotan p\u00e4\u00e4sev\u00e4ni toimimaan osana huikeaa tiimi\u00e4 ja rakentamaan unohtumatonta tapahtumaa. Roosa Randell, 3. vsk. Somevastaava Mit\u00e4 odotat p\u00e4\u00e4sev\u00e4si [&hellip;]","og_url":"https:\/\/www.tuky.fi\/etusivu\/news\/pikkulaskiaisen-tiimilaiset-esittaytyvat\/","og_site_name":"Turun KY","article_published_time":"2022-11-20T18:03:09+00:00","article_modified_time":"2022-11-20T18:28:26+00:00","author":"Toiminnanjohtaja","twitter_card":"summary_large_image","twitter_misc":{"Kirjoittanut":"Toiminnanjohtaja","Arvioitu lukuaika":"7 minuuttia"},"schema":{"@context":"https:\/\/schema.org","@graph":[{"@type":"Article","@id":"https:\/\/www.tuky.fi\/etusivu\/news\/pikkulaskiaisen-tiimilaiset-esittaytyvat\/#article","isPartOf":{"@id":"https:\/\/www.tuky.fi\/etusivu\/news\/pikkulaskiaisen-tiimilaiset-esittaytyvat\/"},"author":{"name":"Toiminnanjohtaja","@id":"https:\/\/www.tuky.fi\/etusivu\/#\/schema\/person\/857b2c80ba750df9646bcddb726bb422"},"headline":"Pikkulaskiaisen tiimil\u00e4iset esitt\u00e4ytyv\u00e4t","datePublished":"2022-11-20T18:03:09+00:00","dateModified":"2022-11-20T18:28:26+00:00","mainEntityOfPage":{"@id":"https:\/\/www.tuky.fi\/etusivu\/news\/pikkulaskiaisen-tiimilaiset-esittaytyvat\/"},"wordCount":1473,"commentCount":0,"publisher":{"@id":"https:\/\/www.tuky.fi\/etusivu\/#organization"},"articleSection":["news"],"inLanguage":"fi","potentialAction":[{"@type":"CommentAction","name":"Comment","target":["https:\/\/www.tuky.fi\/etusivu\/news\/pikkulaskiaisen-tiimilaiset-esittaytyvat\/#respond"]}]},{"@type":"WebPage","@id":"https:\/\/www.tuky.fi\/etusivu\/news\/pikkulaskiaisen-tiimilaiset-esittaytyvat\/","url":"https:\/\/www.tuky.fi\/etusivu\/news\/pikkulaskiaisen-tiimilaiset-esittaytyvat\/","name":"Pikkulaskiaisen tiimil\u00e4iset esitt\u00e4ytyv\u00e4t - Turun KY","isPartOf":{"@id":"https:\/\/www.tuky.fi\/etusivu\/#website"},"datePublished":"2022-11-20T18:03:09+00:00","dateModified":"2022-11-20T18:28:26+00:00","breadcrumb":{"@id":"https:\/\/www.tuky.fi\/etusivu\/news\/pikkulaskiaisen-tiimilaiset-esittaytyvat\/#breadcrumb"},"inLanguage":"fi","potentialAction":[{"@type":"ReadAction","target":["https:\/\/www.tuky.fi\/etusivu\/news\/pikkulaskiaisen-tiimilaiset-esittaytyvat\/"]}]},{"@type":"BreadcrumbList","@id":"https:\/\/www.tuky.fi\/etusivu\/news\/pikkulaskiaisen-tiimilaiset-esittaytyvat\/#breadcrumb","itemListElement":[{"@type":"ListItem","position":1,"name":"Etusivu","item":"https:\/\/www.tuky.fi\/etusivu\/"},{"@type":"ListItem","position":2,"name":"Pikkulaskiaisen tiimil\u00e4iset esitt\u00e4ytyv\u00e4t"}]},{"@type":"WebSite","@id":"https:\/\/www.tuky.fi\/etusivu\/#website","url":"https:\/\/www.tuky.fi\/etusivu\/","name":"Turun KY","description":"TuKY","publisher":{"@id":"https:\/\/www.tuky.fi\/etusivu\/#organization"},"alternateName":"TuKY","potentialAction":[{"@type":"SearchAction","target":{"@type":"EntryPoint","urlTemplate":"https:\/\/www.tuky.fi\/etusivu\/?s={search_term_string}"},"query-input":{"@type":"PropertyValueSpecification","valueRequired":true,"valueName":"search_term_string"}}],"inLanguage":"fi"},{"@type":"Organization","@id":"https:\/\/www.tuky.fi\/etusivu\/#organization","name":"Turun KY","alternateName":"TuKY","url":"https:\/\/www.tuky.fi\/etusivu\/","logo":{"@type":"ImageObject","inLanguage":"fi","@id":"https:\/\/www.tuky.fi\/etusivu\/#\/schema\/logo\/image\/","url":"https:\/\/www.tuky.fi\/wp-content\/uploads\/2024\/09\/TuKY-logo-kulta-1.png","contentUrl":"https:\/\/www.tuky.fi\/wp-content\/uploads\/2024\/09\/TuKY-logo-kulta-1.png","width":1080,"height":1080,"caption":"Turun KY"},"image":{"@id":"https:\/\/www.tuky.fi\/etusivu\/#\/schema\/logo\/image\/"},"sameAs":["https:\/\/instagram.com\/turunky","https:\/\/linkedin.com\/turunky"]},{"@type":"Person","@id":"https:\/\/www.tuky.fi\/etusivu\/#\/schema\/person\/857b2c80ba750df9646bcddb726bb422","name":"Toiminnanjohtaja","image":{"@type":"ImageObject","inLanguage":"fi","@id":"https:\/\/secure.gravatar.com\/avatar\/731cec3365faa756ce59a8037b7e863376e9ac12940fb890ed5b05758585cb35?s=96&d=mm&r=g","url":"https:\/\/secure.gravatar.com\/avatar\/731cec3365faa756ce59a8037b7e863376e9ac12940fb890ed5b05758585cb35?s=96&d=mm&r=g","contentUrl":"https:\/\/secure.gravatar.com\/avatar\/731cec3365faa756ce59a8037b7e863376e9ac12940fb890ed5b05758585cb35?s=96&d=mm&r=g","caption":"Toiminnanjohtaja"},"url":"https:\/\/www.tuky.fi\/etusivu\/author\/toiminnanjohtaja\/"}]}},"lang":"fi","translations":{"fi":42971},"pll_sync_post":[],"_links":{"self":[{"href":"https:\/\/www.tuky.fi\/etusivu\/wp-json\/wp\/v2\/posts\/42971","targetHints":{"allow":["GET"]}}],"collection":[{"href":"https:\/\/www.tuky.fi\/etusivu\/wp-json\/wp\/v2\/posts"}],"about":[{"href":"https:\/\/www.tuky.fi\/etusivu\/wp-json\/wp\/v2\/types\/post"}],"author":[{"embeddable":true,"href":"https:\/\/www.tuky.fi\/etusivu\/wp-json\/wp\/v2\/users\/5"}],"replies":[{"embeddable":true,"href":"https:\/\/www.tuky.fi\/etusivu\/wp-json\/wp\/v2\/comments?post=42971"}],"version-history":[{"count":0,"href":"https:\/\/www.tuky.fi\/etusivu\/wp-json\/wp\/v2\/posts\/42971\/revisions"}],"wp:attachment":[{"href":"https:\/\/www.tuky.fi\/etusivu\/wp-json\/wp\/v2\/media?parent=42971"}],"wp:term":[{"taxonomy":"category","embeddable":true,"href":"https:\/\/www.tuky.fi\/etusivu\/wp-json\/wp\/v2\/categories?post=42971"},{"taxonomy":"post_tag","embeddable":true,"href":"https:\/\/www.tuky.fi\/etusivu\/wp-json\/wp\/v2\/tags?post=42971"}],"curies":[{"name":"wp","href":"https:\/\/api.w.org\/{rel}","templated":true}]}}