{"id":42908,"date":"2022-11-14T10:10:10","date_gmt":"2022-11-14T07:10:10","guid":{"rendered":"https:\/\/www.tuky.fi\/etusivu\/?p=42908"},"modified":"2022-11-14T10:10:12","modified_gmt":"2022-11-14T07:10:12","slug":"haku-cia-tukyn-hallitukseen-2023-on-nyt-avoinna","status":"publish","type":"post","link":"https:\/\/www.tuky.fi\/etusivu\/news\/haku-cia-tukyn-hallitukseen-2023-on-nyt-avoinna\/","title":{"rendered":"<strong>Haku CIA TuKYn hallitukseen 2023 on nyt avoinna!<\/strong>"},"content":{"rendered":"\n<p>CIA TuKY edist\u00e4\u00e4 Turun kauppakorkeakoulun opiskelijoiden kotikansainv\u00e4listymist\u00e4 sek\u00e4 kansainv\u00e4listen opiskelijoiden edunvalvontaa. CIA TuKYn toiminnan p\u00e4\u00e4paino on englanninkielisten tapahtumien tuotannossa, TuKYn englanninkielisen viestinn\u00e4n toteutuksessa sek\u00e4 vaihto- ja harjoittelumahdollisuuksista tiedottamisessa.\u00a0<\/p>\n\n\n\n<p>Hallituslaisena p\u00e4\u00e4set ideoimaan ja toteuttamaan toimintaa, joka tuo yhteen tutkinto- sek\u00e4 vaihto-opiskelijat. Lis\u00e4ksi saat eturivin paikan keskustelussa Turun kauppakorkeakoulun vaihto-opiskelumahdollisuuksista. Jaostolaisena p\u00e4\u00e4set osaksi Turun KY:n toimintaa sek\u00e4 tutustumaan lukuisiin uusiin ihmisiin.\u00a0<\/p>\n\n\n\n<p>Haku CIA TuKYn hallitukseen vuodelle 2023 on auki\u00a0<strong>9.11.-23.11.2022\u00a0<\/strong>(klo 23:59 asti).\u00a0<\/p>\n\n\n\n<p><strong>CIA hakee nyt uusia tekij\u00f6it\u00e4 n\u00e4ihin pesteihin:\u00a0<\/strong><\/p>\n\n\n\n<ul class=\"wp-block-list\">\n<li>Varapuheenjohtaja&nbsp;<\/li>\n\n\n\n<li>Tiedottaja<\/li>\n\n\n\n<li>Rahastonhoitaja<\/li>\n\n\n\n<li>Yrityssuhdevastaava\n<ul class=\"wp-block-list\">\n<li>Toimii my\u00f6s osana Turun KY:n Corporate Relations -tiimi\u00e4<\/li>\n<\/ul>\n<\/li>\n\n\n\n<li>Sihteeri\/Kehitysyhteisty\u00f6vastaava<\/li>\n\n\n\n<li>Markkinointivastaava\/AD<\/li>\n<\/ul>\n\n\n\n<p>Vuonna 2023 CIA TuKYn puheenjohtajana toimii Jenny S\u00e4\u00e4ksi.\u00a0<\/p>\n\n\n\n<p><strong>Hakijoilta edellytet\u00e4\u00e4n:<\/strong><br>Motivaatio ja kiinnostus kansainv\u00e4lisyytt\u00e4 kohtaan<br>Sitoutuneisuus toimintaan\u00a0<\/p>\n\n\n\n<p><strong>Haussa eduksi katsotaan:<\/strong><br>N\u00e4kemys kansainv\u00e4lisyyden ja CIA TuKYn toiminnan kehitt\u00e4misest\u00e4<br>Aiempi relevantti kokemus kansainv\u00e4lisist\u00e4 asioista ja haettavista pesteist\u00e4\u00a0<\/p>\n\n\n\n<p><strong>Hae hallitukseen l\u00e4hett\u00e4m\u00e4ll\u00e4 hakemuksesi sek\u00e4 kuvasi osoitteeseen international@tuky.fi.\u00a0<\/strong>Hakemuksen tyyli ja muoto on vapaa, mutta pyyd\u00e4mme, ett\u00e4 vastaat hakemuksessasi ainakin alla oleviin kysymyksiin. Voit my\u00f6s halutessasi vastata osaan kysymyksist\u00e4 videolla tai l\u00e4hett\u00e4\u00e4 vapaamuotoisen videotervehdyksen hakemuksen lis\u00e4ksi.\u00a0<\/p>\n\n\n\n<p><strong>Hakukysymykset:<\/strong><\/p>\n\n\n\n<ol class=\"wp-block-list\">\n<li>Esittele itsesi ja persoonasi lyhyesti sek\u00e4 kerro, miksi CIA TuKY kiinnostaa sinua.<\/li>\n\n\n\n<li>Perustele, mitk\u00e4 pestit kiinnostavat sinua eniten ja miksi sopisit niihin? (top 3)<\/li>\n\n\n\n<li>Kerro&nbsp;<strong>englanniksi<\/strong>, kuinka edist\u00e4isit kansainv\u00e4lisyytt\u00e4 Turun kauppakorkeakoulussa.<\/li>\n\n\n\n<li>Vapaa sana. Voit esimerkiksi kertoa kokemuksistasi, mielenkiinnon kohteistasi yms. &nbsp;<\/li>\n<\/ol>\n\n\n\n<p><strong>Haku p\u00e4\u00e4ttyy keskiviikkona 23.11.2022 klo. 23:59.<\/strong>\u00a0Haku on avoin kaikille Turun KY:n j\u00e4senille vuosikurssista riippumatta. Kysymyksi\u00e4 CIA TuKYn toiminnasta tai hallitushausta voi esitt\u00e4\u00e4 s\u00e4hk\u00f6postilla osoitteeseen\u00a0international@tuky.fi\u00a0tai CIA TuKYn sosiaalisessa mediassa. Viestin lopusta l\u00f6yd\u00e4t lyhyet pestiesittelyt.\u00a0\u00a0<\/p>\n\n\n\n<p><strong>Hakijat kutsutaan tarvittaessa haastatteluun hakemusten perusteella. Haastattelijoina toimivat kv-vastaava Miska Misukka ja vuoden 2023 kv-vastaava Jenny S\u00e4\u00e4ksi. Haastattelut suoritetaan hakuajan p\u00e4\u00e4tytty\u00e4 24.11. tai 28.11.\u00a0<\/strong><\/p>\n\n\n\n<p>Haastatteluiden tarkoitus on toimia vapaamuotoisina juttutuokioina sek\u00e4 hakijalle mahdollisuutena tuoda omia vahvuuksiaan esille, eik\u00e4 niihin tarvitse etuk\u00e4teen valmistautua. Haastatteluun voi osallistua joko paikan p\u00e4\u00e4ll\u00e4 Parkilla tai et\u00e4n\u00e4 Zoomin v\u00e4lityksell\u00e4.<\/p>\n\n\n\n<p>Ilmoitamme lopputuloksesta jokaiselle hakijalle erikseen. Valituille j\u00e4rjestet\u00e4\u00e4n perehdytys tiistaina 13.12.<\/p>\n\n\n\n<p><strong>Pestiesittelyt\u00a0<\/strong>(suluissa nykyinen hallituslainen):\u00a0<\/p>\n\n\n\n<p><strong>Varapuheenjohtaja \u2013 Vice Chair\u00a0<\/strong>(Anni Luukkonen)<\/p>\n\n\n\n<p>Varapuheenjohtajana t\u00e4rkein teht\u00e4v\u00e4si on toimia puheenjohtajan oikeana k\u00e4ten\u00e4 ja hoitaa puheenjohtajan hommia h\u00e4nen ollessa estynyt. Varapuheenjohtajan vastuulle on perinteisesti annettu budjetin tekeminen yhdess\u00e4 rahastonhoitajan kanssa sek\u00e4 nettisivujen yll\u00e4pit\u00e4minen yhdess\u00e4 tiedottajan kanssa.<\/p>\n\n\n\n<p><strong>Tiedottaja &#8211; Communications Coordinator&nbsp;<\/strong>(Stella Kanerva)<\/p>\n\n\n\n<p>Tiedottajan pestiin kuuluu kaiken CIAn kirjallisen materiaalin tuottaminen, kuten tapahtumatekstien teko. Lis\u00e4ksi pestin vastuualueelle kuuluu CIA TuKYn s\u00e4hk\u00f6postilistalle tiedottaminen. Tiedottaja my\u00f6s yll\u00e4pit\u00e4\u00e4 nettisivuja yhdess\u00e4 varapuheenjohtajan kanssa.\u00a0<\/p>\n\n\n\n<p><br><strong>Rahastonhoitaja &#8211; Treasurer\u00a0<\/strong>(Katarina Lindholm)<\/p>\n\n\n\n<p>Rahastonhoitaja vastaa jaoston taloudellisesta p\u00e4\u00e4t\u00f6ksenteosta yhdess\u00e4 puheenjohtajan kanssa. Vastuualueisiisi kuuluvat muun muassa budjetti (yhdess\u00e4 puheenjohtajan ja varapuheenjohtajan kanssa), kirjanpito sek\u00e4 maksu\u2013 ja rahaliikenteen valvonta. P\u00e4\u00e4set j\u00e4rjest\u00e4m\u00e4\u00e4n unohtumattomia tapahtumia, eiv\u00e4tk\u00e4 ty\u00f6teht\u00e4v\u00e4si suinkaan rajoitu tilien py\u00f6rittelyyn.<\/p>\n\n\n\n<p><br><strong>Yrityssuhdevastaava \u2013 Corporate Relations Manager\u00a0<\/strong><\/p>\n\n\n\n<p>(Aino Ylitarvas)\u00a0Yrityssuhdevastaavan roolissa p\u00e4\u00e4set toimimaan jaostosi edustajana erilaisille yritysmaailman tahoille. Teht\u00e4viisi kuuluvat esimerkiksi tilojen ja kuljetusten j\u00e4rjest\u00e4minen sek\u00e4 erilaisten sponsori- ja yhteisty\u00f6sopimusten neuvottelu. Jaostojen yrityssuhdevastaavat toimivat my\u00f6s osana TuKY Corporate Relations -tiimi\u00e4, joten p\u00e4\u00e4set olemaan mukana kahdessa huipputiimiss\u00e4. Yrityssuhdevastaavana osallistut COREn viikoittaisiin kokouksiin, joissa p\u00e4\u00e4set koordinoimaan yritysyhteisty\u00f6t\u00e4 kaikkien TuKYn toimijoiden kesken.<\/p>\n\n\n\n<p><br><strong>Sihteeri\/Kehy-vastaava &#8211; Secretary\/Development Cooperation Coordinator\u00a0<\/strong>(Jenny S\u00e4\u00e4ksi)\u00a0<\/p>\n\n\n\n<p>T\u00e4ss\u00e4 roolissa teht\u00e4v\u00e4nkuvaasi kuuluvat monipuoliset askareet. Sihteerin\u00e4 huolehdit kokousev\u00e4\u00e4t kokouksiin, jottei p\u00e4\u00e4t\u00f6ksi\u00e4 tarvitse tehd\u00e4 tyhjin vatsoin. Sihteeri kirjoittaa my\u00f6s kokousten p\u00f6yt\u00e4kirjat, jotta kaikki oleellinen kokouksista tulee kirjattua yl\u00f6s.\u00a0Kehitysyhteisty\u00f6vastaavana ideoit koulullemme uusia tapoja kehitt\u00e4\u00e4 kehy-toimintaa. Lis\u00e4ksi autat milloin miss\u00e4kin asiassa aina tarpeen mukaan.<\/p>\n\n\n\n<p><br><strong>Markkinointivastaava\/AD &#8211; Marketing Coordinator\/AD\u00a0<\/strong>(Minttu Wilska)<\/p>\n\n\n\n<p>Markkinointivastaavan\/ADn pestiss\u00e4 p\u00e4\u00e4set toteuttamaan CIAn visuaalista ilmett\u00e4. Pestiin kuuluu muun muassa Facebook -bannereiden, haalarimerkkien sek\u00e4 muun markkinointimateriaalin tekeminen. Pestiss\u00e4 p\u00e4\u00e4set siis k\u00e4ytt\u00e4m\u00e4\u00e4n ahkerasti esimerkiksi Canvaa. CIAn markkinointivastaavana tarkkailet muuta TuKYn viestint\u00e4\u00e4, jotta kaikesta kansainv\u00e4lisille opiskelijoille olennaisesta viestit\u00e4\u00e4n my\u00f6s englanniksi.<\/p>\n\n\n\n<p>Onnea hakuun!\u00a0\u00a0<\/p>\n\n\n\n<p>Terveisin,<\/p>\n\n\n\n<p>Miska Misukka<\/p>\n\n\n\n<p>Kv-vastaava, CIA TuKYn puheenjohtaja<\/p>\n","protected":false},"excerpt":{"rendered":"<p>CIA TuKY edist\u00e4\u00e4 Turun kauppakorkeakoulun opiskelijoiden kotikansainv\u00e4listymist\u00e4 sek\u00e4 kansainv\u00e4listen opiskelijoiden edunvalvontaa. CIA TuKYn toiminnan p\u00e4\u00e4paino on englanninkielisten tapahtumien tuotannossa, TuKYn englanninkielisen viestinn\u00e4n toteutuksessa sek\u00e4 vaihto- ja harjoittelumahdollisuuksista tiedottamisessa.\u00a0 Hallituslaisena p\u00e4\u00e4set [&hellip;]<\/p>\n","protected":false},"author":35,"featured_media":0,"comment_status":"open","ping_status":"open","sticky":false,"template":"","format":"standard","meta":{"_et_pb_use_builder":"off","_et_pb_old_content":"","_et_gb_content_width":"","footnotes":""},"categories":[4],"tags":[],"class_list":["post-42908","post","type-post","status-publish","format-standard","hentry","category-news"],"yoast_head":"<!-- This site is optimized with the Yoast SEO plugin v27.2 - https:\/\/yoast.com\/product\/yoast-seo-wordpress\/ -->\n<title>Haku CIA TuKYn hallitukseen 2023 on nyt avoinna! - Turun KY<\/title>\n<meta name=\"robots\" content=\"index, follow, max-snippet:-1, max-image-preview:large, max-video-preview:-1\" \/>\n<link rel=\"canonical\" href=\"https:\/\/www.tuky.fi\/etusivu\/news\/haku-cia-tukyn-hallitukseen-2023-on-nyt-avoinna\/\" \/>\n<meta property=\"og:locale\" content=\"fi_FI\" \/>\n<meta property=\"og:type\" content=\"article\" \/>\n<meta property=\"og:title\" content=\"Haku CIA TuKYn hallitukseen 2023 on nyt avoinna! - Turun KY\" \/>\n<meta property=\"og:description\" content=\"CIA TuKY edist\u00e4\u00e4 Turun kauppakorkeakoulun opiskelijoiden kotikansainv\u00e4listymist\u00e4 sek\u00e4 kansainv\u00e4listen opiskelijoiden edunvalvontaa. CIA TuKYn toiminnan p\u00e4\u00e4paino on englanninkielisten tapahtumien tuotannossa, TuKYn englanninkielisen viestinn\u00e4n toteutuksessa sek\u00e4 vaihto- ja harjoittelumahdollisuuksista tiedottamisessa.\u00a0 Hallituslaisena p\u00e4\u00e4set [&hellip;]\" \/>\n<meta property=\"og:url\" content=\"https:\/\/www.tuky.fi\/etusivu\/news\/haku-cia-tukyn-hallitukseen-2023-on-nyt-avoinna\/\" \/>\n<meta property=\"og:site_name\" content=\"Turun KY\" \/>\n<meta property=\"article:published_time\" content=\"2022-11-14T07:10:10+00:00\" \/>\n<meta property=\"article:modified_time\" content=\"2022-11-14T07:10:12+00:00\" \/>\n<meta name=\"author\" content=\"Kansainv\u00e4listen asioiden vastaava\" \/>\n<meta name=\"twitter:card\" content=\"summary_large_image\" \/>\n<meta name=\"twitter:label1\" content=\"Kirjoittanut\" \/>\n\t<meta name=\"twitter:data1\" content=\"Kansainv\u00e4listen asioiden vastaava\" \/>\n\t<meta name=\"twitter:label2\" content=\"Arvioitu lukuaika\" \/>\n\t<meta name=\"twitter:data2\" content=\"3 minuuttia\" \/>\n<script type=\"application\/ld+json\" class=\"yoast-schema-graph\">{\"@context\":\"https:\/\/schema.org\",\"@graph\":[{\"@type\":\"Article\",\"@id\":\"https:\/\/www.tuky.fi\/etusivu\/news\/haku-cia-tukyn-hallitukseen-2023-on-nyt-avoinna\/#article\",\"isPartOf\":{\"@id\":\"https:\/\/www.tuky.fi\/etusivu\/news\/haku-cia-tukyn-hallitukseen-2023-on-nyt-avoinna\/\"},\"author\":{\"name\":\"Kansainv\u00e4listen asioiden vastaava\",\"@id\":\"https:\/\/www.tuky.fi\/etusivu\/#\/schema\/person\/ad66810283543bec50e01530f91f8056\"},\"headline\":\"Haku CIA TuKYn hallitukseen 2023 on nyt avoinna!\",\"datePublished\":\"2022-11-14T07:10:10+00:00\",\"dateModified\":\"2022-11-14T07:10:12+00:00\",\"mainEntityOfPage\":{\"@id\":\"https:\/\/www.tuky.fi\/etusivu\/news\/haku-cia-tukyn-hallitukseen-2023-on-nyt-avoinna\/\"},\"wordCount\":683,\"commentCount\":0,\"publisher\":{\"@id\":\"https:\/\/www.tuky.fi\/etusivu\/#organization\"},\"articleSection\":[\"news\"],\"inLanguage\":\"fi\",\"potentialAction\":[{\"@type\":\"CommentAction\",\"name\":\"Comment\",\"target\":[\"https:\/\/www.tuky.fi\/etusivu\/news\/haku-cia-tukyn-hallitukseen-2023-on-nyt-avoinna\/#respond\"]}]},{\"@type\":\"WebPage\",\"@id\":\"https:\/\/www.tuky.fi\/etusivu\/news\/haku-cia-tukyn-hallitukseen-2023-on-nyt-avoinna\/\",\"url\":\"https:\/\/www.tuky.fi\/etusivu\/news\/haku-cia-tukyn-hallitukseen-2023-on-nyt-avoinna\/\",\"name\":\"Haku CIA TuKYn hallitukseen 2023 on nyt avoinna! - Turun KY\",\"isPartOf\":{\"@id\":\"https:\/\/www.tuky.fi\/etusivu\/#website\"},\"datePublished\":\"2022-11-14T07:10:10+00:00\",\"dateModified\":\"2022-11-14T07:10:12+00:00\",\"breadcrumb\":{\"@id\":\"https:\/\/www.tuky.fi\/etusivu\/news\/haku-cia-tukyn-hallitukseen-2023-on-nyt-avoinna\/#breadcrumb\"},\"inLanguage\":\"fi\",\"potentialAction\":[{\"@type\":\"ReadAction\",\"target\":[\"https:\/\/www.tuky.fi\/etusivu\/news\/haku-cia-tukyn-hallitukseen-2023-on-nyt-avoinna\/\"]}]},{\"@type\":\"BreadcrumbList\",\"@id\":\"https:\/\/www.tuky.fi\/etusivu\/news\/haku-cia-tukyn-hallitukseen-2023-on-nyt-avoinna\/#breadcrumb\",\"itemListElement\":[{\"@type\":\"ListItem\",\"position\":1,\"name\":\"Etusivu\",\"item\":\"https:\/\/www.tuky.fi\/etusivu\/\"},{\"@type\":\"ListItem\",\"position\":2,\"name\":\"Haku CIA TuKYn hallitukseen 2023 on nyt avoinna!\"}]},{\"@type\":\"WebSite\",\"@id\":\"https:\/\/www.tuky.fi\/etusivu\/#website\",\"url\":\"https:\/\/www.tuky.fi\/etusivu\/\",\"name\":\"Turun KY\",\"description\":\"TuKY\",\"publisher\":{\"@id\":\"https:\/\/www.tuky.fi\/etusivu\/#organization\"},\"alternateName\":\"TuKY\",\"potentialAction\":[{\"@type\":\"SearchAction\",\"target\":{\"@type\":\"EntryPoint\",\"urlTemplate\":\"https:\/\/www.tuky.fi\/etusivu\/?s={search_term_string}\"},\"query-input\":{\"@type\":\"PropertyValueSpecification\",\"valueRequired\":true,\"valueName\":\"search_term_string\"}}],\"inLanguage\":\"fi\"},{\"@type\":\"Organization\",\"@id\":\"https:\/\/www.tuky.fi\/etusivu\/#organization\",\"name\":\"Turun KY\",\"alternateName\":\"TuKY\",\"url\":\"https:\/\/www.tuky.fi\/etusivu\/\",\"logo\":{\"@type\":\"ImageObject\",\"inLanguage\":\"fi\",\"@id\":\"https:\/\/www.tuky.fi\/etusivu\/#\/schema\/logo\/image\/\",\"url\":\"https:\/\/www.tuky.fi\/wp-content\/uploads\/2024\/09\/TuKY-logo-kulta-1.png\",\"contentUrl\":\"https:\/\/www.tuky.fi\/wp-content\/uploads\/2024\/09\/TuKY-logo-kulta-1.png\",\"width\":1080,\"height\":1080,\"caption\":\"Turun KY\"},\"image\":{\"@id\":\"https:\/\/www.tuky.fi\/etusivu\/#\/schema\/logo\/image\/\"},\"sameAs\":[\"https:\/\/instagram.com\/turunky\",\"https:\/\/linkedin.com\/turunky\"]},{\"@type\":\"Person\",\"@id\":\"https:\/\/www.tuky.fi\/etusivu\/#\/schema\/person\/ad66810283543bec50e01530f91f8056\",\"name\":\"Kansainv\u00e4listen asioiden vastaava\",\"image\":{\"@type\":\"ImageObject\",\"inLanguage\":\"fi\",\"@id\":\"https:\/\/secure.gravatar.com\/avatar\/957bd9139651d7a33d9acec59778f7aa92cc74a1dc73685ccb07c0697e88a48b?s=96&d=mm&r=g\",\"url\":\"https:\/\/secure.gravatar.com\/avatar\/957bd9139651d7a33d9acec59778f7aa92cc74a1dc73685ccb07c0697e88a48b?s=96&d=mm&r=g\",\"contentUrl\":\"https:\/\/secure.gravatar.com\/avatar\/957bd9139651d7a33d9acec59778f7aa92cc74a1dc73685ccb07c0697e88a48b?s=96&d=mm&r=g\",\"caption\":\"Kansainv\u00e4listen asioiden vastaava\"},\"url\":\"https:\/\/www.tuky.fi\/etusivu\/author\/ky-kv\/\"}]}<\/script>\n<!-- \/ Yoast SEO plugin. -->","yoast_head_json":{"title":"Haku CIA TuKYn hallitukseen 2023 on nyt avoinna! - Turun KY","robots":{"index":"index","follow":"follow","max-snippet":"max-snippet:-1","max-image-preview":"max-image-preview:large","max-video-preview":"max-video-preview:-1"},"canonical":"https:\/\/www.tuky.fi\/etusivu\/news\/haku-cia-tukyn-hallitukseen-2023-on-nyt-avoinna\/","og_locale":"fi_FI","og_type":"article","og_title":"Haku CIA TuKYn hallitukseen 2023 on nyt avoinna! - Turun KY","og_description":"CIA TuKY edist\u00e4\u00e4 Turun kauppakorkeakoulun opiskelijoiden kotikansainv\u00e4listymist\u00e4 sek\u00e4 kansainv\u00e4listen opiskelijoiden edunvalvontaa. CIA TuKYn toiminnan p\u00e4\u00e4paino on englanninkielisten tapahtumien tuotannossa, TuKYn englanninkielisen viestinn\u00e4n toteutuksessa sek\u00e4 vaihto- ja harjoittelumahdollisuuksista tiedottamisessa.\u00a0 Hallituslaisena p\u00e4\u00e4set [&hellip;]","og_url":"https:\/\/www.tuky.fi\/etusivu\/news\/haku-cia-tukyn-hallitukseen-2023-on-nyt-avoinna\/","og_site_name":"Turun KY","article_published_time":"2022-11-14T07:10:10+00:00","article_modified_time":"2022-11-14T07:10:12+00:00","author":"Kansainv\u00e4listen asioiden vastaava","twitter_card":"summary_large_image","twitter_misc":{"Kirjoittanut":"Kansainv\u00e4listen asioiden vastaava","Arvioitu lukuaika":"3 minuuttia"},"schema":{"@context":"https:\/\/schema.org","@graph":[{"@type":"Article","@id":"https:\/\/www.tuky.fi\/etusivu\/news\/haku-cia-tukyn-hallitukseen-2023-on-nyt-avoinna\/#article","isPartOf":{"@id":"https:\/\/www.tuky.fi\/etusivu\/news\/haku-cia-tukyn-hallitukseen-2023-on-nyt-avoinna\/"},"author":{"name":"Kansainv\u00e4listen asioiden vastaava","@id":"https:\/\/www.tuky.fi\/etusivu\/#\/schema\/person\/ad66810283543bec50e01530f91f8056"},"headline":"Haku CIA TuKYn hallitukseen 2023 on nyt avoinna!","datePublished":"2022-11-14T07:10:10+00:00","dateModified":"2022-11-14T07:10:12+00:00","mainEntityOfPage":{"@id":"https:\/\/www.tuky.fi\/etusivu\/news\/haku-cia-tukyn-hallitukseen-2023-on-nyt-avoinna\/"},"wordCount":683,"commentCount":0,"publisher":{"@id":"https:\/\/www.tuky.fi\/etusivu\/#organization"},"articleSection":["news"],"inLanguage":"fi","potentialAction":[{"@type":"CommentAction","name":"Comment","target":["https:\/\/www.tuky.fi\/etusivu\/news\/haku-cia-tukyn-hallitukseen-2023-on-nyt-avoinna\/#respond"]}]},{"@type":"WebPage","@id":"https:\/\/www.tuky.fi\/etusivu\/news\/haku-cia-tukyn-hallitukseen-2023-on-nyt-avoinna\/","url":"https:\/\/www.tuky.fi\/etusivu\/news\/haku-cia-tukyn-hallitukseen-2023-on-nyt-avoinna\/","name":"Haku CIA TuKYn hallitukseen 2023 on nyt avoinna! - Turun KY","isPartOf":{"@id":"https:\/\/www.tuky.fi\/etusivu\/#website"},"datePublished":"2022-11-14T07:10:10+00:00","dateModified":"2022-11-14T07:10:12+00:00","breadcrumb":{"@id":"https:\/\/www.tuky.fi\/etusivu\/news\/haku-cia-tukyn-hallitukseen-2023-on-nyt-avoinna\/#breadcrumb"},"inLanguage":"fi","potentialAction":[{"@type":"ReadAction","target":["https:\/\/www.tuky.fi\/etusivu\/news\/haku-cia-tukyn-hallitukseen-2023-on-nyt-avoinna\/"]}]},{"@type":"BreadcrumbList","@id":"https:\/\/www.tuky.fi\/etusivu\/news\/haku-cia-tukyn-hallitukseen-2023-on-nyt-avoinna\/#breadcrumb","itemListElement":[{"@type":"ListItem","position":1,"name":"Etusivu","item":"https:\/\/www.tuky.fi\/etusivu\/"},{"@type":"ListItem","position":2,"name":"Haku CIA TuKYn hallitukseen 2023 on nyt avoinna!"}]},{"@type":"WebSite","@id":"https:\/\/www.tuky.fi\/etusivu\/#website","url":"https:\/\/www.tuky.fi\/etusivu\/","name":"Turun KY","description":"TuKY","publisher":{"@id":"https:\/\/www.tuky.fi\/etusivu\/#organization"},"alternateName":"TuKY","potentialAction":[{"@type":"SearchAction","target":{"@type":"EntryPoint","urlTemplate":"https:\/\/www.tuky.fi\/etusivu\/?s={search_term_string}"},"query-input":{"@type":"PropertyValueSpecification","valueRequired":true,"valueName":"search_term_string"}}],"inLanguage":"fi"},{"@type":"Organization","@id":"https:\/\/www.tuky.fi\/etusivu\/#organization","name":"Turun KY","alternateName":"TuKY","url":"https:\/\/www.tuky.fi\/etusivu\/","logo":{"@type":"ImageObject","inLanguage":"fi","@id":"https:\/\/www.tuky.fi\/etusivu\/#\/schema\/logo\/image\/","url":"https:\/\/www.tuky.fi\/wp-content\/uploads\/2024\/09\/TuKY-logo-kulta-1.png","contentUrl":"https:\/\/www.tuky.fi\/wp-content\/uploads\/2024\/09\/TuKY-logo-kulta-1.png","width":1080,"height":1080,"caption":"Turun KY"},"image":{"@id":"https:\/\/www.tuky.fi\/etusivu\/#\/schema\/logo\/image\/"},"sameAs":["https:\/\/instagram.com\/turunky","https:\/\/linkedin.com\/turunky"]},{"@type":"Person","@id":"https:\/\/www.tuky.fi\/etusivu\/#\/schema\/person\/ad66810283543bec50e01530f91f8056","name":"Kansainv\u00e4listen asioiden vastaava","image":{"@type":"ImageObject","inLanguage":"fi","@id":"https:\/\/secure.gravatar.com\/avatar\/957bd9139651d7a33d9acec59778f7aa92cc74a1dc73685ccb07c0697e88a48b?s=96&d=mm&r=g","url":"https:\/\/secure.gravatar.com\/avatar\/957bd9139651d7a33d9acec59778f7aa92cc74a1dc73685ccb07c0697e88a48b?s=96&d=mm&r=g","contentUrl":"https:\/\/secure.gravatar.com\/avatar\/957bd9139651d7a33d9acec59778f7aa92cc74a1dc73685ccb07c0697e88a48b?s=96&d=mm&r=g","caption":"Kansainv\u00e4listen asioiden vastaava"},"url":"https:\/\/www.tuky.fi\/etusivu\/author\/ky-kv\/"}]}},"lang":"fi","translations":{"fi":42908},"pll_sync_post":[],"_links":{"self":[{"href":"https:\/\/www.tuky.fi\/etusivu\/wp-json\/wp\/v2\/posts\/42908","targetHints":{"allow":["GET"]}}],"collection":[{"href":"https:\/\/www.tuky.fi\/etusivu\/wp-json\/wp\/v2\/posts"}],"about":[{"href":"https:\/\/www.tuky.fi\/etusivu\/wp-json\/wp\/v2\/types\/post"}],"author":[{"embeddable":true,"href":"https:\/\/www.tuky.fi\/etusivu\/wp-json\/wp\/v2\/users\/35"}],"replies":[{"embeddable":true,"href":"https:\/\/www.tuky.fi\/etusivu\/wp-json\/wp\/v2\/comments?post=42908"}],"version-history":[{"count":0,"href":"https:\/\/www.tuky.fi\/etusivu\/wp-json\/wp\/v2\/posts\/42908\/revisions"}],"wp:attachment":[{"href":"https:\/\/www.tuky.fi\/etusivu\/wp-json\/wp\/v2\/media?parent=42908"}],"wp:term":[{"taxonomy":"category","embeddable":true,"href":"https:\/\/www.tuky.fi\/etusivu\/wp-json\/wp\/v2\/categories?post=42908"},{"taxonomy":"post_tag","embeddable":true,"href":"https:\/\/www.tuky.fi\/etusivu\/wp-json\/wp\/v2\/tags?post=42908"}],"curies":[{"name":"wp","href":"https:\/\/api.w.org\/{rel}","templated":true}]}}