{"id":42866,"date":"2022-11-06T23:13:57","date_gmt":"2022-11-06T20:13:57","guid":{"rendered":"https:\/\/www.tuky.fi\/etusivu\/?p=42866"},"modified":"2022-11-06T23:13:59","modified_gmt":"2022-11-06T20:13:59","slug":"paatosluettelo-33-2022","status":"publish","type":"post","link":"https:\/\/www.tuky.fi\/etusivu\/paatosluettelot\/paatosluettelo-33-2022\/","title":{"rendered":"P\u00e4\u00e4t\u00f6sluettelo 33\/2022"},"content":{"rendered":"\n<p><strong>Turun kauppatieteiden ylioppilaat ry:n hallitus on kokouksessaan 24.10.2022 p\u00e4\u00e4tt\u00e4nyt:<\/strong><\/p>\n\n\n\n<ul class=\"wp-block-list\">\n<li>My\u00f6nt\u00e4\u00e4 puhe- ja l\u00e4sn\u00e4olo-oikeus Speksin p\u00e4\u00e4tuottajalle hallituksen kokoukseen 24.10.2022.<\/li>\n\n\n\n<li>Valita TuKY-Speksin tiimiin Jenna Peltokummun, Minttu Agarthin, Pihla Holopaisen, Edith Lindforsin, Telma Sirosen, Kiia Takaeilolan, Milvi J\u00e4\u00e4skel\u00e4isen, Jan-Erik Nurmen, Elli Jokisen, Oona Linnalan, Mikaela Gr\u00f6nholmin, Emmi Lumij\u00e4rven, Cilla Bastmanin, Ida Hartikaisen, Anni Ihaj\u00e4rven, Emmi Someron, Robert Vehman, Hilla Lehtorannan, Saimi Heikkil\u00e4n, Minja Riihimaan, Ella Rouvilan, Elias Mannisen, Beata Sandellin, Oliver Seilan, Miika Marjam\u00e4en, Saana Pirttij\u00e4rven, Leevi Tiihosen, Tomi J\u00e4rvisen, Elias Joki-Korpelan ja Elina Arasj\u00e4rven.<\/li>\n\n\n\n<li>Valtuuttaa Ruikan jatkamaan TuKY-Speksin tekniikkavastaavan ja tiimin hakua.<\/li>\n\n\n\n<li>Valita vapputuottajiksi Tia-Maria Sonkkilan ja Ronja Karuksen.<\/li>\n\n\n\n<li>Hyv\u00e4ksy\u00e4 Parkin erikoisvaraukset.<\/li>\n<\/ul>\n\n\n\n<p><strong>Ilmoitusasiat:<\/strong><\/p>\n\n\n\n<ul class=\"wp-block-list\">\n<li>Q3 raportin esittely (Riikonen)<\/li>\n\n\n\n<li>KouKe 12.10. (Rantala)<\/li>\n\n\n\n<li>Nordnet YTD<\/li>\n\n\n\n<li>J\u00e4rjest\u00f6toiminta artikkeli -haastattelu (Perttula)<\/li>\n\n\n\n<li>Turun KY:n 72. vuosijuhlat<\/li>\n\n\n\n<li>TalTo kokous 20.10. (Toivola, Riikonen ja Perttula)<\/li>\n\n\n\n<li>Alumnip\u00e4iv\u00e4n palautekeskustelu 24.10. (Huotari ja Perttula)<\/li>\n<\/ul>\n\n\n\n<p><\/p>\n\n\n\n<p>Lis\u00e4ksi keskusteltiin Pikkulaskiaisen approtiimin nimenkirjoitusoikeuksista, talousarviosta vuodelle 2023, Suomen Ekonomien kontaktoinnista ikuisuusj\u00e4seniin liittyen, toimihenkil\u00f6ohjes\u00e4\u00e4nn\u00f6st\u00e4, j\u00e4senmaksun suuruudesta, syyskokouksen j\u00e4rjestelyist\u00e4, tutoroinnin palautekyselyn tuloksista ja p\u00f6yt\u00e4kirjojen jakamisesta.<\/p>\n\n\n\n<p><\/p>\n\n\n\n<p>Turussa 24.10.2022<br>Sihteeri<br>Elle Luukkala<\/p>\n","protected":false},"excerpt":{"rendered":"<p>Turun kauppatieteiden ylioppilaat ry:n hallitus on kokouksessaan 24.10.2022 p\u00e4\u00e4tt\u00e4nyt: Ilmoitusasiat: Lis\u00e4ksi keskusteltiin Pikkulaskiaisen approtiimin nimenkirjoitusoikeuksista, talousarviosta vuodelle 2023, Suomen Ekonomien kontaktoinnista ikuisuusj\u00e4seniin liittyen, toimihenkil\u00f6ohjes\u00e4\u00e4nn\u00f6st\u00e4, j\u00e4senmaksun suuruudesta, syyskokouksen j\u00e4rjestelyist\u00e4, tutoroinnin palautekyselyn [&hellip;]<\/p>\n","protected":false},"author":5,"featured_media":0,"comment_status":"open","ping_status":"open","sticky":false,"template":"","format":"standard","meta":{"_et_pb_use_builder":"off","_et_pb_old_content":"","_et_gb_content_width":"","footnotes":""},"categories":[282],"tags":[],"class_list":["post-42866","post","type-post","status-publish","format-standard","hentry","category-paatosluettelot"],"yoast_head":"<!-- This site is optimized with the Yoast SEO plugin v27.2 - https:\/\/yoast.com\/product\/yoast-seo-wordpress\/ -->\n<title>P\u00e4\u00e4t\u00f6sluettelo 33\/2022 - Turun KY<\/title>\n<meta name=\"robots\" content=\"index, follow, max-snippet:-1, max-image-preview:large, max-video-preview:-1\" \/>\n<link rel=\"canonical\" href=\"https:\/\/www.tuky.fi\/etusivu\/paatosluettelot\/paatosluettelo-33-2022\/\" \/>\n<meta property=\"og:locale\" content=\"fi_FI\" \/>\n<meta property=\"og:type\" content=\"article\" \/>\n<meta property=\"og:title\" content=\"P\u00e4\u00e4t\u00f6sluettelo 33\/2022 - Turun KY\" \/>\n<meta property=\"og:description\" content=\"Turun kauppatieteiden ylioppilaat ry:n hallitus on kokouksessaan 24.10.2022 p\u00e4\u00e4tt\u00e4nyt: Ilmoitusasiat: Lis\u00e4ksi keskusteltiin Pikkulaskiaisen approtiimin nimenkirjoitusoikeuksista, talousarviosta vuodelle 2023, Suomen Ekonomien kontaktoinnista ikuisuusj\u00e4seniin liittyen, toimihenkil\u00f6ohjes\u00e4\u00e4nn\u00f6st\u00e4, j\u00e4senmaksun suuruudesta, syyskokouksen j\u00e4rjestelyist\u00e4, tutoroinnin palautekyselyn [&hellip;]\" \/>\n<meta property=\"og:url\" content=\"https:\/\/www.tuky.fi\/etusivu\/paatosluettelot\/paatosluettelo-33-2022\/\" \/>\n<meta property=\"og:site_name\" content=\"Turun KY\" \/>\n<meta property=\"article:published_time\" content=\"2022-11-06T20:13:57+00:00\" \/>\n<meta property=\"article:modified_time\" content=\"2022-11-06T20:13:59+00:00\" \/>\n<meta name=\"author\" content=\"Toiminnanjohtaja\" \/>\n<meta name=\"twitter:card\" content=\"summary_large_image\" \/>\n<meta name=\"twitter:label1\" content=\"Kirjoittanut\" \/>\n\t<meta name=\"twitter:data1\" content=\"Toiminnanjohtaja\" \/>\n\t<meta name=\"twitter:label2\" content=\"Arvioitu lukuaika\" \/>\n\t<meta name=\"twitter:data2\" content=\"1 minuutti\" \/>\n<script type=\"application\/ld+json\" class=\"yoast-schema-graph\">{\"@context\":\"https:\/\/schema.org\",\"@graph\":[{\"@type\":\"Article\",\"@id\":\"https:\/\/www.tuky.fi\/etusivu\/paatosluettelot\/paatosluettelo-33-2022\/#article\",\"isPartOf\":{\"@id\":\"https:\/\/www.tuky.fi\/etusivu\/paatosluettelot\/paatosluettelo-33-2022\/\"},\"author\":{\"name\":\"Toiminnanjohtaja\",\"@id\":\"https:\/\/www.tuky.fi\/etusivu\/#\/schema\/person\/857b2c80ba750df9646bcddb726bb422\"},\"headline\":\"P\u00e4\u00e4t\u00f6sluettelo 33\/2022\",\"datePublished\":\"2022-11-06T20:13:57+00:00\",\"dateModified\":\"2022-11-06T20:13:59+00:00\",\"mainEntityOfPage\":{\"@id\":\"https:\/\/www.tuky.fi\/etusivu\/paatosluettelot\/paatosluettelo-33-2022\/\"},\"wordCount\":186,\"commentCount\":0,\"publisher\":{\"@id\":\"https:\/\/www.tuky.fi\/etusivu\/#organization\"},\"articleSection\":[\"P\u00e4\u00e4t\u00f6sluettelot\"],\"inLanguage\":\"fi\",\"potentialAction\":[{\"@type\":\"CommentAction\",\"name\":\"Comment\",\"target\":[\"https:\/\/www.tuky.fi\/etusivu\/paatosluettelot\/paatosluettelo-33-2022\/#respond\"]}]},{\"@type\":\"WebPage\",\"@id\":\"https:\/\/www.tuky.fi\/etusivu\/paatosluettelot\/paatosluettelo-33-2022\/\",\"url\":\"https:\/\/www.tuky.fi\/etusivu\/paatosluettelot\/paatosluettelo-33-2022\/\",\"name\":\"P\u00e4\u00e4t\u00f6sluettelo 33\/2022 - Turun KY\",\"isPartOf\":{\"@id\":\"https:\/\/www.tuky.fi\/etusivu\/#website\"},\"datePublished\":\"2022-11-06T20:13:57+00:00\",\"dateModified\":\"2022-11-06T20:13:59+00:00\",\"breadcrumb\":{\"@id\":\"https:\/\/www.tuky.fi\/etusivu\/paatosluettelot\/paatosluettelo-33-2022\/#breadcrumb\"},\"inLanguage\":\"fi\",\"potentialAction\":[{\"@type\":\"ReadAction\",\"target\":[\"https:\/\/www.tuky.fi\/etusivu\/paatosluettelot\/paatosluettelo-33-2022\/\"]}]},{\"@type\":\"BreadcrumbList\",\"@id\":\"https:\/\/www.tuky.fi\/etusivu\/paatosluettelot\/paatosluettelo-33-2022\/#breadcrumb\",\"itemListElement\":[{\"@type\":\"ListItem\",\"position\":1,\"name\":\"Etusivu\",\"item\":\"https:\/\/www.tuky.fi\/etusivu\/\"},{\"@type\":\"ListItem\",\"position\":2,\"name\":\"P\u00e4\u00e4t\u00f6sluettelo 33\/2022\"}]},{\"@type\":\"WebSite\",\"@id\":\"https:\/\/www.tuky.fi\/etusivu\/#website\",\"url\":\"https:\/\/www.tuky.fi\/etusivu\/\",\"name\":\"Turun KY\",\"description\":\"TuKY\",\"publisher\":{\"@id\":\"https:\/\/www.tuky.fi\/etusivu\/#organization\"},\"alternateName\":\"TuKY\",\"potentialAction\":[{\"@type\":\"SearchAction\",\"target\":{\"@type\":\"EntryPoint\",\"urlTemplate\":\"https:\/\/www.tuky.fi\/etusivu\/?s={search_term_string}\"},\"query-input\":{\"@type\":\"PropertyValueSpecification\",\"valueRequired\":true,\"valueName\":\"search_term_string\"}}],\"inLanguage\":\"fi\"},{\"@type\":\"Organization\",\"@id\":\"https:\/\/www.tuky.fi\/etusivu\/#organization\",\"name\":\"Turun KY\",\"alternateName\":\"TuKY\",\"url\":\"https:\/\/www.tuky.fi\/etusivu\/\",\"logo\":{\"@type\":\"ImageObject\",\"inLanguage\":\"fi\",\"@id\":\"https:\/\/www.tuky.fi\/etusivu\/#\/schema\/logo\/image\/\",\"url\":\"https:\/\/www.tuky.fi\/wp-content\/uploads\/2024\/09\/TuKY-logo-kulta-1.png\",\"contentUrl\":\"https:\/\/www.tuky.fi\/wp-content\/uploads\/2024\/09\/TuKY-logo-kulta-1.png\",\"width\":1080,\"height\":1080,\"caption\":\"Turun KY\"},\"image\":{\"@id\":\"https:\/\/www.tuky.fi\/etusivu\/#\/schema\/logo\/image\/\"},\"sameAs\":[\"https:\/\/instagram.com\/turunky\",\"https:\/\/linkedin.com\/turunky\"]},{\"@type\":\"Person\",\"@id\":\"https:\/\/www.tuky.fi\/etusivu\/#\/schema\/person\/857b2c80ba750df9646bcddb726bb422\",\"name\":\"Toiminnanjohtaja\",\"image\":{\"@type\":\"ImageObject\",\"inLanguage\":\"fi\",\"@id\":\"https:\/\/secure.gravatar.com\/avatar\/731cec3365faa756ce59a8037b7e863376e9ac12940fb890ed5b05758585cb35?s=96&d=mm&r=g\",\"url\":\"https:\/\/secure.gravatar.com\/avatar\/731cec3365faa756ce59a8037b7e863376e9ac12940fb890ed5b05758585cb35?s=96&d=mm&r=g\",\"contentUrl\":\"https:\/\/secure.gravatar.com\/avatar\/731cec3365faa756ce59a8037b7e863376e9ac12940fb890ed5b05758585cb35?s=96&d=mm&r=g\",\"caption\":\"Toiminnanjohtaja\"},\"url\":\"https:\/\/www.tuky.fi\/etusivu\/author\/toiminnanjohtaja\/\"}]}<\/script>\n<!-- \/ Yoast SEO plugin. -->","yoast_head_json":{"title":"P\u00e4\u00e4t\u00f6sluettelo 33\/2022 - Turun KY","robots":{"index":"index","follow":"follow","max-snippet":"max-snippet:-1","max-image-preview":"max-image-preview:large","max-video-preview":"max-video-preview:-1"},"canonical":"https:\/\/www.tuky.fi\/etusivu\/paatosluettelot\/paatosluettelo-33-2022\/","og_locale":"fi_FI","og_type":"article","og_title":"P\u00e4\u00e4t\u00f6sluettelo 33\/2022 - Turun KY","og_description":"Turun kauppatieteiden ylioppilaat ry:n hallitus on kokouksessaan 24.10.2022 p\u00e4\u00e4tt\u00e4nyt: Ilmoitusasiat: Lis\u00e4ksi keskusteltiin Pikkulaskiaisen approtiimin nimenkirjoitusoikeuksista, talousarviosta vuodelle 2023, Suomen Ekonomien kontaktoinnista ikuisuusj\u00e4seniin liittyen, toimihenkil\u00f6ohjes\u00e4\u00e4nn\u00f6st\u00e4, j\u00e4senmaksun suuruudesta, syyskokouksen j\u00e4rjestelyist\u00e4, tutoroinnin palautekyselyn [&hellip;]","og_url":"https:\/\/www.tuky.fi\/etusivu\/paatosluettelot\/paatosluettelo-33-2022\/","og_site_name":"Turun KY","article_published_time":"2022-11-06T20:13:57+00:00","article_modified_time":"2022-11-06T20:13:59+00:00","author":"Toiminnanjohtaja","twitter_card":"summary_large_image","twitter_misc":{"Kirjoittanut":"Toiminnanjohtaja","Arvioitu lukuaika":"1 minuutti"},"schema":{"@context":"https:\/\/schema.org","@graph":[{"@type":"Article","@id":"https:\/\/www.tuky.fi\/etusivu\/paatosluettelot\/paatosluettelo-33-2022\/#article","isPartOf":{"@id":"https:\/\/www.tuky.fi\/etusivu\/paatosluettelot\/paatosluettelo-33-2022\/"},"author":{"name":"Toiminnanjohtaja","@id":"https:\/\/www.tuky.fi\/etusivu\/#\/schema\/person\/857b2c80ba750df9646bcddb726bb422"},"headline":"P\u00e4\u00e4t\u00f6sluettelo 33\/2022","datePublished":"2022-11-06T20:13:57+00:00","dateModified":"2022-11-06T20:13:59+00:00","mainEntityOfPage":{"@id":"https:\/\/www.tuky.fi\/etusivu\/paatosluettelot\/paatosluettelo-33-2022\/"},"wordCount":186,"commentCount":0,"publisher":{"@id":"https:\/\/www.tuky.fi\/etusivu\/#organization"},"articleSection":["P\u00e4\u00e4t\u00f6sluettelot"],"inLanguage":"fi","potentialAction":[{"@type":"CommentAction","name":"Comment","target":["https:\/\/www.tuky.fi\/etusivu\/paatosluettelot\/paatosluettelo-33-2022\/#respond"]}]},{"@type":"WebPage","@id":"https:\/\/www.tuky.fi\/etusivu\/paatosluettelot\/paatosluettelo-33-2022\/","url":"https:\/\/www.tuky.fi\/etusivu\/paatosluettelot\/paatosluettelo-33-2022\/","name":"P\u00e4\u00e4t\u00f6sluettelo 33\/2022 - Turun KY","isPartOf":{"@id":"https:\/\/www.tuky.fi\/etusivu\/#website"},"datePublished":"2022-11-06T20:13:57+00:00","dateModified":"2022-11-06T20:13:59+00:00","breadcrumb":{"@id":"https:\/\/www.tuky.fi\/etusivu\/paatosluettelot\/paatosluettelo-33-2022\/#breadcrumb"},"inLanguage":"fi","potentialAction":[{"@type":"ReadAction","target":["https:\/\/www.tuky.fi\/etusivu\/paatosluettelot\/paatosluettelo-33-2022\/"]}]},{"@type":"BreadcrumbList","@id":"https:\/\/www.tuky.fi\/etusivu\/paatosluettelot\/paatosluettelo-33-2022\/#breadcrumb","itemListElement":[{"@type":"ListItem","position":1,"name":"Etusivu","item":"https:\/\/www.tuky.fi\/etusivu\/"},{"@type":"ListItem","position":2,"name":"P\u00e4\u00e4t\u00f6sluettelo 33\/2022"}]},{"@type":"WebSite","@id":"https:\/\/www.tuky.fi\/etusivu\/#website","url":"https:\/\/www.tuky.fi\/etusivu\/","name":"Turun KY","description":"TuKY","publisher":{"@id":"https:\/\/www.tuky.fi\/etusivu\/#organization"},"alternateName":"TuKY","potentialAction":[{"@type":"SearchAction","target":{"@type":"EntryPoint","urlTemplate":"https:\/\/www.tuky.fi\/etusivu\/?s={search_term_string}"},"query-input":{"@type":"PropertyValueSpecification","valueRequired":true,"valueName":"search_term_string"}}],"inLanguage":"fi"},{"@type":"Organization","@id":"https:\/\/www.tuky.fi\/etusivu\/#organization","name":"Turun KY","alternateName":"TuKY","url":"https:\/\/www.tuky.fi\/etusivu\/","logo":{"@type":"ImageObject","inLanguage":"fi","@id":"https:\/\/www.tuky.fi\/etusivu\/#\/schema\/logo\/image\/","url":"https:\/\/www.tuky.fi\/wp-content\/uploads\/2024\/09\/TuKY-logo-kulta-1.png","contentUrl":"https:\/\/www.tuky.fi\/wp-content\/uploads\/2024\/09\/TuKY-logo-kulta-1.png","width":1080,"height":1080,"caption":"Turun KY"},"image":{"@id":"https:\/\/www.tuky.fi\/etusivu\/#\/schema\/logo\/image\/"},"sameAs":["https:\/\/instagram.com\/turunky","https:\/\/linkedin.com\/turunky"]},{"@type":"Person","@id":"https:\/\/www.tuky.fi\/etusivu\/#\/schema\/person\/857b2c80ba750df9646bcddb726bb422","name":"Toiminnanjohtaja","image":{"@type":"ImageObject","inLanguage":"fi","@id":"https:\/\/secure.gravatar.com\/avatar\/731cec3365faa756ce59a8037b7e863376e9ac12940fb890ed5b05758585cb35?s=96&d=mm&r=g","url":"https:\/\/secure.gravatar.com\/avatar\/731cec3365faa756ce59a8037b7e863376e9ac12940fb890ed5b05758585cb35?s=96&d=mm&r=g","contentUrl":"https:\/\/secure.gravatar.com\/avatar\/731cec3365faa756ce59a8037b7e863376e9ac12940fb890ed5b05758585cb35?s=96&d=mm&r=g","caption":"Toiminnanjohtaja"},"url":"https:\/\/www.tuky.fi\/etusivu\/author\/toiminnanjohtaja\/"}]}},"lang":"fi","translations":{"fi":42866},"pll_sync_post":[],"_links":{"self":[{"href":"https:\/\/www.tuky.fi\/etusivu\/wp-json\/wp\/v2\/posts\/42866","targetHints":{"allow":["GET"]}}],"collection":[{"href":"https:\/\/www.tuky.fi\/etusivu\/wp-json\/wp\/v2\/posts"}],"about":[{"href":"https:\/\/www.tuky.fi\/etusivu\/wp-json\/wp\/v2\/types\/post"}],"author":[{"embeddable":true,"href":"https:\/\/www.tuky.fi\/etusivu\/wp-json\/wp\/v2\/users\/5"}],"replies":[{"embeddable":true,"href":"https:\/\/www.tuky.fi\/etusivu\/wp-json\/wp\/v2\/comments?post=42866"}],"version-history":[{"count":0,"href":"https:\/\/www.tuky.fi\/etusivu\/wp-json\/wp\/v2\/posts\/42866\/revisions"}],"wp:attachment":[{"href":"https:\/\/www.tuky.fi\/etusivu\/wp-json\/wp\/v2\/media?parent=42866"}],"wp:term":[{"taxonomy":"category","embeddable":true,"href":"https:\/\/www.tuky.fi\/etusivu\/wp-json\/wp\/v2\/categories?post=42866"},{"taxonomy":"post_tag","embeddable":true,"href":"https:\/\/www.tuky.fi\/etusivu\/wp-json\/wp\/v2\/tags?post=42866"}],"curies":[{"name":"wp","href":"https:\/\/api.w.org\/{rel}","templated":true}]}}