{"id":41740,"date":"2022-04-25T23:27:21","date_gmt":"2022-04-25T20:27:21","guid":{"rendered":"https:\/\/www.tuky.fi\/etusivu\/?p=41740"},"modified":"2022-04-25T23:27:23","modified_gmt":"2022-04-25T20:27:23","slug":"talouspaallikon-hakuaikaa-pidennetty","status":"publish","type":"post","link":"https:\/\/www.tuky.fi\/etusivu\/news\/talouspaallikon-hakuaikaa-pidennetty\/","title":{"rendered":"Talousp\u00e4\u00e4llik\u00f6n hakuaikaa pidennetty"},"content":{"rendered":"\n<figure class=\"wp-block-image size-large\"><img decoding=\"async\" src=\"https:\/\/www.tuky.fi\/wp-content\/uploads\/2022\/04\/Picture1-1-1024x174.jpg\" alt=\"\" class=\"wp-image-41741\"\/><\/figure>\n\n\n\n<p>Turun KY hakee&nbsp;<strong>talousp\u00e4\u00e4llikk\u00f6\u00e4<\/strong>&nbsp;1.9.2022 alkavaan ty\u00f6suhteeseen. Uusi talousp\u00e4\u00e4llikk\u00f6 ty\u00f6skentelee syyskuun ajan ty\u00f6teht\u00e4v\u00e4\u00e4n perehtyen yhdess\u00e4 nykyisen talousp\u00e4\u00e4llik\u00f6n kanssa ja jatkaa itsen\u00e4isesti ty\u00f6ss\u00e4\u00e4n 1.10. alkaen. Talousp\u00e4\u00e4llikk\u00f6 vastaa yhdistyksen p\u00e4ivitt\u00e4istaloudesta yhdess\u00e4 hallituksen ja taloustoimikunnan puheenjohtajan kanssa. Ty\u00f6suhde on yhden vuoden m\u00e4\u00e4r\u00e4aikainen, jonka j\u00e4lkeen toistaiseksi voimassa oleva.<\/p>\n\n\n\n<p><strong>Talousp\u00e4\u00e4llik\u00f6n teht\u00e4viin kuuluvat muun muassa<\/strong>:<br>\u2022 P\u00e4ivitt\u00e4istalouden hoitaminen: laskujen maksu, laskutus, kirjanpito, tilinp\u00e4\u00e4t\u00f6s, palkanlaskenta, viranomaisilmoitukset<br>\u2022 Jaostojen ja toimijaryhmien talousneuvonta<br>\u2022 Talousraportointi ja -suunnittelu<br>\u2022 Taloustoimikunnan sihteerin\u00e4 toimiminen<br>\u2022 Turun KY:n hallituksen kokouksiin ja muuhun hallituksen ty\u00f6skentelyyn osallistuminen<\/p>\n\n\n\n<p><strong>Hakijalta edellytet\u00e4\u00e4n:<\/strong><br>\u2022 Perehtyneisyytt\u00e4 Turun KY:n toimintaan<br>\u2022 Hyvi\u00e4 perustaitoja laskentatoimesta<br>\u2022 Hyvi\u00e4 vuorovaikutustaitoja ja kyky\u00e4 sujuvaan suulliseen ja kirjalliseen viestint\u00e4\u00e4n<br>\u2022 Tarkkuutta, huolellisuutta ja oma-aloitteisuutta<\/p>\n\n\n\n<p><strong>Eduksi luetaan:<\/strong><br>\u2022 Aikaisempi ty\u00f6kokemus taloudenhoidosta ja kirjanpidosta<br>\u2022 Aikaisempi toiminta Turun KY:ss\u00e4 tai muussa opiskelijaj\u00e4rjest\u00f6ss\u00e4<br>\u2022 Kiinnostusta kehitt\u00e4\u00e4 Turun KY:n taloudenhoidon menetelmi\u00e4<\/p>\n\n\n\n<p><strong>Tarjoamme:<\/strong><br>\u2022 Monipuolisen ja itsen\u00e4isen teht\u00e4v\u00e4kuvan<br>\u2022 Kannustavan ja mukavan ty\u00f6yhteis\u00f6n<br>\u2022 Joustavat ty\u00f6ajat<br>\u2022 Kattavan perehdytyksen ja koulutuksen ty\u00f6teht\u00e4v\u00e4\u00e4n<br>\u2022 Arvokasta ty\u00f6kokemusta opintojen oheen taloushallinnon teht\u00e4vist\u00e4<\/p>\n\n\n\n<p>Talousp\u00e4\u00e4llik\u00f6n ty\u00f6suhde on osa-aikainen, 15 tuntia viikossa. Palkkauksena ty\u00f6teht\u00e4v\u00e4ss\u00e4 on kiinte\u00e4 kuukausipalkka 450 \u20ac\/kk ja lis\u00e4tunneista maksetaan 7,5 \u20ac\/h korvaus. Toimi mahdollistaa normaalin koulunk\u00e4ynnin ja kes\u00e4kuukausina voi tehd\u00e4 my\u00f6s muita kes\u00e4t\u00f6it\u00e4.<\/p>\n\n\n\n<p>Hakemukset ansioluetteloineen tulee toimittaa Turun kauppatieteiden ylioppilaat ry:n hallituksen puheenjohtaja&nbsp;<strong>Juho Perttulalle<\/strong>&nbsp;s\u00e4hk\u00f6postitse&nbsp;<strong>osoitteeseen puheenjohtaja@tuky.fi tiistaina 3.5.2022 klo 23.59 menness\u00e4.<\/strong>&nbsp;Haastattelut j\u00e4rjestet\u00e4\u00e4n <strong>viikolla 18. <\/strong>Haastattelut voidaan aloittaa mahdollisuuksien mukaan jo haun ollessa auki. Perehdytys aloitetaan hakijan aikataulun mukaan, mutta viimeist\u00e4\u00e4n syyskuussa 1.9.2022.<\/p>\n\n\n\n<p>Lis\u00e4tietoja teht\u00e4v\u00e4\u00e4n liittyen antaa talousp\u00e4\u00e4llikk\u00f6&nbsp;<strong>Simon Sarmaja<\/strong>&nbsp;s\u00e4hk\u00f6postitse&nbsp;<strong>talouspaallikko@tuky.fi<\/strong>&nbsp;tai puhelimitse&nbsp;<strong>040 5109300<\/strong>.<\/p>\n","protected":false},"excerpt":{"rendered":"<p>Turun KY hakee&nbsp;talousp\u00e4\u00e4llikk\u00f6\u00e4&nbsp;1.9.2022 alkavaan ty\u00f6suhteeseen. Uusi talousp\u00e4\u00e4llikk\u00f6 ty\u00f6skentelee syyskuun ajan ty\u00f6teht\u00e4v\u00e4\u00e4n perehtyen yhdess\u00e4 nykyisen talousp\u00e4\u00e4llik\u00f6n kanssa ja jatkaa itsen\u00e4isesti ty\u00f6ss\u00e4\u00e4n 1.10. alkaen. Talousp\u00e4\u00e4llikk\u00f6 vastaa yhdistyksen p\u00e4ivitt\u00e4istaloudesta yhdess\u00e4 hallituksen ja taloustoimikunnan [&hellip;]<\/p>\n","protected":false},"author":1,"featured_media":0,"comment_status":"open","ping_status":"open","sticky":false,"template":"","format":"standard","meta":{"_et_pb_use_builder":"off","_et_pb_old_content":"","_et_gb_content_width":"","footnotes":""},"categories":[4],"tags":[],"class_list":["post-41740","post","type-post","status-publish","format-standard","hentry","category-news"],"yoast_head":"<!-- This site is optimized with the Yoast SEO plugin v27.2 - https:\/\/yoast.com\/product\/yoast-seo-wordpress\/ -->\n<title>Talousp\u00e4\u00e4llik\u00f6n hakuaikaa pidennetty - Turun KY<\/title>\n<meta name=\"robots\" content=\"index, follow, max-snippet:-1, max-image-preview:large, max-video-preview:-1\" \/>\n<link rel=\"canonical\" href=\"https:\/\/www.tuky.fi\/etusivu\/news\/talouspaallikon-hakuaikaa-pidennetty\/\" \/>\n<meta property=\"og:locale\" content=\"fi_FI\" \/>\n<meta property=\"og:type\" content=\"article\" \/>\n<meta property=\"og:title\" content=\"Talousp\u00e4\u00e4llik\u00f6n hakuaikaa pidennetty - Turun KY\" \/>\n<meta property=\"og:description\" content=\"Turun KY hakee&nbsp;talousp\u00e4\u00e4llikk\u00f6\u00e4&nbsp;1.9.2022 alkavaan ty\u00f6suhteeseen. Uusi talousp\u00e4\u00e4llikk\u00f6 ty\u00f6skentelee syyskuun ajan ty\u00f6teht\u00e4v\u00e4\u00e4n perehtyen yhdess\u00e4 nykyisen talousp\u00e4\u00e4llik\u00f6n kanssa ja jatkaa itsen\u00e4isesti ty\u00f6ss\u00e4\u00e4n 1.10. alkaen. Talousp\u00e4\u00e4llikk\u00f6 vastaa yhdistyksen p\u00e4ivitt\u00e4istaloudesta yhdess\u00e4 hallituksen ja taloustoimikunnan [&hellip;]\" \/>\n<meta property=\"og:url\" content=\"https:\/\/www.tuky.fi\/etusivu\/news\/talouspaallikon-hakuaikaa-pidennetty\/\" \/>\n<meta property=\"og:site_name\" content=\"Turun KY\" \/>\n<meta property=\"article:published_time\" content=\"2022-04-25T20:27:21+00:00\" \/>\n<meta property=\"article:modified_time\" content=\"2022-04-25T20:27:23+00:00\" \/>\n<meta property=\"og:image\" content=\"https:\/\/www.tuky.fi\/wp-content\/uploads\/2022\/04\/Picture1-1-1024x174.jpg\" \/>\n<meta name=\"author\" content=\"admin\" \/>\n<meta name=\"twitter:card\" content=\"summary_large_image\" \/>\n<meta name=\"twitter:label1\" content=\"Kirjoittanut\" \/>\n\t<meta name=\"twitter:data1\" content=\"admin\" \/>\n\t<meta name=\"twitter:label2\" content=\"Arvioitu lukuaika\" \/>\n\t<meta name=\"twitter:data2\" content=\"2 minuuttia\" \/>\n<script type=\"application\/ld+json\" class=\"yoast-schema-graph\">{\"@context\":\"https:\/\/schema.org\",\"@graph\":[{\"@type\":\"Article\",\"@id\":\"https:\/\/www.tuky.fi\/etusivu\/news\/talouspaallikon-hakuaikaa-pidennetty\/#article\",\"isPartOf\":{\"@id\":\"https:\/\/www.tuky.fi\/etusivu\/news\/talouspaallikon-hakuaikaa-pidennetty\/\"},\"author\":{\"name\":\"admin\",\"@id\":\"https:\/\/www.tuky.fi\/etusivu\/#\/schema\/person\/479eb0d4ef732e133e3a76f9b7659a39\"},\"headline\":\"Talousp\u00e4\u00e4llik\u00f6n hakuaikaa pidennetty\",\"datePublished\":\"2022-04-25T20:27:21+00:00\",\"dateModified\":\"2022-04-25T20:27:23+00:00\",\"mainEntityOfPage\":{\"@id\":\"https:\/\/www.tuky.fi\/etusivu\/news\/talouspaallikon-hakuaikaa-pidennetty\/\"},\"wordCount\":307,\"commentCount\":0,\"publisher\":{\"@id\":\"https:\/\/www.tuky.fi\/etusivu\/#organization\"},\"image\":{\"@id\":\"https:\/\/www.tuky.fi\/etusivu\/news\/talouspaallikon-hakuaikaa-pidennetty\/#primaryimage\"},\"thumbnailUrl\":\"https:\/\/www.tuky.fi\/wp-content\/uploads\/2022\/04\/Picture1-1-1024x174.jpg\",\"articleSection\":[\"news\"],\"inLanguage\":\"fi\",\"potentialAction\":[{\"@type\":\"CommentAction\",\"name\":\"Comment\",\"target\":[\"https:\/\/www.tuky.fi\/etusivu\/news\/talouspaallikon-hakuaikaa-pidennetty\/#respond\"]}]},{\"@type\":\"WebPage\",\"@id\":\"https:\/\/www.tuky.fi\/etusivu\/news\/talouspaallikon-hakuaikaa-pidennetty\/\",\"url\":\"https:\/\/www.tuky.fi\/etusivu\/news\/talouspaallikon-hakuaikaa-pidennetty\/\",\"name\":\"Talousp\u00e4\u00e4llik\u00f6n hakuaikaa pidennetty - Turun KY\",\"isPartOf\":{\"@id\":\"https:\/\/www.tuky.fi\/etusivu\/#website\"},\"primaryImageOfPage\":{\"@id\":\"https:\/\/www.tuky.fi\/etusivu\/news\/talouspaallikon-hakuaikaa-pidennetty\/#primaryimage\"},\"image\":{\"@id\":\"https:\/\/www.tuky.fi\/etusivu\/news\/talouspaallikon-hakuaikaa-pidennetty\/#primaryimage\"},\"thumbnailUrl\":\"https:\/\/www.tuky.fi\/wp-content\/uploads\/2022\/04\/Picture1-1-1024x174.jpg\",\"datePublished\":\"2022-04-25T20:27:21+00:00\",\"dateModified\":\"2022-04-25T20:27:23+00:00\",\"breadcrumb\":{\"@id\":\"https:\/\/www.tuky.fi\/etusivu\/news\/talouspaallikon-hakuaikaa-pidennetty\/#breadcrumb\"},\"inLanguage\":\"fi\",\"potentialAction\":[{\"@type\":\"ReadAction\",\"target\":[\"https:\/\/www.tuky.fi\/etusivu\/news\/talouspaallikon-hakuaikaa-pidennetty\/\"]}]},{\"@type\":\"ImageObject\",\"inLanguage\":\"fi\",\"@id\":\"https:\/\/www.tuky.fi\/etusivu\/news\/talouspaallikon-hakuaikaa-pidennetty\/#primaryimage\",\"url\":\"https:\/\/www.tuky.fi\/wp-content\/uploads\/2022\/04\/Picture1-1-1024x174.jpg\",\"contentUrl\":\"https:\/\/www.tuky.fi\/wp-content\/uploads\/2022\/04\/Picture1-1-1024x174.jpg\"},{\"@type\":\"BreadcrumbList\",\"@id\":\"https:\/\/www.tuky.fi\/etusivu\/news\/talouspaallikon-hakuaikaa-pidennetty\/#breadcrumb\",\"itemListElement\":[{\"@type\":\"ListItem\",\"position\":1,\"name\":\"Etusivu\",\"item\":\"https:\/\/www.tuky.fi\/etusivu\/\"},{\"@type\":\"ListItem\",\"position\":2,\"name\":\"Talousp\u00e4\u00e4llik\u00f6n hakuaikaa pidennetty\"}]},{\"@type\":\"WebSite\",\"@id\":\"https:\/\/www.tuky.fi\/etusivu\/#website\",\"url\":\"https:\/\/www.tuky.fi\/etusivu\/\",\"name\":\"Turun KY\",\"description\":\"TuKY\",\"publisher\":{\"@id\":\"https:\/\/www.tuky.fi\/etusivu\/#organization\"},\"alternateName\":\"TuKY\",\"potentialAction\":[{\"@type\":\"SearchAction\",\"target\":{\"@type\":\"EntryPoint\",\"urlTemplate\":\"https:\/\/www.tuky.fi\/etusivu\/?s={search_term_string}\"},\"query-input\":{\"@type\":\"PropertyValueSpecification\",\"valueRequired\":true,\"valueName\":\"search_term_string\"}}],\"inLanguage\":\"fi\"},{\"@type\":\"Organization\",\"@id\":\"https:\/\/www.tuky.fi\/etusivu\/#organization\",\"name\":\"Turun KY\",\"alternateName\":\"TuKY\",\"url\":\"https:\/\/www.tuky.fi\/etusivu\/\",\"logo\":{\"@type\":\"ImageObject\",\"inLanguage\":\"fi\",\"@id\":\"https:\/\/www.tuky.fi\/etusivu\/#\/schema\/logo\/image\/\",\"url\":\"https:\/\/www.tuky.fi\/wp-content\/uploads\/2024\/09\/TuKY-logo-kulta-1.png\",\"contentUrl\":\"https:\/\/www.tuky.fi\/wp-content\/uploads\/2024\/09\/TuKY-logo-kulta-1.png\",\"width\":1080,\"height\":1080,\"caption\":\"Turun KY\"},\"image\":{\"@id\":\"https:\/\/www.tuky.fi\/etusivu\/#\/schema\/logo\/image\/\"},\"sameAs\":[\"https:\/\/instagram.com\/turunky\",\"https:\/\/linkedin.com\/turunky\"]},{\"@type\":\"Person\",\"@id\":\"https:\/\/www.tuky.fi\/etusivu\/#\/schema\/person\/479eb0d4ef732e133e3a76f9b7659a39\",\"name\":\"admin\",\"image\":{\"@type\":\"ImageObject\",\"inLanguage\":\"fi\",\"@id\":\"https:\/\/secure.gravatar.com\/avatar\/afbe741656101229147e16716fbedbcade65018caf8c467f89b9abae7aaffeea?s=96&d=mm&r=g\",\"url\":\"https:\/\/secure.gravatar.com\/avatar\/afbe741656101229147e16716fbedbcade65018caf8c467f89b9abae7aaffeea?s=96&d=mm&r=g\",\"contentUrl\":\"https:\/\/secure.gravatar.com\/avatar\/afbe741656101229147e16716fbedbcade65018caf8c467f89b9abae7aaffeea?s=96&d=mm&r=g\",\"caption\":\"admin\"},\"url\":\"https:\/\/www.tuky.fi\/etusivu\/author\/admin\/\"}]}<\/script>\n<!-- \/ Yoast SEO plugin. -->","yoast_head_json":{"title":"Talousp\u00e4\u00e4llik\u00f6n hakuaikaa pidennetty - Turun KY","robots":{"index":"index","follow":"follow","max-snippet":"max-snippet:-1","max-image-preview":"max-image-preview:large","max-video-preview":"max-video-preview:-1"},"canonical":"https:\/\/www.tuky.fi\/etusivu\/news\/talouspaallikon-hakuaikaa-pidennetty\/","og_locale":"fi_FI","og_type":"article","og_title":"Talousp\u00e4\u00e4llik\u00f6n hakuaikaa pidennetty - Turun KY","og_description":"Turun KY hakee&nbsp;talousp\u00e4\u00e4llikk\u00f6\u00e4&nbsp;1.9.2022 alkavaan ty\u00f6suhteeseen. Uusi talousp\u00e4\u00e4llikk\u00f6 ty\u00f6skentelee syyskuun ajan ty\u00f6teht\u00e4v\u00e4\u00e4n perehtyen yhdess\u00e4 nykyisen talousp\u00e4\u00e4llik\u00f6n kanssa ja jatkaa itsen\u00e4isesti ty\u00f6ss\u00e4\u00e4n 1.10. alkaen. Talousp\u00e4\u00e4llikk\u00f6 vastaa yhdistyksen p\u00e4ivitt\u00e4istaloudesta yhdess\u00e4 hallituksen ja taloustoimikunnan [&hellip;]","og_url":"https:\/\/www.tuky.fi\/etusivu\/news\/talouspaallikon-hakuaikaa-pidennetty\/","og_site_name":"Turun KY","article_published_time":"2022-04-25T20:27:21+00:00","article_modified_time":"2022-04-25T20:27:23+00:00","og_image":[{"url":"https:\/\/www.tuky.fi\/wp-content\/uploads\/2022\/04\/Picture1-1-1024x174.jpg","type":"","width":"","height":""}],"author":"admin","twitter_card":"summary_large_image","twitter_misc":{"Kirjoittanut":"admin","Arvioitu lukuaika":"2 minuuttia"},"schema":{"@context":"https:\/\/schema.org","@graph":[{"@type":"Article","@id":"https:\/\/www.tuky.fi\/etusivu\/news\/talouspaallikon-hakuaikaa-pidennetty\/#article","isPartOf":{"@id":"https:\/\/www.tuky.fi\/etusivu\/news\/talouspaallikon-hakuaikaa-pidennetty\/"},"author":{"name":"admin","@id":"https:\/\/www.tuky.fi\/etusivu\/#\/schema\/person\/479eb0d4ef732e133e3a76f9b7659a39"},"headline":"Talousp\u00e4\u00e4llik\u00f6n hakuaikaa pidennetty","datePublished":"2022-04-25T20:27:21+00:00","dateModified":"2022-04-25T20:27:23+00:00","mainEntityOfPage":{"@id":"https:\/\/www.tuky.fi\/etusivu\/news\/talouspaallikon-hakuaikaa-pidennetty\/"},"wordCount":307,"commentCount":0,"publisher":{"@id":"https:\/\/www.tuky.fi\/etusivu\/#organization"},"image":{"@id":"https:\/\/www.tuky.fi\/etusivu\/news\/talouspaallikon-hakuaikaa-pidennetty\/#primaryimage"},"thumbnailUrl":"https:\/\/www.tuky.fi\/wp-content\/uploads\/2022\/04\/Picture1-1-1024x174.jpg","articleSection":["news"],"inLanguage":"fi","potentialAction":[{"@type":"CommentAction","name":"Comment","target":["https:\/\/www.tuky.fi\/etusivu\/news\/talouspaallikon-hakuaikaa-pidennetty\/#respond"]}]},{"@type":"WebPage","@id":"https:\/\/www.tuky.fi\/etusivu\/news\/talouspaallikon-hakuaikaa-pidennetty\/","url":"https:\/\/www.tuky.fi\/etusivu\/news\/talouspaallikon-hakuaikaa-pidennetty\/","name":"Talousp\u00e4\u00e4llik\u00f6n hakuaikaa pidennetty - Turun KY","isPartOf":{"@id":"https:\/\/www.tuky.fi\/etusivu\/#website"},"primaryImageOfPage":{"@id":"https:\/\/www.tuky.fi\/etusivu\/news\/talouspaallikon-hakuaikaa-pidennetty\/#primaryimage"},"image":{"@id":"https:\/\/www.tuky.fi\/etusivu\/news\/talouspaallikon-hakuaikaa-pidennetty\/#primaryimage"},"thumbnailUrl":"https:\/\/www.tuky.fi\/wp-content\/uploads\/2022\/04\/Picture1-1-1024x174.jpg","datePublished":"2022-04-25T20:27:21+00:00","dateModified":"2022-04-25T20:27:23+00:00","breadcrumb":{"@id":"https:\/\/www.tuky.fi\/etusivu\/news\/talouspaallikon-hakuaikaa-pidennetty\/#breadcrumb"},"inLanguage":"fi","potentialAction":[{"@type":"ReadAction","target":["https:\/\/www.tuky.fi\/etusivu\/news\/talouspaallikon-hakuaikaa-pidennetty\/"]}]},{"@type":"ImageObject","inLanguage":"fi","@id":"https:\/\/www.tuky.fi\/etusivu\/news\/talouspaallikon-hakuaikaa-pidennetty\/#primaryimage","url":"https:\/\/www.tuky.fi\/wp-content\/uploads\/2022\/04\/Picture1-1-1024x174.jpg","contentUrl":"https:\/\/www.tuky.fi\/wp-content\/uploads\/2022\/04\/Picture1-1-1024x174.jpg"},{"@type":"BreadcrumbList","@id":"https:\/\/www.tuky.fi\/etusivu\/news\/talouspaallikon-hakuaikaa-pidennetty\/#breadcrumb","itemListElement":[{"@type":"ListItem","position":1,"name":"Etusivu","item":"https:\/\/www.tuky.fi\/etusivu\/"},{"@type":"ListItem","position":2,"name":"Talousp\u00e4\u00e4llik\u00f6n hakuaikaa pidennetty"}]},{"@type":"WebSite","@id":"https:\/\/www.tuky.fi\/etusivu\/#website","url":"https:\/\/www.tuky.fi\/etusivu\/","name":"Turun KY","description":"TuKY","publisher":{"@id":"https:\/\/www.tuky.fi\/etusivu\/#organization"},"alternateName":"TuKY","potentialAction":[{"@type":"SearchAction","target":{"@type":"EntryPoint","urlTemplate":"https:\/\/www.tuky.fi\/etusivu\/?s={search_term_string}"},"query-input":{"@type":"PropertyValueSpecification","valueRequired":true,"valueName":"search_term_string"}}],"inLanguage":"fi"},{"@type":"Organization","@id":"https:\/\/www.tuky.fi\/etusivu\/#organization","name":"Turun KY","alternateName":"TuKY","url":"https:\/\/www.tuky.fi\/etusivu\/","logo":{"@type":"ImageObject","inLanguage":"fi","@id":"https:\/\/www.tuky.fi\/etusivu\/#\/schema\/logo\/image\/","url":"https:\/\/www.tuky.fi\/wp-content\/uploads\/2024\/09\/TuKY-logo-kulta-1.png","contentUrl":"https:\/\/www.tuky.fi\/wp-content\/uploads\/2024\/09\/TuKY-logo-kulta-1.png","width":1080,"height":1080,"caption":"Turun KY"},"image":{"@id":"https:\/\/www.tuky.fi\/etusivu\/#\/schema\/logo\/image\/"},"sameAs":["https:\/\/instagram.com\/turunky","https:\/\/linkedin.com\/turunky"]},{"@type":"Person","@id":"https:\/\/www.tuky.fi\/etusivu\/#\/schema\/person\/479eb0d4ef732e133e3a76f9b7659a39","name":"admin","image":{"@type":"ImageObject","inLanguage":"fi","@id":"https:\/\/secure.gravatar.com\/avatar\/afbe741656101229147e16716fbedbcade65018caf8c467f89b9abae7aaffeea?s=96&d=mm&r=g","url":"https:\/\/secure.gravatar.com\/avatar\/afbe741656101229147e16716fbedbcade65018caf8c467f89b9abae7aaffeea?s=96&d=mm&r=g","contentUrl":"https:\/\/secure.gravatar.com\/avatar\/afbe741656101229147e16716fbedbcade65018caf8c467f89b9abae7aaffeea?s=96&d=mm&r=g","caption":"admin"},"url":"https:\/\/www.tuky.fi\/etusivu\/author\/admin\/"}]}},"lang":"fi","translations":{"fi":41740},"pll_sync_post":[],"_links":{"self":[{"href":"https:\/\/www.tuky.fi\/etusivu\/wp-json\/wp\/v2\/posts\/41740","targetHints":{"allow":["GET"]}}],"collection":[{"href":"https:\/\/www.tuky.fi\/etusivu\/wp-json\/wp\/v2\/posts"}],"about":[{"href":"https:\/\/www.tuky.fi\/etusivu\/wp-json\/wp\/v2\/types\/post"}],"author":[{"embeddable":true,"href":"https:\/\/www.tuky.fi\/etusivu\/wp-json\/wp\/v2\/users\/1"}],"replies":[{"embeddable":true,"href":"https:\/\/www.tuky.fi\/etusivu\/wp-json\/wp\/v2\/comments?post=41740"}],"version-history":[{"count":0,"href":"https:\/\/www.tuky.fi\/etusivu\/wp-json\/wp\/v2\/posts\/41740\/revisions"}],"wp:attachment":[{"href":"https:\/\/www.tuky.fi\/etusivu\/wp-json\/wp\/v2\/media?parent=41740"}],"wp:term":[{"taxonomy":"category","embeddable":true,"href":"https:\/\/www.tuky.fi\/etusivu\/wp-json\/wp\/v2\/categories?post=41740"},{"taxonomy":"post_tag","embeddable":true,"href":"https:\/\/www.tuky.fi\/etusivu\/wp-json\/wp\/v2\/tags?post=41740"}],"curies":[{"name":"wp","href":"https:\/\/api.w.org\/{rel}","templated":true}]}}