{"id":41547,"date":"2022-09-01T12:00:00","date_gmt":"2022-09-01T09:00:00","guid":{"rendered":"https:\/\/www.tuky.fi\/etusivu\/?p=41547"},"modified":"2022-09-01T16:30:37","modified_gmt":"2022-09-01T13:30:37","slug":"pikkulaskiaisen-tuottajatiimi-haku","status":"publish","type":"post","link":"https:\/\/www.tuky.fi\/etusivu\/news\/pikkulaskiaisen-tuottajatiimi-haku\/","title":{"rendered":"Turun KY hakee j\u00e4rjest\u00e4j\u00e4tiimi\u00e4 NESU Spring Conferenceen 2023!"},"content":{"rendered":"\n<p>Kev\u00e4\u00e4ll\u00e4 2023 Turussa j\u00e4rjestett\u00e4v\u00e4\u00e4n NESU Conferenceen haetaan j\u00e4rjest\u00e4j\u00e4tiimi\u00e4. NESU Conference on puolivuosittain j\u00e4rjestett\u00e4v\u00e4 seminaari, joka kokoaa pohjoismaiden kauppatieteilij\u00f6it\u00e4 yhteen unohtumattoman viikon ajaksi. Viikko rakentuu aina tietyn ajankohtaisen teeman ymp\u00e4rille, jonka j\u00e4rjest\u00e4j\u00e4tiimi valitsee. P\u00e4ivisin seminaarissa ratkaistaan erilaisia teemaan liittyvi\u00e4 yrityscaseja ja osallistutaan workshoppeihin. Iltaohjelmaan vuorostaan kuuluu monenlaista vapaa-ajan toimintaa, kuten sitsej\u00e4, rentoa tutustumista ja viikon huipentava gaalaillallinen.&nbsp;<\/p>\n\n\n\n<p>J\u00e4rjest\u00e4j\u00e4tiimiss\u00e4 p\u00e4\u00e4set olemaan mukana toteuttamassa unohtumatonta seminaaria ja saat arvokasta kokemusta tapahtumanj\u00e4rjest\u00e4misest\u00e4. Jokaisella tiimil\u00e4isell\u00e4 on oma vastuualue, jonka lis\u00e4ksi tiimiss\u00e4 p\u00e4\u00e4see ideoimaan ja osallistumaan p\u00e4\u00e4t\u00f6ksentekoon laajasti koskien koko seminaaria.&nbsp;L\u00e4ht\u00f6kohtaisesti NESU Conferencen osallistujat valitaan j\u00e4rjest\u00e4j\u00e4kaupungin ulkopuolelta, joten tiimiss\u00e4 ty\u00f6skentely takaa sinulle my\u00f6s mahdollisuuden p\u00e4\u00e4st\u00e4 osallistumaan oman opiskelukaupunkisi seminaariviikkoon ja tutustumaan kyltereihin yli kaupunki- ja maarajojen.<\/p>\n\n\n\n<p>Etsimme oma-aloitteisia ja idearikkaita tiimil\u00e4isi\u00e4, jotka ovat motivoituneita ty\u00f6skentelem\u00e4\u00e4n unohtumattoman kev\u00e4tseminaarin eteen. Edellyt\u00e4mme hakijoilta hyv\u00e4\u00e4 organisointikyky\u00e4, englannin kielen taitoa, sek\u00e4 innokkuutta NESUn toimintaa kohtaan. Eduksi katsotaan kokemus NESUn tai Turun KY:n toiminnasta ja\/tai tapahtumanj\u00e4rjest\u00e4misest\u00e4. Eduksi katsotaan my\u00f6s aiempi osallistuminen johonkin NESU Conferenceen sek\u00e4 kiinnostus hakea osallistujaksi syksyn 2022 seminaariin Helsinkiin. Eduksi katsottavien kriteerien t\u00e4ytt\u00e4minen ei kuitenkaan ole v\u00e4ltt\u00e4m\u00e4t\u00f6nt\u00e4, joten haethan rohkeasti mukaan, vaikkei kokemusta seminaareista viel\u00e4 olisikaan karttunut.<\/p>\n\n\n\n<p>Kerrothan hakemuksessa t\u00e4rkeysj\u00e4rjestyksess\u00e4 ne vastuualueet, jotka sinua kiinnostavat eniten. Voit my\u00f6s hakea j\u00e4rjest\u00e4j\u00e4tiimiin ilman erityist\u00e4 pestitoivetta. Valinta tehd\u00e4\u00e4n ensisijaisesti hakemusten perusteella, ja tarvittaessa hakijat voidaan kutsua haastatteluihin.<\/p>\n\n\n\n<p>J\u00e4rjest\u00e4j\u00e4tiimi aloittaa ty\u00f6skentelyn heti alkusyksyll\u00e4 2022. Tiimin mahdolliset vastuualueet ja niiden p\u00e4\u00e4asiallinen sis\u00e4lt\u00f6 voi olla esimerkiksi seuraavanlainen:<\/p>\n\n\n\n<p><strong>P\u00e4iv\u00e4ohjelma &amp; yrityssuhteet (2-3 henkil\u00f6\u00e4)<\/strong><\/p>\n\n\n\n<p><strong><\/strong>&#8211; P\u00e4iv\u00e4ohjelmasta ja yrityssuhteista vastaavien tiimil\u00e4isten vastuulle kuuluu esimerkiksi case-p\u00e4ivien ohjelman rakentaminen kontaktoimalla potentiaalisia yrityksi\u00e4, p\u00e4ivien aikataulutus sek\u00e4 lis\u00e4arvoa tuottavien sponsorien hankkiminen seminaariviikolle.<\/p>\n\n\n\n<p><strong>Iltaohjelma (2-3 henkil\u00f6\u00e4)<\/strong><\/p>\n\n\n\n<p><strong><\/strong>&#8211; Iltaohjelmasta vastaavien tiimil\u00e4isten teht\u00e4viin kuuluu esimerkiksi viikon aloittavan Cabinin, eli m\u00f6kill\u00e4 j\u00e4rjestett\u00e4v\u00e4n y\u00f6pymisen ja ensimm\u00e4iseen iltaan kuuluvan ohjelman suunnittelu, keskiviikkona j\u00e4rjestett\u00e4v\u00e4n legendaarisen City Runin toteuttaminen sek\u00e4 viikon aikana olevan rennomman iltaohjelman ideointi ja toteuttaminen.<\/p>\n\n\n\n<p><strong>Talous (1 henkil\u00f6)<\/strong><\/p>\n\n\n\n<p><strong><\/strong>&#8211; Seminaariin liittyv\u00e4 taloudenhoito, esimerkiksi seminaarin rahaliikenteest\u00e4 vastaaminen, budjetin suunnittelu ja sen toteutumisen valvonta sek\u00e4 kirjanpito.<\/p>\n\n\n\n<p><strong>Markkinointi (1-2 henkil\u00f6\u00e4)<\/strong><\/p>\n\n\n\n<p><strong><\/strong>&#8211; NESU Conferencen visuaalisen ilmeen suunnittelu ja toteuttaminen, sosiaalisen median tilien yll\u00e4pito ja seminaarin some-markkinointi. Pesti sis\u00e4lt\u00e4\u00e4 my\u00f6s viestinn\u00e4llisi\u00e4 teht\u00e4vi\u00e4, kuten seminaariin liittyvist\u00e4 asioista tiedottaminen osallistujille.<\/p>\n\n\n\n<p><strong>Gaala (1-2 henkil\u00f6\u00e4)<\/strong><\/p>\n\n\n\n<p><strong><\/strong>&#8211; Viimeisen\u00e4 iltana olevan koko seminaariviikon kruunaavan gaalan suunnittelu ja p\u00e4\u00e4vastuullinen j\u00e4rjest\u00e4minen.<\/p>\n\n\n\n<p>Aiempiin seminaareihin voit tutustua <a href=\"http:\/\/nesu.net\/conferences\" target=\"_blank\" rel=\"noreferrer noopener\">t\u00e4\u00e4ll\u00e4.<\/a><\/p>\n\n\n\n<p>L\u00e4het\u00e4 vapaamuotoinen hakemus seminaarin p\u00e4\u00e4j\u00e4rjest\u00e4jille osoitteeseen <strong>ellen.nissinen@tuky.fi. <\/strong>My\u00f6s mahdolliset kysymykset pesteihin tai yleisesti Conferenceen liittyen voi l\u00e4hett\u00e4\u00e4 samaan osoitteeseen.<\/p>\n\n\n\n<p>Hakuaika sulkeutuu <strong>15.9.2022 klo 23:59<\/strong>.<\/p>\n\n\n\n<p>Sinikultaista syksyn alkua toivottaen, <\/p>\n\n\n\n<p><strong>Ellen Nissinen ja Anna Kaponen<\/strong><\/p>\n\n\n\n<p>NESU&nbsp;Spring Conference 2023 p\u00e4\u00e4tuottajat<\/p>\n","protected":false},"excerpt":{"rendered":"<p>Kev\u00e4\u00e4ll\u00e4 2023 Turussa j\u00e4rjestett\u00e4v\u00e4\u00e4n NESU Conferenceen haetaan j\u00e4rjest\u00e4j\u00e4tiimi\u00e4. NESU Conference on puolivuosittain j\u00e4rjestett\u00e4v\u00e4 seminaari, joka kokoaa pohjoismaiden kauppatieteilij\u00f6it\u00e4 yhteen unohtumattoman viikon ajaksi. Viikko rakentuu aina tietyn ajankohtaisen teeman ymp\u00e4rille, jonka [&hellip;]<\/p>\n","protected":false},"author":1,"featured_media":0,"comment_status":"open","ping_status":"open","sticky":false,"template":"","format":"standard","meta":{"_et_pb_use_builder":"off","_et_pb_old_content":"","_et_gb_content_width":"","footnotes":""},"categories":[4],"tags":[],"class_list":["post-41547","post","type-post","status-publish","format-standard","hentry","category-news"],"yoast_head":"<!-- This site is optimized with the Yoast SEO plugin v27.2 - https:\/\/yoast.com\/product\/yoast-seo-wordpress\/ -->\n<title>Turun KY hakee j\u00e4rjest\u00e4j\u00e4tiimi\u00e4 NESU Spring Conferenceen 2023! - Turun KY<\/title>\n<meta name=\"robots\" content=\"index, follow, max-snippet:-1, max-image-preview:large, max-video-preview:-1\" \/>\n<link rel=\"canonical\" href=\"https:\/\/www.tuky.fi\/etusivu\/news\/pikkulaskiaisen-tuottajatiimi-haku\/\" \/>\n<meta property=\"og:locale\" content=\"fi_FI\" \/>\n<meta property=\"og:type\" content=\"article\" \/>\n<meta property=\"og:title\" content=\"Turun KY hakee j\u00e4rjest\u00e4j\u00e4tiimi\u00e4 NESU Spring Conferenceen 2023! - Turun KY\" \/>\n<meta property=\"og:description\" content=\"Kev\u00e4\u00e4ll\u00e4 2023 Turussa j\u00e4rjestett\u00e4v\u00e4\u00e4n NESU Conferenceen haetaan j\u00e4rjest\u00e4j\u00e4tiimi\u00e4. NESU Conference on puolivuosittain j\u00e4rjestett\u00e4v\u00e4 seminaari, joka kokoaa pohjoismaiden kauppatieteilij\u00f6it\u00e4 yhteen unohtumattoman viikon ajaksi. Viikko rakentuu aina tietyn ajankohtaisen teeman ymp\u00e4rille, jonka [&hellip;]\" \/>\n<meta property=\"og:url\" content=\"https:\/\/www.tuky.fi\/etusivu\/news\/pikkulaskiaisen-tuottajatiimi-haku\/\" \/>\n<meta property=\"og:site_name\" content=\"Turun KY\" \/>\n<meta property=\"article:published_time\" content=\"2022-09-01T09:00:00+00:00\" \/>\n<meta property=\"article:modified_time\" content=\"2022-09-01T13:30:37+00:00\" \/>\n<meta name=\"author\" content=\"admin\" \/>\n<meta name=\"twitter:card\" content=\"summary_large_image\" \/>\n<meta name=\"twitter:label1\" content=\"Kirjoittanut\" \/>\n\t<meta name=\"twitter:data1\" content=\"admin\" \/>\n\t<meta name=\"twitter:label2\" content=\"Arvioitu lukuaika\" \/>\n\t<meta name=\"twitter:data2\" content=\"2 minuuttia\" \/>\n<script type=\"application\/ld+json\" class=\"yoast-schema-graph\">{\"@context\":\"https:\/\/schema.org\",\"@graph\":[{\"@type\":\"Article\",\"@id\":\"https:\/\/www.tuky.fi\/etusivu\/news\/pikkulaskiaisen-tuottajatiimi-haku\/#article\",\"isPartOf\":{\"@id\":\"https:\/\/www.tuky.fi\/etusivu\/news\/pikkulaskiaisen-tuottajatiimi-haku\/\"},\"author\":{\"name\":\"admin\",\"@id\":\"https:\/\/www.tuky.fi\/etusivu\/#\/schema\/person\/479eb0d4ef732e133e3a76f9b7659a39\"},\"headline\":\"Turun KY hakee j\u00e4rjest\u00e4j\u00e4tiimi\u00e4 NESU Spring Conferenceen 2023!\",\"datePublished\":\"2022-09-01T09:00:00+00:00\",\"dateModified\":\"2022-09-01T13:30:37+00:00\",\"mainEntityOfPage\":{\"@id\":\"https:\/\/www.tuky.fi\/etusivu\/news\/pikkulaskiaisen-tuottajatiimi-haku\/\"},\"wordCount\":502,\"commentCount\":0,\"publisher\":{\"@id\":\"https:\/\/www.tuky.fi\/etusivu\/#organization\"},\"articleSection\":[\"news\"],\"inLanguage\":\"fi\",\"potentialAction\":[{\"@type\":\"CommentAction\",\"name\":\"Comment\",\"target\":[\"https:\/\/www.tuky.fi\/etusivu\/news\/pikkulaskiaisen-tuottajatiimi-haku\/#respond\"]}]},{\"@type\":\"WebPage\",\"@id\":\"https:\/\/www.tuky.fi\/etusivu\/news\/pikkulaskiaisen-tuottajatiimi-haku\/\",\"url\":\"https:\/\/www.tuky.fi\/etusivu\/news\/pikkulaskiaisen-tuottajatiimi-haku\/\",\"name\":\"Turun KY hakee j\u00e4rjest\u00e4j\u00e4tiimi\u00e4 NESU Spring Conferenceen 2023! - Turun KY\",\"isPartOf\":{\"@id\":\"https:\/\/www.tuky.fi\/etusivu\/#website\"},\"datePublished\":\"2022-09-01T09:00:00+00:00\",\"dateModified\":\"2022-09-01T13:30:37+00:00\",\"breadcrumb\":{\"@id\":\"https:\/\/www.tuky.fi\/etusivu\/news\/pikkulaskiaisen-tuottajatiimi-haku\/#breadcrumb\"},\"inLanguage\":\"fi\",\"potentialAction\":[{\"@type\":\"ReadAction\",\"target\":[\"https:\/\/www.tuky.fi\/etusivu\/news\/pikkulaskiaisen-tuottajatiimi-haku\/\"]}]},{\"@type\":\"BreadcrumbList\",\"@id\":\"https:\/\/www.tuky.fi\/etusivu\/news\/pikkulaskiaisen-tuottajatiimi-haku\/#breadcrumb\",\"itemListElement\":[{\"@type\":\"ListItem\",\"position\":1,\"name\":\"Etusivu\",\"item\":\"https:\/\/www.tuky.fi\/etusivu\/\"},{\"@type\":\"ListItem\",\"position\":2,\"name\":\"Turun KY hakee j\u00e4rjest\u00e4j\u00e4tiimi\u00e4 NESU Spring Conferenceen 2023!\"}]},{\"@type\":\"WebSite\",\"@id\":\"https:\/\/www.tuky.fi\/etusivu\/#website\",\"url\":\"https:\/\/www.tuky.fi\/etusivu\/\",\"name\":\"Turun KY\",\"description\":\"TuKY\",\"publisher\":{\"@id\":\"https:\/\/www.tuky.fi\/etusivu\/#organization\"},\"alternateName\":\"TuKY\",\"potentialAction\":[{\"@type\":\"SearchAction\",\"target\":{\"@type\":\"EntryPoint\",\"urlTemplate\":\"https:\/\/www.tuky.fi\/etusivu\/?s={search_term_string}\"},\"query-input\":{\"@type\":\"PropertyValueSpecification\",\"valueRequired\":true,\"valueName\":\"search_term_string\"}}],\"inLanguage\":\"fi\"},{\"@type\":\"Organization\",\"@id\":\"https:\/\/www.tuky.fi\/etusivu\/#organization\",\"name\":\"Turun KY\",\"alternateName\":\"TuKY\",\"url\":\"https:\/\/www.tuky.fi\/etusivu\/\",\"logo\":{\"@type\":\"ImageObject\",\"inLanguage\":\"fi\",\"@id\":\"https:\/\/www.tuky.fi\/etusivu\/#\/schema\/logo\/image\/\",\"url\":\"https:\/\/www.tuky.fi\/wp-content\/uploads\/2024\/09\/TuKY-logo-kulta-1.png\",\"contentUrl\":\"https:\/\/www.tuky.fi\/wp-content\/uploads\/2024\/09\/TuKY-logo-kulta-1.png\",\"width\":1080,\"height\":1080,\"caption\":\"Turun KY\"},\"image\":{\"@id\":\"https:\/\/www.tuky.fi\/etusivu\/#\/schema\/logo\/image\/\"},\"sameAs\":[\"https:\/\/instagram.com\/turunky\",\"https:\/\/linkedin.com\/turunky\"]},{\"@type\":\"Person\",\"@id\":\"https:\/\/www.tuky.fi\/etusivu\/#\/schema\/person\/479eb0d4ef732e133e3a76f9b7659a39\",\"name\":\"admin\",\"image\":{\"@type\":\"ImageObject\",\"inLanguage\":\"fi\",\"@id\":\"https:\/\/secure.gravatar.com\/avatar\/afbe741656101229147e16716fbedbcade65018caf8c467f89b9abae7aaffeea?s=96&d=mm&r=g\",\"url\":\"https:\/\/secure.gravatar.com\/avatar\/afbe741656101229147e16716fbedbcade65018caf8c467f89b9abae7aaffeea?s=96&d=mm&r=g\",\"contentUrl\":\"https:\/\/secure.gravatar.com\/avatar\/afbe741656101229147e16716fbedbcade65018caf8c467f89b9abae7aaffeea?s=96&d=mm&r=g\",\"caption\":\"admin\"},\"url\":\"https:\/\/www.tuky.fi\/etusivu\/author\/admin\/\"}]}<\/script>\n<!-- \/ Yoast SEO plugin. -->","yoast_head_json":{"title":"Turun KY hakee j\u00e4rjest\u00e4j\u00e4tiimi\u00e4 NESU Spring Conferenceen 2023! - Turun KY","robots":{"index":"index","follow":"follow","max-snippet":"max-snippet:-1","max-image-preview":"max-image-preview:large","max-video-preview":"max-video-preview:-1"},"canonical":"https:\/\/www.tuky.fi\/etusivu\/news\/pikkulaskiaisen-tuottajatiimi-haku\/","og_locale":"fi_FI","og_type":"article","og_title":"Turun KY hakee j\u00e4rjest\u00e4j\u00e4tiimi\u00e4 NESU Spring Conferenceen 2023! - Turun KY","og_description":"Kev\u00e4\u00e4ll\u00e4 2023 Turussa j\u00e4rjestett\u00e4v\u00e4\u00e4n NESU Conferenceen haetaan j\u00e4rjest\u00e4j\u00e4tiimi\u00e4. NESU Conference on puolivuosittain j\u00e4rjestett\u00e4v\u00e4 seminaari, joka kokoaa pohjoismaiden kauppatieteilij\u00f6it\u00e4 yhteen unohtumattoman viikon ajaksi. Viikko rakentuu aina tietyn ajankohtaisen teeman ymp\u00e4rille, jonka [&hellip;]","og_url":"https:\/\/www.tuky.fi\/etusivu\/news\/pikkulaskiaisen-tuottajatiimi-haku\/","og_site_name":"Turun KY","article_published_time":"2022-09-01T09:00:00+00:00","article_modified_time":"2022-09-01T13:30:37+00:00","author":"admin","twitter_card":"summary_large_image","twitter_misc":{"Kirjoittanut":"admin","Arvioitu lukuaika":"2 minuuttia"},"schema":{"@context":"https:\/\/schema.org","@graph":[{"@type":"Article","@id":"https:\/\/www.tuky.fi\/etusivu\/news\/pikkulaskiaisen-tuottajatiimi-haku\/#article","isPartOf":{"@id":"https:\/\/www.tuky.fi\/etusivu\/news\/pikkulaskiaisen-tuottajatiimi-haku\/"},"author":{"name":"admin","@id":"https:\/\/www.tuky.fi\/etusivu\/#\/schema\/person\/479eb0d4ef732e133e3a76f9b7659a39"},"headline":"Turun KY hakee j\u00e4rjest\u00e4j\u00e4tiimi\u00e4 NESU Spring Conferenceen 2023!","datePublished":"2022-09-01T09:00:00+00:00","dateModified":"2022-09-01T13:30:37+00:00","mainEntityOfPage":{"@id":"https:\/\/www.tuky.fi\/etusivu\/news\/pikkulaskiaisen-tuottajatiimi-haku\/"},"wordCount":502,"commentCount":0,"publisher":{"@id":"https:\/\/www.tuky.fi\/etusivu\/#organization"},"articleSection":["news"],"inLanguage":"fi","potentialAction":[{"@type":"CommentAction","name":"Comment","target":["https:\/\/www.tuky.fi\/etusivu\/news\/pikkulaskiaisen-tuottajatiimi-haku\/#respond"]}]},{"@type":"WebPage","@id":"https:\/\/www.tuky.fi\/etusivu\/news\/pikkulaskiaisen-tuottajatiimi-haku\/","url":"https:\/\/www.tuky.fi\/etusivu\/news\/pikkulaskiaisen-tuottajatiimi-haku\/","name":"Turun KY hakee j\u00e4rjest\u00e4j\u00e4tiimi\u00e4 NESU Spring Conferenceen 2023! - Turun KY","isPartOf":{"@id":"https:\/\/www.tuky.fi\/etusivu\/#website"},"datePublished":"2022-09-01T09:00:00+00:00","dateModified":"2022-09-01T13:30:37+00:00","breadcrumb":{"@id":"https:\/\/www.tuky.fi\/etusivu\/news\/pikkulaskiaisen-tuottajatiimi-haku\/#breadcrumb"},"inLanguage":"fi","potentialAction":[{"@type":"ReadAction","target":["https:\/\/www.tuky.fi\/etusivu\/news\/pikkulaskiaisen-tuottajatiimi-haku\/"]}]},{"@type":"BreadcrumbList","@id":"https:\/\/www.tuky.fi\/etusivu\/news\/pikkulaskiaisen-tuottajatiimi-haku\/#breadcrumb","itemListElement":[{"@type":"ListItem","position":1,"name":"Etusivu","item":"https:\/\/www.tuky.fi\/etusivu\/"},{"@type":"ListItem","position":2,"name":"Turun KY hakee j\u00e4rjest\u00e4j\u00e4tiimi\u00e4 NESU Spring Conferenceen 2023!"}]},{"@type":"WebSite","@id":"https:\/\/www.tuky.fi\/etusivu\/#website","url":"https:\/\/www.tuky.fi\/etusivu\/","name":"Turun KY","description":"TuKY","publisher":{"@id":"https:\/\/www.tuky.fi\/etusivu\/#organization"},"alternateName":"TuKY","potentialAction":[{"@type":"SearchAction","target":{"@type":"EntryPoint","urlTemplate":"https:\/\/www.tuky.fi\/etusivu\/?s={search_term_string}"},"query-input":{"@type":"PropertyValueSpecification","valueRequired":true,"valueName":"search_term_string"}}],"inLanguage":"fi"},{"@type":"Organization","@id":"https:\/\/www.tuky.fi\/etusivu\/#organization","name":"Turun KY","alternateName":"TuKY","url":"https:\/\/www.tuky.fi\/etusivu\/","logo":{"@type":"ImageObject","inLanguage":"fi","@id":"https:\/\/www.tuky.fi\/etusivu\/#\/schema\/logo\/image\/","url":"https:\/\/www.tuky.fi\/wp-content\/uploads\/2024\/09\/TuKY-logo-kulta-1.png","contentUrl":"https:\/\/www.tuky.fi\/wp-content\/uploads\/2024\/09\/TuKY-logo-kulta-1.png","width":1080,"height":1080,"caption":"Turun KY"},"image":{"@id":"https:\/\/www.tuky.fi\/etusivu\/#\/schema\/logo\/image\/"},"sameAs":["https:\/\/instagram.com\/turunky","https:\/\/linkedin.com\/turunky"]},{"@type":"Person","@id":"https:\/\/www.tuky.fi\/etusivu\/#\/schema\/person\/479eb0d4ef732e133e3a76f9b7659a39","name":"admin","image":{"@type":"ImageObject","inLanguage":"fi","@id":"https:\/\/secure.gravatar.com\/avatar\/afbe741656101229147e16716fbedbcade65018caf8c467f89b9abae7aaffeea?s=96&d=mm&r=g","url":"https:\/\/secure.gravatar.com\/avatar\/afbe741656101229147e16716fbedbcade65018caf8c467f89b9abae7aaffeea?s=96&d=mm&r=g","contentUrl":"https:\/\/secure.gravatar.com\/avatar\/afbe741656101229147e16716fbedbcade65018caf8c467f89b9abae7aaffeea?s=96&d=mm&r=g","caption":"admin"},"url":"https:\/\/www.tuky.fi\/etusivu\/author\/admin\/"}]}},"lang":"fi","translations":{"fi":41547},"pll_sync_post":[],"_links":{"self":[{"href":"https:\/\/www.tuky.fi\/etusivu\/wp-json\/wp\/v2\/posts\/41547","targetHints":{"allow":["GET"]}}],"collection":[{"href":"https:\/\/www.tuky.fi\/etusivu\/wp-json\/wp\/v2\/posts"}],"about":[{"href":"https:\/\/www.tuky.fi\/etusivu\/wp-json\/wp\/v2\/types\/post"}],"author":[{"embeddable":true,"href":"https:\/\/www.tuky.fi\/etusivu\/wp-json\/wp\/v2\/users\/1"}],"replies":[{"embeddable":true,"href":"https:\/\/www.tuky.fi\/etusivu\/wp-json\/wp\/v2\/comments?post=41547"}],"version-history":[{"count":0,"href":"https:\/\/www.tuky.fi\/etusivu\/wp-json\/wp\/v2\/posts\/41547\/revisions"}],"wp:attachment":[{"href":"https:\/\/www.tuky.fi\/etusivu\/wp-json\/wp\/v2\/media?parent=41547"}],"wp:term":[{"taxonomy":"category","embeddable":true,"href":"https:\/\/www.tuky.fi\/etusivu\/wp-json\/wp\/v2\/categories?post=41547"},{"taxonomy":"post_tag","embeddable":true,"href":"https:\/\/www.tuky.fi\/etusivu\/wp-json\/wp\/v2\/tags?post=41547"}],"curies":[{"name":"wp","href":"https:\/\/api.w.org\/{rel}","templated":true}]}}