{"id":40100,"date":"2021-11-16T07:00:00","date_gmt":"2021-11-16T04:00:00","guid":{"rendered":"https:\/\/www.tuky.fi\/etusivu\/?p=40100"},"modified":"2021-11-16T00:41:17","modified_gmt":"2021-11-15T21:41:17","slug":"turun-kyn-ylimaarainen-yhdistyksen-kokous-23-11-2021","status":"publish","type":"post","link":"https:\/\/www.tuky.fi\/etusivu\/news\/turun-kyn-ylimaarainen-yhdistyksen-kokous-23-11-2021\/","title":{"rendered":"Turun KY:n ylim\u00e4\u00e4r\u00e4inen yhdistyksen kokous 23.11.2021"},"content":{"rendered":"\n<p>Turun kauppatieteiden ylioppilaat ry pit\u00e4\u00e4 yhdistyksen ylim\u00e4\u00e4r\u00e4isen kokouksen <strong>tiistaina 23.11.2021 klo 15:30 kauppakorkeakoulun luentosalissa LS09<\/strong>. Yhdistyksen ylint\u00e4 p\u00e4\u00e4t\u00f6svaltaa k\u00e4ytt\u00e4v\u00e4t yhdistyksen kokoukset, jossa \u00e4\u00e4nivaltaisia ovat kaikki yhdistyksen varsinaiset j\u00e4senet. Kokouksessa k\u00e4sitell\u00e4\u00e4n vuoden 2022 yhdistyksen hallituksen t\u00e4ydent\u00e4minen kulttuuri- ja perinnevastaavan osalta. Alla kokouksen asialista. Lis\u00e4tietoja voi kysell\u00e4 osoitteesta puheenjohtaja@tuky.fi<\/p>\n\n\n\n<p><strong>Turun kauppatieteiden ylioppilaat ry:n yhdistyksen ylim\u00e4\u00e4r\u00e4inen kokous<\/strong><\/p>\n\n\n\n<p>Aika: tiistaina 23.11.2021 klo 15:30<\/p>\n\n\n\n<p>Paikka: LS09, Rehtorinpellonkatu 3<\/p>\n\n\n\n<p><strong>Asialista<\/strong><\/p>\n\n\n\n<p>1. Kokouksen avaus<\/p>\n\n\n\n<p>2. Laillisuuden ja p\u00e4\u00e4t\u00f6svaltaisuuden toteaminen<\/p>\n\n\n\n<p>3. Kokouksen puheenjohtajan valinta<\/p>\n\n\n\n<p>4. \u00c4\u00e4ntenlaskijoiden, p\u00f6yt\u00e4kirjantarkastajien ja sihteerin valinta<\/p>\n\n\n\n<p>5. Esityslistan hyv\u00e4ksyminen<\/p>\n\n\n\n<p>6. Ilmoitusasiat<\/p>\n\n\n\n<p>7. Vuoden 2022 kulttuuri- ja perinnevastaavan vaali<\/p>\n\n\n\n<p>8. Muut mahdolliset esille tulevat asiat<\/p>\n\n\n\n<p>9. Kokouksen p\u00e4\u00e4tt\u00e4minen<\/p>\n","protected":false},"excerpt":{"rendered":"<p>Turun kauppatieteiden ylioppilaat ry pit\u00e4\u00e4 yhdistyksen ylim\u00e4\u00e4r\u00e4isen kokouksen tiistaina 23.11.2021 klo 15:30 kauppakorkeakoulun luentosalissa LS09. Yhdistyksen ylint\u00e4 p\u00e4\u00e4t\u00f6svaltaa k\u00e4ytt\u00e4v\u00e4t yhdistyksen kokoukset, jossa \u00e4\u00e4nivaltaisia ovat kaikki yhdistyksen varsinaiset j\u00e4senet. Kokouksessa k\u00e4sitell\u00e4\u00e4n [&hellip;]<\/p>\n","protected":false},"author":1,"featured_media":0,"comment_status":"open","ping_status":"open","sticky":false,"template":"","format":"standard","meta":{"_et_pb_use_builder":"off","_et_pb_old_content":"","_et_gb_content_width":"","footnotes":""},"categories":[4],"tags":[],"class_list":["post-40100","post","type-post","status-publish","format-standard","hentry","category-news"],"yoast_head":"<!-- This site is optimized with the Yoast SEO plugin v27.2 - https:\/\/yoast.com\/product\/yoast-seo-wordpress\/ -->\n<title>Turun KY:n ylim\u00e4\u00e4r\u00e4inen yhdistyksen kokous 23.11.2021 - Turun KY<\/title>\n<meta name=\"robots\" content=\"index, follow, max-snippet:-1, max-image-preview:large, max-video-preview:-1\" \/>\n<link rel=\"canonical\" href=\"https:\/\/www.tuky.fi\/etusivu\/news\/turun-kyn-ylimaarainen-yhdistyksen-kokous-23-11-2021\/\" \/>\n<meta property=\"og:locale\" content=\"fi_FI\" \/>\n<meta property=\"og:type\" content=\"article\" \/>\n<meta property=\"og:title\" content=\"Turun KY:n ylim\u00e4\u00e4r\u00e4inen yhdistyksen kokous 23.11.2021 - Turun KY\" \/>\n<meta property=\"og:description\" content=\"Turun kauppatieteiden ylioppilaat ry pit\u00e4\u00e4 yhdistyksen ylim\u00e4\u00e4r\u00e4isen kokouksen tiistaina 23.11.2021 klo 15:30 kauppakorkeakoulun luentosalissa LS09. Yhdistyksen ylint\u00e4 p\u00e4\u00e4t\u00f6svaltaa k\u00e4ytt\u00e4v\u00e4t yhdistyksen kokoukset, jossa \u00e4\u00e4nivaltaisia ovat kaikki yhdistyksen varsinaiset j\u00e4senet. Kokouksessa k\u00e4sitell\u00e4\u00e4n [&hellip;]\" \/>\n<meta property=\"og:url\" content=\"https:\/\/www.tuky.fi\/etusivu\/news\/turun-kyn-ylimaarainen-yhdistyksen-kokous-23-11-2021\/\" \/>\n<meta property=\"og:site_name\" content=\"Turun KY\" \/>\n<meta property=\"article:published_time\" content=\"2021-11-16T04:00:00+00:00\" \/>\n<meta name=\"author\" content=\"admin\" \/>\n<meta name=\"twitter:card\" content=\"summary_large_image\" \/>\n<meta name=\"twitter:label1\" content=\"Kirjoittanut\" \/>\n\t<meta name=\"twitter:data1\" content=\"admin\" \/>\n\t<meta name=\"twitter:label2\" content=\"Arvioitu lukuaika\" \/>\n\t<meta name=\"twitter:data2\" content=\"1 minuutti\" \/>\n<script type=\"application\/ld+json\" class=\"yoast-schema-graph\">{\"@context\":\"https:\/\/schema.org\",\"@graph\":[{\"@type\":\"Article\",\"@id\":\"https:\/\/www.tuky.fi\/etusivu\/news\/turun-kyn-ylimaarainen-yhdistyksen-kokous-23-11-2021\/#article\",\"isPartOf\":{\"@id\":\"https:\/\/www.tuky.fi\/etusivu\/news\/turun-kyn-ylimaarainen-yhdistyksen-kokous-23-11-2021\/\"},\"author\":{\"name\":\"admin\",\"@id\":\"https:\/\/www.tuky.fi\/etusivu\/#\/schema\/person\/479eb0d4ef732e133e3a76f9b7659a39\"},\"headline\":\"Turun KY:n ylim\u00e4\u00e4r\u00e4inen yhdistyksen kokous 23.11.2021\",\"datePublished\":\"2021-11-16T04:00:00+00:00\",\"mainEntityOfPage\":{\"@id\":\"https:\/\/www.tuky.fi\/etusivu\/news\/turun-kyn-ylimaarainen-yhdistyksen-kokous-23-11-2021\/\"},\"wordCount\":120,\"commentCount\":0,\"publisher\":{\"@id\":\"https:\/\/www.tuky.fi\/etusivu\/#organization\"},\"articleSection\":[\"news\"],\"inLanguage\":\"fi\",\"potentialAction\":[{\"@type\":\"CommentAction\",\"name\":\"Comment\",\"target\":[\"https:\/\/www.tuky.fi\/etusivu\/news\/turun-kyn-ylimaarainen-yhdistyksen-kokous-23-11-2021\/#respond\"]}]},{\"@type\":\"WebPage\",\"@id\":\"https:\/\/www.tuky.fi\/etusivu\/news\/turun-kyn-ylimaarainen-yhdistyksen-kokous-23-11-2021\/\",\"url\":\"https:\/\/www.tuky.fi\/etusivu\/news\/turun-kyn-ylimaarainen-yhdistyksen-kokous-23-11-2021\/\",\"name\":\"Turun KY:n ylim\u00e4\u00e4r\u00e4inen yhdistyksen kokous 23.11.2021 - Turun KY\",\"isPartOf\":{\"@id\":\"https:\/\/www.tuky.fi\/etusivu\/#website\"},\"datePublished\":\"2021-11-16T04:00:00+00:00\",\"breadcrumb\":{\"@id\":\"https:\/\/www.tuky.fi\/etusivu\/news\/turun-kyn-ylimaarainen-yhdistyksen-kokous-23-11-2021\/#breadcrumb\"},\"inLanguage\":\"fi\",\"potentialAction\":[{\"@type\":\"ReadAction\",\"target\":[\"https:\/\/www.tuky.fi\/etusivu\/news\/turun-kyn-ylimaarainen-yhdistyksen-kokous-23-11-2021\/\"]}]},{\"@type\":\"BreadcrumbList\",\"@id\":\"https:\/\/www.tuky.fi\/etusivu\/news\/turun-kyn-ylimaarainen-yhdistyksen-kokous-23-11-2021\/#breadcrumb\",\"itemListElement\":[{\"@type\":\"ListItem\",\"position\":1,\"name\":\"Etusivu\",\"item\":\"https:\/\/www.tuky.fi\/etusivu\/\"},{\"@type\":\"ListItem\",\"position\":2,\"name\":\"Turun KY:n ylim\u00e4\u00e4r\u00e4inen yhdistyksen kokous 23.11.2021\"}]},{\"@type\":\"WebSite\",\"@id\":\"https:\/\/www.tuky.fi\/etusivu\/#website\",\"url\":\"https:\/\/www.tuky.fi\/etusivu\/\",\"name\":\"Turun KY\",\"description\":\"TuKY\",\"publisher\":{\"@id\":\"https:\/\/www.tuky.fi\/etusivu\/#organization\"},\"alternateName\":\"TuKY\",\"potentialAction\":[{\"@type\":\"SearchAction\",\"target\":{\"@type\":\"EntryPoint\",\"urlTemplate\":\"https:\/\/www.tuky.fi\/etusivu\/?s={search_term_string}\"},\"query-input\":{\"@type\":\"PropertyValueSpecification\",\"valueRequired\":true,\"valueName\":\"search_term_string\"}}],\"inLanguage\":\"fi\"},{\"@type\":\"Organization\",\"@id\":\"https:\/\/www.tuky.fi\/etusivu\/#organization\",\"name\":\"Turun KY\",\"alternateName\":\"TuKY\",\"url\":\"https:\/\/www.tuky.fi\/etusivu\/\",\"logo\":{\"@type\":\"ImageObject\",\"inLanguage\":\"fi\",\"@id\":\"https:\/\/www.tuky.fi\/etusivu\/#\/schema\/logo\/image\/\",\"url\":\"https:\/\/www.tuky.fi\/wp-content\/uploads\/2024\/09\/TuKY-logo-kulta-1.png\",\"contentUrl\":\"https:\/\/www.tuky.fi\/wp-content\/uploads\/2024\/09\/TuKY-logo-kulta-1.png\",\"width\":1080,\"height\":1080,\"caption\":\"Turun KY\"},\"image\":{\"@id\":\"https:\/\/www.tuky.fi\/etusivu\/#\/schema\/logo\/image\/\"},\"sameAs\":[\"https:\/\/instagram.com\/turunky\",\"https:\/\/linkedin.com\/turunky\"]},{\"@type\":\"Person\",\"@id\":\"https:\/\/www.tuky.fi\/etusivu\/#\/schema\/person\/479eb0d4ef732e133e3a76f9b7659a39\",\"name\":\"admin\",\"image\":{\"@type\":\"ImageObject\",\"inLanguage\":\"fi\",\"@id\":\"https:\/\/secure.gravatar.com\/avatar\/afbe741656101229147e16716fbedbcade65018caf8c467f89b9abae7aaffeea?s=96&d=mm&r=g\",\"url\":\"https:\/\/secure.gravatar.com\/avatar\/afbe741656101229147e16716fbedbcade65018caf8c467f89b9abae7aaffeea?s=96&d=mm&r=g\",\"contentUrl\":\"https:\/\/secure.gravatar.com\/avatar\/afbe741656101229147e16716fbedbcade65018caf8c467f89b9abae7aaffeea?s=96&d=mm&r=g\",\"caption\":\"admin\"},\"url\":\"https:\/\/www.tuky.fi\/etusivu\/author\/admin\/\"}]}<\/script>\n<!-- \/ Yoast SEO plugin. -->","yoast_head_json":{"title":"Turun KY:n ylim\u00e4\u00e4r\u00e4inen yhdistyksen kokous 23.11.2021 - Turun KY","robots":{"index":"index","follow":"follow","max-snippet":"max-snippet:-1","max-image-preview":"max-image-preview:large","max-video-preview":"max-video-preview:-1"},"canonical":"https:\/\/www.tuky.fi\/etusivu\/news\/turun-kyn-ylimaarainen-yhdistyksen-kokous-23-11-2021\/","og_locale":"fi_FI","og_type":"article","og_title":"Turun KY:n ylim\u00e4\u00e4r\u00e4inen yhdistyksen kokous 23.11.2021 - Turun KY","og_description":"Turun kauppatieteiden ylioppilaat ry pit\u00e4\u00e4 yhdistyksen ylim\u00e4\u00e4r\u00e4isen kokouksen tiistaina 23.11.2021 klo 15:30 kauppakorkeakoulun luentosalissa LS09. Yhdistyksen ylint\u00e4 p\u00e4\u00e4t\u00f6svaltaa k\u00e4ytt\u00e4v\u00e4t yhdistyksen kokoukset, jossa \u00e4\u00e4nivaltaisia ovat kaikki yhdistyksen varsinaiset j\u00e4senet. Kokouksessa k\u00e4sitell\u00e4\u00e4n [&hellip;]","og_url":"https:\/\/www.tuky.fi\/etusivu\/news\/turun-kyn-ylimaarainen-yhdistyksen-kokous-23-11-2021\/","og_site_name":"Turun KY","article_published_time":"2021-11-16T04:00:00+00:00","author":"admin","twitter_card":"summary_large_image","twitter_misc":{"Kirjoittanut":"admin","Arvioitu lukuaika":"1 minuutti"},"schema":{"@context":"https:\/\/schema.org","@graph":[{"@type":"Article","@id":"https:\/\/www.tuky.fi\/etusivu\/news\/turun-kyn-ylimaarainen-yhdistyksen-kokous-23-11-2021\/#article","isPartOf":{"@id":"https:\/\/www.tuky.fi\/etusivu\/news\/turun-kyn-ylimaarainen-yhdistyksen-kokous-23-11-2021\/"},"author":{"name":"admin","@id":"https:\/\/www.tuky.fi\/etusivu\/#\/schema\/person\/479eb0d4ef732e133e3a76f9b7659a39"},"headline":"Turun KY:n ylim\u00e4\u00e4r\u00e4inen yhdistyksen kokous 23.11.2021","datePublished":"2021-11-16T04:00:00+00:00","mainEntityOfPage":{"@id":"https:\/\/www.tuky.fi\/etusivu\/news\/turun-kyn-ylimaarainen-yhdistyksen-kokous-23-11-2021\/"},"wordCount":120,"commentCount":0,"publisher":{"@id":"https:\/\/www.tuky.fi\/etusivu\/#organization"},"articleSection":["news"],"inLanguage":"fi","potentialAction":[{"@type":"CommentAction","name":"Comment","target":["https:\/\/www.tuky.fi\/etusivu\/news\/turun-kyn-ylimaarainen-yhdistyksen-kokous-23-11-2021\/#respond"]}]},{"@type":"WebPage","@id":"https:\/\/www.tuky.fi\/etusivu\/news\/turun-kyn-ylimaarainen-yhdistyksen-kokous-23-11-2021\/","url":"https:\/\/www.tuky.fi\/etusivu\/news\/turun-kyn-ylimaarainen-yhdistyksen-kokous-23-11-2021\/","name":"Turun KY:n ylim\u00e4\u00e4r\u00e4inen yhdistyksen kokous 23.11.2021 - Turun KY","isPartOf":{"@id":"https:\/\/www.tuky.fi\/etusivu\/#website"},"datePublished":"2021-11-16T04:00:00+00:00","breadcrumb":{"@id":"https:\/\/www.tuky.fi\/etusivu\/news\/turun-kyn-ylimaarainen-yhdistyksen-kokous-23-11-2021\/#breadcrumb"},"inLanguage":"fi","potentialAction":[{"@type":"ReadAction","target":["https:\/\/www.tuky.fi\/etusivu\/news\/turun-kyn-ylimaarainen-yhdistyksen-kokous-23-11-2021\/"]}]},{"@type":"BreadcrumbList","@id":"https:\/\/www.tuky.fi\/etusivu\/news\/turun-kyn-ylimaarainen-yhdistyksen-kokous-23-11-2021\/#breadcrumb","itemListElement":[{"@type":"ListItem","position":1,"name":"Etusivu","item":"https:\/\/www.tuky.fi\/etusivu\/"},{"@type":"ListItem","position":2,"name":"Turun KY:n ylim\u00e4\u00e4r\u00e4inen yhdistyksen kokous 23.11.2021"}]},{"@type":"WebSite","@id":"https:\/\/www.tuky.fi\/etusivu\/#website","url":"https:\/\/www.tuky.fi\/etusivu\/","name":"Turun KY","description":"TuKY","publisher":{"@id":"https:\/\/www.tuky.fi\/etusivu\/#organization"},"alternateName":"TuKY","potentialAction":[{"@type":"SearchAction","target":{"@type":"EntryPoint","urlTemplate":"https:\/\/www.tuky.fi\/etusivu\/?s={search_term_string}"},"query-input":{"@type":"PropertyValueSpecification","valueRequired":true,"valueName":"search_term_string"}}],"inLanguage":"fi"},{"@type":"Organization","@id":"https:\/\/www.tuky.fi\/etusivu\/#organization","name":"Turun KY","alternateName":"TuKY","url":"https:\/\/www.tuky.fi\/etusivu\/","logo":{"@type":"ImageObject","inLanguage":"fi","@id":"https:\/\/www.tuky.fi\/etusivu\/#\/schema\/logo\/image\/","url":"https:\/\/www.tuky.fi\/wp-content\/uploads\/2024\/09\/TuKY-logo-kulta-1.png","contentUrl":"https:\/\/www.tuky.fi\/wp-content\/uploads\/2024\/09\/TuKY-logo-kulta-1.png","width":1080,"height":1080,"caption":"Turun KY"},"image":{"@id":"https:\/\/www.tuky.fi\/etusivu\/#\/schema\/logo\/image\/"},"sameAs":["https:\/\/instagram.com\/turunky","https:\/\/linkedin.com\/turunky"]},{"@type":"Person","@id":"https:\/\/www.tuky.fi\/etusivu\/#\/schema\/person\/479eb0d4ef732e133e3a76f9b7659a39","name":"admin","image":{"@type":"ImageObject","inLanguage":"fi","@id":"https:\/\/secure.gravatar.com\/avatar\/afbe741656101229147e16716fbedbcade65018caf8c467f89b9abae7aaffeea?s=96&d=mm&r=g","url":"https:\/\/secure.gravatar.com\/avatar\/afbe741656101229147e16716fbedbcade65018caf8c467f89b9abae7aaffeea?s=96&d=mm&r=g","contentUrl":"https:\/\/secure.gravatar.com\/avatar\/afbe741656101229147e16716fbedbcade65018caf8c467f89b9abae7aaffeea?s=96&d=mm&r=g","caption":"admin"},"url":"https:\/\/www.tuky.fi\/etusivu\/author\/admin\/"}]}},"lang":"fi","translations":{"fi":40100},"pll_sync_post":[],"_links":{"self":[{"href":"https:\/\/www.tuky.fi\/etusivu\/wp-json\/wp\/v2\/posts\/40100","targetHints":{"allow":["GET"]}}],"collection":[{"href":"https:\/\/www.tuky.fi\/etusivu\/wp-json\/wp\/v2\/posts"}],"about":[{"href":"https:\/\/www.tuky.fi\/etusivu\/wp-json\/wp\/v2\/types\/post"}],"author":[{"embeddable":true,"href":"https:\/\/www.tuky.fi\/etusivu\/wp-json\/wp\/v2\/users\/1"}],"replies":[{"embeddable":true,"href":"https:\/\/www.tuky.fi\/etusivu\/wp-json\/wp\/v2\/comments?post=40100"}],"version-history":[{"count":0,"href":"https:\/\/www.tuky.fi\/etusivu\/wp-json\/wp\/v2\/posts\/40100\/revisions"}],"wp:attachment":[{"href":"https:\/\/www.tuky.fi\/etusivu\/wp-json\/wp\/v2\/media?parent=40100"}],"wp:term":[{"taxonomy":"category","embeddable":true,"href":"https:\/\/www.tuky.fi\/etusivu\/wp-json\/wp\/v2\/categories?post=40100"},{"taxonomy":"post_tag","embeddable":true,"href":"https:\/\/www.tuky.fi\/etusivu\/wp-json\/wp\/v2\/tags?post=40100"}],"curies":[{"name":"wp","href":"https:\/\/api.w.org\/{rel}","templated":true}]}}