{"id":40094,"date":"2021-11-16T07:00:00","date_gmt":"2021-11-16T04:00:00","guid":{"rendered":"https:\/\/www.tuky.fi\/etusivu\/?p=40094"},"modified":"2021-11-16T00:35:19","modified_gmt":"2021-11-15T21:35:19","slug":"turun-kyn-hallituksessa-muutoksia-vuodelle-2022","status":"publish","type":"post","link":"https:\/\/www.tuky.fi\/etusivu\/news\/turun-kyn-hallituksessa-muutoksia-vuodelle-2022\/","title":{"rendered":"Turun KY:n hallituksessa muutoksia vuodelle 2022"},"content":{"rendered":"\n<p>Turun KY:n syyskokouksessa 9.11. valittiin yhdistykselle hallitus vuodelle 2022. Kulttuuri- ja perinnevastaavan pestiin valittu Milvi J\u00e4\u00e4skel\u00e4inen on kuitenkin ilmoittanut joutuvansa valitettavasti luopumaan pestist\u00e4\u00e4n henkil\u00f6kohtaisten syiden takia.<\/p>\n\n\n\n<p><em>\u201cOlen joutunut tekem\u00e4\u00e4n eritt\u00e4in vaikean ja raskaan p\u00e4\u00e4t\u00f6ksen j\u00e4tt\u00e4\u00e4 kulttuuri- ja perinnevastaavan pestin Turun KY:n hallituksessa 2022. Olin halunnut t\u00e4t\u00e4 pesti\u00e4 jo todella pitk\u00e4\u00e4n ja koin ehk\u00e4 jopa velvollisuudeksi niin itselleni kuin muillekin hakea t\u00e4t\u00e4 pesti\u00e4, vaikka el\u00e4m\u00e4ntilanteelleni se ei ollut paras mahdollinen valinta. Her\u00e4sin todellisuuteen vasta HalVan j\u00e4lkeen, kun reaktioni ei ollut se, mit\u00e4 sen olisi pit\u00e4nyt olla. Todellisuus iski p\u00e4in naamaa ja romahdin yll\u00e4tt\u00e4en, jolloin aloin ymm\u00e4rt\u00e4\u00e4, ettei minulla juuri nyt ole niit\u00e4 voimavaroja ja aikaa, jota t\u00e4m\u00e4 pesti vaatisi. Ei olisi reilua uudelle hallitukselle, j\u00e4senist\u00f6lle tai itselleni jatkaa samaa tai jopa kovempaa tahtia juuri t\u00e4m\u00e4nhetkisten voimavarojeni kanssa, vaan nyt on minun aika ymm\u00e4rt\u00e4\u00e4 pys\u00e4hty\u00e4, ottaa aikaa itselleni ja hyvinvoinnilleni, l\u00e4heisilleni ja keskener\u00e4isille projekteille. Vaikka t\u00e4m\u00e4n tajuaminen tuntuu jo my\u00f6h\u00e4iselt\u00e4, olen tyytyv\u00e4inen ett\u00e4 se tapahtui nyt, eik\u00e4 kesken hallituskauden.&nbsp;<\/em><\/p>\n\n\n\n<p><em>Olen kulkenut jo jonkin aikaa vara-akuilla ja nyt on aika ladata n\u00e4m\u00e4 akut uudestaan t\u00e4yteen, jotta l\u00f6yt\u00e4isin uudestaan sen innon ja antoisuuden, jota vapaaehtoistoiminnasta kuuluisikin saada.\u201d<\/em><\/p>\n\n\n\n<p>Kulttuuri- ja perinnevastaavan teht\u00e4v\u00e4\u00e4 t\u00e4ydennet\u00e4\u00e4n ylim\u00e4\u00e4r\u00e4isess\u00e4 yhdistyksen kokouksessa, joka j\u00e4rjestet\u00e4\u00e4n tiistaina 23.11. klo 15.30 kauppakorkeakoulun luentosalissa LS09. Kokous on avoin kaikille yhdistyksen j\u00e4senille ja pestist\u00e4 kiinnostuneet voivat t\u00e4ll\u00f6in asettua ehdolle. Kokouskutsu l\u00e4hetet\u00e4\u00e4n KY-Aktiivi s\u00e4hk\u00f6postilistalle.<\/p>\n","protected":false},"excerpt":{"rendered":"<p>Turun KY:n syyskokouksessa 9.11. valittiin yhdistykselle hallitus vuodelle 2022. Kulttuuri- ja perinnevastaavan pestiin valittu Milvi J\u00e4\u00e4skel\u00e4inen on kuitenkin ilmoittanut joutuvansa valitettavasti luopumaan pestist\u00e4\u00e4n henkil\u00f6kohtaisten syiden takia. \u201cOlen joutunut tekem\u00e4\u00e4n eritt\u00e4in [&hellip;]<\/p>\n","protected":false},"author":1,"featured_media":0,"comment_status":"open","ping_status":"open","sticky":false,"template":"","format":"standard","meta":{"_et_pb_use_builder":"off","_et_pb_old_content":"","_et_gb_content_width":"","footnotes":""},"categories":[4],"tags":[],"class_list":["post-40094","post","type-post","status-publish","format-standard","hentry","category-news"],"yoast_head":"<!-- This site is optimized with the Yoast SEO plugin v27.2 - https:\/\/yoast.com\/product\/yoast-seo-wordpress\/ -->\n<title>Turun KY:n hallituksessa muutoksia vuodelle 2022 - Turun KY<\/title>\n<meta name=\"robots\" content=\"index, follow, max-snippet:-1, max-image-preview:large, max-video-preview:-1\" \/>\n<link rel=\"canonical\" href=\"https:\/\/www.tuky.fi\/etusivu\/news\/turun-kyn-hallituksessa-muutoksia-vuodelle-2022\/\" \/>\n<meta property=\"og:locale\" content=\"fi_FI\" \/>\n<meta property=\"og:type\" content=\"article\" \/>\n<meta property=\"og:title\" content=\"Turun KY:n hallituksessa muutoksia vuodelle 2022 - Turun KY\" \/>\n<meta property=\"og:description\" content=\"Turun KY:n syyskokouksessa 9.11. valittiin yhdistykselle hallitus vuodelle 2022. Kulttuuri- ja perinnevastaavan pestiin valittu Milvi J\u00e4\u00e4skel\u00e4inen on kuitenkin ilmoittanut joutuvansa valitettavasti luopumaan pestist\u00e4\u00e4n henkil\u00f6kohtaisten syiden takia. \u201cOlen joutunut tekem\u00e4\u00e4n eritt\u00e4in [&hellip;]\" \/>\n<meta property=\"og:url\" content=\"https:\/\/www.tuky.fi\/etusivu\/news\/turun-kyn-hallituksessa-muutoksia-vuodelle-2022\/\" \/>\n<meta property=\"og:site_name\" content=\"Turun KY\" \/>\n<meta property=\"article:published_time\" content=\"2021-11-16T04:00:00+00:00\" \/>\n<meta name=\"author\" content=\"admin\" \/>\n<meta name=\"twitter:card\" content=\"summary_large_image\" \/>\n<meta name=\"twitter:label1\" content=\"Kirjoittanut\" \/>\n\t<meta name=\"twitter:data1\" content=\"admin\" \/>\n\t<meta name=\"twitter:label2\" content=\"Arvioitu lukuaika\" \/>\n\t<meta name=\"twitter:data2\" content=\"1 minuutti\" \/>\n<script type=\"application\/ld+json\" class=\"yoast-schema-graph\">{\"@context\":\"https:\/\/schema.org\",\"@graph\":[{\"@type\":\"Article\",\"@id\":\"https:\/\/www.tuky.fi\/etusivu\/news\/turun-kyn-hallituksessa-muutoksia-vuodelle-2022\/#article\",\"isPartOf\":{\"@id\":\"https:\/\/www.tuky.fi\/etusivu\/news\/turun-kyn-hallituksessa-muutoksia-vuodelle-2022\/\"},\"author\":{\"name\":\"admin\",\"@id\":\"https:\/\/www.tuky.fi\/etusivu\/#\/schema\/person\/479eb0d4ef732e133e3a76f9b7659a39\"},\"headline\":\"Turun KY:n hallituksessa muutoksia vuodelle 2022\",\"datePublished\":\"2021-11-16T04:00:00+00:00\",\"mainEntityOfPage\":{\"@id\":\"https:\/\/www.tuky.fi\/etusivu\/news\/turun-kyn-hallituksessa-muutoksia-vuodelle-2022\/\"},\"wordCount\":274,\"commentCount\":0,\"publisher\":{\"@id\":\"https:\/\/www.tuky.fi\/etusivu\/#organization\"},\"articleSection\":[\"news\"],\"inLanguage\":\"fi\",\"potentialAction\":[{\"@type\":\"CommentAction\",\"name\":\"Comment\",\"target\":[\"https:\/\/www.tuky.fi\/etusivu\/news\/turun-kyn-hallituksessa-muutoksia-vuodelle-2022\/#respond\"]}]},{\"@type\":\"WebPage\",\"@id\":\"https:\/\/www.tuky.fi\/etusivu\/news\/turun-kyn-hallituksessa-muutoksia-vuodelle-2022\/\",\"url\":\"https:\/\/www.tuky.fi\/etusivu\/news\/turun-kyn-hallituksessa-muutoksia-vuodelle-2022\/\",\"name\":\"Turun KY:n hallituksessa muutoksia vuodelle 2022 - Turun KY\",\"isPartOf\":{\"@id\":\"https:\/\/www.tuky.fi\/etusivu\/#website\"},\"datePublished\":\"2021-11-16T04:00:00+00:00\",\"breadcrumb\":{\"@id\":\"https:\/\/www.tuky.fi\/etusivu\/news\/turun-kyn-hallituksessa-muutoksia-vuodelle-2022\/#breadcrumb\"},\"inLanguage\":\"fi\",\"potentialAction\":[{\"@type\":\"ReadAction\",\"target\":[\"https:\/\/www.tuky.fi\/etusivu\/news\/turun-kyn-hallituksessa-muutoksia-vuodelle-2022\/\"]}]},{\"@type\":\"BreadcrumbList\",\"@id\":\"https:\/\/www.tuky.fi\/etusivu\/news\/turun-kyn-hallituksessa-muutoksia-vuodelle-2022\/#breadcrumb\",\"itemListElement\":[{\"@type\":\"ListItem\",\"position\":1,\"name\":\"Etusivu\",\"item\":\"https:\/\/www.tuky.fi\/etusivu\/\"},{\"@type\":\"ListItem\",\"position\":2,\"name\":\"Turun KY:n hallituksessa muutoksia vuodelle 2022\"}]},{\"@type\":\"WebSite\",\"@id\":\"https:\/\/www.tuky.fi\/etusivu\/#website\",\"url\":\"https:\/\/www.tuky.fi\/etusivu\/\",\"name\":\"Turun KY\",\"description\":\"TuKY\",\"publisher\":{\"@id\":\"https:\/\/www.tuky.fi\/etusivu\/#organization\"},\"alternateName\":\"TuKY\",\"potentialAction\":[{\"@type\":\"SearchAction\",\"target\":{\"@type\":\"EntryPoint\",\"urlTemplate\":\"https:\/\/www.tuky.fi\/etusivu\/?s={search_term_string}\"},\"query-input\":{\"@type\":\"PropertyValueSpecification\",\"valueRequired\":true,\"valueName\":\"search_term_string\"}}],\"inLanguage\":\"fi\"},{\"@type\":\"Organization\",\"@id\":\"https:\/\/www.tuky.fi\/etusivu\/#organization\",\"name\":\"Turun KY\",\"alternateName\":\"TuKY\",\"url\":\"https:\/\/www.tuky.fi\/etusivu\/\",\"logo\":{\"@type\":\"ImageObject\",\"inLanguage\":\"fi\",\"@id\":\"https:\/\/www.tuky.fi\/etusivu\/#\/schema\/logo\/image\/\",\"url\":\"https:\/\/www.tuky.fi\/wp-content\/uploads\/2024\/09\/TuKY-logo-kulta-1.png\",\"contentUrl\":\"https:\/\/www.tuky.fi\/wp-content\/uploads\/2024\/09\/TuKY-logo-kulta-1.png\",\"width\":1080,\"height\":1080,\"caption\":\"Turun KY\"},\"image\":{\"@id\":\"https:\/\/www.tuky.fi\/etusivu\/#\/schema\/logo\/image\/\"},\"sameAs\":[\"https:\/\/instagram.com\/turunky\",\"https:\/\/linkedin.com\/turunky\"]},{\"@type\":\"Person\",\"@id\":\"https:\/\/www.tuky.fi\/etusivu\/#\/schema\/person\/479eb0d4ef732e133e3a76f9b7659a39\",\"name\":\"admin\",\"image\":{\"@type\":\"ImageObject\",\"inLanguage\":\"fi\",\"@id\":\"https:\/\/secure.gravatar.com\/avatar\/afbe741656101229147e16716fbedbcade65018caf8c467f89b9abae7aaffeea?s=96&d=mm&r=g\",\"url\":\"https:\/\/secure.gravatar.com\/avatar\/afbe741656101229147e16716fbedbcade65018caf8c467f89b9abae7aaffeea?s=96&d=mm&r=g\",\"contentUrl\":\"https:\/\/secure.gravatar.com\/avatar\/afbe741656101229147e16716fbedbcade65018caf8c467f89b9abae7aaffeea?s=96&d=mm&r=g\",\"caption\":\"admin\"},\"url\":\"https:\/\/www.tuky.fi\/etusivu\/author\/admin\/\"}]}<\/script>\n<!-- \/ Yoast SEO plugin. -->","yoast_head_json":{"title":"Turun KY:n hallituksessa muutoksia vuodelle 2022 - Turun KY","robots":{"index":"index","follow":"follow","max-snippet":"max-snippet:-1","max-image-preview":"max-image-preview:large","max-video-preview":"max-video-preview:-1"},"canonical":"https:\/\/www.tuky.fi\/etusivu\/news\/turun-kyn-hallituksessa-muutoksia-vuodelle-2022\/","og_locale":"fi_FI","og_type":"article","og_title":"Turun KY:n hallituksessa muutoksia vuodelle 2022 - Turun KY","og_description":"Turun KY:n syyskokouksessa 9.11. valittiin yhdistykselle hallitus vuodelle 2022. Kulttuuri- ja perinnevastaavan pestiin valittu Milvi J\u00e4\u00e4skel\u00e4inen on kuitenkin ilmoittanut joutuvansa valitettavasti luopumaan pestist\u00e4\u00e4n henkil\u00f6kohtaisten syiden takia. \u201cOlen joutunut tekem\u00e4\u00e4n eritt\u00e4in [&hellip;]","og_url":"https:\/\/www.tuky.fi\/etusivu\/news\/turun-kyn-hallituksessa-muutoksia-vuodelle-2022\/","og_site_name":"Turun KY","article_published_time":"2021-11-16T04:00:00+00:00","author":"admin","twitter_card":"summary_large_image","twitter_misc":{"Kirjoittanut":"admin","Arvioitu lukuaika":"1 minuutti"},"schema":{"@context":"https:\/\/schema.org","@graph":[{"@type":"Article","@id":"https:\/\/www.tuky.fi\/etusivu\/news\/turun-kyn-hallituksessa-muutoksia-vuodelle-2022\/#article","isPartOf":{"@id":"https:\/\/www.tuky.fi\/etusivu\/news\/turun-kyn-hallituksessa-muutoksia-vuodelle-2022\/"},"author":{"name":"admin","@id":"https:\/\/www.tuky.fi\/etusivu\/#\/schema\/person\/479eb0d4ef732e133e3a76f9b7659a39"},"headline":"Turun KY:n hallituksessa muutoksia vuodelle 2022","datePublished":"2021-11-16T04:00:00+00:00","mainEntityOfPage":{"@id":"https:\/\/www.tuky.fi\/etusivu\/news\/turun-kyn-hallituksessa-muutoksia-vuodelle-2022\/"},"wordCount":274,"commentCount":0,"publisher":{"@id":"https:\/\/www.tuky.fi\/etusivu\/#organization"},"articleSection":["news"],"inLanguage":"fi","potentialAction":[{"@type":"CommentAction","name":"Comment","target":["https:\/\/www.tuky.fi\/etusivu\/news\/turun-kyn-hallituksessa-muutoksia-vuodelle-2022\/#respond"]}]},{"@type":"WebPage","@id":"https:\/\/www.tuky.fi\/etusivu\/news\/turun-kyn-hallituksessa-muutoksia-vuodelle-2022\/","url":"https:\/\/www.tuky.fi\/etusivu\/news\/turun-kyn-hallituksessa-muutoksia-vuodelle-2022\/","name":"Turun KY:n hallituksessa muutoksia vuodelle 2022 - Turun KY","isPartOf":{"@id":"https:\/\/www.tuky.fi\/etusivu\/#website"},"datePublished":"2021-11-16T04:00:00+00:00","breadcrumb":{"@id":"https:\/\/www.tuky.fi\/etusivu\/news\/turun-kyn-hallituksessa-muutoksia-vuodelle-2022\/#breadcrumb"},"inLanguage":"fi","potentialAction":[{"@type":"ReadAction","target":["https:\/\/www.tuky.fi\/etusivu\/news\/turun-kyn-hallituksessa-muutoksia-vuodelle-2022\/"]}]},{"@type":"BreadcrumbList","@id":"https:\/\/www.tuky.fi\/etusivu\/news\/turun-kyn-hallituksessa-muutoksia-vuodelle-2022\/#breadcrumb","itemListElement":[{"@type":"ListItem","position":1,"name":"Etusivu","item":"https:\/\/www.tuky.fi\/etusivu\/"},{"@type":"ListItem","position":2,"name":"Turun KY:n hallituksessa muutoksia vuodelle 2022"}]},{"@type":"WebSite","@id":"https:\/\/www.tuky.fi\/etusivu\/#website","url":"https:\/\/www.tuky.fi\/etusivu\/","name":"Turun KY","description":"TuKY","publisher":{"@id":"https:\/\/www.tuky.fi\/etusivu\/#organization"},"alternateName":"TuKY","potentialAction":[{"@type":"SearchAction","target":{"@type":"EntryPoint","urlTemplate":"https:\/\/www.tuky.fi\/etusivu\/?s={search_term_string}"},"query-input":{"@type":"PropertyValueSpecification","valueRequired":true,"valueName":"search_term_string"}}],"inLanguage":"fi"},{"@type":"Organization","@id":"https:\/\/www.tuky.fi\/etusivu\/#organization","name":"Turun KY","alternateName":"TuKY","url":"https:\/\/www.tuky.fi\/etusivu\/","logo":{"@type":"ImageObject","inLanguage":"fi","@id":"https:\/\/www.tuky.fi\/etusivu\/#\/schema\/logo\/image\/","url":"https:\/\/www.tuky.fi\/wp-content\/uploads\/2024\/09\/TuKY-logo-kulta-1.png","contentUrl":"https:\/\/www.tuky.fi\/wp-content\/uploads\/2024\/09\/TuKY-logo-kulta-1.png","width":1080,"height":1080,"caption":"Turun KY"},"image":{"@id":"https:\/\/www.tuky.fi\/etusivu\/#\/schema\/logo\/image\/"},"sameAs":["https:\/\/instagram.com\/turunky","https:\/\/linkedin.com\/turunky"]},{"@type":"Person","@id":"https:\/\/www.tuky.fi\/etusivu\/#\/schema\/person\/479eb0d4ef732e133e3a76f9b7659a39","name":"admin","image":{"@type":"ImageObject","inLanguage":"fi","@id":"https:\/\/secure.gravatar.com\/avatar\/afbe741656101229147e16716fbedbcade65018caf8c467f89b9abae7aaffeea?s=96&d=mm&r=g","url":"https:\/\/secure.gravatar.com\/avatar\/afbe741656101229147e16716fbedbcade65018caf8c467f89b9abae7aaffeea?s=96&d=mm&r=g","contentUrl":"https:\/\/secure.gravatar.com\/avatar\/afbe741656101229147e16716fbedbcade65018caf8c467f89b9abae7aaffeea?s=96&d=mm&r=g","caption":"admin"},"url":"https:\/\/www.tuky.fi\/etusivu\/author\/admin\/"}]}},"lang":"fi","translations":{"fi":40094},"pll_sync_post":[],"_links":{"self":[{"href":"https:\/\/www.tuky.fi\/etusivu\/wp-json\/wp\/v2\/posts\/40094","targetHints":{"allow":["GET"]}}],"collection":[{"href":"https:\/\/www.tuky.fi\/etusivu\/wp-json\/wp\/v2\/posts"}],"about":[{"href":"https:\/\/www.tuky.fi\/etusivu\/wp-json\/wp\/v2\/types\/post"}],"author":[{"embeddable":true,"href":"https:\/\/www.tuky.fi\/etusivu\/wp-json\/wp\/v2\/users\/1"}],"replies":[{"embeddable":true,"href":"https:\/\/www.tuky.fi\/etusivu\/wp-json\/wp\/v2\/comments?post=40094"}],"version-history":[{"count":0,"href":"https:\/\/www.tuky.fi\/etusivu\/wp-json\/wp\/v2\/posts\/40094\/revisions"}],"wp:attachment":[{"href":"https:\/\/www.tuky.fi\/etusivu\/wp-json\/wp\/v2\/media?parent=40094"}],"wp:term":[{"taxonomy":"category","embeddable":true,"href":"https:\/\/www.tuky.fi\/etusivu\/wp-json\/wp\/v2\/categories?post=40094"},{"taxonomy":"post_tag","embeddable":true,"href":"https:\/\/www.tuky.fi\/etusivu\/wp-json\/wp\/v2\/tags?post=40094"}],"curies":[{"name":"wp","href":"https:\/\/api.w.org\/{rel}","templated":true}]}}