{"id":39940,"date":"2021-11-02T11:30:00","date_gmt":"2021-11-02T08:30:00","guid":{"rendered":"https:\/\/www.tuky.fi\/etusivu\/?p=39940"},"modified":"2021-11-01T21:51:46","modified_gmt":"2021-11-01T18:51:46","slug":"kokouskutsu-turun-kyn-syyskokous-9-11-2021-klo-16-30","status":"publish","type":"post","link":"https:\/\/www.tuky.fi\/etusivu\/news\/kokouskutsu-turun-kyn-syyskokous-9-11-2021-klo-16-30\/","title":{"rendered":"KOKOUSKUTSU: Turun KY:n syyskokous 9.11.2021 klo 16.30"},"content":{"rendered":"\n<p>Hyv\u00e4 Turun KY:n j\u00e4sen!<\/p>\n\n\n\n<p>Turun kauppatieteiden ylioppilaat ry j\u00e4rjest\u00e4\u00e4 s\u00e4\u00e4nt\u00f6m\u00e4\u00e4r\u00e4isen syyskokouksensa <strong>tiistaina 9.11.2021 klo 16:30 Turun kauppakorkeakoulun Osuuskauppasalissa. <\/strong>Yhdistyksen ylint\u00e4 p\u00e4\u00e4t\u00f6svaltaa k\u00e4ytt\u00e4\u00e4 yhdistyksen kokous. Kokouksessa \u00e4\u00e4nivaltaisia ovat kaikki yhdistyksen varsinaiset j\u00e4senet. <strong>Omaa \u00e4\u00e4nioikeuttaan voi k\u00e4ytt\u00e4\u00e4 vain paikan p\u00e4\u00e4ll\u00e4 kokouksessa. <\/strong>Kokousta voi seurata my\u00f6s livestreamin kautta, mutta et\u00e4n\u00e4 ei siis ole mahdollista \u00e4\u00e4nest\u00e4\u00e4.<\/p>\n\n\n\n<p>Kokouksessa esitet\u00e4\u00e4n hyv\u00e4ksytt\u00e4viksi s\u00e4\u00e4nt\u00f6m\u00e4\u00e4r\u00e4isin\u00e4 Turun KY:n talousarvio vuodelle 2022, toimintasuunnitelma vuodelle 2022 ja kunniaseuran kokoonpano vuodelle 2022. Lis\u00e4ksi esitet\u00e4\u00e4n hyv\u00e4ksytt\u00e4viksi yhdistyksen eettinen ohjeisto Code of TuKY, p\u00e4ivitetty sijoitussuunnitelma sek\u00e4 suunnitelma taloudellisten v\u00e4\u00e4rink\u00e4yt\u00f6sten varalle.<\/p>\n\n\n\n<p>Syyskokouksessa valitaan my\u00f6s yhdistyksen hallitus vuodelle 2022. Ennakkoon ehdokkaaksi ilmoittautuneet ja heid\u00e4n vastauksensa ennakkokysymyksiin voit lukea Turun KY:n <a href=\"https:\/\/www.tuky.fi\/etusivu\/ajankohtaista\/hakijoiden-vastaukset-ennakkokysymyksiin\/\">nettisivuilta<\/a>. Ehdolle voi asettua kuitenkin viel\u00e4 itse syyskokouksessa sek\u00e4 <strong>Osuuskauppasalissa j\u00e4rjestett\u00e4v\u00e4ss\u00e4 hallitushaastattelussa maanantaina 8.11.2021 klo 16:15<\/strong>. Hallitukseen hakijat saapuvat paikan p\u00e4\u00e4lle Osuuskauppasaliin ja kuntalaiset voivat seurata tilaisuutta ja esitt\u00e4\u00e4 kysymyksi\u00e4 joko paikan p\u00e4\u00e4lt\u00e4 tai livestreamin kautta. Linkki streamiin julkaistaan Facebookin kautta <a href=\"https:\/\/fb.me\/e\/1gBqR1VsR\"><strong>Turun KY:n syyskokous ja HalVa<\/strong><\/a><strong> <\/strong>-tapahtumassa. Huomatkaa, ett\u00e4 yliopiston tiloissa on edelleen voimassa vahva maskisuositus ja suositus koskee my\u00f6s sek\u00e4 syyskokousta ett\u00e4 hallitushaastattelua. Jos haluat tiet\u00e4\u00e4 lis\u00e4\u00e4 hallituksen pesteist\u00e4, osallistu <strong>huomenna 3.11. Bar Montun <\/strong><a href=\"https:\/\/fb.me\/e\/1njbqIPPg\"><strong>Halva-aftereille<\/strong><\/a> klo 15 alkaen.<\/p>\n\n\n\n<p>Kokouksen nopeuttamiseksi liitteisiin tulee perehty\u00e4 huolellisesti jo ennen kokousta ja mahdolliset muutosesitykset ja kysymykset mietti\u00e4 etuk\u00e4teen. Syyskokouksessa hallitushakijoiden esitt\u00e4ytymisaika on rajattu tarkoin, mink\u00e4 takia kannustan esitt\u00e4m\u00e4\u00e4n yleis\u00f6kysymykset ehdokkaille jo hallitushaastattelussa kokousta edelt\u00e4v\u00e4n\u00e4 maanantaina. Ep\u00e4selviss\u00e4 tilanteissa kysymyksi\u00e4 voi ja kannattaa esitt\u00e4\u00e4 jo etuk\u00e4teen hallituksen puheenjohtajalle Sofia Isolaurille (puheenjohtaja@tuky.fi).<\/p>\n\n\n\n<p>Kokouksen liitteet on l\u00e4hetetty KY-Aktiivi s\u00e4hk\u00f6postilistalle.<\/p>\n\n\n\n<p>Syyskokous on tilaisuutesi vaikuttaa, joten tervetuloa k\u00e4ytt\u00e4m\u00e4\u00e4n \u00e4\u00e4nt\u00e4si syyskokoukseen ensi viikolla!<\/p>\n\n\n\n<p><\/p>\n","protected":false},"excerpt":{"rendered":"<p>Hyv\u00e4 Turun KY:n j\u00e4sen! Turun kauppatieteiden ylioppilaat ry j\u00e4rjest\u00e4\u00e4 s\u00e4\u00e4nt\u00f6m\u00e4\u00e4r\u00e4isen syyskokouksensa tiistaina 9.11.2021 klo 16:30 Turun kauppakorkeakoulun Osuuskauppasalissa. Yhdistyksen ylint\u00e4 p\u00e4\u00e4t\u00f6svaltaa k\u00e4ytt\u00e4\u00e4 yhdistyksen kokous. Kokouksessa \u00e4\u00e4nivaltaisia ovat kaikki yhdistyksen varsinaiset [&hellip;]<\/p>\n","protected":false},"author":1,"featured_media":0,"comment_status":"open","ping_status":"open","sticky":false,"template":"","format":"standard","meta":{"_et_pb_use_builder":"off","_et_pb_old_content":"","_et_gb_content_width":"871","footnotes":""},"categories":[4],"tags":[],"class_list":["post-39940","post","type-post","status-publish","format-standard","hentry","category-news"],"yoast_head":"<!-- This site is optimized with the Yoast SEO plugin v27.2 - https:\/\/yoast.com\/product\/yoast-seo-wordpress\/ -->\n<title>KOKOUSKUTSU: Turun KY:n syyskokous 9.11.2021 klo 16.30 - Turun KY<\/title>\n<meta name=\"robots\" content=\"index, follow, max-snippet:-1, max-image-preview:large, max-video-preview:-1\" \/>\n<link rel=\"canonical\" href=\"https:\/\/www.tuky.fi\/etusivu\/news\/kokouskutsu-turun-kyn-syyskokous-9-11-2021-klo-16-30\/\" \/>\n<meta property=\"og:locale\" content=\"fi_FI\" \/>\n<meta property=\"og:type\" content=\"article\" \/>\n<meta property=\"og:title\" content=\"KOKOUSKUTSU: Turun KY:n syyskokous 9.11.2021 klo 16.30 - Turun KY\" \/>\n<meta property=\"og:description\" content=\"Hyv\u00e4 Turun KY:n j\u00e4sen! Turun kauppatieteiden ylioppilaat ry j\u00e4rjest\u00e4\u00e4 s\u00e4\u00e4nt\u00f6m\u00e4\u00e4r\u00e4isen syyskokouksensa tiistaina 9.11.2021 klo 16:30 Turun kauppakorkeakoulun Osuuskauppasalissa. Yhdistyksen ylint\u00e4 p\u00e4\u00e4t\u00f6svaltaa k\u00e4ytt\u00e4\u00e4 yhdistyksen kokous. Kokouksessa \u00e4\u00e4nivaltaisia ovat kaikki yhdistyksen varsinaiset [&hellip;]\" \/>\n<meta property=\"og:url\" content=\"https:\/\/www.tuky.fi\/etusivu\/news\/kokouskutsu-turun-kyn-syyskokous-9-11-2021-klo-16-30\/\" \/>\n<meta property=\"og:site_name\" content=\"Turun KY\" \/>\n<meta property=\"article:published_time\" content=\"2021-11-02T08:30:00+00:00\" \/>\n<meta name=\"author\" content=\"admin\" \/>\n<meta name=\"twitter:card\" content=\"summary_large_image\" \/>\n<meta name=\"twitter:label1\" content=\"Kirjoittanut\" \/>\n\t<meta name=\"twitter:data1\" content=\"admin\" \/>\n\t<meta name=\"twitter:label2\" content=\"Arvioitu lukuaika\" \/>\n\t<meta name=\"twitter:data2\" content=\"1 minuutti\" \/>\n<script type=\"application\/ld+json\" class=\"yoast-schema-graph\">{\"@context\":\"https:\/\/schema.org\",\"@graph\":[{\"@type\":\"Article\",\"@id\":\"https:\/\/www.tuky.fi\/etusivu\/news\/kokouskutsu-turun-kyn-syyskokous-9-11-2021-klo-16-30\/#article\",\"isPartOf\":{\"@id\":\"https:\/\/www.tuky.fi\/etusivu\/news\/kokouskutsu-turun-kyn-syyskokous-9-11-2021-klo-16-30\/\"},\"author\":{\"name\":\"admin\",\"@id\":\"https:\/\/www.tuky.fi\/etusivu\/#\/schema\/person\/479eb0d4ef732e133e3a76f9b7659a39\"},\"headline\":\"KOKOUSKUTSU: Turun KY:n syyskokous 9.11.2021 klo 16.30\",\"datePublished\":\"2021-11-02T08:30:00+00:00\",\"mainEntityOfPage\":{\"@id\":\"https:\/\/www.tuky.fi\/etusivu\/news\/kokouskutsu-turun-kyn-syyskokous-9-11-2021-klo-16-30\/\"},\"wordCount\":301,\"commentCount\":0,\"publisher\":{\"@id\":\"https:\/\/www.tuky.fi\/etusivu\/#organization\"},\"articleSection\":[\"news\"],\"inLanguage\":\"fi\",\"potentialAction\":[{\"@type\":\"CommentAction\",\"name\":\"Comment\",\"target\":[\"https:\/\/www.tuky.fi\/etusivu\/news\/kokouskutsu-turun-kyn-syyskokous-9-11-2021-klo-16-30\/#respond\"]}]},{\"@type\":\"WebPage\",\"@id\":\"https:\/\/www.tuky.fi\/etusivu\/news\/kokouskutsu-turun-kyn-syyskokous-9-11-2021-klo-16-30\/\",\"url\":\"https:\/\/www.tuky.fi\/etusivu\/news\/kokouskutsu-turun-kyn-syyskokous-9-11-2021-klo-16-30\/\",\"name\":\"KOKOUSKUTSU: Turun KY:n syyskokous 9.11.2021 klo 16.30 - Turun KY\",\"isPartOf\":{\"@id\":\"https:\/\/www.tuky.fi\/etusivu\/#website\"},\"datePublished\":\"2021-11-02T08:30:00+00:00\",\"breadcrumb\":{\"@id\":\"https:\/\/www.tuky.fi\/etusivu\/news\/kokouskutsu-turun-kyn-syyskokous-9-11-2021-klo-16-30\/#breadcrumb\"},\"inLanguage\":\"fi\",\"potentialAction\":[{\"@type\":\"ReadAction\",\"target\":[\"https:\/\/www.tuky.fi\/etusivu\/news\/kokouskutsu-turun-kyn-syyskokous-9-11-2021-klo-16-30\/\"]}]},{\"@type\":\"BreadcrumbList\",\"@id\":\"https:\/\/www.tuky.fi\/etusivu\/news\/kokouskutsu-turun-kyn-syyskokous-9-11-2021-klo-16-30\/#breadcrumb\",\"itemListElement\":[{\"@type\":\"ListItem\",\"position\":1,\"name\":\"Etusivu\",\"item\":\"https:\/\/www.tuky.fi\/etusivu\/\"},{\"@type\":\"ListItem\",\"position\":2,\"name\":\"KOKOUSKUTSU: Turun KY:n syyskokous 9.11.2021 klo 16.30\"}]},{\"@type\":\"WebSite\",\"@id\":\"https:\/\/www.tuky.fi\/etusivu\/#website\",\"url\":\"https:\/\/www.tuky.fi\/etusivu\/\",\"name\":\"Turun KY\",\"description\":\"TuKY\",\"publisher\":{\"@id\":\"https:\/\/www.tuky.fi\/etusivu\/#organization\"},\"alternateName\":\"TuKY\",\"potentialAction\":[{\"@type\":\"SearchAction\",\"target\":{\"@type\":\"EntryPoint\",\"urlTemplate\":\"https:\/\/www.tuky.fi\/etusivu\/?s={search_term_string}\"},\"query-input\":{\"@type\":\"PropertyValueSpecification\",\"valueRequired\":true,\"valueName\":\"search_term_string\"}}],\"inLanguage\":\"fi\"},{\"@type\":\"Organization\",\"@id\":\"https:\/\/www.tuky.fi\/etusivu\/#organization\",\"name\":\"Turun KY\",\"alternateName\":\"TuKY\",\"url\":\"https:\/\/www.tuky.fi\/etusivu\/\",\"logo\":{\"@type\":\"ImageObject\",\"inLanguage\":\"fi\",\"@id\":\"https:\/\/www.tuky.fi\/etusivu\/#\/schema\/logo\/image\/\",\"url\":\"https:\/\/www.tuky.fi\/wp-content\/uploads\/2024\/09\/TuKY-logo-kulta-1.png\",\"contentUrl\":\"https:\/\/www.tuky.fi\/wp-content\/uploads\/2024\/09\/TuKY-logo-kulta-1.png\",\"width\":1080,\"height\":1080,\"caption\":\"Turun KY\"},\"image\":{\"@id\":\"https:\/\/www.tuky.fi\/etusivu\/#\/schema\/logo\/image\/\"},\"sameAs\":[\"https:\/\/instagram.com\/turunky\",\"https:\/\/linkedin.com\/turunky\"]},{\"@type\":\"Person\",\"@id\":\"https:\/\/www.tuky.fi\/etusivu\/#\/schema\/person\/479eb0d4ef732e133e3a76f9b7659a39\",\"name\":\"admin\",\"image\":{\"@type\":\"ImageObject\",\"inLanguage\":\"fi\",\"@id\":\"https:\/\/secure.gravatar.com\/avatar\/afbe741656101229147e16716fbedbcade65018caf8c467f89b9abae7aaffeea?s=96&d=mm&r=g\",\"url\":\"https:\/\/secure.gravatar.com\/avatar\/afbe741656101229147e16716fbedbcade65018caf8c467f89b9abae7aaffeea?s=96&d=mm&r=g\",\"contentUrl\":\"https:\/\/secure.gravatar.com\/avatar\/afbe741656101229147e16716fbedbcade65018caf8c467f89b9abae7aaffeea?s=96&d=mm&r=g\",\"caption\":\"admin\"},\"url\":\"https:\/\/www.tuky.fi\/etusivu\/author\/admin\/\"}]}<\/script>\n<!-- \/ Yoast SEO plugin. -->","yoast_head_json":{"title":"KOKOUSKUTSU: Turun KY:n syyskokous 9.11.2021 klo 16.30 - Turun KY","robots":{"index":"index","follow":"follow","max-snippet":"max-snippet:-1","max-image-preview":"max-image-preview:large","max-video-preview":"max-video-preview:-1"},"canonical":"https:\/\/www.tuky.fi\/etusivu\/news\/kokouskutsu-turun-kyn-syyskokous-9-11-2021-klo-16-30\/","og_locale":"fi_FI","og_type":"article","og_title":"KOKOUSKUTSU: Turun KY:n syyskokous 9.11.2021 klo 16.30 - Turun KY","og_description":"Hyv\u00e4 Turun KY:n j\u00e4sen! Turun kauppatieteiden ylioppilaat ry j\u00e4rjest\u00e4\u00e4 s\u00e4\u00e4nt\u00f6m\u00e4\u00e4r\u00e4isen syyskokouksensa tiistaina 9.11.2021 klo 16:30 Turun kauppakorkeakoulun Osuuskauppasalissa. Yhdistyksen ylint\u00e4 p\u00e4\u00e4t\u00f6svaltaa k\u00e4ytt\u00e4\u00e4 yhdistyksen kokous. Kokouksessa \u00e4\u00e4nivaltaisia ovat kaikki yhdistyksen varsinaiset [&hellip;]","og_url":"https:\/\/www.tuky.fi\/etusivu\/news\/kokouskutsu-turun-kyn-syyskokous-9-11-2021-klo-16-30\/","og_site_name":"Turun KY","article_published_time":"2021-11-02T08:30:00+00:00","author":"admin","twitter_card":"summary_large_image","twitter_misc":{"Kirjoittanut":"admin","Arvioitu lukuaika":"1 minuutti"},"schema":{"@context":"https:\/\/schema.org","@graph":[{"@type":"Article","@id":"https:\/\/www.tuky.fi\/etusivu\/news\/kokouskutsu-turun-kyn-syyskokous-9-11-2021-klo-16-30\/#article","isPartOf":{"@id":"https:\/\/www.tuky.fi\/etusivu\/news\/kokouskutsu-turun-kyn-syyskokous-9-11-2021-klo-16-30\/"},"author":{"name":"admin","@id":"https:\/\/www.tuky.fi\/etusivu\/#\/schema\/person\/479eb0d4ef732e133e3a76f9b7659a39"},"headline":"KOKOUSKUTSU: Turun KY:n syyskokous 9.11.2021 klo 16.30","datePublished":"2021-11-02T08:30:00+00:00","mainEntityOfPage":{"@id":"https:\/\/www.tuky.fi\/etusivu\/news\/kokouskutsu-turun-kyn-syyskokous-9-11-2021-klo-16-30\/"},"wordCount":301,"commentCount":0,"publisher":{"@id":"https:\/\/www.tuky.fi\/etusivu\/#organization"},"articleSection":["news"],"inLanguage":"fi","potentialAction":[{"@type":"CommentAction","name":"Comment","target":["https:\/\/www.tuky.fi\/etusivu\/news\/kokouskutsu-turun-kyn-syyskokous-9-11-2021-klo-16-30\/#respond"]}]},{"@type":"WebPage","@id":"https:\/\/www.tuky.fi\/etusivu\/news\/kokouskutsu-turun-kyn-syyskokous-9-11-2021-klo-16-30\/","url":"https:\/\/www.tuky.fi\/etusivu\/news\/kokouskutsu-turun-kyn-syyskokous-9-11-2021-klo-16-30\/","name":"KOKOUSKUTSU: Turun KY:n syyskokous 9.11.2021 klo 16.30 - Turun KY","isPartOf":{"@id":"https:\/\/www.tuky.fi\/etusivu\/#website"},"datePublished":"2021-11-02T08:30:00+00:00","breadcrumb":{"@id":"https:\/\/www.tuky.fi\/etusivu\/news\/kokouskutsu-turun-kyn-syyskokous-9-11-2021-klo-16-30\/#breadcrumb"},"inLanguage":"fi","potentialAction":[{"@type":"ReadAction","target":["https:\/\/www.tuky.fi\/etusivu\/news\/kokouskutsu-turun-kyn-syyskokous-9-11-2021-klo-16-30\/"]}]},{"@type":"BreadcrumbList","@id":"https:\/\/www.tuky.fi\/etusivu\/news\/kokouskutsu-turun-kyn-syyskokous-9-11-2021-klo-16-30\/#breadcrumb","itemListElement":[{"@type":"ListItem","position":1,"name":"Etusivu","item":"https:\/\/www.tuky.fi\/etusivu\/"},{"@type":"ListItem","position":2,"name":"KOKOUSKUTSU: Turun KY:n syyskokous 9.11.2021 klo 16.30"}]},{"@type":"WebSite","@id":"https:\/\/www.tuky.fi\/etusivu\/#website","url":"https:\/\/www.tuky.fi\/etusivu\/","name":"Turun KY","description":"TuKY","publisher":{"@id":"https:\/\/www.tuky.fi\/etusivu\/#organization"},"alternateName":"TuKY","potentialAction":[{"@type":"SearchAction","target":{"@type":"EntryPoint","urlTemplate":"https:\/\/www.tuky.fi\/etusivu\/?s={search_term_string}"},"query-input":{"@type":"PropertyValueSpecification","valueRequired":true,"valueName":"search_term_string"}}],"inLanguage":"fi"},{"@type":"Organization","@id":"https:\/\/www.tuky.fi\/etusivu\/#organization","name":"Turun KY","alternateName":"TuKY","url":"https:\/\/www.tuky.fi\/etusivu\/","logo":{"@type":"ImageObject","inLanguage":"fi","@id":"https:\/\/www.tuky.fi\/etusivu\/#\/schema\/logo\/image\/","url":"https:\/\/www.tuky.fi\/wp-content\/uploads\/2024\/09\/TuKY-logo-kulta-1.png","contentUrl":"https:\/\/www.tuky.fi\/wp-content\/uploads\/2024\/09\/TuKY-logo-kulta-1.png","width":1080,"height":1080,"caption":"Turun KY"},"image":{"@id":"https:\/\/www.tuky.fi\/etusivu\/#\/schema\/logo\/image\/"},"sameAs":["https:\/\/instagram.com\/turunky","https:\/\/linkedin.com\/turunky"]},{"@type":"Person","@id":"https:\/\/www.tuky.fi\/etusivu\/#\/schema\/person\/479eb0d4ef732e133e3a76f9b7659a39","name":"admin","image":{"@type":"ImageObject","inLanguage":"fi","@id":"https:\/\/secure.gravatar.com\/avatar\/afbe741656101229147e16716fbedbcade65018caf8c467f89b9abae7aaffeea?s=96&d=mm&r=g","url":"https:\/\/secure.gravatar.com\/avatar\/afbe741656101229147e16716fbedbcade65018caf8c467f89b9abae7aaffeea?s=96&d=mm&r=g","contentUrl":"https:\/\/secure.gravatar.com\/avatar\/afbe741656101229147e16716fbedbcade65018caf8c467f89b9abae7aaffeea?s=96&d=mm&r=g","caption":"admin"},"url":"https:\/\/www.tuky.fi\/etusivu\/author\/admin\/"}]}},"lang":"fi","translations":{"fi":39940},"pll_sync_post":[],"_links":{"self":[{"href":"https:\/\/www.tuky.fi\/etusivu\/wp-json\/wp\/v2\/posts\/39940","targetHints":{"allow":["GET"]}}],"collection":[{"href":"https:\/\/www.tuky.fi\/etusivu\/wp-json\/wp\/v2\/posts"}],"about":[{"href":"https:\/\/www.tuky.fi\/etusivu\/wp-json\/wp\/v2\/types\/post"}],"author":[{"embeddable":true,"href":"https:\/\/www.tuky.fi\/etusivu\/wp-json\/wp\/v2\/users\/1"}],"replies":[{"embeddable":true,"href":"https:\/\/www.tuky.fi\/etusivu\/wp-json\/wp\/v2\/comments?post=39940"}],"version-history":[{"count":0,"href":"https:\/\/www.tuky.fi\/etusivu\/wp-json\/wp\/v2\/posts\/39940\/revisions"}],"wp:attachment":[{"href":"https:\/\/www.tuky.fi\/etusivu\/wp-json\/wp\/v2\/media?parent=39940"}],"wp:term":[{"taxonomy":"category","embeddable":true,"href":"https:\/\/www.tuky.fi\/etusivu\/wp-json\/wp\/v2\/categories?post=39940"},{"taxonomy":"post_tag","embeddable":true,"href":"https:\/\/www.tuky.fi\/etusivu\/wp-json\/wp\/v2\/tags?post=39940"}],"curies":[{"name":"wp","href":"https:\/\/api.w.org\/{rel}","templated":true}]}}