{"id":39050,"date":"2021-05-12T12:23:47","date_gmt":"2021-05-12T09:23:47","guid":{"rendered":"https:\/\/www.tuky.fi\/etusivu\/?p=39050"},"modified":"2021-05-12T13:56:26","modified_gmt":"2021-05-12T10:56:26","slug":"uusi-tyo-korona-aikana-tuuve-hansenin-kokemus-makeismaailmasta","status":"publish","type":"post","link":"https:\/\/www.tuky.fi\/etusivu\/news\/uusi-tyo-korona-aikana-tuuve-hansenin-kokemus-makeismaailmasta\/","title":{"rendered":"Uusi ty\u00f6 korona-aikana &#8211; Tuuve Hans\u00e9nin kokemus makeismaailmasta"},"content":{"rendered":"\n<p><em>Cloetta Suomi Oy on Turun KY:n kuukauden yritys toukokuussa 2021. Juttusarjassa kaksi Turun kauppakorkeakoulun kasvattia kertoo ty\u00f6st\u00e4\u00e4n Cloettalla Turussa.<\/em> <em>(Kuvassa vasemmalla on Tuuve ja oikealla Anna-Liina.)<\/em><\/p>\n\n\n\n<p><strong>KTM Tuuve Hans\u00e9n aloitti ty\u00f6t helmikuussa Cloettan sis\u00e4isen laskennan tiimiss\u00e4 nimikkeell\u00e4 Junior Business Controller. Tuuve opiskeli TSE:ll\u00e4 syksyst\u00e4 2014 ja vuoteen 2019 p\u00e4\u00e4aineena laskentatoimi ja rahoitus sek\u00e4 sivuaineena yritysjuridiikkaa ja tietoj\u00e4rjestelm\u00e4tiede. Valmistuttuaan h\u00e4n ehti ty\u00f6skennell\u00e4 kahden vuoden ajan PwC:ll\u00e4 Helsingiss\u00e4 ja Turussa ennen siirtymist\u00e4\u00e4n Cloettalle.<\/strong><\/p>\n\n\n\n<p><strong>Mik\u00e4 sai sinut kiinnostumaan Cloettasta ty\u00f6nantajana?<\/strong> Minulla on ollut jo opiskeluajoistani l\u00e4htien positiivinen kuva Cloettasta, sill\u00e4 olin kuullut, ett\u00e4 siell\u00e4 on hyv\u00e4 meininki ja yst\u00e4v\u00e4llinen ty\u00f6ilmapiiri. N\u00e4iden sek\u00e4 tietenkin kiinnostavan makeisbisneksen ja mahtavien br\u00e4ndien vuoksi kiinnostuin Cloettasta.<\/p>\n\n\n\n<p><strong>Millaisesta urasta haaveilit opiskeluaikana?<\/strong> Laskentatoimeen liittyvist\u00e4 teht\u00e4vist\u00e4 mielenkiintoisten br\u00e4ndien parissa \u2013 millaista t\u00e4m\u00e4 Junior Business Controllerin ty\u00f6 ehdottomasti on. Yleisesti ottaen sellainen ty\u00f6, jolla voidaan saada aikaan aitoa lis\u00e4arvoa yrityksen liiketoimintaan.<\/p>\n\n\n\n<p><strong>Aloitit ty\u00f6si keskell\u00e4 korona-aikaa. Miten perehdytys on sujunut et\u00e4n\u00e4?<\/strong> Yll\u00e4tt\u00e4v\u00e4n hyvin. Pari ensimm\u00e4ist\u00e4 viikkoa p\u00e4\u00e4sin ty\u00f6skentelem\u00e4\u00e4n uudella toimistollamme EduCityss\u00e4, mutta sitten siirryimme kokonaan et\u00e4t\u00f6ihin. Kaikilla on et\u00e4ty\u00f6v\u00e4lineet hallussa, ja vuorovaikutus kamerat p\u00e4\u00e4ll\u00e4 auttaa asiaa. Ihana esihenkil\u00f6ni on ollut aktiivisesti mukana perehdytyksess\u00e4ni ja varmistanut, ett\u00e4 saan kaiken tarpeellisen tiedon ty\u00f6ni tueksi. H\u00e4nelt\u00e4 ja muilta kollegoiltani voi my\u00f6s aina kysy\u00e4 kaikesta matalalla kynnyksell\u00e4, mik\u00e4 on t\u00e4rke\u00e4\u00e4 etenkin n\u00e4in et\u00e4n\u00e4 ty\u00f6skennelless\u00e4.<\/p>\n\n\n\n<p><strong>Mik\u00e4 on yll\u00e4tt\u00e4nyt ty\u00f6ss\u00e4si?<\/strong> Ty\u00f6ss\u00e4ni minut on yll\u00e4tt\u00e4nyt sen monipuolisuus. Jokainen p\u00e4iv\u00e4 on aidosti erilainen. Vaikka ty\u00f6h\u00f6ni sis\u00e4ltyy my\u00f6s kuukausittaisia rutiineja, niin viikkoihin mahtuu aina monia erilaisia ty\u00f6teht\u00e4vi\u00e4 uutuustuotteiden analysoinnista ja strategiaty\u00f6st\u00e4 ad hoc -tyyppisiin tilanteisiin.<\/p>\n\n\n\n<p><strong>Mik\u00e4 on parasta ty\u00f6ss\u00e4si n\u00e4in muutaman kuukauden kokemuksella?<\/strong> Se, ett\u00e4 saan olla monessa mukana ja ty\u00f6ni tuo aidosti lis\u00e4arvoa Cloettalle. T\u00e4m\u00e4 ty\u00f6teht\u00e4v\u00e4 on loistava n\u00e4k\u00f6alapaikka Cloettan liiketoimintaan. Lis\u00e4ksi oma tiimini ja muut kollegat ovat mahtavia, ja heid\u00e4n kanssaan t\u00f6it\u00e4 tehd\u00e4\u00e4n puhaltaen yhteen hiileen ja pilke silm\u00e4kulmassa.<\/p>\n\n\n\n<p><strong>Mit\u00e4 odotat tulevaisuudessa ty\u00f6st\u00e4si?<\/strong> Odotan, ett\u00e4 p\u00e4\u00e4sen perehtym\u00e4\u00e4n viel\u00e4 syvemmin makeisbisnekseen. Lis\u00e4ksi toivon, ett\u00e4 Cloettan legendaarinen myyntikokous pidett\u00e4isiin vihdoin liven\u00e4 ja p\u00e4\u00e4sisin n\u00e4kem\u00e4\u00e4n kaikki kollegat my\u00f6s kasvotusten.<\/p>\n\n\n\n<p><strong>Miten olet pystynyt hy\u00f6dynt\u00e4m\u00e4\u00e4n opiskelemiasi asioita ty\u00f6ss\u00e4si?<\/strong> T\u00e4rkeimm\u00e4t opit liittyv\u00e4t tilinp\u00e4\u00e4t\u00f6ksen ja sen tekemiseen liittyvien mekanismien lis\u00e4ksi yleiseen analyyttisyyteen, eri asioiden yhdist\u00e4miseen ja kokonaiskuvan n\u00e4kemiseen \u2013 ryhm\u00e4ty\u00f6taitoja unohtamatta. Exceli\u00e4 kannattaa k\u00e4ytt\u00e4\u00e4 opinnoissa alusta alkaen (jos kiinnostaa ty\u00f6 mill\u00e4\u00e4n tavoin numerojen parissa), sill\u00e4 Excel-taitojen merkityst\u00e4 ei voi v\u00e4heksy\u00e4!<\/p>\n\n\n\n<p><strong>Mitk\u00e4 ovat terveisesi opiskelijoille?<\/strong> Gradun tekeminen kannattaa jakaa pieniin osiin ja palkita itse\u00e4\u00e4n jokaisen saavutetun etapin j\u00e4lkeen. Itse tein gradun kirjoittamisesta seuranta-Excelin, jossa tiettyjen sivum\u00e4\u00e4r\u00e4tavoitteiden j\u00e4lkeen sai aina jonkun kivan palkinnon! Muistakaa juhlia saavutuksia. \ud83d\ude0a<\/p>\n","protected":false},"excerpt":{"rendered":"<p>Cloetta Suomi Oy on Turun KY:n kuukauden yritys toukokuussa 2021. Juttusarjassa kaksi Turun kauppakorkeakoulun kasvattia kertoo ty\u00f6st\u00e4\u00e4n Cloettalla Turussa. (Kuvassa vasemmalla on Tuuve ja oikealla Anna-Liina.) KTM Tuuve Hans\u00e9n aloitti [&hellip;]<\/p>\n","protected":false},"author":42,"featured_media":39051,"comment_status":"open","ping_status":"open","sticky":false,"template":"","format":"standard","meta":{"_et_pb_use_builder":"off","_et_pb_old_content":"<!-- wp:paragraph -->\n<p><em>Cloetta Suomi Oy on Turun KY:n kuukauden yritys toukokuussa 2021. Juttusarjassa kaksi Turun kauppakorkeakoulun kasvattia kertoo ty\u00f6st\u00e4\u00e4n Cloettalla Turussa.<\/em><\/p>\n<!-- \/wp:paragraph -->\n\n<!-- wp:paragraph -->\n<p><strong>KTM Tuuve Hans\u00e9n aloitti ty\u00f6t helmikuussa Cloettan sis\u00e4isen laskennan tiimiss\u00e4 nimikkeell\u00e4 Junior Business Controller. Tuuve opiskeli TSE:ll\u00e4 syksyst\u00e4 2014 ja vuoteen 2019 p\u00e4\u00e4aineena laskentatoimi ja rahoitus sek\u00e4 sivuaineena yritysjuridiikkaa ja tietoj\u00e4rjestelm\u00e4tiede. Valmistuttuaan h\u00e4n ehti ty\u00f6skennell\u00e4 kahden vuoden ajan PwC:ll\u00e4 Helsingiss\u00e4 ja Turussa ennen siirtymist\u00e4\u00e4n Cloettalle.<\/strong><\/p>\n<!-- \/wp:paragraph -->\n\n<!-- wp:paragraph -->\n<p><strong>Mik\u00e4 sai sinut kiinnostumaan Cloettasta ty\u00f6nantajana?<\/strong> Minulla on ollut jo opiskeluajoistani l\u00e4htien positiivinen kuva Cloettasta, sill\u00e4 olin kuullut, ett\u00e4 siell\u00e4 on hyv\u00e4 meininki ja yst\u00e4v\u00e4llinen ty\u00f6ilmapiiri. N\u00e4iden sek\u00e4 tietenkin kiinnostavan makeisbisneksen ja mahtavien br\u00e4ndien vuoksi kiinnostuin Cloettasta.<\/p>\n<!-- \/wp:paragraph -->\n\n<!-- wp:paragraph -->\n<p><strong>Millaisesta urasta haaveilit opiskeluaikana?<\/strong> Laskentatoimeen liittyvist\u00e4 teht\u00e4vist\u00e4 mielenkiintoisten br\u00e4ndien parissa \u2013 millaista t\u00e4m\u00e4 Junior Business Controllerin ty\u00f6 ehdottomasti on. Yleisesti ottaen sellainen ty\u00f6, jolla voidaan saada aikaan aitoa lis\u00e4arvoa yrityksen liiketoimintaan.<\/p>\n<!-- \/wp:paragraph -->\n\n<!-- wp:paragraph -->\n<p><strong>Aloitit ty\u00f6si keskell\u00e4 korona-aikaa. Miten perehdytys on sujunut et\u00e4n\u00e4?<\/strong> Yll\u00e4tt\u00e4v\u00e4n hyvin. Pari ensimm\u00e4ist\u00e4 viikkoa p\u00e4\u00e4sin ty\u00f6skentelem\u00e4\u00e4n uudella toimistollamme EduCityss\u00e4, mutta sitten siirryimme kokonaan et\u00e4t\u00f6ihin. Kaikilla on et\u00e4ty\u00f6v\u00e4lineet hallussa, ja vuorovaikutus kamerat p\u00e4\u00e4ll\u00e4 auttaa asiaa. Ihana esihenkil\u00f6ni on ollut aktiivisesti mukana perehdytyksess\u00e4ni ja varmistanut, ett\u00e4 saan kaiken tarpeellisen tiedon ty\u00f6ni tueksi. H\u00e4nelt\u00e4 ja muilta kollegoiltani voi my\u00f6s aina kysy\u00e4 kaikesta matalalla kynnyksell\u00e4, mik\u00e4 on t\u00e4rke\u00e4\u00e4 etenkin n\u00e4in et\u00e4n\u00e4 ty\u00f6skennelless\u00e4.<\/p>\n<!-- \/wp:paragraph -->\n\n<!-- wp:paragraph -->\n<p><strong>Mik\u00e4 on yll\u00e4tt\u00e4nyt ty\u00f6ss\u00e4si?<\/strong> Ty\u00f6ss\u00e4ni minut on yll\u00e4tt\u00e4nyt sen monipuolisuus. Jokainen p\u00e4iv\u00e4 on aidosti erilainen. Vaikka ty\u00f6h\u00f6ni sis\u00e4ltyy my\u00f6s kuukausittaisia rutiineja, niin viikkoihin mahtuu aina monia erilaisia ty\u00f6teht\u00e4vi\u00e4 uutuustuotteiden analysoinnista ja strategiaty\u00f6st\u00e4 ad hoc -tyyppisiin tilanteisiin.<\/p>\n<!-- \/wp:paragraph -->\n\n<!-- wp:paragraph -->\n<p><strong>Mik\u00e4 on parasta ty\u00f6ss\u00e4si n\u00e4in muutaman kuukauden kokemuksella?<\/strong> Se, ett\u00e4 saan olla monessa mukana ja ty\u00f6ni tuo aidosti lis\u00e4arvoa Cloettalle. T\u00e4m\u00e4 ty\u00f6teht\u00e4v\u00e4 on loistava n\u00e4k\u00f6alapaikka Cloettan liiketoimintaan. Lis\u00e4ksi oma tiimini ja muut kollegat ovat mahtavia, ja heid\u00e4n kanssaan t\u00f6it\u00e4 tehd\u00e4\u00e4n puhaltaen yhteen hiileen ja pilke silm\u00e4kulmassa.<\/p>\n<!-- \/wp:paragraph -->\n\n<!-- wp:paragraph -->\n<p><strong>Mit\u00e4 odotat tulevaisuudessa ty\u00f6st\u00e4si?<\/strong> Odotan, ett\u00e4 p\u00e4\u00e4sen perehtym\u00e4\u00e4n viel\u00e4 syvemmin makeisbisnekseen. Lis\u00e4ksi toivon, ett\u00e4 Cloettan legendaarinen myyntikokous pidett\u00e4isiin vihdoin liven\u00e4 ja p\u00e4\u00e4sisin n\u00e4kem\u00e4\u00e4n kaikki kollegat my\u00f6s kasvotusten.<\/p>\n<!-- \/wp:paragraph -->\n\n<!-- wp:paragraph -->\n<p><strong>Miten olet pystynyt hy\u00f6dynt\u00e4m\u00e4\u00e4n opiskelemiasi asioita ty\u00f6ss\u00e4si?<\/strong> T\u00e4rkeimm\u00e4t opit liittyv\u00e4t tilinp\u00e4\u00e4t\u00f6ksen ja sen tekemiseen liittyvien mekanismien lis\u00e4ksi yleiseen analyyttisyyteen, eri asioiden yhdist\u00e4miseen ja kokonaiskuvan n\u00e4kemiseen \u2013 ryhm\u00e4ty\u00f6taitoja unohtamatta. Exceli\u00e4 kannattaa k\u00e4ytt\u00e4\u00e4 opinnoissa alusta alkaen (jos kiinnostaa ty\u00f6 mill\u00e4\u00e4n tavoin numerojen parissa), sill\u00e4 Excel-taitojen merkityst\u00e4 ei voi v\u00e4heksy\u00e4!<\/p>\n<!-- \/wp:paragraph -->\n\n<!-- wp:paragraph -->\n<p><strong>Mitk\u00e4 ovat terveisesi opiskelijoille?<\/strong> Gradun tekeminen kannattaa jakaa pieniin osiin ja palkita itse\u00e4\u00e4n jokaisen saavutetun etapin j\u00e4lkeen. Itse tein gradun kirjoittamisesta seuranta-Excelin, jossa tiettyjen sivum\u00e4\u00e4r\u00e4tavoitteiden j\u00e4lkeen sai aina jonkun kivan palkinnon! Muistakaa juhlia saavutuksia. \ud83d\ude0a<\/p>\n<!-- \/wp:paragraph -->","_et_gb_content_width":"","footnotes":""},"categories":[13,4],"tags":[],"class_list":["post-39050","post","type-post","status-publish","format-standard","has-post-thumbnail","hentry","category-kumppaniblogi","category-news"],"yoast_head":"<!-- This site is optimized with the Yoast SEO plugin v27.2 - https:\/\/yoast.com\/product\/yoast-seo-wordpress\/ -->\n<title>Uusi ty\u00f6 korona-aikana - Tuuve Hans\u00e9nin kokemus makeismaailmasta - Turun KY<\/title>\n<meta name=\"robots\" content=\"index, follow, max-snippet:-1, max-image-preview:large, max-video-preview:-1\" \/>\n<link rel=\"canonical\" href=\"https:\/\/www.tuky.fi\/etusivu\/news\/uusi-tyo-korona-aikana-tuuve-hansenin-kokemus-makeismaailmasta\/\" \/>\n<meta property=\"og:locale\" content=\"fi_FI\" \/>\n<meta property=\"og:type\" content=\"article\" \/>\n<meta property=\"og:title\" content=\"Uusi ty\u00f6 korona-aikana - Tuuve Hans\u00e9nin kokemus makeismaailmasta - Turun KY\" \/>\n<meta property=\"og:description\" content=\"Cloetta Suomi Oy on Turun KY:n kuukauden yritys toukokuussa 2021. Juttusarjassa kaksi Turun kauppakorkeakoulun kasvattia kertoo ty\u00f6st\u00e4\u00e4n Cloettalla Turussa. (Kuvassa vasemmalla on Tuuve ja oikealla Anna-Liina.) KTM Tuuve Hans\u00e9n aloitti [&hellip;]\" \/>\n<meta property=\"og:url\" content=\"https:\/\/www.tuky.fi\/etusivu\/news\/uusi-tyo-korona-aikana-tuuve-hansenin-kokemus-makeismaailmasta\/\" \/>\n<meta property=\"og:site_name\" content=\"Turun KY\" \/>\n<meta property=\"article:published_time\" content=\"2021-05-12T09:23:47+00:00\" \/>\n<meta property=\"article:modified_time\" content=\"2021-05-12T10:56:26+00:00\" \/>\n<meta property=\"og:image\" content=\"https:\/\/www.tuky.fi\/wp-content\/uploads\/2021\/05\/download.jpg\" \/>\n\t<meta property=\"og:image:width\" content=\"1280\" \/>\n\t<meta property=\"og:image:height\" content=\"853\" \/>\n\t<meta property=\"og:image:type\" content=\"image\/jpeg\" \/>\n<meta name=\"author\" content=\"Myyntip\u00e4\u00e4llikk\u00f6\" \/>\n<meta name=\"twitter:card\" content=\"summary_large_image\" \/>\n<meta name=\"twitter:label1\" content=\"Kirjoittanut\" \/>\n\t<meta name=\"twitter:data1\" content=\"Myyntip\u00e4\u00e4llikk\u00f6\" \/>\n\t<meta name=\"twitter:label2\" content=\"Arvioitu lukuaika\" \/>\n\t<meta name=\"twitter:data2\" content=\"3 minuuttia\" \/>\n<script type=\"application\/ld+json\" class=\"yoast-schema-graph\">{\"@context\":\"https:\/\/schema.org\",\"@graph\":[{\"@type\":\"Article\",\"@id\":\"https:\/\/www.tuky.fi\/etusivu\/news\/uusi-tyo-korona-aikana-tuuve-hansenin-kokemus-makeismaailmasta\/#article\",\"isPartOf\":{\"@id\":\"https:\/\/www.tuky.fi\/etusivu\/news\/uusi-tyo-korona-aikana-tuuve-hansenin-kokemus-makeismaailmasta\/\"},\"author\":{\"name\":\"Myyntip\u00e4\u00e4llikk\u00f6\",\"@id\":\"https:\/\/www.tuky.fi\/etusivu\/#\/schema\/person\/66e53fffc743e17ca9d5603336ee4d59\"},\"headline\":\"Uusi ty\u00f6 korona-aikana &#8211; Tuuve Hans\u00e9nin kokemus makeismaailmasta\",\"datePublished\":\"2021-05-12T09:23:47+00:00\",\"dateModified\":\"2021-05-12T10:56:26+00:00\",\"mainEntityOfPage\":{\"@id\":\"https:\/\/www.tuky.fi\/etusivu\/news\/uusi-tyo-korona-aikana-tuuve-hansenin-kokemus-makeismaailmasta\/\"},\"wordCount\":514,\"commentCount\":0,\"publisher\":{\"@id\":\"https:\/\/www.tuky.fi\/etusivu\/#organization\"},\"image\":{\"@id\":\"https:\/\/www.tuky.fi\/etusivu\/news\/uusi-tyo-korona-aikana-tuuve-hansenin-kokemus-makeismaailmasta\/#primaryimage\"},\"thumbnailUrl\":\"https:\/\/www.tuky.fi\/wp-content\/uploads\/2021\/05\/download.jpg\",\"articleSection\":[\"Kumppaniblogi\",\"news\"],\"inLanguage\":\"fi\",\"potentialAction\":[{\"@type\":\"CommentAction\",\"name\":\"Comment\",\"target\":[\"https:\/\/www.tuky.fi\/etusivu\/news\/uusi-tyo-korona-aikana-tuuve-hansenin-kokemus-makeismaailmasta\/#respond\"]}]},{\"@type\":\"WebPage\",\"@id\":\"https:\/\/www.tuky.fi\/etusivu\/news\/uusi-tyo-korona-aikana-tuuve-hansenin-kokemus-makeismaailmasta\/\",\"url\":\"https:\/\/www.tuky.fi\/etusivu\/news\/uusi-tyo-korona-aikana-tuuve-hansenin-kokemus-makeismaailmasta\/\",\"name\":\"Uusi ty\u00f6 korona-aikana - Tuuve Hans\u00e9nin kokemus makeismaailmasta - Turun KY\",\"isPartOf\":{\"@id\":\"https:\/\/www.tuky.fi\/etusivu\/#website\"},\"primaryImageOfPage\":{\"@id\":\"https:\/\/www.tuky.fi\/etusivu\/news\/uusi-tyo-korona-aikana-tuuve-hansenin-kokemus-makeismaailmasta\/#primaryimage\"},\"image\":{\"@id\":\"https:\/\/www.tuky.fi\/etusivu\/news\/uusi-tyo-korona-aikana-tuuve-hansenin-kokemus-makeismaailmasta\/#primaryimage\"},\"thumbnailUrl\":\"https:\/\/www.tuky.fi\/wp-content\/uploads\/2021\/05\/download.jpg\",\"datePublished\":\"2021-05-12T09:23:47+00:00\",\"dateModified\":\"2021-05-12T10:56:26+00:00\",\"breadcrumb\":{\"@id\":\"https:\/\/www.tuky.fi\/etusivu\/news\/uusi-tyo-korona-aikana-tuuve-hansenin-kokemus-makeismaailmasta\/#breadcrumb\"},\"inLanguage\":\"fi\",\"potentialAction\":[{\"@type\":\"ReadAction\",\"target\":[\"https:\/\/www.tuky.fi\/etusivu\/news\/uusi-tyo-korona-aikana-tuuve-hansenin-kokemus-makeismaailmasta\/\"]}]},{\"@type\":\"ImageObject\",\"inLanguage\":\"fi\",\"@id\":\"https:\/\/www.tuky.fi\/etusivu\/news\/uusi-tyo-korona-aikana-tuuve-hansenin-kokemus-makeismaailmasta\/#primaryimage\",\"url\":\"https:\/\/www.tuky.fi\/wp-content\/uploads\/2021\/05\/download.jpg\",\"contentUrl\":\"https:\/\/www.tuky.fi\/wp-content\/uploads\/2021\/05\/download.jpg\",\"width\":1280,\"height\":853,\"caption\":\"Kuvassa vasemmalla on Tuuve ja oikealla Anna-Liina.\"},{\"@type\":\"BreadcrumbList\",\"@id\":\"https:\/\/www.tuky.fi\/etusivu\/news\/uusi-tyo-korona-aikana-tuuve-hansenin-kokemus-makeismaailmasta\/#breadcrumb\",\"itemListElement\":[{\"@type\":\"ListItem\",\"position\":1,\"name\":\"Etusivu\",\"item\":\"https:\/\/www.tuky.fi\/etusivu\/\"},{\"@type\":\"ListItem\",\"position\":2,\"name\":\"Uusi ty\u00f6 korona-aikana &#8211; Tuuve Hans\u00e9nin kokemus makeismaailmasta\"}]},{\"@type\":\"WebSite\",\"@id\":\"https:\/\/www.tuky.fi\/etusivu\/#website\",\"url\":\"https:\/\/www.tuky.fi\/etusivu\/\",\"name\":\"Turun KY\",\"description\":\"TuKY\",\"publisher\":{\"@id\":\"https:\/\/www.tuky.fi\/etusivu\/#organization\"},\"alternateName\":\"TuKY\",\"potentialAction\":[{\"@type\":\"SearchAction\",\"target\":{\"@type\":\"EntryPoint\",\"urlTemplate\":\"https:\/\/www.tuky.fi\/etusivu\/?s={search_term_string}\"},\"query-input\":{\"@type\":\"PropertyValueSpecification\",\"valueRequired\":true,\"valueName\":\"search_term_string\"}}],\"inLanguage\":\"fi\"},{\"@type\":\"Organization\",\"@id\":\"https:\/\/www.tuky.fi\/etusivu\/#organization\",\"name\":\"Turun KY\",\"alternateName\":\"TuKY\",\"url\":\"https:\/\/www.tuky.fi\/etusivu\/\",\"logo\":{\"@type\":\"ImageObject\",\"inLanguage\":\"fi\",\"@id\":\"https:\/\/www.tuky.fi\/etusivu\/#\/schema\/logo\/image\/\",\"url\":\"https:\/\/www.tuky.fi\/wp-content\/uploads\/2024\/09\/TuKY-logo-kulta-1.png\",\"contentUrl\":\"https:\/\/www.tuky.fi\/wp-content\/uploads\/2024\/09\/TuKY-logo-kulta-1.png\",\"width\":1080,\"height\":1080,\"caption\":\"Turun KY\"},\"image\":{\"@id\":\"https:\/\/www.tuky.fi\/etusivu\/#\/schema\/logo\/image\/\"},\"sameAs\":[\"https:\/\/instagram.com\/turunky\",\"https:\/\/linkedin.com\/turunky\"]},{\"@type\":\"Person\",\"@id\":\"https:\/\/www.tuky.fi\/etusivu\/#\/schema\/person\/66e53fffc743e17ca9d5603336ee4d59\",\"name\":\"Myyntip\u00e4\u00e4llikk\u00f6\",\"image\":{\"@type\":\"ImageObject\",\"inLanguage\":\"fi\",\"@id\":\"https:\/\/secure.gravatar.com\/avatar\/8b962a9242c53dff7d2be24f16a604a8094c1e5fbb76a692d2c8aa5be966ed37?s=96&d=mm&r=g\",\"url\":\"https:\/\/secure.gravatar.com\/avatar\/8b962a9242c53dff7d2be24f16a604a8094c1e5fbb76a692d2c8aa5be966ed37?s=96&d=mm&r=g\",\"contentUrl\":\"https:\/\/secure.gravatar.com\/avatar\/8b962a9242c53dff7d2be24f16a604a8094c1e5fbb76a692d2c8aa5be966ed37?s=96&d=mm&r=g\",\"caption\":\"Myyntip\u00e4\u00e4llikk\u00f6\"},\"url\":\"https:\/\/www.tuky.fi\/etusivu\/author\/ky-myyntipaallikko\/\"}]}<\/script>\n<!-- \/ Yoast SEO plugin. -->","yoast_head_json":{"title":"Uusi ty\u00f6 korona-aikana - Tuuve Hans\u00e9nin kokemus makeismaailmasta - Turun KY","robots":{"index":"index","follow":"follow","max-snippet":"max-snippet:-1","max-image-preview":"max-image-preview:large","max-video-preview":"max-video-preview:-1"},"canonical":"https:\/\/www.tuky.fi\/etusivu\/news\/uusi-tyo-korona-aikana-tuuve-hansenin-kokemus-makeismaailmasta\/","og_locale":"fi_FI","og_type":"article","og_title":"Uusi ty\u00f6 korona-aikana - Tuuve Hans\u00e9nin kokemus makeismaailmasta - Turun KY","og_description":"Cloetta Suomi Oy on Turun KY:n kuukauden yritys toukokuussa 2021. Juttusarjassa kaksi Turun kauppakorkeakoulun kasvattia kertoo ty\u00f6st\u00e4\u00e4n Cloettalla Turussa. (Kuvassa vasemmalla on Tuuve ja oikealla Anna-Liina.) KTM Tuuve Hans\u00e9n aloitti [&hellip;]","og_url":"https:\/\/www.tuky.fi\/etusivu\/news\/uusi-tyo-korona-aikana-tuuve-hansenin-kokemus-makeismaailmasta\/","og_site_name":"Turun KY","article_published_time":"2021-05-12T09:23:47+00:00","article_modified_time":"2021-05-12T10:56:26+00:00","og_image":[{"width":1280,"height":853,"url":"https:\/\/www.tuky.fi\/wp-content\/uploads\/2021\/05\/download.jpg","type":"image\/jpeg"}],"author":"Myyntip\u00e4\u00e4llikk\u00f6","twitter_card":"summary_large_image","twitter_misc":{"Kirjoittanut":"Myyntip\u00e4\u00e4llikk\u00f6","Arvioitu lukuaika":"3 minuuttia"},"schema":{"@context":"https:\/\/schema.org","@graph":[{"@type":"Article","@id":"https:\/\/www.tuky.fi\/etusivu\/news\/uusi-tyo-korona-aikana-tuuve-hansenin-kokemus-makeismaailmasta\/#article","isPartOf":{"@id":"https:\/\/www.tuky.fi\/etusivu\/news\/uusi-tyo-korona-aikana-tuuve-hansenin-kokemus-makeismaailmasta\/"},"author":{"name":"Myyntip\u00e4\u00e4llikk\u00f6","@id":"https:\/\/www.tuky.fi\/etusivu\/#\/schema\/person\/66e53fffc743e17ca9d5603336ee4d59"},"headline":"Uusi ty\u00f6 korona-aikana &#8211; Tuuve Hans\u00e9nin kokemus makeismaailmasta","datePublished":"2021-05-12T09:23:47+00:00","dateModified":"2021-05-12T10:56:26+00:00","mainEntityOfPage":{"@id":"https:\/\/www.tuky.fi\/etusivu\/news\/uusi-tyo-korona-aikana-tuuve-hansenin-kokemus-makeismaailmasta\/"},"wordCount":514,"commentCount":0,"publisher":{"@id":"https:\/\/www.tuky.fi\/etusivu\/#organization"},"image":{"@id":"https:\/\/www.tuky.fi\/etusivu\/news\/uusi-tyo-korona-aikana-tuuve-hansenin-kokemus-makeismaailmasta\/#primaryimage"},"thumbnailUrl":"https:\/\/www.tuky.fi\/wp-content\/uploads\/2021\/05\/download.jpg","articleSection":["Kumppaniblogi","news"],"inLanguage":"fi","potentialAction":[{"@type":"CommentAction","name":"Comment","target":["https:\/\/www.tuky.fi\/etusivu\/news\/uusi-tyo-korona-aikana-tuuve-hansenin-kokemus-makeismaailmasta\/#respond"]}]},{"@type":"WebPage","@id":"https:\/\/www.tuky.fi\/etusivu\/news\/uusi-tyo-korona-aikana-tuuve-hansenin-kokemus-makeismaailmasta\/","url":"https:\/\/www.tuky.fi\/etusivu\/news\/uusi-tyo-korona-aikana-tuuve-hansenin-kokemus-makeismaailmasta\/","name":"Uusi ty\u00f6 korona-aikana - Tuuve Hans\u00e9nin kokemus makeismaailmasta - Turun KY","isPartOf":{"@id":"https:\/\/www.tuky.fi\/etusivu\/#website"},"primaryImageOfPage":{"@id":"https:\/\/www.tuky.fi\/etusivu\/news\/uusi-tyo-korona-aikana-tuuve-hansenin-kokemus-makeismaailmasta\/#primaryimage"},"image":{"@id":"https:\/\/www.tuky.fi\/etusivu\/news\/uusi-tyo-korona-aikana-tuuve-hansenin-kokemus-makeismaailmasta\/#primaryimage"},"thumbnailUrl":"https:\/\/www.tuky.fi\/wp-content\/uploads\/2021\/05\/download.jpg","datePublished":"2021-05-12T09:23:47+00:00","dateModified":"2021-05-12T10:56:26+00:00","breadcrumb":{"@id":"https:\/\/www.tuky.fi\/etusivu\/news\/uusi-tyo-korona-aikana-tuuve-hansenin-kokemus-makeismaailmasta\/#breadcrumb"},"inLanguage":"fi","potentialAction":[{"@type":"ReadAction","target":["https:\/\/www.tuky.fi\/etusivu\/news\/uusi-tyo-korona-aikana-tuuve-hansenin-kokemus-makeismaailmasta\/"]}]},{"@type":"ImageObject","inLanguage":"fi","@id":"https:\/\/www.tuky.fi\/etusivu\/news\/uusi-tyo-korona-aikana-tuuve-hansenin-kokemus-makeismaailmasta\/#primaryimage","url":"https:\/\/www.tuky.fi\/wp-content\/uploads\/2021\/05\/download.jpg","contentUrl":"https:\/\/www.tuky.fi\/wp-content\/uploads\/2021\/05\/download.jpg","width":1280,"height":853,"caption":"Kuvassa vasemmalla on Tuuve ja oikealla Anna-Liina."},{"@type":"BreadcrumbList","@id":"https:\/\/www.tuky.fi\/etusivu\/news\/uusi-tyo-korona-aikana-tuuve-hansenin-kokemus-makeismaailmasta\/#breadcrumb","itemListElement":[{"@type":"ListItem","position":1,"name":"Etusivu","item":"https:\/\/www.tuky.fi\/etusivu\/"},{"@type":"ListItem","position":2,"name":"Uusi ty\u00f6 korona-aikana &#8211; Tuuve Hans\u00e9nin kokemus makeismaailmasta"}]},{"@type":"WebSite","@id":"https:\/\/www.tuky.fi\/etusivu\/#website","url":"https:\/\/www.tuky.fi\/etusivu\/","name":"Turun KY","description":"TuKY","publisher":{"@id":"https:\/\/www.tuky.fi\/etusivu\/#organization"},"alternateName":"TuKY","potentialAction":[{"@type":"SearchAction","target":{"@type":"EntryPoint","urlTemplate":"https:\/\/www.tuky.fi\/etusivu\/?s={search_term_string}"},"query-input":{"@type":"PropertyValueSpecification","valueRequired":true,"valueName":"search_term_string"}}],"inLanguage":"fi"},{"@type":"Organization","@id":"https:\/\/www.tuky.fi\/etusivu\/#organization","name":"Turun KY","alternateName":"TuKY","url":"https:\/\/www.tuky.fi\/etusivu\/","logo":{"@type":"ImageObject","inLanguage":"fi","@id":"https:\/\/www.tuky.fi\/etusivu\/#\/schema\/logo\/image\/","url":"https:\/\/www.tuky.fi\/wp-content\/uploads\/2024\/09\/TuKY-logo-kulta-1.png","contentUrl":"https:\/\/www.tuky.fi\/wp-content\/uploads\/2024\/09\/TuKY-logo-kulta-1.png","width":1080,"height":1080,"caption":"Turun KY"},"image":{"@id":"https:\/\/www.tuky.fi\/etusivu\/#\/schema\/logo\/image\/"},"sameAs":["https:\/\/instagram.com\/turunky","https:\/\/linkedin.com\/turunky"]},{"@type":"Person","@id":"https:\/\/www.tuky.fi\/etusivu\/#\/schema\/person\/66e53fffc743e17ca9d5603336ee4d59","name":"Myyntip\u00e4\u00e4llikk\u00f6","image":{"@type":"ImageObject","inLanguage":"fi","@id":"https:\/\/secure.gravatar.com\/avatar\/8b962a9242c53dff7d2be24f16a604a8094c1e5fbb76a692d2c8aa5be966ed37?s=96&d=mm&r=g","url":"https:\/\/secure.gravatar.com\/avatar\/8b962a9242c53dff7d2be24f16a604a8094c1e5fbb76a692d2c8aa5be966ed37?s=96&d=mm&r=g","contentUrl":"https:\/\/secure.gravatar.com\/avatar\/8b962a9242c53dff7d2be24f16a604a8094c1e5fbb76a692d2c8aa5be966ed37?s=96&d=mm&r=g","caption":"Myyntip\u00e4\u00e4llikk\u00f6"},"url":"https:\/\/www.tuky.fi\/etusivu\/author\/ky-myyntipaallikko\/"}]}},"lang":"fi","translations":{"fi":39050},"pll_sync_post":[],"_links":{"self":[{"href":"https:\/\/www.tuky.fi\/etusivu\/wp-json\/wp\/v2\/posts\/39050","targetHints":{"allow":["GET"]}}],"collection":[{"href":"https:\/\/www.tuky.fi\/etusivu\/wp-json\/wp\/v2\/posts"}],"about":[{"href":"https:\/\/www.tuky.fi\/etusivu\/wp-json\/wp\/v2\/types\/post"}],"author":[{"embeddable":true,"href":"https:\/\/www.tuky.fi\/etusivu\/wp-json\/wp\/v2\/users\/42"}],"replies":[{"embeddable":true,"href":"https:\/\/www.tuky.fi\/etusivu\/wp-json\/wp\/v2\/comments?post=39050"}],"version-history":[{"count":0,"href":"https:\/\/www.tuky.fi\/etusivu\/wp-json\/wp\/v2\/posts\/39050\/revisions"}],"wp:featuredmedia":[{"embeddable":true,"href":"https:\/\/www.tuky.fi\/etusivu\/wp-json\/wp\/v2\/media\/39051"}],"wp:attachment":[{"href":"https:\/\/www.tuky.fi\/etusivu\/wp-json\/wp\/v2\/media?parent=39050"}],"wp:term":[{"taxonomy":"category","embeddable":true,"href":"https:\/\/www.tuky.fi\/etusivu\/wp-json\/wp\/v2\/categories?post=39050"},{"taxonomy":"post_tag","embeddable":true,"href":"https:\/\/www.tuky.fi\/etusivu\/wp-json\/wp\/v2\/tags?post=39050"}],"curies":[{"name":"wp","href":"https:\/\/api.w.org\/{rel}","templated":true}]}}