{"id":38414,"date":"2021-03-09T10:00:00","date_gmt":"2021-03-09T07:00:00","guid":{"rendered":"http:\/\/www.tuky.fi\/etusivu\/?p=38414"},"modified":"2021-03-08T22:45:12","modified_gmt":"2021-03-08T19:45:12","slug":"turun-ky-hakee-talouspaallikkoa-6","status":"publish","type":"post","link":"https:\/\/www.tuky.fi\/etusivu\/news\/turun-ky-hakee-talouspaallikkoa-6\/","title":{"rendered":"Turun KY hakee talousp\u00e4\u00e4llikk\u00f6\u00e4"},"content":{"rendered":"\n<figure class=\"wp-block-image size-large\"><img loading=\"lazy\" decoding=\"async\" width=\"477\" height=\"73\" src=\"http:\/\/www.tuky.fi\/wp-content\/uploads\/2021\/01\/tuky-hakee.jpg\" alt=\"\" class=\"wp-image-38061\" srcset=\"https:\/\/www.tuky.fi\/wp-content\/uploads\/2021\/01\/tuky-hakee.jpg 477w, https:\/\/www.tuky.fi\/wp-content\/uploads\/2021\/01\/tuky-hakee-300x46.jpg 300w\" sizes=\"(max-width: 477px) 100vw, 477px\" \/><\/figure>\n\n\n\n<p>Turun KY hakee <strong>talousp\u00e4\u00e4llikk\u00f6\u00e4<\/strong> 1.4.2021 alkavaan ty\u00f6suhteeseen. Uusi talousp\u00e4\u00e4llikk\u00f6 ty\u00f6skentelee huhtikuun ajan ty\u00f6teht\u00e4v\u00e4\u00e4n perehtyen yhdess\u00e4 nykyisen talousp\u00e4\u00e4llik\u00f6n kanssa ja jatkaa itsen\u00e4isesti ty\u00f6ss\u00e4\u00e4n 1.5. alkaen. Talousp\u00e4\u00e4llikk\u00f6 vastaa yhdistyksen p\u00e4ivitt\u00e4istaloudesta yhdess\u00e4 hallituksen ja taloustoimikunnan puheenjohtajan kanssa. Toimi tarjoaa arvokasta kokemusta taloushallinnon teht\u00e4vist\u00e4.<\/p>\n\n\n\n<p><strong>Talousp\u00e4\u00e4llik\u00f6n teht\u00e4viin kuuluvat muun muassa<\/strong>:<br>\u2022 P\u00e4ivitt\u00e4istalouden hoitaminen: laskujen maksu, laskutus, kirjanpito, tilinp\u00e4\u00e4t\u00f6s, palkanlaskenta, viranomaisilmoitukset<br>\u2022 Jaostojen ja toimijaryhmien talousneuvonta<br>\u2022 Talousraportointi ja -suunnittelu<br>\u2022 Taloustoimikunnan sihteerin\u00e4 toimiminen<br>\u2022 Turun KY:n hallituksen kokouksiin ja muuhun hallituksen ty\u00f6skentelyyn osallistuminen<\/p>\n\n\n\n<p><strong>Hakijalta edellytet\u00e4\u00e4n:<\/strong><br>\u2022 Perehtyneisyytt\u00e4 Turun KY:n toimintaan<br>\u2022 Hyvi\u00e4 perustietoja laskentatoimesta<br>\u2022 Hyvi\u00e4 vuorovaikutustaitoja ja kyky\u00e4 sujuvaan suulliseen ja kirjalliseen viestint\u00e4\u00e4n<br>\u2022 Tarkkuutta, huolellisuutta ja oma-aloitteisuutta<\/p>\n\n\n\n<p><strong>Eduksi luetaan:<\/strong><br>\u2022 Aikaisempi ty\u00f6kokemus taloudenhoidosta ja kirjanpidosta<br>\u2022 Aikaisempi toiminta Turun KY:ss\u00e4 tai muussa opiskelijaj\u00e4rjest\u00f6ss\u00e4<br>\u2022 Kiinnostusta kehitt\u00e4\u00e4 Turun KY:n taloudenhoidon menetelmi\u00e4<\/p>\n\n\n\n<p><strong>Tarjoamme:<\/strong><br>\u2022 Monipuolisen ja itsen\u00e4isen teht\u00e4v\u00e4kuvan<br>\u2022 Laajan ja aktiivisen ty\u00f6yhteis\u00f6n<br>\u2022 Joustavat ty\u00f6ajat<br>\u2022 Kattavan perehdytyksen ja koulutuksen ty\u00f6teht\u00e4v\u00e4\u00e4n<br>\u2022 Arvokasta ty\u00f6kokemusta opintojen oheen taloushallinnon teht\u00e4vist\u00e4<\/p>\n\n\n\n<p>Talousp\u00e4\u00e4llik\u00f6n ty\u00f6suhde on osa-aikainen, noin 5\u201310 h\/vko. Ty\u00f6suhde on m\u00e4\u00e4r\u00e4aikainen ensimm\u00e4isen vuoden ajan, jonka j\u00e4lkeen se jatkuu toistaiseksi voimassaolevana toisen vuoden. Palkkaus on opintotukiyst\u00e4v\u00e4llinen. Toimi mahdollistaa normaalin koulunk\u00e4ynnin ja kes\u00e4kuukausina voi tehd\u00e4 my\u00f6s muita kes\u00e4t\u00f6it\u00e4.<\/p>\n\n\n\n<p>Hakemukset ansioluetteloineen tulee toimittaa Turun kauppatieteiden ylioppilaat ry:n hallituksen puheenjohtaja <strong>Sofia Isolaurille<\/strong> s\u00e4hk\u00f6postitse <strong>osoitteeseen puheenjohtaja@tuky.fi tiistaihin 23.3.2021 klo 23.59 menness\u00e4.<\/strong> Haastattelut j\u00e4rjestet\u00e4\u00e4n saman viikon aikana <strong>24.-25.3.2021<\/strong>, joten varaathan t\u00e4m\u00e4n kalenteristasi. Perehdytys aloitetaan v\u00e4litt\u00f6m\u00e4sti valinnan j\u00e4lkeen.<\/p>\n\n\n\n<p>Lis\u00e4tietoja teht\u00e4v\u00e4\u00e4n liittyen antaa talousp\u00e4\u00e4llikk\u00f6 <strong>Linda Kaivonen<\/strong> s\u00e4hk\u00f6postitse <strong>talouspaallikko@tuky.fi<\/strong> tai puhelimitse <strong>0451202177<\/strong>.<\/p>\n","protected":false},"excerpt":{"rendered":"<p>Turun KY hakee talousp\u00e4\u00e4llikk\u00f6\u00e4 1.4.2021 alkavaan ty\u00f6suhteeseen. Uusi talousp\u00e4\u00e4llikk\u00f6 ty\u00f6skentelee huhtikuun ajan ty\u00f6teht\u00e4v\u00e4\u00e4n perehtyen yhdess\u00e4 nykyisen talousp\u00e4\u00e4llik\u00f6n kanssa ja jatkaa itsen\u00e4isesti ty\u00f6ss\u00e4\u00e4n 1.5. alkaen. Talousp\u00e4\u00e4llikk\u00f6 vastaa yhdistyksen p\u00e4ivitt\u00e4istaloudesta yhdess\u00e4 hallituksen [&hellip;]<\/p>\n","protected":false},"author":1,"featured_media":0,"comment_status":"open","ping_status":"open","sticky":false,"template":"","format":"standard","meta":{"_et_pb_use_builder":"off","_et_pb_old_content":"","_et_gb_content_width":"","footnotes":""},"categories":[4],"tags":[],"class_list":["post-38414","post","type-post","status-publish","format-standard","hentry","category-news"],"yoast_head":"<!-- This site is optimized with the Yoast SEO plugin v27.2 - https:\/\/yoast.com\/product\/yoast-seo-wordpress\/ -->\n<title>Turun KY hakee talousp\u00e4\u00e4llikk\u00f6\u00e4 - Turun KY<\/title>\n<meta name=\"robots\" content=\"index, follow, max-snippet:-1, max-image-preview:large, max-video-preview:-1\" \/>\n<link rel=\"canonical\" href=\"https:\/\/www.tuky.fi\/etusivu\/news\/turun-ky-hakee-talouspaallikkoa-6\/\" \/>\n<meta property=\"og:locale\" content=\"fi_FI\" \/>\n<meta property=\"og:type\" content=\"article\" \/>\n<meta property=\"og:title\" content=\"Turun KY hakee talousp\u00e4\u00e4llikk\u00f6\u00e4 - Turun KY\" \/>\n<meta property=\"og:description\" content=\"Turun KY hakee talousp\u00e4\u00e4llikk\u00f6\u00e4 1.4.2021 alkavaan ty\u00f6suhteeseen. Uusi talousp\u00e4\u00e4llikk\u00f6 ty\u00f6skentelee huhtikuun ajan ty\u00f6teht\u00e4v\u00e4\u00e4n perehtyen yhdess\u00e4 nykyisen talousp\u00e4\u00e4llik\u00f6n kanssa ja jatkaa itsen\u00e4isesti ty\u00f6ss\u00e4\u00e4n 1.5. alkaen. Talousp\u00e4\u00e4llikk\u00f6 vastaa yhdistyksen p\u00e4ivitt\u00e4istaloudesta yhdess\u00e4 hallituksen [&hellip;]\" \/>\n<meta property=\"og:url\" content=\"https:\/\/www.tuky.fi\/etusivu\/news\/turun-ky-hakee-talouspaallikkoa-6\/\" \/>\n<meta property=\"og:site_name\" content=\"Turun KY\" \/>\n<meta property=\"article:published_time\" content=\"2021-03-09T07:00:00+00:00\" \/>\n<meta property=\"og:image\" content=\"http:\/\/www.tuky.fi\/wp-content\/uploads\/2021\/01\/tuky-hakee.jpg\" \/>\n<meta name=\"author\" content=\"admin\" \/>\n<meta name=\"twitter:card\" content=\"summary_large_image\" \/>\n<meta name=\"twitter:label1\" content=\"Kirjoittanut\" \/>\n\t<meta name=\"twitter:data1\" content=\"admin\" \/>\n\t<meta name=\"twitter:label2\" content=\"Arvioitu lukuaika\" \/>\n\t<meta name=\"twitter:data2\" content=\"1 minuutti\" \/>\n<script type=\"application\/ld+json\" class=\"yoast-schema-graph\">{\"@context\":\"https:\/\/schema.org\",\"@graph\":[{\"@type\":\"Article\",\"@id\":\"https:\/\/www.tuky.fi\/etusivu\/news\/turun-ky-hakee-talouspaallikkoa-6\/#article\",\"isPartOf\":{\"@id\":\"https:\/\/www.tuky.fi\/etusivu\/news\/turun-ky-hakee-talouspaallikkoa-6\/\"},\"author\":{\"name\":\"admin\",\"@id\":\"https:\/\/www.tuky.fi\/etusivu\/#\/schema\/person\/479eb0d4ef732e133e3a76f9b7659a39\"},\"headline\":\"Turun KY hakee talousp\u00e4\u00e4llikk\u00f6\u00e4\",\"datePublished\":\"2021-03-09T07:00:00+00:00\",\"mainEntityOfPage\":{\"@id\":\"https:\/\/www.tuky.fi\/etusivu\/news\/turun-ky-hakee-talouspaallikkoa-6\/\"},\"wordCount\":299,\"commentCount\":0,\"publisher\":{\"@id\":\"https:\/\/www.tuky.fi\/etusivu\/#organization\"},\"image\":{\"@id\":\"https:\/\/www.tuky.fi\/etusivu\/news\/turun-ky-hakee-talouspaallikkoa-6\/#primaryimage\"},\"thumbnailUrl\":\"http:\/\/www.tuky.fi\/wp-content\/uploads\/2021\/01\/tuky-hakee.jpg\",\"articleSection\":[\"news\"],\"inLanguage\":\"fi\",\"potentialAction\":[{\"@type\":\"CommentAction\",\"name\":\"Comment\",\"target\":[\"https:\/\/www.tuky.fi\/etusivu\/news\/turun-ky-hakee-talouspaallikkoa-6\/#respond\"]}]},{\"@type\":\"WebPage\",\"@id\":\"https:\/\/www.tuky.fi\/etusivu\/news\/turun-ky-hakee-talouspaallikkoa-6\/\",\"url\":\"https:\/\/www.tuky.fi\/etusivu\/news\/turun-ky-hakee-talouspaallikkoa-6\/\",\"name\":\"Turun KY hakee talousp\u00e4\u00e4llikk\u00f6\u00e4 - Turun KY\",\"isPartOf\":{\"@id\":\"https:\/\/www.tuky.fi\/etusivu\/#website\"},\"primaryImageOfPage\":{\"@id\":\"https:\/\/www.tuky.fi\/etusivu\/news\/turun-ky-hakee-talouspaallikkoa-6\/#primaryimage\"},\"image\":{\"@id\":\"https:\/\/www.tuky.fi\/etusivu\/news\/turun-ky-hakee-talouspaallikkoa-6\/#primaryimage\"},\"thumbnailUrl\":\"http:\/\/www.tuky.fi\/wp-content\/uploads\/2021\/01\/tuky-hakee.jpg\",\"datePublished\":\"2021-03-09T07:00:00+00:00\",\"breadcrumb\":{\"@id\":\"https:\/\/www.tuky.fi\/etusivu\/news\/turun-ky-hakee-talouspaallikkoa-6\/#breadcrumb\"},\"inLanguage\":\"fi\",\"potentialAction\":[{\"@type\":\"ReadAction\",\"target\":[\"https:\/\/www.tuky.fi\/etusivu\/news\/turun-ky-hakee-talouspaallikkoa-6\/\"]}]},{\"@type\":\"ImageObject\",\"inLanguage\":\"fi\",\"@id\":\"https:\/\/www.tuky.fi\/etusivu\/news\/turun-ky-hakee-talouspaallikkoa-6\/#primaryimage\",\"url\":\"http:\/\/www.tuky.fi\/wp-content\/uploads\/2021\/01\/tuky-hakee.jpg\",\"contentUrl\":\"http:\/\/www.tuky.fi\/wp-content\/uploads\/2021\/01\/tuky-hakee.jpg\"},{\"@type\":\"BreadcrumbList\",\"@id\":\"https:\/\/www.tuky.fi\/etusivu\/news\/turun-ky-hakee-talouspaallikkoa-6\/#breadcrumb\",\"itemListElement\":[{\"@type\":\"ListItem\",\"position\":1,\"name\":\"Etusivu\",\"item\":\"https:\/\/www.tuky.fi\/etusivu\/\"},{\"@type\":\"ListItem\",\"position\":2,\"name\":\"Turun KY hakee talousp\u00e4\u00e4llikk\u00f6\u00e4\"}]},{\"@type\":\"WebSite\",\"@id\":\"https:\/\/www.tuky.fi\/etusivu\/#website\",\"url\":\"https:\/\/www.tuky.fi\/etusivu\/\",\"name\":\"Turun KY\",\"description\":\"TuKY\",\"publisher\":{\"@id\":\"https:\/\/www.tuky.fi\/etusivu\/#organization\"},\"alternateName\":\"TuKY\",\"potentialAction\":[{\"@type\":\"SearchAction\",\"target\":{\"@type\":\"EntryPoint\",\"urlTemplate\":\"https:\/\/www.tuky.fi\/etusivu\/?s={search_term_string}\"},\"query-input\":{\"@type\":\"PropertyValueSpecification\",\"valueRequired\":true,\"valueName\":\"search_term_string\"}}],\"inLanguage\":\"fi\"},{\"@type\":\"Organization\",\"@id\":\"https:\/\/www.tuky.fi\/etusivu\/#organization\",\"name\":\"Turun KY\",\"alternateName\":\"TuKY\",\"url\":\"https:\/\/www.tuky.fi\/etusivu\/\",\"logo\":{\"@type\":\"ImageObject\",\"inLanguage\":\"fi\",\"@id\":\"https:\/\/www.tuky.fi\/etusivu\/#\/schema\/logo\/image\/\",\"url\":\"https:\/\/www.tuky.fi\/wp-content\/uploads\/2024\/09\/TuKY-logo-kulta-1.png\",\"contentUrl\":\"https:\/\/www.tuky.fi\/wp-content\/uploads\/2024\/09\/TuKY-logo-kulta-1.png\",\"width\":1080,\"height\":1080,\"caption\":\"Turun KY\"},\"image\":{\"@id\":\"https:\/\/www.tuky.fi\/etusivu\/#\/schema\/logo\/image\/\"},\"sameAs\":[\"https:\/\/instagram.com\/turunky\",\"https:\/\/linkedin.com\/turunky\"]},{\"@type\":\"Person\",\"@id\":\"https:\/\/www.tuky.fi\/etusivu\/#\/schema\/person\/479eb0d4ef732e133e3a76f9b7659a39\",\"name\":\"admin\",\"image\":{\"@type\":\"ImageObject\",\"inLanguage\":\"fi\",\"@id\":\"https:\/\/secure.gravatar.com\/avatar\/afbe741656101229147e16716fbedbcade65018caf8c467f89b9abae7aaffeea?s=96&d=mm&r=g\",\"url\":\"https:\/\/secure.gravatar.com\/avatar\/afbe741656101229147e16716fbedbcade65018caf8c467f89b9abae7aaffeea?s=96&d=mm&r=g\",\"contentUrl\":\"https:\/\/secure.gravatar.com\/avatar\/afbe741656101229147e16716fbedbcade65018caf8c467f89b9abae7aaffeea?s=96&d=mm&r=g\",\"caption\":\"admin\"},\"url\":\"https:\/\/www.tuky.fi\/etusivu\/author\/admin\/\"}]}<\/script>\n<!-- \/ Yoast SEO plugin. -->","yoast_head_json":{"title":"Turun KY hakee talousp\u00e4\u00e4llikk\u00f6\u00e4 - Turun KY","robots":{"index":"index","follow":"follow","max-snippet":"max-snippet:-1","max-image-preview":"max-image-preview:large","max-video-preview":"max-video-preview:-1"},"canonical":"https:\/\/www.tuky.fi\/etusivu\/news\/turun-ky-hakee-talouspaallikkoa-6\/","og_locale":"fi_FI","og_type":"article","og_title":"Turun KY hakee talousp\u00e4\u00e4llikk\u00f6\u00e4 - Turun KY","og_description":"Turun KY hakee talousp\u00e4\u00e4llikk\u00f6\u00e4 1.4.2021 alkavaan ty\u00f6suhteeseen. Uusi talousp\u00e4\u00e4llikk\u00f6 ty\u00f6skentelee huhtikuun ajan ty\u00f6teht\u00e4v\u00e4\u00e4n perehtyen yhdess\u00e4 nykyisen talousp\u00e4\u00e4llik\u00f6n kanssa ja jatkaa itsen\u00e4isesti ty\u00f6ss\u00e4\u00e4n 1.5. alkaen. Talousp\u00e4\u00e4llikk\u00f6 vastaa yhdistyksen p\u00e4ivitt\u00e4istaloudesta yhdess\u00e4 hallituksen [&hellip;]","og_url":"https:\/\/www.tuky.fi\/etusivu\/news\/turun-ky-hakee-talouspaallikkoa-6\/","og_site_name":"Turun KY","article_published_time":"2021-03-09T07:00:00+00:00","og_image":[{"url":"http:\/\/www.tuky.fi\/wp-content\/uploads\/2021\/01\/tuky-hakee.jpg","type":"","width":"","height":""}],"author":"admin","twitter_card":"summary_large_image","twitter_misc":{"Kirjoittanut":"admin","Arvioitu lukuaika":"1 minuutti"},"schema":{"@context":"https:\/\/schema.org","@graph":[{"@type":"Article","@id":"https:\/\/www.tuky.fi\/etusivu\/news\/turun-ky-hakee-talouspaallikkoa-6\/#article","isPartOf":{"@id":"https:\/\/www.tuky.fi\/etusivu\/news\/turun-ky-hakee-talouspaallikkoa-6\/"},"author":{"name":"admin","@id":"https:\/\/www.tuky.fi\/etusivu\/#\/schema\/person\/479eb0d4ef732e133e3a76f9b7659a39"},"headline":"Turun KY hakee talousp\u00e4\u00e4llikk\u00f6\u00e4","datePublished":"2021-03-09T07:00:00+00:00","mainEntityOfPage":{"@id":"https:\/\/www.tuky.fi\/etusivu\/news\/turun-ky-hakee-talouspaallikkoa-6\/"},"wordCount":299,"commentCount":0,"publisher":{"@id":"https:\/\/www.tuky.fi\/etusivu\/#organization"},"image":{"@id":"https:\/\/www.tuky.fi\/etusivu\/news\/turun-ky-hakee-talouspaallikkoa-6\/#primaryimage"},"thumbnailUrl":"http:\/\/www.tuky.fi\/wp-content\/uploads\/2021\/01\/tuky-hakee.jpg","articleSection":["news"],"inLanguage":"fi","potentialAction":[{"@type":"CommentAction","name":"Comment","target":["https:\/\/www.tuky.fi\/etusivu\/news\/turun-ky-hakee-talouspaallikkoa-6\/#respond"]}]},{"@type":"WebPage","@id":"https:\/\/www.tuky.fi\/etusivu\/news\/turun-ky-hakee-talouspaallikkoa-6\/","url":"https:\/\/www.tuky.fi\/etusivu\/news\/turun-ky-hakee-talouspaallikkoa-6\/","name":"Turun KY hakee talousp\u00e4\u00e4llikk\u00f6\u00e4 - Turun KY","isPartOf":{"@id":"https:\/\/www.tuky.fi\/etusivu\/#website"},"primaryImageOfPage":{"@id":"https:\/\/www.tuky.fi\/etusivu\/news\/turun-ky-hakee-talouspaallikkoa-6\/#primaryimage"},"image":{"@id":"https:\/\/www.tuky.fi\/etusivu\/news\/turun-ky-hakee-talouspaallikkoa-6\/#primaryimage"},"thumbnailUrl":"http:\/\/www.tuky.fi\/wp-content\/uploads\/2021\/01\/tuky-hakee.jpg","datePublished":"2021-03-09T07:00:00+00:00","breadcrumb":{"@id":"https:\/\/www.tuky.fi\/etusivu\/news\/turun-ky-hakee-talouspaallikkoa-6\/#breadcrumb"},"inLanguage":"fi","potentialAction":[{"@type":"ReadAction","target":["https:\/\/www.tuky.fi\/etusivu\/news\/turun-ky-hakee-talouspaallikkoa-6\/"]}]},{"@type":"ImageObject","inLanguage":"fi","@id":"https:\/\/www.tuky.fi\/etusivu\/news\/turun-ky-hakee-talouspaallikkoa-6\/#primaryimage","url":"http:\/\/www.tuky.fi\/wp-content\/uploads\/2021\/01\/tuky-hakee.jpg","contentUrl":"http:\/\/www.tuky.fi\/wp-content\/uploads\/2021\/01\/tuky-hakee.jpg"},{"@type":"BreadcrumbList","@id":"https:\/\/www.tuky.fi\/etusivu\/news\/turun-ky-hakee-talouspaallikkoa-6\/#breadcrumb","itemListElement":[{"@type":"ListItem","position":1,"name":"Etusivu","item":"https:\/\/www.tuky.fi\/etusivu\/"},{"@type":"ListItem","position":2,"name":"Turun KY hakee talousp\u00e4\u00e4llikk\u00f6\u00e4"}]},{"@type":"WebSite","@id":"https:\/\/www.tuky.fi\/etusivu\/#website","url":"https:\/\/www.tuky.fi\/etusivu\/","name":"Turun KY","description":"TuKY","publisher":{"@id":"https:\/\/www.tuky.fi\/etusivu\/#organization"},"alternateName":"TuKY","potentialAction":[{"@type":"SearchAction","target":{"@type":"EntryPoint","urlTemplate":"https:\/\/www.tuky.fi\/etusivu\/?s={search_term_string}"},"query-input":{"@type":"PropertyValueSpecification","valueRequired":true,"valueName":"search_term_string"}}],"inLanguage":"fi"},{"@type":"Organization","@id":"https:\/\/www.tuky.fi\/etusivu\/#organization","name":"Turun KY","alternateName":"TuKY","url":"https:\/\/www.tuky.fi\/etusivu\/","logo":{"@type":"ImageObject","inLanguage":"fi","@id":"https:\/\/www.tuky.fi\/etusivu\/#\/schema\/logo\/image\/","url":"https:\/\/www.tuky.fi\/wp-content\/uploads\/2024\/09\/TuKY-logo-kulta-1.png","contentUrl":"https:\/\/www.tuky.fi\/wp-content\/uploads\/2024\/09\/TuKY-logo-kulta-1.png","width":1080,"height":1080,"caption":"Turun KY"},"image":{"@id":"https:\/\/www.tuky.fi\/etusivu\/#\/schema\/logo\/image\/"},"sameAs":["https:\/\/instagram.com\/turunky","https:\/\/linkedin.com\/turunky"]},{"@type":"Person","@id":"https:\/\/www.tuky.fi\/etusivu\/#\/schema\/person\/479eb0d4ef732e133e3a76f9b7659a39","name":"admin","image":{"@type":"ImageObject","inLanguage":"fi","@id":"https:\/\/secure.gravatar.com\/avatar\/afbe741656101229147e16716fbedbcade65018caf8c467f89b9abae7aaffeea?s=96&d=mm&r=g","url":"https:\/\/secure.gravatar.com\/avatar\/afbe741656101229147e16716fbedbcade65018caf8c467f89b9abae7aaffeea?s=96&d=mm&r=g","contentUrl":"https:\/\/secure.gravatar.com\/avatar\/afbe741656101229147e16716fbedbcade65018caf8c467f89b9abae7aaffeea?s=96&d=mm&r=g","caption":"admin"},"url":"https:\/\/www.tuky.fi\/etusivu\/author\/admin\/"}]}},"lang":"fi","translations":{"fi":38414},"pll_sync_post":[],"_links":{"self":[{"href":"https:\/\/www.tuky.fi\/etusivu\/wp-json\/wp\/v2\/posts\/38414","targetHints":{"allow":["GET"]}}],"collection":[{"href":"https:\/\/www.tuky.fi\/etusivu\/wp-json\/wp\/v2\/posts"}],"about":[{"href":"https:\/\/www.tuky.fi\/etusivu\/wp-json\/wp\/v2\/types\/post"}],"author":[{"embeddable":true,"href":"https:\/\/www.tuky.fi\/etusivu\/wp-json\/wp\/v2\/users\/1"}],"replies":[{"embeddable":true,"href":"https:\/\/www.tuky.fi\/etusivu\/wp-json\/wp\/v2\/comments?post=38414"}],"version-history":[{"count":0,"href":"https:\/\/www.tuky.fi\/etusivu\/wp-json\/wp\/v2\/posts\/38414\/revisions"}],"wp:attachment":[{"href":"https:\/\/www.tuky.fi\/etusivu\/wp-json\/wp\/v2\/media?parent=38414"}],"wp:term":[{"taxonomy":"category","embeddable":true,"href":"https:\/\/www.tuky.fi\/etusivu\/wp-json\/wp\/v2\/categories?post=38414"},{"taxonomy":"post_tag","embeddable":true,"href":"https:\/\/www.tuky.fi\/etusivu\/wp-json\/wp\/v2\/tags?post=38414"}],"curies":[{"name":"wp","href":"https:\/\/api.w.org\/{rel}","templated":true}]}}