{"id":37428,"date":"2020-11-15T18:02:00","date_gmt":"2020-11-15T15:02:00","guid":{"rendered":"http:\/\/www.tuky.fi\/etusivu\/?p=37428"},"modified":"2020-11-15T18:02:02","modified_gmt":"2020-11-15T15:02:02","slug":"haku-cia-tukyn-hallitukseen-2021-on-nyt-avoinna","status":"publish","type":"post","link":"https:\/\/www.tuky.fi\/etusivu\/news\/haku-cia-tukyn-hallitukseen-2021-on-nyt-avoinna\/","title":{"rendered":"Haku CIA TuKYn hallitukseen 2021 on nyt avoinna!"},"content":{"rendered":"\n<p>CIA TuKY edist\u00e4\u00e4 Turun kauppakorkeakoulun opiskelijoiden kotikansainv\u00e4listymist\u00e4 sek\u00e4 kansainv\u00e4listen opiskelijoiden edunvalvontaa. CIA TuKYn toiminnan p\u00e4\u00e4paino on englanninkielisten tapahtumien tuotannossa, TuKYn englanninkielisen viestinn\u00e4n toteutuksessa sek\u00e4 vaihto- ja harjoittelumahdollisuuksista tiedottamisessa.&nbsp;<\/p>\n\n\n\n<p>Hallituslaisena p\u00e4\u00e4set ideoimaan ja toteuttamaan toimintaa, joka tuo yhteen tutkinto- sek\u00e4 vaihto-opiskelijat. Lis\u00e4ksi saat eturivin paikan keskustelussa Turun kauppakorkeakoulun vaihto-opiskelumahdollisuuksista. Jaostolaisena p\u00e4\u00e4set osaksi Turun KY:n toimintaa sek\u00e4 tutustumaan lukuisiin uusiin ihmisiin. <\/p>\n\n\n\n<div class=\"wp-block-image\"><figure class=\"alignright size-large is-resized\"><img loading=\"lazy\" decoding=\"async\" src=\"http:\/\/www.tuky.fi\/wp-content\/uploads\/2020\/11\/CIA-logo-PNG-1024x1024.png\" alt=\"\" class=\"wp-image-37429\" width=\"325\" height=\"325\"\/><\/figure><\/div>\n\n\n\n<p>Haku CIA TuKYn hallitukseen vuodelle 2021 on auki<strong> 16.-29.11.2020<\/strong>         (klo 23:59 asti).\u00a0<\/p>\n\n\n\n<p>Jaossa on seuraavat pestit:&nbsp;<\/p>\n\n\n\n<ul class=\"wp-block-list\"><li>Varapuheenjohtaja<\/li><li>Tiedottaja\/Art Director<\/li><li>Rahastonhoitaja<\/li><li>Yrityssuhdevastaava<\/li><li>Sihteeri\/Kehitysyhteisty\u00f6vastaava<\/li><li>Markkinointivastaava&nbsp;<\/li><\/ul>\n\n\n\n<p>Vuonna 2021 CIA TuKYn puheenjohtajana toimii Venla Monto.\u00a0<\/p>\n\n\n\n<p><\/p>\n\n\n\n<p>Hae hallitukseen l\u00e4hett\u00e4m\u00e4ll\u00e4 hakemuksesi sek\u00e4 kuvasi osoitteeseen <strong>international@tuky.fi<\/strong>. Hakemuksen tyyli ja muoto on vapaa, mutta pyyd\u00e4mme, ett\u00e4 vastaat hakemuksessasi ainakin alla oleviin kysymyksiin. Voit my\u00f6s halutessasi vastata osaan kysymyksist\u00e4 videolla tai l\u00e4hett\u00e4\u00e4 vapaamuotoisen videotervehdyksen hakemuksen lis\u00e4ksi.&nbsp;<\/p>\n\n\n\n<p><strong>Hakukysymykset:<\/strong><\/p>\n\n\n\n<p>1. Esittele itsesi ja persoonasi lyhyesti.<\/p>\n\n\n\n<p>2. Perustele, mitk\u00e4 pestit kiinnostavat sinua eniten ja miksi sopisit niihin? (top 2)<\/p>\n\n\n\n<p>3. Kerro <strong>englanniksi<\/strong>, kuinka edist\u00e4isit kansainv\u00e4lisyytt\u00e4 Turun kauppakorkeakoulussa.<\/p>\n\n\n\n<p>4. Vapaa sana. Voit esimerkiksi kertoa kokemuksistasi, mielenkiinnon kohteistasi yms.<\/p>\n\n\n\n<p>Haku on avoin kaikille Turun KY:n j\u00e4senille vuosikurssista riippumatta. Eduksi katsotaan motivoituneisuus sek\u00e4 relevantti kokemus kansainv\u00e4lisist\u00e4 asioista ja haettavista pesteist\u00e4.&nbsp;<\/p>\n\n\n\n<p>Kysymyksi\u00e4 CIA TuKYn toiminnasta tai hallitushausta voi esitt\u00e4\u00e4 s\u00e4hk\u00f6postilla osoitteeseen <a href=\"mailto:international@tuky.fi\">international@tuky.fi<\/a> tai CIA TuKYn sosiaalisessa mediassa. T\u00e4m\u00e4nhetkist\u00e4 hallitusta voit my\u00f6s jututtaa <a href=\"https:\/\/www.facebook.com\/events\/363872404840359\" target=\"_blank\" rel=\"noreferrer noopener\">L\u00e4ksyparkissa<\/a> 17.11. Klo 12-16 Parkilla. Pestiesittelyt l\u00f6yd\u00e4t Instagramistamme, <a href=\"https:\/\/www.instagram.com\/cia_tuky\/\" target=\"_blank\" rel=\"noreferrer noopener\">@cia_tuky<\/a>.<br><\/p>\n\n\n\n<p>Onnea hakuun!<\/p>\n","protected":false},"excerpt":{"rendered":"<p>CIA TuKY edist\u00e4\u00e4 Turun kauppakorkeakoulun opiskelijoiden kotikansainv\u00e4listymist\u00e4 sek\u00e4 kansainv\u00e4listen opiskelijoiden edunvalvontaa. CIA TuKYn toiminnan p\u00e4\u00e4paino on englanninkielisten tapahtumien tuotannossa, TuKYn englanninkielisen viestinn\u00e4n toteutuksessa sek\u00e4 vaihto- ja harjoittelumahdollisuuksista tiedottamisessa.&nbsp; Hallituslaisena p\u00e4\u00e4set [&hellip;]<\/p>\n","protected":false},"author":35,"featured_media":0,"comment_status":"open","ping_status":"open","sticky":false,"template":"","format":"standard","meta":{"_et_pb_use_builder":"off","_et_pb_old_content":"<!-- wp:paragraph -->\n<p>CIA TuKY edist\u00e4\u00e4 Turun kauppakorkeakoulun opiskelijoiden kotikansainv\u00e4listymist\u00e4 sek\u00e4 kansainv\u00e4listen opiskelijoiden edunvalvontaa. CIA TuKYn toiminnan p\u00e4\u00e4paino on englanninkielisten tapahtumien tuotannossa, TuKYn englanninkielisen viestinn\u00e4n toteutuksessa sek\u00e4 vaihto- ja harjoittelumahdollisuuksista tiedottamisessa.&nbsp;<\/p>\n<!-- \/wp:paragraph -->\n\n<!-- wp:paragraph -->\n<p>Hallituslaisena p\u00e4\u00e4set ideoimaan ja toteuttamaan toimintaa, joka tuo yhteen tutkinto- sek\u00e4 vaihto-opiskelijat. Lis\u00e4ksi saat eturivin paikan keskustelussa Turun kauppakorkeakoulun vaihto-opiskelumahdollisuuksista. Jaostolaisena p\u00e4\u00e4set osaksi Turun KY:n toimintaa sek\u00e4 tutustumaan lukuisiin uusiin ihmisiin. <\/p>\n<!-- \/wp:paragraph -->\n\n<!-- wp:paragraph -->\n<p>Haku CIA TuKYn hallitukseen vuodelle 2021 on auki<strong> 16.-29.11.2020<\/strong> (klo 23:59 asti).\u00a0<\/p>\n<!-- \/wp:paragraph -->\n\n<!-- wp:paragraph -->\n<p>Jaossa on seuraavat pestit:&nbsp;<\/p>\n<!-- \/wp:paragraph -->\n\n<!-- wp:image {\"align\":\"center\",\"id\":37429,\"width\":251,\"height\":251,\"sizeSlug\":\"large\"} -->\n<div class=\"wp-block-image\"><figure class=\"aligncenter size-large is-resized\"><img src=\"http:\/\/www.tuky.fi\/wp-content\/uploads\/2020\/11\/CIA-logo-PNG-1024x1024.png\" alt=\"\" class=\"wp-image-37429\" width=\"251\" height=\"251\"\/><\/figure><\/div>\n<!-- \/wp:image -->\n\n<!-- wp:list -->\n<ul><li>Varapuheenjohtaja<\/li><li>Tiedottaja\/Art Director<\/li><li>Rahastonhoitaja<\/li><li>Yrityssuhdevastaava<\/li><li>Sihteeri\/Kehitysyhteisty\u00f6vastaava<\/li><li>Markkinointivastaava&nbsp;<\/li><\/ul>\n<!-- \/wp:list -->\n\n<!-- wp:paragraph -->\n<p>Vuonna 2021 CIA TuKYn puheenjohtajana toimii Venla Monto.&nbsp;<\/p>\n<!-- \/wp:paragraph -->\n\n<!-- wp:paragraph -->\n<p>Hae hallitukseen l\u00e4hett\u00e4m\u00e4ll\u00e4 hakemuksesi sek\u00e4 kuvasi osoitteeseen <strong>international@tuky.fi<\/strong>. Hakemuksen tyyli ja muoto on vapaa, mutta pyyd\u00e4mme, ett\u00e4 vastaat hakemuksessasi ainakin alla oleviin kysymyksiin. Voit my\u00f6s halutessasi vastata osaan kysymyksist\u00e4 videolla tai l\u00e4hett\u00e4\u00e4 vapaamuotoisen videotervehdyksen hakemuksen lis\u00e4ksi.&nbsp;<\/p>\n<!-- \/wp:paragraph -->\n\n<!-- wp:paragraph -->\n<p><strong>Hakukysymykset:<\/strong><\/p>\n<!-- \/wp:paragraph -->\n\n<!-- wp:paragraph -->\n<p>1. Esittele itsesi ja persoonasi lyhyesti.<\/p>\n<!-- \/wp:paragraph -->\n\n<!-- wp:paragraph -->\n<p>2. Perustele, mitk\u00e4 pestit kiinnostavat sinua eniten ja miksi sopisit niihin? (top 2)<\/p>\n<!-- \/wp:paragraph -->\n\n<!-- wp:paragraph -->\n<p>3. Kerro <strong>englanniksi<\/strong>, kuinka edist\u00e4isit kansainv\u00e4lisyytt\u00e4 Turun kauppakorkeakoulussa.<\/p>\n<!-- \/wp:paragraph -->\n\n<!-- wp:paragraph -->\n<p>4. Vapaa sana. Voit esimerkiksi kertoa kokemuksistasi, mielenkiinnon kohteistasi yms.<\/p>\n<!-- \/wp:paragraph -->\n\n<!-- wp:paragraph -->\n<p>Haku on avoin kaikille Turun KY:n j\u00e4senille vuosikurssista riippumatta. Eduksi katsotaan motivoituneisuus sek\u00e4 relevantti kokemus kansainv\u00e4lisist\u00e4 asioista ja haettavista pesteist\u00e4.\u00a0<\/p>\n<!-- \/wp:paragraph -->\n\n<!-- wp:paragraph -->\n<p>Kysymyksi\u00e4 CIA TuKYn toiminnasta tai hallitushausta voi esitt\u00e4\u00e4 s\u00e4hk\u00f6postilla osoitteeseen <a href=\"mailto:international@tuky.fi\">international@tuky.fi<\/a> tai CIA TuKYn sosiaalisessa mediassa. T\u00e4m\u00e4nhetkist\u00e4 hallitusta voit my\u00f6s jututtaa L\u00e4ksyparkissa 17.11. Klo 12-16 Parkilla. Pestiesittelyt l\u00f6yd\u00e4t Instagramistamme, @cia_tuky.<br><\/p>\n<!-- \/wp:paragraph -->\n\n<!-- wp:paragraph -->\n<p>Onnea hakuun!<\/p>\n<!-- \/wp:paragraph -->","_et_gb_content_width":"","footnotes":""},"categories":[4],"tags":[],"class_list":["post-37428","post","type-post","status-publish","format-standard","hentry","category-news"],"yoast_head":"<!-- This site is optimized with the Yoast SEO plugin v27.2 - https:\/\/yoast.com\/product\/yoast-seo-wordpress\/ -->\n<title>Haku CIA TuKYn hallitukseen 2021 on nyt avoinna! - Turun KY<\/title>\n<meta name=\"robots\" content=\"index, follow, max-snippet:-1, max-image-preview:large, max-video-preview:-1\" \/>\n<link rel=\"canonical\" href=\"https:\/\/www.tuky.fi\/etusivu\/news\/haku-cia-tukyn-hallitukseen-2021-on-nyt-avoinna\/\" \/>\n<meta property=\"og:locale\" content=\"fi_FI\" \/>\n<meta property=\"og:type\" content=\"article\" \/>\n<meta property=\"og:title\" content=\"Haku CIA TuKYn hallitukseen 2021 on nyt avoinna! - Turun KY\" \/>\n<meta property=\"og:description\" content=\"CIA TuKY edist\u00e4\u00e4 Turun kauppakorkeakoulun opiskelijoiden kotikansainv\u00e4listymist\u00e4 sek\u00e4 kansainv\u00e4listen opiskelijoiden edunvalvontaa. CIA TuKYn toiminnan p\u00e4\u00e4paino on englanninkielisten tapahtumien tuotannossa, TuKYn englanninkielisen viestinn\u00e4n toteutuksessa sek\u00e4 vaihto- ja harjoittelumahdollisuuksista tiedottamisessa.&nbsp; Hallituslaisena p\u00e4\u00e4set [&hellip;]\" \/>\n<meta property=\"og:url\" content=\"https:\/\/www.tuky.fi\/etusivu\/news\/haku-cia-tukyn-hallitukseen-2021-on-nyt-avoinna\/\" \/>\n<meta property=\"og:site_name\" content=\"Turun KY\" \/>\n<meta property=\"article:published_time\" content=\"2020-11-15T15:02:00+00:00\" \/>\n<meta property=\"article:modified_time\" content=\"2020-11-15T15:02:02+00:00\" \/>\n<meta property=\"og:image\" content=\"http:\/\/www.tuky.fi\/wp-content\/uploads\/2020\/11\/CIA-logo-PNG-1024x1024.png\" \/>\n<meta name=\"author\" content=\"Kansainv\u00e4listen asioiden vastaava\" \/>\n<meta name=\"twitter:card\" content=\"summary_large_image\" \/>\n<meta name=\"twitter:label1\" content=\"Kirjoittanut\" \/>\n\t<meta name=\"twitter:data1\" content=\"Kansainv\u00e4listen asioiden vastaava\" \/>\n\t<meta name=\"twitter:label2\" content=\"Arvioitu lukuaika\" \/>\n\t<meta name=\"twitter:data2\" content=\"1 minuutti\" \/>\n<script type=\"application\/ld+json\" class=\"yoast-schema-graph\">{\"@context\":\"https:\/\/schema.org\",\"@graph\":[{\"@type\":\"Article\",\"@id\":\"https:\/\/www.tuky.fi\/etusivu\/news\/haku-cia-tukyn-hallitukseen-2021-on-nyt-avoinna\/#article\",\"isPartOf\":{\"@id\":\"https:\/\/www.tuky.fi\/etusivu\/news\/haku-cia-tukyn-hallitukseen-2021-on-nyt-avoinna\/\"},\"author\":{\"name\":\"Kansainv\u00e4listen asioiden vastaava\",\"@id\":\"https:\/\/www.tuky.fi\/etusivu\/#\/schema\/person\/ad66810283543bec50e01530f91f8056\"},\"headline\":\"Haku CIA TuKYn hallitukseen 2021 on nyt avoinna!\",\"datePublished\":\"2020-11-15T15:02:00+00:00\",\"dateModified\":\"2020-11-15T15:02:02+00:00\",\"mainEntityOfPage\":{\"@id\":\"https:\/\/www.tuky.fi\/etusivu\/news\/haku-cia-tukyn-hallitukseen-2021-on-nyt-avoinna\/\"},\"wordCount\":255,\"commentCount\":0,\"publisher\":{\"@id\":\"https:\/\/www.tuky.fi\/etusivu\/#organization\"},\"image\":{\"@id\":\"https:\/\/www.tuky.fi\/etusivu\/news\/haku-cia-tukyn-hallitukseen-2021-on-nyt-avoinna\/#primaryimage\"},\"thumbnailUrl\":\"http:\/\/www.tuky.fi\/wp-content\/uploads\/2020\/11\/CIA-logo-PNG-1024x1024.png\",\"articleSection\":[\"news\"],\"inLanguage\":\"fi\",\"potentialAction\":[{\"@type\":\"CommentAction\",\"name\":\"Comment\",\"target\":[\"https:\/\/www.tuky.fi\/etusivu\/news\/haku-cia-tukyn-hallitukseen-2021-on-nyt-avoinna\/#respond\"]}]},{\"@type\":\"WebPage\",\"@id\":\"https:\/\/www.tuky.fi\/etusivu\/news\/haku-cia-tukyn-hallitukseen-2021-on-nyt-avoinna\/\",\"url\":\"https:\/\/www.tuky.fi\/etusivu\/news\/haku-cia-tukyn-hallitukseen-2021-on-nyt-avoinna\/\",\"name\":\"Haku CIA TuKYn hallitukseen 2021 on nyt avoinna! - Turun KY\",\"isPartOf\":{\"@id\":\"https:\/\/www.tuky.fi\/etusivu\/#website\"},\"primaryImageOfPage\":{\"@id\":\"https:\/\/www.tuky.fi\/etusivu\/news\/haku-cia-tukyn-hallitukseen-2021-on-nyt-avoinna\/#primaryimage\"},\"image\":{\"@id\":\"https:\/\/www.tuky.fi\/etusivu\/news\/haku-cia-tukyn-hallitukseen-2021-on-nyt-avoinna\/#primaryimage\"},\"thumbnailUrl\":\"http:\/\/www.tuky.fi\/wp-content\/uploads\/2020\/11\/CIA-logo-PNG-1024x1024.png\",\"datePublished\":\"2020-11-15T15:02:00+00:00\",\"dateModified\":\"2020-11-15T15:02:02+00:00\",\"breadcrumb\":{\"@id\":\"https:\/\/www.tuky.fi\/etusivu\/news\/haku-cia-tukyn-hallitukseen-2021-on-nyt-avoinna\/#breadcrumb\"},\"inLanguage\":\"fi\",\"potentialAction\":[{\"@type\":\"ReadAction\",\"target\":[\"https:\/\/www.tuky.fi\/etusivu\/news\/haku-cia-tukyn-hallitukseen-2021-on-nyt-avoinna\/\"]}]},{\"@type\":\"ImageObject\",\"inLanguage\":\"fi\",\"@id\":\"https:\/\/www.tuky.fi\/etusivu\/news\/haku-cia-tukyn-hallitukseen-2021-on-nyt-avoinna\/#primaryimage\",\"url\":\"http:\/\/www.tuky.fi\/wp-content\/uploads\/2020\/11\/CIA-logo-PNG-1024x1024.png\",\"contentUrl\":\"http:\/\/www.tuky.fi\/wp-content\/uploads\/2020\/11\/CIA-logo-PNG-1024x1024.png\"},{\"@type\":\"BreadcrumbList\",\"@id\":\"https:\/\/www.tuky.fi\/etusivu\/news\/haku-cia-tukyn-hallitukseen-2021-on-nyt-avoinna\/#breadcrumb\",\"itemListElement\":[{\"@type\":\"ListItem\",\"position\":1,\"name\":\"Etusivu\",\"item\":\"https:\/\/www.tuky.fi\/etusivu\/\"},{\"@type\":\"ListItem\",\"position\":2,\"name\":\"Haku CIA TuKYn hallitukseen 2021 on nyt avoinna!\"}]},{\"@type\":\"WebSite\",\"@id\":\"https:\/\/www.tuky.fi\/etusivu\/#website\",\"url\":\"https:\/\/www.tuky.fi\/etusivu\/\",\"name\":\"Turun KY\",\"description\":\"TuKY\",\"publisher\":{\"@id\":\"https:\/\/www.tuky.fi\/etusivu\/#organization\"},\"alternateName\":\"TuKY\",\"potentialAction\":[{\"@type\":\"SearchAction\",\"target\":{\"@type\":\"EntryPoint\",\"urlTemplate\":\"https:\/\/www.tuky.fi\/etusivu\/?s={search_term_string}\"},\"query-input\":{\"@type\":\"PropertyValueSpecification\",\"valueRequired\":true,\"valueName\":\"search_term_string\"}}],\"inLanguage\":\"fi\"},{\"@type\":\"Organization\",\"@id\":\"https:\/\/www.tuky.fi\/etusivu\/#organization\",\"name\":\"Turun KY\",\"alternateName\":\"TuKY\",\"url\":\"https:\/\/www.tuky.fi\/etusivu\/\",\"logo\":{\"@type\":\"ImageObject\",\"inLanguage\":\"fi\",\"@id\":\"https:\/\/www.tuky.fi\/etusivu\/#\/schema\/logo\/image\/\",\"url\":\"https:\/\/www.tuky.fi\/wp-content\/uploads\/2024\/09\/TuKY-logo-kulta-1.png\",\"contentUrl\":\"https:\/\/www.tuky.fi\/wp-content\/uploads\/2024\/09\/TuKY-logo-kulta-1.png\",\"width\":1080,\"height\":1080,\"caption\":\"Turun KY\"},\"image\":{\"@id\":\"https:\/\/www.tuky.fi\/etusivu\/#\/schema\/logo\/image\/\"},\"sameAs\":[\"https:\/\/instagram.com\/turunky\",\"https:\/\/linkedin.com\/turunky\"]},{\"@type\":\"Person\",\"@id\":\"https:\/\/www.tuky.fi\/etusivu\/#\/schema\/person\/ad66810283543bec50e01530f91f8056\",\"name\":\"Kansainv\u00e4listen asioiden vastaava\",\"image\":{\"@type\":\"ImageObject\",\"inLanguage\":\"fi\",\"@id\":\"https:\/\/secure.gravatar.com\/avatar\/957bd9139651d7a33d9acec59778f7aa92cc74a1dc73685ccb07c0697e88a48b?s=96&d=mm&r=g\",\"url\":\"https:\/\/secure.gravatar.com\/avatar\/957bd9139651d7a33d9acec59778f7aa92cc74a1dc73685ccb07c0697e88a48b?s=96&d=mm&r=g\",\"contentUrl\":\"https:\/\/secure.gravatar.com\/avatar\/957bd9139651d7a33d9acec59778f7aa92cc74a1dc73685ccb07c0697e88a48b?s=96&d=mm&r=g\",\"caption\":\"Kansainv\u00e4listen asioiden vastaava\"},\"url\":\"https:\/\/www.tuky.fi\/etusivu\/author\/ky-kv\/\"}]}<\/script>\n<!-- \/ Yoast SEO plugin. -->","yoast_head_json":{"title":"Haku CIA TuKYn hallitukseen 2021 on nyt avoinna! - Turun KY","robots":{"index":"index","follow":"follow","max-snippet":"max-snippet:-1","max-image-preview":"max-image-preview:large","max-video-preview":"max-video-preview:-1"},"canonical":"https:\/\/www.tuky.fi\/etusivu\/news\/haku-cia-tukyn-hallitukseen-2021-on-nyt-avoinna\/","og_locale":"fi_FI","og_type":"article","og_title":"Haku CIA TuKYn hallitukseen 2021 on nyt avoinna! - Turun KY","og_description":"CIA TuKY edist\u00e4\u00e4 Turun kauppakorkeakoulun opiskelijoiden kotikansainv\u00e4listymist\u00e4 sek\u00e4 kansainv\u00e4listen opiskelijoiden edunvalvontaa. CIA TuKYn toiminnan p\u00e4\u00e4paino on englanninkielisten tapahtumien tuotannossa, TuKYn englanninkielisen viestinn\u00e4n toteutuksessa sek\u00e4 vaihto- ja harjoittelumahdollisuuksista tiedottamisessa.&nbsp; Hallituslaisena p\u00e4\u00e4set [&hellip;]","og_url":"https:\/\/www.tuky.fi\/etusivu\/news\/haku-cia-tukyn-hallitukseen-2021-on-nyt-avoinna\/","og_site_name":"Turun KY","article_published_time":"2020-11-15T15:02:00+00:00","article_modified_time":"2020-11-15T15:02:02+00:00","og_image":[{"url":"http:\/\/www.tuky.fi\/wp-content\/uploads\/2020\/11\/CIA-logo-PNG-1024x1024.png","type":"","width":"","height":""}],"author":"Kansainv\u00e4listen asioiden vastaava","twitter_card":"summary_large_image","twitter_misc":{"Kirjoittanut":"Kansainv\u00e4listen asioiden vastaava","Arvioitu lukuaika":"1 minuutti"},"schema":{"@context":"https:\/\/schema.org","@graph":[{"@type":"Article","@id":"https:\/\/www.tuky.fi\/etusivu\/news\/haku-cia-tukyn-hallitukseen-2021-on-nyt-avoinna\/#article","isPartOf":{"@id":"https:\/\/www.tuky.fi\/etusivu\/news\/haku-cia-tukyn-hallitukseen-2021-on-nyt-avoinna\/"},"author":{"name":"Kansainv\u00e4listen asioiden vastaava","@id":"https:\/\/www.tuky.fi\/etusivu\/#\/schema\/person\/ad66810283543bec50e01530f91f8056"},"headline":"Haku CIA TuKYn hallitukseen 2021 on nyt avoinna!","datePublished":"2020-11-15T15:02:00+00:00","dateModified":"2020-11-15T15:02:02+00:00","mainEntityOfPage":{"@id":"https:\/\/www.tuky.fi\/etusivu\/news\/haku-cia-tukyn-hallitukseen-2021-on-nyt-avoinna\/"},"wordCount":255,"commentCount":0,"publisher":{"@id":"https:\/\/www.tuky.fi\/etusivu\/#organization"},"image":{"@id":"https:\/\/www.tuky.fi\/etusivu\/news\/haku-cia-tukyn-hallitukseen-2021-on-nyt-avoinna\/#primaryimage"},"thumbnailUrl":"http:\/\/www.tuky.fi\/wp-content\/uploads\/2020\/11\/CIA-logo-PNG-1024x1024.png","articleSection":["news"],"inLanguage":"fi","potentialAction":[{"@type":"CommentAction","name":"Comment","target":["https:\/\/www.tuky.fi\/etusivu\/news\/haku-cia-tukyn-hallitukseen-2021-on-nyt-avoinna\/#respond"]}]},{"@type":"WebPage","@id":"https:\/\/www.tuky.fi\/etusivu\/news\/haku-cia-tukyn-hallitukseen-2021-on-nyt-avoinna\/","url":"https:\/\/www.tuky.fi\/etusivu\/news\/haku-cia-tukyn-hallitukseen-2021-on-nyt-avoinna\/","name":"Haku CIA TuKYn hallitukseen 2021 on nyt avoinna! - Turun KY","isPartOf":{"@id":"https:\/\/www.tuky.fi\/etusivu\/#website"},"primaryImageOfPage":{"@id":"https:\/\/www.tuky.fi\/etusivu\/news\/haku-cia-tukyn-hallitukseen-2021-on-nyt-avoinna\/#primaryimage"},"image":{"@id":"https:\/\/www.tuky.fi\/etusivu\/news\/haku-cia-tukyn-hallitukseen-2021-on-nyt-avoinna\/#primaryimage"},"thumbnailUrl":"http:\/\/www.tuky.fi\/wp-content\/uploads\/2020\/11\/CIA-logo-PNG-1024x1024.png","datePublished":"2020-11-15T15:02:00+00:00","dateModified":"2020-11-15T15:02:02+00:00","breadcrumb":{"@id":"https:\/\/www.tuky.fi\/etusivu\/news\/haku-cia-tukyn-hallitukseen-2021-on-nyt-avoinna\/#breadcrumb"},"inLanguage":"fi","potentialAction":[{"@type":"ReadAction","target":["https:\/\/www.tuky.fi\/etusivu\/news\/haku-cia-tukyn-hallitukseen-2021-on-nyt-avoinna\/"]}]},{"@type":"ImageObject","inLanguage":"fi","@id":"https:\/\/www.tuky.fi\/etusivu\/news\/haku-cia-tukyn-hallitukseen-2021-on-nyt-avoinna\/#primaryimage","url":"http:\/\/www.tuky.fi\/wp-content\/uploads\/2020\/11\/CIA-logo-PNG-1024x1024.png","contentUrl":"http:\/\/www.tuky.fi\/wp-content\/uploads\/2020\/11\/CIA-logo-PNG-1024x1024.png"},{"@type":"BreadcrumbList","@id":"https:\/\/www.tuky.fi\/etusivu\/news\/haku-cia-tukyn-hallitukseen-2021-on-nyt-avoinna\/#breadcrumb","itemListElement":[{"@type":"ListItem","position":1,"name":"Etusivu","item":"https:\/\/www.tuky.fi\/etusivu\/"},{"@type":"ListItem","position":2,"name":"Haku CIA TuKYn hallitukseen 2021 on nyt avoinna!"}]},{"@type":"WebSite","@id":"https:\/\/www.tuky.fi\/etusivu\/#website","url":"https:\/\/www.tuky.fi\/etusivu\/","name":"Turun KY","description":"TuKY","publisher":{"@id":"https:\/\/www.tuky.fi\/etusivu\/#organization"},"alternateName":"TuKY","potentialAction":[{"@type":"SearchAction","target":{"@type":"EntryPoint","urlTemplate":"https:\/\/www.tuky.fi\/etusivu\/?s={search_term_string}"},"query-input":{"@type":"PropertyValueSpecification","valueRequired":true,"valueName":"search_term_string"}}],"inLanguage":"fi"},{"@type":"Organization","@id":"https:\/\/www.tuky.fi\/etusivu\/#organization","name":"Turun KY","alternateName":"TuKY","url":"https:\/\/www.tuky.fi\/etusivu\/","logo":{"@type":"ImageObject","inLanguage":"fi","@id":"https:\/\/www.tuky.fi\/etusivu\/#\/schema\/logo\/image\/","url":"https:\/\/www.tuky.fi\/wp-content\/uploads\/2024\/09\/TuKY-logo-kulta-1.png","contentUrl":"https:\/\/www.tuky.fi\/wp-content\/uploads\/2024\/09\/TuKY-logo-kulta-1.png","width":1080,"height":1080,"caption":"Turun KY"},"image":{"@id":"https:\/\/www.tuky.fi\/etusivu\/#\/schema\/logo\/image\/"},"sameAs":["https:\/\/instagram.com\/turunky","https:\/\/linkedin.com\/turunky"]},{"@type":"Person","@id":"https:\/\/www.tuky.fi\/etusivu\/#\/schema\/person\/ad66810283543bec50e01530f91f8056","name":"Kansainv\u00e4listen asioiden vastaava","image":{"@type":"ImageObject","inLanguage":"fi","@id":"https:\/\/secure.gravatar.com\/avatar\/957bd9139651d7a33d9acec59778f7aa92cc74a1dc73685ccb07c0697e88a48b?s=96&d=mm&r=g","url":"https:\/\/secure.gravatar.com\/avatar\/957bd9139651d7a33d9acec59778f7aa92cc74a1dc73685ccb07c0697e88a48b?s=96&d=mm&r=g","contentUrl":"https:\/\/secure.gravatar.com\/avatar\/957bd9139651d7a33d9acec59778f7aa92cc74a1dc73685ccb07c0697e88a48b?s=96&d=mm&r=g","caption":"Kansainv\u00e4listen asioiden vastaava"},"url":"https:\/\/www.tuky.fi\/etusivu\/author\/ky-kv\/"}]}},"lang":"fi","translations":{"fi":37428},"pll_sync_post":[],"_links":{"self":[{"href":"https:\/\/www.tuky.fi\/etusivu\/wp-json\/wp\/v2\/posts\/37428","targetHints":{"allow":["GET"]}}],"collection":[{"href":"https:\/\/www.tuky.fi\/etusivu\/wp-json\/wp\/v2\/posts"}],"about":[{"href":"https:\/\/www.tuky.fi\/etusivu\/wp-json\/wp\/v2\/types\/post"}],"author":[{"embeddable":true,"href":"https:\/\/www.tuky.fi\/etusivu\/wp-json\/wp\/v2\/users\/35"}],"replies":[{"embeddable":true,"href":"https:\/\/www.tuky.fi\/etusivu\/wp-json\/wp\/v2\/comments?post=37428"}],"version-history":[{"count":0,"href":"https:\/\/www.tuky.fi\/etusivu\/wp-json\/wp\/v2\/posts\/37428\/revisions"}],"wp:attachment":[{"href":"https:\/\/www.tuky.fi\/etusivu\/wp-json\/wp\/v2\/media?parent=37428"}],"wp:term":[{"taxonomy":"category","embeddable":true,"href":"https:\/\/www.tuky.fi\/etusivu\/wp-json\/wp\/v2\/categories?post=37428"},{"taxonomy":"post_tag","embeddable":true,"href":"https:\/\/www.tuky.fi\/etusivu\/wp-json\/wp\/v2\/tags?post=37428"}],"curies":[{"name":"wp","href":"https:\/\/api.w.org\/{rel}","templated":true}]}}