{"id":36846,"date":"2020-10-08T06:00:00","date_gmt":"2020-10-08T03:00:00","guid":{"rendered":"http:\/\/www.tuky.fi\/etusivu\/?p=36846"},"modified":"2020-10-06T14:21:42","modified_gmt":"2020-10-06T11:21:42","slug":"vapputuottajan-haku-auki","status":"publish","type":"post","link":"https:\/\/www.tuky.fi\/etusivu\/news\/vapputuottajan-haku-auki\/","title":{"rendered":"Vapputuottajan haku auki"},"content":{"rendered":"\n<p>Oletko Kuntalaisbailujen tanssilattian partaveitsi? Huutavatko MayDay Mayhemin kieputukset nime\u00e4si? Eiko vapu ole p\u00e4\u00e4ssyt osaltasi viel\u00e4 loppumaan tai edes alkamaan? Olisiko <em>sinusta <\/em>vuoden 2021 Vapputuottajaksi isolla V:ll\u00e4?<\/p>\n\n\n\n<p>Turun KY etsii nyt Vapputuottajaa tai -tuottajaparia vuodelle 2021. <strong>Tuottajan\/tuottajaparin t\u00e4rkeimpin\u00e4 teht\u00e4vin\u00e4 on vappukauden organisointi ja koordinointi sek\u00e4 vapputiimin johtaminen.<\/strong> Yhdess\u00e4 Vapputiimin kanssa tuottaja(t) suunnittelee vapun visuaalista ilmett\u00e4, rakentaa nettisivut viestint\u00e4vastaavan kanssa sek\u00e4 ennen kaikkea mahdollistaa jaostojen j\u00e4rjest\u00e4mien tapahtumien kautta unohtumattoman vapun kuntalaisille. Teht\u00e4v\u00e4 on pitk\u00e4lti eri toimijoiden koordinointia ja suurin osa teht\u00e4vist\u00e4 sijoittuu ajalle ennen vapputapahtumien alkua. Teht\u00e4v\u00e4st\u00e4 saat kokemusta yli sadan aktiivin j\u00e4rjest\u00e4mien tapahtumien organisoinnista, yli tuhansien osallistujien tapahtumien j\u00e4rjest\u00e4misest\u00e4 ja Suomen parhaimman vapputapahtumasarjan markkinoinnin ja toteutuksen suunnittelusta. Vapputuottajana p\u00e4\u00e4set kartuttamaan esimiestaitojasi ja kokemaan jokaisen vapputapahtuman!<\/p>\n\n\n\n<p>Oletko vastuullinen, tehokas ja idearikas persoona, joka nauttii yhteisty\u00f6st\u00e4? <strong>L\u00e4het\u00e4th\u00e4n vapaamuotoisen hakemuksesi viimeist\u00e4\u00e4n torstaina 22.10.2020 klo 23.59 osoitteeseen varapuheenjohtaja@tuky.fi. <\/strong>Kerrothan hakemuksessasi ideoita vappuun tai kehitysideoita, mik\u00e4li sinulla on jo vappurientoja alla. Teht\u00e4v\u00e4 ei vaadi laajaa kokemusta Turun KY:n toiminnasta, vaan t\u00e4rkeint\u00e4 tuottajan valinnassa on innostus ja ideat Turun KY:n vapun tuottamista kohtaan. Aikaisempi kokemus tapahtumien j\u00e4rjest\u00e4misest\u00e4 ja toiminta Turun KY:ss\u00e4 voidaan katsoa eduksi. Hakea voi joko yksin tai parin kanssa.<\/p>\n\n\n\n<p>Lis\u00e4tietoja teht\u00e4v\u00e4st\u00e4 voit kysy\u00e4 allekirjoittaneelta (varapuheenjohtaja@tuky.fi). Aikaisempien vuosien vappuvideoita p\u00e4\u00e4set fiilistelem\u00e4\u00e4n esimerkiksi <a href=\"https:\/\/www.youtube.com\/watch?v=3hgO2oa8VP0&amp;feature=youtu.be\">t\u00e4\u00e4lt\u00e4<\/a> ja <a href=\"https:\/\/www.youtube.com\/watch?v=WUzuHxVf1Zs\">t\u00e4\u00e4lt\u00e4\u200b<\/a>.<\/p>\n\n\n\n<p>Hae rohkeasti mukaan varmistamaan ett\u00e4 Vappu tulee ensi vuonna!<\/p>\n\n\n\n<p>#vapueilopu<\/p>\n\n\n\n<p>Vappua jo hartaasti odottaen,&nbsp;<br>Joona Haapalainen<br>Turun KY:n varapuheenjohtaja<\/p>\n","protected":false},"excerpt":{"rendered":"<p>Oletko Kuntalaisbailujen tanssilattian partaveitsi? Huutavatko MayDay Mayhemin kieputukset nime\u00e4si? Eiko vapu ole p\u00e4\u00e4ssyt osaltasi viel\u00e4 loppumaan tai edes alkamaan? Olisiko sinusta vuoden 2021 Vapputuottajaksi isolla V:ll\u00e4? Turun KY etsii nyt [&hellip;]<\/p>\n","protected":false},"author":19,"featured_media":33191,"comment_status":"open","ping_status":"open","sticky":false,"template":"","format":"standard","meta":{"_et_pb_use_builder":"off","_et_pb_old_content":"","_et_gb_content_width":"","footnotes":""},"categories":[4],"tags":[],"class_list":["post-36846","post","type-post","status-publish","format-standard","has-post-thumbnail","hentry","category-news"],"yoast_head":"<!-- This site is optimized with the Yoast SEO plugin v27.2 - https:\/\/yoast.com\/product\/yoast-seo-wordpress\/ -->\n<title>Vapputuottajan haku auki - Turun KY<\/title>\n<meta name=\"robots\" content=\"index, follow, max-snippet:-1, max-image-preview:large, max-video-preview:-1\" \/>\n<link rel=\"canonical\" href=\"https:\/\/www.tuky.fi\/etusivu\/news\/vapputuottajan-haku-auki\/\" \/>\n<meta property=\"og:locale\" content=\"fi_FI\" \/>\n<meta property=\"og:type\" content=\"article\" \/>\n<meta property=\"og:title\" content=\"Vapputuottajan haku auki - Turun KY\" \/>\n<meta property=\"og:description\" content=\"Oletko Kuntalaisbailujen tanssilattian partaveitsi? Huutavatko MayDay Mayhemin kieputukset nime\u00e4si? Eiko vapu ole p\u00e4\u00e4ssyt osaltasi viel\u00e4 loppumaan tai edes alkamaan? Olisiko sinusta vuoden 2021 Vapputuottajaksi isolla V:ll\u00e4? Turun KY etsii nyt [&hellip;]\" \/>\n<meta property=\"og:url\" content=\"https:\/\/www.tuky.fi\/etusivu\/news\/vapputuottajan-haku-auki\/\" \/>\n<meta property=\"og:site_name\" content=\"Turun KY\" \/>\n<meta property=\"article:published_time\" content=\"2020-10-08T03:00:00+00:00\" \/>\n<meta property=\"og:image\" content=\"https:\/\/www.tuky.fi\/wp-content\/uploads\/2019\/09\/perempiTuKY-hakee-1.png\" \/>\n\t<meta property=\"og:image:width\" content=\"590\" \/>\n\t<meta property=\"og:image:height\" content=\"93\" \/>\n\t<meta property=\"og:image:type\" content=\"image\/png\" \/>\n<meta name=\"author\" content=\"Hallituksen varapuheenjohtaja\" \/>\n<meta name=\"twitter:card\" content=\"summary_large_image\" \/>\n<meta name=\"twitter:label1\" content=\"Kirjoittanut\" \/>\n\t<meta name=\"twitter:data1\" content=\"Hallituksen varapuheenjohtaja\" \/>\n\t<meta name=\"twitter:label2\" content=\"Arvioitu lukuaika\" \/>\n\t<meta name=\"twitter:data2\" content=\"1 minuutti\" \/>\n<script type=\"application\/ld+json\" class=\"yoast-schema-graph\">{\"@context\":\"https:\/\/schema.org\",\"@graph\":[{\"@type\":\"Article\",\"@id\":\"https:\/\/www.tuky.fi\/etusivu\/news\/vapputuottajan-haku-auki\/#article\",\"isPartOf\":{\"@id\":\"https:\/\/www.tuky.fi\/etusivu\/news\/vapputuottajan-haku-auki\/\"},\"author\":{\"name\":\"Hallituksen varapuheenjohtaja\",\"@id\":\"https:\/\/www.tuky.fi\/etusivu\/#\/schema\/person\/3be6d98d6792157b46f32757bc9712ce\"},\"headline\":\"Vapputuottajan haku auki\",\"datePublished\":\"2020-10-08T03:00:00+00:00\",\"mainEntityOfPage\":{\"@id\":\"https:\/\/www.tuky.fi\/etusivu\/news\/vapputuottajan-haku-auki\/\"},\"wordCount\":262,\"commentCount\":0,\"publisher\":{\"@id\":\"https:\/\/www.tuky.fi\/etusivu\/#organization\"},\"image\":{\"@id\":\"https:\/\/www.tuky.fi\/etusivu\/news\/vapputuottajan-haku-auki\/#primaryimage\"},\"thumbnailUrl\":\"https:\/\/www.tuky.fi\/wp-content\/uploads\/2019\/09\/perempiTuKY-hakee-1.png\",\"articleSection\":[\"news\"],\"inLanguage\":\"fi\",\"potentialAction\":[{\"@type\":\"CommentAction\",\"name\":\"Comment\",\"target\":[\"https:\/\/www.tuky.fi\/etusivu\/news\/vapputuottajan-haku-auki\/#respond\"]}]},{\"@type\":\"WebPage\",\"@id\":\"https:\/\/www.tuky.fi\/etusivu\/news\/vapputuottajan-haku-auki\/\",\"url\":\"https:\/\/www.tuky.fi\/etusivu\/news\/vapputuottajan-haku-auki\/\",\"name\":\"Vapputuottajan haku auki - Turun KY\",\"isPartOf\":{\"@id\":\"https:\/\/www.tuky.fi\/etusivu\/#website\"},\"primaryImageOfPage\":{\"@id\":\"https:\/\/www.tuky.fi\/etusivu\/news\/vapputuottajan-haku-auki\/#primaryimage\"},\"image\":{\"@id\":\"https:\/\/www.tuky.fi\/etusivu\/news\/vapputuottajan-haku-auki\/#primaryimage\"},\"thumbnailUrl\":\"https:\/\/www.tuky.fi\/wp-content\/uploads\/2019\/09\/perempiTuKY-hakee-1.png\",\"datePublished\":\"2020-10-08T03:00:00+00:00\",\"breadcrumb\":{\"@id\":\"https:\/\/www.tuky.fi\/etusivu\/news\/vapputuottajan-haku-auki\/#breadcrumb\"},\"inLanguage\":\"fi\",\"potentialAction\":[{\"@type\":\"ReadAction\",\"target\":[\"https:\/\/www.tuky.fi\/etusivu\/news\/vapputuottajan-haku-auki\/\"]}]},{\"@type\":\"ImageObject\",\"inLanguage\":\"fi\",\"@id\":\"https:\/\/www.tuky.fi\/etusivu\/news\/vapputuottajan-haku-auki\/#primaryimage\",\"url\":\"https:\/\/www.tuky.fi\/wp-content\/uploads\/2019\/09\/perempiTuKY-hakee-1.png\",\"contentUrl\":\"https:\/\/www.tuky.fi\/wp-content\/uploads\/2019\/09\/perempiTuKY-hakee-1.png\",\"width\":590,\"height\":93},{\"@type\":\"BreadcrumbList\",\"@id\":\"https:\/\/www.tuky.fi\/etusivu\/news\/vapputuottajan-haku-auki\/#breadcrumb\",\"itemListElement\":[{\"@type\":\"ListItem\",\"position\":1,\"name\":\"Etusivu\",\"item\":\"https:\/\/www.tuky.fi\/etusivu\/\"},{\"@type\":\"ListItem\",\"position\":2,\"name\":\"Vapputuottajan haku auki\"}]},{\"@type\":\"WebSite\",\"@id\":\"https:\/\/www.tuky.fi\/etusivu\/#website\",\"url\":\"https:\/\/www.tuky.fi\/etusivu\/\",\"name\":\"Turun KY\",\"description\":\"TuKY\",\"publisher\":{\"@id\":\"https:\/\/www.tuky.fi\/etusivu\/#organization\"},\"alternateName\":\"TuKY\",\"potentialAction\":[{\"@type\":\"SearchAction\",\"target\":{\"@type\":\"EntryPoint\",\"urlTemplate\":\"https:\/\/www.tuky.fi\/etusivu\/?s={search_term_string}\"},\"query-input\":{\"@type\":\"PropertyValueSpecification\",\"valueRequired\":true,\"valueName\":\"search_term_string\"}}],\"inLanguage\":\"fi\"},{\"@type\":\"Organization\",\"@id\":\"https:\/\/www.tuky.fi\/etusivu\/#organization\",\"name\":\"Turun KY\",\"alternateName\":\"TuKY\",\"url\":\"https:\/\/www.tuky.fi\/etusivu\/\",\"logo\":{\"@type\":\"ImageObject\",\"inLanguage\":\"fi\",\"@id\":\"https:\/\/www.tuky.fi\/etusivu\/#\/schema\/logo\/image\/\",\"url\":\"https:\/\/www.tuky.fi\/wp-content\/uploads\/2024\/09\/TuKY-logo-kulta-1.png\",\"contentUrl\":\"https:\/\/www.tuky.fi\/wp-content\/uploads\/2024\/09\/TuKY-logo-kulta-1.png\",\"width\":1080,\"height\":1080,\"caption\":\"Turun KY\"},\"image\":{\"@id\":\"https:\/\/www.tuky.fi\/etusivu\/#\/schema\/logo\/image\/\"},\"sameAs\":[\"https:\/\/instagram.com\/turunky\",\"https:\/\/linkedin.com\/turunky\"]},{\"@type\":\"Person\",\"@id\":\"https:\/\/www.tuky.fi\/etusivu\/#\/schema\/person\/3be6d98d6792157b46f32757bc9712ce\",\"name\":\"Hallituksen varapuheenjohtaja\",\"image\":{\"@type\":\"ImageObject\",\"inLanguage\":\"fi\",\"@id\":\"https:\/\/secure.gravatar.com\/avatar\/498c43e46c608fbabac5e893f3405adf1d9d4423a5135f21b1a9ade7f0580409?s=96&d=mm&r=g\",\"url\":\"https:\/\/secure.gravatar.com\/avatar\/498c43e46c608fbabac5e893f3405adf1d9d4423a5135f21b1a9ade7f0580409?s=96&d=mm&r=g\",\"contentUrl\":\"https:\/\/secure.gravatar.com\/avatar\/498c43e46c608fbabac5e893f3405adf1d9d4423a5135f21b1a9ade7f0580409?s=96&d=mm&r=g\",\"caption\":\"Hallituksen varapuheenjohtaja\"},\"url\":\"https:\/\/www.tuky.fi\/etusivu\/author\/ky-hallitus-vpj\/\"}]}<\/script>\n<!-- \/ Yoast SEO plugin. -->","yoast_head_json":{"title":"Vapputuottajan haku auki - Turun KY","robots":{"index":"index","follow":"follow","max-snippet":"max-snippet:-1","max-image-preview":"max-image-preview:large","max-video-preview":"max-video-preview:-1"},"canonical":"https:\/\/www.tuky.fi\/etusivu\/news\/vapputuottajan-haku-auki\/","og_locale":"fi_FI","og_type":"article","og_title":"Vapputuottajan haku auki - Turun KY","og_description":"Oletko Kuntalaisbailujen tanssilattian partaveitsi? Huutavatko MayDay Mayhemin kieputukset nime\u00e4si? Eiko vapu ole p\u00e4\u00e4ssyt osaltasi viel\u00e4 loppumaan tai edes alkamaan? Olisiko sinusta vuoden 2021 Vapputuottajaksi isolla V:ll\u00e4? Turun KY etsii nyt [&hellip;]","og_url":"https:\/\/www.tuky.fi\/etusivu\/news\/vapputuottajan-haku-auki\/","og_site_name":"Turun KY","article_published_time":"2020-10-08T03:00:00+00:00","og_image":[{"width":590,"height":93,"url":"https:\/\/www.tuky.fi\/wp-content\/uploads\/2019\/09\/perempiTuKY-hakee-1.png","type":"image\/png"}],"author":"Hallituksen varapuheenjohtaja","twitter_card":"summary_large_image","twitter_misc":{"Kirjoittanut":"Hallituksen varapuheenjohtaja","Arvioitu lukuaika":"1 minuutti"},"schema":{"@context":"https:\/\/schema.org","@graph":[{"@type":"Article","@id":"https:\/\/www.tuky.fi\/etusivu\/news\/vapputuottajan-haku-auki\/#article","isPartOf":{"@id":"https:\/\/www.tuky.fi\/etusivu\/news\/vapputuottajan-haku-auki\/"},"author":{"name":"Hallituksen varapuheenjohtaja","@id":"https:\/\/www.tuky.fi\/etusivu\/#\/schema\/person\/3be6d98d6792157b46f32757bc9712ce"},"headline":"Vapputuottajan haku auki","datePublished":"2020-10-08T03:00:00+00:00","mainEntityOfPage":{"@id":"https:\/\/www.tuky.fi\/etusivu\/news\/vapputuottajan-haku-auki\/"},"wordCount":262,"commentCount":0,"publisher":{"@id":"https:\/\/www.tuky.fi\/etusivu\/#organization"},"image":{"@id":"https:\/\/www.tuky.fi\/etusivu\/news\/vapputuottajan-haku-auki\/#primaryimage"},"thumbnailUrl":"https:\/\/www.tuky.fi\/wp-content\/uploads\/2019\/09\/perempiTuKY-hakee-1.png","articleSection":["news"],"inLanguage":"fi","potentialAction":[{"@type":"CommentAction","name":"Comment","target":["https:\/\/www.tuky.fi\/etusivu\/news\/vapputuottajan-haku-auki\/#respond"]}]},{"@type":"WebPage","@id":"https:\/\/www.tuky.fi\/etusivu\/news\/vapputuottajan-haku-auki\/","url":"https:\/\/www.tuky.fi\/etusivu\/news\/vapputuottajan-haku-auki\/","name":"Vapputuottajan haku auki - Turun KY","isPartOf":{"@id":"https:\/\/www.tuky.fi\/etusivu\/#website"},"primaryImageOfPage":{"@id":"https:\/\/www.tuky.fi\/etusivu\/news\/vapputuottajan-haku-auki\/#primaryimage"},"image":{"@id":"https:\/\/www.tuky.fi\/etusivu\/news\/vapputuottajan-haku-auki\/#primaryimage"},"thumbnailUrl":"https:\/\/www.tuky.fi\/wp-content\/uploads\/2019\/09\/perempiTuKY-hakee-1.png","datePublished":"2020-10-08T03:00:00+00:00","breadcrumb":{"@id":"https:\/\/www.tuky.fi\/etusivu\/news\/vapputuottajan-haku-auki\/#breadcrumb"},"inLanguage":"fi","potentialAction":[{"@type":"ReadAction","target":["https:\/\/www.tuky.fi\/etusivu\/news\/vapputuottajan-haku-auki\/"]}]},{"@type":"ImageObject","inLanguage":"fi","@id":"https:\/\/www.tuky.fi\/etusivu\/news\/vapputuottajan-haku-auki\/#primaryimage","url":"https:\/\/www.tuky.fi\/wp-content\/uploads\/2019\/09\/perempiTuKY-hakee-1.png","contentUrl":"https:\/\/www.tuky.fi\/wp-content\/uploads\/2019\/09\/perempiTuKY-hakee-1.png","width":590,"height":93},{"@type":"BreadcrumbList","@id":"https:\/\/www.tuky.fi\/etusivu\/news\/vapputuottajan-haku-auki\/#breadcrumb","itemListElement":[{"@type":"ListItem","position":1,"name":"Etusivu","item":"https:\/\/www.tuky.fi\/etusivu\/"},{"@type":"ListItem","position":2,"name":"Vapputuottajan haku auki"}]},{"@type":"WebSite","@id":"https:\/\/www.tuky.fi\/etusivu\/#website","url":"https:\/\/www.tuky.fi\/etusivu\/","name":"Turun KY","description":"TuKY","publisher":{"@id":"https:\/\/www.tuky.fi\/etusivu\/#organization"},"alternateName":"TuKY","potentialAction":[{"@type":"SearchAction","target":{"@type":"EntryPoint","urlTemplate":"https:\/\/www.tuky.fi\/etusivu\/?s={search_term_string}"},"query-input":{"@type":"PropertyValueSpecification","valueRequired":true,"valueName":"search_term_string"}}],"inLanguage":"fi"},{"@type":"Organization","@id":"https:\/\/www.tuky.fi\/etusivu\/#organization","name":"Turun KY","alternateName":"TuKY","url":"https:\/\/www.tuky.fi\/etusivu\/","logo":{"@type":"ImageObject","inLanguage":"fi","@id":"https:\/\/www.tuky.fi\/etusivu\/#\/schema\/logo\/image\/","url":"https:\/\/www.tuky.fi\/wp-content\/uploads\/2024\/09\/TuKY-logo-kulta-1.png","contentUrl":"https:\/\/www.tuky.fi\/wp-content\/uploads\/2024\/09\/TuKY-logo-kulta-1.png","width":1080,"height":1080,"caption":"Turun KY"},"image":{"@id":"https:\/\/www.tuky.fi\/etusivu\/#\/schema\/logo\/image\/"},"sameAs":["https:\/\/instagram.com\/turunky","https:\/\/linkedin.com\/turunky"]},{"@type":"Person","@id":"https:\/\/www.tuky.fi\/etusivu\/#\/schema\/person\/3be6d98d6792157b46f32757bc9712ce","name":"Hallituksen varapuheenjohtaja","image":{"@type":"ImageObject","inLanguage":"fi","@id":"https:\/\/secure.gravatar.com\/avatar\/498c43e46c608fbabac5e893f3405adf1d9d4423a5135f21b1a9ade7f0580409?s=96&d=mm&r=g","url":"https:\/\/secure.gravatar.com\/avatar\/498c43e46c608fbabac5e893f3405adf1d9d4423a5135f21b1a9ade7f0580409?s=96&d=mm&r=g","contentUrl":"https:\/\/secure.gravatar.com\/avatar\/498c43e46c608fbabac5e893f3405adf1d9d4423a5135f21b1a9ade7f0580409?s=96&d=mm&r=g","caption":"Hallituksen varapuheenjohtaja"},"url":"https:\/\/www.tuky.fi\/etusivu\/author\/ky-hallitus-vpj\/"}]}},"lang":"fi","translations":{"fi":36846},"pll_sync_post":[],"_links":{"self":[{"href":"https:\/\/www.tuky.fi\/etusivu\/wp-json\/wp\/v2\/posts\/36846","targetHints":{"allow":["GET"]}}],"collection":[{"href":"https:\/\/www.tuky.fi\/etusivu\/wp-json\/wp\/v2\/posts"}],"about":[{"href":"https:\/\/www.tuky.fi\/etusivu\/wp-json\/wp\/v2\/types\/post"}],"author":[{"embeddable":true,"href":"https:\/\/www.tuky.fi\/etusivu\/wp-json\/wp\/v2\/users\/19"}],"replies":[{"embeddable":true,"href":"https:\/\/www.tuky.fi\/etusivu\/wp-json\/wp\/v2\/comments?post=36846"}],"version-history":[{"count":0,"href":"https:\/\/www.tuky.fi\/etusivu\/wp-json\/wp\/v2\/posts\/36846\/revisions"}],"wp:featuredmedia":[{"embeddable":true,"href":"https:\/\/www.tuky.fi\/etusivu\/wp-json\/wp\/v2\/media\/33191"}],"wp:attachment":[{"href":"https:\/\/www.tuky.fi\/etusivu\/wp-json\/wp\/v2\/media?parent=36846"}],"wp:term":[{"taxonomy":"category","embeddable":true,"href":"https:\/\/www.tuky.fi\/etusivu\/wp-json\/wp\/v2\/categories?post=36846"},{"taxonomy":"post_tag","embeddable":true,"href":"https:\/\/www.tuky.fi\/etusivu\/wp-json\/wp\/v2\/tags?post=36846"}],"curies":[{"name":"wp","href":"https:\/\/api.w.org\/{rel}","templated":true}]}}