{"id":36167,"date":"2020-05-27T12:34:35","date_gmt":"2020-05-27T09:34:35","guid":{"rendered":"http:\/\/www.tuky.fi\/etusivu\/?p=36167"},"modified":"2020-05-27T12:34:38","modified_gmt":"2020-05-27T09:34:38","slug":"pikkulaskiaisen-2021-tuottajatiimi-esittaytyy","status":"publish","type":"post","link":"https:\/\/www.tuky.fi\/etusivu\/news\/pikkulaskiaisen-2021-tuottajatiimi-esittaytyy\/","title":{"rendered":"Pikkulaskiaisen 2021 tuottajatiimi esitt\u00e4ytyy"},"content":{"rendered":"\n<p>T\u00e4n\u00e4 vuonna Pikkulaskiaisen tuottajatiimi koostuu kahdestatoista intohimoisesti talveen, m\u00e4enlaskuun ja minttukaakaoon suhtautuvasta idealistista, joiden tavoitteena on luoda Pikkulaskiaisen juhlavuodesta entist\u00e4 suurempi, loistokkaampi ja taianomaisempi seikkailu. Alta p\u00e4\u00e4set lukemaan kaikkien tuottajien esittelyt sektoreittain!<\/p>\n\n\n\n<p><\/p>\n\n\n\n<p><strong>P\u00e4\u00e4sektori<\/strong><\/p>\n\n\n\n<p>P\u00e4\u00e4sektoriimme kuuluu tulevana vuonna kolme\nvision\u00e4\u00e4ri\u00e4, joista l\u00f6ytyy kokemusta pupusta rusakkoon. P\u00e4\u00e4sektorin tuottajia\nyhdist\u00e4\u00e4 into tapahtuman kehitt\u00e4miseen ja rakkaus m\u00e4enlaskuun.&nbsp;&nbsp;&nbsp;<\/p>\n\n\n\n<p>Arvoisensa p\u00e4\u00e4tuottajan Pikkulaskiaisen\njuhlavuosi saa Samuli T\u00e4htisest\u00e4. Johdon laskentatoimea p\u00e4\u00e4aineena\nopiskelevalta, ensi syksyn\u00e4&nbsp;n:nen&nbsp;vuosikurssin arvon saavuttavalta yritt\u00e4j\u00e4lt\u00e4 ei\nideoita ja kokemusta puutu. Samuli on viilett\u00e4nyt&nbsp;TuKYn&nbsp;riveiss\u00e4, niin M-klubissa,&nbsp;EVAssa, kuin&nbsp;TuKYn&nbsp;hallituksessakin ja t\u00e4ll\u00e4 hetkell\u00e4 h\u00e4n\nvaikuttaa&nbsp;TYYn&nbsp;hallituksessa. Kuvaamisalan yritt\u00e4j\u00e4 on\nosallistunut Pikkulaskiaiseen sek\u00e4 linssi l\u00e4pi, ett\u00e4 vaikuttavan monta kertaa\nitse asiakkaana. Osallistavalla ja innostavalla johtamistyylill\u00e4\u00e4n Samuli ohjaa\ntuottajatiimi\u00e4\u00e4n kohti ennenn\u00e4kem\u00e4t\u00f6nt\u00e4 pikkulaskiaisen juhlavuoden\nspektaakkelia.&nbsp;&nbsp;<\/p>\n\n\n\n<p>Rahakirstua vartioi tulevana vuonna toisen\nvuosikurssin opiskelija Lotta Nurmi. Innokkaana Excelin py\u00f6ritt\u00e4j\u00e4n\u00e4 ja\nto&nbsp;do&nbsp;-listojen loputtomana raapustajana&nbsp;controllerin&nbsp;virka istuu Lotalle kuin nen\u00e4 p\u00e4\u00e4h\u00e4n.\nT\u00e4m\u00e4n lis\u00e4ksi h\u00e4nen vastuualueeseensa kuuluu\ntapahtuman&nbsp;vilkkaan&nbsp;lipunmyynnin&nbsp;ideointi ja&nbsp;koordinointi.\nLotan olet voinut bongata muun muassa viime vuoden Pikkutiimil\u00e4isen\u00e4\ntai&nbsp;tutorina. Juhlavuoden upea tapahtumatuotanto ei\nsiis&nbsp;ole&nbsp;ainakaan talousasioista kiinni!&nbsp;<\/p>\n\n\n\n<p>Jatkokoordinaattorin teht\u00e4v\u00e4n hyppysiins\u00e4 ottaa Ulvilasta kotoisin oleva ensimm\u00e4isen vuosikurssin\u00a0kylteri, joka opiskelee kauppatieteiden ohella sopivasti konservatoriossa. T\u00e4m\u00e4 vapaa-aikansa laulamiseen k\u00e4ytt\u00e4v\u00e4 pupu on ehtinyt jo sukeltaa\u00a0TuKY-aktiiviksi\u00a0Kulttiksen\u00a0sek\u00e4\u00a0Coren\u00a0riveihin. Suomen suurimmilla festivaaleilla, Porin Jazzeilla, alkul\u00e4mp\u00f6\u00e4 ottanut Saara\u00a0Simula\u00a0varmistaa, ettei ensi vuoden artistikattaus j\u00e4t\u00e4 ket\u00e4\u00e4n kylm\u00e4ksi edes\u00a0helmikuisella pakkasella.\u00a0<\/p>\n\n\n\n<figure class=\"wp-block-image size-large is-resized\"><img loading=\"lazy\" decoding=\"async\" src=\"https:\/\/www.tuky.fi\/wp-content\/uploads\/2020\/05\/Sekalainen-tiimikuva-min-1024x700.jpg\" alt=\"\" class=\"wp-image-36168\" width=\"562\" height=\"384\"\/><\/figure>\n\n\n\n<p><strong>Markkinointitiimi<\/strong><\/p>\n\n\n\n<p>Markkinointitiimiss\u00e4 vaikuttavat t\u00e4n\u00e4 vuonna\nkolme innovatiivista ja sanavalmista markkinoinnin ja kansainv\u00e4lisen\nliiketoiminnan opiskelijaa. Kahdesta ensikertalaisesta ja yhdest\u00e4 jo viime\nvuonna mukana olleesta tiimil\u00e4isest\u00e4 koostuva markkinointitiimi aikoo luoda\njuhlavuodelle s\u00e4v\u00e4ytt\u00e4v\u00e4n visuaalisen ilmeen.<\/p>\n\n\n\n<p>Pikkulaskiaisen juhlavuonna markkinointitiimin ohjaksiin tarttuu toisen vuoden opiskelija Aino Hieta. Markkinointi- ja viestint\u00e4vastaavana h\u00e4nen teht\u00e4viins\u00e4 kuuluu tapahtuman ammattimaisen br\u00e4ndin ja imagon luominen. T\u00e4m\u00e4 sulavasorminen sanaseppo vakuuttaa ankarimmankin kes\u00e4fanin Pikkulaskiaisen ylivoimaisuudesta. Ainoon olet saattanut t\u00f6rm\u00e4t\u00e4 Mercalla saldella, M-Klubin kokouksista vaikuttamasta tai tutoroimasta. <\/p>\n\n\n\n<p>Vuoden 2021 digimarkkinoinnista ottaa kopin aina sanavalmis Essi Rouhiainen. H\u00e4n nostaa Pikkulaskiaisen internet-n\u00e4kyvyyden aivan uusiin ulottuvuuksiin ja laajentaa somen k\u00e4ytt\u00f6\u00e4 entisest\u00e4\u00e4n. Essin taituruudella Pikkulaskiaisen nettisivuilta on yht\u00e4 helppoa l\u00f6yt\u00e4\u00e4 tietoa, kuin Alkossa on helppoa suunnistaa lempi punaviinin luo. Essin on voinut bongata jo viime vuoden Pikkulaskiaistiimist\u00e4 sek\u00e4 Tricoloren hallituksesta. H\u00e4n on my\u00f6s toiminut tutorina ja ollut j\u00e4rjest\u00e4m\u00e4ss\u00e4 pupujaisia.<\/p>\n\n\n\n<p>Art Directorina 2021 toimii aina pirte\u00e4 Elli Abrahamsson, joka on vasta ensikertalainen Pikkulaskiaisen saralla, mutta t\u00e4lt\u00e4 tyt\u00f6lt\u00e4 ei kyll\u00e4 into eik\u00e4 ideat lopu. H\u00e4n aikoo loihtia Adoben avulla, mit\u00e4 upeimman 30-vuotis juhlailmeen n\u00e4ille pippaloille. Aiemmin h\u00e4n on huolehtinut KY-Sportin viestinn\u00e4st\u00e4 ja ollut luomassa visuaalista ilmett\u00e4 jaostolle. Muuten h\u00e4net voi n\u00e4hd\u00e4 tutoroimassa tai kahvittelemassa Mercalla.<\/p>\n\n\n\n<figure class=\"wp-block-image size-large is-resized\"><img loading=\"lazy\" decoding=\"async\" src=\"https:\/\/www.tuky.fi\/wp-content\/uploads\/2020\/05\/Maran-tiimikuva-comp-min-1-1024x585.jpg\" alt=\"\" class=\"wp-image-36169\" width=\"580\" height=\"331\"\/><\/figure>\n\n\n\n<p><strong>Yrityssuhdetiimi<\/strong><\/p>\n\n\n\n<p>\u201cJos johonkin pikkuhommaan kerran ryhdyt\u00e4\u00e4n, niin se vedet\u00e4\u00e4n kans sit\nkunnolla loppuun asti\u201d &#8211; Erkka 2020<\/p>\n\n\n\n<p>Yrityssuhdetiimimme koostuu tulevana vuonna kolmesta\nPikkulaskiaiselle entuudestaan tuntemattomasta kasvosta. Vaikka n\u00e4m\u00e4 tuottajat\novatkin viel\u00e4 tuoreita tulokkaita Pikkuperheeseen, yhdist\u00e4\u00e4 koko tiimi\u00e4\npys\u00e4ytt\u00e4m\u00e4t\u00f6n into ja vahva visio juhlavuoden tapahtumasta. N\u00e4m\u00e4\nyrityssuhdetiimin kivenkovat neuvottelijat takaavat k\u00e4vij\u00f6ille anniskelualueen\nkuumat minttukaakaot, sujuvan approkierroksen ja yhteisty\u00f6yritysten huikeat\nedut. <\/p>\n\n\n\n<p>P\u00e4\u00e4yhteisty\u00f6vastaavan suuriin saappaisiin tulevana vuonna\nhypp\u00e4\u00e4 toisen vuoden opiskelija Erkka Tervomaa. Vaikka kokemusta Turun KY:n\ntoiminnasta h\u00e4nelt\u00e4 ei viel\u00e4 hirve\u00e4sti l\u00f6ydy, ei se h\u00e4nen menoaan hidasta.\nTutorina toiminut ja aina keskiviikkoisin KY-Jetsin riveiss\u00e4 viilett\u00e4v\u00e4\np\u00e4\u00e4m\u00e4\u00e4r\u00e4tietoinen Erkka vastaa juhlavuoden suurista kumppanuuksista ja eturivin\nyritysyhteisty\u00f6st\u00e4. <\/p>\n\n\n\n<p>Anniskelu- ja approvastaava Kia Purhonen vastaa tulevana vuonna m\u00e4kitapahtuman anniskelualueesta ja approkierroksen toteutuksesta. Baarimikkonakin ty\u00f6skennellyt toisen vuoden opiskelija Kia tuntee ravintola-alan kuin omat taskunsa. T\u00e4m\u00e4 my\u00f6s KY-Hansan hallitusta luotsaava moniosaaja takaa sen, ettei minttukaakao lopu m\u00e4est\u00e4 kesken!<\/p>\n\n\n\n<p>Edelt\u00e4j\u00e4ns\u00e4 jalanj\u00e4lki\u00e4 seuraava, toisinaan NESUn ja COREnkin riveiss\u00e4 edustava, Anna Veijalainen vastaa vuoden 2021 Pikkulaskiaisen sponsoriyhteisty\u00f6st\u00e4. Sponsoriyhteisty\u00f6vastaavan teht\u00e4viin kuuluvat opiskelijan kukkarolle yst\u00e4v\u00e4llisten etujen ja tarjousten neuvottelu sek\u00e4 majoitus- kuljetuspalveluiden hankkiminen. T\u00e4m\u00e4 yrityssuhdetiimin ainoa pupu on oiva lis\u00e4 kunnianhimoiseen ja ahkeraan joukkoon.<\/p>\n\n\n\n<figure class=\"wp-block-image size-large is-resized\"><img loading=\"lazy\" decoding=\"async\" src=\"https:\/\/www.tuky.fi\/wp-content\/uploads\/2020\/05\/Yrp\u00e4n-tiimikuva_2-min-1024x934.jpg\" alt=\"\" class=\"wp-image-36170\" width=\"517\" height=\"472\" srcset=\"https:\/\/www.tuky.fi\/wp-content\/uploads\/2020\/05\/Yrp\u00e4n-tiimikuva_2-min-1024x934.jpg 1024w, https:\/\/www.tuky.fi\/wp-content\/uploads\/2020\/05\/Yrp\u00e4n-tiimikuva_2-min-300x274.jpg 300w, https:\/\/www.tuky.fi\/wp-content\/uploads\/2020\/05\/Yrp\u00e4n-tiimikuva_2-min-768x701.jpg 768w, https:\/\/www.tuky.fi\/wp-content\/uploads\/2020\/05\/Yrp\u00e4n-tiimikuva_2-min-1536x1401.jpg 1536w, https:\/\/www.tuky.fi\/wp-content\/uploads\/2020\/05\/Yrp\u00e4n-tiimikuva_2-min-2048x1869.jpg 2048w, https:\/\/www.tuky.fi\/wp-content\/uploads\/2020\/05\/Yrp\u00e4n-tiimikuva_2-min-1080x985.jpg 1080w, https:\/\/www.tuky.fi\/wp-content\/uploads\/2020\/05\/Yrp\u00e4n-tiimikuva_2-min-1280x1168.jpg 1280w, https:\/\/www.tuky.fi\/wp-content\/uploads\/2020\/05\/Yrp\u00e4n-tiimikuva_2-min-980x894.jpg 980w, https:\/\/www.tuky.fi\/wp-content\/uploads\/2020\/05\/Yrp\u00e4n-tiimikuva_2-min-480x438.jpg 480w\" sizes=\"(max-width: 517px) 100vw, 517px\" \/><\/figure>\n\n\n\n<p><strong>M\u00e4kitiimi<\/strong><\/p>\n\n\n\n<p>M\u00e4kitiimi koostuu t\u00e4n\u00e4 vuonna Pikkulaskiaisen ensikertalaisista Niklas\nCraeliuksesta, Taija Tenhusesta sek\u00e4 jo pupuvuonnaan PL-tiimiss\u00e4 mukana\nolleesta Maria Aaltosesta. Heilt\u00e4 l\u00f6ytyy intoa ja energiaa suunnittelemaan\njuhlavuoden kunniaksi entist\u00e4 isompaa m\u00e4kitapahtumaa. M\u00e4kitiimin vastuualueena\novat m\u00e4kitapahtuman j\u00e4rjest\u00e4minen sek\u00e4 t\u00e4m\u00e4n onnistumisen varmistaminen itse\ntapahtumap\u00e4iv\u00e4n\u00e4. <\/p>\n\n\n\n<p>Ty\u00f6teht\u00e4vi\u00e4 on monenlaisia ja roolit on jaettu niin, ett\u00e4 Niklas Craelius\nvastaa m\u00e4kitapahtuman tekniikasta. Infrastruktuurin ja tapahtuma-alueen vastuut\non jaettu Maria Aaltosen ja Taija Tenhusen kesken.<\/p>\n\n\n\n<p>Taija on kerrytt\u00e4nyt kokemustaan tapahtumien j\u00e4rjest\u00e4misest\u00e4\nkansainv\u00e4lisiss\u00e4 meiningeiss\u00e4 CIA TuKYn tapahtumissa. Marialta l\u00f6ytyy jo\nvankkaa osaamista Suomen suurimman talvifestivaalin j\u00e4rjest\u00e4misest\u00e4, sill\u00e4 h\u00e4n\noli jo viime vuonna osa energist\u00e4 PL-tiimi\u00e4. Yhdess\u00e4 t\u00e4m\u00e4 kaksikko vastaa\ntapahtumassa erin\u00e4isten lupien hankkimisesta, alueen suunnittelusta ja\nyleisesti infrastruktuurin hankkimisesta.<\/p>\n\n\n\n<p>Niklaksen olet saattanut spotata esimerkiksi KY-Kasinon keskiviikkokahveilla valistamassa kanssaopiskelijoita sijoittamisen saloihin. H\u00e4n on my\u00f6s osa t\u00e4m\u00e4n vuoden huikeaa vujutiimi\u00e4. Niklas pit\u00e4\u00e4 huolen siit\u00e4, ett\u00e4 m\u00e4ess\u00e4 musiikki pauhaa ja valot v\u00e4lkkyy.<\/p>\n\n\n\n<figure class=\"wp-block-image size-large is-resized\"><img loading=\"lazy\" decoding=\"async\" src=\"https:\/\/www.tuky.fi\/wp-content\/uploads\/2020\/05\/M\u00e4en-tiimikuva_1-comp-min-822x1024.jpg\" alt=\"\" class=\"wp-image-36171\" width=\"393\" height=\"489\" srcset=\"https:\/\/www.tuky.fi\/wp-content\/uploads\/2020\/05\/M\u00e4en-tiimikuva_1-comp-min-822x1024.jpg 822w, https:\/\/www.tuky.fi\/wp-content\/uploads\/2020\/05\/M\u00e4en-tiimikuva_1-comp-min-241x300.jpg 241w, https:\/\/www.tuky.fi\/wp-content\/uploads\/2020\/05\/M\u00e4en-tiimikuva_1-comp-min-768x956.jpg 768w, https:\/\/www.tuky.fi\/wp-content\/uploads\/2020\/05\/M\u00e4en-tiimikuva_1-comp-min-1234x1536.jpg 1234w, https:\/\/www.tuky.fi\/wp-content\/uploads\/2020\/05\/M\u00e4en-tiimikuva_1-comp-min-1080x1345.jpg 1080w, https:\/\/www.tuky.fi\/wp-content\/uploads\/2020\/05\/M\u00e4en-tiimikuva_1-comp-min-1280x1594.jpg 1280w, https:\/\/www.tuky.fi\/wp-content\/uploads\/2020\/05\/M\u00e4en-tiimikuva_1-comp-min-980x1220.jpg 980w, https:\/\/www.tuky.fi\/wp-content\/uploads\/2020\/05\/M\u00e4en-tiimikuva_1-comp-min-480x598.jpg 480w, https:\/\/www.tuky.fi\/wp-content\/uploads\/2020\/05\/M\u00e4en-tiimikuva_1-comp-min.jpg 1404w\" sizes=\"(max-width: 393px) 100vw, 393px\" \/><\/figure>\n\n\n\n<p>Terveisin, <\/p>\n\n\n\n<p>Pikkujuhla<\/p>\n","protected":false},"excerpt":{"rendered":"<p>T\u00e4n\u00e4 vuonna Pikkulaskiaisen tuottajatiimi koostuu kahdestatoista intohimoisesti talveen, m\u00e4enlaskuun ja minttukaakaoon suhtautuvasta idealistista, joiden tavoitteena on luoda Pikkulaskiaisen juhlavuodesta entist\u00e4 suurempi, loistokkaampi ja taianomaisempi seikkailu. Alta p\u00e4\u00e4set lukemaan kaikkien tuottajien [&hellip;]<\/p>\n","protected":false},"author":46,"featured_media":0,"comment_status":"open","ping_status":"open","sticky":false,"template":"","format":"standard","meta":{"_et_pb_use_builder":"off","_et_pb_old_content":"","_et_gb_content_width":"","footnotes":""},"categories":[4],"tags":[],"class_list":["post-36167","post","type-post","status-publish","format-standard","hentry","category-news"],"yoast_head":"<!-- This site is optimized with the Yoast SEO plugin v27.2 - https:\/\/yoast.com\/product\/yoast-seo-wordpress\/ -->\n<title>Pikkulaskiaisen 2021 tuottajatiimi esitt\u00e4ytyy - Turun KY<\/title>\n<meta name=\"robots\" content=\"index, follow, max-snippet:-1, max-image-preview:large, max-video-preview:-1\" \/>\n<link rel=\"canonical\" href=\"https:\/\/www.tuky.fi\/etusivu\/news\/pikkulaskiaisen-2021-tuottajatiimi-esittaytyy\/\" \/>\n<meta property=\"og:locale\" content=\"fi_FI\" \/>\n<meta property=\"og:type\" content=\"article\" \/>\n<meta property=\"og:title\" content=\"Pikkulaskiaisen 2021 tuottajatiimi esitt\u00e4ytyy - Turun KY\" \/>\n<meta property=\"og:description\" content=\"T\u00e4n\u00e4 vuonna Pikkulaskiaisen tuottajatiimi koostuu kahdestatoista intohimoisesti talveen, m\u00e4enlaskuun ja minttukaakaoon suhtautuvasta idealistista, joiden tavoitteena on luoda Pikkulaskiaisen juhlavuodesta entist\u00e4 suurempi, loistokkaampi ja taianomaisempi seikkailu. Alta p\u00e4\u00e4set lukemaan kaikkien tuottajien [&hellip;]\" \/>\n<meta property=\"og:url\" content=\"https:\/\/www.tuky.fi\/etusivu\/news\/pikkulaskiaisen-2021-tuottajatiimi-esittaytyy\/\" \/>\n<meta property=\"og:site_name\" content=\"Turun KY\" \/>\n<meta property=\"article:published_time\" content=\"2020-05-27T09:34:35+00:00\" \/>\n<meta property=\"article:modified_time\" content=\"2020-05-27T09:34:38+00:00\" \/>\n<meta property=\"og:image\" content=\"https:\/\/www.tuky.fi\/wp-content\/uploads\/2020\/05\/Sekalainen-tiimikuva-min-1024x700.jpg\" \/>\n<meta name=\"author\" content=\"Pikkulaskiainen\" \/>\n<meta name=\"twitter:card\" content=\"summary_large_image\" \/>\n<meta name=\"twitter:label1\" content=\"Kirjoittanut\" \/>\n\t<meta name=\"twitter:data1\" content=\"Pikkulaskiainen\" \/>\n\t<meta name=\"twitter:label2\" content=\"Arvioitu lukuaika\" \/>\n\t<meta name=\"twitter:data2\" content=\"5 minuuttia\" \/>\n<script type=\"application\/ld+json\" class=\"yoast-schema-graph\">{\"@context\":\"https:\/\/schema.org\",\"@graph\":[{\"@type\":\"Article\",\"@id\":\"https:\/\/www.tuky.fi\/etusivu\/news\/pikkulaskiaisen-2021-tuottajatiimi-esittaytyy\/#article\",\"isPartOf\":{\"@id\":\"https:\/\/www.tuky.fi\/etusivu\/news\/pikkulaskiaisen-2021-tuottajatiimi-esittaytyy\/\"},\"author\":{\"name\":\"Pikkulaskiainen\",\"@id\":\"https:\/\/www.tuky.fi\/etusivu\/#\/schema\/person\/5b9c793baba06edd2ffa948b3b8c53cf\"},\"headline\":\"Pikkulaskiaisen 2021 tuottajatiimi esitt\u00e4ytyy\",\"datePublished\":\"2020-05-27T09:34:35+00:00\",\"dateModified\":\"2020-05-27T09:34:38+00:00\",\"mainEntityOfPage\":{\"@id\":\"https:\/\/www.tuky.fi\/etusivu\/news\/pikkulaskiaisen-2021-tuottajatiimi-esittaytyy\/\"},\"wordCount\":907,\"commentCount\":0,\"publisher\":{\"@id\":\"https:\/\/www.tuky.fi\/etusivu\/#organization\"},\"image\":{\"@id\":\"https:\/\/www.tuky.fi\/etusivu\/news\/pikkulaskiaisen-2021-tuottajatiimi-esittaytyy\/#primaryimage\"},\"thumbnailUrl\":\"https:\/\/www.tuky.fi\/wp-content\/uploads\/2020\/05\/Sekalainen-tiimikuva-min-1024x700.jpg\",\"articleSection\":[\"news\"],\"inLanguage\":\"fi\",\"potentialAction\":[{\"@type\":\"CommentAction\",\"name\":\"Comment\",\"target\":[\"https:\/\/www.tuky.fi\/etusivu\/news\/pikkulaskiaisen-2021-tuottajatiimi-esittaytyy\/#respond\"]}]},{\"@type\":\"WebPage\",\"@id\":\"https:\/\/www.tuky.fi\/etusivu\/news\/pikkulaskiaisen-2021-tuottajatiimi-esittaytyy\/\",\"url\":\"https:\/\/www.tuky.fi\/etusivu\/news\/pikkulaskiaisen-2021-tuottajatiimi-esittaytyy\/\",\"name\":\"Pikkulaskiaisen 2021 tuottajatiimi esitt\u00e4ytyy - Turun KY\",\"isPartOf\":{\"@id\":\"https:\/\/www.tuky.fi\/etusivu\/#website\"},\"primaryImageOfPage\":{\"@id\":\"https:\/\/www.tuky.fi\/etusivu\/news\/pikkulaskiaisen-2021-tuottajatiimi-esittaytyy\/#primaryimage\"},\"image\":{\"@id\":\"https:\/\/www.tuky.fi\/etusivu\/news\/pikkulaskiaisen-2021-tuottajatiimi-esittaytyy\/#primaryimage\"},\"thumbnailUrl\":\"https:\/\/www.tuky.fi\/wp-content\/uploads\/2020\/05\/Sekalainen-tiimikuva-min-1024x700.jpg\",\"datePublished\":\"2020-05-27T09:34:35+00:00\",\"dateModified\":\"2020-05-27T09:34:38+00:00\",\"breadcrumb\":{\"@id\":\"https:\/\/www.tuky.fi\/etusivu\/news\/pikkulaskiaisen-2021-tuottajatiimi-esittaytyy\/#breadcrumb\"},\"inLanguage\":\"fi\",\"potentialAction\":[{\"@type\":\"ReadAction\",\"target\":[\"https:\/\/www.tuky.fi\/etusivu\/news\/pikkulaskiaisen-2021-tuottajatiimi-esittaytyy\/\"]}]},{\"@type\":\"ImageObject\",\"inLanguage\":\"fi\",\"@id\":\"https:\/\/www.tuky.fi\/etusivu\/news\/pikkulaskiaisen-2021-tuottajatiimi-esittaytyy\/#primaryimage\",\"url\":\"https:\/\/www.tuky.fi\/wp-content\/uploads\/2020\/05\/Sekalainen-tiimikuva-min-1024x700.jpg\",\"contentUrl\":\"https:\/\/www.tuky.fi\/wp-content\/uploads\/2020\/05\/Sekalainen-tiimikuva-min-1024x700.jpg\"},{\"@type\":\"BreadcrumbList\",\"@id\":\"https:\/\/www.tuky.fi\/etusivu\/news\/pikkulaskiaisen-2021-tuottajatiimi-esittaytyy\/#breadcrumb\",\"itemListElement\":[{\"@type\":\"ListItem\",\"position\":1,\"name\":\"Etusivu\",\"item\":\"https:\/\/www.tuky.fi\/etusivu\/\"},{\"@type\":\"ListItem\",\"position\":2,\"name\":\"Pikkulaskiaisen 2021 tuottajatiimi esitt\u00e4ytyy\"}]},{\"@type\":\"WebSite\",\"@id\":\"https:\/\/www.tuky.fi\/etusivu\/#website\",\"url\":\"https:\/\/www.tuky.fi\/etusivu\/\",\"name\":\"Turun KY\",\"description\":\"TuKY\",\"publisher\":{\"@id\":\"https:\/\/www.tuky.fi\/etusivu\/#organization\"},\"alternateName\":\"TuKY\",\"potentialAction\":[{\"@type\":\"SearchAction\",\"target\":{\"@type\":\"EntryPoint\",\"urlTemplate\":\"https:\/\/www.tuky.fi\/etusivu\/?s={search_term_string}\"},\"query-input\":{\"@type\":\"PropertyValueSpecification\",\"valueRequired\":true,\"valueName\":\"search_term_string\"}}],\"inLanguage\":\"fi\"},{\"@type\":\"Organization\",\"@id\":\"https:\/\/www.tuky.fi\/etusivu\/#organization\",\"name\":\"Turun KY\",\"alternateName\":\"TuKY\",\"url\":\"https:\/\/www.tuky.fi\/etusivu\/\",\"logo\":{\"@type\":\"ImageObject\",\"inLanguage\":\"fi\",\"@id\":\"https:\/\/www.tuky.fi\/etusivu\/#\/schema\/logo\/image\/\",\"url\":\"https:\/\/www.tuky.fi\/wp-content\/uploads\/2024\/09\/TuKY-logo-kulta-1.png\",\"contentUrl\":\"https:\/\/www.tuky.fi\/wp-content\/uploads\/2024\/09\/TuKY-logo-kulta-1.png\",\"width\":1080,\"height\":1080,\"caption\":\"Turun KY\"},\"image\":{\"@id\":\"https:\/\/www.tuky.fi\/etusivu\/#\/schema\/logo\/image\/\"},\"sameAs\":[\"https:\/\/instagram.com\/turunky\",\"https:\/\/linkedin.com\/turunky\"]},{\"@type\":\"Person\",\"@id\":\"https:\/\/www.tuky.fi\/etusivu\/#\/schema\/person\/5b9c793baba06edd2ffa948b3b8c53cf\",\"name\":\"Pikkulaskiainen\",\"image\":{\"@type\":\"ImageObject\",\"inLanguage\":\"fi\",\"@id\":\"https:\/\/secure.gravatar.com\/avatar\/778e611eedad6213388ac373ac4f87c8ab231d5aed3488e249b3f1e11542a7d2?s=96&d=mm&r=g\",\"url\":\"https:\/\/secure.gravatar.com\/avatar\/778e611eedad6213388ac373ac4f87c8ab231d5aed3488e249b3f1e11542a7d2?s=96&d=mm&r=g\",\"contentUrl\":\"https:\/\/secure.gravatar.com\/avatar\/778e611eedad6213388ac373ac4f87c8ab231d5aed3488e249b3f1e11542a7d2?s=96&d=mm&r=g\",\"caption\":\"Pikkulaskiainen\"},\"url\":\"https:\/\/www.tuky.fi\/etusivu\/author\/pl-pikkulaskiainen\/\"}]}<\/script>\n<!-- \/ Yoast SEO plugin. -->","yoast_head_json":{"title":"Pikkulaskiaisen 2021 tuottajatiimi esitt\u00e4ytyy - Turun KY","robots":{"index":"index","follow":"follow","max-snippet":"max-snippet:-1","max-image-preview":"max-image-preview:large","max-video-preview":"max-video-preview:-1"},"canonical":"https:\/\/www.tuky.fi\/etusivu\/news\/pikkulaskiaisen-2021-tuottajatiimi-esittaytyy\/","og_locale":"fi_FI","og_type":"article","og_title":"Pikkulaskiaisen 2021 tuottajatiimi esitt\u00e4ytyy - Turun KY","og_description":"T\u00e4n\u00e4 vuonna Pikkulaskiaisen tuottajatiimi koostuu kahdestatoista intohimoisesti talveen, m\u00e4enlaskuun ja minttukaakaoon suhtautuvasta idealistista, joiden tavoitteena on luoda Pikkulaskiaisen juhlavuodesta entist\u00e4 suurempi, loistokkaampi ja taianomaisempi seikkailu. Alta p\u00e4\u00e4set lukemaan kaikkien tuottajien [&hellip;]","og_url":"https:\/\/www.tuky.fi\/etusivu\/news\/pikkulaskiaisen-2021-tuottajatiimi-esittaytyy\/","og_site_name":"Turun KY","article_published_time":"2020-05-27T09:34:35+00:00","article_modified_time":"2020-05-27T09:34:38+00:00","og_image":[{"url":"https:\/\/www.tuky.fi\/wp-content\/uploads\/2020\/05\/Sekalainen-tiimikuva-min-1024x700.jpg","type":"","width":"","height":""}],"author":"Pikkulaskiainen","twitter_card":"summary_large_image","twitter_misc":{"Kirjoittanut":"Pikkulaskiainen","Arvioitu lukuaika":"5 minuuttia"},"schema":{"@context":"https:\/\/schema.org","@graph":[{"@type":"Article","@id":"https:\/\/www.tuky.fi\/etusivu\/news\/pikkulaskiaisen-2021-tuottajatiimi-esittaytyy\/#article","isPartOf":{"@id":"https:\/\/www.tuky.fi\/etusivu\/news\/pikkulaskiaisen-2021-tuottajatiimi-esittaytyy\/"},"author":{"name":"Pikkulaskiainen","@id":"https:\/\/www.tuky.fi\/etusivu\/#\/schema\/person\/5b9c793baba06edd2ffa948b3b8c53cf"},"headline":"Pikkulaskiaisen 2021 tuottajatiimi esitt\u00e4ytyy","datePublished":"2020-05-27T09:34:35+00:00","dateModified":"2020-05-27T09:34:38+00:00","mainEntityOfPage":{"@id":"https:\/\/www.tuky.fi\/etusivu\/news\/pikkulaskiaisen-2021-tuottajatiimi-esittaytyy\/"},"wordCount":907,"commentCount":0,"publisher":{"@id":"https:\/\/www.tuky.fi\/etusivu\/#organization"},"image":{"@id":"https:\/\/www.tuky.fi\/etusivu\/news\/pikkulaskiaisen-2021-tuottajatiimi-esittaytyy\/#primaryimage"},"thumbnailUrl":"https:\/\/www.tuky.fi\/wp-content\/uploads\/2020\/05\/Sekalainen-tiimikuva-min-1024x700.jpg","articleSection":["news"],"inLanguage":"fi","potentialAction":[{"@type":"CommentAction","name":"Comment","target":["https:\/\/www.tuky.fi\/etusivu\/news\/pikkulaskiaisen-2021-tuottajatiimi-esittaytyy\/#respond"]}]},{"@type":"WebPage","@id":"https:\/\/www.tuky.fi\/etusivu\/news\/pikkulaskiaisen-2021-tuottajatiimi-esittaytyy\/","url":"https:\/\/www.tuky.fi\/etusivu\/news\/pikkulaskiaisen-2021-tuottajatiimi-esittaytyy\/","name":"Pikkulaskiaisen 2021 tuottajatiimi esitt\u00e4ytyy - Turun KY","isPartOf":{"@id":"https:\/\/www.tuky.fi\/etusivu\/#website"},"primaryImageOfPage":{"@id":"https:\/\/www.tuky.fi\/etusivu\/news\/pikkulaskiaisen-2021-tuottajatiimi-esittaytyy\/#primaryimage"},"image":{"@id":"https:\/\/www.tuky.fi\/etusivu\/news\/pikkulaskiaisen-2021-tuottajatiimi-esittaytyy\/#primaryimage"},"thumbnailUrl":"https:\/\/www.tuky.fi\/wp-content\/uploads\/2020\/05\/Sekalainen-tiimikuva-min-1024x700.jpg","datePublished":"2020-05-27T09:34:35+00:00","dateModified":"2020-05-27T09:34:38+00:00","breadcrumb":{"@id":"https:\/\/www.tuky.fi\/etusivu\/news\/pikkulaskiaisen-2021-tuottajatiimi-esittaytyy\/#breadcrumb"},"inLanguage":"fi","potentialAction":[{"@type":"ReadAction","target":["https:\/\/www.tuky.fi\/etusivu\/news\/pikkulaskiaisen-2021-tuottajatiimi-esittaytyy\/"]}]},{"@type":"ImageObject","inLanguage":"fi","@id":"https:\/\/www.tuky.fi\/etusivu\/news\/pikkulaskiaisen-2021-tuottajatiimi-esittaytyy\/#primaryimage","url":"https:\/\/www.tuky.fi\/wp-content\/uploads\/2020\/05\/Sekalainen-tiimikuva-min-1024x700.jpg","contentUrl":"https:\/\/www.tuky.fi\/wp-content\/uploads\/2020\/05\/Sekalainen-tiimikuva-min-1024x700.jpg"},{"@type":"BreadcrumbList","@id":"https:\/\/www.tuky.fi\/etusivu\/news\/pikkulaskiaisen-2021-tuottajatiimi-esittaytyy\/#breadcrumb","itemListElement":[{"@type":"ListItem","position":1,"name":"Etusivu","item":"https:\/\/www.tuky.fi\/etusivu\/"},{"@type":"ListItem","position":2,"name":"Pikkulaskiaisen 2021 tuottajatiimi esitt\u00e4ytyy"}]},{"@type":"WebSite","@id":"https:\/\/www.tuky.fi\/etusivu\/#website","url":"https:\/\/www.tuky.fi\/etusivu\/","name":"Turun KY","description":"TuKY","publisher":{"@id":"https:\/\/www.tuky.fi\/etusivu\/#organization"},"alternateName":"TuKY","potentialAction":[{"@type":"SearchAction","target":{"@type":"EntryPoint","urlTemplate":"https:\/\/www.tuky.fi\/etusivu\/?s={search_term_string}"},"query-input":{"@type":"PropertyValueSpecification","valueRequired":true,"valueName":"search_term_string"}}],"inLanguage":"fi"},{"@type":"Organization","@id":"https:\/\/www.tuky.fi\/etusivu\/#organization","name":"Turun KY","alternateName":"TuKY","url":"https:\/\/www.tuky.fi\/etusivu\/","logo":{"@type":"ImageObject","inLanguage":"fi","@id":"https:\/\/www.tuky.fi\/etusivu\/#\/schema\/logo\/image\/","url":"https:\/\/www.tuky.fi\/wp-content\/uploads\/2024\/09\/TuKY-logo-kulta-1.png","contentUrl":"https:\/\/www.tuky.fi\/wp-content\/uploads\/2024\/09\/TuKY-logo-kulta-1.png","width":1080,"height":1080,"caption":"Turun KY"},"image":{"@id":"https:\/\/www.tuky.fi\/etusivu\/#\/schema\/logo\/image\/"},"sameAs":["https:\/\/instagram.com\/turunky","https:\/\/linkedin.com\/turunky"]},{"@type":"Person","@id":"https:\/\/www.tuky.fi\/etusivu\/#\/schema\/person\/5b9c793baba06edd2ffa948b3b8c53cf","name":"Pikkulaskiainen","image":{"@type":"ImageObject","inLanguage":"fi","@id":"https:\/\/secure.gravatar.com\/avatar\/778e611eedad6213388ac373ac4f87c8ab231d5aed3488e249b3f1e11542a7d2?s=96&d=mm&r=g","url":"https:\/\/secure.gravatar.com\/avatar\/778e611eedad6213388ac373ac4f87c8ab231d5aed3488e249b3f1e11542a7d2?s=96&d=mm&r=g","contentUrl":"https:\/\/secure.gravatar.com\/avatar\/778e611eedad6213388ac373ac4f87c8ab231d5aed3488e249b3f1e11542a7d2?s=96&d=mm&r=g","caption":"Pikkulaskiainen"},"url":"https:\/\/www.tuky.fi\/etusivu\/author\/pl-pikkulaskiainen\/"}]}},"lang":"fi","translations":{"fi":36167},"pll_sync_post":[],"_links":{"self":[{"href":"https:\/\/www.tuky.fi\/etusivu\/wp-json\/wp\/v2\/posts\/36167","targetHints":{"allow":["GET"]}}],"collection":[{"href":"https:\/\/www.tuky.fi\/etusivu\/wp-json\/wp\/v2\/posts"}],"about":[{"href":"https:\/\/www.tuky.fi\/etusivu\/wp-json\/wp\/v2\/types\/post"}],"author":[{"embeddable":true,"href":"https:\/\/www.tuky.fi\/etusivu\/wp-json\/wp\/v2\/users\/46"}],"replies":[{"embeddable":true,"href":"https:\/\/www.tuky.fi\/etusivu\/wp-json\/wp\/v2\/comments?post=36167"}],"version-history":[{"count":0,"href":"https:\/\/www.tuky.fi\/etusivu\/wp-json\/wp\/v2\/posts\/36167\/revisions"}],"wp:attachment":[{"href":"https:\/\/www.tuky.fi\/etusivu\/wp-json\/wp\/v2\/media?parent=36167"}],"wp:term":[{"taxonomy":"category","embeddable":true,"href":"https:\/\/www.tuky.fi\/etusivu\/wp-json\/wp\/v2\/categories?post=36167"},{"taxonomy":"post_tag","embeddable":true,"href":"https:\/\/www.tuky.fi\/etusivu\/wp-json\/wp\/v2\/tags?post=36167"}],"curies":[{"name":"wp","href":"https:\/\/api.w.org\/{rel}","templated":true}]}}