{"id":36057,"date":"2020-05-07T17:57:01","date_gmt":"2020-05-07T14:57:01","guid":{"rendered":"http:\/\/www.tuky.fi\/etusivu\/?p=36057"},"modified":"2020-05-07T17:57:08","modified_gmt":"2020-05-07T14:57:08","slug":"kokouskutsu-turun-kyn-kevatkokous-14-5-2020","status":"publish","type":"post","link":"https:\/\/www.tuky.fi\/etusivu\/news\/kokouskutsu-turun-kyn-kevatkokous-14-5-2020\/","title":{"rendered":"KOKOUSKUTSU: Turun KY:n kev\u00e4tkokous 14.5.2020"},"content":{"rendered":"\n<p>Hei Turun KY:n j\u00e4sen!\u00a0<\/p>\n\n\n\n<p>Turun kauppatieteiden ylioppilaat ry pit\u00e4\u00e4 s\u00e4\u00e4nt\u00f6m\u00e4\u00e4r\u00e4isen kev\u00e4tkokouksensa\u00a0<strong>torstaina 14.5.2020 klo 17.00 Parkin kokoushuoneessa.<\/strong>\u00a0Yhdistyksess\u00e4 ylint\u00e4 p\u00e4\u00e4t\u00f6svaltaa k\u00e4ytt\u00e4v\u00e4t yhdistyksen kokoukset. Kokouksessa \u00e4\u00e4nivaltaisia ovat kaikki yhdistyksen varsinaiset j\u00e4senet.\u00a0\u00a0<\/p>\n\n\n\n<p>Eduskunnan hyv\u00e4ksym\u00e4 v\u00e4liaikainen lakimuutos mahdollistaa yhdistysten kokousten siirt\u00e4misen my\u00f6hemm\u00e4ksi, vaikka yhdistyksen s\u00e4\u00e4nn\u00f6iss\u00e4 muuta m\u00e4\u00e4r\u00e4tt\u00e4isiin. Lakimuutos my\u00f6s mahdollistaa et\u00e4osallistumisen yhdistyksen kokoukseen, vaikka t\u00e4st\u00e4 ei olisi mainintaa yhdistyksen s\u00e4\u00e4nn\u00f6iss\u00e4.\u00a0<\/p>\n\n\n\n<p>Kev\u00e4tkokous pidet\u00e4\u00e4n fyysisen\u00e4 kokouksena, ja jokaisella yhdistyksen varsinaisella j\u00e4senell\u00e4 on mahdollisuus saapua k\u00e4ytt\u00e4m\u00e4\u00e4n \u00e4\u00e4nivaltaansa paikan p\u00e4\u00e4lle. Vallitsevien olosuhteiden ja maamme hallituksen linjaamien kokoontumisrajoituksien (10 hl\u00f6) johdosta\u00a0<strong>kehotamme j\u00e4seni\u00e4 osallistumaan kokoukseen ensisijaisesti et\u00e4yhteyden kautta.<\/strong>\u00a0Tarkempi ohjeistus et\u00e4osallistumisesta l\u00e4hetet\u00e4\u00e4n t\u00e4lle s\u00e4hk\u00f6postilistalle ensi viikon alussa.\u00a0<\/p>\n\n\n\n<p>Kokouksessa hyv\u00e4ksyt\u00e4\u00e4n huomionosoitustoimikunnan kokoonpano ja lis\u00e4talousarvio. Toimintakertomuksen, tilinp\u00e4\u00e4t\u00f6ksen ja tilintarkastajien lausunnon esittely tehd\u00e4\u00e4n poikkeuksellisesti kes\u00e4ll\u00e4 j\u00e4rjestett\u00e4v\u00e4ss\u00e4 ylim\u00e4\u00e4r\u00e4isess\u00e4 yhdistyksen kokouksessa. Lis\u00e4ksi ylim\u00e4\u00e4r\u00e4isess\u00e4 kokouksessa my\u00f6nnet\u00e4\u00e4n vastuuvapaus edelliselle hallitukselle ja muille vastuuvelvollisille.<\/p>\n\n\n\n<p>Kokouksen sujuvuuden parantamiseksi toivomme, ett\u00e4 perehdytte kokousmateriaaleihin jo etuk\u00e4teen. Mik\u00e4li teill\u00e4 on kysytt\u00e4v\u00e4\u00e4 kokouksen asialistaan tai poikkeusj\u00e4rjestelyihin liittyen, allekirjoittaneelle voi l\u00e4hett\u00e4\u00e4 s\u00e4hk\u00f6postia osoitteeseen\u00a0<a rel=\"noreferrer noopener\" href=\"mailto:puheenjohtaja@tuky.fi\" target=\"_blank\">puheenjohtaja@tuky.fi<\/a>.\u00a0\u00a0\u00a0<\/p>\n\n\n\n<p>Alla kokouksen asialista.\u00a0<\/p>\n\n\n\n<p>Tervetuloa!\u00a0<\/p>\n\n\n\n<p><strong>Turun kauppatieteiden ylioppilaat ry:n kev\u00e4tkokous<\/strong>\u00a0<\/p>\n\n\n\n<p>Aika: torstaina 14.5.2020 klo 17.00<\/p>\n\n\n\n<p>Paikka: Parkin kokoushuone, Parkki,\u00a0Parkinkatu 6 20500 Turku\u00a0<\/p>\n\n\n\n<p><strong>Asialista<\/strong>\u00a0<\/p>\n\n\n\n<p>1. Kokouksen avaus<\/p>\n\n\n\n<p>2. Laillisuuden ja p\u00e4\u00e4t\u00f6svaltaisuuden toteaminen<\/p>\n\n\n\n<p>3. Kokouksen puheenjohtajan valinta<\/p>\n\n\n\n<p>4. \u00c4\u00e4ntenlaskijoiden, p\u00f6yt\u00e4kirjantarkastajien ja sihteerin valinta<\/p>\n\n\n\n<p>5. Esityslistan hyv\u00e4ksyminen<\/p>\n\n\n\n<p>6. Ilmoitusasiat<\/p>\n\n\n\n<p>7. Huomionosoitustoimikunnan valitseminen (Liite 1, esittelij\u00e4: Palosaari)<\/p>\n\n\n\n<p>8. Lis\u00e4talousarvion hyv\u00e4ksyminen (Liite 2, esittelij\u00e4: Kontu)<\/p>\n\n\n\n<p>10. Muut mahdolliset esille tulevat asiat<\/p>\n\n\n\n<p>11. Kokouksen p\u00e4\u00e4tt\u00e4minen<\/p>\n\n\n\n<figure class=\"wp-block-image size-large is-resized\"><img loading=\"lazy\" decoding=\"async\" src=\"http:\/\/www.tuky.fi\/wp-content\/uploads\/2019\/12\/Kallenkuvacropattu-724x1024.png\" alt=\"\" class=\"wp-image-34901\" width=\"176\" height=\"249\" srcset=\"https:\/\/www.tuky.fi\/wp-content\/uploads\/2019\/12\/Kallenkuvacropattu-724x1024.png 724w, https:\/\/www.tuky.fi\/wp-content\/uploads\/2019\/12\/Kallenkuvacropattu-212x300.png 212w, https:\/\/www.tuky.fi\/wp-content\/uploads\/2019\/12\/Kallenkuvacropattu-768x1086.png 768w, https:\/\/www.tuky.fi\/wp-content\/uploads\/2019\/12\/Kallenkuvacropattu-1086x1536.png 1086w, https:\/\/www.tuky.fi\/wp-content\/uploads\/2019\/12\/Kallenkuvacropattu-1080x1528.png 1080w\" sizes=\"(max-width: 176px) 100vw, 176px\" \/><\/figure>\n\n\n\n<p><em>Hallituksen puheenjohtaja<\/em><br>Kalle Kahanp\u00e4\u00e4<\/p>\n","protected":false},"excerpt":{"rendered":"<p>Hei Turun KY:n j\u00e4sen!\u00a0 Turun kauppatieteiden ylioppilaat ry pit\u00e4\u00e4 s\u00e4\u00e4nt\u00f6m\u00e4\u00e4r\u00e4isen kev\u00e4tkokouksensa\u00a0torstaina 14.5.2020 klo 17.00 Parkin kokoushuoneessa.\u00a0Yhdistyksess\u00e4 ylint\u00e4 p\u00e4\u00e4t\u00f6svaltaa k\u00e4ytt\u00e4v\u00e4t yhdistyksen kokoukset. Kokouksessa \u00e4\u00e4nivaltaisia ovat kaikki yhdistyksen varsinaiset j\u00e4senet.\u00a0\u00a0 Eduskunnan hyv\u00e4ksym\u00e4 [&hellip;]<\/p>\n","protected":false},"author":1,"featured_media":0,"comment_status":"open","ping_status":"open","sticky":false,"template":"","format":"standard","meta":{"_et_pb_use_builder":"off","_et_pb_old_content":"","_et_gb_content_width":"","footnotes":""},"categories":[4],"tags":[],"class_list":["post-36057","post","type-post","status-publish","format-standard","hentry","category-news"],"yoast_head":"<!-- This site is optimized with the Yoast SEO plugin v27.2 - https:\/\/yoast.com\/product\/yoast-seo-wordpress\/ -->\n<title>KOKOUSKUTSU: Turun KY:n kev\u00e4tkokous 14.5.2020 - Turun KY<\/title>\n<meta name=\"robots\" content=\"index, follow, max-snippet:-1, max-image-preview:large, max-video-preview:-1\" \/>\n<link rel=\"canonical\" href=\"https:\/\/www.tuky.fi\/etusivu\/news\/kokouskutsu-turun-kyn-kevatkokous-14-5-2020\/\" \/>\n<meta property=\"og:locale\" content=\"fi_FI\" \/>\n<meta property=\"og:type\" content=\"article\" \/>\n<meta property=\"og:title\" content=\"KOKOUSKUTSU: Turun KY:n kev\u00e4tkokous 14.5.2020 - Turun KY\" \/>\n<meta property=\"og:description\" content=\"Hei Turun KY:n j\u00e4sen!\u00a0 Turun kauppatieteiden ylioppilaat ry pit\u00e4\u00e4 s\u00e4\u00e4nt\u00f6m\u00e4\u00e4r\u00e4isen kev\u00e4tkokouksensa\u00a0torstaina 14.5.2020 klo 17.00 Parkin kokoushuoneessa.\u00a0Yhdistyksess\u00e4 ylint\u00e4 p\u00e4\u00e4t\u00f6svaltaa k\u00e4ytt\u00e4v\u00e4t yhdistyksen kokoukset. Kokouksessa \u00e4\u00e4nivaltaisia ovat kaikki yhdistyksen varsinaiset j\u00e4senet.\u00a0\u00a0 Eduskunnan hyv\u00e4ksym\u00e4 [&hellip;]\" \/>\n<meta property=\"og:url\" content=\"https:\/\/www.tuky.fi\/etusivu\/news\/kokouskutsu-turun-kyn-kevatkokous-14-5-2020\/\" \/>\n<meta property=\"og:site_name\" content=\"Turun KY\" \/>\n<meta property=\"article:published_time\" content=\"2020-05-07T14:57:01+00:00\" \/>\n<meta property=\"article:modified_time\" content=\"2020-05-07T14:57:08+00:00\" \/>\n<meta property=\"og:image\" content=\"http:\/\/www.tuky.fi\/wp-content\/uploads\/2019\/12\/Kallenkuvacropattu-724x1024.png\" \/>\n<meta name=\"author\" content=\"admin\" \/>\n<meta name=\"twitter:card\" content=\"summary_large_image\" \/>\n<meta name=\"twitter:label1\" content=\"Kirjoittanut\" \/>\n\t<meta name=\"twitter:data1\" content=\"admin\" \/>\n\t<meta name=\"twitter:label2\" content=\"Arvioitu lukuaika\" \/>\n\t<meta name=\"twitter:data2\" content=\"1 minuutti\" \/>\n<script type=\"application\/ld+json\" class=\"yoast-schema-graph\">{\"@context\":\"https:\/\/schema.org\",\"@graph\":[{\"@type\":\"Article\",\"@id\":\"https:\/\/www.tuky.fi\/etusivu\/news\/kokouskutsu-turun-kyn-kevatkokous-14-5-2020\/#article\",\"isPartOf\":{\"@id\":\"https:\/\/www.tuky.fi\/etusivu\/news\/kokouskutsu-turun-kyn-kevatkokous-14-5-2020\/\"},\"author\":{\"name\":\"admin\",\"@id\":\"https:\/\/www.tuky.fi\/etusivu\/#\/schema\/person\/479eb0d4ef732e133e3a76f9b7659a39\"},\"headline\":\"KOKOUSKUTSU: Turun KY:n kev\u00e4tkokous 14.5.2020\",\"datePublished\":\"2020-05-07T14:57:01+00:00\",\"dateModified\":\"2020-05-07T14:57:08+00:00\",\"mainEntityOfPage\":{\"@id\":\"https:\/\/www.tuky.fi\/etusivu\/news\/kokouskutsu-turun-kyn-kevatkokous-14-5-2020\/\"},\"wordCount\":292,\"commentCount\":0,\"publisher\":{\"@id\":\"https:\/\/www.tuky.fi\/etusivu\/#organization\"},\"image\":{\"@id\":\"https:\/\/www.tuky.fi\/etusivu\/news\/kokouskutsu-turun-kyn-kevatkokous-14-5-2020\/#primaryimage\"},\"thumbnailUrl\":\"http:\/\/www.tuky.fi\/wp-content\/uploads\/2019\/12\/Kallenkuvacropattu-724x1024.png\",\"articleSection\":[\"news\"],\"inLanguage\":\"fi\",\"potentialAction\":[{\"@type\":\"CommentAction\",\"name\":\"Comment\",\"target\":[\"https:\/\/www.tuky.fi\/etusivu\/news\/kokouskutsu-turun-kyn-kevatkokous-14-5-2020\/#respond\"]}]},{\"@type\":\"WebPage\",\"@id\":\"https:\/\/www.tuky.fi\/etusivu\/news\/kokouskutsu-turun-kyn-kevatkokous-14-5-2020\/\",\"url\":\"https:\/\/www.tuky.fi\/etusivu\/news\/kokouskutsu-turun-kyn-kevatkokous-14-5-2020\/\",\"name\":\"KOKOUSKUTSU: Turun KY:n kev\u00e4tkokous 14.5.2020 - Turun KY\",\"isPartOf\":{\"@id\":\"https:\/\/www.tuky.fi\/etusivu\/#website\"},\"primaryImageOfPage\":{\"@id\":\"https:\/\/www.tuky.fi\/etusivu\/news\/kokouskutsu-turun-kyn-kevatkokous-14-5-2020\/#primaryimage\"},\"image\":{\"@id\":\"https:\/\/www.tuky.fi\/etusivu\/news\/kokouskutsu-turun-kyn-kevatkokous-14-5-2020\/#primaryimage\"},\"thumbnailUrl\":\"http:\/\/www.tuky.fi\/wp-content\/uploads\/2019\/12\/Kallenkuvacropattu-724x1024.png\",\"datePublished\":\"2020-05-07T14:57:01+00:00\",\"dateModified\":\"2020-05-07T14:57:08+00:00\",\"breadcrumb\":{\"@id\":\"https:\/\/www.tuky.fi\/etusivu\/news\/kokouskutsu-turun-kyn-kevatkokous-14-5-2020\/#breadcrumb\"},\"inLanguage\":\"fi\",\"potentialAction\":[{\"@type\":\"ReadAction\",\"target\":[\"https:\/\/www.tuky.fi\/etusivu\/news\/kokouskutsu-turun-kyn-kevatkokous-14-5-2020\/\"]}]},{\"@type\":\"ImageObject\",\"inLanguage\":\"fi\",\"@id\":\"https:\/\/www.tuky.fi\/etusivu\/news\/kokouskutsu-turun-kyn-kevatkokous-14-5-2020\/#primaryimage\",\"url\":\"http:\/\/www.tuky.fi\/wp-content\/uploads\/2019\/12\/Kallenkuvacropattu-724x1024.png\",\"contentUrl\":\"http:\/\/www.tuky.fi\/wp-content\/uploads\/2019\/12\/Kallenkuvacropattu-724x1024.png\"},{\"@type\":\"BreadcrumbList\",\"@id\":\"https:\/\/www.tuky.fi\/etusivu\/news\/kokouskutsu-turun-kyn-kevatkokous-14-5-2020\/#breadcrumb\",\"itemListElement\":[{\"@type\":\"ListItem\",\"position\":1,\"name\":\"Etusivu\",\"item\":\"https:\/\/www.tuky.fi\/etusivu\/\"},{\"@type\":\"ListItem\",\"position\":2,\"name\":\"KOKOUSKUTSU: Turun KY:n kev\u00e4tkokous 14.5.2020\"}]},{\"@type\":\"WebSite\",\"@id\":\"https:\/\/www.tuky.fi\/etusivu\/#website\",\"url\":\"https:\/\/www.tuky.fi\/etusivu\/\",\"name\":\"Turun KY\",\"description\":\"TuKY\",\"publisher\":{\"@id\":\"https:\/\/www.tuky.fi\/etusivu\/#organization\"},\"alternateName\":\"TuKY\",\"potentialAction\":[{\"@type\":\"SearchAction\",\"target\":{\"@type\":\"EntryPoint\",\"urlTemplate\":\"https:\/\/www.tuky.fi\/etusivu\/?s={search_term_string}\"},\"query-input\":{\"@type\":\"PropertyValueSpecification\",\"valueRequired\":true,\"valueName\":\"search_term_string\"}}],\"inLanguage\":\"fi\"},{\"@type\":\"Organization\",\"@id\":\"https:\/\/www.tuky.fi\/etusivu\/#organization\",\"name\":\"Turun KY\",\"alternateName\":\"TuKY\",\"url\":\"https:\/\/www.tuky.fi\/etusivu\/\",\"logo\":{\"@type\":\"ImageObject\",\"inLanguage\":\"fi\",\"@id\":\"https:\/\/www.tuky.fi\/etusivu\/#\/schema\/logo\/image\/\",\"url\":\"https:\/\/www.tuky.fi\/wp-content\/uploads\/2024\/09\/TuKY-logo-kulta-1.png\",\"contentUrl\":\"https:\/\/www.tuky.fi\/wp-content\/uploads\/2024\/09\/TuKY-logo-kulta-1.png\",\"width\":1080,\"height\":1080,\"caption\":\"Turun KY\"},\"image\":{\"@id\":\"https:\/\/www.tuky.fi\/etusivu\/#\/schema\/logo\/image\/\"},\"sameAs\":[\"https:\/\/instagram.com\/turunky\",\"https:\/\/linkedin.com\/turunky\"]},{\"@type\":\"Person\",\"@id\":\"https:\/\/www.tuky.fi\/etusivu\/#\/schema\/person\/479eb0d4ef732e133e3a76f9b7659a39\",\"name\":\"admin\",\"image\":{\"@type\":\"ImageObject\",\"inLanguage\":\"fi\",\"@id\":\"https:\/\/secure.gravatar.com\/avatar\/afbe741656101229147e16716fbedbcade65018caf8c467f89b9abae7aaffeea?s=96&d=mm&r=g\",\"url\":\"https:\/\/secure.gravatar.com\/avatar\/afbe741656101229147e16716fbedbcade65018caf8c467f89b9abae7aaffeea?s=96&d=mm&r=g\",\"contentUrl\":\"https:\/\/secure.gravatar.com\/avatar\/afbe741656101229147e16716fbedbcade65018caf8c467f89b9abae7aaffeea?s=96&d=mm&r=g\",\"caption\":\"admin\"},\"url\":\"https:\/\/www.tuky.fi\/etusivu\/author\/admin\/\"}]}<\/script>\n<!-- \/ Yoast SEO plugin. -->","yoast_head_json":{"title":"KOKOUSKUTSU: Turun KY:n kev\u00e4tkokous 14.5.2020 - Turun KY","robots":{"index":"index","follow":"follow","max-snippet":"max-snippet:-1","max-image-preview":"max-image-preview:large","max-video-preview":"max-video-preview:-1"},"canonical":"https:\/\/www.tuky.fi\/etusivu\/news\/kokouskutsu-turun-kyn-kevatkokous-14-5-2020\/","og_locale":"fi_FI","og_type":"article","og_title":"KOKOUSKUTSU: Turun KY:n kev\u00e4tkokous 14.5.2020 - Turun KY","og_description":"Hei Turun KY:n j\u00e4sen!\u00a0 Turun kauppatieteiden ylioppilaat ry pit\u00e4\u00e4 s\u00e4\u00e4nt\u00f6m\u00e4\u00e4r\u00e4isen kev\u00e4tkokouksensa\u00a0torstaina 14.5.2020 klo 17.00 Parkin kokoushuoneessa.\u00a0Yhdistyksess\u00e4 ylint\u00e4 p\u00e4\u00e4t\u00f6svaltaa k\u00e4ytt\u00e4v\u00e4t yhdistyksen kokoukset. Kokouksessa \u00e4\u00e4nivaltaisia ovat kaikki yhdistyksen varsinaiset j\u00e4senet.\u00a0\u00a0 Eduskunnan hyv\u00e4ksym\u00e4 [&hellip;]","og_url":"https:\/\/www.tuky.fi\/etusivu\/news\/kokouskutsu-turun-kyn-kevatkokous-14-5-2020\/","og_site_name":"Turun KY","article_published_time":"2020-05-07T14:57:01+00:00","article_modified_time":"2020-05-07T14:57:08+00:00","og_image":[{"url":"http:\/\/www.tuky.fi\/wp-content\/uploads\/2019\/12\/Kallenkuvacropattu-724x1024.png","type":"","width":"","height":""}],"author":"admin","twitter_card":"summary_large_image","twitter_misc":{"Kirjoittanut":"admin","Arvioitu lukuaika":"1 minuutti"},"schema":{"@context":"https:\/\/schema.org","@graph":[{"@type":"Article","@id":"https:\/\/www.tuky.fi\/etusivu\/news\/kokouskutsu-turun-kyn-kevatkokous-14-5-2020\/#article","isPartOf":{"@id":"https:\/\/www.tuky.fi\/etusivu\/news\/kokouskutsu-turun-kyn-kevatkokous-14-5-2020\/"},"author":{"name":"admin","@id":"https:\/\/www.tuky.fi\/etusivu\/#\/schema\/person\/479eb0d4ef732e133e3a76f9b7659a39"},"headline":"KOKOUSKUTSU: Turun KY:n kev\u00e4tkokous 14.5.2020","datePublished":"2020-05-07T14:57:01+00:00","dateModified":"2020-05-07T14:57:08+00:00","mainEntityOfPage":{"@id":"https:\/\/www.tuky.fi\/etusivu\/news\/kokouskutsu-turun-kyn-kevatkokous-14-5-2020\/"},"wordCount":292,"commentCount":0,"publisher":{"@id":"https:\/\/www.tuky.fi\/etusivu\/#organization"},"image":{"@id":"https:\/\/www.tuky.fi\/etusivu\/news\/kokouskutsu-turun-kyn-kevatkokous-14-5-2020\/#primaryimage"},"thumbnailUrl":"http:\/\/www.tuky.fi\/wp-content\/uploads\/2019\/12\/Kallenkuvacropattu-724x1024.png","articleSection":["news"],"inLanguage":"fi","potentialAction":[{"@type":"CommentAction","name":"Comment","target":["https:\/\/www.tuky.fi\/etusivu\/news\/kokouskutsu-turun-kyn-kevatkokous-14-5-2020\/#respond"]}]},{"@type":"WebPage","@id":"https:\/\/www.tuky.fi\/etusivu\/news\/kokouskutsu-turun-kyn-kevatkokous-14-5-2020\/","url":"https:\/\/www.tuky.fi\/etusivu\/news\/kokouskutsu-turun-kyn-kevatkokous-14-5-2020\/","name":"KOKOUSKUTSU: Turun KY:n kev\u00e4tkokous 14.5.2020 - Turun KY","isPartOf":{"@id":"https:\/\/www.tuky.fi\/etusivu\/#website"},"primaryImageOfPage":{"@id":"https:\/\/www.tuky.fi\/etusivu\/news\/kokouskutsu-turun-kyn-kevatkokous-14-5-2020\/#primaryimage"},"image":{"@id":"https:\/\/www.tuky.fi\/etusivu\/news\/kokouskutsu-turun-kyn-kevatkokous-14-5-2020\/#primaryimage"},"thumbnailUrl":"http:\/\/www.tuky.fi\/wp-content\/uploads\/2019\/12\/Kallenkuvacropattu-724x1024.png","datePublished":"2020-05-07T14:57:01+00:00","dateModified":"2020-05-07T14:57:08+00:00","breadcrumb":{"@id":"https:\/\/www.tuky.fi\/etusivu\/news\/kokouskutsu-turun-kyn-kevatkokous-14-5-2020\/#breadcrumb"},"inLanguage":"fi","potentialAction":[{"@type":"ReadAction","target":["https:\/\/www.tuky.fi\/etusivu\/news\/kokouskutsu-turun-kyn-kevatkokous-14-5-2020\/"]}]},{"@type":"ImageObject","inLanguage":"fi","@id":"https:\/\/www.tuky.fi\/etusivu\/news\/kokouskutsu-turun-kyn-kevatkokous-14-5-2020\/#primaryimage","url":"http:\/\/www.tuky.fi\/wp-content\/uploads\/2019\/12\/Kallenkuvacropattu-724x1024.png","contentUrl":"http:\/\/www.tuky.fi\/wp-content\/uploads\/2019\/12\/Kallenkuvacropattu-724x1024.png"},{"@type":"BreadcrumbList","@id":"https:\/\/www.tuky.fi\/etusivu\/news\/kokouskutsu-turun-kyn-kevatkokous-14-5-2020\/#breadcrumb","itemListElement":[{"@type":"ListItem","position":1,"name":"Etusivu","item":"https:\/\/www.tuky.fi\/etusivu\/"},{"@type":"ListItem","position":2,"name":"KOKOUSKUTSU: Turun KY:n kev\u00e4tkokous 14.5.2020"}]},{"@type":"WebSite","@id":"https:\/\/www.tuky.fi\/etusivu\/#website","url":"https:\/\/www.tuky.fi\/etusivu\/","name":"Turun KY","description":"TuKY","publisher":{"@id":"https:\/\/www.tuky.fi\/etusivu\/#organization"},"alternateName":"TuKY","potentialAction":[{"@type":"SearchAction","target":{"@type":"EntryPoint","urlTemplate":"https:\/\/www.tuky.fi\/etusivu\/?s={search_term_string}"},"query-input":{"@type":"PropertyValueSpecification","valueRequired":true,"valueName":"search_term_string"}}],"inLanguage":"fi"},{"@type":"Organization","@id":"https:\/\/www.tuky.fi\/etusivu\/#organization","name":"Turun KY","alternateName":"TuKY","url":"https:\/\/www.tuky.fi\/etusivu\/","logo":{"@type":"ImageObject","inLanguage":"fi","@id":"https:\/\/www.tuky.fi\/etusivu\/#\/schema\/logo\/image\/","url":"https:\/\/www.tuky.fi\/wp-content\/uploads\/2024\/09\/TuKY-logo-kulta-1.png","contentUrl":"https:\/\/www.tuky.fi\/wp-content\/uploads\/2024\/09\/TuKY-logo-kulta-1.png","width":1080,"height":1080,"caption":"Turun KY"},"image":{"@id":"https:\/\/www.tuky.fi\/etusivu\/#\/schema\/logo\/image\/"},"sameAs":["https:\/\/instagram.com\/turunky","https:\/\/linkedin.com\/turunky"]},{"@type":"Person","@id":"https:\/\/www.tuky.fi\/etusivu\/#\/schema\/person\/479eb0d4ef732e133e3a76f9b7659a39","name":"admin","image":{"@type":"ImageObject","inLanguage":"fi","@id":"https:\/\/secure.gravatar.com\/avatar\/afbe741656101229147e16716fbedbcade65018caf8c467f89b9abae7aaffeea?s=96&d=mm&r=g","url":"https:\/\/secure.gravatar.com\/avatar\/afbe741656101229147e16716fbedbcade65018caf8c467f89b9abae7aaffeea?s=96&d=mm&r=g","contentUrl":"https:\/\/secure.gravatar.com\/avatar\/afbe741656101229147e16716fbedbcade65018caf8c467f89b9abae7aaffeea?s=96&d=mm&r=g","caption":"admin"},"url":"https:\/\/www.tuky.fi\/etusivu\/author\/admin\/"}]}},"lang":"fi","translations":{"fi":36057},"pll_sync_post":[],"_links":{"self":[{"href":"https:\/\/www.tuky.fi\/etusivu\/wp-json\/wp\/v2\/posts\/36057","targetHints":{"allow":["GET"]}}],"collection":[{"href":"https:\/\/www.tuky.fi\/etusivu\/wp-json\/wp\/v2\/posts"}],"about":[{"href":"https:\/\/www.tuky.fi\/etusivu\/wp-json\/wp\/v2\/types\/post"}],"author":[{"embeddable":true,"href":"https:\/\/www.tuky.fi\/etusivu\/wp-json\/wp\/v2\/users\/1"}],"replies":[{"embeddable":true,"href":"https:\/\/www.tuky.fi\/etusivu\/wp-json\/wp\/v2\/comments?post=36057"}],"version-history":[{"count":0,"href":"https:\/\/www.tuky.fi\/etusivu\/wp-json\/wp\/v2\/posts\/36057\/revisions"}],"wp:attachment":[{"href":"https:\/\/www.tuky.fi\/etusivu\/wp-json\/wp\/v2\/media?parent=36057"}],"wp:term":[{"taxonomy":"category","embeddable":true,"href":"https:\/\/www.tuky.fi\/etusivu\/wp-json\/wp\/v2\/categories?post=36057"},{"taxonomy":"post_tag","embeddable":true,"href":"https:\/\/www.tuky.fi\/etusivu\/wp-json\/wp\/v2\/tags?post=36057"}],"curies":[{"name":"wp","href":"https:\/\/api.w.org\/{rel}","templated":true}]}}