{"id":35788,"date":"2020-03-15T20:04:40","date_gmt":"2020-03-15T17:04:40","guid":{"rendered":"http:\/\/www.tuky.fi\/etusivu\/?p=35788"},"modified":"2020-03-15T20:04:44","modified_gmt":"2020-03-15T17:04:44","slug":"turun-ky-hakee-talouspaallikkoa-5","status":"publish","type":"post","link":"https:\/\/www.tuky.fi\/etusivu\/news\/turun-ky-hakee-talouspaallikkoa-5\/","title":{"rendered":"Turun KY hakee talousp\u00e4\u00e4llikk\u00f6\u00e4"},"content":{"rendered":"\n<p>Turun KY hakee\u00a0<strong>talousp\u00e4\u00e4llikk\u00f6\u00e4<\/strong>\u00a01.4.2020 alkavaan ty\u00f6suhteeseen. Uusi talousp\u00e4\u00e4llikk\u00f6 tulee ty\u00f6skentelem\u00e4\u00e4n huhtikuun ajan yhdess\u00e4 ty\u00f6teht\u00e4v\u00e4\u00e4n perehtyen nykyisen talousp\u00e4\u00e4llik\u00f6n kanssa ja jatkaa itsen\u00e4isesti ty\u00f6ss\u00e4\u00e4n 1.5. alkaen. Talousp\u00e4\u00e4llikk\u00f6 vastaa yhdistyksen p\u00e4ivitt\u00e4istaloudesta yhdess\u00e4 hallituksen ja taloustoimikunnan puheenjohtajan kanssa. Toimi tarjoaa arvokasta kokemusta taloushallinnon teht\u00e4vist\u00e4.\u00a0<\/p>\n\n\n\n<p><strong>Talousp\u00e4\u00e4llik\u00f6n teht\u00e4viin kuuluvat\u00a0muun muassa<\/strong>:<\/p>\n\n\n\n<p>\u00a0\u2022\u00a0P\u00e4ivitt\u00e4istalouden hoitaminen: laskujen maksu, laskutus, kirjanpito, tilinp\u00e4\u00e4t\u00f6s, palkanlaskenta, viranomaisilmoitukset<\/p>\n\n\n\n<p>\u2022\u00a0Jaostojen ja toimijaryhmien talousneuvonta Talousraportointi ja -suunnittelu<\/p>\n\n\n\n<p>\u2022\u00a0Taloustoimikunnan sihteerin\u00e4 toimiminen<\/p>\n\n\n\n<p>\u2022\u00a0Turun KY:n hallituksen kokouksiin osallistuminen\u00a0<\/p>\n\n\n\n<p><strong>Hakijalta edellytet\u00e4\u00e4n:<\/strong>\u00a0<\/p>\n\n\n\n<p>\u2022\u00a0Perehtyneisyytt\u00e4 Turun KY:n toimintaan<\/p>\n\n\n\n<p>\u2022\u00a0Hyvi\u00e4 perustietoja laskentatoimesta<\/p>\n\n\n\n<p>\u2022\u00a0Hyvi\u00e4 vuorovaikutustaitoja ja kyky\u00e4 sujuvaan suulliseen ja kirjalliseen viestint\u00e4\u00e4n<\/p>\n\n\n\n<p>\u2022\u00a0Tarkkuutta, huolellisuutta ja oma-aloitteisuutta\u00a0<\/p>\n\n\n\n<p><strong>Eduksi luetaan:<\/strong>\u00a0<\/p>\n\n\n\n<p>\u2022\u00a0Aikaisempi ty\u00f6kokemus taloudenhoidosta ja kirjanpidosta<\/p>\n\n\n\n<p>\u2022\u00a0Aikaisempi toiminta Turun KY:ss\u00e4 tai muussa opiskelijaj\u00e4rjest\u00f6ss\u00e4<\/p>\n\n\n\n<p>\u00a0<strong>Tarjoamme:<\/strong>\u00a0<\/p>\n\n\n\n<p>\u2022\u00a0Monipuolisen ja itsen\u00e4isen teht\u00e4v\u00e4kuvan<\/p>\n\n\n\n<p>\u2022\u00a0Nuorekkaan ty\u00f6yhteis\u00f6n<\/p>\n\n\n\n<p>\u2022\u00a0Joustavat ty\u00f6ajat<\/p>\n\n\n\n<p>\u2022\u00a0Kattavan perehdytyksen ja koulutuksen ty\u00f6teht\u00e4v\u00e4\u00e4n<\/p>\n\n\n\n<p>\u2022\u00a0Arvokasta ty\u00f6kokemusta opintojen oheen taloushallinnon teht\u00e4vist\u00e4\u00a0<\/p>\n\n\n\n<p>Talousp\u00e4\u00e4llik\u00f6n ty\u00f6suhde on osa-aikainen, noin 5\u201310 h\/vko. Ty\u00f6suhde on m\u00e4\u00e4r\u00e4aikainen ensimm\u00e4isen vuoden ajan, jonka j\u00e4lkeen se jatkuu toistaiseksi voimassa olevana. Palkkaus on opintotukiyst\u00e4v\u00e4llinen. Toimi mahdollistaa normaalin koulunk\u00e4ynnin ja kes\u00e4kuukausina voi tehd\u00e4 my\u00f6s muita kes\u00e4t\u00f6it\u00e4.\u00a0<\/p>\n\n\n\n<p>Hakemukset ansioluetteloineen tulee toimittaa Turun kauppatieteiden ylioppilaat ry:n puheenjohtaja\u00a0<strong>Kalle Kahanp\u00e4\u00e4lle<\/strong>\u00a0s\u00e4hk\u00f6postitse\u00a0<strong>osoitteeseen puheenjohtaja@tuky.fi tiistaihin 24.3.2020 klo 23.59 menness\u00e4.<\/strong><\/p>\n\n\n\n<p>Haastattelut pidet\u00e4\u00e4n saman viikon aikana\u00a0<strong>25.-27.3.2020<\/strong>, joten varaathan t\u00e4m\u00e4n kalenteristasi. Perehdytys aloitetaan v\u00e4litt\u00f6m\u00e4sti valinnan j\u00e4lkeen.\u00a0Lis\u00e4tietoja teht\u00e4v\u00e4\u00e4n liittyen antaa talousp\u00e4\u00e4llikk\u00f6\u00a0<strong>Ville Hiltunen<\/strong>\u00a0s\u00e4hk\u00f6postitse\u00a0<strong>talouspaallikko@tuky.fi<\/strong>\u00a0tai puhelimitse\u00a0<strong>044 559 9977<\/strong>.\u200b<\/p>\n","protected":false},"excerpt":{"rendered":"<p>Turun KY hakee\u00a0talousp\u00e4\u00e4llikk\u00f6\u00e4\u00a01.4.2020 alkavaan ty\u00f6suhteeseen. Uusi talousp\u00e4\u00e4llikk\u00f6 tulee ty\u00f6skentelem\u00e4\u00e4n huhtikuun ajan yhdess\u00e4 ty\u00f6teht\u00e4v\u00e4\u00e4n perehtyen nykyisen talousp\u00e4\u00e4llik\u00f6n kanssa ja jatkaa itsen\u00e4isesti ty\u00f6ss\u00e4\u00e4n 1.5. alkaen. Talousp\u00e4\u00e4llikk\u00f6 vastaa yhdistyksen p\u00e4ivitt\u00e4istaloudesta yhdess\u00e4 hallituksen ja [&hellip;]<\/p>\n","protected":false},"author":1,"featured_media":0,"comment_status":"open","ping_status":"open","sticky":false,"template":"","format":"standard","meta":{"_et_pb_use_builder":"off","_et_pb_old_content":"","_et_gb_content_width":"","footnotes":""},"categories":[4],"tags":[],"class_list":["post-35788","post","type-post","status-publish","format-standard","hentry","category-news"],"yoast_head":"<!-- This site is optimized with the Yoast SEO plugin v27.2 - https:\/\/yoast.com\/product\/yoast-seo-wordpress\/ -->\n<title>Turun KY hakee talousp\u00e4\u00e4llikk\u00f6\u00e4 - Turun KY<\/title>\n<meta name=\"robots\" content=\"index, follow, max-snippet:-1, max-image-preview:large, max-video-preview:-1\" \/>\n<link rel=\"canonical\" href=\"https:\/\/www.tuky.fi\/etusivu\/news\/turun-ky-hakee-talouspaallikkoa-5\/\" \/>\n<meta property=\"og:locale\" content=\"fi_FI\" \/>\n<meta property=\"og:type\" content=\"article\" \/>\n<meta property=\"og:title\" content=\"Turun KY hakee talousp\u00e4\u00e4llikk\u00f6\u00e4 - Turun KY\" \/>\n<meta property=\"og:description\" content=\"Turun KY hakee\u00a0talousp\u00e4\u00e4llikk\u00f6\u00e4\u00a01.4.2020 alkavaan ty\u00f6suhteeseen. Uusi talousp\u00e4\u00e4llikk\u00f6 tulee ty\u00f6skentelem\u00e4\u00e4n huhtikuun ajan yhdess\u00e4 ty\u00f6teht\u00e4v\u00e4\u00e4n perehtyen nykyisen talousp\u00e4\u00e4llik\u00f6n kanssa ja jatkaa itsen\u00e4isesti ty\u00f6ss\u00e4\u00e4n 1.5. alkaen. Talousp\u00e4\u00e4llikk\u00f6 vastaa yhdistyksen p\u00e4ivitt\u00e4istaloudesta yhdess\u00e4 hallituksen ja [&hellip;]\" \/>\n<meta property=\"og:url\" content=\"https:\/\/www.tuky.fi\/etusivu\/news\/turun-ky-hakee-talouspaallikkoa-5\/\" \/>\n<meta property=\"og:site_name\" content=\"Turun KY\" \/>\n<meta property=\"article:published_time\" content=\"2020-03-15T17:04:40+00:00\" \/>\n<meta property=\"article:modified_time\" content=\"2020-03-15T17:04:44+00:00\" \/>\n<meta name=\"author\" content=\"admin\" \/>\n<meta name=\"twitter:card\" content=\"summary_large_image\" \/>\n<meta name=\"twitter:label1\" content=\"Kirjoittanut\" \/>\n\t<meta name=\"twitter:data1\" content=\"admin\" \/>\n\t<meta name=\"twitter:label2\" content=\"Arvioitu lukuaika\" \/>\n\t<meta name=\"twitter:data2\" content=\"1 minuutti\" \/>\n<script type=\"application\/ld+json\" class=\"yoast-schema-graph\">{\"@context\":\"https:\/\/schema.org\",\"@graph\":[{\"@type\":\"Article\",\"@id\":\"https:\/\/www.tuky.fi\/etusivu\/news\/turun-ky-hakee-talouspaallikkoa-5\/#article\",\"isPartOf\":{\"@id\":\"https:\/\/www.tuky.fi\/etusivu\/news\/turun-ky-hakee-talouspaallikkoa-5\/\"},\"author\":{\"name\":\"admin\",\"@id\":\"https:\/\/www.tuky.fi\/etusivu\/#\/schema\/person\/479eb0d4ef732e133e3a76f9b7659a39\"},\"headline\":\"Turun KY hakee talousp\u00e4\u00e4llikk\u00f6\u00e4\",\"datePublished\":\"2020-03-15T17:04:40+00:00\",\"dateModified\":\"2020-03-15T17:04:44+00:00\",\"mainEntityOfPage\":{\"@id\":\"https:\/\/www.tuky.fi\/etusivu\/news\/turun-ky-hakee-talouspaallikkoa-5\/\"},\"wordCount\":285,\"commentCount\":0,\"publisher\":{\"@id\":\"https:\/\/www.tuky.fi\/etusivu\/#organization\"},\"articleSection\":[\"news\"],\"inLanguage\":\"fi\",\"potentialAction\":[{\"@type\":\"CommentAction\",\"name\":\"Comment\",\"target\":[\"https:\/\/www.tuky.fi\/etusivu\/news\/turun-ky-hakee-talouspaallikkoa-5\/#respond\"]}]},{\"@type\":\"WebPage\",\"@id\":\"https:\/\/www.tuky.fi\/etusivu\/news\/turun-ky-hakee-talouspaallikkoa-5\/\",\"url\":\"https:\/\/www.tuky.fi\/etusivu\/news\/turun-ky-hakee-talouspaallikkoa-5\/\",\"name\":\"Turun KY hakee talousp\u00e4\u00e4llikk\u00f6\u00e4 - Turun KY\",\"isPartOf\":{\"@id\":\"https:\/\/www.tuky.fi\/etusivu\/#website\"},\"datePublished\":\"2020-03-15T17:04:40+00:00\",\"dateModified\":\"2020-03-15T17:04:44+00:00\",\"breadcrumb\":{\"@id\":\"https:\/\/www.tuky.fi\/etusivu\/news\/turun-ky-hakee-talouspaallikkoa-5\/#breadcrumb\"},\"inLanguage\":\"fi\",\"potentialAction\":[{\"@type\":\"ReadAction\",\"target\":[\"https:\/\/www.tuky.fi\/etusivu\/news\/turun-ky-hakee-talouspaallikkoa-5\/\"]}]},{\"@type\":\"BreadcrumbList\",\"@id\":\"https:\/\/www.tuky.fi\/etusivu\/news\/turun-ky-hakee-talouspaallikkoa-5\/#breadcrumb\",\"itemListElement\":[{\"@type\":\"ListItem\",\"position\":1,\"name\":\"Etusivu\",\"item\":\"https:\/\/www.tuky.fi\/etusivu\/\"},{\"@type\":\"ListItem\",\"position\":2,\"name\":\"Turun KY hakee talousp\u00e4\u00e4llikk\u00f6\u00e4\"}]},{\"@type\":\"WebSite\",\"@id\":\"https:\/\/www.tuky.fi\/etusivu\/#website\",\"url\":\"https:\/\/www.tuky.fi\/etusivu\/\",\"name\":\"Turun KY\",\"description\":\"TuKY\",\"publisher\":{\"@id\":\"https:\/\/www.tuky.fi\/etusivu\/#organization\"},\"alternateName\":\"TuKY\",\"potentialAction\":[{\"@type\":\"SearchAction\",\"target\":{\"@type\":\"EntryPoint\",\"urlTemplate\":\"https:\/\/www.tuky.fi\/etusivu\/?s={search_term_string}\"},\"query-input\":{\"@type\":\"PropertyValueSpecification\",\"valueRequired\":true,\"valueName\":\"search_term_string\"}}],\"inLanguage\":\"fi\"},{\"@type\":\"Organization\",\"@id\":\"https:\/\/www.tuky.fi\/etusivu\/#organization\",\"name\":\"Turun KY\",\"alternateName\":\"TuKY\",\"url\":\"https:\/\/www.tuky.fi\/etusivu\/\",\"logo\":{\"@type\":\"ImageObject\",\"inLanguage\":\"fi\",\"@id\":\"https:\/\/www.tuky.fi\/etusivu\/#\/schema\/logo\/image\/\",\"url\":\"https:\/\/www.tuky.fi\/wp-content\/uploads\/2024\/09\/TuKY-logo-kulta-1.png\",\"contentUrl\":\"https:\/\/www.tuky.fi\/wp-content\/uploads\/2024\/09\/TuKY-logo-kulta-1.png\",\"width\":1080,\"height\":1080,\"caption\":\"Turun KY\"},\"image\":{\"@id\":\"https:\/\/www.tuky.fi\/etusivu\/#\/schema\/logo\/image\/\"},\"sameAs\":[\"https:\/\/instagram.com\/turunky\",\"https:\/\/linkedin.com\/turunky\"]},{\"@type\":\"Person\",\"@id\":\"https:\/\/www.tuky.fi\/etusivu\/#\/schema\/person\/479eb0d4ef732e133e3a76f9b7659a39\",\"name\":\"admin\",\"image\":{\"@type\":\"ImageObject\",\"inLanguage\":\"fi\",\"@id\":\"https:\/\/secure.gravatar.com\/avatar\/afbe741656101229147e16716fbedbcade65018caf8c467f89b9abae7aaffeea?s=96&d=mm&r=g\",\"url\":\"https:\/\/secure.gravatar.com\/avatar\/afbe741656101229147e16716fbedbcade65018caf8c467f89b9abae7aaffeea?s=96&d=mm&r=g\",\"contentUrl\":\"https:\/\/secure.gravatar.com\/avatar\/afbe741656101229147e16716fbedbcade65018caf8c467f89b9abae7aaffeea?s=96&d=mm&r=g\",\"caption\":\"admin\"},\"url\":\"https:\/\/www.tuky.fi\/etusivu\/author\/admin\/\"}]}<\/script>\n<!-- \/ Yoast SEO plugin. -->","yoast_head_json":{"title":"Turun KY hakee talousp\u00e4\u00e4llikk\u00f6\u00e4 - Turun KY","robots":{"index":"index","follow":"follow","max-snippet":"max-snippet:-1","max-image-preview":"max-image-preview:large","max-video-preview":"max-video-preview:-1"},"canonical":"https:\/\/www.tuky.fi\/etusivu\/news\/turun-ky-hakee-talouspaallikkoa-5\/","og_locale":"fi_FI","og_type":"article","og_title":"Turun KY hakee talousp\u00e4\u00e4llikk\u00f6\u00e4 - Turun KY","og_description":"Turun KY hakee\u00a0talousp\u00e4\u00e4llikk\u00f6\u00e4\u00a01.4.2020 alkavaan ty\u00f6suhteeseen. Uusi talousp\u00e4\u00e4llikk\u00f6 tulee ty\u00f6skentelem\u00e4\u00e4n huhtikuun ajan yhdess\u00e4 ty\u00f6teht\u00e4v\u00e4\u00e4n perehtyen nykyisen talousp\u00e4\u00e4llik\u00f6n kanssa ja jatkaa itsen\u00e4isesti ty\u00f6ss\u00e4\u00e4n 1.5. alkaen. Talousp\u00e4\u00e4llikk\u00f6 vastaa yhdistyksen p\u00e4ivitt\u00e4istaloudesta yhdess\u00e4 hallituksen ja [&hellip;]","og_url":"https:\/\/www.tuky.fi\/etusivu\/news\/turun-ky-hakee-talouspaallikkoa-5\/","og_site_name":"Turun KY","article_published_time":"2020-03-15T17:04:40+00:00","article_modified_time":"2020-03-15T17:04:44+00:00","author":"admin","twitter_card":"summary_large_image","twitter_misc":{"Kirjoittanut":"admin","Arvioitu lukuaika":"1 minuutti"},"schema":{"@context":"https:\/\/schema.org","@graph":[{"@type":"Article","@id":"https:\/\/www.tuky.fi\/etusivu\/news\/turun-ky-hakee-talouspaallikkoa-5\/#article","isPartOf":{"@id":"https:\/\/www.tuky.fi\/etusivu\/news\/turun-ky-hakee-talouspaallikkoa-5\/"},"author":{"name":"admin","@id":"https:\/\/www.tuky.fi\/etusivu\/#\/schema\/person\/479eb0d4ef732e133e3a76f9b7659a39"},"headline":"Turun KY hakee talousp\u00e4\u00e4llikk\u00f6\u00e4","datePublished":"2020-03-15T17:04:40+00:00","dateModified":"2020-03-15T17:04:44+00:00","mainEntityOfPage":{"@id":"https:\/\/www.tuky.fi\/etusivu\/news\/turun-ky-hakee-talouspaallikkoa-5\/"},"wordCount":285,"commentCount":0,"publisher":{"@id":"https:\/\/www.tuky.fi\/etusivu\/#organization"},"articleSection":["news"],"inLanguage":"fi","potentialAction":[{"@type":"CommentAction","name":"Comment","target":["https:\/\/www.tuky.fi\/etusivu\/news\/turun-ky-hakee-talouspaallikkoa-5\/#respond"]}]},{"@type":"WebPage","@id":"https:\/\/www.tuky.fi\/etusivu\/news\/turun-ky-hakee-talouspaallikkoa-5\/","url":"https:\/\/www.tuky.fi\/etusivu\/news\/turun-ky-hakee-talouspaallikkoa-5\/","name":"Turun KY hakee talousp\u00e4\u00e4llikk\u00f6\u00e4 - Turun KY","isPartOf":{"@id":"https:\/\/www.tuky.fi\/etusivu\/#website"},"datePublished":"2020-03-15T17:04:40+00:00","dateModified":"2020-03-15T17:04:44+00:00","breadcrumb":{"@id":"https:\/\/www.tuky.fi\/etusivu\/news\/turun-ky-hakee-talouspaallikkoa-5\/#breadcrumb"},"inLanguage":"fi","potentialAction":[{"@type":"ReadAction","target":["https:\/\/www.tuky.fi\/etusivu\/news\/turun-ky-hakee-talouspaallikkoa-5\/"]}]},{"@type":"BreadcrumbList","@id":"https:\/\/www.tuky.fi\/etusivu\/news\/turun-ky-hakee-talouspaallikkoa-5\/#breadcrumb","itemListElement":[{"@type":"ListItem","position":1,"name":"Etusivu","item":"https:\/\/www.tuky.fi\/etusivu\/"},{"@type":"ListItem","position":2,"name":"Turun KY hakee talousp\u00e4\u00e4llikk\u00f6\u00e4"}]},{"@type":"WebSite","@id":"https:\/\/www.tuky.fi\/etusivu\/#website","url":"https:\/\/www.tuky.fi\/etusivu\/","name":"Turun KY","description":"TuKY","publisher":{"@id":"https:\/\/www.tuky.fi\/etusivu\/#organization"},"alternateName":"TuKY","potentialAction":[{"@type":"SearchAction","target":{"@type":"EntryPoint","urlTemplate":"https:\/\/www.tuky.fi\/etusivu\/?s={search_term_string}"},"query-input":{"@type":"PropertyValueSpecification","valueRequired":true,"valueName":"search_term_string"}}],"inLanguage":"fi"},{"@type":"Organization","@id":"https:\/\/www.tuky.fi\/etusivu\/#organization","name":"Turun KY","alternateName":"TuKY","url":"https:\/\/www.tuky.fi\/etusivu\/","logo":{"@type":"ImageObject","inLanguage":"fi","@id":"https:\/\/www.tuky.fi\/etusivu\/#\/schema\/logo\/image\/","url":"https:\/\/www.tuky.fi\/wp-content\/uploads\/2024\/09\/TuKY-logo-kulta-1.png","contentUrl":"https:\/\/www.tuky.fi\/wp-content\/uploads\/2024\/09\/TuKY-logo-kulta-1.png","width":1080,"height":1080,"caption":"Turun KY"},"image":{"@id":"https:\/\/www.tuky.fi\/etusivu\/#\/schema\/logo\/image\/"},"sameAs":["https:\/\/instagram.com\/turunky","https:\/\/linkedin.com\/turunky"]},{"@type":"Person","@id":"https:\/\/www.tuky.fi\/etusivu\/#\/schema\/person\/479eb0d4ef732e133e3a76f9b7659a39","name":"admin","image":{"@type":"ImageObject","inLanguage":"fi","@id":"https:\/\/secure.gravatar.com\/avatar\/afbe741656101229147e16716fbedbcade65018caf8c467f89b9abae7aaffeea?s=96&d=mm&r=g","url":"https:\/\/secure.gravatar.com\/avatar\/afbe741656101229147e16716fbedbcade65018caf8c467f89b9abae7aaffeea?s=96&d=mm&r=g","contentUrl":"https:\/\/secure.gravatar.com\/avatar\/afbe741656101229147e16716fbedbcade65018caf8c467f89b9abae7aaffeea?s=96&d=mm&r=g","caption":"admin"},"url":"https:\/\/www.tuky.fi\/etusivu\/author\/admin\/"}]}},"lang":"fi","translations":{"fi":35788},"pll_sync_post":[],"_links":{"self":[{"href":"https:\/\/www.tuky.fi\/etusivu\/wp-json\/wp\/v2\/posts\/35788","targetHints":{"allow":["GET"]}}],"collection":[{"href":"https:\/\/www.tuky.fi\/etusivu\/wp-json\/wp\/v2\/posts"}],"about":[{"href":"https:\/\/www.tuky.fi\/etusivu\/wp-json\/wp\/v2\/types\/post"}],"author":[{"embeddable":true,"href":"https:\/\/www.tuky.fi\/etusivu\/wp-json\/wp\/v2\/users\/1"}],"replies":[{"embeddable":true,"href":"https:\/\/www.tuky.fi\/etusivu\/wp-json\/wp\/v2\/comments?post=35788"}],"version-history":[{"count":0,"href":"https:\/\/www.tuky.fi\/etusivu\/wp-json\/wp\/v2\/posts\/35788\/revisions"}],"wp:attachment":[{"href":"https:\/\/www.tuky.fi\/etusivu\/wp-json\/wp\/v2\/media?parent=35788"}],"wp:term":[{"taxonomy":"category","embeddable":true,"href":"https:\/\/www.tuky.fi\/etusivu\/wp-json\/wp\/v2\/categories?post=35788"},{"taxonomy":"post_tag","embeddable":true,"href":"https:\/\/www.tuky.fi\/etusivu\/wp-json\/wp\/v2\/tags?post=35788"}],"curies":[{"name":"wp","href":"https:\/\/api.w.org\/{rel}","templated":true}]}}