{"id":35769,"date":"2020-03-13T13:35:56","date_gmt":"2020-03-13T10:35:56","guid":{"rendered":"http:\/\/www.tuky.fi\/etusivu\/?p=35769"},"modified":"2020-03-13T13:36:05","modified_gmt":"2020-03-13T10:36:05","slug":"tiedote-koronaviruksen-vaikutuksesta-turun-kyn-toimintaan","status":"publish","type":"post","link":"https:\/\/www.tuky.fi\/etusivu\/news\/tiedote-koronaviruksen-vaikutuksesta-turun-kyn-toimintaan\/","title":{"rendered":"Tiedote Koronaviruksen vaikutuksesta Turun KY:n toimintaan"},"content":{"rendered":"\n<p>Arvon kuntalaiset<\/p>\n\n\n\n<p>Maamme hallitus on eilen linjannut, ett\u00e4 yli 500 ihmisen yleis\u00f6tilaisuudet perutaan toukokuun loppuun saakka Koronavirus-pandemian johdosta. My\u00f6s pienempien tapahtumien j\u00e4rjest\u00e4misen kohdalla on kehotettu k\u00e4ytt\u00e4m\u00e4\u00e4n tarkkaa harkintaa.&nbsp;<\/p>\n\n\n\n<p>Tilanteen vakavuudesta johtuen Turun KY:n hallitus on p\u00e4\u00e4tt\u00e4nyt seurata viranomaisten antamia ohjeita ja perua kaikki Turun KY:n alaiset tapahtumat toistaiseksi 12.4.2020 asti. TuKY Parkki ja Turun KY:n toimisto ovat suljettuina 12.4.2020 asti, joten my\u00f6s p\u00e4ivystysvuorot ovat peruttu. Hallitus seuraa tilanteen kehittymist\u00e4 aktiivisesti ja viestii j\u00e4senist\u00f6lle mahdollisista muutoksista tarvittaessa.<\/p>\n\n\n\n<p>Peruutukset koskevat my\u00f6s TuKY-Speksin n\u00e4yt\u00f6ksi\u00e4, joiden oli m\u00e4\u00e4r\u00e4 alkaa tulevana sunnuntaina 15.3.2020. Speksin n\u00e4yt\u00f6kset pyrit\u00e4\u00e4n siirt\u00e4m\u00e4\u00e4n mahdollisuuksien mukaan alkusyksylle 2020. N\u00e4yt\u00f6sten mahdollisista siirt\u00e4misist\u00e4 ja lippujen muutoksista sek\u00e4 palautuksista tiedotetaan mahdollisimman pian.<\/p>\n\n\n\n<p>Turun KY:n linja pohjautuu Valtioneuvoston, aluehallintoviraston ja Turun yliopiston suosituksiin ja ohjeistuksiin. Turun KY:n teht\u00e4v\u00e4 on valvoa j\u00e4senist\u00f6ns\u00e4 etua ja olemme tehneet linjauksen j\u00e4senist\u00f6mme terveytt\u00e4 ja hyvinvointia ajatellen. Turun KY haluaa toimia yhteiskuntavastuullisesti tilanteessa ja ehk\u00e4ist\u00e4 taudin levi\u00e4mist\u00e4 omalla toiminnallaan.<\/p>\n\n\n\n<p>Tiedotamme maanantaina 30.3.2020 hallituksen kokouksen j\u00e4lkeen lis\u00e4\u00e4 loppukev\u00e4\u00e4n tapahtumista ja k\u00e4yt\u00e4nn\u00f6ist\u00e4.<\/p>\n\n\n\n<p>Tilanne on koko yhteis\u00f6lle eritt\u00e4in harmillinen, ja toivommekin t\u00e4ss\u00e4 ik\u00e4v\u00e4ss\u00e4 tilanteessa ymm\u00e4rryst\u00e4.<\/p>\n\n\n\n<p>Aiheesta nousevat kysymykset voi l\u00e4hett\u00e4\u00e4 osoitteeseen puheenjohtaja@tuky.fi.<\/p>\n\n\n\n<p><a href=\"https:\/\/www.utu.fi\/fi\/ajankohtaista-koronaviruksesta\">Turun yliopiston ohjeistus tilanteessa toimimiseen\u00a0<\/a><\/p>\n\n\n\n<p>Terveisin<\/p>\n\n\n\n<p>Turun KY:n hallitus<br><\/p>\n\n\n\n<p>Dear students,<\/p>\n\n\n\n<p>Finnish Government stated yesterday that events with over 500 participants should be canceled until the 31st of May due to the Corona-pandemic. Turun KY takes this matter very seriously and follows the instructions from the authorities carefully.&nbsp;<\/p>\n\n\n\n<p>Due to the seriousness of the situation, the board of Turun KY has decided to follow the instructions given by the authorities and cancel all events until 12th of April 2020. Events with more than 500 people have been canceled until 31st of May 2020. TuKY Parkki and Turun KY\u2019s office are also closed until 12th of April 2020. We will follow the situation actively and inform about any changes that may be relevant to our members.<br><\/p>\n\n\n\n<p>The cancellations also apply to TuKY-Speksi shows which were scheduled to begin this Sunday 15th of March 2020. We will do our best to reschedule the shows to early autumn 2020. We will inform you about possible schedule changes, ticket changes, and returns as soon as possible.<\/p>\n\n\n\n<p>The policy of Turun KY is based on the recommendations and guidelines of the Finnish Government, the Regional Government Office and the University of Turku. Our mission is to secure the health of our members, and we want to act in a socially responsible manner and do our best to prevent the spread of the disease.<\/p>\n\n\n\n<p>Information regarding later events in the spring will be announced after Turun KY\u2019s board meeting on 30th of March 2020<\/p>\n\n\n\n<p>The situation is very unfortunate for the whole community and we ask for your understanding in this matter.&nbsp;<\/p>\n\n\n\n<p><a href=\"https:\/\/www.utu.fi\/en\/information-on-coronavirus\">Instructions of University of Turku on Coronavirus<\/a><\/p>\n\n\n\n<p>Best regards,<\/p>\n\n\n\n<p>Turun KY board<\/p>\n\n\n\n<p><\/p>\n","protected":false},"excerpt":{"rendered":"<p>Arvon kuntalaiset Maamme hallitus on eilen linjannut, ett\u00e4 yli 500 ihmisen yleis\u00f6tilaisuudet perutaan toukokuun loppuun saakka Koronavirus-pandemian johdosta. My\u00f6s pienempien tapahtumien j\u00e4rjest\u00e4misen kohdalla on kehotettu k\u00e4ytt\u00e4m\u00e4\u00e4n tarkkaa harkintaa.&nbsp; Tilanteen vakavuudesta [&hellip;]<\/p>\n","protected":false},"author":1,"featured_media":0,"comment_status":"open","ping_status":"open","sticky":false,"template":"","format":"standard","meta":{"_et_pb_use_builder":"off","_et_pb_old_content":"","_et_gb_content_width":"","footnotes":""},"categories":[4],"tags":[],"class_list":["post-35769","post","type-post","status-publish","format-standard","hentry","category-news"],"yoast_head":"<!-- This site is optimized with the Yoast SEO plugin v27.2 - https:\/\/yoast.com\/product\/yoast-seo-wordpress\/ -->\n<title>Tiedote Koronaviruksen vaikutuksesta Turun KY:n toimintaan - Turun KY<\/title>\n<meta name=\"robots\" content=\"index, follow, max-snippet:-1, max-image-preview:large, max-video-preview:-1\" \/>\n<link rel=\"canonical\" href=\"https:\/\/www.tuky.fi\/etusivu\/news\/tiedote-koronaviruksen-vaikutuksesta-turun-kyn-toimintaan\/\" \/>\n<meta property=\"og:locale\" content=\"fi_FI\" \/>\n<meta property=\"og:type\" content=\"article\" \/>\n<meta property=\"og:title\" content=\"Tiedote Koronaviruksen vaikutuksesta Turun KY:n toimintaan - Turun KY\" \/>\n<meta property=\"og:description\" content=\"Arvon kuntalaiset Maamme hallitus on eilen linjannut, ett\u00e4 yli 500 ihmisen yleis\u00f6tilaisuudet perutaan toukokuun loppuun saakka Koronavirus-pandemian johdosta. My\u00f6s pienempien tapahtumien j\u00e4rjest\u00e4misen kohdalla on kehotettu k\u00e4ytt\u00e4m\u00e4\u00e4n tarkkaa harkintaa.&nbsp; Tilanteen vakavuudesta [&hellip;]\" \/>\n<meta property=\"og:url\" content=\"https:\/\/www.tuky.fi\/etusivu\/news\/tiedote-koronaviruksen-vaikutuksesta-turun-kyn-toimintaan\/\" \/>\n<meta property=\"og:site_name\" content=\"Turun KY\" \/>\n<meta property=\"article:published_time\" content=\"2020-03-13T10:35:56+00:00\" \/>\n<meta property=\"article:modified_time\" content=\"2020-03-13T10:36:05+00:00\" \/>\n<meta name=\"author\" content=\"admin\" \/>\n<meta name=\"twitter:card\" content=\"summary_large_image\" \/>\n<meta name=\"twitter:label1\" content=\"Kirjoittanut\" \/>\n\t<meta name=\"twitter:data1\" content=\"admin\" \/>\n\t<meta name=\"twitter:label2\" content=\"Arvioitu lukuaika\" \/>\n\t<meta name=\"twitter:data2\" content=\"2 minuuttia\" \/>\n<script type=\"application\/ld+json\" class=\"yoast-schema-graph\">{\"@context\":\"https:\/\/schema.org\",\"@graph\":[{\"@type\":\"Article\",\"@id\":\"https:\/\/www.tuky.fi\/etusivu\/news\/tiedote-koronaviruksen-vaikutuksesta-turun-kyn-toimintaan\/#article\",\"isPartOf\":{\"@id\":\"https:\/\/www.tuky.fi\/etusivu\/news\/tiedote-koronaviruksen-vaikutuksesta-turun-kyn-toimintaan\/\"},\"author\":{\"name\":\"admin\",\"@id\":\"https:\/\/www.tuky.fi\/etusivu\/#\/schema\/person\/479eb0d4ef732e133e3a76f9b7659a39\"},\"headline\":\"Tiedote Koronaviruksen vaikutuksesta Turun KY:n toimintaan\",\"datePublished\":\"2020-03-13T10:35:56+00:00\",\"dateModified\":\"2020-03-13T10:36:05+00:00\",\"mainEntityOfPage\":{\"@id\":\"https:\/\/www.tuky.fi\/etusivu\/news\/tiedote-koronaviruksen-vaikutuksesta-turun-kyn-toimintaan\/\"},\"wordCount\":505,\"commentCount\":0,\"publisher\":{\"@id\":\"https:\/\/www.tuky.fi\/etusivu\/#organization\"},\"articleSection\":[\"news\"],\"inLanguage\":\"fi\",\"potentialAction\":[{\"@type\":\"CommentAction\",\"name\":\"Comment\",\"target\":[\"https:\/\/www.tuky.fi\/etusivu\/news\/tiedote-koronaviruksen-vaikutuksesta-turun-kyn-toimintaan\/#respond\"]}]},{\"@type\":\"WebPage\",\"@id\":\"https:\/\/www.tuky.fi\/etusivu\/news\/tiedote-koronaviruksen-vaikutuksesta-turun-kyn-toimintaan\/\",\"url\":\"https:\/\/www.tuky.fi\/etusivu\/news\/tiedote-koronaviruksen-vaikutuksesta-turun-kyn-toimintaan\/\",\"name\":\"Tiedote Koronaviruksen vaikutuksesta Turun KY:n toimintaan - Turun KY\",\"isPartOf\":{\"@id\":\"https:\/\/www.tuky.fi\/etusivu\/#website\"},\"datePublished\":\"2020-03-13T10:35:56+00:00\",\"dateModified\":\"2020-03-13T10:36:05+00:00\",\"breadcrumb\":{\"@id\":\"https:\/\/www.tuky.fi\/etusivu\/news\/tiedote-koronaviruksen-vaikutuksesta-turun-kyn-toimintaan\/#breadcrumb\"},\"inLanguage\":\"fi\",\"potentialAction\":[{\"@type\":\"ReadAction\",\"target\":[\"https:\/\/www.tuky.fi\/etusivu\/news\/tiedote-koronaviruksen-vaikutuksesta-turun-kyn-toimintaan\/\"]}]},{\"@type\":\"BreadcrumbList\",\"@id\":\"https:\/\/www.tuky.fi\/etusivu\/news\/tiedote-koronaviruksen-vaikutuksesta-turun-kyn-toimintaan\/#breadcrumb\",\"itemListElement\":[{\"@type\":\"ListItem\",\"position\":1,\"name\":\"Etusivu\",\"item\":\"https:\/\/www.tuky.fi\/etusivu\/\"},{\"@type\":\"ListItem\",\"position\":2,\"name\":\"Tiedote Koronaviruksen vaikutuksesta Turun KY:n toimintaan\"}]},{\"@type\":\"WebSite\",\"@id\":\"https:\/\/www.tuky.fi\/etusivu\/#website\",\"url\":\"https:\/\/www.tuky.fi\/etusivu\/\",\"name\":\"Turun KY\",\"description\":\"TuKY\",\"publisher\":{\"@id\":\"https:\/\/www.tuky.fi\/etusivu\/#organization\"},\"alternateName\":\"TuKY\",\"potentialAction\":[{\"@type\":\"SearchAction\",\"target\":{\"@type\":\"EntryPoint\",\"urlTemplate\":\"https:\/\/www.tuky.fi\/etusivu\/?s={search_term_string}\"},\"query-input\":{\"@type\":\"PropertyValueSpecification\",\"valueRequired\":true,\"valueName\":\"search_term_string\"}}],\"inLanguage\":\"fi\"},{\"@type\":\"Organization\",\"@id\":\"https:\/\/www.tuky.fi\/etusivu\/#organization\",\"name\":\"Turun KY\",\"alternateName\":\"TuKY\",\"url\":\"https:\/\/www.tuky.fi\/etusivu\/\",\"logo\":{\"@type\":\"ImageObject\",\"inLanguage\":\"fi\",\"@id\":\"https:\/\/www.tuky.fi\/etusivu\/#\/schema\/logo\/image\/\",\"url\":\"https:\/\/www.tuky.fi\/wp-content\/uploads\/2024\/09\/TuKY-logo-kulta-1.png\",\"contentUrl\":\"https:\/\/www.tuky.fi\/wp-content\/uploads\/2024\/09\/TuKY-logo-kulta-1.png\",\"width\":1080,\"height\":1080,\"caption\":\"Turun KY\"},\"image\":{\"@id\":\"https:\/\/www.tuky.fi\/etusivu\/#\/schema\/logo\/image\/\"},\"sameAs\":[\"https:\/\/instagram.com\/turunky\",\"https:\/\/linkedin.com\/turunky\"]},{\"@type\":\"Person\",\"@id\":\"https:\/\/www.tuky.fi\/etusivu\/#\/schema\/person\/479eb0d4ef732e133e3a76f9b7659a39\",\"name\":\"admin\",\"image\":{\"@type\":\"ImageObject\",\"inLanguage\":\"fi\",\"@id\":\"https:\/\/secure.gravatar.com\/avatar\/afbe741656101229147e16716fbedbcade65018caf8c467f89b9abae7aaffeea?s=96&d=mm&r=g\",\"url\":\"https:\/\/secure.gravatar.com\/avatar\/afbe741656101229147e16716fbedbcade65018caf8c467f89b9abae7aaffeea?s=96&d=mm&r=g\",\"contentUrl\":\"https:\/\/secure.gravatar.com\/avatar\/afbe741656101229147e16716fbedbcade65018caf8c467f89b9abae7aaffeea?s=96&d=mm&r=g\",\"caption\":\"admin\"},\"url\":\"https:\/\/www.tuky.fi\/etusivu\/author\/admin\/\"}]}<\/script>\n<!-- \/ Yoast SEO plugin. -->","yoast_head_json":{"title":"Tiedote Koronaviruksen vaikutuksesta Turun KY:n toimintaan - Turun KY","robots":{"index":"index","follow":"follow","max-snippet":"max-snippet:-1","max-image-preview":"max-image-preview:large","max-video-preview":"max-video-preview:-1"},"canonical":"https:\/\/www.tuky.fi\/etusivu\/news\/tiedote-koronaviruksen-vaikutuksesta-turun-kyn-toimintaan\/","og_locale":"fi_FI","og_type":"article","og_title":"Tiedote Koronaviruksen vaikutuksesta Turun KY:n toimintaan - Turun KY","og_description":"Arvon kuntalaiset Maamme hallitus on eilen linjannut, ett\u00e4 yli 500 ihmisen yleis\u00f6tilaisuudet perutaan toukokuun loppuun saakka Koronavirus-pandemian johdosta. My\u00f6s pienempien tapahtumien j\u00e4rjest\u00e4misen kohdalla on kehotettu k\u00e4ytt\u00e4m\u00e4\u00e4n tarkkaa harkintaa.&nbsp; Tilanteen vakavuudesta [&hellip;]","og_url":"https:\/\/www.tuky.fi\/etusivu\/news\/tiedote-koronaviruksen-vaikutuksesta-turun-kyn-toimintaan\/","og_site_name":"Turun KY","article_published_time":"2020-03-13T10:35:56+00:00","article_modified_time":"2020-03-13T10:36:05+00:00","author":"admin","twitter_card":"summary_large_image","twitter_misc":{"Kirjoittanut":"admin","Arvioitu lukuaika":"2 minuuttia"},"schema":{"@context":"https:\/\/schema.org","@graph":[{"@type":"Article","@id":"https:\/\/www.tuky.fi\/etusivu\/news\/tiedote-koronaviruksen-vaikutuksesta-turun-kyn-toimintaan\/#article","isPartOf":{"@id":"https:\/\/www.tuky.fi\/etusivu\/news\/tiedote-koronaviruksen-vaikutuksesta-turun-kyn-toimintaan\/"},"author":{"name":"admin","@id":"https:\/\/www.tuky.fi\/etusivu\/#\/schema\/person\/479eb0d4ef732e133e3a76f9b7659a39"},"headline":"Tiedote Koronaviruksen vaikutuksesta Turun KY:n toimintaan","datePublished":"2020-03-13T10:35:56+00:00","dateModified":"2020-03-13T10:36:05+00:00","mainEntityOfPage":{"@id":"https:\/\/www.tuky.fi\/etusivu\/news\/tiedote-koronaviruksen-vaikutuksesta-turun-kyn-toimintaan\/"},"wordCount":505,"commentCount":0,"publisher":{"@id":"https:\/\/www.tuky.fi\/etusivu\/#organization"},"articleSection":["news"],"inLanguage":"fi","potentialAction":[{"@type":"CommentAction","name":"Comment","target":["https:\/\/www.tuky.fi\/etusivu\/news\/tiedote-koronaviruksen-vaikutuksesta-turun-kyn-toimintaan\/#respond"]}]},{"@type":"WebPage","@id":"https:\/\/www.tuky.fi\/etusivu\/news\/tiedote-koronaviruksen-vaikutuksesta-turun-kyn-toimintaan\/","url":"https:\/\/www.tuky.fi\/etusivu\/news\/tiedote-koronaviruksen-vaikutuksesta-turun-kyn-toimintaan\/","name":"Tiedote Koronaviruksen vaikutuksesta Turun KY:n toimintaan - Turun KY","isPartOf":{"@id":"https:\/\/www.tuky.fi\/etusivu\/#website"},"datePublished":"2020-03-13T10:35:56+00:00","dateModified":"2020-03-13T10:36:05+00:00","breadcrumb":{"@id":"https:\/\/www.tuky.fi\/etusivu\/news\/tiedote-koronaviruksen-vaikutuksesta-turun-kyn-toimintaan\/#breadcrumb"},"inLanguage":"fi","potentialAction":[{"@type":"ReadAction","target":["https:\/\/www.tuky.fi\/etusivu\/news\/tiedote-koronaviruksen-vaikutuksesta-turun-kyn-toimintaan\/"]}]},{"@type":"BreadcrumbList","@id":"https:\/\/www.tuky.fi\/etusivu\/news\/tiedote-koronaviruksen-vaikutuksesta-turun-kyn-toimintaan\/#breadcrumb","itemListElement":[{"@type":"ListItem","position":1,"name":"Etusivu","item":"https:\/\/www.tuky.fi\/etusivu\/"},{"@type":"ListItem","position":2,"name":"Tiedote Koronaviruksen vaikutuksesta Turun KY:n toimintaan"}]},{"@type":"WebSite","@id":"https:\/\/www.tuky.fi\/etusivu\/#website","url":"https:\/\/www.tuky.fi\/etusivu\/","name":"Turun KY","description":"TuKY","publisher":{"@id":"https:\/\/www.tuky.fi\/etusivu\/#organization"},"alternateName":"TuKY","potentialAction":[{"@type":"SearchAction","target":{"@type":"EntryPoint","urlTemplate":"https:\/\/www.tuky.fi\/etusivu\/?s={search_term_string}"},"query-input":{"@type":"PropertyValueSpecification","valueRequired":true,"valueName":"search_term_string"}}],"inLanguage":"fi"},{"@type":"Organization","@id":"https:\/\/www.tuky.fi\/etusivu\/#organization","name":"Turun KY","alternateName":"TuKY","url":"https:\/\/www.tuky.fi\/etusivu\/","logo":{"@type":"ImageObject","inLanguage":"fi","@id":"https:\/\/www.tuky.fi\/etusivu\/#\/schema\/logo\/image\/","url":"https:\/\/www.tuky.fi\/wp-content\/uploads\/2024\/09\/TuKY-logo-kulta-1.png","contentUrl":"https:\/\/www.tuky.fi\/wp-content\/uploads\/2024\/09\/TuKY-logo-kulta-1.png","width":1080,"height":1080,"caption":"Turun KY"},"image":{"@id":"https:\/\/www.tuky.fi\/etusivu\/#\/schema\/logo\/image\/"},"sameAs":["https:\/\/instagram.com\/turunky","https:\/\/linkedin.com\/turunky"]},{"@type":"Person","@id":"https:\/\/www.tuky.fi\/etusivu\/#\/schema\/person\/479eb0d4ef732e133e3a76f9b7659a39","name":"admin","image":{"@type":"ImageObject","inLanguage":"fi","@id":"https:\/\/secure.gravatar.com\/avatar\/afbe741656101229147e16716fbedbcade65018caf8c467f89b9abae7aaffeea?s=96&d=mm&r=g","url":"https:\/\/secure.gravatar.com\/avatar\/afbe741656101229147e16716fbedbcade65018caf8c467f89b9abae7aaffeea?s=96&d=mm&r=g","contentUrl":"https:\/\/secure.gravatar.com\/avatar\/afbe741656101229147e16716fbedbcade65018caf8c467f89b9abae7aaffeea?s=96&d=mm&r=g","caption":"admin"},"url":"https:\/\/www.tuky.fi\/etusivu\/author\/admin\/"}]}},"lang":"fi","translations":{"fi":35769},"pll_sync_post":[],"_links":{"self":[{"href":"https:\/\/www.tuky.fi\/etusivu\/wp-json\/wp\/v2\/posts\/35769","targetHints":{"allow":["GET"]}}],"collection":[{"href":"https:\/\/www.tuky.fi\/etusivu\/wp-json\/wp\/v2\/posts"}],"about":[{"href":"https:\/\/www.tuky.fi\/etusivu\/wp-json\/wp\/v2\/types\/post"}],"author":[{"embeddable":true,"href":"https:\/\/www.tuky.fi\/etusivu\/wp-json\/wp\/v2\/users\/1"}],"replies":[{"embeddable":true,"href":"https:\/\/www.tuky.fi\/etusivu\/wp-json\/wp\/v2\/comments?post=35769"}],"version-history":[{"count":0,"href":"https:\/\/www.tuky.fi\/etusivu\/wp-json\/wp\/v2\/posts\/35769\/revisions"}],"wp:attachment":[{"href":"https:\/\/www.tuky.fi\/etusivu\/wp-json\/wp\/v2\/media?parent=35769"}],"wp:term":[{"taxonomy":"category","embeddable":true,"href":"https:\/\/www.tuky.fi\/etusivu\/wp-json\/wp\/v2\/categories?post=35769"},{"taxonomy":"post_tag","embeddable":true,"href":"https:\/\/www.tuky.fi\/etusivu\/wp-json\/wp\/v2\/tags?post=35769"}],"curies":[{"name":"wp","href":"https:\/\/api.w.org\/{rel}","templated":true}]}}