{"id":33189,"date":"2019-09-16T21:13:57","date_gmt":"2019-09-16T18:13:57","guid":{"rendered":"http:\/\/www.tuky.fi\/etusivu\/?p=33189"},"modified":"2019-09-16T21:14:04","modified_gmt":"2019-09-16T18:14:04","slug":"haku-parkkiryhmaan-on-nyt-auki-2","status":"publish","type":"post","link":"https:\/\/www.tuky.fi\/etusivu\/news\/haku-parkkiryhmaan-on-nyt-auki-2\/","title":{"rendered":"Haku Parkkiryhm\u00e4\u00e4n on nyt auki!"},"content":{"rendered":"\n<p>Milt\u00e4 tuntuu oikea valta ja Tuomiokirkon kokoinen\nauktoriteetti? Mit\u00e4 salaisuuksia Parkki k\u00e4tkeek\u00e4\u00e4n sis\u00e4\u00e4ns\u00e4?<\/p>\n\n\n\n<p><strong>Parkkiryhm\u00e4 t\u00e4ydent\u00e4\u00e4 rivej\u00e4\u00e4n kuudella uljaalla\nsoturilla, ja juuri sin\u00e4 saatat olla etsim\u00e4mme henkil\u00f6!<\/strong><\/p>\n\n\n\n<p>Parkkiryhm\u00e4 on Turun KY:n toimielin, joka huolehtii\nParkin toiminnasta, kunnossapidosta ja kehitt\u00e4misest\u00e4 Kuntamestarin johdolla.\nK\u00e4yt\u00e4nn\u00f6ss\u00e4 t\u00e4m\u00e4 tarkoittaa k\u00e4ytt\u00e4jien kouluttamista, tarvittavien hankintojen\ntekoa,&nbsp;siivousj\u00e4ljen tarkistamista&nbsp;sek\u00e4 pienimuotoisia\nhuoltotoimenpiteit\u00e4. Parkkiryhm\u00e4l\u00e4isi\u00e4 ei siis tavata mopinvarresta, vaan he\nk\u00e4skev\u00e4t huolimattomat Parkin varaajat takaisin viimeistelem\u00e4\u00e4n urakkansa.\nRaskas ty\u00f6 vaatii raskaat huvit, ja parkkiryhm\u00e4l\u00e4isi\u00e4 hemmotellaankin muun\nmuassa ilmaisilla Parkin k\u00e4ytt\u00f6oikeuksilla, villeill\u00e4 virkistysilloilla ja\nmuilla mahtavilla bonuksilla. Parkkiryhm\u00e4l\u00e4isen\u00e4 saa my\u00f6s roimasti kokemusta\nvastuuteht\u00e4vist\u00e4 ja uusia yst\u00e4vi\u00e4!<\/p>\n\n\n\n<p>Parkkiryhm\u00e4\u00e4n voivat hakea kaikki Turun KY:n j\u00e4senet\nvuosikurssista riippumatta. Ensisijaisesti haemme kuitenkin ensimm\u00e4isen ja\ntoisen vuosikurssin opiskelijoita jatkuvuuden turvaamiseksi. J\u00e4senyys on voimassa\ntoistaiseksi, edellytyksen\u00e4 kuitenkin v\u00e4hint\u00e4\u00e4n vuoden sitoutuminen Parkkiryhm\u00e4n\ntoimintaan. Parkkiryhm\u00e4n j\u00e4senyys ei est\u00e4 hakemasta muihin vastuuteht\u00e4viin,\nvaan p\u00e4invastoin Parkin tuntemuksesta on hy\u00f6ty\u00e4 monissa muissa pesteiss\u00e4! Ty\u00f6m\u00e4\u00e4r\u00e4\nei my\u00f6sk\u00e4\u00e4n rajoita osallistumista johonkin muuhun toimintaan!<\/p>\n\n\n\n<p>Hakiessa katsotaan\neduksi:<\/p>\n\n\n\n<ul class=\"wp-block-list\"><li><strong>Motivaatio ja sitoutuneisuus<\/strong> Parkkia ja Parkkiryhm\u00e4\u00e4 kohtaan<\/li><li>Luotettavuus ja suoraselk\u00e4isyys<\/li><li>N\u00e4kemys Parkin kehitt\u00e4misest\u00e4<\/li><\/ul>\n\n\n\n<p>Parkkiryhm\u00e4n uudet j\u00e4senet valitaan hakemuksen\nperusteella. L\u00e4het\u00e4 siis vapaamuotoinen hakemuksesi osoitteeseen <a href=\"mailto:kuntamestari@tuky.fi\">kuntamestari@tuky.fi<\/a>, jossa kerrot miksi juuri sinut tulisi valita\nParkkiryhm\u00e4n j\u00e4seneksi. Haku umpeutuu&nbsp;<strong>30.09. Kello 23:59<\/strong>. Voit\nmy\u00f6s kysy\u00e4 lis\u00e4tietoja Parkkiryhm\u00e4n toimintaan tai hakemiseen liittyen edell\u00e4\nmainitun osoitteen kautta.<\/p>\n\n\n\n<p><em>Juho K\u00e4rkk\u00e4inen<br>Kuntamestari \u2013 Turun KY<\/em><\/p>\n\n\n\n<p><\/p>\n\n\n\n<p><\/p>\n","protected":false},"excerpt":{"rendered":"<p>Milt\u00e4 tuntuu oikea valta ja Tuomiokirkon kokoinen auktoriteetti? Mit\u00e4 salaisuuksia Parkki k\u00e4tkeek\u00e4\u00e4n sis\u00e4\u00e4ns\u00e4? Parkkiryhm\u00e4 t\u00e4ydent\u00e4\u00e4 rivej\u00e4\u00e4n kuudella uljaalla soturilla, ja juuri sin\u00e4 saatat olla etsim\u00e4mme henkil\u00f6! Parkkiryhm\u00e4 on Turun KY:n [&hellip;]<\/p>\n","protected":false},"author":3,"featured_media":0,"comment_status":"open","ping_status":"open","sticky":false,"template":"","format":"standard","meta":{"_et_pb_use_builder":"off","_et_pb_old_content":"","_et_gb_content_width":"","footnotes":""},"categories":[4],"tags":[],"class_list":["post-33189","post","type-post","status-publish","format-standard","hentry","category-news"],"yoast_head":"<!-- This site is optimized with the Yoast SEO plugin v27.2 - https:\/\/yoast.com\/product\/yoast-seo-wordpress\/ -->\n<title>Haku Parkkiryhm\u00e4\u00e4n on nyt auki! - Turun KY<\/title>\n<meta name=\"robots\" content=\"index, follow, max-snippet:-1, max-image-preview:large, max-video-preview:-1\" \/>\n<link rel=\"canonical\" href=\"https:\/\/www.tuky.fi\/etusivu\/news\/haku-parkkiryhmaan-on-nyt-auki-2\/\" \/>\n<meta property=\"og:locale\" content=\"fi_FI\" \/>\n<meta property=\"og:type\" content=\"article\" \/>\n<meta property=\"og:title\" content=\"Haku Parkkiryhm\u00e4\u00e4n on nyt auki! - Turun KY\" \/>\n<meta property=\"og:description\" content=\"Milt\u00e4 tuntuu oikea valta ja Tuomiokirkon kokoinen auktoriteetti? Mit\u00e4 salaisuuksia Parkki k\u00e4tkeek\u00e4\u00e4n sis\u00e4\u00e4ns\u00e4? Parkkiryhm\u00e4 t\u00e4ydent\u00e4\u00e4 rivej\u00e4\u00e4n kuudella uljaalla soturilla, ja juuri sin\u00e4 saatat olla etsim\u00e4mme henkil\u00f6! Parkkiryhm\u00e4 on Turun KY:n [&hellip;]\" \/>\n<meta property=\"og:url\" content=\"https:\/\/www.tuky.fi\/etusivu\/news\/haku-parkkiryhmaan-on-nyt-auki-2\/\" \/>\n<meta property=\"og:site_name\" content=\"Turun KY\" \/>\n<meta property=\"article:published_time\" content=\"2019-09-16T18:13:57+00:00\" \/>\n<meta property=\"article:modified_time\" content=\"2019-09-16T18:14:04+00:00\" \/>\n<meta name=\"author\" content=\"Kuntamestari\" \/>\n<meta name=\"twitter:card\" content=\"summary_large_image\" \/>\n<meta name=\"twitter:label1\" content=\"Kirjoittanut\" \/>\n\t<meta name=\"twitter:data1\" content=\"Kuntamestari\" \/>\n\t<meta name=\"twitter:label2\" content=\"Arvioitu lukuaika\" \/>\n\t<meta name=\"twitter:data2\" content=\"1 minuutti\" \/>\n<script type=\"application\/ld+json\" class=\"yoast-schema-graph\">{\"@context\":\"https:\/\/schema.org\",\"@graph\":[{\"@type\":\"Article\",\"@id\":\"https:\/\/www.tuky.fi\/etusivu\/news\/haku-parkkiryhmaan-on-nyt-auki-2\/#article\",\"isPartOf\":{\"@id\":\"https:\/\/www.tuky.fi\/etusivu\/news\/haku-parkkiryhmaan-on-nyt-auki-2\/\"},\"author\":{\"name\":\"Kuntamestari\",\"@id\":\"https:\/\/www.tuky.fi\/etusivu\/#\/schema\/person\/8d886603af3165a55839350ce212bccc\"},\"headline\":\"Haku Parkkiryhm\u00e4\u00e4n on nyt auki!\",\"datePublished\":\"2019-09-16T18:13:57+00:00\",\"dateModified\":\"2019-09-16T18:14:04+00:00\",\"mainEntityOfPage\":{\"@id\":\"https:\/\/www.tuky.fi\/etusivu\/news\/haku-parkkiryhmaan-on-nyt-auki-2\/\"},\"wordCount\":276,\"commentCount\":0,\"publisher\":{\"@id\":\"https:\/\/www.tuky.fi\/etusivu\/#organization\"},\"articleSection\":[\"news\"],\"inLanguage\":\"fi\",\"potentialAction\":[{\"@type\":\"CommentAction\",\"name\":\"Comment\",\"target\":[\"https:\/\/www.tuky.fi\/etusivu\/news\/haku-parkkiryhmaan-on-nyt-auki-2\/#respond\"]}]},{\"@type\":\"WebPage\",\"@id\":\"https:\/\/www.tuky.fi\/etusivu\/news\/haku-parkkiryhmaan-on-nyt-auki-2\/\",\"url\":\"https:\/\/www.tuky.fi\/etusivu\/news\/haku-parkkiryhmaan-on-nyt-auki-2\/\",\"name\":\"Haku Parkkiryhm\u00e4\u00e4n on nyt auki! - Turun KY\",\"isPartOf\":{\"@id\":\"https:\/\/www.tuky.fi\/etusivu\/#website\"},\"datePublished\":\"2019-09-16T18:13:57+00:00\",\"dateModified\":\"2019-09-16T18:14:04+00:00\",\"breadcrumb\":{\"@id\":\"https:\/\/www.tuky.fi\/etusivu\/news\/haku-parkkiryhmaan-on-nyt-auki-2\/#breadcrumb\"},\"inLanguage\":\"fi\",\"potentialAction\":[{\"@type\":\"ReadAction\",\"target\":[\"https:\/\/www.tuky.fi\/etusivu\/news\/haku-parkkiryhmaan-on-nyt-auki-2\/\"]}]},{\"@type\":\"BreadcrumbList\",\"@id\":\"https:\/\/www.tuky.fi\/etusivu\/news\/haku-parkkiryhmaan-on-nyt-auki-2\/#breadcrumb\",\"itemListElement\":[{\"@type\":\"ListItem\",\"position\":1,\"name\":\"Etusivu\",\"item\":\"https:\/\/www.tuky.fi\/etusivu\/\"},{\"@type\":\"ListItem\",\"position\":2,\"name\":\"Haku Parkkiryhm\u00e4\u00e4n on nyt auki!\"}]},{\"@type\":\"WebSite\",\"@id\":\"https:\/\/www.tuky.fi\/etusivu\/#website\",\"url\":\"https:\/\/www.tuky.fi\/etusivu\/\",\"name\":\"Turun KY\",\"description\":\"TuKY\",\"publisher\":{\"@id\":\"https:\/\/www.tuky.fi\/etusivu\/#organization\"},\"alternateName\":\"TuKY\",\"potentialAction\":[{\"@type\":\"SearchAction\",\"target\":{\"@type\":\"EntryPoint\",\"urlTemplate\":\"https:\/\/www.tuky.fi\/etusivu\/?s={search_term_string}\"},\"query-input\":{\"@type\":\"PropertyValueSpecification\",\"valueRequired\":true,\"valueName\":\"search_term_string\"}}],\"inLanguage\":\"fi\"},{\"@type\":\"Organization\",\"@id\":\"https:\/\/www.tuky.fi\/etusivu\/#organization\",\"name\":\"Turun KY\",\"alternateName\":\"TuKY\",\"url\":\"https:\/\/www.tuky.fi\/etusivu\/\",\"logo\":{\"@type\":\"ImageObject\",\"inLanguage\":\"fi\",\"@id\":\"https:\/\/www.tuky.fi\/etusivu\/#\/schema\/logo\/image\/\",\"url\":\"https:\/\/www.tuky.fi\/wp-content\/uploads\/2024\/09\/TuKY-logo-kulta-1.png\",\"contentUrl\":\"https:\/\/www.tuky.fi\/wp-content\/uploads\/2024\/09\/TuKY-logo-kulta-1.png\",\"width\":1080,\"height\":1080,\"caption\":\"Turun KY\"},\"image\":{\"@id\":\"https:\/\/www.tuky.fi\/etusivu\/#\/schema\/logo\/image\/\"},\"sameAs\":[\"https:\/\/instagram.com\/turunky\",\"https:\/\/linkedin.com\/turunky\"]},{\"@type\":\"Person\",\"@id\":\"https:\/\/www.tuky.fi\/etusivu\/#\/schema\/person\/8d886603af3165a55839350ce212bccc\",\"name\":\"Kuntamestari\",\"image\":{\"@type\":\"ImageObject\",\"inLanguage\":\"fi\",\"@id\":\"https:\/\/secure.gravatar.com\/avatar\/49fee48d855879a913f87952dc77fadbc2a62a513f5ceb5ffd9eaa817e1020bb?s=96&d=mm&r=g\",\"url\":\"https:\/\/secure.gravatar.com\/avatar\/49fee48d855879a913f87952dc77fadbc2a62a513f5ceb5ffd9eaa817e1020bb?s=96&d=mm&r=g\",\"contentUrl\":\"https:\/\/secure.gravatar.com\/avatar\/49fee48d855879a913f87952dc77fadbc2a62a513f5ceb5ffd9eaa817e1020bb?s=96&d=mm&r=g\",\"caption\":\"Kuntamestari\"},\"url\":\"https:\/\/www.tuky.fi\/etusivu\/author\/ky-klubimestari\/\"}]}<\/script>\n<!-- \/ Yoast SEO plugin. -->","yoast_head_json":{"title":"Haku Parkkiryhm\u00e4\u00e4n on nyt auki! - Turun KY","robots":{"index":"index","follow":"follow","max-snippet":"max-snippet:-1","max-image-preview":"max-image-preview:large","max-video-preview":"max-video-preview:-1"},"canonical":"https:\/\/www.tuky.fi\/etusivu\/news\/haku-parkkiryhmaan-on-nyt-auki-2\/","og_locale":"fi_FI","og_type":"article","og_title":"Haku Parkkiryhm\u00e4\u00e4n on nyt auki! - Turun KY","og_description":"Milt\u00e4 tuntuu oikea valta ja Tuomiokirkon kokoinen auktoriteetti? Mit\u00e4 salaisuuksia Parkki k\u00e4tkeek\u00e4\u00e4n sis\u00e4\u00e4ns\u00e4? Parkkiryhm\u00e4 t\u00e4ydent\u00e4\u00e4 rivej\u00e4\u00e4n kuudella uljaalla soturilla, ja juuri sin\u00e4 saatat olla etsim\u00e4mme henkil\u00f6! Parkkiryhm\u00e4 on Turun KY:n [&hellip;]","og_url":"https:\/\/www.tuky.fi\/etusivu\/news\/haku-parkkiryhmaan-on-nyt-auki-2\/","og_site_name":"Turun KY","article_published_time":"2019-09-16T18:13:57+00:00","article_modified_time":"2019-09-16T18:14:04+00:00","author":"Kuntamestari","twitter_card":"summary_large_image","twitter_misc":{"Kirjoittanut":"Kuntamestari","Arvioitu lukuaika":"1 minuutti"},"schema":{"@context":"https:\/\/schema.org","@graph":[{"@type":"Article","@id":"https:\/\/www.tuky.fi\/etusivu\/news\/haku-parkkiryhmaan-on-nyt-auki-2\/#article","isPartOf":{"@id":"https:\/\/www.tuky.fi\/etusivu\/news\/haku-parkkiryhmaan-on-nyt-auki-2\/"},"author":{"name":"Kuntamestari","@id":"https:\/\/www.tuky.fi\/etusivu\/#\/schema\/person\/8d886603af3165a55839350ce212bccc"},"headline":"Haku Parkkiryhm\u00e4\u00e4n on nyt auki!","datePublished":"2019-09-16T18:13:57+00:00","dateModified":"2019-09-16T18:14:04+00:00","mainEntityOfPage":{"@id":"https:\/\/www.tuky.fi\/etusivu\/news\/haku-parkkiryhmaan-on-nyt-auki-2\/"},"wordCount":276,"commentCount":0,"publisher":{"@id":"https:\/\/www.tuky.fi\/etusivu\/#organization"},"articleSection":["news"],"inLanguage":"fi","potentialAction":[{"@type":"CommentAction","name":"Comment","target":["https:\/\/www.tuky.fi\/etusivu\/news\/haku-parkkiryhmaan-on-nyt-auki-2\/#respond"]}]},{"@type":"WebPage","@id":"https:\/\/www.tuky.fi\/etusivu\/news\/haku-parkkiryhmaan-on-nyt-auki-2\/","url":"https:\/\/www.tuky.fi\/etusivu\/news\/haku-parkkiryhmaan-on-nyt-auki-2\/","name":"Haku Parkkiryhm\u00e4\u00e4n on nyt auki! - Turun KY","isPartOf":{"@id":"https:\/\/www.tuky.fi\/etusivu\/#website"},"datePublished":"2019-09-16T18:13:57+00:00","dateModified":"2019-09-16T18:14:04+00:00","breadcrumb":{"@id":"https:\/\/www.tuky.fi\/etusivu\/news\/haku-parkkiryhmaan-on-nyt-auki-2\/#breadcrumb"},"inLanguage":"fi","potentialAction":[{"@type":"ReadAction","target":["https:\/\/www.tuky.fi\/etusivu\/news\/haku-parkkiryhmaan-on-nyt-auki-2\/"]}]},{"@type":"BreadcrumbList","@id":"https:\/\/www.tuky.fi\/etusivu\/news\/haku-parkkiryhmaan-on-nyt-auki-2\/#breadcrumb","itemListElement":[{"@type":"ListItem","position":1,"name":"Etusivu","item":"https:\/\/www.tuky.fi\/etusivu\/"},{"@type":"ListItem","position":2,"name":"Haku Parkkiryhm\u00e4\u00e4n on nyt auki!"}]},{"@type":"WebSite","@id":"https:\/\/www.tuky.fi\/etusivu\/#website","url":"https:\/\/www.tuky.fi\/etusivu\/","name":"Turun KY","description":"TuKY","publisher":{"@id":"https:\/\/www.tuky.fi\/etusivu\/#organization"},"alternateName":"TuKY","potentialAction":[{"@type":"SearchAction","target":{"@type":"EntryPoint","urlTemplate":"https:\/\/www.tuky.fi\/etusivu\/?s={search_term_string}"},"query-input":{"@type":"PropertyValueSpecification","valueRequired":true,"valueName":"search_term_string"}}],"inLanguage":"fi"},{"@type":"Organization","@id":"https:\/\/www.tuky.fi\/etusivu\/#organization","name":"Turun KY","alternateName":"TuKY","url":"https:\/\/www.tuky.fi\/etusivu\/","logo":{"@type":"ImageObject","inLanguage":"fi","@id":"https:\/\/www.tuky.fi\/etusivu\/#\/schema\/logo\/image\/","url":"https:\/\/www.tuky.fi\/wp-content\/uploads\/2024\/09\/TuKY-logo-kulta-1.png","contentUrl":"https:\/\/www.tuky.fi\/wp-content\/uploads\/2024\/09\/TuKY-logo-kulta-1.png","width":1080,"height":1080,"caption":"Turun KY"},"image":{"@id":"https:\/\/www.tuky.fi\/etusivu\/#\/schema\/logo\/image\/"},"sameAs":["https:\/\/instagram.com\/turunky","https:\/\/linkedin.com\/turunky"]},{"@type":"Person","@id":"https:\/\/www.tuky.fi\/etusivu\/#\/schema\/person\/8d886603af3165a55839350ce212bccc","name":"Kuntamestari","image":{"@type":"ImageObject","inLanguage":"fi","@id":"https:\/\/secure.gravatar.com\/avatar\/49fee48d855879a913f87952dc77fadbc2a62a513f5ceb5ffd9eaa817e1020bb?s=96&d=mm&r=g","url":"https:\/\/secure.gravatar.com\/avatar\/49fee48d855879a913f87952dc77fadbc2a62a513f5ceb5ffd9eaa817e1020bb?s=96&d=mm&r=g","contentUrl":"https:\/\/secure.gravatar.com\/avatar\/49fee48d855879a913f87952dc77fadbc2a62a513f5ceb5ffd9eaa817e1020bb?s=96&d=mm&r=g","caption":"Kuntamestari"},"url":"https:\/\/www.tuky.fi\/etusivu\/author\/ky-klubimestari\/"}]}},"lang":"fi","translations":{"fi":33189},"pll_sync_post":[],"_links":{"self":[{"href":"https:\/\/www.tuky.fi\/etusivu\/wp-json\/wp\/v2\/posts\/33189","targetHints":{"allow":["GET"]}}],"collection":[{"href":"https:\/\/www.tuky.fi\/etusivu\/wp-json\/wp\/v2\/posts"}],"about":[{"href":"https:\/\/www.tuky.fi\/etusivu\/wp-json\/wp\/v2\/types\/post"}],"author":[{"embeddable":true,"href":"https:\/\/www.tuky.fi\/etusivu\/wp-json\/wp\/v2\/users\/3"}],"replies":[{"embeddable":true,"href":"https:\/\/www.tuky.fi\/etusivu\/wp-json\/wp\/v2\/comments?post=33189"}],"version-history":[{"count":0,"href":"https:\/\/www.tuky.fi\/etusivu\/wp-json\/wp\/v2\/posts\/33189\/revisions"}],"wp:attachment":[{"href":"https:\/\/www.tuky.fi\/etusivu\/wp-json\/wp\/v2\/media?parent=33189"}],"wp:term":[{"taxonomy":"category","embeddable":true,"href":"https:\/\/www.tuky.fi\/etusivu\/wp-json\/wp\/v2\/categories?post=33189"},{"taxonomy":"post_tag","embeddable":true,"href":"https:\/\/www.tuky.fi\/etusivu\/wp-json\/wp\/v2\/tags?post=33189"}],"curies":[{"name":"wp","href":"https:\/\/api.w.org\/{rel}","templated":true}]}}