{"id":19609,"date":"2016-12-04T18:14:56","date_gmt":"2016-12-04T16:14:56","guid":{"rendered":"http:\/\/turunky.fi\/?p=19609"},"modified":"2016-12-04T18:14:56","modified_gmt":"2016-12-04T16:14:56","slug":"turun-ky-hakee-jarjestajaa-4-vuosikurssin-risteilylle","status":"publish","type":"post","link":"https:\/\/www.tuky.fi\/etusivu\/news\/turun-ky-hakee-jarjestajaa-4-vuosikurssin-risteilylle\/","title":{"rendered":"Turun KY hakee j\u00e4rjest\u00e4j\u00e4\u00e4 4. vuosikurssin risteilylle"},"content":{"rendered":"<p>Rakas vuosikurssi 2013,<\/p>\n<p>Turun KY hakee vuosikymmeni\u00e4 vanhan, perinteikk\u00e4\u00e4n ja riemukkaan nelj\u00e4nnen vuosikurssin risteilyn j\u00e4rjest\u00e4ji\u00e4!<\/p>\n<p>Hakea voi yksin tai parina. Turun KY:n hallitus valitsee j\u00e4rjest\u00e4j\u00e4n\/j\u00e4rjest\u00e4j\u00e4parin. Hakijoiden on oltava nelj\u00e4nnen vuosikurssin opiskelijoita, sek\u00e4 TuKYn j\u00e4seni\u00e4. Valintakriteerein\u00e4 toimivat kokemus tapahtumien j\u00e4rjest\u00e4misest\u00e4 sek\u00e4 alustava, mukaansatempaava suunnitelma risteilyn toteuttamiseksi. J\u00e4rjest\u00e4jien k\u00e4yt\u00f6ss\u00e4 on dokumentaatiot edellisten vuosien risteilyist\u00e4.<\/p>\n<p>Kunhan seuraavat reunaehdot t\u00e4yttyv\u00e4t, j\u00e4rjest\u00e4j\u00e4t saavat vapaasti p\u00e4\u00e4tt\u00e4\u00e4 risteilyn sis\u00e4ll\u00f6n:<\/p>\n<p>\u2013 Risteily on pidett\u00e4v\u00e4 maalis-huhtikuussa 2017.<br \/>\n\u2013 Risteilyll\u00e4 t\u00e4ytyy tuoda esiin opintojen loppuvaiheessa olevien kylterien ty\u00f6llistymismahdollisuuksia.<br \/>\n\u2013 Risteilyn tulee olla ilmainen osallistujille (Turun KY:n yrityssuhdesektori tukee t\u00e4m\u00e4n tavoitteen saavuttamisessa).<br \/>\n\u2013 Kaikkien halukkaiden nelj\u00e4nnen vuosikurssin Turun KY:n j\u00e4senten on saatava osallistua risteilylle.<\/p>\n<p>Lis\u00e4tietoja saa Turun KY:n varapuheenjohtaja Santeri Kankaalta\u00a0<a href=\"mailto:vpj@tuky.fi\">vpj@tuky.fi.<\/a><\/p>\n<p>Vapaamuotoinen hakemus tulee toimittaa<strong>\u00a0sunnuntaihin 11.12. kello 23.59 menness\u00e4<\/strong>\u00a0osoitteeseen vpj@tuky.fi.<\/p>\n","protected":false},"excerpt":{"rendered":"<p>Rakas vuosikurssi 2013, Turun KY hakee vuosikymmeni\u00e4 vanhan, perinteikk\u00e4\u00e4n ja riemukkaan nelj\u00e4nnen vuosikurssin risteilyn j\u00e4rjest\u00e4ji\u00e4! Hakea voi yksin tai parina. Turun KY:n hallitus valitsee j\u00e4rjest\u00e4j\u00e4n\/j\u00e4rjest\u00e4j\u00e4parin. Hakijoiden on oltava nelj\u00e4nnen vuosikurssin [&hellip;]<\/p>\n","protected":false},"author":1,"featured_media":0,"comment_status":"open","ping_status":"open","sticky":false,"template":"","format":"standard","meta":{"_et_pb_use_builder":"","_et_pb_old_content":"","_et_gb_content_width":"","footnotes":""},"categories":[4],"tags":[],"class_list":["post-19609","post","type-post","status-publish","format-standard","hentry","category-news"],"yoast_head":"<!-- This site is optimized with the Yoast SEO plugin v27.2 - https:\/\/yoast.com\/product\/yoast-seo-wordpress\/ -->\n<title>Turun KY hakee j\u00e4rjest\u00e4j\u00e4\u00e4 4. vuosikurssin risteilylle - Turun KY<\/title>\n<meta name=\"robots\" content=\"index, follow, max-snippet:-1, max-image-preview:large, max-video-preview:-1\" \/>\n<link rel=\"canonical\" href=\"https:\/\/www.tuky.fi\/etusivu\/news\/turun-ky-hakee-jarjestajaa-4-vuosikurssin-risteilylle\/\" \/>\n<meta property=\"og:locale\" content=\"fi_FI\" \/>\n<meta property=\"og:type\" content=\"article\" \/>\n<meta property=\"og:title\" content=\"Turun KY hakee j\u00e4rjest\u00e4j\u00e4\u00e4 4. vuosikurssin risteilylle - Turun KY\" \/>\n<meta property=\"og:description\" content=\"Rakas vuosikurssi 2013, Turun KY hakee vuosikymmeni\u00e4 vanhan, perinteikk\u00e4\u00e4n ja riemukkaan nelj\u00e4nnen vuosikurssin risteilyn j\u00e4rjest\u00e4ji\u00e4! Hakea voi yksin tai parina. Turun KY:n hallitus valitsee j\u00e4rjest\u00e4j\u00e4n\/j\u00e4rjest\u00e4j\u00e4parin. Hakijoiden on oltava nelj\u00e4nnen vuosikurssin [&hellip;]\" \/>\n<meta property=\"og:url\" content=\"https:\/\/www.tuky.fi\/etusivu\/news\/turun-ky-hakee-jarjestajaa-4-vuosikurssin-risteilylle\/\" \/>\n<meta property=\"og:site_name\" content=\"Turun KY\" \/>\n<meta property=\"article:published_time\" content=\"2016-12-04T16:14:56+00:00\" \/>\n<meta name=\"author\" content=\"admin\" \/>\n<meta name=\"twitter:card\" content=\"summary_large_image\" \/>\n<meta name=\"twitter:label1\" content=\"Kirjoittanut\" \/>\n\t<meta name=\"twitter:data1\" content=\"admin\" \/>\n\t<meta name=\"twitter:label2\" content=\"Arvioitu lukuaika\" \/>\n\t<meta name=\"twitter:data2\" content=\"1 minuutti\" \/>\n<script type=\"application\/ld+json\" class=\"yoast-schema-graph\">{\"@context\":\"https:\/\/schema.org\",\"@graph\":[{\"@type\":\"Article\",\"@id\":\"https:\/\/www.tuky.fi\/etusivu\/news\/turun-ky-hakee-jarjestajaa-4-vuosikurssin-risteilylle\/#article\",\"isPartOf\":{\"@id\":\"https:\/\/www.tuky.fi\/etusivu\/news\/turun-ky-hakee-jarjestajaa-4-vuosikurssin-risteilylle\/\"},\"author\":{\"name\":\"admin\",\"@id\":\"https:\/\/www.tuky.fi\/etusivu\/#\/schema\/person\/479eb0d4ef732e133e3a76f9b7659a39\"},\"headline\":\"Turun KY hakee j\u00e4rjest\u00e4j\u00e4\u00e4 4. vuosikurssin risteilylle\",\"datePublished\":\"2016-12-04T16:14:56+00:00\",\"mainEntityOfPage\":{\"@id\":\"https:\/\/www.tuky.fi\/etusivu\/news\/turun-ky-hakee-jarjestajaa-4-vuosikurssin-risteilylle\/\"},\"wordCount\":165,\"commentCount\":0,\"publisher\":{\"@id\":\"https:\/\/www.tuky.fi\/etusivu\/#organization\"},\"articleSection\":[\"news\"],\"inLanguage\":\"fi\",\"potentialAction\":[{\"@type\":\"CommentAction\",\"name\":\"Comment\",\"target\":[\"https:\/\/www.tuky.fi\/etusivu\/news\/turun-ky-hakee-jarjestajaa-4-vuosikurssin-risteilylle\/#respond\"]}]},{\"@type\":\"WebPage\",\"@id\":\"https:\/\/www.tuky.fi\/etusivu\/news\/turun-ky-hakee-jarjestajaa-4-vuosikurssin-risteilylle\/\",\"url\":\"https:\/\/www.tuky.fi\/etusivu\/news\/turun-ky-hakee-jarjestajaa-4-vuosikurssin-risteilylle\/\",\"name\":\"Turun KY hakee j\u00e4rjest\u00e4j\u00e4\u00e4 4. vuosikurssin risteilylle - Turun KY\",\"isPartOf\":{\"@id\":\"https:\/\/www.tuky.fi\/etusivu\/#website\"},\"datePublished\":\"2016-12-04T16:14:56+00:00\",\"breadcrumb\":{\"@id\":\"https:\/\/www.tuky.fi\/etusivu\/news\/turun-ky-hakee-jarjestajaa-4-vuosikurssin-risteilylle\/#breadcrumb\"},\"inLanguage\":\"fi\",\"potentialAction\":[{\"@type\":\"ReadAction\",\"target\":[\"https:\/\/www.tuky.fi\/etusivu\/news\/turun-ky-hakee-jarjestajaa-4-vuosikurssin-risteilylle\/\"]}]},{\"@type\":\"BreadcrumbList\",\"@id\":\"https:\/\/www.tuky.fi\/etusivu\/news\/turun-ky-hakee-jarjestajaa-4-vuosikurssin-risteilylle\/#breadcrumb\",\"itemListElement\":[{\"@type\":\"ListItem\",\"position\":1,\"name\":\"Etusivu\",\"item\":\"https:\/\/www.tuky.fi\/etusivu\/\"},{\"@type\":\"ListItem\",\"position\":2,\"name\":\"Turun KY hakee j\u00e4rjest\u00e4j\u00e4\u00e4 4. vuosikurssin risteilylle\"}]},{\"@type\":\"WebSite\",\"@id\":\"https:\/\/www.tuky.fi\/etusivu\/#website\",\"url\":\"https:\/\/www.tuky.fi\/etusivu\/\",\"name\":\"Turun KY\",\"description\":\"TuKY\",\"publisher\":{\"@id\":\"https:\/\/www.tuky.fi\/etusivu\/#organization\"},\"alternateName\":\"TuKY\",\"potentialAction\":[{\"@type\":\"SearchAction\",\"target\":{\"@type\":\"EntryPoint\",\"urlTemplate\":\"https:\/\/www.tuky.fi\/etusivu\/?s={search_term_string}\"},\"query-input\":{\"@type\":\"PropertyValueSpecification\",\"valueRequired\":true,\"valueName\":\"search_term_string\"}}],\"inLanguage\":\"fi\"},{\"@type\":\"Organization\",\"@id\":\"https:\/\/www.tuky.fi\/etusivu\/#organization\",\"name\":\"Turun KY\",\"alternateName\":\"TuKY\",\"url\":\"https:\/\/www.tuky.fi\/etusivu\/\",\"logo\":{\"@type\":\"ImageObject\",\"inLanguage\":\"fi\",\"@id\":\"https:\/\/www.tuky.fi\/etusivu\/#\/schema\/logo\/image\/\",\"url\":\"https:\/\/www.tuky.fi\/wp-content\/uploads\/2024\/09\/TuKY-logo-kulta-1.png\",\"contentUrl\":\"https:\/\/www.tuky.fi\/wp-content\/uploads\/2024\/09\/TuKY-logo-kulta-1.png\",\"width\":1080,\"height\":1080,\"caption\":\"Turun KY\"},\"image\":{\"@id\":\"https:\/\/www.tuky.fi\/etusivu\/#\/schema\/logo\/image\/\"},\"sameAs\":[\"https:\/\/instagram.com\/turunky\",\"https:\/\/linkedin.com\/turunky\"]},{\"@type\":\"Person\",\"@id\":\"https:\/\/www.tuky.fi\/etusivu\/#\/schema\/person\/479eb0d4ef732e133e3a76f9b7659a39\",\"name\":\"admin\",\"image\":{\"@type\":\"ImageObject\",\"inLanguage\":\"fi\",\"@id\":\"https:\/\/secure.gravatar.com\/avatar\/afbe741656101229147e16716fbedbcade65018caf8c467f89b9abae7aaffeea?s=96&d=mm&r=g\",\"url\":\"https:\/\/secure.gravatar.com\/avatar\/afbe741656101229147e16716fbedbcade65018caf8c467f89b9abae7aaffeea?s=96&d=mm&r=g\",\"contentUrl\":\"https:\/\/secure.gravatar.com\/avatar\/afbe741656101229147e16716fbedbcade65018caf8c467f89b9abae7aaffeea?s=96&d=mm&r=g\",\"caption\":\"admin\"},\"url\":\"https:\/\/www.tuky.fi\/etusivu\/author\/admin\/\"}]}<\/script>\n<!-- \/ Yoast SEO plugin. -->","yoast_head_json":{"title":"Turun KY hakee j\u00e4rjest\u00e4j\u00e4\u00e4 4. vuosikurssin risteilylle - Turun KY","robots":{"index":"index","follow":"follow","max-snippet":"max-snippet:-1","max-image-preview":"max-image-preview:large","max-video-preview":"max-video-preview:-1"},"canonical":"https:\/\/www.tuky.fi\/etusivu\/news\/turun-ky-hakee-jarjestajaa-4-vuosikurssin-risteilylle\/","og_locale":"fi_FI","og_type":"article","og_title":"Turun KY hakee j\u00e4rjest\u00e4j\u00e4\u00e4 4. vuosikurssin risteilylle - Turun KY","og_description":"Rakas vuosikurssi 2013, Turun KY hakee vuosikymmeni\u00e4 vanhan, perinteikk\u00e4\u00e4n ja riemukkaan nelj\u00e4nnen vuosikurssin risteilyn j\u00e4rjest\u00e4ji\u00e4! Hakea voi yksin tai parina. Turun KY:n hallitus valitsee j\u00e4rjest\u00e4j\u00e4n\/j\u00e4rjest\u00e4j\u00e4parin. Hakijoiden on oltava nelj\u00e4nnen vuosikurssin [&hellip;]","og_url":"https:\/\/www.tuky.fi\/etusivu\/news\/turun-ky-hakee-jarjestajaa-4-vuosikurssin-risteilylle\/","og_site_name":"Turun KY","article_published_time":"2016-12-04T16:14:56+00:00","author":"admin","twitter_card":"summary_large_image","twitter_misc":{"Kirjoittanut":"admin","Arvioitu lukuaika":"1 minuutti"},"schema":{"@context":"https:\/\/schema.org","@graph":[{"@type":"Article","@id":"https:\/\/www.tuky.fi\/etusivu\/news\/turun-ky-hakee-jarjestajaa-4-vuosikurssin-risteilylle\/#article","isPartOf":{"@id":"https:\/\/www.tuky.fi\/etusivu\/news\/turun-ky-hakee-jarjestajaa-4-vuosikurssin-risteilylle\/"},"author":{"name":"admin","@id":"https:\/\/www.tuky.fi\/etusivu\/#\/schema\/person\/479eb0d4ef732e133e3a76f9b7659a39"},"headline":"Turun KY hakee j\u00e4rjest\u00e4j\u00e4\u00e4 4. vuosikurssin risteilylle","datePublished":"2016-12-04T16:14:56+00:00","mainEntityOfPage":{"@id":"https:\/\/www.tuky.fi\/etusivu\/news\/turun-ky-hakee-jarjestajaa-4-vuosikurssin-risteilylle\/"},"wordCount":165,"commentCount":0,"publisher":{"@id":"https:\/\/www.tuky.fi\/etusivu\/#organization"},"articleSection":["news"],"inLanguage":"fi","potentialAction":[{"@type":"CommentAction","name":"Comment","target":["https:\/\/www.tuky.fi\/etusivu\/news\/turun-ky-hakee-jarjestajaa-4-vuosikurssin-risteilylle\/#respond"]}]},{"@type":"WebPage","@id":"https:\/\/www.tuky.fi\/etusivu\/news\/turun-ky-hakee-jarjestajaa-4-vuosikurssin-risteilylle\/","url":"https:\/\/www.tuky.fi\/etusivu\/news\/turun-ky-hakee-jarjestajaa-4-vuosikurssin-risteilylle\/","name":"Turun KY hakee j\u00e4rjest\u00e4j\u00e4\u00e4 4. vuosikurssin risteilylle - Turun KY","isPartOf":{"@id":"https:\/\/www.tuky.fi\/etusivu\/#website"},"datePublished":"2016-12-04T16:14:56+00:00","breadcrumb":{"@id":"https:\/\/www.tuky.fi\/etusivu\/news\/turun-ky-hakee-jarjestajaa-4-vuosikurssin-risteilylle\/#breadcrumb"},"inLanguage":"fi","potentialAction":[{"@type":"ReadAction","target":["https:\/\/www.tuky.fi\/etusivu\/news\/turun-ky-hakee-jarjestajaa-4-vuosikurssin-risteilylle\/"]}]},{"@type":"BreadcrumbList","@id":"https:\/\/www.tuky.fi\/etusivu\/news\/turun-ky-hakee-jarjestajaa-4-vuosikurssin-risteilylle\/#breadcrumb","itemListElement":[{"@type":"ListItem","position":1,"name":"Etusivu","item":"https:\/\/www.tuky.fi\/etusivu\/"},{"@type":"ListItem","position":2,"name":"Turun KY hakee j\u00e4rjest\u00e4j\u00e4\u00e4 4. vuosikurssin risteilylle"}]},{"@type":"WebSite","@id":"https:\/\/www.tuky.fi\/etusivu\/#website","url":"https:\/\/www.tuky.fi\/etusivu\/","name":"Turun KY","description":"TuKY","publisher":{"@id":"https:\/\/www.tuky.fi\/etusivu\/#organization"},"alternateName":"TuKY","potentialAction":[{"@type":"SearchAction","target":{"@type":"EntryPoint","urlTemplate":"https:\/\/www.tuky.fi\/etusivu\/?s={search_term_string}"},"query-input":{"@type":"PropertyValueSpecification","valueRequired":true,"valueName":"search_term_string"}}],"inLanguage":"fi"},{"@type":"Organization","@id":"https:\/\/www.tuky.fi\/etusivu\/#organization","name":"Turun KY","alternateName":"TuKY","url":"https:\/\/www.tuky.fi\/etusivu\/","logo":{"@type":"ImageObject","inLanguage":"fi","@id":"https:\/\/www.tuky.fi\/etusivu\/#\/schema\/logo\/image\/","url":"https:\/\/www.tuky.fi\/wp-content\/uploads\/2024\/09\/TuKY-logo-kulta-1.png","contentUrl":"https:\/\/www.tuky.fi\/wp-content\/uploads\/2024\/09\/TuKY-logo-kulta-1.png","width":1080,"height":1080,"caption":"Turun KY"},"image":{"@id":"https:\/\/www.tuky.fi\/etusivu\/#\/schema\/logo\/image\/"},"sameAs":["https:\/\/instagram.com\/turunky","https:\/\/linkedin.com\/turunky"]},{"@type":"Person","@id":"https:\/\/www.tuky.fi\/etusivu\/#\/schema\/person\/479eb0d4ef732e133e3a76f9b7659a39","name":"admin","image":{"@type":"ImageObject","inLanguage":"fi","@id":"https:\/\/secure.gravatar.com\/avatar\/afbe741656101229147e16716fbedbcade65018caf8c467f89b9abae7aaffeea?s=96&d=mm&r=g","url":"https:\/\/secure.gravatar.com\/avatar\/afbe741656101229147e16716fbedbcade65018caf8c467f89b9abae7aaffeea?s=96&d=mm&r=g","contentUrl":"https:\/\/secure.gravatar.com\/avatar\/afbe741656101229147e16716fbedbcade65018caf8c467f89b9abae7aaffeea?s=96&d=mm&r=g","caption":"admin"},"url":"https:\/\/www.tuky.fi\/etusivu\/author\/admin\/"}]}},"lang":"fi","translations":{"fi":19609},"pll_sync_post":[],"_links":{"self":[{"href":"https:\/\/www.tuky.fi\/etusivu\/wp-json\/wp\/v2\/posts\/19609","targetHints":{"allow":["GET"]}}],"collection":[{"href":"https:\/\/www.tuky.fi\/etusivu\/wp-json\/wp\/v2\/posts"}],"about":[{"href":"https:\/\/www.tuky.fi\/etusivu\/wp-json\/wp\/v2\/types\/post"}],"author":[{"embeddable":true,"href":"https:\/\/www.tuky.fi\/etusivu\/wp-json\/wp\/v2\/users\/1"}],"replies":[{"embeddable":true,"href":"https:\/\/www.tuky.fi\/etusivu\/wp-json\/wp\/v2\/comments?post=19609"}],"version-history":[{"count":0,"href":"https:\/\/www.tuky.fi\/etusivu\/wp-json\/wp\/v2\/posts\/19609\/revisions"}],"wp:attachment":[{"href":"https:\/\/www.tuky.fi\/etusivu\/wp-json\/wp\/v2\/media?parent=19609"}],"wp:term":[{"taxonomy":"category","embeddable":true,"href":"https:\/\/www.tuky.fi\/etusivu\/wp-json\/wp\/v2\/categories?post=19609"},{"taxonomy":"post_tag","embeddable":true,"href":"https:\/\/www.tuky.fi\/etusivu\/wp-json\/wp\/v2\/tags?post=19609"}],"curies":[{"name":"wp","href":"https:\/\/api.w.org\/{rel}","templated":true}]}}