{"id":19607,"date":"2016-12-04T18:40:10","date_gmt":"2016-12-04T16:40:10","guid":{"rendered":"http:\/\/turunky.fi\/?p=19607"},"modified":"2016-12-04T18:40:10","modified_gmt":"2016-12-04T16:40:10","slug":"haku-core-yrityssuhdetiimiin-2017-on-nyt-auki","status":"publish","type":"post","link":"https:\/\/www.tuky.fi\/etusivu\/news\/haku-core-yrityssuhdetiimiin-2017-on-nyt-auki\/","title":{"rendered":"Haku CORE-yrityssuhdetiimiin 2017 on nyt auki! &#8211; Hakuaikaa pidennetty keskiviikkoon 21.12. asti!"},"content":{"rendered":"<p>&nbsp;<\/p>\n<p><img loading=\"lazy\" decoding=\"async\" class=\"size-full wp-image-16768 aligncenter\" src=\"http:\/\/turunky.fi\/wordpress\/wp-content\/uploads\/2015\/11\/corecover-CORE.jpg\" alt=\"corecover CORE\" width=\"851\" height=\"315\" \/><\/p>\n<h3>Haluatko k\u00e4yt\u00e4nn\u00f6n kokemusta liike-el\u00e4m\u00e4st\u00e4 opintojen ohella?<\/h3>\n<p>TuKY Corporate Relations eli TuKYn yrityssuhdetiimi vastaa myyntip\u00e4\u00e4llik\u00f6n johdolla Turun KY:n yrityssuhteista.\u00a0Yrityssuhdetiimi tarjoaa mahdollisuuden oppia neuvottelutaitoja, verkostoitua sek\u00e4 kehitt\u00e4\u00e4 omia myyntitaktiikoita. Yrityssuhdetiimin teht\u00e4v\u00e4n\u00e4 on toteuttaa yhdistyksen varainhankintaa, hankkia j\u00e4senetuuksia j\u00e4senist\u00f6llemme sek\u00e4 auttaa j\u00e4rjest\u00f6j\u00e4 ja projekteja yritysyhteisty\u00f6ss\u00e4. Ty\u00f6skentely yrityssuhdetiimiss\u00e4 sopii niin ensimm\u00e4isen vuosikurssin opiskelijalle kuin valmistumista l\u00e4hestyv\u00e4lle kylterillekin. Ty\u00f6tahti ja ty\u00f6ajat ovat enimm\u00e4kseen vapaasti valittavissa, ja onnistuneet yhteisty\u00f6t palkitaan provision kautta!<\/p>\n<p>Kuluneen vuoden tiimist\u00e4 poiketen tapahtumasponsorointeihin liittyv\u00e4 yritysyhteisty\u00f6 j\u00e4\u00e4 entist\u00e4 enemm\u00e4n jaostojen ja projektien vastuulle, kun taas yrityssuhdetiimi keskittyy tiiviimmin TuKYn yritysyhteisty\u00f6n ydinosa-alueisiin. T\u00e4h\u00e4n kuuluu mm. haalareihin, baariyhteisty\u00f6h\u00f6n, opiskelijaetuihin, yritysten j\u00e4rjest\u00e4miin tapahtumiin sek\u00e4 KYlisteen yritysyhteisty\u00f6h\u00f6n liittyv\u00e4 yhteisty\u00f6. Myyntip\u00e4\u00e4llik\u00f6n johdolla yrityssuhdetiimi pit\u00e4\u00e4 tiivisti yhteytt\u00e4 jaostojen ja projektien yritysyhteisty\u00f6vastaaviin.<\/p>\n<p>Vapaamuotoiset hakemukset \u201cmiksi juuri min\u00e4\u201d -hengess\u00e4 on toimitettava myyntip\u00e4\u00e4llik\u00f6lle osoitteeseen <a href=\"mailto:myyntipaallikko@tuky.fi\">myyntipaallikko@tuky.fi<\/a>\u00a0<strong>ke\u00a021.12. 23:59 menness\u00e4<\/strong>.<\/p>\n<p>COREsta ja sen toiminnasta voit kysell\u00e4 lis\u00e4\u00e4 allekirjoittaneelta \u2013 nyk\u00e4ise rohkeasti hihasta tai l\u00e4het\u00e4 s\u00e4hk\u00f6postia! My\u00f6s muilta COREn j\u00e4senilt\u00e4 voi kysy\u00e4 hausta ja heid\u00e4n kokemuksistaan.<\/p>\n<p>Haastattelut pidet\u00e4\u00e4n joulun j\u00e4lkeen viikolla 2 Turun KY:n nykyisen myyntip\u00e4\u00e4llik\u00f6n Marianne Vihervuoren ja uuden\u00a0myyntip\u00e4\u00e4llikk\u00f6 Linda Martinin puolesta. Haastatteluun kutsutaan erikseen hakemuksen perusteella painottaen hakijan asennetta, n\u00e4kemyksi\u00e4 ja innovatiivisuutta. \u00a0Myyntitaustasta on plussaa, mutta se ei ole miss\u00e4\u00e4n tapauksessa v\u00e4ltt\u00e4m\u00e4t\u00f6nt\u00e4. Haastatteluun kutsumisesta ilmoitetaan hakijoille viikon 51 lopussa.<\/p>\n<p>&nbsp;<\/p>\n<p>Marianne Vihervuori<br \/>\nMyyntip\u00e4\u00e4llikk\u00f6<\/p>\n","protected":false},"excerpt":{"rendered":"<p>&nbsp; Haluatko k\u00e4yt\u00e4nn\u00f6n kokemusta liike-el\u00e4m\u00e4st\u00e4 opintojen ohella? TuKY Corporate Relations eli TuKYn yrityssuhdetiimi vastaa myyntip\u00e4\u00e4llik\u00f6n johdolla Turun KY:n yrityssuhteista.\u00a0Yrityssuhdetiimi tarjoaa mahdollisuuden oppia neuvottelutaitoja, verkostoitua sek\u00e4 kehitt\u00e4\u00e4 omia myyntitaktiikoita. Yrityssuhdetiimin teht\u00e4v\u00e4n\u00e4 [&hellip;]<\/p>\n","protected":false},"author":42,"featured_media":0,"comment_status":"open","ping_status":"open","sticky":false,"template":"","format":"standard","meta":{"_et_pb_use_builder":"","_et_pb_old_content":"","_et_gb_content_width":"","footnotes":""},"categories":[4],"tags":[],"class_list":["post-19607","post","type-post","status-publish","format-standard","hentry","category-news"],"yoast_head":"<!-- This site is optimized with the Yoast SEO plugin v27.2 - https:\/\/yoast.com\/product\/yoast-seo-wordpress\/ -->\n<title>Haku CORE-yrityssuhdetiimiin 2017 on nyt auki! - Hakuaikaa pidennetty keskiviikkoon 21.12. asti! - Turun KY<\/title>\n<meta name=\"robots\" content=\"index, follow, max-snippet:-1, max-image-preview:large, max-video-preview:-1\" \/>\n<link rel=\"canonical\" href=\"https:\/\/www.tuky.fi\/etusivu\/news\/haku-core-yrityssuhdetiimiin-2017-on-nyt-auki\/\" \/>\n<meta property=\"og:locale\" content=\"fi_FI\" \/>\n<meta property=\"og:type\" content=\"article\" \/>\n<meta property=\"og:title\" content=\"Haku CORE-yrityssuhdetiimiin 2017 on nyt auki! - Hakuaikaa pidennetty keskiviikkoon 21.12. asti! - Turun KY\" \/>\n<meta property=\"og:description\" content=\"&nbsp; Haluatko k\u00e4yt\u00e4nn\u00f6n kokemusta liike-el\u00e4m\u00e4st\u00e4 opintojen ohella? TuKY Corporate Relations eli TuKYn yrityssuhdetiimi vastaa myyntip\u00e4\u00e4llik\u00f6n johdolla Turun KY:n yrityssuhteista.\u00a0Yrityssuhdetiimi tarjoaa mahdollisuuden oppia neuvottelutaitoja, verkostoitua sek\u00e4 kehitt\u00e4\u00e4 omia myyntitaktiikoita. Yrityssuhdetiimin teht\u00e4v\u00e4n\u00e4 [&hellip;]\" \/>\n<meta property=\"og:url\" content=\"https:\/\/www.tuky.fi\/etusivu\/news\/haku-core-yrityssuhdetiimiin-2017-on-nyt-auki\/\" \/>\n<meta property=\"og:site_name\" content=\"Turun KY\" \/>\n<meta property=\"article:published_time\" content=\"2016-12-04T16:40:10+00:00\" \/>\n<meta property=\"og:image\" content=\"http:\/\/turunky.fi\/wordpress\/wp-content\/uploads\/2015\/11\/corecover-CORE.jpg\" \/>\n<meta name=\"author\" content=\"Myyntip\u00e4\u00e4llikk\u00f6\" \/>\n<meta name=\"twitter:card\" content=\"summary_large_image\" \/>\n<meta name=\"twitter:label1\" content=\"Kirjoittanut\" \/>\n\t<meta name=\"twitter:data1\" content=\"Myyntip\u00e4\u00e4llikk\u00f6\" \/>\n\t<meta name=\"twitter:label2\" content=\"Arvioitu lukuaika\" \/>\n\t<meta name=\"twitter:data2\" content=\"1 minuutti\" \/>\n<script type=\"application\/ld+json\" class=\"yoast-schema-graph\">{\"@context\":\"https:\/\/schema.org\",\"@graph\":[{\"@type\":\"Article\",\"@id\":\"https:\/\/www.tuky.fi\/etusivu\/news\/haku-core-yrityssuhdetiimiin-2017-on-nyt-auki\/#article\",\"isPartOf\":{\"@id\":\"https:\/\/www.tuky.fi\/etusivu\/news\/haku-core-yrityssuhdetiimiin-2017-on-nyt-auki\/\"},\"author\":{\"name\":\"Myyntip\u00e4\u00e4llikk\u00f6\",\"@id\":\"https:\/\/www.tuky.fi\/etusivu\/#\/schema\/person\/66e53fffc743e17ca9d5603336ee4d59\"},\"headline\":\"Haku CORE-yrityssuhdetiimiin 2017 on nyt auki! &#8211; Hakuaikaa pidennetty keskiviikkoon 21.12. asti!\",\"datePublished\":\"2016-12-04T16:40:10+00:00\",\"mainEntityOfPage\":{\"@id\":\"https:\/\/www.tuky.fi\/etusivu\/news\/haku-core-yrityssuhdetiimiin-2017-on-nyt-auki\/\"},\"wordCount\":270,\"commentCount\":0,\"publisher\":{\"@id\":\"https:\/\/www.tuky.fi\/etusivu\/#organization\"},\"image\":{\"@id\":\"https:\/\/www.tuky.fi\/etusivu\/news\/haku-core-yrityssuhdetiimiin-2017-on-nyt-auki\/#primaryimage\"},\"thumbnailUrl\":\"http:\/\/turunky.fi\/wordpress\/wp-content\/uploads\/2015\/11\/corecover-CORE.jpg\",\"articleSection\":[\"news\"],\"inLanguage\":\"fi\",\"potentialAction\":[{\"@type\":\"CommentAction\",\"name\":\"Comment\",\"target\":[\"https:\/\/www.tuky.fi\/etusivu\/news\/haku-core-yrityssuhdetiimiin-2017-on-nyt-auki\/#respond\"]}]},{\"@type\":\"WebPage\",\"@id\":\"https:\/\/www.tuky.fi\/etusivu\/news\/haku-core-yrityssuhdetiimiin-2017-on-nyt-auki\/\",\"url\":\"https:\/\/www.tuky.fi\/etusivu\/news\/haku-core-yrityssuhdetiimiin-2017-on-nyt-auki\/\",\"name\":\"Haku CORE-yrityssuhdetiimiin 2017 on nyt auki! - Hakuaikaa pidennetty keskiviikkoon 21.12. asti! - Turun KY\",\"isPartOf\":{\"@id\":\"https:\/\/www.tuky.fi\/etusivu\/#website\"},\"primaryImageOfPage\":{\"@id\":\"https:\/\/www.tuky.fi\/etusivu\/news\/haku-core-yrityssuhdetiimiin-2017-on-nyt-auki\/#primaryimage\"},\"image\":{\"@id\":\"https:\/\/www.tuky.fi\/etusivu\/news\/haku-core-yrityssuhdetiimiin-2017-on-nyt-auki\/#primaryimage\"},\"thumbnailUrl\":\"http:\/\/turunky.fi\/wordpress\/wp-content\/uploads\/2015\/11\/corecover-CORE.jpg\",\"datePublished\":\"2016-12-04T16:40:10+00:00\",\"breadcrumb\":{\"@id\":\"https:\/\/www.tuky.fi\/etusivu\/news\/haku-core-yrityssuhdetiimiin-2017-on-nyt-auki\/#breadcrumb\"},\"inLanguage\":\"fi\",\"potentialAction\":[{\"@type\":\"ReadAction\",\"target\":[\"https:\/\/www.tuky.fi\/etusivu\/news\/haku-core-yrityssuhdetiimiin-2017-on-nyt-auki\/\"]}]},{\"@type\":\"ImageObject\",\"inLanguage\":\"fi\",\"@id\":\"https:\/\/www.tuky.fi\/etusivu\/news\/haku-core-yrityssuhdetiimiin-2017-on-nyt-auki\/#primaryimage\",\"url\":\"http:\/\/turunky.fi\/wordpress\/wp-content\/uploads\/2015\/11\/corecover-CORE.jpg\",\"contentUrl\":\"http:\/\/turunky.fi\/wordpress\/wp-content\/uploads\/2015\/11\/corecover-CORE.jpg\"},{\"@type\":\"BreadcrumbList\",\"@id\":\"https:\/\/www.tuky.fi\/etusivu\/news\/haku-core-yrityssuhdetiimiin-2017-on-nyt-auki\/#breadcrumb\",\"itemListElement\":[{\"@type\":\"ListItem\",\"position\":1,\"name\":\"Etusivu\",\"item\":\"https:\/\/www.tuky.fi\/etusivu\/\"},{\"@type\":\"ListItem\",\"position\":2,\"name\":\"Haku CORE-yrityssuhdetiimiin 2017 on nyt auki! &#8211; Hakuaikaa pidennetty keskiviikkoon 21.12. asti!\"}]},{\"@type\":\"WebSite\",\"@id\":\"https:\/\/www.tuky.fi\/etusivu\/#website\",\"url\":\"https:\/\/www.tuky.fi\/etusivu\/\",\"name\":\"Turun KY\",\"description\":\"TuKY\",\"publisher\":{\"@id\":\"https:\/\/www.tuky.fi\/etusivu\/#organization\"},\"alternateName\":\"TuKY\",\"potentialAction\":[{\"@type\":\"SearchAction\",\"target\":{\"@type\":\"EntryPoint\",\"urlTemplate\":\"https:\/\/www.tuky.fi\/etusivu\/?s={search_term_string}\"},\"query-input\":{\"@type\":\"PropertyValueSpecification\",\"valueRequired\":true,\"valueName\":\"search_term_string\"}}],\"inLanguage\":\"fi\"},{\"@type\":\"Organization\",\"@id\":\"https:\/\/www.tuky.fi\/etusivu\/#organization\",\"name\":\"Turun KY\",\"alternateName\":\"TuKY\",\"url\":\"https:\/\/www.tuky.fi\/etusivu\/\",\"logo\":{\"@type\":\"ImageObject\",\"inLanguage\":\"fi\",\"@id\":\"https:\/\/www.tuky.fi\/etusivu\/#\/schema\/logo\/image\/\",\"url\":\"https:\/\/www.tuky.fi\/wp-content\/uploads\/2024\/09\/TuKY-logo-kulta-1.png\",\"contentUrl\":\"https:\/\/www.tuky.fi\/wp-content\/uploads\/2024\/09\/TuKY-logo-kulta-1.png\",\"width\":1080,\"height\":1080,\"caption\":\"Turun KY\"},\"image\":{\"@id\":\"https:\/\/www.tuky.fi\/etusivu\/#\/schema\/logo\/image\/\"},\"sameAs\":[\"https:\/\/instagram.com\/turunky\",\"https:\/\/linkedin.com\/turunky\"]},{\"@type\":\"Person\",\"@id\":\"https:\/\/www.tuky.fi\/etusivu\/#\/schema\/person\/66e53fffc743e17ca9d5603336ee4d59\",\"name\":\"Myyntip\u00e4\u00e4llikk\u00f6\",\"image\":{\"@type\":\"ImageObject\",\"inLanguage\":\"fi\",\"@id\":\"https:\/\/secure.gravatar.com\/avatar\/8b962a9242c53dff7d2be24f16a604a8094c1e5fbb76a692d2c8aa5be966ed37?s=96&d=mm&r=g\",\"url\":\"https:\/\/secure.gravatar.com\/avatar\/8b962a9242c53dff7d2be24f16a604a8094c1e5fbb76a692d2c8aa5be966ed37?s=96&d=mm&r=g\",\"contentUrl\":\"https:\/\/secure.gravatar.com\/avatar\/8b962a9242c53dff7d2be24f16a604a8094c1e5fbb76a692d2c8aa5be966ed37?s=96&d=mm&r=g\",\"caption\":\"Myyntip\u00e4\u00e4llikk\u00f6\"},\"url\":\"https:\/\/www.tuky.fi\/etusivu\/author\/ky-myyntipaallikko\/\"}]}<\/script>\n<!-- \/ Yoast SEO plugin. -->","yoast_head_json":{"title":"Haku CORE-yrityssuhdetiimiin 2017 on nyt auki! - Hakuaikaa pidennetty keskiviikkoon 21.12. asti! - Turun KY","robots":{"index":"index","follow":"follow","max-snippet":"max-snippet:-1","max-image-preview":"max-image-preview:large","max-video-preview":"max-video-preview:-1"},"canonical":"https:\/\/www.tuky.fi\/etusivu\/news\/haku-core-yrityssuhdetiimiin-2017-on-nyt-auki\/","og_locale":"fi_FI","og_type":"article","og_title":"Haku CORE-yrityssuhdetiimiin 2017 on nyt auki! - Hakuaikaa pidennetty keskiviikkoon 21.12. asti! - Turun KY","og_description":"&nbsp; Haluatko k\u00e4yt\u00e4nn\u00f6n kokemusta liike-el\u00e4m\u00e4st\u00e4 opintojen ohella? TuKY Corporate Relations eli TuKYn yrityssuhdetiimi vastaa myyntip\u00e4\u00e4llik\u00f6n johdolla Turun KY:n yrityssuhteista.\u00a0Yrityssuhdetiimi tarjoaa mahdollisuuden oppia neuvottelutaitoja, verkostoitua sek\u00e4 kehitt\u00e4\u00e4 omia myyntitaktiikoita. Yrityssuhdetiimin teht\u00e4v\u00e4n\u00e4 [&hellip;]","og_url":"https:\/\/www.tuky.fi\/etusivu\/news\/haku-core-yrityssuhdetiimiin-2017-on-nyt-auki\/","og_site_name":"Turun KY","article_published_time":"2016-12-04T16:40:10+00:00","og_image":[{"url":"http:\/\/turunky.fi\/wordpress\/wp-content\/uploads\/2015\/11\/corecover-CORE.jpg","type":"","width":"","height":""}],"author":"Myyntip\u00e4\u00e4llikk\u00f6","twitter_card":"summary_large_image","twitter_misc":{"Kirjoittanut":"Myyntip\u00e4\u00e4llikk\u00f6","Arvioitu lukuaika":"1 minuutti"},"schema":{"@context":"https:\/\/schema.org","@graph":[{"@type":"Article","@id":"https:\/\/www.tuky.fi\/etusivu\/news\/haku-core-yrityssuhdetiimiin-2017-on-nyt-auki\/#article","isPartOf":{"@id":"https:\/\/www.tuky.fi\/etusivu\/news\/haku-core-yrityssuhdetiimiin-2017-on-nyt-auki\/"},"author":{"name":"Myyntip\u00e4\u00e4llikk\u00f6","@id":"https:\/\/www.tuky.fi\/etusivu\/#\/schema\/person\/66e53fffc743e17ca9d5603336ee4d59"},"headline":"Haku CORE-yrityssuhdetiimiin 2017 on nyt auki! &#8211; Hakuaikaa pidennetty keskiviikkoon 21.12. asti!","datePublished":"2016-12-04T16:40:10+00:00","mainEntityOfPage":{"@id":"https:\/\/www.tuky.fi\/etusivu\/news\/haku-core-yrityssuhdetiimiin-2017-on-nyt-auki\/"},"wordCount":270,"commentCount":0,"publisher":{"@id":"https:\/\/www.tuky.fi\/etusivu\/#organization"},"image":{"@id":"https:\/\/www.tuky.fi\/etusivu\/news\/haku-core-yrityssuhdetiimiin-2017-on-nyt-auki\/#primaryimage"},"thumbnailUrl":"http:\/\/turunky.fi\/wordpress\/wp-content\/uploads\/2015\/11\/corecover-CORE.jpg","articleSection":["news"],"inLanguage":"fi","potentialAction":[{"@type":"CommentAction","name":"Comment","target":["https:\/\/www.tuky.fi\/etusivu\/news\/haku-core-yrityssuhdetiimiin-2017-on-nyt-auki\/#respond"]}]},{"@type":"WebPage","@id":"https:\/\/www.tuky.fi\/etusivu\/news\/haku-core-yrityssuhdetiimiin-2017-on-nyt-auki\/","url":"https:\/\/www.tuky.fi\/etusivu\/news\/haku-core-yrityssuhdetiimiin-2017-on-nyt-auki\/","name":"Haku CORE-yrityssuhdetiimiin 2017 on nyt auki! - Hakuaikaa pidennetty keskiviikkoon 21.12. asti! - Turun KY","isPartOf":{"@id":"https:\/\/www.tuky.fi\/etusivu\/#website"},"primaryImageOfPage":{"@id":"https:\/\/www.tuky.fi\/etusivu\/news\/haku-core-yrityssuhdetiimiin-2017-on-nyt-auki\/#primaryimage"},"image":{"@id":"https:\/\/www.tuky.fi\/etusivu\/news\/haku-core-yrityssuhdetiimiin-2017-on-nyt-auki\/#primaryimage"},"thumbnailUrl":"http:\/\/turunky.fi\/wordpress\/wp-content\/uploads\/2015\/11\/corecover-CORE.jpg","datePublished":"2016-12-04T16:40:10+00:00","breadcrumb":{"@id":"https:\/\/www.tuky.fi\/etusivu\/news\/haku-core-yrityssuhdetiimiin-2017-on-nyt-auki\/#breadcrumb"},"inLanguage":"fi","potentialAction":[{"@type":"ReadAction","target":["https:\/\/www.tuky.fi\/etusivu\/news\/haku-core-yrityssuhdetiimiin-2017-on-nyt-auki\/"]}]},{"@type":"ImageObject","inLanguage":"fi","@id":"https:\/\/www.tuky.fi\/etusivu\/news\/haku-core-yrityssuhdetiimiin-2017-on-nyt-auki\/#primaryimage","url":"http:\/\/turunky.fi\/wordpress\/wp-content\/uploads\/2015\/11\/corecover-CORE.jpg","contentUrl":"http:\/\/turunky.fi\/wordpress\/wp-content\/uploads\/2015\/11\/corecover-CORE.jpg"},{"@type":"BreadcrumbList","@id":"https:\/\/www.tuky.fi\/etusivu\/news\/haku-core-yrityssuhdetiimiin-2017-on-nyt-auki\/#breadcrumb","itemListElement":[{"@type":"ListItem","position":1,"name":"Etusivu","item":"https:\/\/www.tuky.fi\/etusivu\/"},{"@type":"ListItem","position":2,"name":"Haku CORE-yrityssuhdetiimiin 2017 on nyt auki! &#8211; Hakuaikaa pidennetty keskiviikkoon 21.12. asti!"}]},{"@type":"WebSite","@id":"https:\/\/www.tuky.fi\/etusivu\/#website","url":"https:\/\/www.tuky.fi\/etusivu\/","name":"Turun KY","description":"TuKY","publisher":{"@id":"https:\/\/www.tuky.fi\/etusivu\/#organization"},"alternateName":"TuKY","potentialAction":[{"@type":"SearchAction","target":{"@type":"EntryPoint","urlTemplate":"https:\/\/www.tuky.fi\/etusivu\/?s={search_term_string}"},"query-input":{"@type":"PropertyValueSpecification","valueRequired":true,"valueName":"search_term_string"}}],"inLanguage":"fi"},{"@type":"Organization","@id":"https:\/\/www.tuky.fi\/etusivu\/#organization","name":"Turun KY","alternateName":"TuKY","url":"https:\/\/www.tuky.fi\/etusivu\/","logo":{"@type":"ImageObject","inLanguage":"fi","@id":"https:\/\/www.tuky.fi\/etusivu\/#\/schema\/logo\/image\/","url":"https:\/\/www.tuky.fi\/wp-content\/uploads\/2024\/09\/TuKY-logo-kulta-1.png","contentUrl":"https:\/\/www.tuky.fi\/wp-content\/uploads\/2024\/09\/TuKY-logo-kulta-1.png","width":1080,"height":1080,"caption":"Turun KY"},"image":{"@id":"https:\/\/www.tuky.fi\/etusivu\/#\/schema\/logo\/image\/"},"sameAs":["https:\/\/instagram.com\/turunky","https:\/\/linkedin.com\/turunky"]},{"@type":"Person","@id":"https:\/\/www.tuky.fi\/etusivu\/#\/schema\/person\/66e53fffc743e17ca9d5603336ee4d59","name":"Myyntip\u00e4\u00e4llikk\u00f6","image":{"@type":"ImageObject","inLanguage":"fi","@id":"https:\/\/secure.gravatar.com\/avatar\/8b962a9242c53dff7d2be24f16a604a8094c1e5fbb76a692d2c8aa5be966ed37?s=96&d=mm&r=g","url":"https:\/\/secure.gravatar.com\/avatar\/8b962a9242c53dff7d2be24f16a604a8094c1e5fbb76a692d2c8aa5be966ed37?s=96&d=mm&r=g","contentUrl":"https:\/\/secure.gravatar.com\/avatar\/8b962a9242c53dff7d2be24f16a604a8094c1e5fbb76a692d2c8aa5be966ed37?s=96&d=mm&r=g","caption":"Myyntip\u00e4\u00e4llikk\u00f6"},"url":"https:\/\/www.tuky.fi\/etusivu\/author\/ky-myyntipaallikko\/"}]}},"lang":"fi","translations":{"fi":19607},"pll_sync_post":[],"_links":{"self":[{"href":"https:\/\/www.tuky.fi\/etusivu\/wp-json\/wp\/v2\/posts\/19607","targetHints":{"allow":["GET"]}}],"collection":[{"href":"https:\/\/www.tuky.fi\/etusivu\/wp-json\/wp\/v2\/posts"}],"about":[{"href":"https:\/\/www.tuky.fi\/etusivu\/wp-json\/wp\/v2\/types\/post"}],"author":[{"embeddable":true,"href":"https:\/\/www.tuky.fi\/etusivu\/wp-json\/wp\/v2\/users\/42"}],"replies":[{"embeddable":true,"href":"https:\/\/www.tuky.fi\/etusivu\/wp-json\/wp\/v2\/comments?post=19607"}],"version-history":[{"count":0,"href":"https:\/\/www.tuky.fi\/etusivu\/wp-json\/wp\/v2\/posts\/19607\/revisions"}],"wp:attachment":[{"href":"https:\/\/www.tuky.fi\/etusivu\/wp-json\/wp\/v2\/media?parent=19607"}],"wp:term":[{"taxonomy":"category","embeddable":true,"href":"https:\/\/www.tuky.fi\/etusivu\/wp-json\/wp\/v2\/categories?post=19607"},{"taxonomy":"post_tag","embeddable":true,"href":"https:\/\/www.tuky.fi\/etusivu\/wp-json\/wp\/v2\/tags?post=19607"}],"curies":[{"name":"wp","href":"https:\/\/api.w.org\/{rel}","templated":true}]}}