{"id":17205,"date":"2016-01-11T00:22:12","date_gmt":"2016-01-10T22:22:12","guid":{"rendered":"http:\/\/turunky.fi\/?p=17205"},"modified":"2016-01-11T00:22:12","modified_gmt":"2016-01-10T22:22:12","slug":"turun-ky-hakee-isanta-emanta-vuodelle-2016","status":"publish","type":"post","link":"https:\/\/www.tuky.fi\/etusivu\/news\/turun-ky-hakee-isanta-emanta-vuodelle-2016\/","title":{"rendered":"Turun KY hakee: Is\u00e4nt\u00e4 &#038; Em\u00e4nt\u00e4 vuodelle 2016"},"content":{"rendered":"<p style=\"text-align: left;\"><a href=\"http:\/\/turunky.fi\/wordpress\/wp-content\/uploads\/2016\/01\/12183991-957725300965678-6270229590902560345-o-e1452464314247.jpg\"><img loading=\"lazy\" decoding=\"async\" class=\"aligncenter size-full wp-image-17224\" src=\"http:\/\/turunky.fi\/wordpress\/wp-content\/uploads\/2016\/01\/12183991-957725300965678-6270229590902560345-o-e1452464314247.jpg\" alt=\"12183991_957725300965678_6270229590902560345_o\" width=\"500\" height=\"334\" \/><\/a><\/p>\n<p style=\"text-align: left;\"><strong>Olisitko sin\u00e4 oikea henkil\u00f6 j\u00e4rjest\u00e4m\u00e4\u00e4n vuoden tyylikk\u00e4imm\u00e4n juhlaviikon?<\/strong><\/p>\n<p>T\u00e4m\u00e4n vuoden lokakuussa j\u00e4rjestet\u00e4\u00e4n Turun KY:n 66. vuosijuhlat. Em\u00e4nn\u00e4n ja is\u00e4nn\u00e4n t\u00e4rkeimp\u00e4n\u00e4 teht\u00e4v\u00e4n\u00e4 on vastata t\u00e4m\u00e4n\u00a0Turun KY:n juhlavimman ja perinteikk\u00e4imm\u00e4n tapahtuman j\u00e4rjest\u00e4misest\u00e4.\u00a0Vuosijuhlien lis\u00e4ksi j\u00e4rjestelyvastuuseen kuuluu vuosijuhlaviikon perinteiset tapahtumat.\u00a0Em\u00e4nt\u00e4 ja is\u00e4nt\u00e4 kokoavat avukseen vuosijuhlatiimin, joka auttaa ideoinnissa ja k\u00e4yt\u00e4nn\u00f6n j\u00e4rjestelyiss\u00e4.<\/p>\n<div>\n<p>Em\u00e4nn\u00e4ll\u00e4 ja is\u00e4nn\u00e4ll\u00e4 on suuri vastuu vuoden kohokohdan j\u00e4rjest\u00e4misess\u00e4. He toimivat vuosijuhlaprojektissa esimiehen\u00e4 noin 120 henkil\u00f6lle.\u00a0Kokemus suurten tapahtumien j\u00e4rjest\u00e4misest\u00e4, Turun KY:n toiminnasta ja vuosijuhlista katsotaan eduksi. Heid\u00e4n on oltava vastuullisia, ahkeria, oma-aloitteisia ja yhteisty\u00f6taitoisia. Is\u00e4nn\u00e4ll\u00e4 ja em\u00e4nn\u00e4ll\u00e4 tulee olla hyv\u00e4 organisointikyky sek\u00e4 kyky niin kunnioittaa ylioppilaskunnan vanhoja perinteit\u00e4 kuin my\u00f6s keksi\u00e4 uusia ideoita. Valinta tehd\u00e4\u00e4n edell\u00e4 mainittujen kriteerien sek\u00e4 haastattelun perusteella.<\/p>\n<p><strong>Haku\u00a0tapahtuu\u00a0pareittain.\u00a0<\/strong>Vapaamuotoiset hakemukset on toimitettava\u00a0<strong>sunnuntaihin 24.1.2016 menness\u00e4<\/strong> kulttuuri- ja perinnevastaavalle osoitteeseen <a href=\"mailto:kulttuuri@tuky.fi\">kulttuuri@tuky.fi<\/a>.\u00a0Liitt\u00e4k\u00e4\u00e4 mukaan my\u00f6s CV:nne. Ehdokkaat kutsutaan hakuajan p\u00e4\u00e4ttymisen j\u00e4lkeen haastatteluun viikolla 4. Lis\u00e4tietoja voi kysell\u00e4 vuoden 2016 kulttuuri- ja perinnevastaava\u00a0Eveliina Maunolta sek\u00e4 puheenjohtaja Paula Peltomaalta.<\/p>\n<p>&nbsp;<\/p>\n<\/div>\n<div>\n<div>Eveliina Mauno<\/div>\n<div>Kulttuuri- ja perinnevastaava<\/div>\n<div><\/div>\n<\/div>\n<p>&nbsp;<\/p>\n","protected":false},"excerpt":{"rendered":"<p>Olisitko sin\u00e4 oikea henkil\u00f6 j\u00e4rjest\u00e4m\u00e4\u00e4n vuoden tyylikk\u00e4imm\u00e4n juhlaviikon? T\u00e4m\u00e4n vuoden lokakuussa j\u00e4rjestet\u00e4\u00e4n Turun KY:n 66. vuosijuhlat. Em\u00e4nn\u00e4n ja is\u00e4nn\u00e4n t\u00e4rkeimp\u00e4n\u00e4 teht\u00e4v\u00e4n\u00e4 on vastata t\u00e4m\u00e4n\u00a0Turun KY:n juhlavimman ja perinteikk\u00e4imm\u00e4n tapahtuman j\u00e4rjest\u00e4misest\u00e4.\u00a0Vuosijuhlien [&hellip;]<\/p>\n","protected":false},"author":15,"featured_media":0,"comment_status":"open","ping_status":"open","sticky":false,"template":"","format":"standard","meta":{"_et_pb_use_builder":"","_et_pb_old_content":"","_et_gb_content_width":"","footnotes":""},"categories":[4],"tags":[],"class_list":["post-17205","post","type-post","status-publish","format-standard","hentry","category-news"],"yoast_head":"<!-- This site is optimized with the Yoast SEO plugin v27.2 - https:\/\/yoast.com\/product\/yoast-seo-wordpress\/ -->\n<title>Turun KY hakee: Is\u00e4nt\u00e4 &amp; Em\u00e4nt\u00e4 vuodelle 2016 - Turun KY<\/title>\n<meta name=\"robots\" content=\"index, follow, max-snippet:-1, max-image-preview:large, max-video-preview:-1\" \/>\n<link rel=\"canonical\" href=\"https:\/\/www.tuky.fi\/etusivu\/news\/turun-ky-hakee-isanta-emanta-vuodelle-2016\/\" \/>\n<meta property=\"og:locale\" content=\"fi_FI\" \/>\n<meta property=\"og:type\" content=\"article\" \/>\n<meta property=\"og:title\" content=\"Turun KY hakee: Is\u00e4nt\u00e4 &amp; Em\u00e4nt\u00e4 vuodelle 2016 - Turun KY\" \/>\n<meta property=\"og:description\" content=\"Olisitko sin\u00e4 oikea henkil\u00f6 j\u00e4rjest\u00e4m\u00e4\u00e4n vuoden tyylikk\u00e4imm\u00e4n juhlaviikon? T\u00e4m\u00e4n vuoden lokakuussa j\u00e4rjestet\u00e4\u00e4n Turun KY:n 66. vuosijuhlat. Em\u00e4nn\u00e4n ja is\u00e4nn\u00e4n t\u00e4rkeimp\u00e4n\u00e4 teht\u00e4v\u00e4n\u00e4 on vastata t\u00e4m\u00e4n\u00a0Turun KY:n juhlavimman ja perinteikk\u00e4imm\u00e4n tapahtuman j\u00e4rjest\u00e4misest\u00e4.\u00a0Vuosijuhlien [&hellip;]\" \/>\n<meta property=\"og:url\" content=\"https:\/\/www.tuky.fi\/etusivu\/news\/turun-ky-hakee-isanta-emanta-vuodelle-2016\/\" \/>\n<meta property=\"og:site_name\" content=\"Turun KY\" \/>\n<meta property=\"article:published_time\" content=\"2016-01-10T22:22:12+00:00\" \/>\n<meta property=\"og:image\" content=\"http:\/\/turunky.fi\/wordpress\/wp-content\/uploads\/2016\/01\/12183991-957725300965678-6270229590902560345-o-e1452464314247.jpg\" \/>\n<meta name=\"author\" content=\"Kulttuurivastaava\" \/>\n<meta name=\"twitter:card\" content=\"summary_large_image\" \/>\n<meta name=\"twitter:label1\" content=\"Kirjoittanut\" \/>\n\t<meta name=\"twitter:data1\" content=\"Kulttuurivastaava\" \/>\n\t<meta name=\"twitter:label2\" content=\"Arvioitu lukuaika\" \/>\n\t<meta name=\"twitter:data2\" content=\"1 minuutti\" \/>\n<script type=\"application\/ld+json\" class=\"yoast-schema-graph\">{\"@context\":\"https:\/\/schema.org\",\"@graph\":[{\"@type\":\"Article\",\"@id\":\"https:\/\/www.tuky.fi\/etusivu\/news\/turun-ky-hakee-isanta-emanta-vuodelle-2016\/#article\",\"isPartOf\":{\"@id\":\"https:\/\/www.tuky.fi\/etusivu\/news\/turun-ky-hakee-isanta-emanta-vuodelle-2016\/\"},\"author\":{\"name\":\"Kulttuurivastaava\",\"@id\":\"https:\/\/www.tuky.fi\/etusivu\/#\/schema\/person\/d1f6ea8c86143ee83cd1091dfde29a69\"},\"headline\":\"Turun KY hakee: Is\u00e4nt\u00e4 &#038; Em\u00e4nt\u00e4 vuodelle 2016\",\"datePublished\":\"2016-01-10T22:22:12+00:00\",\"mainEntityOfPage\":{\"@id\":\"https:\/\/www.tuky.fi\/etusivu\/news\/turun-ky-hakee-isanta-emanta-vuodelle-2016\/\"},\"wordCount\":222,\"commentCount\":0,\"publisher\":{\"@id\":\"https:\/\/www.tuky.fi\/etusivu\/#organization\"},\"image\":{\"@id\":\"https:\/\/www.tuky.fi\/etusivu\/news\/turun-ky-hakee-isanta-emanta-vuodelle-2016\/#primaryimage\"},\"thumbnailUrl\":\"http:\/\/turunky.fi\/wordpress\/wp-content\/uploads\/2016\/01\/12183991-957725300965678-6270229590902560345-o-e1452464314247.jpg\",\"articleSection\":[\"news\"],\"inLanguage\":\"fi\",\"potentialAction\":[{\"@type\":\"CommentAction\",\"name\":\"Comment\",\"target\":[\"https:\/\/www.tuky.fi\/etusivu\/news\/turun-ky-hakee-isanta-emanta-vuodelle-2016\/#respond\"]}]},{\"@type\":\"WebPage\",\"@id\":\"https:\/\/www.tuky.fi\/etusivu\/news\/turun-ky-hakee-isanta-emanta-vuodelle-2016\/\",\"url\":\"https:\/\/www.tuky.fi\/etusivu\/news\/turun-ky-hakee-isanta-emanta-vuodelle-2016\/\",\"name\":\"Turun KY hakee: Is\u00e4nt\u00e4 & Em\u00e4nt\u00e4 vuodelle 2016 - Turun KY\",\"isPartOf\":{\"@id\":\"https:\/\/www.tuky.fi\/etusivu\/#website\"},\"primaryImageOfPage\":{\"@id\":\"https:\/\/www.tuky.fi\/etusivu\/news\/turun-ky-hakee-isanta-emanta-vuodelle-2016\/#primaryimage\"},\"image\":{\"@id\":\"https:\/\/www.tuky.fi\/etusivu\/news\/turun-ky-hakee-isanta-emanta-vuodelle-2016\/#primaryimage\"},\"thumbnailUrl\":\"http:\/\/turunky.fi\/wordpress\/wp-content\/uploads\/2016\/01\/12183991-957725300965678-6270229590902560345-o-e1452464314247.jpg\",\"datePublished\":\"2016-01-10T22:22:12+00:00\",\"breadcrumb\":{\"@id\":\"https:\/\/www.tuky.fi\/etusivu\/news\/turun-ky-hakee-isanta-emanta-vuodelle-2016\/#breadcrumb\"},\"inLanguage\":\"fi\",\"potentialAction\":[{\"@type\":\"ReadAction\",\"target\":[\"https:\/\/www.tuky.fi\/etusivu\/news\/turun-ky-hakee-isanta-emanta-vuodelle-2016\/\"]}]},{\"@type\":\"ImageObject\",\"inLanguage\":\"fi\",\"@id\":\"https:\/\/www.tuky.fi\/etusivu\/news\/turun-ky-hakee-isanta-emanta-vuodelle-2016\/#primaryimage\",\"url\":\"http:\/\/turunky.fi\/wordpress\/wp-content\/uploads\/2016\/01\/12183991-957725300965678-6270229590902560345-o-e1452464314247.jpg\",\"contentUrl\":\"http:\/\/turunky.fi\/wordpress\/wp-content\/uploads\/2016\/01\/12183991-957725300965678-6270229590902560345-o-e1452464314247.jpg\"},{\"@type\":\"BreadcrumbList\",\"@id\":\"https:\/\/www.tuky.fi\/etusivu\/news\/turun-ky-hakee-isanta-emanta-vuodelle-2016\/#breadcrumb\",\"itemListElement\":[{\"@type\":\"ListItem\",\"position\":1,\"name\":\"Etusivu\",\"item\":\"https:\/\/www.tuky.fi\/etusivu\/\"},{\"@type\":\"ListItem\",\"position\":2,\"name\":\"Turun KY hakee: Is\u00e4nt\u00e4 &#038; Em\u00e4nt\u00e4 vuodelle 2016\"}]},{\"@type\":\"WebSite\",\"@id\":\"https:\/\/www.tuky.fi\/etusivu\/#website\",\"url\":\"https:\/\/www.tuky.fi\/etusivu\/\",\"name\":\"Turun KY\",\"description\":\"TuKY\",\"publisher\":{\"@id\":\"https:\/\/www.tuky.fi\/etusivu\/#organization\"},\"alternateName\":\"TuKY\",\"potentialAction\":[{\"@type\":\"SearchAction\",\"target\":{\"@type\":\"EntryPoint\",\"urlTemplate\":\"https:\/\/www.tuky.fi\/etusivu\/?s={search_term_string}\"},\"query-input\":{\"@type\":\"PropertyValueSpecification\",\"valueRequired\":true,\"valueName\":\"search_term_string\"}}],\"inLanguage\":\"fi\"},{\"@type\":\"Organization\",\"@id\":\"https:\/\/www.tuky.fi\/etusivu\/#organization\",\"name\":\"Turun KY\",\"alternateName\":\"TuKY\",\"url\":\"https:\/\/www.tuky.fi\/etusivu\/\",\"logo\":{\"@type\":\"ImageObject\",\"inLanguage\":\"fi\",\"@id\":\"https:\/\/www.tuky.fi\/etusivu\/#\/schema\/logo\/image\/\",\"url\":\"https:\/\/www.tuky.fi\/wp-content\/uploads\/2024\/09\/TuKY-logo-kulta-1.png\",\"contentUrl\":\"https:\/\/www.tuky.fi\/wp-content\/uploads\/2024\/09\/TuKY-logo-kulta-1.png\",\"width\":1080,\"height\":1080,\"caption\":\"Turun KY\"},\"image\":{\"@id\":\"https:\/\/www.tuky.fi\/etusivu\/#\/schema\/logo\/image\/\"},\"sameAs\":[\"https:\/\/instagram.com\/turunky\",\"https:\/\/linkedin.com\/turunky\"]},{\"@type\":\"Person\",\"@id\":\"https:\/\/www.tuky.fi\/etusivu\/#\/schema\/person\/d1f6ea8c86143ee83cd1091dfde29a69\",\"name\":\"Kulttuurivastaava\",\"image\":{\"@type\":\"ImageObject\",\"inLanguage\":\"fi\",\"@id\":\"https:\/\/secure.gravatar.com\/avatar\/688f5ae69933705ed3d371e091a88192e3aea17c328f9180bc1c20090da573ae?s=96&d=mm&r=g\",\"url\":\"https:\/\/secure.gravatar.com\/avatar\/688f5ae69933705ed3d371e091a88192e3aea17c328f9180bc1c20090da573ae?s=96&d=mm&r=g\",\"contentUrl\":\"https:\/\/secure.gravatar.com\/avatar\/688f5ae69933705ed3d371e091a88192e3aea17c328f9180bc1c20090da573ae?s=96&d=mm&r=g\",\"caption\":\"Kulttuurivastaava\"},\"url\":\"https:\/\/www.tuky.fi\/etusivu\/author\/ky-kulttuuri\/\"}]}<\/script>\n<!-- \/ Yoast SEO plugin. -->","yoast_head_json":{"title":"Turun KY hakee: Is\u00e4nt\u00e4 & Em\u00e4nt\u00e4 vuodelle 2016 - Turun KY","robots":{"index":"index","follow":"follow","max-snippet":"max-snippet:-1","max-image-preview":"max-image-preview:large","max-video-preview":"max-video-preview:-1"},"canonical":"https:\/\/www.tuky.fi\/etusivu\/news\/turun-ky-hakee-isanta-emanta-vuodelle-2016\/","og_locale":"fi_FI","og_type":"article","og_title":"Turun KY hakee: Is\u00e4nt\u00e4 & Em\u00e4nt\u00e4 vuodelle 2016 - Turun KY","og_description":"Olisitko sin\u00e4 oikea henkil\u00f6 j\u00e4rjest\u00e4m\u00e4\u00e4n vuoden tyylikk\u00e4imm\u00e4n juhlaviikon? T\u00e4m\u00e4n vuoden lokakuussa j\u00e4rjestet\u00e4\u00e4n Turun KY:n 66. vuosijuhlat. Em\u00e4nn\u00e4n ja is\u00e4nn\u00e4n t\u00e4rkeimp\u00e4n\u00e4 teht\u00e4v\u00e4n\u00e4 on vastata t\u00e4m\u00e4n\u00a0Turun KY:n juhlavimman ja perinteikk\u00e4imm\u00e4n tapahtuman j\u00e4rjest\u00e4misest\u00e4.\u00a0Vuosijuhlien [&hellip;]","og_url":"https:\/\/www.tuky.fi\/etusivu\/news\/turun-ky-hakee-isanta-emanta-vuodelle-2016\/","og_site_name":"Turun KY","article_published_time":"2016-01-10T22:22:12+00:00","og_image":[{"url":"http:\/\/turunky.fi\/wordpress\/wp-content\/uploads\/2016\/01\/12183991-957725300965678-6270229590902560345-o-e1452464314247.jpg","type":"","width":"","height":""}],"author":"Kulttuurivastaava","twitter_card":"summary_large_image","twitter_misc":{"Kirjoittanut":"Kulttuurivastaava","Arvioitu lukuaika":"1 minuutti"},"schema":{"@context":"https:\/\/schema.org","@graph":[{"@type":"Article","@id":"https:\/\/www.tuky.fi\/etusivu\/news\/turun-ky-hakee-isanta-emanta-vuodelle-2016\/#article","isPartOf":{"@id":"https:\/\/www.tuky.fi\/etusivu\/news\/turun-ky-hakee-isanta-emanta-vuodelle-2016\/"},"author":{"name":"Kulttuurivastaava","@id":"https:\/\/www.tuky.fi\/etusivu\/#\/schema\/person\/d1f6ea8c86143ee83cd1091dfde29a69"},"headline":"Turun KY hakee: Is\u00e4nt\u00e4 &#038; Em\u00e4nt\u00e4 vuodelle 2016","datePublished":"2016-01-10T22:22:12+00:00","mainEntityOfPage":{"@id":"https:\/\/www.tuky.fi\/etusivu\/news\/turun-ky-hakee-isanta-emanta-vuodelle-2016\/"},"wordCount":222,"commentCount":0,"publisher":{"@id":"https:\/\/www.tuky.fi\/etusivu\/#organization"},"image":{"@id":"https:\/\/www.tuky.fi\/etusivu\/news\/turun-ky-hakee-isanta-emanta-vuodelle-2016\/#primaryimage"},"thumbnailUrl":"http:\/\/turunky.fi\/wordpress\/wp-content\/uploads\/2016\/01\/12183991-957725300965678-6270229590902560345-o-e1452464314247.jpg","articleSection":["news"],"inLanguage":"fi","potentialAction":[{"@type":"CommentAction","name":"Comment","target":["https:\/\/www.tuky.fi\/etusivu\/news\/turun-ky-hakee-isanta-emanta-vuodelle-2016\/#respond"]}]},{"@type":"WebPage","@id":"https:\/\/www.tuky.fi\/etusivu\/news\/turun-ky-hakee-isanta-emanta-vuodelle-2016\/","url":"https:\/\/www.tuky.fi\/etusivu\/news\/turun-ky-hakee-isanta-emanta-vuodelle-2016\/","name":"Turun KY hakee: Is\u00e4nt\u00e4 & Em\u00e4nt\u00e4 vuodelle 2016 - Turun KY","isPartOf":{"@id":"https:\/\/www.tuky.fi\/etusivu\/#website"},"primaryImageOfPage":{"@id":"https:\/\/www.tuky.fi\/etusivu\/news\/turun-ky-hakee-isanta-emanta-vuodelle-2016\/#primaryimage"},"image":{"@id":"https:\/\/www.tuky.fi\/etusivu\/news\/turun-ky-hakee-isanta-emanta-vuodelle-2016\/#primaryimage"},"thumbnailUrl":"http:\/\/turunky.fi\/wordpress\/wp-content\/uploads\/2016\/01\/12183991-957725300965678-6270229590902560345-o-e1452464314247.jpg","datePublished":"2016-01-10T22:22:12+00:00","breadcrumb":{"@id":"https:\/\/www.tuky.fi\/etusivu\/news\/turun-ky-hakee-isanta-emanta-vuodelle-2016\/#breadcrumb"},"inLanguage":"fi","potentialAction":[{"@type":"ReadAction","target":["https:\/\/www.tuky.fi\/etusivu\/news\/turun-ky-hakee-isanta-emanta-vuodelle-2016\/"]}]},{"@type":"ImageObject","inLanguage":"fi","@id":"https:\/\/www.tuky.fi\/etusivu\/news\/turun-ky-hakee-isanta-emanta-vuodelle-2016\/#primaryimage","url":"http:\/\/turunky.fi\/wordpress\/wp-content\/uploads\/2016\/01\/12183991-957725300965678-6270229590902560345-o-e1452464314247.jpg","contentUrl":"http:\/\/turunky.fi\/wordpress\/wp-content\/uploads\/2016\/01\/12183991-957725300965678-6270229590902560345-o-e1452464314247.jpg"},{"@type":"BreadcrumbList","@id":"https:\/\/www.tuky.fi\/etusivu\/news\/turun-ky-hakee-isanta-emanta-vuodelle-2016\/#breadcrumb","itemListElement":[{"@type":"ListItem","position":1,"name":"Etusivu","item":"https:\/\/www.tuky.fi\/etusivu\/"},{"@type":"ListItem","position":2,"name":"Turun KY hakee: Is\u00e4nt\u00e4 &#038; Em\u00e4nt\u00e4 vuodelle 2016"}]},{"@type":"WebSite","@id":"https:\/\/www.tuky.fi\/etusivu\/#website","url":"https:\/\/www.tuky.fi\/etusivu\/","name":"Turun KY","description":"TuKY","publisher":{"@id":"https:\/\/www.tuky.fi\/etusivu\/#organization"},"alternateName":"TuKY","potentialAction":[{"@type":"SearchAction","target":{"@type":"EntryPoint","urlTemplate":"https:\/\/www.tuky.fi\/etusivu\/?s={search_term_string}"},"query-input":{"@type":"PropertyValueSpecification","valueRequired":true,"valueName":"search_term_string"}}],"inLanguage":"fi"},{"@type":"Organization","@id":"https:\/\/www.tuky.fi\/etusivu\/#organization","name":"Turun KY","alternateName":"TuKY","url":"https:\/\/www.tuky.fi\/etusivu\/","logo":{"@type":"ImageObject","inLanguage":"fi","@id":"https:\/\/www.tuky.fi\/etusivu\/#\/schema\/logo\/image\/","url":"https:\/\/www.tuky.fi\/wp-content\/uploads\/2024\/09\/TuKY-logo-kulta-1.png","contentUrl":"https:\/\/www.tuky.fi\/wp-content\/uploads\/2024\/09\/TuKY-logo-kulta-1.png","width":1080,"height":1080,"caption":"Turun KY"},"image":{"@id":"https:\/\/www.tuky.fi\/etusivu\/#\/schema\/logo\/image\/"},"sameAs":["https:\/\/instagram.com\/turunky","https:\/\/linkedin.com\/turunky"]},{"@type":"Person","@id":"https:\/\/www.tuky.fi\/etusivu\/#\/schema\/person\/d1f6ea8c86143ee83cd1091dfde29a69","name":"Kulttuurivastaava","image":{"@type":"ImageObject","inLanguage":"fi","@id":"https:\/\/secure.gravatar.com\/avatar\/688f5ae69933705ed3d371e091a88192e3aea17c328f9180bc1c20090da573ae?s=96&d=mm&r=g","url":"https:\/\/secure.gravatar.com\/avatar\/688f5ae69933705ed3d371e091a88192e3aea17c328f9180bc1c20090da573ae?s=96&d=mm&r=g","contentUrl":"https:\/\/secure.gravatar.com\/avatar\/688f5ae69933705ed3d371e091a88192e3aea17c328f9180bc1c20090da573ae?s=96&d=mm&r=g","caption":"Kulttuurivastaava"},"url":"https:\/\/www.tuky.fi\/etusivu\/author\/ky-kulttuuri\/"}]}},"lang":"fi","translations":{"fi":17205},"pll_sync_post":[],"_links":{"self":[{"href":"https:\/\/www.tuky.fi\/etusivu\/wp-json\/wp\/v2\/posts\/17205","targetHints":{"allow":["GET"]}}],"collection":[{"href":"https:\/\/www.tuky.fi\/etusivu\/wp-json\/wp\/v2\/posts"}],"about":[{"href":"https:\/\/www.tuky.fi\/etusivu\/wp-json\/wp\/v2\/types\/post"}],"author":[{"embeddable":true,"href":"https:\/\/www.tuky.fi\/etusivu\/wp-json\/wp\/v2\/users\/15"}],"replies":[{"embeddable":true,"href":"https:\/\/www.tuky.fi\/etusivu\/wp-json\/wp\/v2\/comments?post=17205"}],"version-history":[{"count":0,"href":"https:\/\/www.tuky.fi\/etusivu\/wp-json\/wp\/v2\/posts\/17205\/revisions"}],"wp:attachment":[{"href":"https:\/\/www.tuky.fi\/etusivu\/wp-json\/wp\/v2\/media?parent=17205"}],"wp:term":[{"taxonomy":"category","embeddable":true,"href":"https:\/\/www.tuky.fi\/etusivu\/wp-json\/wp\/v2\/categories?post=17205"},{"taxonomy":"post_tag","embeddable":true,"href":"https:\/\/www.tuky.fi\/etusivu\/wp-json\/wp\/v2\/tags?post=17205"}],"curies":[{"name":"wp","href":"https:\/\/api.w.org\/{rel}","templated":true}]}}