{"id":17092,"date":"2016-01-07T17:50:56","date_gmt":"2016-01-07T15:50:56","guid":{"rendered":"http:\/\/turunky.fi\/?p=17092"},"modified":"2016-01-07T17:50:56","modified_gmt":"2016-01-07T15:50:56","slug":"eva-2016-esittaytyy","status":"publish","type":"post","link":"https:\/\/www.tuky.fi\/etusivu\/news\/eva-2016-esittaytyy\/","title":{"rendered":"EVA 2016 esitt\u00e4ytyy!"},"content":{"rendered":"<p>Edunvalvontajaostolle on valittu uusi hallitus vuodelle 2016 pit\u00e4m\u00e4\u00e4n huolta hyvinvoinnista ja edunvalvonnasta.\u00a0Turun KY:n vuoden 2016 sosiaalipoliittinen vastaava ja koulutuspoliittinen vastaava toimivat my\u00f6s Edunvalvontajaoston puheenjohtajana ja varapuheenjohtajana.<i><br \/>\n<\/i><\/p>\n<p><a href=\"http:\/\/turunky.fi\/wordpress\/wp-content\/uploads\/2016\/01\/EVA-logo.jpg\"><img loading=\"lazy\" decoding=\"async\" class=\"aligncenter  wp-image-17247\" src=\"http:\/\/turunky.fi\/wordpress\/wp-content\/uploads\/2016\/01\/EVA-logo.jpg\" alt=\"EVA_logo\" width=\"219\" height=\"118\" \/><\/a><\/p>\n<h3><\/h3>\n<h3>Inka Helaniemi \/ puheenjohtaja<img loading=\"lazy\" decoding=\"async\" class=\"wp-image-17117 alignright\" src=\"http:\/\/turunky.fi\/wordpress\/wp-content\/uploads\/2016\/01\/Inka2-2.jpg\" alt=\"Inka2 (2)\" width=\"161\" height=\"190\" \/><\/h3>\n<p style=\"text-align: justify\">Olen Inka, 22-vuotias paljasjalkainen helsinkil\u00e4inen, ja toimin t\u00e4n\u00e4 vuonna Turun KY:n\u00a0sosiaalipoliittisena\u00a0vastaavana ja EVAn puheenjohtajana. Olet voinut bongata minut esimerkiksi NESUn hallituksessa, tutorina, Speksihommissa tai ihan vaan Mercalla istuskelemassa. Tykk\u00e4\u00e4n kirpparil\u00f6yt\u00f6jen mets\u00e4st\u00e4misest\u00e4 ja hauskoista illoista hyv\u00e4ss\u00e4 seurassa. Odotan innolla uusia haasteita ja kokemuksia EVAn puheenjohtajana. Meill\u00e4 on upea porukka kasassa, ja saamme varmasti paljon aikaan niin hyvinvoinnin kuin edunvalvonnankin parissa!<\/p>\n<p>&nbsp;<\/p>\n<h3><a href=\"http:\/\/turunky.fi\/wordpress\/wp-content\/uploads\/2016\/01\/Oulaa.jpg\"><img loading=\"lazy\" decoding=\"async\" class=\"wp-image-17135 alignleft\" src=\"http:\/\/turunky.fi\/wordpress\/wp-content\/uploads\/2016\/01\/Oulaa-796x1024.jpg\" alt=\"\" width=\"147\" height=\"189\" \/><\/a><\/h3>\n<h3><\/h3>\n<h3>Oula Huttunen \/ varapuheenjohtaja<\/h3>\n<p style=\"text-align: justify\">Olen Oula, Porin yksik\u00f6n kautta Turkuun p\u00e4\u00e4tynyt vuosikerran \u201991 hyvink\u00e4\u00e4l\u00e4inen. P\u00e4\u00e4aineekseni valikoitui pitk\u00e4llisten pohdintojen j\u00e4lkeen toimitusketjujen johtaminen. Aikaisemmin olen toiminut Turun KY:ll\u00e4\u00a0Edunvalvontajaostossa kielten ja liikeviestinn\u00e4n laitosvastaavana sek\u00e4 KY-Tricoloren rahastonhoitajana. Harrastuksiini kuuluu mm. kuntosali, lukeminen ja kokkaaminen. Odotan innolla ja suurella mielenkiinnolla tulevaa vuotta EVAssa koulutuspoliittisena vastaavana!<\/p>\n<p>&nbsp;<\/p>\n<h3><\/h3>\n<h3 style=\"text-align: left\">Meri Tuuli Laaksonen \/ Kielten kopo<img loading=\"lazy\" decoding=\"async\" class=\"wp-image-17106 alignright\" src=\"http:\/\/turunky.fi\/wordpress\/wp-content\/uploads\/2016\/01\/image11.png\" alt=\"image1\" width=\"134\" height=\"167\" \/><\/h3>\n<p style=\"text-align: left\">Olen Meri Tuuli, ensimm\u00e4ist\u00e4 vuosikurssia eli t\u00e4m\u00e4n vuoden pupunen. 20-vuotias ja p\u00e4\u00e4aineenani on\u00a0kansainv\u00e4linen liiketoiminta. Vauhdikkaan ja huippumuistokkaan syksyn aikana l\u00e4hdin mukaan nakkeiluun, TYYn edariin sek\u00e4 nyt EVAn toimintaan. EVAssa olen siis vastuussa kielist\u00e4 ja kopoviestinn\u00e4st\u00e4. Kuuden kielen opiskelijana kielten opetus on syd\u00e4nt\u00e4 l\u00e4hell\u00e4 ja siksi saikin hakemaan paikkaa. T\u00e4ss\u00e4 sit\u00e4 nyt ollaan. Aika huippua -hyvinvointia ja rentouttavia tapahtumia varmasti tulossa. En malta odottaa mit\u00e4 kaikkea vuosi 2016 EVAssa tuo mukanaan.<\/p>\n<p>&nbsp;<\/p>\n<h3><img loading=\"lazy\" decoding=\"async\" class=\"wp-image-17101 alignleft\" src=\"http:\/\/turunky.fi\/wordpress\/wp-content\/uploads\/2016\/01\/2015-01-21-21.04.02.jpg\" alt=\"2015-01-21 21.04.02\" width=\"143\" height=\"181\" \/>Anna Matikainen \/ KV, JO, YR &#8211; kopo<\/h3>\n<p style=\"text-align: justify\">Olen Anna, toisen vuosikurssin kv-liiketoiminnan opiskelija ja paljasjalkainen turkulainen. Aikaisemmin minut on voinut bongata KY-Hansan tiedottajana sek\u00e4 KYlisteen toimituksen j\u00e4senen\u00e4 kamera kourassa hillumasta pitkin<br \/>\nk\u00e4yt\u00e4vi\u00e4. Kopok\u00e4rp\u00e4sen puraisemana p\u00e4\u00e4dyin hakemaan EVAn hallitukseen ja vuosi 2016 kuluukin KV\/JO\/YR- kopona. En malta odottaa, mit\u00e4 tuleva hallitusvuosi tuo tullessaan, bring it on!<\/p>\n<p>&nbsp;<\/p>\n<h3>Ida Laitoniemi \/ LR, YJ, TKM &#8211; kopo<a href=\"http:\/\/turunky.fi\/wordpress\/wp-content\/uploads\/2016\/01\/20151202-120311.jpg\"><img loading=\"lazy\" decoding=\"async\" class=\"wp-image-17104 alignright\" src=\"http:\/\/turunky.fi\/wordpress\/wp-content\/uploads\/2016\/01\/20151202-120311.jpg\" alt=\"20151202_120311\" width=\"177\" height=\"162\" \/><\/a><\/h3>\n<p style=\"text-align: left\">Olen Ida Laitoniemi, 22 vuotta ja ensimm\u00e4ist\u00e4 vuotta Turun kauppakorkeakoulussa. Olen kotoisin suuresta ja mahtavasta Kouvostoliitosta, mutta nyky\u00e4\u00e4n olen varsin turkulaistunut, sill\u00e4 olen opiskellut Turun yliopistossa jo jokusen vuoden matematiikkaa. EVAssa toimin laskentatoimen ja rahoituksen laitosvastaavana vuonna 2016. Oman p\u00e4\u00e4aineeni suhteen ep\u00e4r\u00f6in viel\u00e4 laskiksen ja TKM:n v\u00e4lill\u00e4. L\u00e4hdin mukaan EVAan, koska kiinnostuin kopo-asioista pupusyksyni aikana ja lis\u00e4ksi haluan p\u00e4\u00e4st\u00e4 j\u00e4rjest\u00e4m\u00e4\u00e4n tapahtumia, jotka ilahduttavat. T\u00e4st\u00e4 vuodesta tulee varmasti aivan mahtava!<\/p>\n<p>&nbsp;<\/p>\n<h3>Wilma Nissil\u00e4 \/ KT &#8211; kopo<\/h3>\n<p style=\"text-align: justify\"><a href=\"http:\/\/turunky.fi\/wordpress\/wp-content\/uploads\/2016\/01\/11393270-10205711009007690-5225373368864049087-n1.jpg\"><img loading=\"lazy\" decoding=\"async\" class=\"wp-image-17110 alignleft\" src=\"http:\/\/turunky.fi\/wordpress\/wp-content\/uploads\/2016\/01\/11393270-10205711009007690-5225373368864049087-n2.jpg\" alt=\"11393270_10205711009007690_5225373368864049087_n\" width=\"150\" height=\"182\" \/><\/a>Oon Wilma 21v, kotoisin Suomen helmest\u00e4 eli Raumalta ja toimin EVAssa taloustieteen laitosvastaavana t\u00e4m\u00e4n vuoden. Opiskelen (yll\u00e4tt\u00e4en) p\u00e4\u00e4aineenani kansista, mutta my\u00f6s sovellettua matikkaa yliopiston puolella. Vapaa-aika kuluu lentolipputarjouksia mets\u00e4st\u00e4ess\u00e4 ja vanhaa rokkia kuunnellessa. Pakostakin joudun tosin vapaa-ajallakin sumplimaan kurssi-, tentti- ja opiskeluk\u00e4yt\u00e4nt\u00f6j\u00e4, joten kiinnostus kopohommiin kasvoi syksyn aikana noin potenssiin sata. Se oli sitten toisen vuosikurssin rusakkona haettava EVAan ja t\u00e4ss\u00e4 sit\u00e4 nyt ollaan huikein fiiliksin. Saa ja pit\u00e4\u00e4 tulla nyk\u00e4isem\u00e4\u00e4n hihasta jos on jotain palautetta liittyen kansiksen tai matikan opiskeluun!<\/p>\n<p>&nbsp;<\/p>\n<h3>Susanna Lemstr\u00f6m \/ MA, TJT, LOG, TM &#8211; kopo<img loading=\"lazy\" decoding=\"async\" class=\"wp-image-17099 alignright\" src=\"http:\/\/turunky.fi\/wordpress\/wp-content\/uploads\/2016\/01\/Kuva001.jpg\" alt=\"Kuva001\" width=\"127\" height=\"221\" \/><\/h3>\n<p style=\"text-align: left\">Olen Susanna Lemstr\u00f6m, ensimm\u00e4isen vuoden opiskelija ja alunperin l\u00e4ht\u00f6isin t\u00e4\u00e4lt\u00e4 Turun seudulta. Opintoja on tosin takana jo enemm\u00e4n kuin normipupulla, sill\u00e4 p\u00e4\u00e4sin opiskelemaan avoimen v\u00e4yl\u00e4n kautta. Pid\u00e4n etenkin kuntosalilla k\u00e4ymisest\u00e4, ulkona sy\u00f6misest\u00e4 ja kokkailusta, matkustelusta, lukemisesta sek\u00e4 penkkiurheilusta j\u00e4\u00e4kiekon parissa. EVAssa toimin kopona aineille markkinointi, tietoj\u00e4rjestelm\u00e4tiede, toimitusketjujen johtaminen sek\u00e4 talousmaantiede eli vastaan viestinn\u00e4st\u00e4 n\u00e4iden aineiden laitosten kanssa. Tulkaa rohkeasti nyk\u00e4isem\u00e4\u00e4n hihasta ja kertomaan, jos on jotain syd\u00e4mell\u00e4 kyseisiin aineisiin tai muuhun opiskeluun liittyen. Odotan innolla tulevaa vuottani EVAssa!<\/p>\n<p>&nbsp;<\/p>\n<h3><a href=\"http:\/\/turunky.fi\/wordpress\/wp-content\/uploads\/2016\/01\/Mona.jpg\"><img loading=\"lazy\" decoding=\"async\" class=\"wp-image-17111 alignleft\" src=\"http:\/\/turunky.fi\/wordpress\/wp-content\/uploads\/2016\/01\/Mona.jpg\" alt=\"Mona\" width=\"129\" height=\"192\" \/><\/a>Mona Ernola \/ Tapahtuma- ja markkinointivastaava<\/h3>\n<p style=\"text-align: justify\">Olen landelta turkulaistunut toisen vuosikurssin markkinoinnin opiskelija. Tykk\u00e4\u00e4n erityisesti hyv\u00e4st\u00e4 musiikista, nauruista, matkustelusta ja lautapeleist\u00e4. Viime syksy vier\u00e4hti nopeasti mm. tutor-teht\u00e4viss\u00e4 ja vuosi 2016 tulee kulumaan EVAn tapahtuma- ja markkinointivastaavan pestiss\u00e4. Mahtavaa p\u00e4\u00e4st\u00e4 mukaan edist\u00e4m\u00e4\u00e4n hyvinvointia ja edunvalvontaa. Odottelen jo innolla uusia haasteita, kokemuksia ja tulevia tapahtumia, siell\u00e4 n\u00e4hd\u00e4\u00e4n!<\/p>\n<p>&nbsp;<\/p>\n<h3>Liisa Raulas \/ Tiedottaja<img loading=\"lazy\" decoding=\"async\" class=\"wp-image-17112 alignright\" src=\"http:\/\/turunky.fi\/wordpress\/wp-content\/uploads\/2016\/01\/10525774-10203466391833209-4163838529918935392-n.jpg\" alt=\"10525774_10203466391833209_4163838529918935392_n\" width=\"183\" height=\"183\" \/><\/h3>\n<p style=\"text-align: left\">Olen Liisa, ehtiv\u00e4inen kolmannen vuosikurssin jokapaikanh\u00f6yl\u00e4 ja ryhdyn vuoden 2016 alusta hoitamaan EVA:n tiedottajapuolta. Joku saattaa tunnistaa naamani KY-Sportin viime vuoden hallituksesta, jossa toimin projektivastaavana. Viel\u00e4 en ollut ihan valmis luopumaan jaostohommista, ja EVA:n sopopuoli oli minulle luonteva valinta. On mukava p\u00e4\u00e4st\u00e4 bileiden sijaan j\u00e4rjest\u00e4m\u00e4\u00e4n rentoja hengailutapahtumia loistavassa porukassa. T\u00e4n\u00e4 vuonna aion pit\u00e4\u00e4 huolta siit\u00e4, ett\u00e4 EVA n\u00e4kyy ja kuuluu!<\/p>\n<p>&nbsp;<\/p>\n<h3><a href=\"http:\/\/turunky.fi\/wordpress\/wp-content\/uploads\/2016\/01\/10472815-10204157554691453-8460549926976017607-o.jpg\"><img loading=\"lazy\" decoding=\"async\" class=\"wp-image-17113 alignleft\" src=\"http:\/\/turunky.fi\/wordpress\/wp-content\/uploads\/2016\/01\/10472815-10204157554691453-8460549926976017607-o.jpg\" alt=\"10472815_10204157554691453_8460549926976017607_o\" width=\"139\" height=\"208\" \/><\/a>Roope Kangasm\u00e4ki \/ Sihteeri ja rahastonhoitaja<\/h3>\n<p style=\"text-align: justify\">Olen Roope, 20-v ex-tamperelainen huonohkolla huumorintajulla varustettu 1. vuosikurssin kv. opiskelija. Harrastelen kaikenlaista paritanssia humpasta muihin lajeihin. Tulen toimimaan EVAn rahastonhoitajana ja sihteerin\u00e4, eli n\u00e4pyttelen tietokonetta jatkuvasti. Lis\u00e4ksi olen tottakai j\u00e4rkk\u00e4ilem\u00e4ss\u00e4 teit\u00e4 varten tapahtumia. EVAan p\u00e4\u00e4tin hakea, koska haluan tuoda EVAn viel\u00e4 l\u00e4hemm\u00e4s jokaista opiskelijaa ja toisaalta haluan saada sit\u00e4 kuuluisaa j\u00e4rjest\u00f6kokemusta.<\/p>\n","protected":false},"excerpt":{"rendered":"<p>Edunvalvontajaostolle on valittu uusi hallitus vuodelle 2016 pit\u00e4m\u00e4\u00e4n huolta hyvinvoinnista ja edunvalvonnasta.\u00a0Turun KY:n vuoden 2016 sosiaalipoliittinen vastaava ja koulutuspoliittinen vastaava toimivat my\u00f6s Edunvalvontajaoston puheenjohtajana ja varapuheenjohtajana. Inka Helaniemi \/ puheenjohtaja [&hellip;]<\/p>\n","protected":false},"author":1,"featured_media":0,"comment_status":"open","ping_status":"open","sticky":false,"template":"","format":"standard","meta":{"_et_pb_use_builder":"","_et_pb_old_content":"","_et_gb_content_width":"","footnotes":""},"categories":[4],"tags":[],"class_list":["post-17092","post","type-post","status-publish","format-standard","hentry","category-news"],"yoast_head":"<!-- This site is optimized with the Yoast SEO plugin v27.2 - https:\/\/yoast.com\/product\/yoast-seo-wordpress\/ -->\n<title>EVA 2016 esitt\u00e4ytyy! - Turun KY<\/title>\n<meta name=\"robots\" content=\"index, follow, max-snippet:-1, max-image-preview:large, max-video-preview:-1\" \/>\n<link rel=\"canonical\" href=\"https:\/\/www.tuky.fi\/etusivu\/news\/eva-2016-esittaytyy\/\" \/>\n<meta property=\"og:locale\" content=\"fi_FI\" \/>\n<meta property=\"og:type\" content=\"article\" \/>\n<meta property=\"og:title\" content=\"EVA 2016 esitt\u00e4ytyy! - Turun KY\" \/>\n<meta property=\"og:description\" content=\"Edunvalvontajaostolle on valittu uusi hallitus vuodelle 2016 pit\u00e4m\u00e4\u00e4n huolta hyvinvoinnista ja edunvalvonnasta.\u00a0Turun KY:n vuoden 2016 sosiaalipoliittinen vastaava ja koulutuspoliittinen vastaava toimivat my\u00f6s Edunvalvontajaoston puheenjohtajana ja varapuheenjohtajana. Inka Helaniemi \/ puheenjohtaja [&hellip;]\" \/>\n<meta property=\"og:url\" content=\"https:\/\/www.tuky.fi\/etusivu\/news\/eva-2016-esittaytyy\/\" \/>\n<meta property=\"og:site_name\" content=\"Turun KY\" \/>\n<meta property=\"article:published_time\" content=\"2016-01-07T15:50:56+00:00\" \/>\n<meta property=\"og:image\" content=\"http:\/\/turunky.fi\/wordpress\/wp-content\/uploads\/2016\/01\/EVA-logo.jpg\" \/>\n<meta name=\"author\" content=\"admin\" \/>\n<meta name=\"twitter:card\" content=\"summary_large_image\" \/>\n<meta name=\"twitter:label1\" content=\"Kirjoittanut\" \/>\n\t<meta name=\"twitter:data1\" content=\"admin\" \/>\n\t<meta name=\"twitter:label2\" content=\"Arvioitu lukuaika\" \/>\n\t<meta name=\"twitter:data2\" content=\"4 minuuttia\" \/>\n<script type=\"application\/ld+json\" class=\"yoast-schema-graph\">{\"@context\":\"https:\/\/schema.org\",\"@graph\":[{\"@type\":\"Article\",\"@id\":\"https:\/\/www.tuky.fi\/etusivu\/news\/eva-2016-esittaytyy\/#article\",\"isPartOf\":{\"@id\":\"https:\/\/www.tuky.fi\/etusivu\/news\/eva-2016-esittaytyy\/\"},\"author\":{\"name\":\"admin\",\"@id\":\"https:\/\/www.tuky.fi\/etusivu\/#\/schema\/person\/479eb0d4ef732e133e3a76f9b7659a39\"},\"headline\":\"EVA 2016 esitt\u00e4ytyy!\",\"datePublished\":\"2016-01-07T15:50:56+00:00\",\"mainEntityOfPage\":{\"@id\":\"https:\/\/www.tuky.fi\/etusivu\/news\/eva-2016-esittaytyy\/\"},\"wordCount\":815,\"commentCount\":0,\"publisher\":{\"@id\":\"https:\/\/www.tuky.fi\/etusivu\/#organization\"},\"image\":{\"@id\":\"https:\/\/www.tuky.fi\/etusivu\/news\/eva-2016-esittaytyy\/#primaryimage\"},\"thumbnailUrl\":\"http:\/\/turunky.fi\/wordpress\/wp-content\/uploads\/2016\/01\/EVA-logo.jpg\",\"articleSection\":[\"news\"],\"inLanguage\":\"fi\",\"potentialAction\":[{\"@type\":\"CommentAction\",\"name\":\"Comment\",\"target\":[\"https:\/\/www.tuky.fi\/etusivu\/news\/eva-2016-esittaytyy\/#respond\"]}]},{\"@type\":\"WebPage\",\"@id\":\"https:\/\/www.tuky.fi\/etusivu\/news\/eva-2016-esittaytyy\/\",\"url\":\"https:\/\/www.tuky.fi\/etusivu\/news\/eva-2016-esittaytyy\/\",\"name\":\"EVA 2016 esitt\u00e4ytyy! - Turun KY\",\"isPartOf\":{\"@id\":\"https:\/\/www.tuky.fi\/etusivu\/#website\"},\"primaryImageOfPage\":{\"@id\":\"https:\/\/www.tuky.fi\/etusivu\/news\/eva-2016-esittaytyy\/#primaryimage\"},\"image\":{\"@id\":\"https:\/\/www.tuky.fi\/etusivu\/news\/eva-2016-esittaytyy\/#primaryimage\"},\"thumbnailUrl\":\"http:\/\/turunky.fi\/wordpress\/wp-content\/uploads\/2016\/01\/EVA-logo.jpg\",\"datePublished\":\"2016-01-07T15:50:56+00:00\",\"breadcrumb\":{\"@id\":\"https:\/\/www.tuky.fi\/etusivu\/news\/eva-2016-esittaytyy\/#breadcrumb\"},\"inLanguage\":\"fi\",\"potentialAction\":[{\"@type\":\"ReadAction\",\"target\":[\"https:\/\/www.tuky.fi\/etusivu\/news\/eva-2016-esittaytyy\/\"]}]},{\"@type\":\"ImageObject\",\"inLanguage\":\"fi\",\"@id\":\"https:\/\/www.tuky.fi\/etusivu\/news\/eva-2016-esittaytyy\/#primaryimage\",\"url\":\"http:\/\/turunky.fi\/wordpress\/wp-content\/uploads\/2016\/01\/EVA-logo.jpg\",\"contentUrl\":\"http:\/\/turunky.fi\/wordpress\/wp-content\/uploads\/2016\/01\/EVA-logo.jpg\"},{\"@type\":\"BreadcrumbList\",\"@id\":\"https:\/\/www.tuky.fi\/etusivu\/news\/eva-2016-esittaytyy\/#breadcrumb\",\"itemListElement\":[{\"@type\":\"ListItem\",\"position\":1,\"name\":\"Etusivu\",\"item\":\"https:\/\/www.tuky.fi\/etusivu\/\"},{\"@type\":\"ListItem\",\"position\":2,\"name\":\"EVA 2016 esitt\u00e4ytyy!\"}]},{\"@type\":\"WebSite\",\"@id\":\"https:\/\/www.tuky.fi\/etusivu\/#website\",\"url\":\"https:\/\/www.tuky.fi\/etusivu\/\",\"name\":\"Turun KY\",\"description\":\"TuKY\",\"publisher\":{\"@id\":\"https:\/\/www.tuky.fi\/etusivu\/#organization\"},\"alternateName\":\"TuKY\",\"potentialAction\":[{\"@type\":\"SearchAction\",\"target\":{\"@type\":\"EntryPoint\",\"urlTemplate\":\"https:\/\/www.tuky.fi\/etusivu\/?s={search_term_string}\"},\"query-input\":{\"@type\":\"PropertyValueSpecification\",\"valueRequired\":true,\"valueName\":\"search_term_string\"}}],\"inLanguage\":\"fi\"},{\"@type\":\"Organization\",\"@id\":\"https:\/\/www.tuky.fi\/etusivu\/#organization\",\"name\":\"Turun KY\",\"alternateName\":\"TuKY\",\"url\":\"https:\/\/www.tuky.fi\/etusivu\/\",\"logo\":{\"@type\":\"ImageObject\",\"inLanguage\":\"fi\",\"@id\":\"https:\/\/www.tuky.fi\/etusivu\/#\/schema\/logo\/image\/\",\"url\":\"https:\/\/www.tuky.fi\/wp-content\/uploads\/2024\/09\/TuKY-logo-kulta-1.png\",\"contentUrl\":\"https:\/\/www.tuky.fi\/wp-content\/uploads\/2024\/09\/TuKY-logo-kulta-1.png\",\"width\":1080,\"height\":1080,\"caption\":\"Turun KY\"},\"image\":{\"@id\":\"https:\/\/www.tuky.fi\/etusivu\/#\/schema\/logo\/image\/\"},\"sameAs\":[\"https:\/\/instagram.com\/turunky\",\"https:\/\/linkedin.com\/turunky\"]},{\"@type\":\"Person\",\"@id\":\"https:\/\/www.tuky.fi\/etusivu\/#\/schema\/person\/479eb0d4ef732e133e3a76f9b7659a39\",\"name\":\"admin\",\"image\":{\"@type\":\"ImageObject\",\"inLanguage\":\"fi\",\"@id\":\"https:\/\/secure.gravatar.com\/avatar\/afbe741656101229147e16716fbedbcade65018caf8c467f89b9abae7aaffeea?s=96&d=mm&r=g\",\"url\":\"https:\/\/secure.gravatar.com\/avatar\/afbe741656101229147e16716fbedbcade65018caf8c467f89b9abae7aaffeea?s=96&d=mm&r=g\",\"contentUrl\":\"https:\/\/secure.gravatar.com\/avatar\/afbe741656101229147e16716fbedbcade65018caf8c467f89b9abae7aaffeea?s=96&d=mm&r=g\",\"caption\":\"admin\"},\"url\":\"https:\/\/www.tuky.fi\/etusivu\/author\/admin\/\"}]}<\/script>\n<!-- \/ Yoast SEO plugin. -->","yoast_head_json":{"title":"EVA 2016 esitt\u00e4ytyy! - Turun KY","robots":{"index":"index","follow":"follow","max-snippet":"max-snippet:-1","max-image-preview":"max-image-preview:large","max-video-preview":"max-video-preview:-1"},"canonical":"https:\/\/www.tuky.fi\/etusivu\/news\/eva-2016-esittaytyy\/","og_locale":"fi_FI","og_type":"article","og_title":"EVA 2016 esitt\u00e4ytyy! - Turun KY","og_description":"Edunvalvontajaostolle on valittu uusi hallitus vuodelle 2016 pit\u00e4m\u00e4\u00e4n huolta hyvinvoinnista ja edunvalvonnasta.\u00a0Turun KY:n vuoden 2016 sosiaalipoliittinen vastaava ja koulutuspoliittinen vastaava toimivat my\u00f6s Edunvalvontajaoston puheenjohtajana ja varapuheenjohtajana. Inka Helaniemi \/ puheenjohtaja [&hellip;]","og_url":"https:\/\/www.tuky.fi\/etusivu\/news\/eva-2016-esittaytyy\/","og_site_name":"Turun KY","article_published_time":"2016-01-07T15:50:56+00:00","og_image":[{"url":"http:\/\/turunky.fi\/wordpress\/wp-content\/uploads\/2016\/01\/EVA-logo.jpg","type":"","width":"","height":""}],"author":"admin","twitter_card":"summary_large_image","twitter_misc":{"Kirjoittanut":"admin","Arvioitu lukuaika":"4 minuuttia"},"schema":{"@context":"https:\/\/schema.org","@graph":[{"@type":"Article","@id":"https:\/\/www.tuky.fi\/etusivu\/news\/eva-2016-esittaytyy\/#article","isPartOf":{"@id":"https:\/\/www.tuky.fi\/etusivu\/news\/eva-2016-esittaytyy\/"},"author":{"name":"admin","@id":"https:\/\/www.tuky.fi\/etusivu\/#\/schema\/person\/479eb0d4ef732e133e3a76f9b7659a39"},"headline":"EVA 2016 esitt\u00e4ytyy!","datePublished":"2016-01-07T15:50:56+00:00","mainEntityOfPage":{"@id":"https:\/\/www.tuky.fi\/etusivu\/news\/eva-2016-esittaytyy\/"},"wordCount":815,"commentCount":0,"publisher":{"@id":"https:\/\/www.tuky.fi\/etusivu\/#organization"},"image":{"@id":"https:\/\/www.tuky.fi\/etusivu\/news\/eva-2016-esittaytyy\/#primaryimage"},"thumbnailUrl":"http:\/\/turunky.fi\/wordpress\/wp-content\/uploads\/2016\/01\/EVA-logo.jpg","articleSection":["news"],"inLanguage":"fi","potentialAction":[{"@type":"CommentAction","name":"Comment","target":["https:\/\/www.tuky.fi\/etusivu\/news\/eva-2016-esittaytyy\/#respond"]}]},{"@type":"WebPage","@id":"https:\/\/www.tuky.fi\/etusivu\/news\/eva-2016-esittaytyy\/","url":"https:\/\/www.tuky.fi\/etusivu\/news\/eva-2016-esittaytyy\/","name":"EVA 2016 esitt\u00e4ytyy! - Turun KY","isPartOf":{"@id":"https:\/\/www.tuky.fi\/etusivu\/#website"},"primaryImageOfPage":{"@id":"https:\/\/www.tuky.fi\/etusivu\/news\/eva-2016-esittaytyy\/#primaryimage"},"image":{"@id":"https:\/\/www.tuky.fi\/etusivu\/news\/eva-2016-esittaytyy\/#primaryimage"},"thumbnailUrl":"http:\/\/turunky.fi\/wordpress\/wp-content\/uploads\/2016\/01\/EVA-logo.jpg","datePublished":"2016-01-07T15:50:56+00:00","breadcrumb":{"@id":"https:\/\/www.tuky.fi\/etusivu\/news\/eva-2016-esittaytyy\/#breadcrumb"},"inLanguage":"fi","potentialAction":[{"@type":"ReadAction","target":["https:\/\/www.tuky.fi\/etusivu\/news\/eva-2016-esittaytyy\/"]}]},{"@type":"ImageObject","inLanguage":"fi","@id":"https:\/\/www.tuky.fi\/etusivu\/news\/eva-2016-esittaytyy\/#primaryimage","url":"http:\/\/turunky.fi\/wordpress\/wp-content\/uploads\/2016\/01\/EVA-logo.jpg","contentUrl":"http:\/\/turunky.fi\/wordpress\/wp-content\/uploads\/2016\/01\/EVA-logo.jpg"},{"@type":"BreadcrumbList","@id":"https:\/\/www.tuky.fi\/etusivu\/news\/eva-2016-esittaytyy\/#breadcrumb","itemListElement":[{"@type":"ListItem","position":1,"name":"Etusivu","item":"https:\/\/www.tuky.fi\/etusivu\/"},{"@type":"ListItem","position":2,"name":"EVA 2016 esitt\u00e4ytyy!"}]},{"@type":"WebSite","@id":"https:\/\/www.tuky.fi\/etusivu\/#website","url":"https:\/\/www.tuky.fi\/etusivu\/","name":"Turun KY","description":"TuKY","publisher":{"@id":"https:\/\/www.tuky.fi\/etusivu\/#organization"},"alternateName":"TuKY","potentialAction":[{"@type":"SearchAction","target":{"@type":"EntryPoint","urlTemplate":"https:\/\/www.tuky.fi\/etusivu\/?s={search_term_string}"},"query-input":{"@type":"PropertyValueSpecification","valueRequired":true,"valueName":"search_term_string"}}],"inLanguage":"fi"},{"@type":"Organization","@id":"https:\/\/www.tuky.fi\/etusivu\/#organization","name":"Turun KY","alternateName":"TuKY","url":"https:\/\/www.tuky.fi\/etusivu\/","logo":{"@type":"ImageObject","inLanguage":"fi","@id":"https:\/\/www.tuky.fi\/etusivu\/#\/schema\/logo\/image\/","url":"https:\/\/www.tuky.fi\/wp-content\/uploads\/2024\/09\/TuKY-logo-kulta-1.png","contentUrl":"https:\/\/www.tuky.fi\/wp-content\/uploads\/2024\/09\/TuKY-logo-kulta-1.png","width":1080,"height":1080,"caption":"Turun KY"},"image":{"@id":"https:\/\/www.tuky.fi\/etusivu\/#\/schema\/logo\/image\/"},"sameAs":["https:\/\/instagram.com\/turunky","https:\/\/linkedin.com\/turunky"]},{"@type":"Person","@id":"https:\/\/www.tuky.fi\/etusivu\/#\/schema\/person\/479eb0d4ef732e133e3a76f9b7659a39","name":"admin","image":{"@type":"ImageObject","inLanguage":"fi","@id":"https:\/\/secure.gravatar.com\/avatar\/afbe741656101229147e16716fbedbcade65018caf8c467f89b9abae7aaffeea?s=96&d=mm&r=g","url":"https:\/\/secure.gravatar.com\/avatar\/afbe741656101229147e16716fbedbcade65018caf8c467f89b9abae7aaffeea?s=96&d=mm&r=g","contentUrl":"https:\/\/secure.gravatar.com\/avatar\/afbe741656101229147e16716fbedbcade65018caf8c467f89b9abae7aaffeea?s=96&d=mm&r=g","caption":"admin"},"url":"https:\/\/www.tuky.fi\/etusivu\/author\/admin\/"}]}},"lang":"fi","translations":{"fi":17092},"pll_sync_post":[],"_links":{"self":[{"href":"https:\/\/www.tuky.fi\/etusivu\/wp-json\/wp\/v2\/posts\/17092","targetHints":{"allow":["GET"]}}],"collection":[{"href":"https:\/\/www.tuky.fi\/etusivu\/wp-json\/wp\/v2\/posts"}],"about":[{"href":"https:\/\/www.tuky.fi\/etusivu\/wp-json\/wp\/v2\/types\/post"}],"author":[{"embeddable":true,"href":"https:\/\/www.tuky.fi\/etusivu\/wp-json\/wp\/v2\/users\/1"}],"replies":[{"embeddable":true,"href":"https:\/\/www.tuky.fi\/etusivu\/wp-json\/wp\/v2\/comments?post=17092"}],"version-history":[{"count":0,"href":"https:\/\/www.tuky.fi\/etusivu\/wp-json\/wp\/v2\/posts\/17092\/revisions"}],"wp:attachment":[{"href":"https:\/\/www.tuky.fi\/etusivu\/wp-json\/wp\/v2\/media?parent=17092"}],"wp:term":[{"taxonomy":"category","embeddable":true,"href":"https:\/\/www.tuky.fi\/etusivu\/wp-json\/wp\/v2\/categories?post=17092"},{"taxonomy":"post_tag","embeddable":true,"href":"https:\/\/www.tuky.fi\/etusivu\/wp-json\/wp\/v2\/tags?post=17092"}],"curies":[{"name":"wp","href":"https:\/\/api.w.org\/{rel}","templated":true}]}}