{"id":17052,"date":"2016-01-05T10:26:41","date_gmt":"2016-01-05T08:26:41","guid":{"rendered":"http:\/\/turunky.fi\/?p=17052"},"modified":"2016-01-05T10:26:41","modified_gmt":"2016-01-05T08:26:41","slug":"4-vuosikurssin-risteilyn-jarjestajat-on-valittu","status":"publish","type":"post","link":"https:\/\/www.tuky.fi\/etusivu\/news\/4-vuosikurssin-risteilyn-jarjestajat-on-valittu\/","title":{"rendered":"4. vuosikurssin risteilyn j\u00e4rjest\u00e4j\u00e4t on valittu"},"content":{"rendered":"<p><strong>4. vuosikurssin risteily tulee taas!<\/strong> Risteily on perinteinen tapahtuma 4. vuosikurssin opiskelijoille. Risteilyll\u00e4 opiskelijat p\u00e4\u00e4sev\u00e4t kuuntelemaan mielenkiintoisia keynoteja, puheita, paneelikeskusteluja sek\u00e4 osallistumaan erilaisiin workshoppeihin. Lis\u00e4ksi risteilyll\u00e4 on palkittu yleens\u00e4 paras CV sek\u00e4 jaettu leikkimielisi\u00e4 huomionosoituksia 4. vuosikurssin ansioituneille persoonille. P\u00e4iv\u00e4ohjelman j\u00e4lkeen illalla on vuorossa iltagaala, jossa p\u00e4\u00e4set fiilistelem\u00e4\u00e4n syksyn 2012 puputunnelmia. Risteily on upea tilaisuus p\u00e4\u00e4st\u00e4 tutustumaan ty\u00f6el\u00e4m\u00e4\u00e4n ja ty\u00f6mahdollisuuksiin rennommissa merkeiss\u00e4 ja reissu on osallistujille ilmainen. Tapahtuma j\u00e4rjestet\u00e4\u00e4n helmi-maaliskuussa, tarkempi p\u00e4iv\u00e4m\u00e4\u00e4r\u00e4 ja ohjelma ilmoitetaan my\u00f6hemmin.<\/p>\n<p>Risteilyem\u00e4nt\u00e4n\u00e4 ja -is\u00e4nt\u00e4n\u00e4 toimivat t\u00e4n\u00e4 vuonna Laura V\u00e4h\u00e4saari ja Santeri Kangas, jotka ovat luvanneet toteuttaa ikimuistoisen risteilykokemuksen kaikille vuonna 2012 aloittaneille puputovereilleen. Voit olla heihin yhteydess\u00e4 kaikenlaisissa risteilyyn liittyviss\u00e4 mielt\u00e4 askarruttavissa kysymyksiss\u00e4.<\/p>\n<p>Laura &amp; Santeri:<\/p>\n<p>Heissan!<\/p>\n<p>On mahtavaa p\u00e4\u00e4st\u00e4 j\u00e4rjest\u00e4m\u00e4\u00e4n t\u00e4t\u00e4 risteily\u00e4 juuri meid\u00e4n omalle vuosikurssille. Opiskelujen ohella\u00a0olemme p\u00e4\u00e4sseet puuhailemaan kaikenlaista Turun KY:ss\u00e4, viett\u00e4neet aikaa upeiden ihmisten kanssa sek\u00e4 n\u00e4hneet ja kokeneet kaikenlaista. Nyt tahdomme toteuttaa t\u00e4m\u00e4n perinteisen tapahtuman meille kaikille nelosvuosikurssilaisille \u2013 toivommekin n\u00e4kev\u00e4mme teid\u00e4t kaikki tai ainakin suurimman osan kev\u00e4\u00e4ll\u00e4 j\u00e4rjestett\u00e4v\u00e4ll\u00e4 risteilyll\u00e4.<\/p>\n<p>Odotamme innolla sit\u00e4, ett\u00e4 p\u00e4\u00e4semme n\u00e4kem\u00e4\u00e4n teit\u00e4 kaikkia seilailemassa kanssamme viel\u00e4 (ainakin) kerran It\u00e4meren aalloilla, keskustellen tulevaisuudesta, ty\u00f6mahdollisuuksista sek\u00e4 muistelemaan menneit\u00e4 vuosia ja vaikka menneit\u00e4 kurssejakin, kuten iki-ihanaa M\u00c4YR\u00c4\u00c4. T\u00e4st\u00e4 tulee niin kiva reissu. Vi ses!<\/p>\n<p><a href=\"http:\/\/turunky.fi\/wordpress\/wp-content\/uploads\/2016\/01\/IMG-3065m-22.jpg\"><img loading=\"lazy\" decoding=\"async\" class=\"wp-image-17056 alignleft\" src=\"http:\/\/turunky.fi\/wordpress\/wp-content\/uploads\/2016\/01\/IMG-3065m-22-751x1024.jpg\" alt=\"IMG_3065m (2)2\" width=\"320\" height=\"436\" \/><\/a><a href=\"http:\/\/turunky.fi\/wordpress\/wp-content\/uploads\/2016\/01\/12483618-10207321467849412-911121779-n.jpg\"><img loading=\"lazy\" decoding=\"async\" class=\"wp-image-17055 alignleft\" src=\"http:\/\/turunky.fi\/wordpress\/wp-content\/uploads\/2016\/01\/12483618-10207321467849412-911121779-n.jpg\" alt=\"12483618_10207321467849412_911121779_n\" width=\"341\" height=\"437\" \/><\/a><\/p>\n<p>&nbsp;<\/p>\n","protected":false},"excerpt":{"rendered":"<p>4. vuosikurssin risteily tulee taas! Risteily on perinteinen tapahtuma 4. vuosikurssin opiskelijoille. Risteilyll\u00e4 opiskelijat p\u00e4\u00e4sev\u00e4t kuuntelemaan mielenkiintoisia keynoteja, puheita, paneelikeskusteluja sek\u00e4 osallistumaan erilaisiin workshoppeihin. Lis\u00e4ksi risteilyll\u00e4 on palkittu yleens\u00e4 paras [&hellip;]<\/p>\n","protected":false},"author":1,"featured_media":0,"comment_status":"open","ping_status":"open","sticky":false,"template":"","format":"standard","meta":{"_et_pb_use_builder":"","_et_pb_old_content":"","_et_gb_content_width":"","footnotes":""},"categories":[4],"tags":[],"class_list":["post-17052","post","type-post","status-publish","format-standard","hentry","category-news"],"yoast_head":"<!-- This site is optimized with the Yoast SEO plugin v27.2 - https:\/\/yoast.com\/product\/yoast-seo-wordpress\/ -->\n<title>4. vuosikurssin risteilyn j\u00e4rjest\u00e4j\u00e4t on valittu - Turun KY<\/title>\n<meta name=\"robots\" content=\"index, follow, max-snippet:-1, max-image-preview:large, max-video-preview:-1\" \/>\n<link rel=\"canonical\" href=\"https:\/\/www.tuky.fi\/etusivu\/news\/4-vuosikurssin-risteilyn-jarjestajat-on-valittu\/\" \/>\n<meta property=\"og:locale\" content=\"fi_FI\" \/>\n<meta property=\"og:type\" content=\"article\" \/>\n<meta property=\"og:title\" content=\"4. vuosikurssin risteilyn j\u00e4rjest\u00e4j\u00e4t on valittu - Turun KY\" \/>\n<meta property=\"og:description\" content=\"4. vuosikurssin risteily tulee taas! Risteily on perinteinen tapahtuma 4. vuosikurssin opiskelijoille. Risteilyll\u00e4 opiskelijat p\u00e4\u00e4sev\u00e4t kuuntelemaan mielenkiintoisia keynoteja, puheita, paneelikeskusteluja sek\u00e4 osallistumaan erilaisiin workshoppeihin. Lis\u00e4ksi risteilyll\u00e4 on palkittu yleens\u00e4 paras [&hellip;]\" \/>\n<meta property=\"og:url\" content=\"https:\/\/www.tuky.fi\/etusivu\/news\/4-vuosikurssin-risteilyn-jarjestajat-on-valittu\/\" \/>\n<meta property=\"og:site_name\" content=\"Turun KY\" \/>\n<meta property=\"article:published_time\" content=\"2016-01-05T08:26:41+00:00\" \/>\n<meta property=\"og:image\" content=\"http:\/\/turunky.fi\/wordpress\/wp-content\/uploads\/2016\/01\/IMG-3065m-22-751x1024.jpg\" \/>\n<meta name=\"author\" content=\"admin\" \/>\n<meta name=\"twitter:card\" content=\"summary_large_image\" \/>\n<meta name=\"twitter:label1\" content=\"Kirjoittanut\" \/>\n\t<meta name=\"twitter:data1\" content=\"admin\" \/>\n\t<meta name=\"twitter:label2\" content=\"Arvioitu lukuaika\" \/>\n\t<meta name=\"twitter:data2\" content=\"1 minuutti\" \/>\n<script type=\"application\/ld+json\" class=\"yoast-schema-graph\">{\"@context\":\"https:\/\/schema.org\",\"@graph\":[{\"@type\":\"Article\",\"@id\":\"https:\/\/www.tuky.fi\/etusivu\/news\/4-vuosikurssin-risteilyn-jarjestajat-on-valittu\/#article\",\"isPartOf\":{\"@id\":\"https:\/\/www.tuky.fi\/etusivu\/news\/4-vuosikurssin-risteilyn-jarjestajat-on-valittu\/\"},\"author\":{\"name\":\"admin\",\"@id\":\"https:\/\/www.tuky.fi\/etusivu\/#\/schema\/person\/479eb0d4ef732e133e3a76f9b7659a39\"},\"headline\":\"4. vuosikurssin risteilyn j\u00e4rjest\u00e4j\u00e4t on valittu\",\"datePublished\":\"2016-01-05T08:26:41+00:00\",\"mainEntityOfPage\":{\"@id\":\"https:\/\/www.tuky.fi\/etusivu\/news\/4-vuosikurssin-risteilyn-jarjestajat-on-valittu\/\"},\"wordCount\":252,\"commentCount\":0,\"publisher\":{\"@id\":\"https:\/\/www.tuky.fi\/etusivu\/#organization\"},\"image\":{\"@id\":\"https:\/\/www.tuky.fi\/etusivu\/news\/4-vuosikurssin-risteilyn-jarjestajat-on-valittu\/#primaryimage\"},\"thumbnailUrl\":\"http:\/\/turunky.fi\/wordpress\/wp-content\/uploads\/2016\/01\/IMG-3065m-22-751x1024.jpg\",\"articleSection\":[\"news\"],\"inLanguage\":\"fi\",\"potentialAction\":[{\"@type\":\"CommentAction\",\"name\":\"Comment\",\"target\":[\"https:\/\/www.tuky.fi\/etusivu\/news\/4-vuosikurssin-risteilyn-jarjestajat-on-valittu\/#respond\"]}]},{\"@type\":\"WebPage\",\"@id\":\"https:\/\/www.tuky.fi\/etusivu\/news\/4-vuosikurssin-risteilyn-jarjestajat-on-valittu\/\",\"url\":\"https:\/\/www.tuky.fi\/etusivu\/news\/4-vuosikurssin-risteilyn-jarjestajat-on-valittu\/\",\"name\":\"4. vuosikurssin risteilyn j\u00e4rjest\u00e4j\u00e4t on valittu - Turun KY\",\"isPartOf\":{\"@id\":\"https:\/\/www.tuky.fi\/etusivu\/#website\"},\"primaryImageOfPage\":{\"@id\":\"https:\/\/www.tuky.fi\/etusivu\/news\/4-vuosikurssin-risteilyn-jarjestajat-on-valittu\/#primaryimage\"},\"image\":{\"@id\":\"https:\/\/www.tuky.fi\/etusivu\/news\/4-vuosikurssin-risteilyn-jarjestajat-on-valittu\/#primaryimage\"},\"thumbnailUrl\":\"http:\/\/turunky.fi\/wordpress\/wp-content\/uploads\/2016\/01\/IMG-3065m-22-751x1024.jpg\",\"datePublished\":\"2016-01-05T08:26:41+00:00\",\"breadcrumb\":{\"@id\":\"https:\/\/www.tuky.fi\/etusivu\/news\/4-vuosikurssin-risteilyn-jarjestajat-on-valittu\/#breadcrumb\"},\"inLanguage\":\"fi\",\"potentialAction\":[{\"@type\":\"ReadAction\",\"target\":[\"https:\/\/www.tuky.fi\/etusivu\/news\/4-vuosikurssin-risteilyn-jarjestajat-on-valittu\/\"]}]},{\"@type\":\"ImageObject\",\"inLanguage\":\"fi\",\"@id\":\"https:\/\/www.tuky.fi\/etusivu\/news\/4-vuosikurssin-risteilyn-jarjestajat-on-valittu\/#primaryimage\",\"url\":\"http:\/\/turunky.fi\/wordpress\/wp-content\/uploads\/2016\/01\/IMG-3065m-22-751x1024.jpg\",\"contentUrl\":\"http:\/\/turunky.fi\/wordpress\/wp-content\/uploads\/2016\/01\/IMG-3065m-22-751x1024.jpg\"},{\"@type\":\"BreadcrumbList\",\"@id\":\"https:\/\/www.tuky.fi\/etusivu\/news\/4-vuosikurssin-risteilyn-jarjestajat-on-valittu\/#breadcrumb\",\"itemListElement\":[{\"@type\":\"ListItem\",\"position\":1,\"name\":\"Etusivu\",\"item\":\"https:\/\/www.tuky.fi\/etusivu\/\"},{\"@type\":\"ListItem\",\"position\":2,\"name\":\"4. vuosikurssin risteilyn j\u00e4rjest\u00e4j\u00e4t on valittu\"}]},{\"@type\":\"WebSite\",\"@id\":\"https:\/\/www.tuky.fi\/etusivu\/#website\",\"url\":\"https:\/\/www.tuky.fi\/etusivu\/\",\"name\":\"Turun KY\",\"description\":\"TuKY\",\"publisher\":{\"@id\":\"https:\/\/www.tuky.fi\/etusivu\/#organization\"},\"alternateName\":\"TuKY\",\"potentialAction\":[{\"@type\":\"SearchAction\",\"target\":{\"@type\":\"EntryPoint\",\"urlTemplate\":\"https:\/\/www.tuky.fi\/etusivu\/?s={search_term_string}\"},\"query-input\":{\"@type\":\"PropertyValueSpecification\",\"valueRequired\":true,\"valueName\":\"search_term_string\"}}],\"inLanguage\":\"fi\"},{\"@type\":\"Organization\",\"@id\":\"https:\/\/www.tuky.fi\/etusivu\/#organization\",\"name\":\"Turun KY\",\"alternateName\":\"TuKY\",\"url\":\"https:\/\/www.tuky.fi\/etusivu\/\",\"logo\":{\"@type\":\"ImageObject\",\"inLanguage\":\"fi\",\"@id\":\"https:\/\/www.tuky.fi\/etusivu\/#\/schema\/logo\/image\/\",\"url\":\"https:\/\/www.tuky.fi\/wp-content\/uploads\/2024\/09\/TuKY-logo-kulta-1.png\",\"contentUrl\":\"https:\/\/www.tuky.fi\/wp-content\/uploads\/2024\/09\/TuKY-logo-kulta-1.png\",\"width\":1080,\"height\":1080,\"caption\":\"Turun KY\"},\"image\":{\"@id\":\"https:\/\/www.tuky.fi\/etusivu\/#\/schema\/logo\/image\/\"},\"sameAs\":[\"https:\/\/instagram.com\/turunky\",\"https:\/\/linkedin.com\/turunky\"]},{\"@type\":\"Person\",\"@id\":\"https:\/\/www.tuky.fi\/etusivu\/#\/schema\/person\/479eb0d4ef732e133e3a76f9b7659a39\",\"name\":\"admin\",\"image\":{\"@type\":\"ImageObject\",\"inLanguage\":\"fi\",\"@id\":\"https:\/\/secure.gravatar.com\/avatar\/afbe741656101229147e16716fbedbcade65018caf8c467f89b9abae7aaffeea?s=96&d=mm&r=g\",\"url\":\"https:\/\/secure.gravatar.com\/avatar\/afbe741656101229147e16716fbedbcade65018caf8c467f89b9abae7aaffeea?s=96&d=mm&r=g\",\"contentUrl\":\"https:\/\/secure.gravatar.com\/avatar\/afbe741656101229147e16716fbedbcade65018caf8c467f89b9abae7aaffeea?s=96&d=mm&r=g\",\"caption\":\"admin\"},\"url\":\"https:\/\/www.tuky.fi\/etusivu\/author\/admin\/\"}]}<\/script>\n<!-- \/ Yoast SEO plugin. -->","yoast_head_json":{"title":"4. vuosikurssin risteilyn j\u00e4rjest\u00e4j\u00e4t on valittu - Turun KY","robots":{"index":"index","follow":"follow","max-snippet":"max-snippet:-1","max-image-preview":"max-image-preview:large","max-video-preview":"max-video-preview:-1"},"canonical":"https:\/\/www.tuky.fi\/etusivu\/news\/4-vuosikurssin-risteilyn-jarjestajat-on-valittu\/","og_locale":"fi_FI","og_type":"article","og_title":"4. vuosikurssin risteilyn j\u00e4rjest\u00e4j\u00e4t on valittu - Turun KY","og_description":"4. vuosikurssin risteily tulee taas! Risteily on perinteinen tapahtuma 4. vuosikurssin opiskelijoille. Risteilyll\u00e4 opiskelijat p\u00e4\u00e4sev\u00e4t kuuntelemaan mielenkiintoisia keynoteja, puheita, paneelikeskusteluja sek\u00e4 osallistumaan erilaisiin workshoppeihin. Lis\u00e4ksi risteilyll\u00e4 on palkittu yleens\u00e4 paras [&hellip;]","og_url":"https:\/\/www.tuky.fi\/etusivu\/news\/4-vuosikurssin-risteilyn-jarjestajat-on-valittu\/","og_site_name":"Turun KY","article_published_time":"2016-01-05T08:26:41+00:00","og_image":[{"url":"http:\/\/turunky.fi\/wordpress\/wp-content\/uploads\/2016\/01\/IMG-3065m-22-751x1024.jpg","type":"","width":"","height":""}],"author":"admin","twitter_card":"summary_large_image","twitter_misc":{"Kirjoittanut":"admin","Arvioitu lukuaika":"1 minuutti"},"schema":{"@context":"https:\/\/schema.org","@graph":[{"@type":"Article","@id":"https:\/\/www.tuky.fi\/etusivu\/news\/4-vuosikurssin-risteilyn-jarjestajat-on-valittu\/#article","isPartOf":{"@id":"https:\/\/www.tuky.fi\/etusivu\/news\/4-vuosikurssin-risteilyn-jarjestajat-on-valittu\/"},"author":{"name":"admin","@id":"https:\/\/www.tuky.fi\/etusivu\/#\/schema\/person\/479eb0d4ef732e133e3a76f9b7659a39"},"headline":"4. vuosikurssin risteilyn j\u00e4rjest\u00e4j\u00e4t on valittu","datePublished":"2016-01-05T08:26:41+00:00","mainEntityOfPage":{"@id":"https:\/\/www.tuky.fi\/etusivu\/news\/4-vuosikurssin-risteilyn-jarjestajat-on-valittu\/"},"wordCount":252,"commentCount":0,"publisher":{"@id":"https:\/\/www.tuky.fi\/etusivu\/#organization"},"image":{"@id":"https:\/\/www.tuky.fi\/etusivu\/news\/4-vuosikurssin-risteilyn-jarjestajat-on-valittu\/#primaryimage"},"thumbnailUrl":"http:\/\/turunky.fi\/wordpress\/wp-content\/uploads\/2016\/01\/IMG-3065m-22-751x1024.jpg","articleSection":["news"],"inLanguage":"fi","potentialAction":[{"@type":"CommentAction","name":"Comment","target":["https:\/\/www.tuky.fi\/etusivu\/news\/4-vuosikurssin-risteilyn-jarjestajat-on-valittu\/#respond"]}]},{"@type":"WebPage","@id":"https:\/\/www.tuky.fi\/etusivu\/news\/4-vuosikurssin-risteilyn-jarjestajat-on-valittu\/","url":"https:\/\/www.tuky.fi\/etusivu\/news\/4-vuosikurssin-risteilyn-jarjestajat-on-valittu\/","name":"4. vuosikurssin risteilyn j\u00e4rjest\u00e4j\u00e4t on valittu - Turun KY","isPartOf":{"@id":"https:\/\/www.tuky.fi\/etusivu\/#website"},"primaryImageOfPage":{"@id":"https:\/\/www.tuky.fi\/etusivu\/news\/4-vuosikurssin-risteilyn-jarjestajat-on-valittu\/#primaryimage"},"image":{"@id":"https:\/\/www.tuky.fi\/etusivu\/news\/4-vuosikurssin-risteilyn-jarjestajat-on-valittu\/#primaryimage"},"thumbnailUrl":"http:\/\/turunky.fi\/wordpress\/wp-content\/uploads\/2016\/01\/IMG-3065m-22-751x1024.jpg","datePublished":"2016-01-05T08:26:41+00:00","breadcrumb":{"@id":"https:\/\/www.tuky.fi\/etusivu\/news\/4-vuosikurssin-risteilyn-jarjestajat-on-valittu\/#breadcrumb"},"inLanguage":"fi","potentialAction":[{"@type":"ReadAction","target":["https:\/\/www.tuky.fi\/etusivu\/news\/4-vuosikurssin-risteilyn-jarjestajat-on-valittu\/"]}]},{"@type":"ImageObject","inLanguage":"fi","@id":"https:\/\/www.tuky.fi\/etusivu\/news\/4-vuosikurssin-risteilyn-jarjestajat-on-valittu\/#primaryimage","url":"http:\/\/turunky.fi\/wordpress\/wp-content\/uploads\/2016\/01\/IMG-3065m-22-751x1024.jpg","contentUrl":"http:\/\/turunky.fi\/wordpress\/wp-content\/uploads\/2016\/01\/IMG-3065m-22-751x1024.jpg"},{"@type":"BreadcrumbList","@id":"https:\/\/www.tuky.fi\/etusivu\/news\/4-vuosikurssin-risteilyn-jarjestajat-on-valittu\/#breadcrumb","itemListElement":[{"@type":"ListItem","position":1,"name":"Etusivu","item":"https:\/\/www.tuky.fi\/etusivu\/"},{"@type":"ListItem","position":2,"name":"4. vuosikurssin risteilyn j\u00e4rjest\u00e4j\u00e4t on valittu"}]},{"@type":"WebSite","@id":"https:\/\/www.tuky.fi\/etusivu\/#website","url":"https:\/\/www.tuky.fi\/etusivu\/","name":"Turun KY","description":"TuKY","publisher":{"@id":"https:\/\/www.tuky.fi\/etusivu\/#organization"},"alternateName":"TuKY","potentialAction":[{"@type":"SearchAction","target":{"@type":"EntryPoint","urlTemplate":"https:\/\/www.tuky.fi\/etusivu\/?s={search_term_string}"},"query-input":{"@type":"PropertyValueSpecification","valueRequired":true,"valueName":"search_term_string"}}],"inLanguage":"fi"},{"@type":"Organization","@id":"https:\/\/www.tuky.fi\/etusivu\/#organization","name":"Turun KY","alternateName":"TuKY","url":"https:\/\/www.tuky.fi\/etusivu\/","logo":{"@type":"ImageObject","inLanguage":"fi","@id":"https:\/\/www.tuky.fi\/etusivu\/#\/schema\/logo\/image\/","url":"https:\/\/www.tuky.fi\/wp-content\/uploads\/2024\/09\/TuKY-logo-kulta-1.png","contentUrl":"https:\/\/www.tuky.fi\/wp-content\/uploads\/2024\/09\/TuKY-logo-kulta-1.png","width":1080,"height":1080,"caption":"Turun KY"},"image":{"@id":"https:\/\/www.tuky.fi\/etusivu\/#\/schema\/logo\/image\/"},"sameAs":["https:\/\/instagram.com\/turunky","https:\/\/linkedin.com\/turunky"]},{"@type":"Person","@id":"https:\/\/www.tuky.fi\/etusivu\/#\/schema\/person\/479eb0d4ef732e133e3a76f9b7659a39","name":"admin","image":{"@type":"ImageObject","inLanguage":"fi","@id":"https:\/\/secure.gravatar.com\/avatar\/afbe741656101229147e16716fbedbcade65018caf8c467f89b9abae7aaffeea?s=96&d=mm&r=g","url":"https:\/\/secure.gravatar.com\/avatar\/afbe741656101229147e16716fbedbcade65018caf8c467f89b9abae7aaffeea?s=96&d=mm&r=g","contentUrl":"https:\/\/secure.gravatar.com\/avatar\/afbe741656101229147e16716fbedbcade65018caf8c467f89b9abae7aaffeea?s=96&d=mm&r=g","caption":"admin"},"url":"https:\/\/www.tuky.fi\/etusivu\/author\/admin\/"}]}},"lang":"fi","translations":{"fi":17052},"pll_sync_post":[],"_links":{"self":[{"href":"https:\/\/www.tuky.fi\/etusivu\/wp-json\/wp\/v2\/posts\/17052","targetHints":{"allow":["GET"]}}],"collection":[{"href":"https:\/\/www.tuky.fi\/etusivu\/wp-json\/wp\/v2\/posts"}],"about":[{"href":"https:\/\/www.tuky.fi\/etusivu\/wp-json\/wp\/v2\/types\/post"}],"author":[{"embeddable":true,"href":"https:\/\/www.tuky.fi\/etusivu\/wp-json\/wp\/v2\/users\/1"}],"replies":[{"embeddable":true,"href":"https:\/\/www.tuky.fi\/etusivu\/wp-json\/wp\/v2\/comments?post=17052"}],"version-history":[{"count":0,"href":"https:\/\/www.tuky.fi\/etusivu\/wp-json\/wp\/v2\/posts\/17052\/revisions"}],"wp:attachment":[{"href":"https:\/\/www.tuky.fi\/etusivu\/wp-json\/wp\/v2\/media?parent=17052"}],"wp:term":[{"taxonomy":"category","embeddable":true,"href":"https:\/\/www.tuky.fi\/etusivu\/wp-json\/wp\/v2\/categories?post=17052"},{"taxonomy":"post_tag","embeddable":true,"href":"https:\/\/www.tuky.fi\/etusivu\/wp-json\/wp\/v2\/tags?post=17052"}],"curies":[{"name":"wp","href":"https:\/\/api.w.org\/{rel}","templated":true}]}}