{"id":16886,"date":"2015-12-09T13:12:04","date_gmt":"2015-12-09T11:12:04","guid":{"rendered":"http:\/\/turunky.fi\/?p=16886"},"modified":"2015-12-09T13:12:04","modified_gmt":"2015-12-09T11:12:04","slug":"uusi-baarimestari-on-valittu","status":"publish","type":"post","link":"https:\/\/www.tuky.fi\/etusivu\/news\/uusi-baarimestari-on-valittu\/","title":{"rendered":"Uusi baarimestari on valittu!"},"content":{"rendered":"<p>Uudeksi baarimestariksi valittiin\u00a0Anna-Reeta Gr\u00f6nroos, joka aloittaa tositoimet vuodenvaihteessa.<\/p>\n<p>[separator]<\/p>\n<p><img loading=\"lazy\" decoding=\"async\" class=\"wp-image-16887 size-medium aligncenter\" src=\"http:\/\/turunky.fi\/wordpress\/wp-content\/uploads\/2015\/12\/Ansku-300x293.jpg\" alt=\"Ansku\" width=\"300\" height=\"293\" \/><\/p>\n<p>Hiya!<\/p>\n<p>T\u00e4\u00e4ll\u00e4 kirjoittelee Anna-Reeta Gr\u00f6nroos, 21-vuotias alun perin hyvink\u00e4\u00e4l\u00e4inen mutta sittemmin lahjakkaasti turkulaistunut ja syd\u00e4mens\u00e4 Suomen Pariisille menett\u00e4nyt tuleva baarimestarinne. Matkustelu, lukeminen ja urheilu lukeutuvat my\u00f6s t\u00e4m\u00e4n kauppislaisen intresseihin, mutta se todellinen henkireik\u00e4 on kuitenkin omalla kohdallani aina ollut musiikki. T\u00e4ll\u00e4 hetkell\u00e4 yksi\u00f6st\u00e4ni tosin l\u00f6ytyy ainoastaan akustinen kitara, joten esimerkiksi pianoik\u00e4v\u00e4\u00e4 on opiskeluvuosina tullut helpotettua aina tilaisuuden tullen niin H\u00e4meenkadun approssa kuin PeIsK\u00e4ll\u00e4kin.. \ud83d\ude00<\/p>\n<p>Viel\u00e4 ennen pupusyksy\u00e4 olutrepertuaarini k\u00e4sitti ainoastaan Rootbeerin, tuon Jenkki-lasten suosikkinakin tunnetun juoman, mutta sitten kuvaan astuivat Case Oktoberfest ja paikalliset, tuoppia toisensa per\u00e4\u00e4n p\u00f6yt\u00e4\u00e4n tilanneet yst\u00e4v\u00e4ni; kyseisen reissun \u2013 ja ehk\u00e4 osittain my\u00f6s monen vuoden R-kioski-urani \u2013 my\u00f6t\u00e4 koin uskottavuuteni riitt\u00e4v\u00e4n my\u00f6s baarimestarin hommiin, ja t\u00e4ss\u00e4 sit\u00e4 nyt ollaan! Siin\u00e4 miss\u00e4 viime vuonna h\u00e4\u00e4r\u00e4ilin Kulttiksen, Pikkulaskiaisen ja KY-Hansan riveiss\u00e4, tulee ensi vuoden agenda sis\u00e4lt\u00e4m\u00e4\u00e4n mm. After Work -konseptin kehitt\u00e4mistoimia yhdess\u00e4 kuntamestari-Ilen kanssa. T\u00e4h\u00e4n ja yleisesti ottaen kaikenlainen Montun baariin liittyv\u00e4 palaute onkin teid\u00e4n suunnaltanne toivottua ja enemm\u00e4n kuin tervetullutta \u2013 After Workeissa n\u00e4hd\u00e4\u00e4n!<\/p>\n","protected":false},"excerpt":{"rendered":"<p>Uudeksi baarimestariksi valittiin\u00a0Anna-Reeta Gr\u00f6nroos, joka aloittaa tositoimet vuodenvaihteessa. [separator] Hiya! T\u00e4\u00e4ll\u00e4 kirjoittelee Anna-Reeta Gr\u00f6nroos, 21-vuotias alun perin hyvink\u00e4\u00e4l\u00e4inen mutta sittemmin lahjakkaasti turkulaistunut ja syd\u00e4mens\u00e4 Suomen Pariisille menett\u00e4nyt tuleva baarimestarinne. Matkustelu, [&hellip;]<\/p>\n","protected":false},"author":1,"featured_media":0,"comment_status":"open","ping_status":"open","sticky":false,"template":"","format":"standard","meta":{"_et_pb_use_builder":"","_et_pb_old_content":"","_et_gb_content_width":"","footnotes":""},"categories":[4],"tags":[],"class_list":["post-16886","post","type-post","status-publish","format-standard","hentry","category-news"],"yoast_head":"<!-- This site is optimized with the Yoast SEO plugin v27.2 - https:\/\/yoast.com\/product\/yoast-seo-wordpress\/ -->\n<title>Uusi baarimestari on valittu! - Turun KY<\/title>\n<meta name=\"robots\" content=\"index, follow, max-snippet:-1, max-image-preview:large, max-video-preview:-1\" \/>\n<link rel=\"canonical\" href=\"https:\/\/www.tuky.fi\/etusivu\/news\/uusi-baarimestari-on-valittu\/\" \/>\n<meta property=\"og:locale\" content=\"fi_FI\" \/>\n<meta property=\"og:type\" content=\"article\" \/>\n<meta property=\"og:title\" content=\"Uusi baarimestari on valittu! - Turun KY\" \/>\n<meta property=\"og:description\" content=\"Uudeksi baarimestariksi valittiin\u00a0Anna-Reeta Gr\u00f6nroos, joka aloittaa tositoimet vuodenvaihteessa. [separator] Hiya! T\u00e4\u00e4ll\u00e4 kirjoittelee Anna-Reeta Gr\u00f6nroos, 21-vuotias alun perin hyvink\u00e4\u00e4l\u00e4inen mutta sittemmin lahjakkaasti turkulaistunut ja syd\u00e4mens\u00e4 Suomen Pariisille menett\u00e4nyt tuleva baarimestarinne. Matkustelu, [&hellip;]\" \/>\n<meta property=\"og:url\" content=\"https:\/\/www.tuky.fi\/etusivu\/news\/uusi-baarimestari-on-valittu\/\" \/>\n<meta property=\"og:site_name\" content=\"Turun KY\" \/>\n<meta property=\"article:published_time\" content=\"2015-12-09T11:12:04+00:00\" \/>\n<meta property=\"og:image\" content=\"http:\/\/turunky.fi\/wordpress\/wp-content\/uploads\/2015\/12\/Ansku-300x293.jpg\" \/>\n<meta name=\"author\" content=\"admin\" \/>\n<meta name=\"twitter:card\" content=\"summary_large_image\" \/>\n<meta name=\"twitter:label1\" content=\"Kirjoittanut\" \/>\n\t<meta name=\"twitter:data1\" content=\"admin\" \/>\n\t<meta name=\"twitter:label2\" content=\"Arvioitu lukuaika\" \/>\n\t<meta name=\"twitter:data2\" content=\"1 minuutti\" \/>\n<script type=\"application\/ld+json\" class=\"yoast-schema-graph\">{\"@context\":\"https:\/\/schema.org\",\"@graph\":[{\"@type\":\"Article\",\"@id\":\"https:\/\/www.tuky.fi\/etusivu\/news\/uusi-baarimestari-on-valittu\/#article\",\"isPartOf\":{\"@id\":\"https:\/\/www.tuky.fi\/etusivu\/news\/uusi-baarimestari-on-valittu\/\"},\"author\":{\"name\":\"admin\",\"@id\":\"https:\/\/www.tuky.fi\/etusivu\/#\/schema\/person\/479eb0d4ef732e133e3a76f9b7659a39\"},\"headline\":\"Uusi baarimestari on valittu!\",\"datePublished\":\"2015-12-09T11:12:04+00:00\",\"mainEntityOfPage\":{\"@id\":\"https:\/\/www.tuky.fi\/etusivu\/news\/uusi-baarimestari-on-valittu\/\"},\"wordCount\":210,\"commentCount\":0,\"publisher\":{\"@id\":\"https:\/\/www.tuky.fi\/etusivu\/#organization\"},\"image\":{\"@id\":\"https:\/\/www.tuky.fi\/etusivu\/news\/uusi-baarimestari-on-valittu\/#primaryimage\"},\"thumbnailUrl\":\"http:\/\/turunky.fi\/wordpress\/wp-content\/uploads\/2015\/12\/Ansku-300x293.jpg\",\"articleSection\":[\"news\"],\"inLanguage\":\"fi\",\"potentialAction\":[{\"@type\":\"CommentAction\",\"name\":\"Comment\",\"target\":[\"https:\/\/www.tuky.fi\/etusivu\/news\/uusi-baarimestari-on-valittu\/#respond\"]}]},{\"@type\":\"WebPage\",\"@id\":\"https:\/\/www.tuky.fi\/etusivu\/news\/uusi-baarimestari-on-valittu\/\",\"url\":\"https:\/\/www.tuky.fi\/etusivu\/news\/uusi-baarimestari-on-valittu\/\",\"name\":\"Uusi baarimestari on valittu! - Turun KY\",\"isPartOf\":{\"@id\":\"https:\/\/www.tuky.fi\/etusivu\/#website\"},\"primaryImageOfPage\":{\"@id\":\"https:\/\/www.tuky.fi\/etusivu\/news\/uusi-baarimestari-on-valittu\/#primaryimage\"},\"image\":{\"@id\":\"https:\/\/www.tuky.fi\/etusivu\/news\/uusi-baarimestari-on-valittu\/#primaryimage\"},\"thumbnailUrl\":\"http:\/\/turunky.fi\/wordpress\/wp-content\/uploads\/2015\/12\/Ansku-300x293.jpg\",\"datePublished\":\"2015-12-09T11:12:04+00:00\",\"breadcrumb\":{\"@id\":\"https:\/\/www.tuky.fi\/etusivu\/news\/uusi-baarimestari-on-valittu\/#breadcrumb\"},\"inLanguage\":\"fi\",\"potentialAction\":[{\"@type\":\"ReadAction\",\"target\":[\"https:\/\/www.tuky.fi\/etusivu\/news\/uusi-baarimestari-on-valittu\/\"]}]},{\"@type\":\"ImageObject\",\"inLanguage\":\"fi\",\"@id\":\"https:\/\/www.tuky.fi\/etusivu\/news\/uusi-baarimestari-on-valittu\/#primaryimage\",\"url\":\"http:\/\/turunky.fi\/wordpress\/wp-content\/uploads\/2015\/12\/Ansku-300x293.jpg\",\"contentUrl\":\"http:\/\/turunky.fi\/wordpress\/wp-content\/uploads\/2015\/12\/Ansku-300x293.jpg\"},{\"@type\":\"BreadcrumbList\",\"@id\":\"https:\/\/www.tuky.fi\/etusivu\/news\/uusi-baarimestari-on-valittu\/#breadcrumb\",\"itemListElement\":[{\"@type\":\"ListItem\",\"position\":1,\"name\":\"Etusivu\",\"item\":\"https:\/\/www.tuky.fi\/etusivu\/\"},{\"@type\":\"ListItem\",\"position\":2,\"name\":\"Uusi baarimestari on valittu!\"}]},{\"@type\":\"WebSite\",\"@id\":\"https:\/\/www.tuky.fi\/etusivu\/#website\",\"url\":\"https:\/\/www.tuky.fi\/etusivu\/\",\"name\":\"Turun KY\",\"description\":\"TuKY\",\"publisher\":{\"@id\":\"https:\/\/www.tuky.fi\/etusivu\/#organization\"},\"alternateName\":\"TuKY\",\"potentialAction\":[{\"@type\":\"SearchAction\",\"target\":{\"@type\":\"EntryPoint\",\"urlTemplate\":\"https:\/\/www.tuky.fi\/etusivu\/?s={search_term_string}\"},\"query-input\":{\"@type\":\"PropertyValueSpecification\",\"valueRequired\":true,\"valueName\":\"search_term_string\"}}],\"inLanguage\":\"fi\"},{\"@type\":\"Organization\",\"@id\":\"https:\/\/www.tuky.fi\/etusivu\/#organization\",\"name\":\"Turun KY\",\"alternateName\":\"TuKY\",\"url\":\"https:\/\/www.tuky.fi\/etusivu\/\",\"logo\":{\"@type\":\"ImageObject\",\"inLanguage\":\"fi\",\"@id\":\"https:\/\/www.tuky.fi\/etusivu\/#\/schema\/logo\/image\/\",\"url\":\"https:\/\/www.tuky.fi\/wp-content\/uploads\/2024\/09\/TuKY-logo-kulta-1.png\",\"contentUrl\":\"https:\/\/www.tuky.fi\/wp-content\/uploads\/2024\/09\/TuKY-logo-kulta-1.png\",\"width\":1080,\"height\":1080,\"caption\":\"Turun KY\"},\"image\":{\"@id\":\"https:\/\/www.tuky.fi\/etusivu\/#\/schema\/logo\/image\/\"},\"sameAs\":[\"https:\/\/instagram.com\/turunky\",\"https:\/\/linkedin.com\/turunky\"]},{\"@type\":\"Person\",\"@id\":\"https:\/\/www.tuky.fi\/etusivu\/#\/schema\/person\/479eb0d4ef732e133e3a76f9b7659a39\",\"name\":\"admin\",\"image\":{\"@type\":\"ImageObject\",\"inLanguage\":\"fi\",\"@id\":\"https:\/\/secure.gravatar.com\/avatar\/afbe741656101229147e16716fbedbcade65018caf8c467f89b9abae7aaffeea?s=96&d=mm&r=g\",\"url\":\"https:\/\/secure.gravatar.com\/avatar\/afbe741656101229147e16716fbedbcade65018caf8c467f89b9abae7aaffeea?s=96&d=mm&r=g\",\"contentUrl\":\"https:\/\/secure.gravatar.com\/avatar\/afbe741656101229147e16716fbedbcade65018caf8c467f89b9abae7aaffeea?s=96&d=mm&r=g\",\"caption\":\"admin\"},\"url\":\"https:\/\/www.tuky.fi\/etusivu\/author\/admin\/\"}]}<\/script>\n<!-- \/ Yoast SEO plugin. -->","yoast_head_json":{"title":"Uusi baarimestari on valittu! - Turun KY","robots":{"index":"index","follow":"follow","max-snippet":"max-snippet:-1","max-image-preview":"max-image-preview:large","max-video-preview":"max-video-preview:-1"},"canonical":"https:\/\/www.tuky.fi\/etusivu\/news\/uusi-baarimestari-on-valittu\/","og_locale":"fi_FI","og_type":"article","og_title":"Uusi baarimestari on valittu! - Turun KY","og_description":"Uudeksi baarimestariksi valittiin\u00a0Anna-Reeta Gr\u00f6nroos, joka aloittaa tositoimet vuodenvaihteessa. [separator] Hiya! T\u00e4\u00e4ll\u00e4 kirjoittelee Anna-Reeta Gr\u00f6nroos, 21-vuotias alun perin hyvink\u00e4\u00e4l\u00e4inen mutta sittemmin lahjakkaasti turkulaistunut ja syd\u00e4mens\u00e4 Suomen Pariisille menett\u00e4nyt tuleva baarimestarinne. Matkustelu, [&hellip;]","og_url":"https:\/\/www.tuky.fi\/etusivu\/news\/uusi-baarimestari-on-valittu\/","og_site_name":"Turun KY","article_published_time":"2015-12-09T11:12:04+00:00","og_image":[{"url":"http:\/\/turunky.fi\/wordpress\/wp-content\/uploads\/2015\/12\/Ansku-300x293.jpg","type":"","width":"","height":""}],"author":"admin","twitter_card":"summary_large_image","twitter_misc":{"Kirjoittanut":"admin","Arvioitu lukuaika":"1 minuutti"},"schema":{"@context":"https:\/\/schema.org","@graph":[{"@type":"Article","@id":"https:\/\/www.tuky.fi\/etusivu\/news\/uusi-baarimestari-on-valittu\/#article","isPartOf":{"@id":"https:\/\/www.tuky.fi\/etusivu\/news\/uusi-baarimestari-on-valittu\/"},"author":{"name":"admin","@id":"https:\/\/www.tuky.fi\/etusivu\/#\/schema\/person\/479eb0d4ef732e133e3a76f9b7659a39"},"headline":"Uusi baarimestari on valittu!","datePublished":"2015-12-09T11:12:04+00:00","mainEntityOfPage":{"@id":"https:\/\/www.tuky.fi\/etusivu\/news\/uusi-baarimestari-on-valittu\/"},"wordCount":210,"commentCount":0,"publisher":{"@id":"https:\/\/www.tuky.fi\/etusivu\/#organization"},"image":{"@id":"https:\/\/www.tuky.fi\/etusivu\/news\/uusi-baarimestari-on-valittu\/#primaryimage"},"thumbnailUrl":"http:\/\/turunky.fi\/wordpress\/wp-content\/uploads\/2015\/12\/Ansku-300x293.jpg","articleSection":["news"],"inLanguage":"fi","potentialAction":[{"@type":"CommentAction","name":"Comment","target":["https:\/\/www.tuky.fi\/etusivu\/news\/uusi-baarimestari-on-valittu\/#respond"]}]},{"@type":"WebPage","@id":"https:\/\/www.tuky.fi\/etusivu\/news\/uusi-baarimestari-on-valittu\/","url":"https:\/\/www.tuky.fi\/etusivu\/news\/uusi-baarimestari-on-valittu\/","name":"Uusi baarimestari on valittu! - Turun KY","isPartOf":{"@id":"https:\/\/www.tuky.fi\/etusivu\/#website"},"primaryImageOfPage":{"@id":"https:\/\/www.tuky.fi\/etusivu\/news\/uusi-baarimestari-on-valittu\/#primaryimage"},"image":{"@id":"https:\/\/www.tuky.fi\/etusivu\/news\/uusi-baarimestari-on-valittu\/#primaryimage"},"thumbnailUrl":"http:\/\/turunky.fi\/wordpress\/wp-content\/uploads\/2015\/12\/Ansku-300x293.jpg","datePublished":"2015-12-09T11:12:04+00:00","breadcrumb":{"@id":"https:\/\/www.tuky.fi\/etusivu\/news\/uusi-baarimestari-on-valittu\/#breadcrumb"},"inLanguage":"fi","potentialAction":[{"@type":"ReadAction","target":["https:\/\/www.tuky.fi\/etusivu\/news\/uusi-baarimestari-on-valittu\/"]}]},{"@type":"ImageObject","inLanguage":"fi","@id":"https:\/\/www.tuky.fi\/etusivu\/news\/uusi-baarimestari-on-valittu\/#primaryimage","url":"http:\/\/turunky.fi\/wordpress\/wp-content\/uploads\/2015\/12\/Ansku-300x293.jpg","contentUrl":"http:\/\/turunky.fi\/wordpress\/wp-content\/uploads\/2015\/12\/Ansku-300x293.jpg"},{"@type":"BreadcrumbList","@id":"https:\/\/www.tuky.fi\/etusivu\/news\/uusi-baarimestari-on-valittu\/#breadcrumb","itemListElement":[{"@type":"ListItem","position":1,"name":"Etusivu","item":"https:\/\/www.tuky.fi\/etusivu\/"},{"@type":"ListItem","position":2,"name":"Uusi baarimestari on valittu!"}]},{"@type":"WebSite","@id":"https:\/\/www.tuky.fi\/etusivu\/#website","url":"https:\/\/www.tuky.fi\/etusivu\/","name":"Turun KY","description":"TuKY","publisher":{"@id":"https:\/\/www.tuky.fi\/etusivu\/#organization"},"alternateName":"TuKY","potentialAction":[{"@type":"SearchAction","target":{"@type":"EntryPoint","urlTemplate":"https:\/\/www.tuky.fi\/etusivu\/?s={search_term_string}"},"query-input":{"@type":"PropertyValueSpecification","valueRequired":true,"valueName":"search_term_string"}}],"inLanguage":"fi"},{"@type":"Organization","@id":"https:\/\/www.tuky.fi\/etusivu\/#organization","name":"Turun KY","alternateName":"TuKY","url":"https:\/\/www.tuky.fi\/etusivu\/","logo":{"@type":"ImageObject","inLanguage":"fi","@id":"https:\/\/www.tuky.fi\/etusivu\/#\/schema\/logo\/image\/","url":"https:\/\/www.tuky.fi\/wp-content\/uploads\/2024\/09\/TuKY-logo-kulta-1.png","contentUrl":"https:\/\/www.tuky.fi\/wp-content\/uploads\/2024\/09\/TuKY-logo-kulta-1.png","width":1080,"height":1080,"caption":"Turun KY"},"image":{"@id":"https:\/\/www.tuky.fi\/etusivu\/#\/schema\/logo\/image\/"},"sameAs":["https:\/\/instagram.com\/turunky","https:\/\/linkedin.com\/turunky"]},{"@type":"Person","@id":"https:\/\/www.tuky.fi\/etusivu\/#\/schema\/person\/479eb0d4ef732e133e3a76f9b7659a39","name":"admin","image":{"@type":"ImageObject","inLanguage":"fi","@id":"https:\/\/secure.gravatar.com\/avatar\/afbe741656101229147e16716fbedbcade65018caf8c467f89b9abae7aaffeea?s=96&d=mm&r=g","url":"https:\/\/secure.gravatar.com\/avatar\/afbe741656101229147e16716fbedbcade65018caf8c467f89b9abae7aaffeea?s=96&d=mm&r=g","contentUrl":"https:\/\/secure.gravatar.com\/avatar\/afbe741656101229147e16716fbedbcade65018caf8c467f89b9abae7aaffeea?s=96&d=mm&r=g","caption":"admin"},"url":"https:\/\/www.tuky.fi\/etusivu\/author\/admin\/"}]}},"lang":"fi","translations":{"fi":16886},"pll_sync_post":[],"_links":{"self":[{"href":"https:\/\/www.tuky.fi\/etusivu\/wp-json\/wp\/v2\/posts\/16886","targetHints":{"allow":["GET"]}}],"collection":[{"href":"https:\/\/www.tuky.fi\/etusivu\/wp-json\/wp\/v2\/posts"}],"about":[{"href":"https:\/\/www.tuky.fi\/etusivu\/wp-json\/wp\/v2\/types\/post"}],"author":[{"embeddable":true,"href":"https:\/\/www.tuky.fi\/etusivu\/wp-json\/wp\/v2\/users\/1"}],"replies":[{"embeddable":true,"href":"https:\/\/www.tuky.fi\/etusivu\/wp-json\/wp\/v2\/comments?post=16886"}],"version-history":[{"count":0,"href":"https:\/\/www.tuky.fi\/etusivu\/wp-json\/wp\/v2\/posts\/16886\/revisions"}],"wp:attachment":[{"href":"https:\/\/www.tuky.fi\/etusivu\/wp-json\/wp\/v2\/media?parent=16886"}],"wp:term":[{"taxonomy":"category","embeddable":true,"href":"https:\/\/www.tuky.fi\/etusivu\/wp-json\/wp\/v2\/categories?post=16886"},{"taxonomy":"post_tag","embeddable":true,"href":"https:\/\/www.tuky.fi\/etusivu\/wp-json\/wp\/v2\/tags?post=16886"}],"curies":[{"name":"wp","href":"https:\/\/api.w.org\/{rel}","templated":true}]}}