{"id":16881,"date":"2015-12-09T13:49:13","date_gmt":"2015-12-09T11:49:13","guid":{"rendered":"http:\/\/turunky.fi\/?p=16881"},"modified":"2015-12-09T13:49:13","modified_gmt":"2015-12-09T11:49:13","slug":"turun-kylle-on-valittu-uusi-myyntipaallikko","status":"publish","type":"post","link":"https:\/\/www.tuky.fi\/etusivu\/news\/turun-kylle-on-valittu-uusi-myyntipaallikko\/","title":{"rendered":"Turun KY:lle on valittu uusi myyntip\u00e4\u00e4llikk\u00f6"},"content":{"rendered":"<p style=\"text-align: justify;\">Turun KY:n hallitus valitsi kokouksessaan 7.12.2015 uudeksi myyntip\u00e4\u00e4llik\u00f6ksi Marianne Vihervuoren. Marianne toimii nuorempana myyntip\u00e4\u00e4llikk\u00f6n\u00e4 helmikuun loppuun asti eli alkuvuoden h\u00e4n ja nykyinen myyntip\u00e4\u00e4llikk\u00f6mme Katharina ty\u00f6skentelev\u00e4t yhdess\u00e4. Marianne aloittaa ty\u00f6teht\u00e4viss\u00e4\u00e4n itsen\u00e4isesti maaliskuun 2016 alussa. Lue alta Mariannen tervehdys!<\/p>\n<p style=\"text-align: justify;\">&#8221;Moi!<\/p>\n<p style=\"text-align: justify;\">Olen Marianne, toisen vuosikurssin markkinoinnin opiskelija. Minut on saattanut bongata viime TuKY-Speksiss\u00e4 n\u00e4yttelem\u00e4ss\u00e4 teatraalista Charlotta de la Chapellea, joka ep\u00e4onnekseen puettiin pavuksi esityksen alkuvaiheilla. T\u00e4n\u00e4 syksyn\u00e4 olen esimerkiksi huudellut megafoniin pupujen hengailuillassa tutorin teht\u00e4viss\u00e4. Syksyn ajan olen toiminut kansainv\u00e4lisess\u00e4 opiskelijaj\u00e4rjest\u00f6 AIESEC:ssa team leaderin\u00e4 AIESEC Turun PR\/markkinointi tiimiss\u00e4.\u00a0<a href=\"http:\/\/turunky.fi\/wordpress\/wp-content\/uploads\/2015\/12\/marianne.jpg\"><img loading=\"lazy\" decoding=\"async\" class=\"alignright wp-image-16882 size-thumbnail\" src=\"http:\/\/turunky.fi\/wordpress\/wp-content\/uploads\/2015\/12\/marianne-150x150.jpg\" alt=\"marianne\" width=\"150\" height=\"150\" \/><\/a><\/p>\n<p style=\"text-align: justify;\">Olen temperamenttinen seikkailijaluonne, tykk\u00e4\u00e4n haastaa itse\u00e4ni ja kehitty\u00e4 kokoajan kaikessa mahdollisessa. 21:n elinvuoteni aikana olen matkustellut paljon, viimeksi Portugaliin surffaamaan Alppikanuunoiden ja muiden huippuseurassa. Luen kirjoja, pohdiskelen yrityksen perustamista ja el\u00e4ttelen toivoa uudesta aktivoitumisesta blogini suhteen. Pid\u00e4n urheilemisesta ja musiikista (rockista klassiseen, melkein kaikki k\u00e4y). Laulan suihkussa ja suihkun ulkopuolella (k\u00e4mppisten iloksi). Myyntip\u00e4\u00e4llikk\u00f6n\u00e4 toivon oppivani paljon ja tutustuvani upeisiin ihmisiin. Odotan innolla n\u00e4kev\u00e4ni, keit\u00e4 mahtavia tyyppej\u00e4 l\u00f6ytyy ensi vuoden TuKY CORE -tiimist\u00e4ni!&#8221;<\/p>\n","protected":false},"excerpt":{"rendered":"<p>Turun KY:n hallitus valitsi kokouksessaan 7.12.2015 uudeksi myyntip\u00e4\u00e4llik\u00f6ksi Marianne Vihervuoren. Marianne toimii nuorempana myyntip\u00e4\u00e4llikk\u00f6n\u00e4 helmikuun loppuun asti eli alkuvuoden h\u00e4n ja nykyinen myyntip\u00e4\u00e4llikk\u00f6mme Katharina ty\u00f6skentelev\u00e4t yhdess\u00e4. Marianne aloittaa ty\u00f6teht\u00e4viss\u00e4\u00e4n itsen\u00e4isesti [&hellip;]<\/p>\n","protected":false},"author":1,"featured_media":0,"comment_status":"open","ping_status":"open","sticky":false,"template":"","format":"standard","meta":{"_et_pb_use_builder":"","_et_pb_old_content":"","_et_gb_content_width":"","footnotes":""},"categories":[4],"tags":[238,10,11,239],"class_list":["post-16881","post","type-post","status-publish","format-standard","hentry","category-news","tag-myyntipaallikko","tag-tuky","tag-turunky","tag-yrityssuhteet"],"yoast_head":"<!-- This site is optimized with the Yoast SEO plugin v27.2 - https:\/\/yoast.com\/product\/yoast-seo-wordpress\/ -->\n<title>Turun KY:lle on valittu uusi myyntip\u00e4\u00e4llikk\u00f6 - Turun KY<\/title>\n<meta name=\"robots\" content=\"index, follow, max-snippet:-1, max-image-preview:large, max-video-preview:-1\" \/>\n<link rel=\"canonical\" href=\"https:\/\/www.tuky.fi\/etusivu\/news\/turun-kylle-on-valittu-uusi-myyntipaallikko\/\" \/>\n<meta property=\"og:locale\" content=\"fi_FI\" \/>\n<meta property=\"og:type\" content=\"article\" \/>\n<meta property=\"og:title\" content=\"Turun KY:lle on valittu uusi myyntip\u00e4\u00e4llikk\u00f6 - Turun KY\" \/>\n<meta property=\"og:description\" content=\"Turun KY:n hallitus valitsi kokouksessaan 7.12.2015 uudeksi myyntip\u00e4\u00e4llik\u00f6ksi Marianne Vihervuoren. Marianne toimii nuorempana myyntip\u00e4\u00e4llikk\u00f6n\u00e4 helmikuun loppuun asti eli alkuvuoden h\u00e4n ja nykyinen myyntip\u00e4\u00e4llikk\u00f6mme Katharina ty\u00f6skentelev\u00e4t yhdess\u00e4. Marianne aloittaa ty\u00f6teht\u00e4viss\u00e4\u00e4n itsen\u00e4isesti [&hellip;]\" \/>\n<meta property=\"og:url\" content=\"https:\/\/www.tuky.fi\/etusivu\/news\/turun-kylle-on-valittu-uusi-myyntipaallikko\/\" \/>\n<meta property=\"og:site_name\" content=\"Turun KY\" \/>\n<meta property=\"article:published_time\" content=\"2015-12-09T11:49:13+00:00\" \/>\n<meta property=\"og:image\" content=\"http:\/\/turunky.fi\/wordpress\/wp-content\/uploads\/2015\/12\/marianne-150x150.jpg\" \/>\n<meta name=\"author\" content=\"admin\" \/>\n<meta name=\"twitter:card\" content=\"summary_large_image\" \/>\n<meta name=\"twitter:label1\" content=\"Kirjoittanut\" \/>\n\t<meta name=\"twitter:data1\" content=\"admin\" \/>\n\t<meta name=\"twitter:label2\" content=\"Arvioitu lukuaika\" \/>\n\t<meta name=\"twitter:data2\" content=\"1 minuutti\" \/>\n<script type=\"application\/ld+json\" class=\"yoast-schema-graph\">{\"@context\":\"https:\/\/schema.org\",\"@graph\":[{\"@type\":\"Article\",\"@id\":\"https:\/\/www.tuky.fi\/etusivu\/news\/turun-kylle-on-valittu-uusi-myyntipaallikko\/#article\",\"isPartOf\":{\"@id\":\"https:\/\/www.tuky.fi\/etusivu\/news\/turun-kylle-on-valittu-uusi-myyntipaallikko\/\"},\"author\":{\"name\":\"admin\",\"@id\":\"https:\/\/www.tuky.fi\/etusivu\/#\/schema\/person\/479eb0d4ef732e133e3a76f9b7659a39\"},\"headline\":\"Turun KY:lle on valittu uusi myyntip\u00e4\u00e4llikk\u00f6\",\"datePublished\":\"2015-12-09T11:49:13+00:00\",\"mainEntityOfPage\":{\"@id\":\"https:\/\/www.tuky.fi\/etusivu\/news\/turun-kylle-on-valittu-uusi-myyntipaallikko\/\"},\"wordCount\":198,\"commentCount\":0,\"publisher\":{\"@id\":\"https:\/\/www.tuky.fi\/etusivu\/#organization\"},\"image\":{\"@id\":\"https:\/\/www.tuky.fi\/etusivu\/news\/turun-kylle-on-valittu-uusi-myyntipaallikko\/#primaryimage\"},\"thumbnailUrl\":\"http:\/\/turunky.fi\/wordpress\/wp-content\/uploads\/2015\/12\/marianne-150x150.jpg\",\"keywords\":[\"myyntip\u00e4\u00e4llikk\u00f6\",\"tuky\",\"turunky\",\"yrityssuhteet\"],\"articleSection\":[\"news\"],\"inLanguage\":\"fi\",\"potentialAction\":[{\"@type\":\"CommentAction\",\"name\":\"Comment\",\"target\":[\"https:\/\/www.tuky.fi\/etusivu\/news\/turun-kylle-on-valittu-uusi-myyntipaallikko\/#respond\"]}]},{\"@type\":\"WebPage\",\"@id\":\"https:\/\/www.tuky.fi\/etusivu\/news\/turun-kylle-on-valittu-uusi-myyntipaallikko\/\",\"url\":\"https:\/\/www.tuky.fi\/etusivu\/news\/turun-kylle-on-valittu-uusi-myyntipaallikko\/\",\"name\":\"Turun KY:lle on valittu uusi myyntip\u00e4\u00e4llikk\u00f6 - Turun KY\",\"isPartOf\":{\"@id\":\"https:\/\/www.tuky.fi\/etusivu\/#website\"},\"primaryImageOfPage\":{\"@id\":\"https:\/\/www.tuky.fi\/etusivu\/news\/turun-kylle-on-valittu-uusi-myyntipaallikko\/#primaryimage\"},\"image\":{\"@id\":\"https:\/\/www.tuky.fi\/etusivu\/news\/turun-kylle-on-valittu-uusi-myyntipaallikko\/#primaryimage\"},\"thumbnailUrl\":\"http:\/\/turunky.fi\/wordpress\/wp-content\/uploads\/2015\/12\/marianne-150x150.jpg\",\"datePublished\":\"2015-12-09T11:49:13+00:00\",\"breadcrumb\":{\"@id\":\"https:\/\/www.tuky.fi\/etusivu\/news\/turun-kylle-on-valittu-uusi-myyntipaallikko\/#breadcrumb\"},\"inLanguage\":\"fi\",\"potentialAction\":[{\"@type\":\"ReadAction\",\"target\":[\"https:\/\/www.tuky.fi\/etusivu\/news\/turun-kylle-on-valittu-uusi-myyntipaallikko\/\"]}]},{\"@type\":\"ImageObject\",\"inLanguage\":\"fi\",\"@id\":\"https:\/\/www.tuky.fi\/etusivu\/news\/turun-kylle-on-valittu-uusi-myyntipaallikko\/#primaryimage\",\"url\":\"http:\/\/turunky.fi\/wordpress\/wp-content\/uploads\/2015\/12\/marianne-150x150.jpg\",\"contentUrl\":\"http:\/\/turunky.fi\/wordpress\/wp-content\/uploads\/2015\/12\/marianne-150x150.jpg\"},{\"@type\":\"BreadcrumbList\",\"@id\":\"https:\/\/www.tuky.fi\/etusivu\/news\/turun-kylle-on-valittu-uusi-myyntipaallikko\/#breadcrumb\",\"itemListElement\":[{\"@type\":\"ListItem\",\"position\":1,\"name\":\"Etusivu\",\"item\":\"https:\/\/www.tuky.fi\/etusivu\/\"},{\"@type\":\"ListItem\",\"position\":2,\"name\":\"Turun KY:lle on valittu uusi myyntip\u00e4\u00e4llikk\u00f6\"}]},{\"@type\":\"WebSite\",\"@id\":\"https:\/\/www.tuky.fi\/etusivu\/#website\",\"url\":\"https:\/\/www.tuky.fi\/etusivu\/\",\"name\":\"Turun KY\",\"description\":\"TuKY\",\"publisher\":{\"@id\":\"https:\/\/www.tuky.fi\/etusivu\/#organization\"},\"alternateName\":\"TuKY\",\"potentialAction\":[{\"@type\":\"SearchAction\",\"target\":{\"@type\":\"EntryPoint\",\"urlTemplate\":\"https:\/\/www.tuky.fi\/etusivu\/?s={search_term_string}\"},\"query-input\":{\"@type\":\"PropertyValueSpecification\",\"valueRequired\":true,\"valueName\":\"search_term_string\"}}],\"inLanguage\":\"fi\"},{\"@type\":\"Organization\",\"@id\":\"https:\/\/www.tuky.fi\/etusivu\/#organization\",\"name\":\"Turun KY\",\"alternateName\":\"TuKY\",\"url\":\"https:\/\/www.tuky.fi\/etusivu\/\",\"logo\":{\"@type\":\"ImageObject\",\"inLanguage\":\"fi\",\"@id\":\"https:\/\/www.tuky.fi\/etusivu\/#\/schema\/logo\/image\/\",\"url\":\"https:\/\/www.tuky.fi\/wp-content\/uploads\/2024\/09\/TuKY-logo-kulta-1.png\",\"contentUrl\":\"https:\/\/www.tuky.fi\/wp-content\/uploads\/2024\/09\/TuKY-logo-kulta-1.png\",\"width\":1080,\"height\":1080,\"caption\":\"Turun KY\"},\"image\":{\"@id\":\"https:\/\/www.tuky.fi\/etusivu\/#\/schema\/logo\/image\/\"},\"sameAs\":[\"https:\/\/instagram.com\/turunky\",\"https:\/\/linkedin.com\/turunky\"]},{\"@type\":\"Person\",\"@id\":\"https:\/\/www.tuky.fi\/etusivu\/#\/schema\/person\/479eb0d4ef732e133e3a76f9b7659a39\",\"name\":\"admin\",\"image\":{\"@type\":\"ImageObject\",\"inLanguage\":\"fi\",\"@id\":\"https:\/\/secure.gravatar.com\/avatar\/afbe741656101229147e16716fbedbcade65018caf8c467f89b9abae7aaffeea?s=96&d=mm&r=g\",\"url\":\"https:\/\/secure.gravatar.com\/avatar\/afbe741656101229147e16716fbedbcade65018caf8c467f89b9abae7aaffeea?s=96&d=mm&r=g\",\"contentUrl\":\"https:\/\/secure.gravatar.com\/avatar\/afbe741656101229147e16716fbedbcade65018caf8c467f89b9abae7aaffeea?s=96&d=mm&r=g\",\"caption\":\"admin\"},\"url\":\"https:\/\/www.tuky.fi\/etusivu\/author\/admin\/\"}]}<\/script>\n<!-- \/ Yoast SEO plugin. -->","yoast_head_json":{"title":"Turun KY:lle on valittu uusi myyntip\u00e4\u00e4llikk\u00f6 - Turun KY","robots":{"index":"index","follow":"follow","max-snippet":"max-snippet:-1","max-image-preview":"max-image-preview:large","max-video-preview":"max-video-preview:-1"},"canonical":"https:\/\/www.tuky.fi\/etusivu\/news\/turun-kylle-on-valittu-uusi-myyntipaallikko\/","og_locale":"fi_FI","og_type":"article","og_title":"Turun KY:lle on valittu uusi myyntip\u00e4\u00e4llikk\u00f6 - Turun KY","og_description":"Turun KY:n hallitus valitsi kokouksessaan 7.12.2015 uudeksi myyntip\u00e4\u00e4llik\u00f6ksi Marianne Vihervuoren. Marianne toimii nuorempana myyntip\u00e4\u00e4llikk\u00f6n\u00e4 helmikuun loppuun asti eli alkuvuoden h\u00e4n ja nykyinen myyntip\u00e4\u00e4llikk\u00f6mme Katharina ty\u00f6skentelev\u00e4t yhdess\u00e4. Marianne aloittaa ty\u00f6teht\u00e4viss\u00e4\u00e4n itsen\u00e4isesti [&hellip;]","og_url":"https:\/\/www.tuky.fi\/etusivu\/news\/turun-kylle-on-valittu-uusi-myyntipaallikko\/","og_site_name":"Turun KY","article_published_time":"2015-12-09T11:49:13+00:00","og_image":[{"url":"http:\/\/turunky.fi\/wordpress\/wp-content\/uploads\/2015\/12\/marianne-150x150.jpg","type":"","width":"","height":""}],"author":"admin","twitter_card":"summary_large_image","twitter_misc":{"Kirjoittanut":"admin","Arvioitu lukuaika":"1 minuutti"},"schema":{"@context":"https:\/\/schema.org","@graph":[{"@type":"Article","@id":"https:\/\/www.tuky.fi\/etusivu\/news\/turun-kylle-on-valittu-uusi-myyntipaallikko\/#article","isPartOf":{"@id":"https:\/\/www.tuky.fi\/etusivu\/news\/turun-kylle-on-valittu-uusi-myyntipaallikko\/"},"author":{"name":"admin","@id":"https:\/\/www.tuky.fi\/etusivu\/#\/schema\/person\/479eb0d4ef732e133e3a76f9b7659a39"},"headline":"Turun KY:lle on valittu uusi myyntip\u00e4\u00e4llikk\u00f6","datePublished":"2015-12-09T11:49:13+00:00","mainEntityOfPage":{"@id":"https:\/\/www.tuky.fi\/etusivu\/news\/turun-kylle-on-valittu-uusi-myyntipaallikko\/"},"wordCount":198,"commentCount":0,"publisher":{"@id":"https:\/\/www.tuky.fi\/etusivu\/#organization"},"image":{"@id":"https:\/\/www.tuky.fi\/etusivu\/news\/turun-kylle-on-valittu-uusi-myyntipaallikko\/#primaryimage"},"thumbnailUrl":"http:\/\/turunky.fi\/wordpress\/wp-content\/uploads\/2015\/12\/marianne-150x150.jpg","keywords":["myyntip\u00e4\u00e4llikk\u00f6","tuky","turunky","yrityssuhteet"],"articleSection":["news"],"inLanguage":"fi","potentialAction":[{"@type":"CommentAction","name":"Comment","target":["https:\/\/www.tuky.fi\/etusivu\/news\/turun-kylle-on-valittu-uusi-myyntipaallikko\/#respond"]}]},{"@type":"WebPage","@id":"https:\/\/www.tuky.fi\/etusivu\/news\/turun-kylle-on-valittu-uusi-myyntipaallikko\/","url":"https:\/\/www.tuky.fi\/etusivu\/news\/turun-kylle-on-valittu-uusi-myyntipaallikko\/","name":"Turun KY:lle on valittu uusi myyntip\u00e4\u00e4llikk\u00f6 - Turun KY","isPartOf":{"@id":"https:\/\/www.tuky.fi\/etusivu\/#website"},"primaryImageOfPage":{"@id":"https:\/\/www.tuky.fi\/etusivu\/news\/turun-kylle-on-valittu-uusi-myyntipaallikko\/#primaryimage"},"image":{"@id":"https:\/\/www.tuky.fi\/etusivu\/news\/turun-kylle-on-valittu-uusi-myyntipaallikko\/#primaryimage"},"thumbnailUrl":"http:\/\/turunky.fi\/wordpress\/wp-content\/uploads\/2015\/12\/marianne-150x150.jpg","datePublished":"2015-12-09T11:49:13+00:00","breadcrumb":{"@id":"https:\/\/www.tuky.fi\/etusivu\/news\/turun-kylle-on-valittu-uusi-myyntipaallikko\/#breadcrumb"},"inLanguage":"fi","potentialAction":[{"@type":"ReadAction","target":["https:\/\/www.tuky.fi\/etusivu\/news\/turun-kylle-on-valittu-uusi-myyntipaallikko\/"]}]},{"@type":"ImageObject","inLanguage":"fi","@id":"https:\/\/www.tuky.fi\/etusivu\/news\/turun-kylle-on-valittu-uusi-myyntipaallikko\/#primaryimage","url":"http:\/\/turunky.fi\/wordpress\/wp-content\/uploads\/2015\/12\/marianne-150x150.jpg","contentUrl":"http:\/\/turunky.fi\/wordpress\/wp-content\/uploads\/2015\/12\/marianne-150x150.jpg"},{"@type":"BreadcrumbList","@id":"https:\/\/www.tuky.fi\/etusivu\/news\/turun-kylle-on-valittu-uusi-myyntipaallikko\/#breadcrumb","itemListElement":[{"@type":"ListItem","position":1,"name":"Etusivu","item":"https:\/\/www.tuky.fi\/etusivu\/"},{"@type":"ListItem","position":2,"name":"Turun KY:lle on valittu uusi myyntip\u00e4\u00e4llikk\u00f6"}]},{"@type":"WebSite","@id":"https:\/\/www.tuky.fi\/etusivu\/#website","url":"https:\/\/www.tuky.fi\/etusivu\/","name":"Turun KY","description":"TuKY","publisher":{"@id":"https:\/\/www.tuky.fi\/etusivu\/#organization"},"alternateName":"TuKY","potentialAction":[{"@type":"SearchAction","target":{"@type":"EntryPoint","urlTemplate":"https:\/\/www.tuky.fi\/etusivu\/?s={search_term_string}"},"query-input":{"@type":"PropertyValueSpecification","valueRequired":true,"valueName":"search_term_string"}}],"inLanguage":"fi"},{"@type":"Organization","@id":"https:\/\/www.tuky.fi\/etusivu\/#organization","name":"Turun KY","alternateName":"TuKY","url":"https:\/\/www.tuky.fi\/etusivu\/","logo":{"@type":"ImageObject","inLanguage":"fi","@id":"https:\/\/www.tuky.fi\/etusivu\/#\/schema\/logo\/image\/","url":"https:\/\/www.tuky.fi\/wp-content\/uploads\/2024\/09\/TuKY-logo-kulta-1.png","contentUrl":"https:\/\/www.tuky.fi\/wp-content\/uploads\/2024\/09\/TuKY-logo-kulta-1.png","width":1080,"height":1080,"caption":"Turun KY"},"image":{"@id":"https:\/\/www.tuky.fi\/etusivu\/#\/schema\/logo\/image\/"},"sameAs":["https:\/\/instagram.com\/turunky","https:\/\/linkedin.com\/turunky"]},{"@type":"Person","@id":"https:\/\/www.tuky.fi\/etusivu\/#\/schema\/person\/479eb0d4ef732e133e3a76f9b7659a39","name":"admin","image":{"@type":"ImageObject","inLanguage":"fi","@id":"https:\/\/secure.gravatar.com\/avatar\/afbe741656101229147e16716fbedbcade65018caf8c467f89b9abae7aaffeea?s=96&d=mm&r=g","url":"https:\/\/secure.gravatar.com\/avatar\/afbe741656101229147e16716fbedbcade65018caf8c467f89b9abae7aaffeea?s=96&d=mm&r=g","contentUrl":"https:\/\/secure.gravatar.com\/avatar\/afbe741656101229147e16716fbedbcade65018caf8c467f89b9abae7aaffeea?s=96&d=mm&r=g","caption":"admin"},"url":"https:\/\/www.tuky.fi\/etusivu\/author\/admin\/"}]}},"lang":"fi","translations":{"fi":16881},"pll_sync_post":[],"_links":{"self":[{"href":"https:\/\/www.tuky.fi\/etusivu\/wp-json\/wp\/v2\/posts\/16881","targetHints":{"allow":["GET"]}}],"collection":[{"href":"https:\/\/www.tuky.fi\/etusivu\/wp-json\/wp\/v2\/posts"}],"about":[{"href":"https:\/\/www.tuky.fi\/etusivu\/wp-json\/wp\/v2\/types\/post"}],"author":[{"embeddable":true,"href":"https:\/\/www.tuky.fi\/etusivu\/wp-json\/wp\/v2\/users\/1"}],"replies":[{"embeddable":true,"href":"https:\/\/www.tuky.fi\/etusivu\/wp-json\/wp\/v2\/comments?post=16881"}],"version-history":[{"count":0,"href":"https:\/\/www.tuky.fi\/etusivu\/wp-json\/wp\/v2\/posts\/16881\/revisions"}],"wp:attachment":[{"href":"https:\/\/www.tuky.fi\/etusivu\/wp-json\/wp\/v2\/media?parent=16881"}],"wp:term":[{"taxonomy":"category","embeddable":true,"href":"https:\/\/www.tuky.fi\/etusivu\/wp-json\/wp\/v2\/categories?post=16881"},{"taxonomy":"post_tag","embeddable":true,"href":"https:\/\/www.tuky.fi\/etusivu\/wp-json\/wp\/v2\/tags?post=16881"}],"curies":[{"name":"wp","href":"https:\/\/api.w.org\/{rel}","templated":true}]}}