{"id":16840,"date":"2015-12-06T22:07:58","date_gmt":"2015-12-06T20:07:58","guid":{"rendered":"http:\/\/turunky.fi\/?p=16840"},"modified":"2015-12-06T22:07:58","modified_gmt":"2015-12-06T20:07:58","slug":"wanha-narikka-auki-8-45-17-00-tenttiviikolla","status":"publish","type":"post","link":"https:\/\/www.tuky.fi\/etusivu\/news\/wanha-narikka-auki-8-45-17-00-tenttiviikolla\/","title":{"rendered":"Wanha Narikka auki 8.45-17.00 tenttiviikolla"},"content":{"rendered":"<div><a href=\"http:\/\/turunky.fi\/wordpress\/wp-content\/uploads\/2015\/12\/kyrailiabanner.jpg\"><img loading=\"lazy\" decoding=\"async\" class=\"aligncenter size-full wp-image-16841\" src=\"http:\/\/turunky.fi\/wordpress\/wp-content\/uploads\/2015\/12\/kyrailiabanner.jpg\" alt=\"Narikka\" width=\"700\" height=\"200\" \/><\/a><\/div>\n<div><span style=\"font-family: 'Times New Roman', serif; font-size: medium;\">Wanha Narikka on tenttiviikolla poikkeuksellisesti pidemp\u00e4\u00e4n auki <\/span><span style=\"font-family: 'Times New Roman', serif; font-size: medium;\"><b>8.45\u201317.00.<\/b><\/span><span style=\"font-family: 'Times New Roman', serif; font-size: medium;\"> Tenttiviikon kunniaksi tarjoillaan limsat ja kivenn\u00e4isvedet 2 \u20ac hintaan. Valikoimasta l\u00f6ytyy nyt Skyr-rahkoja, makuraejuustoja, shmootieita ja kolmioleipi\u00e4.\u00a0<\/span><\/div>\n<p><span style=\"font-family: 'Times New Roman', serif; font-size: medium;\">Wanhaan Narikkaan on my\u00f6s tilattu koulun omia TSE-huppareita er\u00e4. Tulethan hakemaan omasi, ennen kuin n\u00e4m\u00e4kin loppuvat!<\/span><\/p>\n<p><span style=\"font-family: 'Times New Roman', serif; font-size: medium;\">Tsemppi\u00e4 tenttiviikkoon ja rauhallista joulua toivottaa Wanhan Narikan v\u00e4ki. <\/span><\/p>\n","protected":false},"excerpt":{"rendered":"<p>Wanha Narikka on tenttiviikolla poikkeuksellisesti pidemp\u00e4\u00e4n auki 8.45\u201317.00. Tenttiviikon kunniaksi tarjoillaan limsat ja kivenn\u00e4isvedet 2 \u20ac hintaan. Valikoimasta l\u00f6ytyy nyt Skyr-rahkoja, makuraejuustoja, shmootieita ja kolmioleipi\u00e4.\u00a0 Wanhaan Narikkaan on my\u00f6s tilattu [&hellip;]<\/p>\n","protected":false},"author":1,"featured_media":0,"comment_status":"open","ping_status":"open","sticky":false,"template":"","format":"standard","meta":{"_et_pb_use_builder":"","_et_pb_old_content":"","_et_gb_content_width":"","footnotes":""},"categories":[4],"tags":[],"class_list":["post-16840","post","type-post","status-publish","format-standard","hentry","category-news"],"yoast_head":"<!-- This site is optimized with the Yoast SEO plugin v27.2 - https:\/\/yoast.com\/product\/yoast-seo-wordpress\/ -->\n<title>Wanha Narikka auki 8.45-17.00 tenttiviikolla - Turun KY<\/title>\n<meta name=\"robots\" content=\"index, follow, max-snippet:-1, max-image-preview:large, max-video-preview:-1\" \/>\n<link rel=\"canonical\" href=\"https:\/\/www.tuky.fi\/etusivu\/news\/wanha-narikka-auki-8-45-17-00-tenttiviikolla\/\" \/>\n<meta property=\"og:locale\" content=\"fi_FI\" \/>\n<meta property=\"og:type\" content=\"article\" \/>\n<meta property=\"og:title\" content=\"Wanha Narikka auki 8.45-17.00 tenttiviikolla - Turun KY\" \/>\n<meta property=\"og:description\" content=\"Wanha Narikka on tenttiviikolla poikkeuksellisesti pidemp\u00e4\u00e4n auki 8.45\u201317.00. Tenttiviikon kunniaksi tarjoillaan limsat ja kivenn\u00e4isvedet 2 \u20ac hintaan. Valikoimasta l\u00f6ytyy nyt Skyr-rahkoja, makuraejuustoja, shmootieita ja kolmioleipi\u00e4.\u00a0 Wanhaan Narikkaan on my\u00f6s tilattu [&hellip;]\" \/>\n<meta property=\"og:url\" content=\"https:\/\/www.tuky.fi\/etusivu\/news\/wanha-narikka-auki-8-45-17-00-tenttiviikolla\/\" \/>\n<meta property=\"og:site_name\" content=\"Turun KY\" \/>\n<meta property=\"article:published_time\" content=\"2015-12-06T20:07:58+00:00\" \/>\n<meta property=\"og:image\" content=\"http:\/\/turunky.fi\/wordpress\/wp-content\/uploads\/2015\/12\/kyrailiabanner.jpg\" \/>\n<meta name=\"author\" content=\"admin\" \/>\n<meta name=\"twitter:card\" content=\"summary_large_image\" \/>\n<meta name=\"twitter:label1\" content=\"Kirjoittanut\" \/>\n\t<meta name=\"twitter:data1\" content=\"admin\" \/>\n<script type=\"application\/ld+json\" class=\"yoast-schema-graph\">{\"@context\":\"https:\/\/schema.org\",\"@graph\":[{\"@type\":\"Article\",\"@id\":\"https:\/\/www.tuky.fi\/etusivu\/news\/wanha-narikka-auki-8-45-17-00-tenttiviikolla\/#article\",\"isPartOf\":{\"@id\":\"https:\/\/www.tuky.fi\/etusivu\/news\/wanha-narikka-auki-8-45-17-00-tenttiviikolla\/\"},\"author\":{\"name\":\"admin\",\"@id\":\"https:\/\/www.tuky.fi\/etusivu\/#\/schema\/person\/479eb0d4ef732e133e3a76f9b7659a39\"},\"headline\":\"Wanha Narikka auki 8.45-17.00 tenttiviikolla\",\"datePublished\":\"2015-12-06T20:07:58+00:00\",\"mainEntityOfPage\":{\"@id\":\"https:\/\/www.tuky.fi\/etusivu\/news\/wanha-narikka-auki-8-45-17-00-tenttiviikolla\/\"},\"wordCount\":59,\"commentCount\":0,\"publisher\":{\"@id\":\"https:\/\/www.tuky.fi\/etusivu\/#organization\"},\"image\":{\"@id\":\"https:\/\/www.tuky.fi\/etusivu\/news\/wanha-narikka-auki-8-45-17-00-tenttiviikolla\/#primaryimage\"},\"thumbnailUrl\":\"http:\/\/turunky.fi\/wordpress\/wp-content\/uploads\/2015\/12\/kyrailiabanner.jpg\",\"articleSection\":[\"news\"],\"inLanguage\":\"fi\",\"potentialAction\":[{\"@type\":\"CommentAction\",\"name\":\"Comment\",\"target\":[\"https:\/\/www.tuky.fi\/etusivu\/news\/wanha-narikka-auki-8-45-17-00-tenttiviikolla\/#respond\"]}]},{\"@type\":\"WebPage\",\"@id\":\"https:\/\/www.tuky.fi\/etusivu\/news\/wanha-narikka-auki-8-45-17-00-tenttiviikolla\/\",\"url\":\"https:\/\/www.tuky.fi\/etusivu\/news\/wanha-narikka-auki-8-45-17-00-tenttiviikolla\/\",\"name\":\"Wanha Narikka auki 8.45-17.00 tenttiviikolla - Turun KY\",\"isPartOf\":{\"@id\":\"https:\/\/www.tuky.fi\/etusivu\/#website\"},\"primaryImageOfPage\":{\"@id\":\"https:\/\/www.tuky.fi\/etusivu\/news\/wanha-narikka-auki-8-45-17-00-tenttiviikolla\/#primaryimage\"},\"image\":{\"@id\":\"https:\/\/www.tuky.fi\/etusivu\/news\/wanha-narikka-auki-8-45-17-00-tenttiviikolla\/#primaryimage\"},\"thumbnailUrl\":\"http:\/\/turunky.fi\/wordpress\/wp-content\/uploads\/2015\/12\/kyrailiabanner.jpg\",\"datePublished\":\"2015-12-06T20:07:58+00:00\",\"breadcrumb\":{\"@id\":\"https:\/\/www.tuky.fi\/etusivu\/news\/wanha-narikka-auki-8-45-17-00-tenttiviikolla\/#breadcrumb\"},\"inLanguage\":\"fi\",\"potentialAction\":[{\"@type\":\"ReadAction\",\"target\":[\"https:\/\/www.tuky.fi\/etusivu\/news\/wanha-narikka-auki-8-45-17-00-tenttiviikolla\/\"]}]},{\"@type\":\"ImageObject\",\"inLanguage\":\"fi\",\"@id\":\"https:\/\/www.tuky.fi\/etusivu\/news\/wanha-narikka-auki-8-45-17-00-tenttiviikolla\/#primaryimage\",\"url\":\"http:\/\/turunky.fi\/wordpress\/wp-content\/uploads\/2015\/12\/kyrailiabanner.jpg\",\"contentUrl\":\"http:\/\/turunky.fi\/wordpress\/wp-content\/uploads\/2015\/12\/kyrailiabanner.jpg\"},{\"@type\":\"BreadcrumbList\",\"@id\":\"https:\/\/www.tuky.fi\/etusivu\/news\/wanha-narikka-auki-8-45-17-00-tenttiviikolla\/#breadcrumb\",\"itemListElement\":[{\"@type\":\"ListItem\",\"position\":1,\"name\":\"Etusivu\",\"item\":\"https:\/\/www.tuky.fi\/etusivu\/\"},{\"@type\":\"ListItem\",\"position\":2,\"name\":\"Wanha Narikka auki 8.45-17.00 tenttiviikolla\"}]},{\"@type\":\"WebSite\",\"@id\":\"https:\/\/www.tuky.fi\/etusivu\/#website\",\"url\":\"https:\/\/www.tuky.fi\/etusivu\/\",\"name\":\"Turun KY\",\"description\":\"TuKY\",\"publisher\":{\"@id\":\"https:\/\/www.tuky.fi\/etusivu\/#organization\"},\"alternateName\":\"TuKY\",\"potentialAction\":[{\"@type\":\"SearchAction\",\"target\":{\"@type\":\"EntryPoint\",\"urlTemplate\":\"https:\/\/www.tuky.fi\/etusivu\/?s={search_term_string}\"},\"query-input\":{\"@type\":\"PropertyValueSpecification\",\"valueRequired\":true,\"valueName\":\"search_term_string\"}}],\"inLanguage\":\"fi\"},{\"@type\":\"Organization\",\"@id\":\"https:\/\/www.tuky.fi\/etusivu\/#organization\",\"name\":\"Turun KY\",\"alternateName\":\"TuKY\",\"url\":\"https:\/\/www.tuky.fi\/etusivu\/\",\"logo\":{\"@type\":\"ImageObject\",\"inLanguage\":\"fi\",\"@id\":\"https:\/\/www.tuky.fi\/etusivu\/#\/schema\/logo\/image\/\",\"url\":\"https:\/\/www.tuky.fi\/wp-content\/uploads\/2024\/09\/TuKY-logo-kulta-1.png\",\"contentUrl\":\"https:\/\/www.tuky.fi\/wp-content\/uploads\/2024\/09\/TuKY-logo-kulta-1.png\",\"width\":1080,\"height\":1080,\"caption\":\"Turun KY\"},\"image\":{\"@id\":\"https:\/\/www.tuky.fi\/etusivu\/#\/schema\/logo\/image\/\"},\"sameAs\":[\"https:\/\/instagram.com\/turunky\",\"https:\/\/linkedin.com\/turunky\"]},{\"@type\":\"Person\",\"@id\":\"https:\/\/www.tuky.fi\/etusivu\/#\/schema\/person\/479eb0d4ef732e133e3a76f9b7659a39\",\"name\":\"admin\",\"image\":{\"@type\":\"ImageObject\",\"inLanguage\":\"fi\",\"@id\":\"https:\/\/secure.gravatar.com\/avatar\/afbe741656101229147e16716fbedbcade65018caf8c467f89b9abae7aaffeea?s=96&d=mm&r=g\",\"url\":\"https:\/\/secure.gravatar.com\/avatar\/afbe741656101229147e16716fbedbcade65018caf8c467f89b9abae7aaffeea?s=96&d=mm&r=g\",\"contentUrl\":\"https:\/\/secure.gravatar.com\/avatar\/afbe741656101229147e16716fbedbcade65018caf8c467f89b9abae7aaffeea?s=96&d=mm&r=g\",\"caption\":\"admin\"},\"url\":\"https:\/\/www.tuky.fi\/etusivu\/author\/admin\/\"}]}<\/script>\n<!-- \/ Yoast SEO plugin. -->","yoast_head_json":{"title":"Wanha Narikka auki 8.45-17.00 tenttiviikolla - Turun KY","robots":{"index":"index","follow":"follow","max-snippet":"max-snippet:-1","max-image-preview":"max-image-preview:large","max-video-preview":"max-video-preview:-1"},"canonical":"https:\/\/www.tuky.fi\/etusivu\/news\/wanha-narikka-auki-8-45-17-00-tenttiviikolla\/","og_locale":"fi_FI","og_type":"article","og_title":"Wanha Narikka auki 8.45-17.00 tenttiviikolla - Turun KY","og_description":"Wanha Narikka on tenttiviikolla poikkeuksellisesti pidemp\u00e4\u00e4n auki 8.45\u201317.00. Tenttiviikon kunniaksi tarjoillaan limsat ja kivenn\u00e4isvedet 2 \u20ac hintaan. Valikoimasta l\u00f6ytyy nyt Skyr-rahkoja, makuraejuustoja, shmootieita ja kolmioleipi\u00e4.\u00a0 Wanhaan Narikkaan on my\u00f6s tilattu [&hellip;]","og_url":"https:\/\/www.tuky.fi\/etusivu\/news\/wanha-narikka-auki-8-45-17-00-tenttiviikolla\/","og_site_name":"Turun KY","article_published_time":"2015-12-06T20:07:58+00:00","og_image":[{"url":"http:\/\/turunky.fi\/wordpress\/wp-content\/uploads\/2015\/12\/kyrailiabanner.jpg","type":"","width":"","height":""}],"author":"admin","twitter_card":"summary_large_image","twitter_misc":{"Kirjoittanut":"admin"},"schema":{"@context":"https:\/\/schema.org","@graph":[{"@type":"Article","@id":"https:\/\/www.tuky.fi\/etusivu\/news\/wanha-narikka-auki-8-45-17-00-tenttiviikolla\/#article","isPartOf":{"@id":"https:\/\/www.tuky.fi\/etusivu\/news\/wanha-narikka-auki-8-45-17-00-tenttiviikolla\/"},"author":{"name":"admin","@id":"https:\/\/www.tuky.fi\/etusivu\/#\/schema\/person\/479eb0d4ef732e133e3a76f9b7659a39"},"headline":"Wanha Narikka auki 8.45-17.00 tenttiviikolla","datePublished":"2015-12-06T20:07:58+00:00","mainEntityOfPage":{"@id":"https:\/\/www.tuky.fi\/etusivu\/news\/wanha-narikka-auki-8-45-17-00-tenttiviikolla\/"},"wordCount":59,"commentCount":0,"publisher":{"@id":"https:\/\/www.tuky.fi\/etusivu\/#organization"},"image":{"@id":"https:\/\/www.tuky.fi\/etusivu\/news\/wanha-narikka-auki-8-45-17-00-tenttiviikolla\/#primaryimage"},"thumbnailUrl":"http:\/\/turunky.fi\/wordpress\/wp-content\/uploads\/2015\/12\/kyrailiabanner.jpg","articleSection":["news"],"inLanguage":"fi","potentialAction":[{"@type":"CommentAction","name":"Comment","target":["https:\/\/www.tuky.fi\/etusivu\/news\/wanha-narikka-auki-8-45-17-00-tenttiviikolla\/#respond"]}]},{"@type":"WebPage","@id":"https:\/\/www.tuky.fi\/etusivu\/news\/wanha-narikka-auki-8-45-17-00-tenttiviikolla\/","url":"https:\/\/www.tuky.fi\/etusivu\/news\/wanha-narikka-auki-8-45-17-00-tenttiviikolla\/","name":"Wanha Narikka auki 8.45-17.00 tenttiviikolla - Turun KY","isPartOf":{"@id":"https:\/\/www.tuky.fi\/etusivu\/#website"},"primaryImageOfPage":{"@id":"https:\/\/www.tuky.fi\/etusivu\/news\/wanha-narikka-auki-8-45-17-00-tenttiviikolla\/#primaryimage"},"image":{"@id":"https:\/\/www.tuky.fi\/etusivu\/news\/wanha-narikka-auki-8-45-17-00-tenttiviikolla\/#primaryimage"},"thumbnailUrl":"http:\/\/turunky.fi\/wordpress\/wp-content\/uploads\/2015\/12\/kyrailiabanner.jpg","datePublished":"2015-12-06T20:07:58+00:00","breadcrumb":{"@id":"https:\/\/www.tuky.fi\/etusivu\/news\/wanha-narikka-auki-8-45-17-00-tenttiviikolla\/#breadcrumb"},"inLanguage":"fi","potentialAction":[{"@type":"ReadAction","target":["https:\/\/www.tuky.fi\/etusivu\/news\/wanha-narikka-auki-8-45-17-00-tenttiviikolla\/"]}]},{"@type":"ImageObject","inLanguage":"fi","@id":"https:\/\/www.tuky.fi\/etusivu\/news\/wanha-narikka-auki-8-45-17-00-tenttiviikolla\/#primaryimage","url":"http:\/\/turunky.fi\/wordpress\/wp-content\/uploads\/2015\/12\/kyrailiabanner.jpg","contentUrl":"http:\/\/turunky.fi\/wordpress\/wp-content\/uploads\/2015\/12\/kyrailiabanner.jpg"},{"@type":"BreadcrumbList","@id":"https:\/\/www.tuky.fi\/etusivu\/news\/wanha-narikka-auki-8-45-17-00-tenttiviikolla\/#breadcrumb","itemListElement":[{"@type":"ListItem","position":1,"name":"Etusivu","item":"https:\/\/www.tuky.fi\/etusivu\/"},{"@type":"ListItem","position":2,"name":"Wanha Narikka auki 8.45-17.00 tenttiviikolla"}]},{"@type":"WebSite","@id":"https:\/\/www.tuky.fi\/etusivu\/#website","url":"https:\/\/www.tuky.fi\/etusivu\/","name":"Turun KY","description":"TuKY","publisher":{"@id":"https:\/\/www.tuky.fi\/etusivu\/#organization"},"alternateName":"TuKY","potentialAction":[{"@type":"SearchAction","target":{"@type":"EntryPoint","urlTemplate":"https:\/\/www.tuky.fi\/etusivu\/?s={search_term_string}"},"query-input":{"@type":"PropertyValueSpecification","valueRequired":true,"valueName":"search_term_string"}}],"inLanguage":"fi"},{"@type":"Organization","@id":"https:\/\/www.tuky.fi\/etusivu\/#organization","name":"Turun KY","alternateName":"TuKY","url":"https:\/\/www.tuky.fi\/etusivu\/","logo":{"@type":"ImageObject","inLanguage":"fi","@id":"https:\/\/www.tuky.fi\/etusivu\/#\/schema\/logo\/image\/","url":"https:\/\/www.tuky.fi\/wp-content\/uploads\/2024\/09\/TuKY-logo-kulta-1.png","contentUrl":"https:\/\/www.tuky.fi\/wp-content\/uploads\/2024\/09\/TuKY-logo-kulta-1.png","width":1080,"height":1080,"caption":"Turun KY"},"image":{"@id":"https:\/\/www.tuky.fi\/etusivu\/#\/schema\/logo\/image\/"},"sameAs":["https:\/\/instagram.com\/turunky","https:\/\/linkedin.com\/turunky"]},{"@type":"Person","@id":"https:\/\/www.tuky.fi\/etusivu\/#\/schema\/person\/479eb0d4ef732e133e3a76f9b7659a39","name":"admin","image":{"@type":"ImageObject","inLanguage":"fi","@id":"https:\/\/secure.gravatar.com\/avatar\/afbe741656101229147e16716fbedbcade65018caf8c467f89b9abae7aaffeea?s=96&d=mm&r=g","url":"https:\/\/secure.gravatar.com\/avatar\/afbe741656101229147e16716fbedbcade65018caf8c467f89b9abae7aaffeea?s=96&d=mm&r=g","contentUrl":"https:\/\/secure.gravatar.com\/avatar\/afbe741656101229147e16716fbedbcade65018caf8c467f89b9abae7aaffeea?s=96&d=mm&r=g","caption":"admin"},"url":"https:\/\/www.tuky.fi\/etusivu\/author\/admin\/"}]}},"lang":"fi","translations":{"fi":16840},"pll_sync_post":[],"_links":{"self":[{"href":"https:\/\/www.tuky.fi\/etusivu\/wp-json\/wp\/v2\/posts\/16840","targetHints":{"allow":["GET"]}}],"collection":[{"href":"https:\/\/www.tuky.fi\/etusivu\/wp-json\/wp\/v2\/posts"}],"about":[{"href":"https:\/\/www.tuky.fi\/etusivu\/wp-json\/wp\/v2\/types\/post"}],"author":[{"embeddable":true,"href":"https:\/\/www.tuky.fi\/etusivu\/wp-json\/wp\/v2\/users\/1"}],"replies":[{"embeddable":true,"href":"https:\/\/www.tuky.fi\/etusivu\/wp-json\/wp\/v2\/comments?post=16840"}],"version-history":[{"count":0,"href":"https:\/\/www.tuky.fi\/etusivu\/wp-json\/wp\/v2\/posts\/16840\/revisions"}],"wp:attachment":[{"href":"https:\/\/www.tuky.fi\/etusivu\/wp-json\/wp\/v2\/media?parent=16840"}],"wp:term":[{"taxonomy":"category","embeddable":true,"href":"https:\/\/www.tuky.fi\/etusivu\/wp-json\/wp\/v2\/categories?post=16840"},{"taxonomy":"post_tag","embeddable":true,"href":"https:\/\/www.tuky.fi\/etusivu\/wp-json\/wp\/v2\/tags?post=16840"}],"curies":[{"name":"wp","href":"https:\/\/api.w.org\/{rel}","templated":true}]}}