{"id":16806,"date":"2015-12-03T17:43:59","date_gmt":"2015-12-03T15:43:59","guid":{"rendered":"http:\/\/turunky.fi\/?p=16806"},"modified":"2015-12-03T17:43:59","modified_gmt":"2015-12-03T15:43:59","slug":"paatoimittaja-ja-art-director-on-valittu","status":"publish","type":"post","link":"https:\/\/www.tuky.fi\/etusivu\/news\/paatoimittaja-ja-art-director-on-valittu\/","title":{"rendered":"P\u00e4\u00e4toimittaja ja Art Director on valittu!"},"content":{"rendered":"<p><a href=\"http:\/\/turunky.fi\/wordpress\/wp-content\/uploads\/2015\/12\/kyliste-logo.jpg\"><img loading=\"lazy\" decoding=\"async\" class=\"aligncenter size-full wp-image-16807\" src=\"http:\/\/turunky.fi\/wordpress\/wp-content\/uploads\/2015\/12\/kyliste-logo.jpg\" alt=\"kyliste-logo\" width=\"600\" height=\"177\" \/><\/a><\/p>\n<p>&nbsp;<\/p>\n<h3>Henna Kainulainen, P\u00e4\u00e4toimittaja<\/h3>\n<p><a href=\"http:\/\/turunky.fi\/wordpress\/wp-content\/uploads\/2015\/12\/Henna-Kainulainen-1.jpg\"><img loading=\"lazy\" decoding=\"async\" class=\"wp-image-16808 size-medium alignleft\" src=\"http:\/\/turunky.fi\/wordpress\/wp-content\/uploads\/2015\/12\/Henna-Kainulainen-1-270x300.jpg\" alt=\"Henna Kainulainen (1)\" width=\"270\" height=\"300\" \/><\/a>&#8221;Well hello there, olen Henna Kainulainen, 21-vuotias Kotkan kasvatti ja monessa liemess\u00e4 keitetty nykyinen turkulainen. Opiskelen nyt toista vuotta p\u00e4\u00e4aineenani markkinointi, enk\u00e4 malta odottaa, ett\u00e4 p\u00e4\u00e4sen hy\u00f6dynt\u00e4m\u00e4\u00e4n k\u00e4sienheiluttelutaitojani my\u00f6s t\u00e4ss\u00e4 pestiss\u00e4!<\/p>\n<p>Olen ollut KYlisteess\u00e4 mukana vuoden verran, ja jotenkin siin\u00e4 nyt k\u00e4vi niin, ett\u00e4 tammikuusta eteenp\u00e4in KYliste on mun ja ihanan AD:n hoitovastuulla. Enp\u00e4 olisi ysiluokkalaisena uskonut, ett\u00e4 TET-harjoittelu paikallislehdess\u00e4 innostaisi minut t\u00e4h\u00e4n pisteeseen asti. Vuoden jaostohommissa py\u00f6rineen\u00e4 koen, ett\u00e4 minulla on viel\u00e4 enemm\u00e4n annettavaa Turun KY:lle: odotankin jo innolla, ett\u00e4 p\u00e4\u00e4sen hy\u00f6dynt\u00e4m\u00e4\u00e4n t\u00e4t\u00e4 energiaa p\u00e4\u00e4toimittajana. Lupaan pit\u00e4\u00e4 KYlisteest\u00e4 huolta rakkaudella ja kunnioituksella!<\/p>\n<p>Haluan tehd\u00e4 KYlisteest\u00e4 ensi vuonna helpommin l\u00e4hestytt\u00e4v\u00e4n ja pyyd\u00e4nkin, ett\u00e4 juttutoiveita ja kehitysideoita heitell\u00e4\u00e4n kohti p\u00e4\u00e4toimittajaa rohkeasti!&#8221;<\/p>\n<h3>Ida Haapanen, Art Director<\/h3>\n<p><a href=\"http:\/\/turunky.fi\/wordpress\/wp-content\/uploads\/2015\/12\/impo.jpeg\"><img loading=\"lazy\" decoding=\"async\" class=\"wp-image-16809 size-medium alignleft\" src=\"http:\/\/turunky.fi\/wordpress\/wp-content\/uploads\/2015\/12\/impo-225x300.jpeg\" alt=\"impo\" width=\"225\" height=\"300\" \/><\/a>Juhuuu!<\/p>\n<p>T\u00e4s\u00e4 m\u00e4 olen. Toisen vuoden opiskelija, paljasjalkainen paimiolainen. Comic Sansille ja seepiakuvillekin s\u00e4\u00e4nn\u00f6llisin v\u00e4liajoin mahdollisuuden antava visu-intoilija, joka l\u00f6ysi itsens\u00e4 tiedottajapestin loppuvaiheilla ihan parhaasta jatkoteht\u00e4v\u00e4st\u00e4 KYlisteen AD:n\u00e4! Ruoka- ja viinifani, joka antaa kaikille l\u00e4heisilleen aina itse tehdyt joulu- ja syntt\u00e4rikortit, vaikka niist\u00e4 tulisikin rumia. Yll\u00e4tt\u00e4v\u00e4n p\u00e4tev\u00e4 huijaamaan muita ja etenkin itse\u00e4\u00e4n siin\u00e4, ett\u00e4 olisi kartalla omasta el\u00e4m\u00e4st\u00e4\u00e4n, aikatauluistaan ja kalenteristaan (jota muuten ei edelleenk\u00e4\u00e4 l\u00f6ydy k\u00e4nnyk\u00e4st\u00e4 vaan paperisena, tietenkin).<\/p>\n<p>Ennen kaikkea tyyppi, joka on kauppisuransa alkumetreilt\u00e4 alkaen katselellut coolia lehte\u00e4mme ihaillen. Nyt tuntuukin \u00e4\u00e4rett\u00f6m\u00e4n siistilt\u00e4 p\u00e4\u00e4st\u00e4 mukaan sen tuottamiseen ja kehitt\u00e4miseen, odotan tulevaa huippuinnoissani!<\/p>\n","protected":false},"excerpt":{"rendered":"<p>&nbsp; Henna Kainulainen, P\u00e4\u00e4toimittaja &#8221;Well hello there, olen Henna Kainulainen, 21-vuotias Kotkan kasvatti ja monessa liemess\u00e4 keitetty nykyinen turkulainen. Opiskelen nyt toista vuotta p\u00e4\u00e4aineenani markkinointi, enk\u00e4 malta odottaa, ett\u00e4 p\u00e4\u00e4sen [&hellip;]<\/p>\n","protected":false},"author":1,"featured_media":0,"comment_status":"open","ping_status":"open","sticky":false,"template":"","format":"standard","meta":{"_et_pb_use_builder":"","_et_pb_old_content":"","_et_gb_content_width":"","footnotes":""},"categories":[4],"tags":[],"class_list":["post-16806","post","type-post","status-publish","format-standard","hentry","category-news"],"yoast_head":"<!-- This site is optimized with the Yoast SEO plugin v27.2 - https:\/\/yoast.com\/product\/yoast-seo-wordpress\/ -->\n<title>P\u00e4\u00e4toimittaja ja Art Director on valittu! - Turun KY<\/title>\n<meta name=\"robots\" content=\"index, follow, max-snippet:-1, max-image-preview:large, max-video-preview:-1\" \/>\n<link rel=\"canonical\" href=\"https:\/\/www.tuky.fi\/etusivu\/news\/paatoimittaja-ja-art-director-on-valittu\/\" \/>\n<meta property=\"og:locale\" content=\"fi_FI\" \/>\n<meta property=\"og:type\" content=\"article\" \/>\n<meta property=\"og:title\" content=\"P\u00e4\u00e4toimittaja ja Art Director on valittu! - Turun KY\" \/>\n<meta property=\"og:description\" content=\"&nbsp; Henna Kainulainen, P\u00e4\u00e4toimittaja &#8221;Well hello there, olen Henna Kainulainen, 21-vuotias Kotkan kasvatti ja monessa liemess\u00e4 keitetty nykyinen turkulainen. Opiskelen nyt toista vuotta p\u00e4\u00e4aineenani markkinointi, enk\u00e4 malta odottaa, ett\u00e4 p\u00e4\u00e4sen [&hellip;]\" \/>\n<meta property=\"og:url\" content=\"https:\/\/www.tuky.fi\/etusivu\/news\/paatoimittaja-ja-art-director-on-valittu\/\" \/>\n<meta property=\"og:site_name\" content=\"Turun KY\" \/>\n<meta property=\"article:published_time\" content=\"2015-12-03T15:43:59+00:00\" \/>\n<meta property=\"og:image\" content=\"http:\/\/turunky.fi\/wordpress\/wp-content\/uploads\/2015\/12\/kyliste-logo.jpg\" \/>\n<meta name=\"author\" content=\"admin\" \/>\n<meta name=\"twitter:card\" content=\"summary_large_image\" \/>\n<meta name=\"twitter:label1\" content=\"Kirjoittanut\" \/>\n\t<meta name=\"twitter:data1\" content=\"admin\" \/>\n\t<meta name=\"twitter:label2\" content=\"Arvioitu lukuaika\" \/>\n\t<meta name=\"twitter:data2\" content=\"1 minuutti\" \/>\n<script type=\"application\/ld+json\" class=\"yoast-schema-graph\">{\"@context\":\"https:\/\/schema.org\",\"@graph\":[{\"@type\":\"Article\",\"@id\":\"https:\/\/www.tuky.fi\/etusivu\/news\/paatoimittaja-ja-art-director-on-valittu\/#article\",\"isPartOf\":{\"@id\":\"https:\/\/www.tuky.fi\/etusivu\/news\/paatoimittaja-ja-art-director-on-valittu\/\"},\"author\":{\"name\":\"admin\",\"@id\":\"https:\/\/www.tuky.fi\/etusivu\/#\/schema\/person\/479eb0d4ef732e133e3a76f9b7659a39\"},\"headline\":\"P\u00e4\u00e4toimittaja ja Art Director on valittu!\",\"datePublished\":\"2015-12-03T15:43:59+00:00\",\"mainEntityOfPage\":{\"@id\":\"https:\/\/www.tuky.fi\/etusivu\/news\/paatoimittaja-ja-art-director-on-valittu\/\"},\"wordCount\":275,\"commentCount\":0,\"publisher\":{\"@id\":\"https:\/\/www.tuky.fi\/etusivu\/#organization\"},\"image\":{\"@id\":\"https:\/\/www.tuky.fi\/etusivu\/news\/paatoimittaja-ja-art-director-on-valittu\/#primaryimage\"},\"thumbnailUrl\":\"http:\/\/turunky.fi\/wordpress\/wp-content\/uploads\/2015\/12\/kyliste-logo.jpg\",\"articleSection\":[\"news\"],\"inLanguage\":\"fi\",\"potentialAction\":[{\"@type\":\"CommentAction\",\"name\":\"Comment\",\"target\":[\"https:\/\/www.tuky.fi\/etusivu\/news\/paatoimittaja-ja-art-director-on-valittu\/#respond\"]}]},{\"@type\":\"WebPage\",\"@id\":\"https:\/\/www.tuky.fi\/etusivu\/news\/paatoimittaja-ja-art-director-on-valittu\/\",\"url\":\"https:\/\/www.tuky.fi\/etusivu\/news\/paatoimittaja-ja-art-director-on-valittu\/\",\"name\":\"P\u00e4\u00e4toimittaja ja Art Director on valittu! - Turun KY\",\"isPartOf\":{\"@id\":\"https:\/\/www.tuky.fi\/etusivu\/#website\"},\"primaryImageOfPage\":{\"@id\":\"https:\/\/www.tuky.fi\/etusivu\/news\/paatoimittaja-ja-art-director-on-valittu\/#primaryimage\"},\"image\":{\"@id\":\"https:\/\/www.tuky.fi\/etusivu\/news\/paatoimittaja-ja-art-director-on-valittu\/#primaryimage\"},\"thumbnailUrl\":\"http:\/\/turunky.fi\/wordpress\/wp-content\/uploads\/2015\/12\/kyliste-logo.jpg\",\"datePublished\":\"2015-12-03T15:43:59+00:00\",\"breadcrumb\":{\"@id\":\"https:\/\/www.tuky.fi\/etusivu\/news\/paatoimittaja-ja-art-director-on-valittu\/#breadcrumb\"},\"inLanguage\":\"fi\",\"potentialAction\":[{\"@type\":\"ReadAction\",\"target\":[\"https:\/\/www.tuky.fi\/etusivu\/news\/paatoimittaja-ja-art-director-on-valittu\/\"]}]},{\"@type\":\"ImageObject\",\"inLanguage\":\"fi\",\"@id\":\"https:\/\/www.tuky.fi\/etusivu\/news\/paatoimittaja-ja-art-director-on-valittu\/#primaryimage\",\"url\":\"http:\/\/turunky.fi\/wordpress\/wp-content\/uploads\/2015\/12\/kyliste-logo.jpg\",\"contentUrl\":\"http:\/\/turunky.fi\/wordpress\/wp-content\/uploads\/2015\/12\/kyliste-logo.jpg\"},{\"@type\":\"BreadcrumbList\",\"@id\":\"https:\/\/www.tuky.fi\/etusivu\/news\/paatoimittaja-ja-art-director-on-valittu\/#breadcrumb\",\"itemListElement\":[{\"@type\":\"ListItem\",\"position\":1,\"name\":\"Etusivu\",\"item\":\"https:\/\/www.tuky.fi\/etusivu\/\"},{\"@type\":\"ListItem\",\"position\":2,\"name\":\"P\u00e4\u00e4toimittaja ja Art Director on valittu!\"}]},{\"@type\":\"WebSite\",\"@id\":\"https:\/\/www.tuky.fi\/etusivu\/#website\",\"url\":\"https:\/\/www.tuky.fi\/etusivu\/\",\"name\":\"Turun KY\",\"description\":\"TuKY\",\"publisher\":{\"@id\":\"https:\/\/www.tuky.fi\/etusivu\/#organization\"},\"alternateName\":\"TuKY\",\"potentialAction\":[{\"@type\":\"SearchAction\",\"target\":{\"@type\":\"EntryPoint\",\"urlTemplate\":\"https:\/\/www.tuky.fi\/etusivu\/?s={search_term_string}\"},\"query-input\":{\"@type\":\"PropertyValueSpecification\",\"valueRequired\":true,\"valueName\":\"search_term_string\"}}],\"inLanguage\":\"fi\"},{\"@type\":\"Organization\",\"@id\":\"https:\/\/www.tuky.fi\/etusivu\/#organization\",\"name\":\"Turun KY\",\"alternateName\":\"TuKY\",\"url\":\"https:\/\/www.tuky.fi\/etusivu\/\",\"logo\":{\"@type\":\"ImageObject\",\"inLanguage\":\"fi\",\"@id\":\"https:\/\/www.tuky.fi\/etusivu\/#\/schema\/logo\/image\/\",\"url\":\"https:\/\/www.tuky.fi\/wp-content\/uploads\/2024\/09\/TuKY-logo-kulta-1.png\",\"contentUrl\":\"https:\/\/www.tuky.fi\/wp-content\/uploads\/2024\/09\/TuKY-logo-kulta-1.png\",\"width\":1080,\"height\":1080,\"caption\":\"Turun KY\"},\"image\":{\"@id\":\"https:\/\/www.tuky.fi\/etusivu\/#\/schema\/logo\/image\/\"},\"sameAs\":[\"https:\/\/instagram.com\/turunky\",\"https:\/\/linkedin.com\/turunky\"]},{\"@type\":\"Person\",\"@id\":\"https:\/\/www.tuky.fi\/etusivu\/#\/schema\/person\/479eb0d4ef732e133e3a76f9b7659a39\",\"name\":\"admin\",\"image\":{\"@type\":\"ImageObject\",\"inLanguage\":\"fi\",\"@id\":\"https:\/\/secure.gravatar.com\/avatar\/afbe741656101229147e16716fbedbcade65018caf8c467f89b9abae7aaffeea?s=96&d=mm&r=g\",\"url\":\"https:\/\/secure.gravatar.com\/avatar\/afbe741656101229147e16716fbedbcade65018caf8c467f89b9abae7aaffeea?s=96&d=mm&r=g\",\"contentUrl\":\"https:\/\/secure.gravatar.com\/avatar\/afbe741656101229147e16716fbedbcade65018caf8c467f89b9abae7aaffeea?s=96&d=mm&r=g\",\"caption\":\"admin\"},\"url\":\"https:\/\/www.tuky.fi\/etusivu\/author\/admin\/\"}]}<\/script>\n<!-- \/ Yoast SEO plugin. -->","yoast_head_json":{"title":"P\u00e4\u00e4toimittaja ja Art Director on valittu! - Turun KY","robots":{"index":"index","follow":"follow","max-snippet":"max-snippet:-1","max-image-preview":"max-image-preview:large","max-video-preview":"max-video-preview:-1"},"canonical":"https:\/\/www.tuky.fi\/etusivu\/news\/paatoimittaja-ja-art-director-on-valittu\/","og_locale":"fi_FI","og_type":"article","og_title":"P\u00e4\u00e4toimittaja ja Art Director on valittu! - Turun KY","og_description":"&nbsp; Henna Kainulainen, P\u00e4\u00e4toimittaja &#8221;Well hello there, olen Henna Kainulainen, 21-vuotias Kotkan kasvatti ja monessa liemess\u00e4 keitetty nykyinen turkulainen. Opiskelen nyt toista vuotta p\u00e4\u00e4aineenani markkinointi, enk\u00e4 malta odottaa, ett\u00e4 p\u00e4\u00e4sen [&hellip;]","og_url":"https:\/\/www.tuky.fi\/etusivu\/news\/paatoimittaja-ja-art-director-on-valittu\/","og_site_name":"Turun KY","article_published_time":"2015-12-03T15:43:59+00:00","og_image":[{"url":"http:\/\/turunky.fi\/wordpress\/wp-content\/uploads\/2015\/12\/kyliste-logo.jpg","type":"","width":"","height":""}],"author":"admin","twitter_card":"summary_large_image","twitter_misc":{"Kirjoittanut":"admin","Arvioitu lukuaika":"1 minuutti"},"schema":{"@context":"https:\/\/schema.org","@graph":[{"@type":"Article","@id":"https:\/\/www.tuky.fi\/etusivu\/news\/paatoimittaja-ja-art-director-on-valittu\/#article","isPartOf":{"@id":"https:\/\/www.tuky.fi\/etusivu\/news\/paatoimittaja-ja-art-director-on-valittu\/"},"author":{"name":"admin","@id":"https:\/\/www.tuky.fi\/etusivu\/#\/schema\/person\/479eb0d4ef732e133e3a76f9b7659a39"},"headline":"P\u00e4\u00e4toimittaja ja Art Director on valittu!","datePublished":"2015-12-03T15:43:59+00:00","mainEntityOfPage":{"@id":"https:\/\/www.tuky.fi\/etusivu\/news\/paatoimittaja-ja-art-director-on-valittu\/"},"wordCount":275,"commentCount":0,"publisher":{"@id":"https:\/\/www.tuky.fi\/etusivu\/#organization"},"image":{"@id":"https:\/\/www.tuky.fi\/etusivu\/news\/paatoimittaja-ja-art-director-on-valittu\/#primaryimage"},"thumbnailUrl":"http:\/\/turunky.fi\/wordpress\/wp-content\/uploads\/2015\/12\/kyliste-logo.jpg","articleSection":["news"],"inLanguage":"fi","potentialAction":[{"@type":"CommentAction","name":"Comment","target":["https:\/\/www.tuky.fi\/etusivu\/news\/paatoimittaja-ja-art-director-on-valittu\/#respond"]}]},{"@type":"WebPage","@id":"https:\/\/www.tuky.fi\/etusivu\/news\/paatoimittaja-ja-art-director-on-valittu\/","url":"https:\/\/www.tuky.fi\/etusivu\/news\/paatoimittaja-ja-art-director-on-valittu\/","name":"P\u00e4\u00e4toimittaja ja Art Director on valittu! - Turun KY","isPartOf":{"@id":"https:\/\/www.tuky.fi\/etusivu\/#website"},"primaryImageOfPage":{"@id":"https:\/\/www.tuky.fi\/etusivu\/news\/paatoimittaja-ja-art-director-on-valittu\/#primaryimage"},"image":{"@id":"https:\/\/www.tuky.fi\/etusivu\/news\/paatoimittaja-ja-art-director-on-valittu\/#primaryimage"},"thumbnailUrl":"http:\/\/turunky.fi\/wordpress\/wp-content\/uploads\/2015\/12\/kyliste-logo.jpg","datePublished":"2015-12-03T15:43:59+00:00","breadcrumb":{"@id":"https:\/\/www.tuky.fi\/etusivu\/news\/paatoimittaja-ja-art-director-on-valittu\/#breadcrumb"},"inLanguage":"fi","potentialAction":[{"@type":"ReadAction","target":["https:\/\/www.tuky.fi\/etusivu\/news\/paatoimittaja-ja-art-director-on-valittu\/"]}]},{"@type":"ImageObject","inLanguage":"fi","@id":"https:\/\/www.tuky.fi\/etusivu\/news\/paatoimittaja-ja-art-director-on-valittu\/#primaryimage","url":"http:\/\/turunky.fi\/wordpress\/wp-content\/uploads\/2015\/12\/kyliste-logo.jpg","contentUrl":"http:\/\/turunky.fi\/wordpress\/wp-content\/uploads\/2015\/12\/kyliste-logo.jpg"},{"@type":"BreadcrumbList","@id":"https:\/\/www.tuky.fi\/etusivu\/news\/paatoimittaja-ja-art-director-on-valittu\/#breadcrumb","itemListElement":[{"@type":"ListItem","position":1,"name":"Etusivu","item":"https:\/\/www.tuky.fi\/etusivu\/"},{"@type":"ListItem","position":2,"name":"P\u00e4\u00e4toimittaja ja Art Director on valittu!"}]},{"@type":"WebSite","@id":"https:\/\/www.tuky.fi\/etusivu\/#website","url":"https:\/\/www.tuky.fi\/etusivu\/","name":"Turun KY","description":"TuKY","publisher":{"@id":"https:\/\/www.tuky.fi\/etusivu\/#organization"},"alternateName":"TuKY","potentialAction":[{"@type":"SearchAction","target":{"@type":"EntryPoint","urlTemplate":"https:\/\/www.tuky.fi\/etusivu\/?s={search_term_string}"},"query-input":{"@type":"PropertyValueSpecification","valueRequired":true,"valueName":"search_term_string"}}],"inLanguage":"fi"},{"@type":"Organization","@id":"https:\/\/www.tuky.fi\/etusivu\/#organization","name":"Turun KY","alternateName":"TuKY","url":"https:\/\/www.tuky.fi\/etusivu\/","logo":{"@type":"ImageObject","inLanguage":"fi","@id":"https:\/\/www.tuky.fi\/etusivu\/#\/schema\/logo\/image\/","url":"https:\/\/www.tuky.fi\/wp-content\/uploads\/2024\/09\/TuKY-logo-kulta-1.png","contentUrl":"https:\/\/www.tuky.fi\/wp-content\/uploads\/2024\/09\/TuKY-logo-kulta-1.png","width":1080,"height":1080,"caption":"Turun KY"},"image":{"@id":"https:\/\/www.tuky.fi\/etusivu\/#\/schema\/logo\/image\/"},"sameAs":["https:\/\/instagram.com\/turunky","https:\/\/linkedin.com\/turunky"]},{"@type":"Person","@id":"https:\/\/www.tuky.fi\/etusivu\/#\/schema\/person\/479eb0d4ef732e133e3a76f9b7659a39","name":"admin","image":{"@type":"ImageObject","inLanguage":"fi","@id":"https:\/\/secure.gravatar.com\/avatar\/afbe741656101229147e16716fbedbcade65018caf8c467f89b9abae7aaffeea?s=96&d=mm&r=g","url":"https:\/\/secure.gravatar.com\/avatar\/afbe741656101229147e16716fbedbcade65018caf8c467f89b9abae7aaffeea?s=96&d=mm&r=g","contentUrl":"https:\/\/secure.gravatar.com\/avatar\/afbe741656101229147e16716fbedbcade65018caf8c467f89b9abae7aaffeea?s=96&d=mm&r=g","caption":"admin"},"url":"https:\/\/www.tuky.fi\/etusivu\/author\/admin\/"}]}},"lang":"fi","translations":{"fi":16806},"pll_sync_post":[],"_links":{"self":[{"href":"https:\/\/www.tuky.fi\/etusivu\/wp-json\/wp\/v2\/posts\/16806","targetHints":{"allow":["GET"]}}],"collection":[{"href":"https:\/\/www.tuky.fi\/etusivu\/wp-json\/wp\/v2\/posts"}],"about":[{"href":"https:\/\/www.tuky.fi\/etusivu\/wp-json\/wp\/v2\/types\/post"}],"author":[{"embeddable":true,"href":"https:\/\/www.tuky.fi\/etusivu\/wp-json\/wp\/v2\/users\/1"}],"replies":[{"embeddable":true,"href":"https:\/\/www.tuky.fi\/etusivu\/wp-json\/wp\/v2\/comments?post=16806"}],"version-history":[{"count":0,"href":"https:\/\/www.tuky.fi\/etusivu\/wp-json\/wp\/v2\/posts\/16806\/revisions"}],"wp:attachment":[{"href":"https:\/\/www.tuky.fi\/etusivu\/wp-json\/wp\/v2\/media?parent=16806"}],"wp:term":[{"taxonomy":"category","embeddable":true,"href":"https:\/\/www.tuky.fi\/etusivu\/wp-json\/wp\/v2\/categories?post=16806"},{"taxonomy":"post_tag","embeddable":true,"href":"https:\/\/www.tuky.fi\/etusivu\/wp-json\/wp\/v2\/tags?post=16806"}],"curies":[{"name":"wp","href":"https:\/\/api.w.org\/{rel}","templated":true}]}}