{"id":16745,"date":"2015-11-25T09:43:25","date_gmt":"2015-11-25T07:43:25","guid":{"rendered":"http:\/\/turunky.fi\/?p=16745"},"modified":"2015-11-25T09:43:25","modified_gmt":"2015-11-25T07:43:25","slug":"turun-kylle-on-valittu-uusi-hallitus-vuodelle-2016","status":"publish","type":"post","link":"https:\/\/www.tuky.fi\/etusivu\/news\/turun-kylle-on-valittu-uusi-hallitus-vuodelle-2016\/","title":{"rendered":"Turun KY:lle on valittu uusi hallitus vuodelle 2016"},"content":{"rendered":"<p class=\"theme-header\">Yhdistyksen s\u00e4\u00e4nt\u00f6m\u00e4\u00e4r\u00e4inen syyskokous j\u00e4rjestettiin kauppakorkeakoululla Montussa 17.11.2015. S\u00e4\u00e4nt\u00f6m\u00e4\u00e4r\u00e4isess\u00e4 syyskokouksessa hyv\u00e4ksyttiin muun muassa yhdistyksen talousarvio ja toimintasuunnitelma vuodelle 2016.<\/p>\n<p>Yhdistys valitsi my\u00f6s hallituksen vuodelle 2016. Uudeksi puheenjohtajaksi yhdistykselle valittiin\u00a0<strong>Paula Peltomaa<\/strong>.<\/p>\n<p>Paula\u00a0sai rinnalleen\u00a0<strong>10<\/strong>\u00a0hallituksen j\u00e4sent\u00e4.<\/p>\n<p><a href=\"http:\/\/turunky.fi\/wordpress\/wp-content\/uploads\/2015\/11\/h16.png\"><img loading=\"lazy\" decoding=\"async\" class=\"aligncenter wp-image-16748 size-medium\" src=\"http:\/\/turunky.fi\/wordpress\/wp-content\/uploads\/2015\/11\/h16-300x300.png\" alt=\"h16\" width=\"300\" height=\"300\" \/><\/a><\/p>\n<p>Puheenjohtaja &#8211; Paula Peltomaa<br \/>\nVarapuheenjohtaja &#8211; Santeri Kangas<br \/>\nKoulutuspoliittinen vastaava &#8211; Oula Huttunen<span class=\"text_exposed_show\"><br \/>\nSosiaalipoliittinen vastaava &#8211; Inka Helaniemi<br \/>\nViestint\u00e4vastaava &#8211; Anna Nukarinen<br \/>\nKulttuuri- ja perinnevastaava &#8211; Eveliina Mauno<br \/>\nKuntamestari &#8211; Ilkka Laustola<br \/>\nVapaa-ajan vastaava &#8211; Kristian Raitio<br \/>\nLiikuntavastaava &#8211; Henri M\u00e4kivirta<br \/>\nNESU-vastaava &#8211; Iina Lappalainen<br \/>\nKansainv\u00e4listen asioiden vastaava &#8211; Minna Goyal<\/span><\/p>\n<p>Turun KY:n hallitus 2015 onnittelee uutta hallitusta ja kiitt\u00e4\u00e4 aktiivista j\u00e4senist\u00f6\u00e4 hyv\u00e4st\u00e4 ja eritt\u00e4in tehokkaasta syyskokouksesta!<\/p>\n","protected":false},"excerpt":{"rendered":"<p>Yhdistyksen s\u00e4\u00e4nt\u00f6m\u00e4\u00e4r\u00e4inen syyskokous j\u00e4rjestettiin kauppakorkeakoululla Montussa 17.11.2015. S\u00e4\u00e4nt\u00f6m\u00e4\u00e4r\u00e4isess\u00e4 syyskokouksessa hyv\u00e4ksyttiin muun muassa yhdistyksen talousarvio ja toimintasuunnitelma vuodelle 2016. Yhdistys valitsi my\u00f6s hallituksen vuodelle 2016. Uudeksi puheenjohtajaksi yhdistykselle valittiin\u00a0Paula Peltomaa. Paula\u00a0sai [&hellip;]<\/p>\n","protected":false},"author":1,"featured_media":0,"comment_status":"open","ping_status":"open","sticky":false,"template":"","format":"standard","meta":{"_et_pb_use_builder":"","_et_pb_old_content":"","_et_gb_content_width":"","footnotes":""},"categories":[4],"tags":[],"class_list":["post-16745","post","type-post","status-publish","format-standard","hentry","category-news"],"yoast_head":"<!-- This site is optimized with the Yoast SEO plugin v27.2 - https:\/\/yoast.com\/product\/yoast-seo-wordpress\/ -->\n<title>Turun KY:lle on valittu uusi hallitus vuodelle 2016 - Turun KY<\/title>\n<meta name=\"robots\" content=\"index, follow, max-snippet:-1, max-image-preview:large, max-video-preview:-1\" \/>\n<link rel=\"canonical\" href=\"https:\/\/www.tuky.fi\/etusivu\/news\/turun-kylle-on-valittu-uusi-hallitus-vuodelle-2016\/\" \/>\n<meta property=\"og:locale\" content=\"fi_FI\" \/>\n<meta property=\"og:type\" content=\"article\" \/>\n<meta property=\"og:title\" content=\"Turun KY:lle on valittu uusi hallitus vuodelle 2016 - Turun KY\" \/>\n<meta property=\"og:description\" content=\"Yhdistyksen s\u00e4\u00e4nt\u00f6m\u00e4\u00e4r\u00e4inen syyskokous j\u00e4rjestettiin kauppakorkeakoululla Montussa 17.11.2015. S\u00e4\u00e4nt\u00f6m\u00e4\u00e4r\u00e4isess\u00e4 syyskokouksessa hyv\u00e4ksyttiin muun muassa yhdistyksen talousarvio ja toimintasuunnitelma vuodelle 2016. Yhdistys valitsi my\u00f6s hallituksen vuodelle 2016. Uudeksi puheenjohtajaksi yhdistykselle valittiin\u00a0Paula Peltomaa. Paula\u00a0sai [&hellip;]\" \/>\n<meta property=\"og:url\" content=\"https:\/\/www.tuky.fi\/etusivu\/news\/turun-kylle-on-valittu-uusi-hallitus-vuodelle-2016\/\" \/>\n<meta property=\"og:site_name\" content=\"Turun KY\" \/>\n<meta property=\"article:published_time\" content=\"2015-11-25T07:43:25+00:00\" \/>\n<meta property=\"og:image\" content=\"http:\/\/turunky.fi\/wordpress\/wp-content\/uploads\/2015\/11\/h16-300x300.png\" \/>\n<meta name=\"author\" content=\"admin\" \/>\n<meta name=\"twitter:card\" content=\"summary_large_image\" \/>\n<meta name=\"twitter:label1\" content=\"Kirjoittanut\" \/>\n\t<meta name=\"twitter:data1\" content=\"admin\" \/>\n\t<meta name=\"twitter:label2\" content=\"Arvioitu lukuaika\" \/>\n\t<meta name=\"twitter:data2\" content=\"1 minuutti\" \/>\n<script type=\"application\/ld+json\" class=\"yoast-schema-graph\">{\"@context\":\"https:\/\/schema.org\",\"@graph\":[{\"@type\":\"Article\",\"@id\":\"https:\/\/www.tuky.fi\/etusivu\/news\/turun-kylle-on-valittu-uusi-hallitus-vuodelle-2016\/#article\",\"isPartOf\":{\"@id\":\"https:\/\/www.tuky.fi\/etusivu\/news\/turun-kylle-on-valittu-uusi-hallitus-vuodelle-2016\/\"},\"author\":{\"name\":\"admin\",\"@id\":\"https:\/\/www.tuky.fi\/etusivu\/#\/schema\/person\/479eb0d4ef732e133e3a76f9b7659a39\"},\"headline\":\"Turun KY:lle on valittu uusi hallitus vuodelle 2016\",\"datePublished\":\"2015-11-25T07:43:25+00:00\",\"mainEntityOfPage\":{\"@id\":\"https:\/\/www.tuky.fi\/etusivu\/news\/turun-kylle-on-valittu-uusi-hallitus-vuodelle-2016\/\"},\"wordCount\":125,\"commentCount\":0,\"publisher\":{\"@id\":\"https:\/\/www.tuky.fi\/etusivu\/#organization\"},\"image\":{\"@id\":\"https:\/\/www.tuky.fi\/etusivu\/news\/turun-kylle-on-valittu-uusi-hallitus-vuodelle-2016\/#primaryimage\"},\"thumbnailUrl\":\"http:\/\/turunky.fi\/wordpress\/wp-content\/uploads\/2015\/11\/h16-300x300.png\",\"articleSection\":[\"news\"],\"inLanguage\":\"fi\",\"potentialAction\":[{\"@type\":\"CommentAction\",\"name\":\"Comment\",\"target\":[\"https:\/\/www.tuky.fi\/etusivu\/news\/turun-kylle-on-valittu-uusi-hallitus-vuodelle-2016\/#respond\"]}]},{\"@type\":\"WebPage\",\"@id\":\"https:\/\/www.tuky.fi\/etusivu\/news\/turun-kylle-on-valittu-uusi-hallitus-vuodelle-2016\/\",\"url\":\"https:\/\/www.tuky.fi\/etusivu\/news\/turun-kylle-on-valittu-uusi-hallitus-vuodelle-2016\/\",\"name\":\"Turun KY:lle on valittu uusi hallitus vuodelle 2016 - Turun KY\",\"isPartOf\":{\"@id\":\"https:\/\/www.tuky.fi\/etusivu\/#website\"},\"primaryImageOfPage\":{\"@id\":\"https:\/\/www.tuky.fi\/etusivu\/news\/turun-kylle-on-valittu-uusi-hallitus-vuodelle-2016\/#primaryimage\"},\"image\":{\"@id\":\"https:\/\/www.tuky.fi\/etusivu\/news\/turun-kylle-on-valittu-uusi-hallitus-vuodelle-2016\/#primaryimage\"},\"thumbnailUrl\":\"http:\/\/turunky.fi\/wordpress\/wp-content\/uploads\/2015\/11\/h16-300x300.png\",\"datePublished\":\"2015-11-25T07:43:25+00:00\",\"breadcrumb\":{\"@id\":\"https:\/\/www.tuky.fi\/etusivu\/news\/turun-kylle-on-valittu-uusi-hallitus-vuodelle-2016\/#breadcrumb\"},\"inLanguage\":\"fi\",\"potentialAction\":[{\"@type\":\"ReadAction\",\"target\":[\"https:\/\/www.tuky.fi\/etusivu\/news\/turun-kylle-on-valittu-uusi-hallitus-vuodelle-2016\/\"]}]},{\"@type\":\"ImageObject\",\"inLanguage\":\"fi\",\"@id\":\"https:\/\/www.tuky.fi\/etusivu\/news\/turun-kylle-on-valittu-uusi-hallitus-vuodelle-2016\/#primaryimage\",\"url\":\"http:\/\/turunky.fi\/wordpress\/wp-content\/uploads\/2015\/11\/h16-300x300.png\",\"contentUrl\":\"http:\/\/turunky.fi\/wordpress\/wp-content\/uploads\/2015\/11\/h16-300x300.png\"},{\"@type\":\"BreadcrumbList\",\"@id\":\"https:\/\/www.tuky.fi\/etusivu\/news\/turun-kylle-on-valittu-uusi-hallitus-vuodelle-2016\/#breadcrumb\",\"itemListElement\":[{\"@type\":\"ListItem\",\"position\":1,\"name\":\"Etusivu\",\"item\":\"https:\/\/www.tuky.fi\/etusivu\/\"},{\"@type\":\"ListItem\",\"position\":2,\"name\":\"Turun KY:lle on valittu uusi hallitus vuodelle 2016\"}]},{\"@type\":\"WebSite\",\"@id\":\"https:\/\/www.tuky.fi\/etusivu\/#website\",\"url\":\"https:\/\/www.tuky.fi\/etusivu\/\",\"name\":\"Turun KY\",\"description\":\"TuKY\",\"publisher\":{\"@id\":\"https:\/\/www.tuky.fi\/etusivu\/#organization\"},\"alternateName\":\"TuKY\",\"potentialAction\":[{\"@type\":\"SearchAction\",\"target\":{\"@type\":\"EntryPoint\",\"urlTemplate\":\"https:\/\/www.tuky.fi\/etusivu\/?s={search_term_string}\"},\"query-input\":{\"@type\":\"PropertyValueSpecification\",\"valueRequired\":true,\"valueName\":\"search_term_string\"}}],\"inLanguage\":\"fi\"},{\"@type\":\"Organization\",\"@id\":\"https:\/\/www.tuky.fi\/etusivu\/#organization\",\"name\":\"Turun KY\",\"alternateName\":\"TuKY\",\"url\":\"https:\/\/www.tuky.fi\/etusivu\/\",\"logo\":{\"@type\":\"ImageObject\",\"inLanguage\":\"fi\",\"@id\":\"https:\/\/www.tuky.fi\/etusivu\/#\/schema\/logo\/image\/\",\"url\":\"https:\/\/www.tuky.fi\/wp-content\/uploads\/2024\/09\/TuKY-logo-kulta-1.png\",\"contentUrl\":\"https:\/\/www.tuky.fi\/wp-content\/uploads\/2024\/09\/TuKY-logo-kulta-1.png\",\"width\":1080,\"height\":1080,\"caption\":\"Turun KY\"},\"image\":{\"@id\":\"https:\/\/www.tuky.fi\/etusivu\/#\/schema\/logo\/image\/\"},\"sameAs\":[\"https:\/\/instagram.com\/turunky\",\"https:\/\/linkedin.com\/turunky\"]},{\"@type\":\"Person\",\"@id\":\"https:\/\/www.tuky.fi\/etusivu\/#\/schema\/person\/479eb0d4ef732e133e3a76f9b7659a39\",\"name\":\"admin\",\"image\":{\"@type\":\"ImageObject\",\"inLanguage\":\"fi\",\"@id\":\"https:\/\/secure.gravatar.com\/avatar\/afbe741656101229147e16716fbedbcade65018caf8c467f89b9abae7aaffeea?s=96&d=mm&r=g\",\"url\":\"https:\/\/secure.gravatar.com\/avatar\/afbe741656101229147e16716fbedbcade65018caf8c467f89b9abae7aaffeea?s=96&d=mm&r=g\",\"contentUrl\":\"https:\/\/secure.gravatar.com\/avatar\/afbe741656101229147e16716fbedbcade65018caf8c467f89b9abae7aaffeea?s=96&d=mm&r=g\",\"caption\":\"admin\"},\"url\":\"https:\/\/www.tuky.fi\/etusivu\/author\/admin\/\"}]}<\/script>\n<!-- \/ Yoast SEO plugin. -->","yoast_head_json":{"title":"Turun KY:lle on valittu uusi hallitus vuodelle 2016 - Turun KY","robots":{"index":"index","follow":"follow","max-snippet":"max-snippet:-1","max-image-preview":"max-image-preview:large","max-video-preview":"max-video-preview:-1"},"canonical":"https:\/\/www.tuky.fi\/etusivu\/news\/turun-kylle-on-valittu-uusi-hallitus-vuodelle-2016\/","og_locale":"fi_FI","og_type":"article","og_title":"Turun KY:lle on valittu uusi hallitus vuodelle 2016 - Turun KY","og_description":"Yhdistyksen s\u00e4\u00e4nt\u00f6m\u00e4\u00e4r\u00e4inen syyskokous j\u00e4rjestettiin kauppakorkeakoululla Montussa 17.11.2015. S\u00e4\u00e4nt\u00f6m\u00e4\u00e4r\u00e4isess\u00e4 syyskokouksessa hyv\u00e4ksyttiin muun muassa yhdistyksen talousarvio ja toimintasuunnitelma vuodelle 2016. Yhdistys valitsi my\u00f6s hallituksen vuodelle 2016. Uudeksi puheenjohtajaksi yhdistykselle valittiin\u00a0Paula Peltomaa. Paula\u00a0sai [&hellip;]","og_url":"https:\/\/www.tuky.fi\/etusivu\/news\/turun-kylle-on-valittu-uusi-hallitus-vuodelle-2016\/","og_site_name":"Turun KY","article_published_time":"2015-11-25T07:43:25+00:00","og_image":[{"url":"http:\/\/turunky.fi\/wordpress\/wp-content\/uploads\/2015\/11\/h16-300x300.png","type":"","width":"","height":""}],"author":"admin","twitter_card":"summary_large_image","twitter_misc":{"Kirjoittanut":"admin","Arvioitu lukuaika":"1 minuutti"},"schema":{"@context":"https:\/\/schema.org","@graph":[{"@type":"Article","@id":"https:\/\/www.tuky.fi\/etusivu\/news\/turun-kylle-on-valittu-uusi-hallitus-vuodelle-2016\/#article","isPartOf":{"@id":"https:\/\/www.tuky.fi\/etusivu\/news\/turun-kylle-on-valittu-uusi-hallitus-vuodelle-2016\/"},"author":{"name":"admin","@id":"https:\/\/www.tuky.fi\/etusivu\/#\/schema\/person\/479eb0d4ef732e133e3a76f9b7659a39"},"headline":"Turun KY:lle on valittu uusi hallitus vuodelle 2016","datePublished":"2015-11-25T07:43:25+00:00","mainEntityOfPage":{"@id":"https:\/\/www.tuky.fi\/etusivu\/news\/turun-kylle-on-valittu-uusi-hallitus-vuodelle-2016\/"},"wordCount":125,"commentCount":0,"publisher":{"@id":"https:\/\/www.tuky.fi\/etusivu\/#organization"},"image":{"@id":"https:\/\/www.tuky.fi\/etusivu\/news\/turun-kylle-on-valittu-uusi-hallitus-vuodelle-2016\/#primaryimage"},"thumbnailUrl":"http:\/\/turunky.fi\/wordpress\/wp-content\/uploads\/2015\/11\/h16-300x300.png","articleSection":["news"],"inLanguage":"fi","potentialAction":[{"@type":"CommentAction","name":"Comment","target":["https:\/\/www.tuky.fi\/etusivu\/news\/turun-kylle-on-valittu-uusi-hallitus-vuodelle-2016\/#respond"]}]},{"@type":"WebPage","@id":"https:\/\/www.tuky.fi\/etusivu\/news\/turun-kylle-on-valittu-uusi-hallitus-vuodelle-2016\/","url":"https:\/\/www.tuky.fi\/etusivu\/news\/turun-kylle-on-valittu-uusi-hallitus-vuodelle-2016\/","name":"Turun KY:lle on valittu uusi hallitus vuodelle 2016 - Turun KY","isPartOf":{"@id":"https:\/\/www.tuky.fi\/etusivu\/#website"},"primaryImageOfPage":{"@id":"https:\/\/www.tuky.fi\/etusivu\/news\/turun-kylle-on-valittu-uusi-hallitus-vuodelle-2016\/#primaryimage"},"image":{"@id":"https:\/\/www.tuky.fi\/etusivu\/news\/turun-kylle-on-valittu-uusi-hallitus-vuodelle-2016\/#primaryimage"},"thumbnailUrl":"http:\/\/turunky.fi\/wordpress\/wp-content\/uploads\/2015\/11\/h16-300x300.png","datePublished":"2015-11-25T07:43:25+00:00","breadcrumb":{"@id":"https:\/\/www.tuky.fi\/etusivu\/news\/turun-kylle-on-valittu-uusi-hallitus-vuodelle-2016\/#breadcrumb"},"inLanguage":"fi","potentialAction":[{"@type":"ReadAction","target":["https:\/\/www.tuky.fi\/etusivu\/news\/turun-kylle-on-valittu-uusi-hallitus-vuodelle-2016\/"]}]},{"@type":"ImageObject","inLanguage":"fi","@id":"https:\/\/www.tuky.fi\/etusivu\/news\/turun-kylle-on-valittu-uusi-hallitus-vuodelle-2016\/#primaryimage","url":"http:\/\/turunky.fi\/wordpress\/wp-content\/uploads\/2015\/11\/h16-300x300.png","contentUrl":"http:\/\/turunky.fi\/wordpress\/wp-content\/uploads\/2015\/11\/h16-300x300.png"},{"@type":"BreadcrumbList","@id":"https:\/\/www.tuky.fi\/etusivu\/news\/turun-kylle-on-valittu-uusi-hallitus-vuodelle-2016\/#breadcrumb","itemListElement":[{"@type":"ListItem","position":1,"name":"Etusivu","item":"https:\/\/www.tuky.fi\/etusivu\/"},{"@type":"ListItem","position":2,"name":"Turun KY:lle on valittu uusi hallitus vuodelle 2016"}]},{"@type":"WebSite","@id":"https:\/\/www.tuky.fi\/etusivu\/#website","url":"https:\/\/www.tuky.fi\/etusivu\/","name":"Turun KY","description":"TuKY","publisher":{"@id":"https:\/\/www.tuky.fi\/etusivu\/#organization"},"alternateName":"TuKY","potentialAction":[{"@type":"SearchAction","target":{"@type":"EntryPoint","urlTemplate":"https:\/\/www.tuky.fi\/etusivu\/?s={search_term_string}"},"query-input":{"@type":"PropertyValueSpecification","valueRequired":true,"valueName":"search_term_string"}}],"inLanguage":"fi"},{"@type":"Organization","@id":"https:\/\/www.tuky.fi\/etusivu\/#organization","name":"Turun KY","alternateName":"TuKY","url":"https:\/\/www.tuky.fi\/etusivu\/","logo":{"@type":"ImageObject","inLanguage":"fi","@id":"https:\/\/www.tuky.fi\/etusivu\/#\/schema\/logo\/image\/","url":"https:\/\/www.tuky.fi\/wp-content\/uploads\/2024\/09\/TuKY-logo-kulta-1.png","contentUrl":"https:\/\/www.tuky.fi\/wp-content\/uploads\/2024\/09\/TuKY-logo-kulta-1.png","width":1080,"height":1080,"caption":"Turun KY"},"image":{"@id":"https:\/\/www.tuky.fi\/etusivu\/#\/schema\/logo\/image\/"},"sameAs":["https:\/\/instagram.com\/turunky","https:\/\/linkedin.com\/turunky"]},{"@type":"Person","@id":"https:\/\/www.tuky.fi\/etusivu\/#\/schema\/person\/479eb0d4ef732e133e3a76f9b7659a39","name":"admin","image":{"@type":"ImageObject","inLanguage":"fi","@id":"https:\/\/secure.gravatar.com\/avatar\/afbe741656101229147e16716fbedbcade65018caf8c467f89b9abae7aaffeea?s=96&d=mm&r=g","url":"https:\/\/secure.gravatar.com\/avatar\/afbe741656101229147e16716fbedbcade65018caf8c467f89b9abae7aaffeea?s=96&d=mm&r=g","contentUrl":"https:\/\/secure.gravatar.com\/avatar\/afbe741656101229147e16716fbedbcade65018caf8c467f89b9abae7aaffeea?s=96&d=mm&r=g","caption":"admin"},"url":"https:\/\/www.tuky.fi\/etusivu\/author\/admin\/"}]}},"lang":"fi","translations":{"fi":16745},"pll_sync_post":[],"_links":{"self":[{"href":"https:\/\/www.tuky.fi\/etusivu\/wp-json\/wp\/v2\/posts\/16745","targetHints":{"allow":["GET"]}}],"collection":[{"href":"https:\/\/www.tuky.fi\/etusivu\/wp-json\/wp\/v2\/posts"}],"about":[{"href":"https:\/\/www.tuky.fi\/etusivu\/wp-json\/wp\/v2\/types\/post"}],"author":[{"embeddable":true,"href":"https:\/\/www.tuky.fi\/etusivu\/wp-json\/wp\/v2\/users\/1"}],"replies":[{"embeddable":true,"href":"https:\/\/www.tuky.fi\/etusivu\/wp-json\/wp\/v2\/comments?post=16745"}],"version-history":[{"count":0,"href":"https:\/\/www.tuky.fi\/etusivu\/wp-json\/wp\/v2\/posts\/16745\/revisions"}],"wp:attachment":[{"href":"https:\/\/www.tuky.fi\/etusivu\/wp-json\/wp\/v2\/media?parent=16745"}],"wp:term":[{"taxonomy":"category","embeddable":true,"href":"https:\/\/www.tuky.fi\/etusivu\/wp-json\/wp\/v2\/categories?post=16745"},{"taxonomy":"post_tag","embeddable":true,"href":"https:\/\/www.tuky.fi\/etusivu\/wp-json\/wp\/v2\/tags?post=16745"}],"curies":[{"name":"wp","href":"https:\/\/api.w.org\/{rel}","templated":true}]}}