{"id":16553,"date":"2015-11-10T14:16:06","date_gmt":"2015-11-10T12:16:06","guid":{"rendered":"http:\/\/turunky.fi\/?p=16553"},"modified":"2015-11-10T14:16:06","modified_gmt":"2015-11-10T12:16:06","slug":"kokouskutsu-turun-kyn-syyskokous-17-11-2015-klo-16-15","status":"publish","type":"post","link":"https:\/\/www.tuky.fi\/etusivu\/news\/kokouskutsu-turun-kyn-syyskokous-17-11-2015-klo-16-15\/","title":{"rendered":"KOKOUSKUTSU: Turun KY:n syyskokous 17.11.2015 klo 16.15"},"content":{"rendered":"<p><span style=\"font-family: Verdana, sans-serif;\">Hyv\u00e4 Turun KY:n j\u00e4sen,\u00a0<\/span><\/p>\n<p><span style=\"font-family: Verdana, sans-serif;\">Turun kauppatieteiden ylioppilaat ry pit\u00e4\u00e4 s\u00e4\u00e4nt\u00f6m\u00e4\u00e4r\u00e4isen syyskokouksensa\u00a0<\/span><span style=\"font-family: Verdana, sans-serif;\"><b>tiistaina 17.11.2015 klo 16.15 ravintola Montussa.<\/b><\/span><span style=\"font-family: Verdana, sans-serif;\">\u00a0<\/span><span style=\"font-family: Verdana, sans-serif;\">Yhdistyksess\u00e4 ylint\u00e4 p\u00e4\u00e4t\u00f6svaltaa k\u00e4ytt\u00e4\u00e4 yhdistyksen kokous. Kokouksessa \u00e4\u00e4nivaltaisia ovat kaikki yhdistyksen varsinaiset j\u00e4senet.\u00a0<\/span><span style=\"font-family: Verdana, sans-serif;\"><b>Omaa \u00e4\u00e4nioikeutta voi k\u00e4ytt\u00e4\u00e4 vain paikan p\u00e4\u00e4ll\u00e4 kokouksessa.\u00a0<\/b><\/span><\/p>\n<p><span style=\"font-family: Verdana, sans-serif;\">Kokouksessa esitet\u00e4\u00e4n hyv\u00e4ksytt\u00e4v\u00e4ksi vuoden 2016 toimintasuunnitelma ja talousarvio. Lis\u00e4ksi hallitus esitt\u00e4\u00e4 hyv\u00e4ksytt\u00e4v\u00e4ksi kunniaseuran kokoonpanoa. Asiakirjat ovat liitteen\u00e4\u00a0s\u00e4hk\u00f6postikokouskutsussa sek\u00e4 Turun KY:n nettisivuilla t\u00e4m\u00e4n kutsun lopussa<\/span><span style=\"font-family: Verdana, sans-serif;\">.\u00a0<\/span><\/p>\n<p><span style=\"font-family: Verdana, sans-serif;\">Syyskokouksessa valitaan my\u00f6s yhdistyksen hallitus vuodelle 2016. Ennakkoon ehdokkaaksi ilmoittautuneet ja heid\u00e4n vastauksensa ennakkokysymyksiin voit lukea Turun KY:n\u00a0<\/span><span style=\"font-family: Verdana, sans-serif;\"><a href=\"http:\/\/turunky.fi\/halva16\/ilmoittautuneet-ehdokkaat\/\" target=\"_blank\">hallitusvalintaportaalista<\/a><\/span><span style=\"font-family: Verdana, sans-serif;\">. Ehdolle voi asettua kuitenkin viel\u00e4 syyskokouksessa sek\u00e4\u00a0<\/span><span style=\"font-family: Verdana, sans-serif;\"><b>maanantaina 16.11. klo 16<\/b>\u00a0<\/span><span style=\"font-family: Verdana, sans-serif;\">Osuuskauppasalissa j\u00e4rjestett\u00e4v\u00e4ss\u00e4 hallitushaastattelussa.\u00a0<\/span><\/p>\n<p><span style=\"font-family: Calibri, sans-serif;\"><span style=\"font-family: Verdana, sans-serif;\">Kokouksen nopeuttamiseksi liitteisiin tulee perehty\u00e4 huolellisesti jo ennen kokousta, ja mahdolliset muutosesitykset ja kysymykset mietti\u00e4 etuk\u00e4teen. Syyskokouksessa ehdokkaiden esitt\u00e4ytymisaika on rajattu tarkoin, mink\u00e4 takia kannustammekin teit\u00e4 esitt\u00e4m\u00e4\u00e4n yleis\u00f6kysymykset ehdokkaille jo maanantaina hallitushaastatteluissa.\u00a0<\/span><\/span><\/p>\n<p><span style=\"font-family: Calibri, sans-serif;\"><span style=\"font-family: Verdana, sans-serif;\">Syyskokouksesta ja hallitushaastattelusta j\u00e4rjestet\u00e4\u00e4n my\u00f6s livestream, jonka linkki jaetaan Turun KY:n\u00a0<\/span><span style=\"font-family: Verdana, sans-serif;\"><a href=\"https:\/\/www.facebook.com\/tukyry\/\" target=\"_blank\">Facebook-sivulla<\/a><\/span><span style=\"font-family: Verdana, sans-serif;\">. Mahdollisuuksien mukaan pyrimme kysym\u00e4\u00e4n hallitushaastattelussa my\u00f6s streamin kautta seuraavien yleis\u00f6kysymyksi\u00e4. T\u00e4st\u00e4 tulee tarkempi ohjeistus Facebookin kautta.\u00a0<\/span><\/span><\/p>\n<div style=\"text-align: justify;\">[separator]<\/div>\n<div style=\"text-align: justify;\">Liitteet:<\/div>\n<div style=\"text-align: justify;\"><a href=\"http:\/\/turunky.fi\/wordpress\/wp-content\/uploads\/2015\/11\/LIITE-1-Turun-KY-talousarvio-2016.pdf\" target=\"_blank\">LIITE 1 &#8211; Turun KY talousarvio 2016<\/a><\/div>\n<div style=\"text-align: justify;\"><a style=\"line-height: 1.5;\" href=\"http:\/\/turunky.fi\/wordpress\/wp-content\/uploads\/2015\/11\/LIITE-2-Toimintasuunnitelma-2016.pdf\" target=\"_blank\">LIITE 2 &#8211; Toimintasuunnitelma 2016<\/a><\/div>\n<div style=\"text-align: justify;\"><span style=\"line-height: 1.5;\"><a href=\"http:\/\/turunky.fi\/wordpress\/wp-content\/uploads\/2015\/11\/LIITE-3-Kunniseuran-kokoonpano-2016.pdf\" target=\"_blank\">LIITE 3 &#8211; Kunniseuran kokoonpano 2016<\/a><\/span><\/div>\n<div style=\"text-align: justify;\"><span style=\"line-height: 1.5;\"><a href=\"http:\/\/turunky.fi\/wordpress\/wp-content\/uploads\/2015\/11\/LIITE-4-Esityslista.pdf\" target=\"_blank\">LIITE 4 &#8211; Esityslista<\/a><\/span><\/div>\n<div style=\"text-align: justify;\">[separator]<\/div>\n<div style=\"text-align: justify;\"><span style=\"font-family: Verdana, sans-serif;\">Tervetuloa!<\/span><\/div>\n<div style=\"text-align: justify;\"><\/div>\n<div style=\"text-align: justify;\">Laura V\u00e4h\u00e4saari<\/div>\n<div style=\"text-align: justify;\">Hallituksen puheenjohtaja<\/div>\n<div style=\"text-align: justify;\">puheenjohtaja@tuky.fi<\/div>\n","protected":false},"excerpt":{"rendered":"<p>Hyv\u00e4 Turun KY:n j\u00e4sen,\u00a0 Turun kauppatieteiden ylioppilaat ry pit\u00e4\u00e4 s\u00e4\u00e4nt\u00f6m\u00e4\u00e4r\u00e4isen syyskokouksensa\u00a0tiistaina 17.11.2015 klo 16.15 ravintola Montussa.\u00a0Yhdistyksess\u00e4 ylint\u00e4 p\u00e4\u00e4t\u00f6svaltaa k\u00e4ytt\u00e4\u00e4 yhdistyksen kokous. Kokouksessa \u00e4\u00e4nivaltaisia ovat kaikki yhdistyksen varsinaiset j\u00e4senet.\u00a0Omaa \u00e4\u00e4nioikeutta voi [&hellip;]<\/p>\n","protected":false},"author":1,"featured_media":0,"comment_status":"open","ping_status":"open","sticky":false,"template":"","format":"standard","meta":{"_et_pb_use_builder":"","_et_pb_old_content":"","_et_gb_content_width":"","footnotes":""},"categories":[4],"tags":[191,135,477,364,10,413,11,264],"class_list":["post-16553","post","type-post","status-publish","format-standard","hentry","category-news","tag-hallitushaku","tag-halva","tag-halvajanna","tag-syyskokous","tag-tuky","tag-tukyh","tag-turunky","tag-yhdistys"],"yoast_head":"<!-- This site is optimized with the Yoast SEO plugin v27.2 - https:\/\/yoast.com\/product\/yoast-seo-wordpress\/ -->\n<title>KOKOUSKUTSU: Turun KY:n syyskokous 17.11.2015 klo 16.15 - Turun KY<\/title>\n<meta name=\"robots\" content=\"index, follow, max-snippet:-1, max-image-preview:large, max-video-preview:-1\" \/>\n<link rel=\"canonical\" href=\"https:\/\/www.tuky.fi\/etusivu\/news\/kokouskutsu-turun-kyn-syyskokous-17-11-2015-klo-16-15\/\" \/>\n<meta property=\"og:locale\" content=\"fi_FI\" \/>\n<meta property=\"og:type\" content=\"article\" \/>\n<meta property=\"og:title\" content=\"KOKOUSKUTSU: Turun KY:n syyskokous 17.11.2015 klo 16.15 - Turun KY\" \/>\n<meta property=\"og:description\" content=\"Hyv\u00e4 Turun KY:n j\u00e4sen,\u00a0 Turun kauppatieteiden ylioppilaat ry pit\u00e4\u00e4 s\u00e4\u00e4nt\u00f6m\u00e4\u00e4r\u00e4isen syyskokouksensa\u00a0tiistaina 17.11.2015 klo 16.15 ravintola Montussa.\u00a0Yhdistyksess\u00e4 ylint\u00e4 p\u00e4\u00e4t\u00f6svaltaa k\u00e4ytt\u00e4\u00e4 yhdistyksen kokous. Kokouksessa \u00e4\u00e4nivaltaisia ovat kaikki yhdistyksen varsinaiset j\u00e4senet.\u00a0Omaa \u00e4\u00e4nioikeutta voi [&hellip;]\" \/>\n<meta property=\"og:url\" content=\"https:\/\/www.tuky.fi\/etusivu\/news\/kokouskutsu-turun-kyn-syyskokous-17-11-2015-klo-16-15\/\" \/>\n<meta property=\"og:site_name\" content=\"Turun KY\" \/>\n<meta property=\"article:published_time\" content=\"2015-11-10T12:16:06+00:00\" \/>\n<meta name=\"author\" content=\"admin\" \/>\n<meta name=\"twitter:card\" content=\"summary_large_image\" \/>\n<meta name=\"twitter:label1\" content=\"Kirjoittanut\" \/>\n\t<meta name=\"twitter:data1\" content=\"admin\" \/>\n\t<meta name=\"twitter:label2\" content=\"Arvioitu lukuaika\" \/>\n\t<meta name=\"twitter:data2\" content=\"1 minuutti\" \/>\n<script type=\"application\/ld+json\" class=\"yoast-schema-graph\">{\"@context\":\"https:\/\/schema.org\",\"@graph\":[{\"@type\":\"Article\",\"@id\":\"https:\/\/www.tuky.fi\/etusivu\/news\/kokouskutsu-turun-kyn-syyskokous-17-11-2015-klo-16-15\/#article\",\"isPartOf\":{\"@id\":\"https:\/\/www.tuky.fi\/etusivu\/news\/kokouskutsu-turun-kyn-syyskokous-17-11-2015-klo-16-15\/\"},\"author\":{\"name\":\"admin\",\"@id\":\"https:\/\/www.tuky.fi\/etusivu\/#\/schema\/person\/479eb0d4ef732e133e3a76f9b7659a39\"},\"headline\":\"KOKOUSKUTSU: Turun KY:n syyskokous 17.11.2015 klo 16.15\",\"datePublished\":\"2015-11-10T12:16:06+00:00\",\"mainEntityOfPage\":{\"@id\":\"https:\/\/www.tuky.fi\/etusivu\/news\/kokouskutsu-turun-kyn-syyskokous-17-11-2015-klo-16-15\/\"},\"wordCount\":228,\"commentCount\":0,\"publisher\":{\"@id\":\"https:\/\/www.tuky.fi\/etusivu\/#organization\"},\"keywords\":[\"hallitushaku\",\"halva\",\"halvaj\u00e4nn\u00e4\",\"syyskokous\",\"tuky\",\"TuKYH\",\"turunky\",\"yhdistys\"],\"articleSection\":[\"news\"],\"inLanguage\":\"fi\",\"potentialAction\":[{\"@type\":\"CommentAction\",\"name\":\"Comment\",\"target\":[\"https:\/\/www.tuky.fi\/etusivu\/news\/kokouskutsu-turun-kyn-syyskokous-17-11-2015-klo-16-15\/#respond\"]}]},{\"@type\":\"WebPage\",\"@id\":\"https:\/\/www.tuky.fi\/etusivu\/news\/kokouskutsu-turun-kyn-syyskokous-17-11-2015-klo-16-15\/\",\"url\":\"https:\/\/www.tuky.fi\/etusivu\/news\/kokouskutsu-turun-kyn-syyskokous-17-11-2015-klo-16-15\/\",\"name\":\"KOKOUSKUTSU: Turun KY:n syyskokous 17.11.2015 klo 16.15 - Turun KY\",\"isPartOf\":{\"@id\":\"https:\/\/www.tuky.fi\/etusivu\/#website\"},\"datePublished\":\"2015-11-10T12:16:06+00:00\",\"breadcrumb\":{\"@id\":\"https:\/\/www.tuky.fi\/etusivu\/news\/kokouskutsu-turun-kyn-syyskokous-17-11-2015-klo-16-15\/#breadcrumb\"},\"inLanguage\":\"fi\",\"potentialAction\":[{\"@type\":\"ReadAction\",\"target\":[\"https:\/\/www.tuky.fi\/etusivu\/news\/kokouskutsu-turun-kyn-syyskokous-17-11-2015-klo-16-15\/\"]}]},{\"@type\":\"BreadcrumbList\",\"@id\":\"https:\/\/www.tuky.fi\/etusivu\/news\/kokouskutsu-turun-kyn-syyskokous-17-11-2015-klo-16-15\/#breadcrumb\",\"itemListElement\":[{\"@type\":\"ListItem\",\"position\":1,\"name\":\"Etusivu\",\"item\":\"https:\/\/www.tuky.fi\/etusivu\/\"},{\"@type\":\"ListItem\",\"position\":2,\"name\":\"KOKOUSKUTSU: Turun KY:n syyskokous 17.11.2015 klo 16.15\"}]},{\"@type\":\"WebSite\",\"@id\":\"https:\/\/www.tuky.fi\/etusivu\/#website\",\"url\":\"https:\/\/www.tuky.fi\/etusivu\/\",\"name\":\"Turun KY\",\"description\":\"TuKY\",\"publisher\":{\"@id\":\"https:\/\/www.tuky.fi\/etusivu\/#organization\"},\"alternateName\":\"TuKY\",\"potentialAction\":[{\"@type\":\"SearchAction\",\"target\":{\"@type\":\"EntryPoint\",\"urlTemplate\":\"https:\/\/www.tuky.fi\/etusivu\/?s={search_term_string}\"},\"query-input\":{\"@type\":\"PropertyValueSpecification\",\"valueRequired\":true,\"valueName\":\"search_term_string\"}}],\"inLanguage\":\"fi\"},{\"@type\":\"Organization\",\"@id\":\"https:\/\/www.tuky.fi\/etusivu\/#organization\",\"name\":\"Turun KY\",\"alternateName\":\"TuKY\",\"url\":\"https:\/\/www.tuky.fi\/etusivu\/\",\"logo\":{\"@type\":\"ImageObject\",\"inLanguage\":\"fi\",\"@id\":\"https:\/\/www.tuky.fi\/etusivu\/#\/schema\/logo\/image\/\",\"url\":\"https:\/\/www.tuky.fi\/wp-content\/uploads\/2024\/09\/TuKY-logo-kulta-1.png\",\"contentUrl\":\"https:\/\/www.tuky.fi\/wp-content\/uploads\/2024\/09\/TuKY-logo-kulta-1.png\",\"width\":1080,\"height\":1080,\"caption\":\"Turun KY\"},\"image\":{\"@id\":\"https:\/\/www.tuky.fi\/etusivu\/#\/schema\/logo\/image\/\"},\"sameAs\":[\"https:\/\/instagram.com\/turunky\",\"https:\/\/linkedin.com\/turunky\"]},{\"@type\":\"Person\",\"@id\":\"https:\/\/www.tuky.fi\/etusivu\/#\/schema\/person\/479eb0d4ef732e133e3a76f9b7659a39\",\"name\":\"admin\",\"image\":{\"@type\":\"ImageObject\",\"inLanguage\":\"fi\",\"@id\":\"https:\/\/secure.gravatar.com\/avatar\/afbe741656101229147e16716fbedbcade65018caf8c467f89b9abae7aaffeea?s=96&d=mm&r=g\",\"url\":\"https:\/\/secure.gravatar.com\/avatar\/afbe741656101229147e16716fbedbcade65018caf8c467f89b9abae7aaffeea?s=96&d=mm&r=g\",\"contentUrl\":\"https:\/\/secure.gravatar.com\/avatar\/afbe741656101229147e16716fbedbcade65018caf8c467f89b9abae7aaffeea?s=96&d=mm&r=g\",\"caption\":\"admin\"},\"url\":\"https:\/\/www.tuky.fi\/etusivu\/author\/admin\/\"}]}<\/script>\n<!-- \/ Yoast SEO plugin. -->","yoast_head_json":{"title":"KOKOUSKUTSU: Turun KY:n syyskokous 17.11.2015 klo 16.15 - Turun KY","robots":{"index":"index","follow":"follow","max-snippet":"max-snippet:-1","max-image-preview":"max-image-preview:large","max-video-preview":"max-video-preview:-1"},"canonical":"https:\/\/www.tuky.fi\/etusivu\/news\/kokouskutsu-turun-kyn-syyskokous-17-11-2015-klo-16-15\/","og_locale":"fi_FI","og_type":"article","og_title":"KOKOUSKUTSU: Turun KY:n syyskokous 17.11.2015 klo 16.15 - Turun KY","og_description":"Hyv\u00e4 Turun KY:n j\u00e4sen,\u00a0 Turun kauppatieteiden ylioppilaat ry pit\u00e4\u00e4 s\u00e4\u00e4nt\u00f6m\u00e4\u00e4r\u00e4isen syyskokouksensa\u00a0tiistaina 17.11.2015 klo 16.15 ravintola Montussa.\u00a0Yhdistyksess\u00e4 ylint\u00e4 p\u00e4\u00e4t\u00f6svaltaa k\u00e4ytt\u00e4\u00e4 yhdistyksen kokous. Kokouksessa \u00e4\u00e4nivaltaisia ovat kaikki yhdistyksen varsinaiset j\u00e4senet.\u00a0Omaa \u00e4\u00e4nioikeutta voi [&hellip;]","og_url":"https:\/\/www.tuky.fi\/etusivu\/news\/kokouskutsu-turun-kyn-syyskokous-17-11-2015-klo-16-15\/","og_site_name":"Turun KY","article_published_time":"2015-11-10T12:16:06+00:00","author":"admin","twitter_card":"summary_large_image","twitter_misc":{"Kirjoittanut":"admin","Arvioitu lukuaika":"1 minuutti"},"schema":{"@context":"https:\/\/schema.org","@graph":[{"@type":"Article","@id":"https:\/\/www.tuky.fi\/etusivu\/news\/kokouskutsu-turun-kyn-syyskokous-17-11-2015-klo-16-15\/#article","isPartOf":{"@id":"https:\/\/www.tuky.fi\/etusivu\/news\/kokouskutsu-turun-kyn-syyskokous-17-11-2015-klo-16-15\/"},"author":{"name":"admin","@id":"https:\/\/www.tuky.fi\/etusivu\/#\/schema\/person\/479eb0d4ef732e133e3a76f9b7659a39"},"headline":"KOKOUSKUTSU: Turun KY:n syyskokous 17.11.2015 klo 16.15","datePublished":"2015-11-10T12:16:06+00:00","mainEntityOfPage":{"@id":"https:\/\/www.tuky.fi\/etusivu\/news\/kokouskutsu-turun-kyn-syyskokous-17-11-2015-klo-16-15\/"},"wordCount":228,"commentCount":0,"publisher":{"@id":"https:\/\/www.tuky.fi\/etusivu\/#organization"},"keywords":["hallitushaku","halva","halvaj\u00e4nn\u00e4","syyskokous","tuky","TuKYH","turunky","yhdistys"],"articleSection":["news"],"inLanguage":"fi","potentialAction":[{"@type":"CommentAction","name":"Comment","target":["https:\/\/www.tuky.fi\/etusivu\/news\/kokouskutsu-turun-kyn-syyskokous-17-11-2015-klo-16-15\/#respond"]}]},{"@type":"WebPage","@id":"https:\/\/www.tuky.fi\/etusivu\/news\/kokouskutsu-turun-kyn-syyskokous-17-11-2015-klo-16-15\/","url":"https:\/\/www.tuky.fi\/etusivu\/news\/kokouskutsu-turun-kyn-syyskokous-17-11-2015-klo-16-15\/","name":"KOKOUSKUTSU: Turun KY:n syyskokous 17.11.2015 klo 16.15 - Turun KY","isPartOf":{"@id":"https:\/\/www.tuky.fi\/etusivu\/#website"},"datePublished":"2015-11-10T12:16:06+00:00","breadcrumb":{"@id":"https:\/\/www.tuky.fi\/etusivu\/news\/kokouskutsu-turun-kyn-syyskokous-17-11-2015-klo-16-15\/#breadcrumb"},"inLanguage":"fi","potentialAction":[{"@type":"ReadAction","target":["https:\/\/www.tuky.fi\/etusivu\/news\/kokouskutsu-turun-kyn-syyskokous-17-11-2015-klo-16-15\/"]}]},{"@type":"BreadcrumbList","@id":"https:\/\/www.tuky.fi\/etusivu\/news\/kokouskutsu-turun-kyn-syyskokous-17-11-2015-klo-16-15\/#breadcrumb","itemListElement":[{"@type":"ListItem","position":1,"name":"Etusivu","item":"https:\/\/www.tuky.fi\/etusivu\/"},{"@type":"ListItem","position":2,"name":"KOKOUSKUTSU: Turun KY:n syyskokous 17.11.2015 klo 16.15"}]},{"@type":"WebSite","@id":"https:\/\/www.tuky.fi\/etusivu\/#website","url":"https:\/\/www.tuky.fi\/etusivu\/","name":"Turun KY","description":"TuKY","publisher":{"@id":"https:\/\/www.tuky.fi\/etusivu\/#organization"},"alternateName":"TuKY","potentialAction":[{"@type":"SearchAction","target":{"@type":"EntryPoint","urlTemplate":"https:\/\/www.tuky.fi\/etusivu\/?s={search_term_string}"},"query-input":{"@type":"PropertyValueSpecification","valueRequired":true,"valueName":"search_term_string"}}],"inLanguage":"fi"},{"@type":"Organization","@id":"https:\/\/www.tuky.fi\/etusivu\/#organization","name":"Turun KY","alternateName":"TuKY","url":"https:\/\/www.tuky.fi\/etusivu\/","logo":{"@type":"ImageObject","inLanguage":"fi","@id":"https:\/\/www.tuky.fi\/etusivu\/#\/schema\/logo\/image\/","url":"https:\/\/www.tuky.fi\/wp-content\/uploads\/2024\/09\/TuKY-logo-kulta-1.png","contentUrl":"https:\/\/www.tuky.fi\/wp-content\/uploads\/2024\/09\/TuKY-logo-kulta-1.png","width":1080,"height":1080,"caption":"Turun KY"},"image":{"@id":"https:\/\/www.tuky.fi\/etusivu\/#\/schema\/logo\/image\/"},"sameAs":["https:\/\/instagram.com\/turunky","https:\/\/linkedin.com\/turunky"]},{"@type":"Person","@id":"https:\/\/www.tuky.fi\/etusivu\/#\/schema\/person\/479eb0d4ef732e133e3a76f9b7659a39","name":"admin","image":{"@type":"ImageObject","inLanguage":"fi","@id":"https:\/\/secure.gravatar.com\/avatar\/afbe741656101229147e16716fbedbcade65018caf8c467f89b9abae7aaffeea?s=96&d=mm&r=g","url":"https:\/\/secure.gravatar.com\/avatar\/afbe741656101229147e16716fbedbcade65018caf8c467f89b9abae7aaffeea?s=96&d=mm&r=g","contentUrl":"https:\/\/secure.gravatar.com\/avatar\/afbe741656101229147e16716fbedbcade65018caf8c467f89b9abae7aaffeea?s=96&d=mm&r=g","caption":"admin"},"url":"https:\/\/www.tuky.fi\/etusivu\/author\/admin\/"}]}},"lang":"fi","translations":{"fi":16553},"pll_sync_post":[],"_links":{"self":[{"href":"https:\/\/www.tuky.fi\/etusivu\/wp-json\/wp\/v2\/posts\/16553","targetHints":{"allow":["GET"]}}],"collection":[{"href":"https:\/\/www.tuky.fi\/etusivu\/wp-json\/wp\/v2\/posts"}],"about":[{"href":"https:\/\/www.tuky.fi\/etusivu\/wp-json\/wp\/v2\/types\/post"}],"author":[{"embeddable":true,"href":"https:\/\/www.tuky.fi\/etusivu\/wp-json\/wp\/v2\/users\/1"}],"replies":[{"embeddable":true,"href":"https:\/\/www.tuky.fi\/etusivu\/wp-json\/wp\/v2\/comments?post=16553"}],"version-history":[{"count":0,"href":"https:\/\/www.tuky.fi\/etusivu\/wp-json\/wp\/v2\/posts\/16553\/revisions"}],"wp:attachment":[{"href":"https:\/\/www.tuky.fi\/etusivu\/wp-json\/wp\/v2\/media?parent=16553"}],"wp:term":[{"taxonomy":"category","embeddable":true,"href":"https:\/\/www.tuky.fi\/etusivu\/wp-json\/wp\/v2\/categories?post=16553"},{"taxonomy":"post_tag","embeddable":true,"href":"https:\/\/www.tuky.fi\/etusivu\/wp-json\/wp\/v2\/tags?post=16553"}],"curies":[{"name":"wp","href":"https:\/\/api.w.org\/{rel}","templated":true}]}}