{"id":16322,"date":"2015-11-02T12:10:56","date_gmt":"2015-11-02T10:10:56","guid":{"rendered":"http:\/\/turunky.fi\/?p=16322"},"modified":"2015-11-02T12:10:56","modified_gmt":"2015-11-02T10:10:56","slug":"turun-ky-hakee-kylisteelle-paatoimittajaa-ja-art-directoria","status":"publish","type":"post","link":"https:\/\/www.tuky.fi\/etusivu\/news\/turun-ky-hakee-kylisteelle-paatoimittajaa-ja-art-directoria\/","title":{"rendered":"Turun KY hakee KYlisteelle p\u00e4\u00e4toimittajaa ja Art Directoria"},"content":{"rendered":"<p><a href=\"http:\/\/turunky.fi\/wordpress\/wp-content\/uploads\/2015\/11\/kyliste-logo.jpg\"><img loading=\"lazy\" decoding=\"async\" class=\"aligncenter wp-image-16323 size-full\" src=\"http:\/\/turunky.fi\/wordpress\/wp-content\/uploads\/2015\/11\/kyliste-logo.jpg\" alt=\"kyliste-logo\" width=\"600\" height=\"177\" \/><\/a><\/p>\n<p><span style=\"font-family: Verdana; font-size: small;\">Turun KY hakee KYlisteelle <b>p\u00e4\u00e4toimittajaa ja Art Directoria<\/b> aloittamaan teht\u00e4viss\u00e4\u00a0<b>vuoden 2016 alussa<\/b>. Henkil\u00f6ilt\u00e4 odotetaan sitoutumista teht\u00e4viin v\u00e4hint\u00e4\u00e4n vuoden 2016 loppuun asti.\u00a0<\/span><\/p>\n<p><span style=\"font-family: Verdana; font-size: small;\">KYliste on Turun KY:n julkaisema lehti, joka ilmestyy viisi kertaa vuodessa: kaksi kertaa syyslukukaudella ja kaksi kertaa kev\u00e4tlukukaudella, mink\u00e4 lis\u00e4ksi kes\u00e4ll\u00e4 ilmestyy pupuille tarkoitettu erikoisnumero. Lehden p\u00e4\u00e4toimittaja ja Art Director toimivat yhteisty\u00f6ss\u00e4 Turun KY:n viestint\u00e4vastaavan kanssa.<\/span><\/p>\n<p><span style=\"font-family: Verdana; font-size: small;\">[separator]<\/span><\/p>\n<p><span style=\"font-family: Verdana; font-size: small;\">P\u00e4\u00e4toimittajan teht\u00e4v\u00e4n\u00e4 on koordinoida jokaisen numeron sis\u00e4ll\u00f6n suunnittelua ja toteutusta yhdess\u00e4 toimituksen kanssa. P\u00e4\u00e4toimittaja j\u00e4rjest\u00e4\u00e4 lehden toimituskokoukset ja huolehtii uusien toimittajien perehdytt\u00e4misest\u00e4 toimitusty\u00f6h\u00f6n. Lis\u00e4ksi h\u00e4n vastaa lehte\u00e4 koskevaan palautteeseen ja osallistuu aktiivisesti lehden kehitt\u00e4miseen. P\u00e4\u00e4toimittajalta edellytet\u00e4\u00e4n ideointi- ja johtamiskyky\u00e4 sek\u00e4 motivaatiota kehitt\u00e4\u00e4 KYlistett\u00e4. Eduksi katsotaan my\u00f6s aiempi kokemus KYlisteen tai jonkin muun lehden toteuttamisesta.<\/span><\/p>\n<p><span style=\"font-family: Verdana; font-size: small;\">Art Director vastaa lehden graafisesta ilmeest\u00e4 sek\u00e4 uusien taittajien perehdytt\u00e4misest\u00e4. H\u00e4nelt\u00e4 edellytet\u00e4\u00e4n visuaalista silm\u00e4\u00e4 sek\u00e4 Adobe InDesignin kohtuullista k\u00e4ytt\u00f6taitoa. Eduksi katsotaan my\u00f6s kuvank\u00e4sittelyohjelmien k\u00e4ytt\u00f6taidot.<\/span><\/p>\n<p>[separator]<\/p>\n<p><span style=\"font-family: Verdana; font-size: small;\"><b>Molempiin pesteihin voi hakea vuosikurssista riippumatta.<\/b> Mik\u00e4li p\u00e4tev\u00e4 hakija l\u00f6ytyy, voidaan KYlisteelle valita my\u00f6s yksi p\u00e4\u00e4toimittaja hoitamaan molempia toimia.<\/span><\/p>\n<p><span style=\"font-family: Verdana; font-size: small;\">Hakeminen teht\u00e4viin tapahtuu l\u00e4hett\u00e4m\u00e4ll\u00e4 <b>vapaamuotoinen hakemus<\/b> osoitteeseen<a href=\"mailto:viestinta@tuky.fi\">viestinta@tuky.fi<\/a>. Haku p\u00e4\u00e4ttyy 22.11. kello 23:59. Hakijat tullaan haastattelemaan. Pesteihin valittujen perehdytys toteutetaan viimeist\u00e4\u00e4n tammikuun 2016 alussa.<\/span><\/p>\n<p><span style=\"font-family: Verdana; font-size: small;\">Lis\u00e4tietoja teht\u00e4vist\u00e4 voi kysell\u00e4 nykyiselt\u00e4 p\u00e4\u00e4toimittajalta Karoliina Rajalalta (<a href=\"mailto:kyliste@tuky.fi\">kyliste@tuky.fi<\/a>) sek\u00e4 taittovastaavalta Miika Tiaiselta (<a title=\"mailto:miika.tiainen@tuky.fi Ctrl+Avaa linkki napsauttamalla\" href=\"mailto:miika.tiainen@tuky.fi\">miika.tiainen@tuky.fi<\/a>).<\/span><\/p>\n<p>&nbsp;<\/p>\n","protected":false},"excerpt":{"rendered":"<p>Turun KY hakee KYlisteelle p\u00e4\u00e4toimittajaa ja Art Directoria aloittamaan teht\u00e4viss\u00e4\u00a0vuoden 2016 alussa. Henkil\u00f6ilt\u00e4 odotetaan sitoutumista teht\u00e4viin v\u00e4hint\u00e4\u00e4n vuoden 2016 loppuun asti.\u00a0 KYliste on Turun KY:n julkaisema lehti, joka ilmestyy viisi [&hellip;]<\/p>\n","protected":false},"author":1,"featured_media":0,"comment_status":"open","ping_status":"open","sticky":false,"template":"","format":"standard","meta":{"_et_pb_use_builder":"","_et_pb_old_content":"","_et_gb_content_width":"","footnotes":""},"categories":[4],"tags":[],"class_list":["post-16322","post","type-post","status-publish","format-standard","hentry","category-news"],"yoast_head":"<!-- This site is optimized with the Yoast SEO plugin v27.2 - https:\/\/yoast.com\/product\/yoast-seo-wordpress\/ -->\n<title>Turun KY hakee KYlisteelle p\u00e4\u00e4toimittajaa ja Art Directoria - Turun KY<\/title>\n<meta name=\"robots\" content=\"index, follow, max-snippet:-1, max-image-preview:large, max-video-preview:-1\" \/>\n<link rel=\"canonical\" href=\"https:\/\/www.tuky.fi\/etusivu\/news\/turun-ky-hakee-kylisteelle-paatoimittajaa-ja-art-directoria\/\" \/>\n<meta property=\"og:locale\" content=\"fi_FI\" \/>\n<meta property=\"og:type\" content=\"article\" \/>\n<meta property=\"og:title\" content=\"Turun KY hakee KYlisteelle p\u00e4\u00e4toimittajaa ja Art Directoria - Turun KY\" \/>\n<meta property=\"og:description\" content=\"Turun KY hakee KYlisteelle p\u00e4\u00e4toimittajaa ja Art Directoria aloittamaan teht\u00e4viss\u00e4\u00a0vuoden 2016 alussa. Henkil\u00f6ilt\u00e4 odotetaan sitoutumista teht\u00e4viin v\u00e4hint\u00e4\u00e4n vuoden 2016 loppuun asti.\u00a0 KYliste on Turun KY:n julkaisema lehti, joka ilmestyy viisi [&hellip;]\" \/>\n<meta property=\"og:url\" content=\"https:\/\/www.tuky.fi\/etusivu\/news\/turun-ky-hakee-kylisteelle-paatoimittajaa-ja-art-directoria\/\" \/>\n<meta property=\"og:site_name\" content=\"Turun KY\" \/>\n<meta property=\"article:published_time\" content=\"2015-11-02T10:10:56+00:00\" \/>\n<meta property=\"og:image\" content=\"http:\/\/turunky.fi\/wordpress\/wp-content\/uploads\/2015\/11\/kyliste-logo.jpg\" \/>\n<meta name=\"author\" content=\"admin\" \/>\n<meta name=\"twitter:card\" content=\"summary_large_image\" \/>\n<meta name=\"twitter:label1\" content=\"Kirjoittanut\" \/>\n\t<meta name=\"twitter:data1\" content=\"admin\" \/>\n\t<meta name=\"twitter:label2\" content=\"Arvioitu lukuaika\" \/>\n\t<meta name=\"twitter:data2\" content=\"1 minuutti\" \/>\n<script type=\"application\/ld+json\" class=\"yoast-schema-graph\">{\"@context\":\"https:\/\/schema.org\",\"@graph\":[{\"@type\":\"Article\",\"@id\":\"https:\/\/www.tuky.fi\/etusivu\/news\/turun-ky-hakee-kylisteelle-paatoimittajaa-ja-art-directoria\/#article\",\"isPartOf\":{\"@id\":\"https:\/\/www.tuky.fi\/etusivu\/news\/turun-ky-hakee-kylisteelle-paatoimittajaa-ja-art-directoria\/\"},\"author\":{\"name\":\"admin\",\"@id\":\"https:\/\/www.tuky.fi\/etusivu\/#\/schema\/person\/479eb0d4ef732e133e3a76f9b7659a39\"},\"headline\":\"Turun KY hakee KYlisteelle p\u00e4\u00e4toimittajaa ja Art Directoria\",\"datePublished\":\"2015-11-02T10:10:56+00:00\",\"mainEntityOfPage\":{\"@id\":\"https:\/\/www.tuky.fi\/etusivu\/news\/turun-ky-hakee-kylisteelle-paatoimittajaa-ja-art-directoria\/\"},\"wordCount\":259,\"commentCount\":0,\"publisher\":{\"@id\":\"https:\/\/www.tuky.fi\/etusivu\/#organization\"},\"image\":{\"@id\":\"https:\/\/www.tuky.fi\/etusivu\/news\/turun-ky-hakee-kylisteelle-paatoimittajaa-ja-art-directoria\/#primaryimage\"},\"thumbnailUrl\":\"http:\/\/turunky.fi\/wordpress\/wp-content\/uploads\/2015\/11\/kyliste-logo.jpg\",\"articleSection\":[\"news\"],\"inLanguage\":\"fi\",\"potentialAction\":[{\"@type\":\"CommentAction\",\"name\":\"Comment\",\"target\":[\"https:\/\/www.tuky.fi\/etusivu\/news\/turun-ky-hakee-kylisteelle-paatoimittajaa-ja-art-directoria\/#respond\"]}]},{\"@type\":\"WebPage\",\"@id\":\"https:\/\/www.tuky.fi\/etusivu\/news\/turun-ky-hakee-kylisteelle-paatoimittajaa-ja-art-directoria\/\",\"url\":\"https:\/\/www.tuky.fi\/etusivu\/news\/turun-ky-hakee-kylisteelle-paatoimittajaa-ja-art-directoria\/\",\"name\":\"Turun KY hakee KYlisteelle p\u00e4\u00e4toimittajaa ja Art Directoria - Turun KY\",\"isPartOf\":{\"@id\":\"https:\/\/www.tuky.fi\/etusivu\/#website\"},\"primaryImageOfPage\":{\"@id\":\"https:\/\/www.tuky.fi\/etusivu\/news\/turun-ky-hakee-kylisteelle-paatoimittajaa-ja-art-directoria\/#primaryimage\"},\"image\":{\"@id\":\"https:\/\/www.tuky.fi\/etusivu\/news\/turun-ky-hakee-kylisteelle-paatoimittajaa-ja-art-directoria\/#primaryimage\"},\"thumbnailUrl\":\"http:\/\/turunky.fi\/wordpress\/wp-content\/uploads\/2015\/11\/kyliste-logo.jpg\",\"datePublished\":\"2015-11-02T10:10:56+00:00\",\"breadcrumb\":{\"@id\":\"https:\/\/www.tuky.fi\/etusivu\/news\/turun-ky-hakee-kylisteelle-paatoimittajaa-ja-art-directoria\/#breadcrumb\"},\"inLanguage\":\"fi\",\"potentialAction\":[{\"@type\":\"ReadAction\",\"target\":[\"https:\/\/www.tuky.fi\/etusivu\/news\/turun-ky-hakee-kylisteelle-paatoimittajaa-ja-art-directoria\/\"]}]},{\"@type\":\"ImageObject\",\"inLanguage\":\"fi\",\"@id\":\"https:\/\/www.tuky.fi\/etusivu\/news\/turun-ky-hakee-kylisteelle-paatoimittajaa-ja-art-directoria\/#primaryimage\",\"url\":\"http:\/\/turunky.fi\/wordpress\/wp-content\/uploads\/2015\/11\/kyliste-logo.jpg\",\"contentUrl\":\"http:\/\/turunky.fi\/wordpress\/wp-content\/uploads\/2015\/11\/kyliste-logo.jpg\"},{\"@type\":\"BreadcrumbList\",\"@id\":\"https:\/\/www.tuky.fi\/etusivu\/news\/turun-ky-hakee-kylisteelle-paatoimittajaa-ja-art-directoria\/#breadcrumb\",\"itemListElement\":[{\"@type\":\"ListItem\",\"position\":1,\"name\":\"Etusivu\",\"item\":\"https:\/\/www.tuky.fi\/etusivu\/\"},{\"@type\":\"ListItem\",\"position\":2,\"name\":\"Turun KY hakee KYlisteelle p\u00e4\u00e4toimittajaa ja Art Directoria\"}]},{\"@type\":\"WebSite\",\"@id\":\"https:\/\/www.tuky.fi\/etusivu\/#website\",\"url\":\"https:\/\/www.tuky.fi\/etusivu\/\",\"name\":\"Turun KY\",\"description\":\"TuKY\",\"publisher\":{\"@id\":\"https:\/\/www.tuky.fi\/etusivu\/#organization\"},\"alternateName\":\"TuKY\",\"potentialAction\":[{\"@type\":\"SearchAction\",\"target\":{\"@type\":\"EntryPoint\",\"urlTemplate\":\"https:\/\/www.tuky.fi\/etusivu\/?s={search_term_string}\"},\"query-input\":{\"@type\":\"PropertyValueSpecification\",\"valueRequired\":true,\"valueName\":\"search_term_string\"}}],\"inLanguage\":\"fi\"},{\"@type\":\"Organization\",\"@id\":\"https:\/\/www.tuky.fi\/etusivu\/#organization\",\"name\":\"Turun KY\",\"alternateName\":\"TuKY\",\"url\":\"https:\/\/www.tuky.fi\/etusivu\/\",\"logo\":{\"@type\":\"ImageObject\",\"inLanguage\":\"fi\",\"@id\":\"https:\/\/www.tuky.fi\/etusivu\/#\/schema\/logo\/image\/\",\"url\":\"https:\/\/www.tuky.fi\/wp-content\/uploads\/2024\/09\/TuKY-logo-kulta-1.png\",\"contentUrl\":\"https:\/\/www.tuky.fi\/wp-content\/uploads\/2024\/09\/TuKY-logo-kulta-1.png\",\"width\":1080,\"height\":1080,\"caption\":\"Turun KY\"},\"image\":{\"@id\":\"https:\/\/www.tuky.fi\/etusivu\/#\/schema\/logo\/image\/\"},\"sameAs\":[\"https:\/\/instagram.com\/turunky\",\"https:\/\/linkedin.com\/turunky\"]},{\"@type\":\"Person\",\"@id\":\"https:\/\/www.tuky.fi\/etusivu\/#\/schema\/person\/479eb0d4ef732e133e3a76f9b7659a39\",\"name\":\"admin\",\"image\":{\"@type\":\"ImageObject\",\"inLanguage\":\"fi\",\"@id\":\"https:\/\/secure.gravatar.com\/avatar\/afbe741656101229147e16716fbedbcade65018caf8c467f89b9abae7aaffeea?s=96&d=mm&r=g\",\"url\":\"https:\/\/secure.gravatar.com\/avatar\/afbe741656101229147e16716fbedbcade65018caf8c467f89b9abae7aaffeea?s=96&d=mm&r=g\",\"contentUrl\":\"https:\/\/secure.gravatar.com\/avatar\/afbe741656101229147e16716fbedbcade65018caf8c467f89b9abae7aaffeea?s=96&d=mm&r=g\",\"caption\":\"admin\"},\"url\":\"https:\/\/www.tuky.fi\/etusivu\/author\/admin\/\"}]}<\/script>\n<!-- \/ Yoast SEO plugin. -->","yoast_head_json":{"title":"Turun KY hakee KYlisteelle p\u00e4\u00e4toimittajaa ja Art Directoria - Turun KY","robots":{"index":"index","follow":"follow","max-snippet":"max-snippet:-1","max-image-preview":"max-image-preview:large","max-video-preview":"max-video-preview:-1"},"canonical":"https:\/\/www.tuky.fi\/etusivu\/news\/turun-ky-hakee-kylisteelle-paatoimittajaa-ja-art-directoria\/","og_locale":"fi_FI","og_type":"article","og_title":"Turun KY hakee KYlisteelle p\u00e4\u00e4toimittajaa ja Art Directoria - Turun KY","og_description":"Turun KY hakee KYlisteelle p\u00e4\u00e4toimittajaa ja Art Directoria aloittamaan teht\u00e4viss\u00e4\u00a0vuoden 2016 alussa. Henkil\u00f6ilt\u00e4 odotetaan sitoutumista teht\u00e4viin v\u00e4hint\u00e4\u00e4n vuoden 2016 loppuun asti.\u00a0 KYliste on Turun KY:n julkaisema lehti, joka ilmestyy viisi [&hellip;]","og_url":"https:\/\/www.tuky.fi\/etusivu\/news\/turun-ky-hakee-kylisteelle-paatoimittajaa-ja-art-directoria\/","og_site_name":"Turun KY","article_published_time":"2015-11-02T10:10:56+00:00","og_image":[{"url":"http:\/\/turunky.fi\/wordpress\/wp-content\/uploads\/2015\/11\/kyliste-logo.jpg","type":"","width":"","height":""}],"author":"admin","twitter_card":"summary_large_image","twitter_misc":{"Kirjoittanut":"admin","Arvioitu lukuaika":"1 minuutti"},"schema":{"@context":"https:\/\/schema.org","@graph":[{"@type":"Article","@id":"https:\/\/www.tuky.fi\/etusivu\/news\/turun-ky-hakee-kylisteelle-paatoimittajaa-ja-art-directoria\/#article","isPartOf":{"@id":"https:\/\/www.tuky.fi\/etusivu\/news\/turun-ky-hakee-kylisteelle-paatoimittajaa-ja-art-directoria\/"},"author":{"name":"admin","@id":"https:\/\/www.tuky.fi\/etusivu\/#\/schema\/person\/479eb0d4ef732e133e3a76f9b7659a39"},"headline":"Turun KY hakee KYlisteelle p\u00e4\u00e4toimittajaa ja Art Directoria","datePublished":"2015-11-02T10:10:56+00:00","mainEntityOfPage":{"@id":"https:\/\/www.tuky.fi\/etusivu\/news\/turun-ky-hakee-kylisteelle-paatoimittajaa-ja-art-directoria\/"},"wordCount":259,"commentCount":0,"publisher":{"@id":"https:\/\/www.tuky.fi\/etusivu\/#organization"},"image":{"@id":"https:\/\/www.tuky.fi\/etusivu\/news\/turun-ky-hakee-kylisteelle-paatoimittajaa-ja-art-directoria\/#primaryimage"},"thumbnailUrl":"http:\/\/turunky.fi\/wordpress\/wp-content\/uploads\/2015\/11\/kyliste-logo.jpg","articleSection":["news"],"inLanguage":"fi","potentialAction":[{"@type":"CommentAction","name":"Comment","target":["https:\/\/www.tuky.fi\/etusivu\/news\/turun-ky-hakee-kylisteelle-paatoimittajaa-ja-art-directoria\/#respond"]}]},{"@type":"WebPage","@id":"https:\/\/www.tuky.fi\/etusivu\/news\/turun-ky-hakee-kylisteelle-paatoimittajaa-ja-art-directoria\/","url":"https:\/\/www.tuky.fi\/etusivu\/news\/turun-ky-hakee-kylisteelle-paatoimittajaa-ja-art-directoria\/","name":"Turun KY hakee KYlisteelle p\u00e4\u00e4toimittajaa ja Art Directoria - Turun KY","isPartOf":{"@id":"https:\/\/www.tuky.fi\/etusivu\/#website"},"primaryImageOfPage":{"@id":"https:\/\/www.tuky.fi\/etusivu\/news\/turun-ky-hakee-kylisteelle-paatoimittajaa-ja-art-directoria\/#primaryimage"},"image":{"@id":"https:\/\/www.tuky.fi\/etusivu\/news\/turun-ky-hakee-kylisteelle-paatoimittajaa-ja-art-directoria\/#primaryimage"},"thumbnailUrl":"http:\/\/turunky.fi\/wordpress\/wp-content\/uploads\/2015\/11\/kyliste-logo.jpg","datePublished":"2015-11-02T10:10:56+00:00","breadcrumb":{"@id":"https:\/\/www.tuky.fi\/etusivu\/news\/turun-ky-hakee-kylisteelle-paatoimittajaa-ja-art-directoria\/#breadcrumb"},"inLanguage":"fi","potentialAction":[{"@type":"ReadAction","target":["https:\/\/www.tuky.fi\/etusivu\/news\/turun-ky-hakee-kylisteelle-paatoimittajaa-ja-art-directoria\/"]}]},{"@type":"ImageObject","inLanguage":"fi","@id":"https:\/\/www.tuky.fi\/etusivu\/news\/turun-ky-hakee-kylisteelle-paatoimittajaa-ja-art-directoria\/#primaryimage","url":"http:\/\/turunky.fi\/wordpress\/wp-content\/uploads\/2015\/11\/kyliste-logo.jpg","contentUrl":"http:\/\/turunky.fi\/wordpress\/wp-content\/uploads\/2015\/11\/kyliste-logo.jpg"},{"@type":"BreadcrumbList","@id":"https:\/\/www.tuky.fi\/etusivu\/news\/turun-ky-hakee-kylisteelle-paatoimittajaa-ja-art-directoria\/#breadcrumb","itemListElement":[{"@type":"ListItem","position":1,"name":"Etusivu","item":"https:\/\/www.tuky.fi\/etusivu\/"},{"@type":"ListItem","position":2,"name":"Turun KY hakee KYlisteelle p\u00e4\u00e4toimittajaa ja Art Directoria"}]},{"@type":"WebSite","@id":"https:\/\/www.tuky.fi\/etusivu\/#website","url":"https:\/\/www.tuky.fi\/etusivu\/","name":"Turun KY","description":"TuKY","publisher":{"@id":"https:\/\/www.tuky.fi\/etusivu\/#organization"},"alternateName":"TuKY","potentialAction":[{"@type":"SearchAction","target":{"@type":"EntryPoint","urlTemplate":"https:\/\/www.tuky.fi\/etusivu\/?s={search_term_string}"},"query-input":{"@type":"PropertyValueSpecification","valueRequired":true,"valueName":"search_term_string"}}],"inLanguage":"fi"},{"@type":"Organization","@id":"https:\/\/www.tuky.fi\/etusivu\/#organization","name":"Turun KY","alternateName":"TuKY","url":"https:\/\/www.tuky.fi\/etusivu\/","logo":{"@type":"ImageObject","inLanguage":"fi","@id":"https:\/\/www.tuky.fi\/etusivu\/#\/schema\/logo\/image\/","url":"https:\/\/www.tuky.fi\/wp-content\/uploads\/2024\/09\/TuKY-logo-kulta-1.png","contentUrl":"https:\/\/www.tuky.fi\/wp-content\/uploads\/2024\/09\/TuKY-logo-kulta-1.png","width":1080,"height":1080,"caption":"Turun KY"},"image":{"@id":"https:\/\/www.tuky.fi\/etusivu\/#\/schema\/logo\/image\/"},"sameAs":["https:\/\/instagram.com\/turunky","https:\/\/linkedin.com\/turunky"]},{"@type":"Person","@id":"https:\/\/www.tuky.fi\/etusivu\/#\/schema\/person\/479eb0d4ef732e133e3a76f9b7659a39","name":"admin","image":{"@type":"ImageObject","inLanguage":"fi","@id":"https:\/\/secure.gravatar.com\/avatar\/afbe741656101229147e16716fbedbcade65018caf8c467f89b9abae7aaffeea?s=96&d=mm&r=g","url":"https:\/\/secure.gravatar.com\/avatar\/afbe741656101229147e16716fbedbcade65018caf8c467f89b9abae7aaffeea?s=96&d=mm&r=g","contentUrl":"https:\/\/secure.gravatar.com\/avatar\/afbe741656101229147e16716fbedbcade65018caf8c467f89b9abae7aaffeea?s=96&d=mm&r=g","caption":"admin"},"url":"https:\/\/www.tuky.fi\/etusivu\/author\/admin\/"}]}},"lang":"fi","translations":{"fi":16322},"pll_sync_post":[],"_links":{"self":[{"href":"https:\/\/www.tuky.fi\/etusivu\/wp-json\/wp\/v2\/posts\/16322","targetHints":{"allow":["GET"]}}],"collection":[{"href":"https:\/\/www.tuky.fi\/etusivu\/wp-json\/wp\/v2\/posts"}],"about":[{"href":"https:\/\/www.tuky.fi\/etusivu\/wp-json\/wp\/v2\/types\/post"}],"author":[{"embeddable":true,"href":"https:\/\/www.tuky.fi\/etusivu\/wp-json\/wp\/v2\/users\/1"}],"replies":[{"embeddable":true,"href":"https:\/\/www.tuky.fi\/etusivu\/wp-json\/wp\/v2\/comments?post=16322"}],"version-history":[{"count":0,"href":"https:\/\/www.tuky.fi\/etusivu\/wp-json\/wp\/v2\/posts\/16322\/revisions"}],"wp:attachment":[{"href":"https:\/\/www.tuky.fi\/etusivu\/wp-json\/wp\/v2\/media?parent=16322"}],"wp:term":[{"taxonomy":"category","embeddable":true,"href":"https:\/\/www.tuky.fi\/etusivu\/wp-json\/wp\/v2\/categories?post=16322"},{"taxonomy":"post_tag","embeddable":true,"href":"https:\/\/www.tuky.fi\/etusivu\/wp-json\/wp\/v2\/tags?post=16322"}],"curies":[{"name":"wp","href":"https:\/\/api.w.org\/{rel}","templated":true}]}}