{"id":16238,"date":"2015-10-26T14:57:04","date_gmt":"2015-10-26T12:57:04","guid":{"rendered":"http:\/\/turunky.fi\/?p=16238"},"modified":"2015-10-26T14:57:04","modified_gmt":"2015-10-26T12:57:04","slug":"huomionosoitukset-2015","status":"publish","type":"post","link":"https:\/\/www.tuky.fi\/etusivu\/news\/huomionosoitukset-2015\/","title":{"rendered":"Huomionosoitukset 2015"},"content":{"rendered":"<p><a href=\"http:\/\/turunky.fi\/wordpress\/wp-content\/uploads\/2015\/10\/vuosijuhlat65.jpg\"><img loading=\"lazy\" decoding=\"async\" class=\"aligncenter wp-image-16240 size-full\" src=\"http:\/\/turunky.fi\/wordpress\/wp-content\/uploads\/2015\/10\/vuosijuhlat65-e1445863308454.jpg\" alt=\"vuosijuhlat65\" width=\"800\" height=\"401\" \/><\/a><\/p>\n<p>&nbsp;<\/p>\n<p>Turun KY:n vuosijuhlaviikon avajaisissa sek\u00e4 vuosijuhlissa jaettiin useita huomionosoituksia ansioituneille henkil\u00f6ille kiitokseksi heid\u00e4n tekem\u00e4st\u00e4\u00e4n ty\u00f6st\u00e4 Turun KY:ll\u00e4 ja sen hyv\u00e4ksi.<\/p>\n<p>Juhlaviikon avajaisissa hopeisen ansiomerkin saivat seuraavat henkil\u00f6t:<\/p>\n<ul>\n<li>Henriikka Hyyti\u00e4inen<\/li>\n<li>\n<div>Matias Rentola<\/div>\n<div><\/div>\n<\/li>\n<li>Olli-Pekka Rissanen<\/li>\n<li>Anna Lamberg<\/li>\n<li>Sini Saarinen<\/li>\n<li>Hanna-Lotta Naumanen<\/li>\n<li>Panu Kuorikoski<\/li>\n<li>Emmi Vilkanen<\/li>\n<li>Katri Auvinen<\/li>\n<li>Ida Sylvestersson<\/li>\n<li>Venla Tulppala<\/li>\n<li>Karoliina Rajala<\/li>\n<li>Niko Nauholz<\/li>\n<li>Pilvi Lehtinen<\/li>\n<li>Paula Peltomaa<\/li>\n<li>Tuulia Valaja<\/li>\n<li>Jami Lehtonen<\/li>\n<li>Juuso Mykk\u00e4nen<\/li>\n<li>Elina S\u00e4\u00e4skilahti<\/li>\n<li>Miika Tiainen<\/li>\n<li>Joakim Pihlajamaa<\/li>\n<li>Jutta Ruotsalainen<\/li>\n<li>Elina Rauhala<\/li>\n<li>Vilhelmiina Merta<\/li>\n<li>Simo Keuramo<\/li>\n<li>Lauri Lehtonen<\/li>\n<li>Lauri Moisio<\/li>\n<li>Ville Pakarinen<\/li>\n<li>Otto Oksman<\/li>\n<li>Maria Helle<\/li>\n<li>Samuli Salo<\/li>\n<li>Niklas Piispanen<\/li>\n<li>Julia Toivio<\/li>\n<li>Tapio Veps\u00e4l\u00e4inen<\/li>\n<li>Simo Koivisto-Rajala<\/li>\n<li>Laura V\u00e4yrynen<\/li>\n<li>Tommi Piril\u00e4<\/li>\n<li>Mikael Laine<\/li>\n<li>Laura Ahtola<\/li>\n<li>Erika Ojala<\/li>\n<li>Juha Junttila<\/li>\n<\/ul>\n<p>&nbsp;<\/p>\n<p>Vuosijuhlien cocktail-tilaisuudessa jaettiin kaksi standaaria kiitokseksi pitk\u00e4aikaisesta yhteisty\u00f6st\u00e4, Kuja Medialle sek\u00e4 K\u00e5renille. Kuntanauhat jaettiin Lasse Korvelle, Reeta Juvoselle ja Elias Ruutille.<\/p>\n<p>Samassa tilaisuudessa jaettiin my\u00f6s kultaiset ansiomerkit seuraaville henkil\u00f6ille:<\/p>\n<ul>\n<li>Olli M\u00e4ki<\/li>\n<li>Sofi Laiho<\/li>\n<li>Ossi Tursas<\/li>\n<li>Miro Korhonen<\/li>\n<li>Milla Anttonen<\/li>\n<li>Ida Peltonen<\/li>\n<li>Otto Rouhiainen<\/li>\n<li>Eetu-Petteri Kulmala<\/li>\n<li>Antti Rikkil\u00e4<\/li>\n<li>Laura V\u00e4h\u00e4saari<\/li>\n<\/ul>\n<p>&nbsp;<\/p>\n<p>P\u00e4\u00e4juhlassa jaettiin kunnianauhat seuraaville henkil\u00f6ille:<\/p>\n<ul>\n<li>Jussi Nieminen<\/li>\n<li>Aku K\u00e4hk\u00f6nen<\/li>\n<li>Ann-Sofie Leimu<\/li>\n<li>Timo Kovala<\/li>\n<\/ul>\n<p>&nbsp;<\/p>\n<p>Sek\u00e4 kultaiset kunniamerkit seuraaville henkil\u00f6ille:<\/p>\n<ul>\n<li>Ville Valkonen<\/li>\n<li>Jussi Heikkonen<\/li>\n<\/ul>\n<p>&nbsp;<\/p>\n<p>Kultaisen taskumatin sai t\u00e4n\u00e4 vuonna\u00a0Ilona H\u00e4s\u00e4nen.<\/p>\n<p>Onnea viel\u00e4 kerran kaikille huomionosoituksen saaneille!<\/p>\n","protected":false},"excerpt":{"rendered":"<p>&nbsp; Turun KY:n vuosijuhlaviikon avajaisissa sek\u00e4 vuosijuhlissa jaettiin useita huomionosoituksia ansioituneille henkil\u00f6ille kiitokseksi heid\u00e4n tekem\u00e4st\u00e4\u00e4n ty\u00f6st\u00e4 Turun KY:ll\u00e4 ja sen hyv\u00e4ksi. Juhlaviikon avajaisissa hopeisen ansiomerkin saivat seuraavat henkil\u00f6t: Henriikka Hyyti\u00e4inen [&hellip;]<\/p>\n","protected":false},"author":15,"featured_media":0,"comment_status":"open","ping_status":"open","sticky":false,"template":"","format":"standard","meta":{"_et_pb_use_builder":"","_et_pb_old_content":"","_et_gb_content_width":"","footnotes":""},"categories":[4],"tags":[],"class_list":["post-16238","post","type-post","status-publish","format-standard","hentry","category-news"],"yoast_head":"<!-- This site is optimized with the Yoast SEO plugin v27.2 - https:\/\/yoast.com\/product\/yoast-seo-wordpress\/ -->\n<title>Huomionosoitukset 2015 - Turun KY<\/title>\n<meta name=\"robots\" content=\"index, follow, max-snippet:-1, max-image-preview:large, max-video-preview:-1\" \/>\n<link rel=\"canonical\" href=\"https:\/\/www.tuky.fi\/etusivu\/news\/huomionosoitukset-2015\/\" \/>\n<meta property=\"og:locale\" content=\"fi_FI\" \/>\n<meta property=\"og:type\" content=\"article\" \/>\n<meta property=\"og:title\" content=\"Huomionosoitukset 2015 - Turun KY\" \/>\n<meta property=\"og:description\" content=\"&nbsp; Turun KY:n vuosijuhlaviikon avajaisissa sek\u00e4 vuosijuhlissa jaettiin useita huomionosoituksia ansioituneille henkil\u00f6ille kiitokseksi heid\u00e4n tekem\u00e4st\u00e4\u00e4n ty\u00f6st\u00e4 Turun KY:ll\u00e4 ja sen hyv\u00e4ksi. Juhlaviikon avajaisissa hopeisen ansiomerkin saivat seuraavat henkil\u00f6t: Henriikka Hyyti\u00e4inen [&hellip;]\" \/>\n<meta property=\"og:url\" content=\"https:\/\/www.tuky.fi\/etusivu\/news\/huomionosoitukset-2015\/\" \/>\n<meta property=\"og:site_name\" content=\"Turun KY\" \/>\n<meta property=\"article:published_time\" content=\"2015-10-26T12:57:04+00:00\" \/>\n<meta property=\"og:image\" content=\"http:\/\/turunky.fi\/wordpress\/wp-content\/uploads\/2015\/10\/vuosijuhlat65-e1445863308454.jpg\" \/>\n<meta name=\"author\" content=\"Kulttuurivastaava\" \/>\n<meta name=\"twitter:card\" content=\"summary_large_image\" \/>\n<meta name=\"twitter:label1\" content=\"Kirjoittanut\" \/>\n\t<meta name=\"twitter:data1\" content=\"Kulttuurivastaava\" \/>\n\t<meta name=\"twitter:label2\" content=\"Arvioitu lukuaika\" \/>\n\t<meta name=\"twitter:data2\" content=\"1 minuutti\" \/>\n<script type=\"application\/ld+json\" class=\"yoast-schema-graph\">{\"@context\":\"https:\/\/schema.org\",\"@graph\":[{\"@type\":\"Article\",\"@id\":\"https:\/\/www.tuky.fi\/etusivu\/news\/huomionosoitukset-2015\/#article\",\"isPartOf\":{\"@id\":\"https:\/\/www.tuky.fi\/etusivu\/news\/huomionosoitukset-2015\/\"},\"author\":{\"name\":\"Kulttuurivastaava\",\"@id\":\"https:\/\/www.tuky.fi\/etusivu\/#\/schema\/person\/d1f6ea8c86143ee83cd1091dfde29a69\"},\"headline\":\"Huomionosoitukset 2015\",\"datePublished\":\"2015-10-26T12:57:04+00:00\",\"mainEntityOfPage\":{\"@id\":\"https:\/\/www.tuky.fi\/etusivu\/news\/huomionosoitukset-2015\/\"},\"wordCount\":230,\"commentCount\":0,\"publisher\":{\"@id\":\"https:\/\/www.tuky.fi\/etusivu\/#organization\"},\"image\":{\"@id\":\"https:\/\/www.tuky.fi\/etusivu\/news\/huomionosoitukset-2015\/#primaryimage\"},\"thumbnailUrl\":\"http:\/\/turunky.fi\/wordpress\/wp-content\/uploads\/2015\/10\/vuosijuhlat65-e1445863308454.jpg\",\"articleSection\":[\"news\"],\"inLanguage\":\"fi\",\"potentialAction\":[{\"@type\":\"CommentAction\",\"name\":\"Comment\",\"target\":[\"https:\/\/www.tuky.fi\/etusivu\/news\/huomionosoitukset-2015\/#respond\"]}]},{\"@type\":\"WebPage\",\"@id\":\"https:\/\/www.tuky.fi\/etusivu\/news\/huomionosoitukset-2015\/\",\"url\":\"https:\/\/www.tuky.fi\/etusivu\/news\/huomionosoitukset-2015\/\",\"name\":\"Huomionosoitukset 2015 - Turun KY\",\"isPartOf\":{\"@id\":\"https:\/\/www.tuky.fi\/etusivu\/#website\"},\"primaryImageOfPage\":{\"@id\":\"https:\/\/www.tuky.fi\/etusivu\/news\/huomionosoitukset-2015\/#primaryimage\"},\"image\":{\"@id\":\"https:\/\/www.tuky.fi\/etusivu\/news\/huomionosoitukset-2015\/#primaryimage\"},\"thumbnailUrl\":\"http:\/\/turunky.fi\/wordpress\/wp-content\/uploads\/2015\/10\/vuosijuhlat65-e1445863308454.jpg\",\"datePublished\":\"2015-10-26T12:57:04+00:00\",\"breadcrumb\":{\"@id\":\"https:\/\/www.tuky.fi\/etusivu\/news\/huomionosoitukset-2015\/#breadcrumb\"},\"inLanguage\":\"fi\",\"potentialAction\":[{\"@type\":\"ReadAction\",\"target\":[\"https:\/\/www.tuky.fi\/etusivu\/news\/huomionosoitukset-2015\/\"]}]},{\"@type\":\"ImageObject\",\"inLanguage\":\"fi\",\"@id\":\"https:\/\/www.tuky.fi\/etusivu\/news\/huomionosoitukset-2015\/#primaryimage\",\"url\":\"http:\/\/turunky.fi\/wordpress\/wp-content\/uploads\/2015\/10\/vuosijuhlat65-e1445863308454.jpg\",\"contentUrl\":\"http:\/\/turunky.fi\/wordpress\/wp-content\/uploads\/2015\/10\/vuosijuhlat65-e1445863308454.jpg\"},{\"@type\":\"BreadcrumbList\",\"@id\":\"https:\/\/www.tuky.fi\/etusivu\/news\/huomionosoitukset-2015\/#breadcrumb\",\"itemListElement\":[{\"@type\":\"ListItem\",\"position\":1,\"name\":\"Etusivu\",\"item\":\"https:\/\/www.tuky.fi\/etusivu\/\"},{\"@type\":\"ListItem\",\"position\":2,\"name\":\"Huomionosoitukset 2015\"}]},{\"@type\":\"WebSite\",\"@id\":\"https:\/\/www.tuky.fi\/etusivu\/#website\",\"url\":\"https:\/\/www.tuky.fi\/etusivu\/\",\"name\":\"Turun KY\",\"description\":\"TuKY\",\"publisher\":{\"@id\":\"https:\/\/www.tuky.fi\/etusivu\/#organization\"},\"alternateName\":\"TuKY\",\"potentialAction\":[{\"@type\":\"SearchAction\",\"target\":{\"@type\":\"EntryPoint\",\"urlTemplate\":\"https:\/\/www.tuky.fi\/etusivu\/?s={search_term_string}\"},\"query-input\":{\"@type\":\"PropertyValueSpecification\",\"valueRequired\":true,\"valueName\":\"search_term_string\"}}],\"inLanguage\":\"fi\"},{\"@type\":\"Organization\",\"@id\":\"https:\/\/www.tuky.fi\/etusivu\/#organization\",\"name\":\"Turun KY\",\"alternateName\":\"TuKY\",\"url\":\"https:\/\/www.tuky.fi\/etusivu\/\",\"logo\":{\"@type\":\"ImageObject\",\"inLanguage\":\"fi\",\"@id\":\"https:\/\/www.tuky.fi\/etusivu\/#\/schema\/logo\/image\/\",\"url\":\"https:\/\/www.tuky.fi\/wp-content\/uploads\/2024\/09\/TuKY-logo-kulta-1.png\",\"contentUrl\":\"https:\/\/www.tuky.fi\/wp-content\/uploads\/2024\/09\/TuKY-logo-kulta-1.png\",\"width\":1080,\"height\":1080,\"caption\":\"Turun KY\"},\"image\":{\"@id\":\"https:\/\/www.tuky.fi\/etusivu\/#\/schema\/logo\/image\/\"},\"sameAs\":[\"https:\/\/instagram.com\/turunky\",\"https:\/\/linkedin.com\/turunky\"]},{\"@type\":\"Person\",\"@id\":\"https:\/\/www.tuky.fi\/etusivu\/#\/schema\/person\/d1f6ea8c86143ee83cd1091dfde29a69\",\"name\":\"Kulttuurivastaava\",\"image\":{\"@type\":\"ImageObject\",\"inLanguage\":\"fi\",\"@id\":\"https:\/\/secure.gravatar.com\/avatar\/688f5ae69933705ed3d371e091a88192e3aea17c328f9180bc1c20090da573ae?s=96&d=mm&r=g\",\"url\":\"https:\/\/secure.gravatar.com\/avatar\/688f5ae69933705ed3d371e091a88192e3aea17c328f9180bc1c20090da573ae?s=96&d=mm&r=g\",\"contentUrl\":\"https:\/\/secure.gravatar.com\/avatar\/688f5ae69933705ed3d371e091a88192e3aea17c328f9180bc1c20090da573ae?s=96&d=mm&r=g\",\"caption\":\"Kulttuurivastaava\"},\"url\":\"https:\/\/www.tuky.fi\/etusivu\/author\/ky-kulttuuri\/\"}]}<\/script>\n<!-- \/ Yoast SEO plugin. -->","yoast_head_json":{"title":"Huomionosoitukset 2015 - Turun KY","robots":{"index":"index","follow":"follow","max-snippet":"max-snippet:-1","max-image-preview":"max-image-preview:large","max-video-preview":"max-video-preview:-1"},"canonical":"https:\/\/www.tuky.fi\/etusivu\/news\/huomionosoitukset-2015\/","og_locale":"fi_FI","og_type":"article","og_title":"Huomionosoitukset 2015 - Turun KY","og_description":"&nbsp; Turun KY:n vuosijuhlaviikon avajaisissa sek\u00e4 vuosijuhlissa jaettiin useita huomionosoituksia ansioituneille henkil\u00f6ille kiitokseksi heid\u00e4n tekem\u00e4st\u00e4\u00e4n ty\u00f6st\u00e4 Turun KY:ll\u00e4 ja sen hyv\u00e4ksi. Juhlaviikon avajaisissa hopeisen ansiomerkin saivat seuraavat henkil\u00f6t: Henriikka Hyyti\u00e4inen [&hellip;]","og_url":"https:\/\/www.tuky.fi\/etusivu\/news\/huomionosoitukset-2015\/","og_site_name":"Turun KY","article_published_time":"2015-10-26T12:57:04+00:00","og_image":[{"url":"http:\/\/turunky.fi\/wordpress\/wp-content\/uploads\/2015\/10\/vuosijuhlat65-e1445863308454.jpg","type":"","width":"","height":""}],"author":"Kulttuurivastaava","twitter_card":"summary_large_image","twitter_misc":{"Kirjoittanut":"Kulttuurivastaava","Arvioitu lukuaika":"1 minuutti"},"schema":{"@context":"https:\/\/schema.org","@graph":[{"@type":"Article","@id":"https:\/\/www.tuky.fi\/etusivu\/news\/huomionosoitukset-2015\/#article","isPartOf":{"@id":"https:\/\/www.tuky.fi\/etusivu\/news\/huomionosoitukset-2015\/"},"author":{"name":"Kulttuurivastaava","@id":"https:\/\/www.tuky.fi\/etusivu\/#\/schema\/person\/d1f6ea8c86143ee83cd1091dfde29a69"},"headline":"Huomionosoitukset 2015","datePublished":"2015-10-26T12:57:04+00:00","mainEntityOfPage":{"@id":"https:\/\/www.tuky.fi\/etusivu\/news\/huomionosoitukset-2015\/"},"wordCount":230,"commentCount":0,"publisher":{"@id":"https:\/\/www.tuky.fi\/etusivu\/#organization"},"image":{"@id":"https:\/\/www.tuky.fi\/etusivu\/news\/huomionosoitukset-2015\/#primaryimage"},"thumbnailUrl":"http:\/\/turunky.fi\/wordpress\/wp-content\/uploads\/2015\/10\/vuosijuhlat65-e1445863308454.jpg","articleSection":["news"],"inLanguage":"fi","potentialAction":[{"@type":"CommentAction","name":"Comment","target":["https:\/\/www.tuky.fi\/etusivu\/news\/huomionosoitukset-2015\/#respond"]}]},{"@type":"WebPage","@id":"https:\/\/www.tuky.fi\/etusivu\/news\/huomionosoitukset-2015\/","url":"https:\/\/www.tuky.fi\/etusivu\/news\/huomionosoitukset-2015\/","name":"Huomionosoitukset 2015 - Turun KY","isPartOf":{"@id":"https:\/\/www.tuky.fi\/etusivu\/#website"},"primaryImageOfPage":{"@id":"https:\/\/www.tuky.fi\/etusivu\/news\/huomionosoitukset-2015\/#primaryimage"},"image":{"@id":"https:\/\/www.tuky.fi\/etusivu\/news\/huomionosoitukset-2015\/#primaryimage"},"thumbnailUrl":"http:\/\/turunky.fi\/wordpress\/wp-content\/uploads\/2015\/10\/vuosijuhlat65-e1445863308454.jpg","datePublished":"2015-10-26T12:57:04+00:00","breadcrumb":{"@id":"https:\/\/www.tuky.fi\/etusivu\/news\/huomionosoitukset-2015\/#breadcrumb"},"inLanguage":"fi","potentialAction":[{"@type":"ReadAction","target":["https:\/\/www.tuky.fi\/etusivu\/news\/huomionosoitukset-2015\/"]}]},{"@type":"ImageObject","inLanguage":"fi","@id":"https:\/\/www.tuky.fi\/etusivu\/news\/huomionosoitukset-2015\/#primaryimage","url":"http:\/\/turunky.fi\/wordpress\/wp-content\/uploads\/2015\/10\/vuosijuhlat65-e1445863308454.jpg","contentUrl":"http:\/\/turunky.fi\/wordpress\/wp-content\/uploads\/2015\/10\/vuosijuhlat65-e1445863308454.jpg"},{"@type":"BreadcrumbList","@id":"https:\/\/www.tuky.fi\/etusivu\/news\/huomionosoitukset-2015\/#breadcrumb","itemListElement":[{"@type":"ListItem","position":1,"name":"Etusivu","item":"https:\/\/www.tuky.fi\/etusivu\/"},{"@type":"ListItem","position":2,"name":"Huomionosoitukset 2015"}]},{"@type":"WebSite","@id":"https:\/\/www.tuky.fi\/etusivu\/#website","url":"https:\/\/www.tuky.fi\/etusivu\/","name":"Turun KY","description":"TuKY","publisher":{"@id":"https:\/\/www.tuky.fi\/etusivu\/#organization"},"alternateName":"TuKY","potentialAction":[{"@type":"SearchAction","target":{"@type":"EntryPoint","urlTemplate":"https:\/\/www.tuky.fi\/etusivu\/?s={search_term_string}"},"query-input":{"@type":"PropertyValueSpecification","valueRequired":true,"valueName":"search_term_string"}}],"inLanguage":"fi"},{"@type":"Organization","@id":"https:\/\/www.tuky.fi\/etusivu\/#organization","name":"Turun KY","alternateName":"TuKY","url":"https:\/\/www.tuky.fi\/etusivu\/","logo":{"@type":"ImageObject","inLanguage":"fi","@id":"https:\/\/www.tuky.fi\/etusivu\/#\/schema\/logo\/image\/","url":"https:\/\/www.tuky.fi\/wp-content\/uploads\/2024\/09\/TuKY-logo-kulta-1.png","contentUrl":"https:\/\/www.tuky.fi\/wp-content\/uploads\/2024\/09\/TuKY-logo-kulta-1.png","width":1080,"height":1080,"caption":"Turun KY"},"image":{"@id":"https:\/\/www.tuky.fi\/etusivu\/#\/schema\/logo\/image\/"},"sameAs":["https:\/\/instagram.com\/turunky","https:\/\/linkedin.com\/turunky"]},{"@type":"Person","@id":"https:\/\/www.tuky.fi\/etusivu\/#\/schema\/person\/d1f6ea8c86143ee83cd1091dfde29a69","name":"Kulttuurivastaava","image":{"@type":"ImageObject","inLanguage":"fi","@id":"https:\/\/secure.gravatar.com\/avatar\/688f5ae69933705ed3d371e091a88192e3aea17c328f9180bc1c20090da573ae?s=96&d=mm&r=g","url":"https:\/\/secure.gravatar.com\/avatar\/688f5ae69933705ed3d371e091a88192e3aea17c328f9180bc1c20090da573ae?s=96&d=mm&r=g","contentUrl":"https:\/\/secure.gravatar.com\/avatar\/688f5ae69933705ed3d371e091a88192e3aea17c328f9180bc1c20090da573ae?s=96&d=mm&r=g","caption":"Kulttuurivastaava"},"url":"https:\/\/www.tuky.fi\/etusivu\/author\/ky-kulttuuri\/"}]}},"lang":"fi","translations":{"fi":16238},"pll_sync_post":[],"_links":{"self":[{"href":"https:\/\/www.tuky.fi\/etusivu\/wp-json\/wp\/v2\/posts\/16238","targetHints":{"allow":["GET"]}}],"collection":[{"href":"https:\/\/www.tuky.fi\/etusivu\/wp-json\/wp\/v2\/posts"}],"about":[{"href":"https:\/\/www.tuky.fi\/etusivu\/wp-json\/wp\/v2\/types\/post"}],"author":[{"embeddable":true,"href":"https:\/\/www.tuky.fi\/etusivu\/wp-json\/wp\/v2\/users\/15"}],"replies":[{"embeddable":true,"href":"https:\/\/www.tuky.fi\/etusivu\/wp-json\/wp\/v2\/comments?post=16238"}],"version-history":[{"count":0,"href":"https:\/\/www.tuky.fi\/etusivu\/wp-json\/wp\/v2\/posts\/16238\/revisions"}],"wp:attachment":[{"href":"https:\/\/www.tuky.fi\/etusivu\/wp-json\/wp\/v2\/media?parent=16238"}],"wp:term":[{"taxonomy":"category","embeddable":true,"href":"https:\/\/www.tuky.fi\/etusivu\/wp-json\/wp\/v2\/categories?post=16238"},{"taxonomy":"post_tag","embeddable":true,"href":"https:\/\/www.tuky.fi\/etusivu\/wp-json\/wp\/v2\/tags?post=16238"}],"curies":[{"name":"wp","href":"https:\/\/api.w.org\/{rel}","templated":true}]}}