{"id":16145,"date":"2015-10-23T11:27:12","date_gmt":"2015-10-23T09:27:12","guid":{"rendered":"http:\/\/turunky.fi\/?p=16145"},"modified":"2015-10-23T11:27:12","modified_gmt":"2015-10-23T09:27:12","slug":"kyliste-415-on-ilmestynyt","status":"publish","type":"post","link":"https:\/\/www.tuky.fi\/etusivu\/news\/kyliste-415-on-ilmestynyt\/","title":{"rendered":"KYliste 4\/15 on ilmestynyt!"},"content":{"rendered":"<p>KYlisteen numero 4\/15 on ilmestynyt juuri sopivasti Turun KY:n 65-vuotisjuhlien kunniaksi!<\/p>\n<p>Uudessa KYlisteess\u00e4 teemana t\u00e4ll\u00e4 kertaa l\u00e4hestyvien edustajistovaalien hengess\u00e4 edunvalvonta. Lis\u00e4ksi mukana muun muassa Suomen pankin p\u00e4\u00e4johtaja Erkki Liikasen haastattelu sek\u00e4 reportaasi Campussitseilt\u00e4. Oman kappaleesi voit napata Montusta, Mercalta, Mercan yl\u00e4tasanteelta tai lukea netist\u00e4 <a href=\"http:\/\/tuky.fi\/kylisteet\/\">t\u00e4st\u00e4<\/a>.<\/p>\n<p>Terveisin,<\/p>\n<p>Karoliina Rajala<br \/>\n<em>P\u00e4\u00e4toimittaja<\/em><\/p>\n","protected":false},"excerpt":{"rendered":"<p>KYlisteen numero 4\/15 on ilmestynyt juuri sopivasti Turun KY:n 65-vuotisjuhlien kunniaksi! Uudessa KYlisteess\u00e4 teemana t\u00e4ll\u00e4 kertaa l\u00e4hestyvien edustajistovaalien hengess\u00e4 edunvalvonta. Lis\u00e4ksi mukana muun muassa Suomen pankin p\u00e4\u00e4johtaja Erkki Liikasen haastattelu [&hellip;]<\/p>\n","protected":false},"author":43,"featured_media":0,"comment_status":"open","ping_status":"open","sticky":false,"template":"","format":"standard","meta":{"_et_pb_use_builder":"","_et_pb_old_content":"","_et_gb_content_width":"","footnotes":""},"categories":[4],"tags":[456,494,509],"class_list":["post-16145","post","type-post","status-publish","format-standard","hentry","category-news","tag-kyliste-2","tag-rajala","tag-tiainen"],"yoast_head":"<!-- This site is optimized with the Yoast SEO plugin v27.2 - https:\/\/yoast.com\/product\/yoast-seo-wordpress\/ -->\n<title>KYliste 4\/15 on ilmestynyt! - Turun KY<\/title>\n<meta name=\"robots\" content=\"index, follow, max-snippet:-1, max-image-preview:large, max-video-preview:-1\" \/>\n<link rel=\"canonical\" href=\"https:\/\/www.tuky.fi\/etusivu\/news\/kyliste-415-on-ilmestynyt\/\" \/>\n<meta property=\"og:locale\" content=\"fi_FI\" \/>\n<meta property=\"og:type\" content=\"article\" \/>\n<meta property=\"og:title\" content=\"KYliste 4\/15 on ilmestynyt! - Turun KY\" \/>\n<meta property=\"og:description\" content=\"KYlisteen numero 4\/15 on ilmestynyt juuri sopivasti Turun KY:n 65-vuotisjuhlien kunniaksi! Uudessa KYlisteess\u00e4 teemana t\u00e4ll\u00e4 kertaa l\u00e4hestyvien edustajistovaalien hengess\u00e4 edunvalvonta. Lis\u00e4ksi mukana muun muassa Suomen pankin p\u00e4\u00e4johtaja Erkki Liikasen haastattelu [&hellip;]\" \/>\n<meta property=\"og:url\" content=\"https:\/\/www.tuky.fi\/etusivu\/news\/kyliste-415-on-ilmestynyt\/\" \/>\n<meta property=\"og:site_name\" content=\"Turun KY\" \/>\n<meta property=\"article:published_time\" content=\"2015-10-23T09:27:12+00:00\" \/>\n<meta name=\"author\" content=\"P\u00e4\u00e4toimittaja\" \/>\n<meta name=\"twitter:card\" content=\"summary_large_image\" \/>\n<meta name=\"twitter:label1\" content=\"Kirjoittanut\" \/>\n\t<meta name=\"twitter:data1\" content=\"P\u00e4\u00e4toimittaja\" \/>\n<script type=\"application\/ld+json\" class=\"yoast-schema-graph\">{\"@context\":\"https:\/\/schema.org\",\"@graph\":[{\"@type\":\"Article\",\"@id\":\"https:\/\/www.tuky.fi\/etusivu\/news\/kyliste-415-on-ilmestynyt\/#article\",\"isPartOf\":{\"@id\":\"https:\/\/www.tuky.fi\/etusivu\/news\/kyliste-415-on-ilmestynyt\/\"},\"author\":{\"name\":\"P\u00e4\u00e4toimittaja\",\"@id\":\"https:\/\/www.tuky.fi\/etusivu\/#\/schema\/person\/3fcda271c5147481d609471abf62cb87\"},\"headline\":\"KYliste 4\/15 on ilmestynyt!\",\"datePublished\":\"2015-10-23T09:27:12+00:00\",\"mainEntityOfPage\":{\"@id\":\"https:\/\/www.tuky.fi\/etusivu\/news\/kyliste-415-on-ilmestynyt\/\"},\"wordCount\":59,\"commentCount\":0,\"publisher\":{\"@id\":\"https:\/\/www.tuky.fi\/etusivu\/#organization\"},\"keywords\":[\"kyliste\",\"Rajala\",\"Tiainen\"],\"articleSection\":[\"news\"],\"inLanguage\":\"fi\",\"potentialAction\":[{\"@type\":\"CommentAction\",\"name\":\"Comment\",\"target\":[\"https:\/\/www.tuky.fi\/etusivu\/news\/kyliste-415-on-ilmestynyt\/#respond\"]}]},{\"@type\":\"WebPage\",\"@id\":\"https:\/\/www.tuky.fi\/etusivu\/news\/kyliste-415-on-ilmestynyt\/\",\"url\":\"https:\/\/www.tuky.fi\/etusivu\/news\/kyliste-415-on-ilmestynyt\/\",\"name\":\"KYliste 4\/15 on ilmestynyt! - Turun KY\",\"isPartOf\":{\"@id\":\"https:\/\/www.tuky.fi\/etusivu\/#website\"},\"datePublished\":\"2015-10-23T09:27:12+00:00\",\"breadcrumb\":{\"@id\":\"https:\/\/www.tuky.fi\/etusivu\/news\/kyliste-415-on-ilmestynyt\/#breadcrumb\"},\"inLanguage\":\"fi\",\"potentialAction\":[{\"@type\":\"ReadAction\",\"target\":[\"https:\/\/www.tuky.fi\/etusivu\/news\/kyliste-415-on-ilmestynyt\/\"]}]},{\"@type\":\"BreadcrumbList\",\"@id\":\"https:\/\/www.tuky.fi\/etusivu\/news\/kyliste-415-on-ilmestynyt\/#breadcrumb\",\"itemListElement\":[{\"@type\":\"ListItem\",\"position\":1,\"name\":\"Etusivu\",\"item\":\"https:\/\/www.tuky.fi\/etusivu\/\"},{\"@type\":\"ListItem\",\"position\":2,\"name\":\"KYliste 4\/15 on ilmestynyt!\"}]},{\"@type\":\"WebSite\",\"@id\":\"https:\/\/www.tuky.fi\/etusivu\/#website\",\"url\":\"https:\/\/www.tuky.fi\/etusivu\/\",\"name\":\"Turun KY\",\"description\":\"TuKY\",\"publisher\":{\"@id\":\"https:\/\/www.tuky.fi\/etusivu\/#organization\"},\"alternateName\":\"TuKY\",\"potentialAction\":[{\"@type\":\"SearchAction\",\"target\":{\"@type\":\"EntryPoint\",\"urlTemplate\":\"https:\/\/www.tuky.fi\/etusivu\/?s={search_term_string}\"},\"query-input\":{\"@type\":\"PropertyValueSpecification\",\"valueRequired\":true,\"valueName\":\"search_term_string\"}}],\"inLanguage\":\"fi\"},{\"@type\":\"Organization\",\"@id\":\"https:\/\/www.tuky.fi\/etusivu\/#organization\",\"name\":\"Turun KY\",\"alternateName\":\"TuKY\",\"url\":\"https:\/\/www.tuky.fi\/etusivu\/\",\"logo\":{\"@type\":\"ImageObject\",\"inLanguage\":\"fi\",\"@id\":\"https:\/\/www.tuky.fi\/etusivu\/#\/schema\/logo\/image\/\",\"url\":\"https:\/\/www.tuky.fi\/wp-content\/uploads\/2024\/09\/TuKY-logo-kulta-1.png\",\"contentUrl\":\"https:\/\/www.tuky.fi\/wp-content\/uploads\/2024\/09\/TuKY-logo-kulta-1.png\",\"width\":1080,\"height\":1080,\"caption\":\"Turun KY\"},\"image\":{\"@id\":\"https:\/\/www.tuky.fi\/etusivu\/#\/schema\/logo\/image\/\"},\"sameAs\":[\"https:\/\/instagram.com\/turunky\",\"https:\/\/linkedin.com\/turunky\"]},{\"@type\":\"Person\",\"@id\":\"https:\/\/www.tuky.fi\/etusivu\/#\/schema\/person\/3fcda271c5147481d609471abf62cb87\",\"name\":\"P\u00e4\u00e4toimittaja\",\"image\":{\"@type\":\"ImageObject\",\"inLanguage\":\"fi\",\"@id\":\"https:\/\/secure.gravatar.com\/avatar\/d99ff12854f40f6f52bc66ae64f2f1fad341e843292c3ecf6d0f6fd1feb106e9?s=96&d=mm&r=g\",\"url\":\"https:\/\/secure.gravatar.com\/avatar\/d99ff12854f40f6f52bc66ae64f2f1fad341e843292c3ecf6d0f6fd1feb106e9?s=96&d=mm&r=g\",\"contentUrl\":\"https:\/\/secure.gravatar.com\/avatar\/d99ff12854f40f6f52bc66ae64f2f1fad341e843292c3ecf6d0f6fd1feb106e9?s=96&d=mm&r=g\",\"caption\":\"P\u00e4\u00e4toimittaja\"},\"url\":\"https:\/\/www.tuky.fi\/etusivu\/author\/tr-kyliste\/\"}]}<\/script>\n<!-- \/ Yoast SEO plugin. -->","yoast_head_json":{"title":"KYliste 4\/15 on ilmestynyt! - Turun KY","robots":{"index":"index","follow":"follow","max-snippet":"max-snippet:-1","max-image-preview":"max-image-preview:large","max-video-preview":"max-video-preview:-1"},"canonical":"https:\/\/www.tuky.fi\/etusivu\/news\/kyliste-415-on-ilmestynyt\/","og_locale":"fi_FI","og_type":"article","og_title":"KYliste 4\/15 on ilmestynyt! - Turun KY","og_description":"KYlisteen numero 4\/15 on ilmestynyt juuri sopivasti Turun KY:n 65-vuotisjuhlien kunniaksi! Uudessa KYlisteess\u00e4 teemana t\u00e4ll\u00e4 kertaa l\u00e4hestyvien edustajistovaalien hengess\u00e4 edunvalvonta. Lis\u00e4ksi mukana muun muassa Suomen pankin p\u00e4\u00e4johtaja Erkki Liikasen haastattelu [&hellip;]","og_url":"https:\/\/www.tuky.fi\/etusivu\/news\/kyliste-415-on-ilmestynyt\/","og_site_name":"Turun KY","article_published_time":"2015-10-23T09:27:12+00:00","author":"P\u00e4\u00e4toimittaja","twitter_card":"summary_large_image","twitter_misc":{"Kirjoittanut":"P\u00e4\u00e4toimittaja"},"schema":{"@context":"https:\/\/schema.org","@graph":[{"@type":"Article","@id":"https:\/\/www.tuky.fi\/etusivu\/news\/kyliste-415-on-ilmestynyt\/#article","isPartOf":{"@id":"https:\/\/www.tuky.fi\/etusivu\/news\/kyliste-415-on-ilmestynyt\/"},"author":{"name":"P\u00e4\u00e4toimittaja","@id":"https:\/\/www.tuky.fi\/etusivu\/#\/schema\/person\/3fcda271c5147481d609471abf62cb87"},"headline":"KYliste 4\/15 on ilmestynyt!","datePublished":"2015-10-23T09:27:12+00:00","mainEntityOfPage":{"@id":"https:\/\/www.tuky.fi\/etusivu\/news\/kyliste-415-on-ilmestynyt\/"},"wordCount":59,"commentCount":0,"publisher":{"@id":"https:\/\/www.tuky.fi\/etusivu\/#organization"},"keywords":["kyliste","Rajala","Tiainen"],"articleSection":["news"],"inLanguage":"fi","potentialAction":[{"@type":"CommentAction","name":"Comment","target":["https:\/\/www.tuky.fi\/etusivu\/news\/kyliste-415-on-ilmestynyt\/#respond"]}]},{"@type":"WebPage","@id":"https:\/\/www.tuky.fi\/etusivu\/news\/kyliste-415-on-ilmestynyt\/","url":"https:\/\/www.tuky.fi\/etusivu\/news\/kyliste-415-on-ilmestynyt\/","name":"KYliste 4\/15 on ilmestynyt! - Turun KY","isPartOf":{"@id":"https:\/\/www.tuky.fi\/etusivu\/#website"},"datePublished":"2015-10-23T09:27:12+00:00","breadcrumb":{"@id":"https:\/\/www.tuky.fi\/etusivu\/news\/kyliste-415-on-ilmestynyt\/#breadcrumb"},"inLanguage":"fi","potentialAction":[{"@type":"ReadAction","target":["https:\/\/www.tuky.fi\/etusivu\/news\/kyliste-415-on-ilmestynyt\/"]}]},{"@type":"BreadcrumbList","@id":"https:\/\/www.tuky.fi\/etusivu\/news\/kyliste-415-on-ilmestynyt\/#breadcrumb","itemListElement":[{"@type":"ListItem","position":1,"name":"Etusivu","item":"https:\/\/www.tuky.fi\/etusivu\/"},{"@type":"ListItem","position":2,"name":"KYliste 4\/15 on ilmestynyt!"}]},{"@type":"WebSite","@id":"https:\/\/www.tuky.fi\/etusivu\/#website","url":"https:\/\/www.tuky.fi\/etusivu\/","name":"Turun KY","description":"TuKY","publisher":{"@id":"https:\/\/www.tuky.fi\/etusivu\/#organization"},"alternateName":"TuKY","potentialAction":[{"@type":"SearchAction","target":{"@type":"EntryPoint","urlTemplate":"https:\/\/www.tuky.fi\/etusivu\/?s={search_term_string}"},"query-input":{"@type":"PropertyValueSpecification","valueRequired":true,"valueName":"search_term_string"}}],"inLanguage":"fi"},{"@type":"Organization","@id":"https:\/\/www.tuky.fi\/etusivu\/#organization","name":"Turun KY","alternateName":"TuKY","url":"https:\/\/www.tuky.fi\/etusivu\/","logo":{"@type":"ImageObject","inLanguage":"fi","@id":"https:\/\/www.tuky.fi\/etusivu\/#\/schema\/logo\/image\/","url":"https:\/\/www.tuky.fi\/wp-content\/uploads\/2024\/09\/TuKY-logo-kulta-1.png","contentUrl":"https:\/\/www.tuky.fi\/wp-content\/uploads\/2024\/09\/TuKY-logo-kulta-1.png","width":1080,"height":1080,"caption":"Turun KY"},"image":{"@id":"https:\/\/www.tuky.fi\/etusivu\/#\/schema\/logo\/image\/"},"sameAs":["https:\/\/instagram.com\/turunky","https:\/\/linkedin.com\/turunky"]},{"@type":"Person","@id":"https:\/\/www.tuky.fi\/etusivu\/#\/schema\/person\/3fcda271c5147481d609471abf62cb87","name":"P\u00e4\u00e4toimittaja","image":{"@type":"ImageObject","inLanguage":"fi","@id":"https:\/\/secure.gravatar.com\/avatar\/d99ff12854f40f6f52bc66ae64f2f1fad341e843292c3ecf6d0f6fd1feb106e9?s=96&d=mm&r=g","url":"https:\/\/secure.gravatar.com\/avatar\/d99ff12854f40f6f52bc66ae64f2f1fad341e843292c3ecf6d0f6fd1feb106e9?s=96&d=mm&r=g","contentUrl":"https:\/\/secure.gravatar.com\/avatar\/d99ff12854f40f6f52bc66ae64f2f1fad341e843292c3ecf6d0f6fd1feb106e9?s=96&d=mm&r=g","caption":"P\u00e4\u00e4toimittaja"},"url":"https:\/\/www.tuky.fi\/etusivu\/author\/tr-kyliste\/"}]}},"lang":"fi","translations":{"fi":16145},"pll_sync_post":[],"_links":{"self":[{"href":"https:\/\/www.tuky.fi\/etusivu\/wp-json\/wp\/v2\/posts\/16145","targetHints":{"allow":["GET"]}}],"collection":[{"href":"https:\/\/www.tuky.fi\/etusivu\/wp-json\/wp\/v2\/posts"}],"about":[{"href":"https:\/\/www.tuky.fi\/etusivu\/wp-json\/wp\/v2\/types\/post"}],"author":[{"embeddable":true,"href":"https:\/\/www.tuky.fi\/etusivu\/wp-json\/wp\/v2\/users\/43"}],"replies":[{"embeddable":true,"href":"https:\/\/www.tuky.fi\/etusivu\/wp-json\/wp\/v2\/comments?post=16145"}],"version-history":[{"count":0,"href":"https:\/\/www.tuky.fi\/etusivu\/wp-json\/wp\/v2\/posts\/16145\/revisions"}],"wp:attachment":[{"href":"https:\/\/www.tuky.fi\/etusivu\/wp-json\/wp\/v2\/media?parent=16145"}],"wp:term":[{"taxonomy":"category","embeddable":true,"href":"https:\/\/www.tuky.fi\/etusivu\/wp-json\/wp\/v2\/categories?post=16145"},{"taxonomy":"post_tag","embeddable":true,"href":"https:\/\/www.tuky.fi\/etusivu\/wp-json\/wp\/v2\/tags?post=16145"}],"curies":[{"name":"wp","href":"https:\/\/api.w.org\/{rel}","templated":true}]}}